{"id":108490,"date":"2022-01-21T11:42:05","date_gmt":"2022-01-21T10:42:05","guid":{"rendered":"https:\/\/radioljubuski.ba\/?p=108490"},"modified":"2022-01-21T11:42:06","modified_gmt":"2022-01-21T10:42:06","slug":"mektic-i-pavic-senzacionalno-ispali-s-australian-opena","status":"publish","type":"post","link":"https:\/\/radioljubuski.ba\/index.php\/2022\/01\/21\/mektic-i-pavic-senzacionalno-ispali-s-australian-opena\/","title":{"rendered":"Mekti\u0107 i Pavi\u0107 senzacionalno ispali s Australian Opena!"},"content":{"rendered":"\n<p>Najbolji svjetski par <strong>Nikola Mekti\u0107 <\/strong>i <strong>Mate Pavi\u0107 <\/strong>pora\u017een je u petak u drugom kolu igre parova Australian Opena od Australaca <strong>Thanasi Kokkinakisa <\/strong>i <strong>Nicka Kyrgiosa <\/strong>sa 6-7 (8), 3-6 u me\u010du koji je trajao sat i 36 minuta.<\/p>\n\n\n\n<p>Mekti\u0107 i Pavi\u0107 su na po\u010detku susreta izgubili servis, ali su ga ve\u0107 u sljede\u0107em gemu uspjeli vratiti, a potom su napravili jo\u0161 jedan break za vodstvo 4-2. No, Kokkinakis i Kyrgios odmah vra\u0107aju izgubljeni servis i nakon toga vi\u0161e nije bilo prilika za obrat, pa je prvi set oti\u0161ao u tie-break. U 13. igri hrvatski par je uspio spasiti tri set lopte, ali \u010detvrtu je australski dvojac uspio realizirati.<\/p>\n\n\n\n<p>\u00a0U drugom setu za Mekti\u0107a i Pavi\u0107a koban je bio \u0161esti gem u kojem su uspjeli spasiti dvije break lopte, ali ne i tre\u0107u, pa su Kokkinakis i Kyrgios poveli 4-2. Do kraja me\u010da hrvatski par vi\u0161e nije do\u0161ao u priliku da vrati izgubljeni servis i Australci su mogli proslaviti plasman u tre\u0107e kolo.\u00a0<\/p>\n\n\n\n<blockquote class=\"twitter-tweet\"><p lang=\"en\" dir=\"ltr\">ASTONISHING! \ud83e\udd2f\ud83d\udd25\ud83d\udca5<br><br>In front of an ELECTRIC crowd on Kia Arena, Nick Kyrgios &amp; Thanasi Kokkinakis have moved into the third round of the <a href=\"https:\/\/twitter.com\/hashtag\/AusOpen?src=hash&amp;ref_src=twsrc%5Etfw\">#AusOpen<\/a>, taking down 3x major winners &amp; No. 1 seeds Mate Pavic &amp; Nikola Mektic 7-6(8), 6-3!<a href=\"https:\/\/twitter.com\/hashtag\/TheFirstServe?src=hash&amp;ref_src=twsrc%5Etfw\">#TheFirstServe<\/a> <a href=\"https:\/\/t.co\/LyIyPAzaNR\">pic.twitter.com\/LyIyPAzaNR<\/a><\/p>&mdash; The First Serve (@TheFirstServeAU) <a href=\"https:\/\/twitter.com\/TheFirstServeAU\/status\/1484454533480652805?ref_src=twsrc%5Etfw\">January 21, 2022<\/a><\/blockquote> <script async src=\"https:\/\/platform.twitter.com\/widgets.js\" charset=\"utf-8\"><\/script> \n\n\n\n<p>Izvor:hrt.hr<\/p>\n","protected":false},"excerpt":{"rendered":"<p>Najbolji svjetski par Nikola Mekti\u0107 i Mate Pavi\u0107 pora\u017een je u petak u drugom kolu igre parova Australian Opena od Australaca Thanasi Kokkinakisa i Nicka Kyrgiosa sa 6-7 (8), 3-6 u me\u010du koji je trajao sat i 36 minuta. Mekti\u0107 i Pavi\u0107 su na po\u010detku susreta izgubili servis, ali su ga ve\u0107 u sljede\u0107em gemu [&hellip;]<\/p>\n","protected":false},"author":2,"featured_media":108491,"comment_status":"closed","ping_status":"closed","sticky":false,"template":"","format":"standard","meta":{"h5ap_radio_sources":[],"footnotes":""},"categories":[7],"tags":[],"class_list":["post-108490","post","type-post","status-publish","format-standard","has-post-thumbnail","hentry","category-sport"],"yoast_head":"<!-- This site is optimized with the Yoast SEO plugin v27.5 - https:\/\/yoast.com\/product\/yoast-seo-wordpress\/ -->\n<title>Mekti\u0107 i Pavi\u0107 senzacionalno ispali s Australian Opena! - RADIO LJUBU\u0160KI<\/title>\n<meta name=\"robots\" content=\"index, follow, max-snippet:-1, max-image-preview:large, max-video-preview:-1\" \/>\n<link rel=\"canonical\" href=\"https:\/\/radioljubuski.ba\/index.php\/2022\/01\/21\/mektic-i-pavic-senzacionalno-ispali-s-australian-opena\/\" \/>\n<meta property=\"og:locale\" content=\"hr_HR\" \/>\n<meta property=\"og:type\" content=\"article\" \/>\n<meta property=\"og:title\" content=\"Mekti\u0107 i Pavi\u0107 senzacionalno ispali s Australian Opena! - RADIO LJUBU\u0160KI\" \/>\n<meta property=\"og:description\" content=\"Najbolji svjetski par Nikola Mekti\u0107 i Mate Pavi\u0107 pora\u017een je u petak u drugom kolu igre parova Australian Opena od Australaca Thanasi Kokkinakisa i Nicka Kyrgiosa sa 6-7 (8), 3-6 u me\u010du koji je trajao sat i 36 minuta. Mekti\u0107 i Pavi\u0107 su na po\u010detku susreta izgubili servis, ali su ga ve\u0107 u sljede\u0107em gemu [&hellip;]\" \/>\n<meta property=\"og:url\" content=\"https:\/\/radioljubuski.ba\/index.php\/2022\/01\/21\/mektic-i-pavic-senzacionalno-ispali-s-australian-opena\/\" \/>\n<meta property=\"og:site_name\" content=\"RADIO LJUBU\u0160KI\" \/>\n<meta property=\"article:publisher\" content=\"https:\/\/www.facebook.com\/Radiio-Ljubuski-1490835324566332\" \/>\n<meta property=\"article:published_time\" content=\"2022-01-21T10:42:05+00:00\" \/>\n<meta property=\"article:modified_time\" content=\"2022-01-21T10:42:06+00:00\" \/>\n<meta property=\"og:image\" content=\"https:\/\/radioljubuski.ba\/wp-content\/uploads\/2022\/01\/mektic-pavic1508-20210815193239-1024x576.jpg\" \/>\n\t<meta property=\"og:image:width\" content=\"1024\" \/>\n\t<meta property=\"og:image:height\" content=\"576\" \/>\n\t<meta property=\"og:image:type\" content=\"image\/jpeg\" \/>\n<meta name=\"author\" content=\"Radio Ljubu\u0161ki\" \/>\n<meta name=\"twitter:card\" content=\"summary_large_image\" \/>\n<meta name=\"twitter:creator\" content=\"@radioljubuski\" \/>\n<meta name=\"twitter:site\" content=\"@radioljubuski\" \/>\n<meta name=\"twitter:label1\" content=\"Napisao\/la\" \/>\n\t<meta name=\"twitter:data1\" content=\"Radio Ljubu\u0161ki\" \/>\n\t<meta name=\"twitter:label2\" content=\"Procijenjeno vrijeme \u010ditanja\" \/>\n\t<meta name=\"twitter:data2\" content=\"1 minuta\" \/>\n<script type=\"application\/ld+json\" class=\"yoast-schema-graph\">{\"@context\":\"https:\\\/\\\/schema.org\",\"@graph\":[{\"@type\":\"Article\",\"@id\":\"https:\\\/\\\/radioljubuski.ba\\\/index.php\\\/2022\\\/01\\\/21\\\/mektic-i-pavic-senzacionalno-ispali-s-australian-opena\\\/#article\",\"isPartOf\":{\"@id\":\"https:\\\/\\\/radioljubuski.ba\\\/index.php\\\/2022\\\/01\\\/21\\\/mektic-i-pavic-senzacionalno-ispali-s-australian-opena\\\/\"},\"author\":{\"name\":\"Radio Ljubu\u0161ki\",\"@id\":\"https:\\\/\\\/radioljubuski.ba\\\/#\\\/schema\\\/person\\\/19fc700381a780f69665d7956c469e3b\"},\"headline\":\"Mekti\u0107 i Pavi\u0107 senzacionalno ispali s Australian Opena!\",\"datePublished\":\"2022-01-21T10:42:05+00:00\",\"dateModified\":\"2022-01-21T10:42:06+00:00\",\"mainEntityOfPage\":{\"@id\":\"https:\\\/\\\/radioljubuski.ba\\\/index.php\\\/2022\\\/01\\\/21\\\/mektic-i-pavic-senzacionalno-ispali-s-australian-opena\\\/\"},\"wordCount\":235,\"publisher\":{\"@id\":\"https:\\\/\\\/radioljubuski.ba\\\/#organization\"},\"image\":{\"@id\":\"https:\\\/\\\/radioljubuski.ba\\\/index.php\\\/2022\\\/01\\\/21\\\/mektic-i-pavic-senzacionalno-ispali-s-australian-opena\\\/#primaryimage\"},\"thumbnailUrl\":\"https:\\\/\\\/radioljubuski.ba\\\/wp-content\\\/uploads\\\/2022\\\/01\\\/mektic-pavic1508-20210815193239.jpg\",\"articleSection\":[\"\u0160port\"],\"inLanguage\":\"hr\"},{\"@type\":\"WebPage\",\"@id\":\"https:\\\/\\\/radioljubuski.ba\\\/index.php\\\/2022\\\/01\\\/21\\\/mektic-i-pavic-senzacionalno-ispali-s-australian-opena\\\/\",\"url\":\"https:\\\/\\\/radioljubuski.ba\\\/index.php\\\/2022\\\/01\\\/21\\\/mektic-i-pavic-senzacionalno-ispali-s-australian-opena\\\/\",\"name\":\"Mekti\u0107 i Pavi\u0107 senzacionalno ispali s Australian Opena! - RADIO LJUBU\u0160KI\",\"isPartOf\":{\"@id\":\"https:\\\/\\\/radioljubuski.ba\\\/#website\"},\"primaryImageOfPage\":{\"@id\":\"https:\\\/\\\/radioljubuski.ba\\\/index.php\\\/2022\\\/01\\\/21\\\/mektic-i-pavic-senzacionalno-ispali-s-australian-opena\\\/#primaryimage\"},\"image\":{\"@id\":\"https:\\\/\\\/radioljubuski.ba\\\/index.php\\\/2022\\\/01\\\/21\\\/mektic-i-pavic-senzacionalno-ispali-s-australian-opena\\\/#primaryimage\"},\"thumbnailUrl\":\"https:\\\/\\\/radioljubuski.ba\\\/wp-content\\\/uploads\\\/2022\\\/01\\\/mektic-pavic1508-20210815193239.jpg\",\"datePublished\":\"2022-01-21T10:42:05+00:00\",\"dateModified\":\"2022-01-21T10:42:06+00:00\",\"breadcrumb\":{\"@id\":\"https:\\\/\\\/radioljubuski.ba\\\/index.php\\\/2022\\\/01\\\/21\\\/mektic-i-pavic-senzacionalno-ispali-s-australian-opena\\\/#breadcrumb\"},\"inLanguage\":\"hr\",\"potentialAction\":[{\"@type\":\"ReadAction\",\"target\":[\"https:\\\/\\\/radioljubuski.ba\\\/index.php\\\/2022\\\/01\\\/21\\\/mektic-i-pavic-senzacionalno-ispali-s-australian-opena\\\/\"]}]},{\"@type\":\"ImageObject\",\"inLanguage\":\"hr\",\"@id\":\"https:\\\/\\\/radioljubuski.ba\\\/index.php\\\/2022\\\/01\\\/21\\\/mektic-i-pavic-senzacionalno-ispali-s-australian-opena\\\/#primaryimage\",\"url\":\"https:\\\/\\\/radioljubuski.ba\\\/wp-content\\\/uploads\\\/2022\\\/01\\\/mektic-pavic1508-20210815193239.jpg\",\"contentUrl\":\"https:\\\/\\\/radioljubuski.ba\\\/wp-content\\\/uploads\\\/2022\\\/01\\\/mektic-pavic1508-20210815193239.jpg\",\"width\":2500,\"height\":1406},{\"@type\":\"BreadcrumbList\",\"@id\":\"https:\\\/\\\/radioljubuski.ba\\\/index.php\\\/2022\\\/01\\\/21\\\/mektic-i-pavic-senzacionalno-ispali-s-australian-opena\\\/#breadcrumb\",\"itemListElement\":[{\"@type\":\"ListItem\",\"position\":1,\"name\":\"Po\u010detna stranica\",\"item\":\"https:\\\/\\\/radioljubuski.ba\\\/\"},{\"@type\":\"ListItem\",\"position\":2,\"name\":\"Mekti\u0107 i Pavi\u0107 senzacionalno ispali s Australian Opena!\"}]},{\"@type\":\"WebSite\",\"@id\":\"https:\\\/\\\/radioljubuski.ba\\\/#website\",\"url\":\"https:\\\/\\\/radioljubuski.ba\\\/\",\"name\":\"Radio Ljubu\u0161ki\",\"description\":\"Sun\u010dana frekvencija Hercegovine\",\"publisher\":{\"@id\":\"https:\\\/\\\/radioljubuski.ba\\\/#organization\"},\"potentialAction\":[{\"@type\":\"SearchAction\",\"target\":{\"@type\":\"EntryPoint\",\"urlTemplate\":\"https:\\\/\\\/radioljubuski.ba\\\/?s={search_term_string}\"},\"query-input\":{\"@type\":\"PropertyValueSpecification\",\"valueRequired\":true,\"valueName\":\"search_term_string\"}}],\"inLanguage\":\"hr\"},{\"@type\":\"Organization\",\"@id\":\"https:\\\/\\\/radioljubuski.ba\\\/#organization\",\"name\":\"Radio Ljubu\u0161ki\",\"url\":\"https:\\\/\\\/radioljubuski.ba\\\/\",\"logo\":{\"@type\":\"ImageObject\",\"inLanguage\":\"hr\",\"@id\":\"https:\\\/\\\/radioljubuski.ba\\\/#\\\/schema\\\/logo\\\/image\\\/\",\"url\":\"https:\\\/\\\/radioljubuski.ba\\\/wp-content\\\/uploads\\\/2021\\\/02\\\/cropped-Radio_Ljubuski_logo1.jpg\",\"contentUrl\":\"https:\\\/\\\/radioljubuski.ba\\\/wp-content\\\/uploads\\\/2021\\\/02\\\/cropped-Radio_Ljubuski_logo1.jpg\",\"width\":512,\"height\":512,\"caption\":\"Radio Ljubu\u0161ki\"},\"image\":{\"@id\":\"https:\\\/\\\/radioljubuski.ba\\\/#\\\/schema\\\/logo\\\/image\\\/\"},\"sameAs\":[\"https:\\\/\\\/www.facebook.com\\\/Radiio-Ljubuski-1490835324566332\",\"https:\\\/\\\/x.com\\\/radioljubuski\",\"https:\\\/\\\/hr.linkedin.com\\\/company\\\/radio-ljubuski\",\"https:\\\/\\\/www.youtube.com\\\/channel\\\/UCHYaeO_n0Db3tjNGudGpXyw\"]},{\"@type\":\"Person\",\"@id\":\"https:\\\/\\\/radioljubuski.ba\\\/#\\\/schema\\\/person\\\/19fc700381a780f69665d7956c469e3b\",\"name\":\"Radio Ljubu\u0161ki\"}]}<\/script>\n<!-- \/ Yoast SEO plugin. -->","yoast_head_json":{"title":"Mekti\u0107 i Pavi\u0107 senzacionalno ispali s Australian Opena! - RADIO LJUBU\u0160KI","robots":{"index":"index","follow":"follow","max-snippet":"max-snippet:-1","max-image-preview":"max-image-preview:large","max-video-preview":"max-video-preview:-1"},"canonical":"https:\/\/radioljubuski.ba\/index.php\/2022\/01\/21\/mektic-i-pavic-senzacionalno-ispali-s-australian-opena\/","og_locale":"hr_HR","og_type":"article","og_title":"Mekti\u0107 i Pavi\u0107 senzacionalno ispali s Australian Opena! - RADIO LJUBU\u0160KI","og_description":"Najbolji svjetski par Nikola Mekti\u0107 i Mate Pavi\u0107 pora\u017een je u petak u drugom kolu igre parova Australian Opena od Australaca Thanasi Kokkinakisa i Nicka Kyrgiosa sa 6-7 (8), 3-6 u me\u010du koji je trajao sat i 36 minuta. Mekti\u0107 i Pavi\u0107 su na po\u010detku susreta izgubili servis, ali su ga ve\u0107 u sljede\u0107em gemu [&hellip;]","og_url":"https:\/\/radioljubuski.ba\/index.php\/2022\/01\/21\/mektic-i-pavic-senzacionalno-ispali-s-australian-opena\/","og_site_name":"RADIO LJUBU\u0160KI","article_publisher":"https:\/\/www.facebook.com\/Radiio-Ljubuski-1490835324566332","article_published_time":"2022-01-21T10:42:05+00:00","article_modified_time":"2022-01-21T10:42:06+00:00","og_image":[{"width":1024,"height":576,"url":"https:\/\/radioljubuski.ba\/wp-content\/uploads\/2022\/01\/mektic-pavic1508-20210815193239-1024x576.jpg","type":"image\/jpeg"}],"author":"Radio Ljubu\u0161ki","twitter_card":"summary_large_image","twitter_creator":"@radioljubuski","twitter_site":"@radioljubuski","twitter_misc":{"Napisao\/la":"Radio Ljubu\u0161ki","Procijenjeno vrijeme \u010ditanja":"1 minuta"},"schema":{"@context":"https:\/\/schema.org","@graph":[{"@type":"Article","@id":"https:\/\/radioljubuski.ba\/index.php\/2022\/01\/21\/mektic-i-pavic-senzacionalno-ispali-s-australian-opena\/#article","isPartOf":{"@id":"https:\/\/radioljubuski.ba\/index.php\/2022\/01\/21\/mektic-i-pavic-senzacionalno-ispali-s-australian-opena\/"},"author":{"name":"Radio Ljubu\u0161ki","@id":"https:\/\/radioljubuski.ba\/#\/schema\/person\/19fc700381a780f69665d7956c469e3b"},"headline":"Mekti\u0107 i Pavi\u0107 senzacionalno ispali s Australian Opena!","datePublished":"2022-01-21T10:42:05+00:00","dateModified":"2022-01-21T10:42:06+00:00","mainEntityOfPage":{"@id":"https:\/\/radioljubuski.ba\/index.php\/2022\/01\/21\/mektic-i-pavic-senzacionalno-ispali-s-australian-opena\/"},"wordCount":235,"publisher":{"@id":"https:\/\/radioljubuski.ba\/#organization"},"image":{"@id":"https:\/\/radioljubuski.ba\/index.php\/2022\/01\/21\/mektic-i-pavic-senzacionalno-ispali-s-australian-opena\/#primaryimage"},"thumbnailUrl":"https:\/\/radioljubuski.ba\/wp-content\/uploads\/2022\/01\/mektic-pavic1508-20210815193239.jpg","articleSection":["\u0160port"],"inLanguage":"hr"},{"@type":"WebPage","@id":"https:\/\/radioljubuski.ba\/index.php\/2022\/01\/21\/mektic-i-pavic-senzacionalno-ispali-s-australian-opena\/","url":"https:\/\/radioljubuski.ba\/index.php\/2022\/01\/21\/mektic-i-pavic-senzacionalno-ispali-s-australian-opena\/","name":"Mekti\u0107 i Pavi\u0107 senzacionalno ispali s Australian Opena! - RADIO LJUBU\u0160KI","isPartOf":{"@id":"https:\/\/radioljubuski.ba\/#website"},"primaryImageOfPage":{"@id":"https:\/\/radioljubuski.ba\/index.php\/2022\/01\/21\/mektic-i-pavic-senzacionalno-ispali-s-australian-opena\/#primaryimage"},"image":{"@id":"https:\/\/radioljubuski.ba\/index.php\/2022\/01\/21\/mektic-i-pavic-senzacionalno-ispali-s-australian-opena\/#primaryimage"},"thumbnailUrl":"https:\/\/radioljubuski.ba\/wp-content\/uploads\/2022\/01\/mektic-pavic1508-20210815193239.jpg","datePublished":"2022-01-21T10:42:05+00:00","dateModified":"2022-01-21T10:42:06+00:00","breadcrumb":{"@id":"https:\/\/radioljubuski.ba\/index.php\/2022\/01\/21\/mektic-i-pavic-senzacionalno-ispali-s-australian-opena\/#breadcrumb"},"inLanguage":"hr","potentialAction":[{"@type":"ReadAction","target":["https:\/\/radioljubuski.ba\/index.php\/2022\/01\/21\/mektic-i-pavic-senzacionalno-ispali-s-australian-opena\/"]}]},{"@type":"ImageObject","inLanguage":"hr","@id":"https:\/\/radioljubuski.ba\/index.php\/2022\/01\/21\/mektic-i-pavic-senzacionalno-ispali-s-australian-opena\/#primaryimage","url":"https:\/\/radioljubuski.ba\/wp-content\/uploads\/2022\/01\/mektic-pavic1508-20210815193239.jpg","contentUrl":"https:\/\/radioljubuski.ba\/wp-content\/uploads\/2022\/01\/mektic-pavic1508-20210815193239.jpg","width":2500,"height":1406},{"@type":"BreadcrumbList","@id":"https:\/\/radioljubuski.ba\/index.php\/2022\/01\/21\/mektic-i-pavic-senzacionalno-ispali-s-australian-opena\/#breadcrumb","itemListElement":[{"@type":"ListItem","position":1,"name":"Po\u010detna stranica","item":"https:\/\/radioljubuski.ba\/"},{"@type":"ListItem","position":2,"name":"Mekti\u0107 i Pavi\u0107 senzacionalno ispali s Australian Opena!"}]},{"@type":"WebSite","@id":"https:\/\/radioljubuski.ba\/#website","url":"https:\/\/radioljubuski.ba\/","name":"Radio Ljubu\u0161ki","description":"Sun\u010dana frekvencija Hercegovine","publisher":{"@id":"https:\/\/radioljubuski.ba\/#organization"},"potentialAction":[{"@type":"SearchAction","target":{"@type":"EntryPoint","urlTemplate":"https:\/\/radioljubuski.ba\/?s={search_term_string}"},"query-input":{"@type":"PropertyValueSpecification","valueRequired":true,"valueName":"search_term_string"}}],"inLanguage":"hr"},{"@type":"Organization","@id":"https:\/\/radioljubuski.ba\/#organization","name":"Radio Ljubu\u0161ki","url":"https:\/\/radioljubuski.ba\/","logo":{"@type":"ImageObject","inLanguage":"hr","@id":"https:\/\/radioljubuski.ba\/#\/schema\/logo\/image\/","url":"https:\/\/radioljubuski.ba\/wp-content\/uploads\/2021\/02\/cropped-Radio_Ljubuski_logo1.jpg","contentUrl":"https:\/\/radioljubuski.ba\/wp-content\/uploads\/2021\/02\/cropped-Radio_Ljubuski_logo1.jpg","width":512,"height":512,"caption":"Radio Ljubu\u0161ki"},"image":{"@id":"https:\/\/radioljubuski.ba\/#\/schema\/logo\/image\/"},"sameAs":["https:\/\/www.facebook.com\/Radiio-Ljubuski-1490835324566332","https:\/\/x.com\/radioljubuski","https:\/\/hr.linkedin.com\/company\/radio-ljubuski","https:\/\/www.youtube.com\/channel\/UCHYaeO_n0Db3tjNGudGpXyw"]},{"@type":"Person","@id":"https:\/\/radioljubuski.ba\/#\/schema\/person\/19fc700381a780f69665d7956c469e3b","name":"Radio Ljubu\u0161ki"}]}},"_links":{"self":[{"href":"https:\/\/radioljubuski.ba\/index.php\/wp-json\/wp\/v2\/posts\/108490","targetHints":{"allow":["GET"]}}],"collection":[{"href":"https:\/\/radioljubuski.ba\/index.php\/wp-json\/wp\/v2\/posts"}],"about":[{"href":"https:\/\/radioljubuski.ba\/index.php\/wp-json\/wp\/v2\/types\/post"}],"author":[{"embeddable":true,"href":"https:\/\/radioljubuski.ba\/index.php\/wp-json\/wp\/v2\/users\/2"}],"replies":[{"embeddable":true,"href":"https:\/\/radioljubuski.ba\/index.php\/wp-json\/wp\/v2\/comments?post=108490"}],"version-history":[{"count":1,"href":"https:\/\/radioljubuski.ba\/index.php\/wp-json\/wp\/v2\/posts\/108490\/revisions"}],"predecessor-version":[{"id":108492,"href":"https:\/\/radioljubuski.ba\/index.php\/wp-json\/wp\/v2\/posts\/108490\/revisions\/108492"}],"wp:featuredmedia":[{"embeddable":true,"href":"https:\/\/radioljubuski.ba\/index.php\/wp-json\/wp\/v2\/media\/108491"}],"wp:attachment":[{"href":"https:\/\/radioljubuski.ba\/index.php\/wp-json\/wp\/v2\/media?parent=108490"}],"wp:term":[{"taxonomy":"category","embeddable":true,"href":"https:\/\/radioljubuski.ba\/index.php\/wp-json\/wp\/v2\/categories?post=108490"},{"taxonomy":"post_tag","embeddable":true,"href":"https:\/\/radioljubuski.ba\/index.php\/wp-json\/wp\/v2\/tags?post=108490"}],"curies":[{"name":"wp","href":"https:\/\/api.w.org\/{rel}","templated":true}]}}