{"id":108526,"date":"2022-01-21T12:01:48","date_gmt":"2022-01-21T11:01:48","guid":{"rendered":"https:\/\/radioljubuski.ba\/?p=108526"},"modified":"2022-01-21T12:01:49","modified_gmt":"2022-01-21T11:01:49","slug":"orsic-odlazi-u-premier-ligu-zeli-ga-burnley","status":"publish","type":"post","link":"https:\/\/radioljubuski.ba\/index.php\/2022\/01\/21\/orsic-odlazi-u-premier-ligu-zeli-ga-burnley\/","title":{"rendered":"Or\u0161i\u0107 odlazi u Premier ligu, \u017eeli ga Burnley?"},"content":{"rendered":"\n<p>Jednog od najboljih igra\u010da Dinama, <strong>Mislava Or\u0161i\u0107a <\/strong>\u017eeli posljednja mom\u010dad Premier lige Burnley. Ovu vijest prenose brojni engleski mediji koji tvrde kako su Englezi ve\u0107 zapo\u010deli pregovore s Dinamom.<\/p>\n\n\n\n<p>Or\u0161i\u0107 ve\u0107 je ranije bio povezivan s engleskim klubovima, posebno nakon odli\u010dnih nastupa protiv Tottenhama pro\u0161le sezone, te West Hama u ovogodi\u0161njem izdanju Europske lige. Oba put je na\u0161 krilni napada\u010d donio velike pobjede Modrima.&nbsp;<\/p>\n\n\n\n<p>Mediji su tada prenosili kako je Arsenal zainteresiran za Vatrenog, ali konkretne ponude nije bilo. Sada je situacija druga\u010dija. Posljednja mom\u010dad Premier lige treba poja\u010danja za nastavak sezone u napada\u010dkom dijelu, imaju velikih problema s efikasno\u0161\u0107u, a trener <strong>Sean Dyche <\/strong>vidi Or\u0161i\u0107a kao savr\u0161eno rje\u0161enje.<\/p>\n\n\n\n<blockquote class=\"twitter-tweet\"><p lang=\"en\" dir=\"ltr\">Burnley are interested in Dinamo Zagreb midfielder Mislav Orsic. <br><br>(Source: Sky Sports) <a href=\"https:\/\/t.co\/cVIlf9pAjN\">pic.twitter.com\/cVIlf9pAjN<\/a><\/p>&mdash; Transfer news\/gossip (@Transfernewsgo1) <a href=\"https:\/\/twitter.com\/Transfernewsgo1\/status\/1484299696575336449?ref_src=twsrc%5Etfw\">January 20, 2022<\/a><\/blockquote> <script async src=\"https:\/\/platform.twitter.com\/widgets.js\" charset=\"utf-8\"><\/script> \n\n\n\n<p>Englezi navodno nude 10 milijuna funti, pa preostaje vidjeti u narednim danima kakav \u0107e odgovor dobiti s Maksimira.<\/p>\n\n\n\n<p>Dinamo ne \u017euri s prodajom 29-godi\u0161njeg Or\u0161i\u0107a, ugovor ga ve\u017ee do 2025. godine, a nastavak doma\u0107e sezone te utakmica sa Sevillom u Europa ligi trenutno je prioritet.&nbsp;<\/p>\n\n\n\n<p>Izvor:hrt.hr<\/p>\n","protected":false},"excerpt":{"rendered":"<p>Jednog od najboljih igra\u010da Dinama, Mislava Or\u0161i\u0107a \u017eeli posljednja mom\u010dad Premier lige Burnley. Ovu vijest prenose brojni engleski mediji koji tvrde kako su Englezi ve\u0107 zapo\u010deli pregovore s Dinamom. Or\u0161i\u0107 ve\u0107 je ranije bio povezivan s engleskim klubovima, posebno nakon odli\u010dnih nastupa protiv Tottenhama pro\u0161le sezone, te West Hama u ovogodi\u0161njem izdanju Europske lige. Oba [&hellip;]<\/p>\n","protected":false},"author":2,"featured_media":0,"comment_status":"closed","ping_status":"closed","sticky":false,"template":"","format":"standard","meta":{"h5ap_radio_sources":[],"footnotes":""},"categories":[7],"tags":[],"class_list":["post-108526","post","type-post","status-publish","format-standard","hentry","category-sport"],"yoast_head":"<!-- This site is optimized with the Yoast SEO plugin v27.5 - https:\/\/yoast.com\/product\/yoast-seo-wordpress\/ -->\n<title>Or\u0161i\u0107 odlazi u Premier ligu, \u017eeli ga Burnley? - RADIO LJUBU\u0160KI<\/title>\n<meta name=\"robots\" content=\"index, follow, max-snippet:-1, max-image-preview:large, max-video-preview:-1\" \/>\n<link rel=\"canonical\" href=\"https:\/\/radioljubuski.ba\/index.php\/2022\/01\/21\/orsic-odlazi-u-premier-ligu-zeli-ga-burnley\/\" \/>\n<meta property=\"og:locale\" content=\"hr_HR\" \/>\n<meta property=\"og:type\" content=\"article\" \/>\n<meta property=\"og:title\" content=\"Or\u0161i\u0107 odlazi u Premier ligu, \u017eeli ga Burnley? - RADIO LJUBU\u0160KI\" \/>\n<meta property=\"og:description\" content=\"Jednog od najboljih igra\u010da Dinama, Mislava Or\u0161i\u0107a \u017eeli posljednja mom\u010dad Premier lige Burnley. Ovu vijest prenose brojni engleski mediji koji tvrde kako su Englezi ve\u0107 zapo\u010deli pregovore s Dinamom. Or\u0161i\u0107 ve\u0107 je ranije bio povezivan s engleskim klubovima, posebno nakon odli\u010dnih nastupa protiv Tottenhama pro\u0161le sezone, te West Hama u ovogodi\u0161njem izdanju Europske lige. Oba [&hellip;]\" \/>\n<meta property=\"og:url\" content=\"https:\/\/radioljubuski.ba\/index.php\/2022\/01\/21\/orsic-odlazi-u-premier-ligu-zeli-ga-burnley\/\" \/>\n<meta property=\"og:site_name\" content=\"RADIO LJUBU\u0160KI\" \/>\n<meta property=\"article:publisher\" content=\"https:\/\/www.facebook.com\/Radiio-Ljubuski-1490835324566332\" \/>\n<meta property=\"article:published_time\" content=\"2022-01-21T11:01:48+00:00\" \/>\n<meta property=\"article:modified_time\" content=\"2022-01-21T11:01:49+00:00\" \/>\n<meta property=\"og:image\" content=\"https:\/\/radioljubuski.ba\/wp-content\/uploads\/2022\/01\/2021-03-18t191631z-1685882900-up1eh3i1hjjsc-rtrmadp-3-soccer-europa-dza-tot-report-20210318191910.jpg\" \/>\n\t<meta property=\"og:image:width\" content=\"1974\" \/>\n\t<meta property=\"og:image:height\" content=\"1297\" \/>\n\t<meta property=\"og:image:type\" content=\"image\/jpeg\" \/>\n<meta name=\"author\" content=\"Radio Ljubu\u0161ki\" \/>\n<meta name=\"twitter:card\" content=\"summary_large_image\" \/>\n<meta name=\"twitter:creator\" content=\"@radioljubuski\" \/>\n<meta name=\"twitter:site\" content=\"@radioljubuski\" \/>\n<meta name=\"twitter:label1\" content=\"Napisao\/la\" \/>\n\t<meta name=\"twitter:data1\" content=\"Radio Ljubu\u0161ki\" \/>\n\t<meta name=\"twitter:label2\" content=\"Procijenjeno vrijeme \u010ditanja\" \/>\n\t<meta name=\"twitter:data2\" content=\"1 minuta\" \/>\n<script type=\"application\/ld+json\" class=\"yoast-schema-graph\">{\"@context\":\"https:\\\/\\\/schema.org\",\"@graph\":[{\"@type\":\"Article\",\"@id\":\"https:\\\/\\\/radioljubuski.ba\\\/index.php\\\/2022\\\/01\\\/21\\\/orsic-odlazi-u-premier-ligu-zeli-ga-burnley\\\/#article\",\"isPartOf\":{\"@id\":\"https:\\\/\\\/radioljubuski.ba\\\/index.php\\\/2022\\\/01\\\/21\\\/orsic-odlazi-u-premier-ligu-zeli-ga-burnley\\\/\"},\"author\":{\"name\":\"Radio Ljubu\u0161ki\",\"@id\":\"https:\\\/\\\/radioljubuski.ba\\\/#\\\/schema\\\/person\\\/19fc700381a780f69665d7956c469e3b\"},\"headline\":\"Or\u0161i\u0107 odlazi u Premier ligu, \u017eeli ga Burnley?\",\"datePublished\":\"2022-01-21T11:01:48+00:00\",\"dateModified\":\"2022-01-21T11:01:49+00:00\",\"mainEntityOfPage\":{\"@id\":\"https:\\\/\\\/radioljubuski.ba\\\/index.php\\\/2022\\\/01\\\/21\\\/orsic-odlazi-u-premier-ligu-zeli-ga-burnley\\\/\"},\"wordCount\":212,\"publisher\":{\"@id\":\"https:\\\/\\\/radioljubuski.ba\\\/#organization\"},\"articleSection\":[\"\u0160port\"],\"inLanguage\":\"hr\"},{\"@type\":\"WebPage\",\"@id\":\"https:\\\/\\\/radioljubuski.ba\\\/index.php\\\/2022\\\/01\\\/21\\\/orsic-odlazi-u-premier-ligu-zeli-ga-burnley\\\/\",\"url\":\"https:\\\/\\\/radioljubuski.ba\\\/index.php\\\/2022\\\/01\\\/21\\\/orsic-odlazi-u-premier-ligu-zeli-ga-burnley\\\/\",\"name\":\"Or\u0161i\u0107 odlazi u Premier ligu, \u017eeli ga Burnley? - RADIO LJUBU\u0160KI\",\"isPartOf\":{\"@id\":\"https:\\\/\\\/radioljubuski.ba\\\/#website\"},\"datePublished\":\"2022-01-21T11:01:48+00:00\",\"dateModified\":\"2022-01-21T11:01:49+00:00\",\"breadcrumb\":{\"@id\":\"https:\\\/\\\/radioljubuski.ba\\\/index.php\\\/2022\\\/01\\\/21\\\/orsic-odlazi-u-premier-ligu-zeli-ga-burnley\\\/#breadcrumb\"},\"inLanguage\":\"hr\",\"potentialAction\":[{\"@type\":\"ReadAction\",\"target\":[\"https:\\\/\\\/radioljubuski.ba\\\/index.php\\\/2022\\\/01\\\/21\\\/orsic-odlazi-u-premier-ligu-zeli-ga-burnley\\\/\"]}]},{\"@type\":\"BreadcrumbList\",\"@id\":\"https:\\\/\\\/radioljubuski.ba\\\/index.php\\\/2022\\\/01\\\/21\\\/orsic-odlazi-u-premier-ligu-zeli-ga-burnley\\\/#breadcrumb\",\"itemListElement\":[{\"@type\":\"ListItem\",\"position\":1,\"name\":\"Po\u010detna stranica\",\"item\":\"https:\\\/\\\/radioljubuski.ba\\\/\"},{\"@type\":\"ListItem\",\"position\":2,\"name\":\"Or\u0161i\u0107 odlazi u Premier ligu, \u017eeli ga Burnley?\"}]},{\"@type\":\"WebSite\",\"@id\":\"https:\\\/\\\/radioljubuski.ba\\\/#website\",\"url\":\"https:\\\/\\\/radioljubuski.ba\\\/\",\"name\":\"Radio Ljubu\u0161ki\",\"description\":\"Sun\u010dana frekvencija Hercegovine\",\"publisher\":{\"@id\":\"https:\\\/\\\/radioljubuski.ba\\\/#organization\"},\"potentialAction\":[{\"@type\":\"SearchAction\",\"target\":{\"@type\":\"EntryPoint\",\"urlTemplate\":\"https:\\\/\\\/radioljubuski.ba\\\/?s={search_term_string}\"},\"query-input\":{\"@type\":\"PropertyValueSpecification\",\"valueRequired\":true,\"valueName\":\"search_term_string\"}}],\"inLanguage\":\"hr\"},{\"@type\":\"Organization\",\"@id\":\"https:\\\/\\\/radioljubuski.ba\\\/#organization\",\"name\":\"Radio Ljubu\u0161ki\",\"url\":\"https:\\\/\\\/radioljubuski.ba\\\/\",\"logo\":{\"@type\":\"ImageObject\",\"inLanguage\":\"hr\",\"@id\":\"https:\\\/\\\/radioljubuski.ba\\\/#\\\/schema\\\/logo\\\/image\\\/\",\"url\":\"https:\\\/\\\/radioljubuski.ba\\\/wp-content\\\/uploads\\\/2021\\\/02\\\/cropped-Radio_Ljubuski_logo1.jpg\",\"contentUrl\":\"https:\\\/\\\/radioljubuski.ba\\\/wp-content\\\/uploads\\\/2021\\\/02\\\/cropped-Radio_Ljubuski_logo1.jpg\",\"width\":512,\"height\":512,\"caption\":\"Radio Ljubu\u0161ki\"},\"image\":{\"@id\":\"https:\\\/\\\/radioljubuski.ba\\\/#\\\/schema\\\/logo\\\/image\\\/\"},\"sameAs\":[\"https:\\\/\\\/www.facebook.com\\\/Radiio-Ljubuski-1490835324566332\",\"https:\\\/\\\/x.com\\\/radioljubuski\",\"https:\\\/\\\/hr.linkedin.com\\\/company\\\/radio-ljubuski\",\"https:\\\/\\\/www.youtube.com\\\/channel\\\/UCHYaeO_n0Db3tjNGudGpXyw\"]},{\"@type\":\"Person\",\"@id\":\"https:\\\/\\\/radioljubuski.ba\\\/#\\\/schema\\\/person\\\/19fc700381a780f69665d7956c469e3b\",\"name\":\"Radio Ljubu\u0161ki\"}]}<\/script>\n<!-- \/ Yoast SEO plugin. -->","yoast_head_json":{"title":"Or\u0161i\u0107 odlazi u Premier ligu, \u017eeli ga Burnley? - RADIO LJUBU\u0160KI","robots":{"index":"index","follow":"follow","max-snippet":"max-snippet:-1","max-image-preview":"max-image-preview:large","max-video-preview":"max-video-preview:-1"},"canonical":"https:\/\/radioljubuski.ba\/index.php\/2022\/01\/21\/orsic-odlazi-u-premier-ligu-zeli-ga-burnley\/","og_locale":"hr_HR","og_type":"article","og_title":"Or\u0161i\u0107 odlazi u Premier ligu, \u017eeli ga Burnley? - RADIO LJUBU\u0160KI","og_description":"Jednog od najboljih igra\u010da Dinama, Mislava Or\u0161i\u0107a \u017eeli posljednja mom\u010dad Premier lige Burnley. Ovu vijest prenose brojni engleski mediji koji tvrde kako su Englezi ve\u0107 zapo\u010deli pregovore s Dinamom. Or\u0161i\u0107 ve\u0107 je ranije bio povezivan s engleskim klubovima, posebno nakon odli\u010dnih nastupa protiv Tottenhama pro\u0161le sezone, te West Hama u ovogodi\u0161njem izdanju Europske lige. Oba [&hellip;]","og_url":"https:\/\/radioljubuski.ba\/index.php\/2022\/01\/21\/orsic-odlazi-u-premier-ligu-zeli-ga-burnley\/","og_site_name":"RADIO LJUBU\u0160KI","article_publisher":"https:\/\/www.facebook.com\/Radiio-Ljubuski-1490835324566332","article_published_time":"2022-01-21T11:01:48+00:00","article_modified_time":"2022-01-21T11:01:49+00:00","og_image":[{"width":1974,"height":1297,"url":"https:\/\/radioljubuski.ba\/wp-content\/uploads\/2022\/01\/2021-03-18t191631z-1685882900-up1eh3i1hjjsc-rtrmadp-3-soccer-europa-dza-tot-report-20210318191910.jpg","type":"image\/jpeg"}],"author":"Radio Ljubu\u0161ki","twitter_card":"summary_large_image","twitter_creator":"@radioljubuski","twitter_site":"@radioljubuski","twitter_misc":{"Napisao\/la":"Radio Ljubu\u0161ki","Procijenjeno vrijeme \u010ditanja":"1 minuta"},"schema":{"@context":"https:\/\/schema.org","@graph":[{"@type":"Article","@id":"https:\/\/radioljubuski.ba\/index.php\/2022\/01\/21\/orsic-odlazi-u-premier-ligu-zeli-ga-burnley\/#article","isPartOf":{"@id":"https:\/\/radioljubuski.ba\/index.php\/2022\/01\/21\/orsic-odlazi-u-premier-ligu-zeli-ga-burnley\/"},"author":{"name":"Radio Ljubu\u0161ki","@id":"https:\/\/radioljubuski.ba\/#\/schema\/person\/19fc700381a780f69665d7956c469e3b"},"headline":"Or\u0161i\u0107 odlazi u Premier ligu, \u017eeli ga Burnley?","datePublished":"2022-01-21T11:01:48+00:00","dateModified":"2022-01-21T11:01:49+00:00","mainEntityOfPage":{"@id":"https:\/\/radioljubuski.ba\/index.php\/2022\/01\/21\/orsic-odlazi-u-premier-ligu-zeli-ga-burnley\/"},"wordCount":212,"publisher":{"@id":"https:\/\/radioljubuski.ba\/#organization"},"articleSection":["\u0160port"],"inLanguage":"hr"},{"@type":"WebPage","@id":"https:\/\/radioljubuski.ba\/index.php\/2022\/01\/21\/orsic-odlazi-u-premier-ligu-zeli-ga-burnley\/","url":"https:\/\/radioljubuski.ba\/index.php\/2022\/01\/21\/orsic-odlazi-u-premier-ligu-zeli-ga-burnley\/","name":"Or\u0161i\u0107 odlazi u Premier ligu, \u017eeli ga Burnley? - RADIO LJUBU\u0160KI","isPartOf":{"@id":"https:\/\/radioljubuski.ba\/#website"},"datePublished":"2022-01-21T11:01:48+00:00","dateModified":"2022-01-21T11:01:49+00:00","breadcrumb":{"@id":"https:\/\/radioljubuski.ba\/index.php\/2022\/01\/21\/orsic-odlazi-u-premier-ligu-zeli-ga-burnley\/#breadcrumb"},"inLanguage":"hr","potentialAction":[{"@type":"ReadAction","target":["https:\/\/radioljubuski.ba\/index.php\/2022\/01\/21\/orsic-odlazi-u-premier-ligu-zeli-ga-burnley\/"]}]},{"@type":"BreadcrumbList","@id":"https:\/\/radioljubuski.ba\/index.php\/2022\/01\/21\/orsic-odlazi-u-premier-ligu-zeli-ga-burnley\/#breadcrumb","itemListElement":[{"@type":"ListItem","position":1,"name":"Po\u010detna stranica","item":"https:\/\/radioljubuski.ba\/"},{"@type":"ListItem","position":2,"name":"Or\u0161i\u0107 odlazi u Premier ligu, \u017eeli ga Burnley?"}]},{"@type":"WebSite","@id":"https:\/\/radioljubuski.ba\/#website","url":"https:\/\/radioljubuski.ba\/","name":"Radio Ljubu\u0161ki","description":"Sun\u010dana frekvencija Hercegovine","publisher":{"@id":"https:\/\/radioljubuski.ba\/#organization"},"potentialAction":[{"@type":"SearchAction","target":{"@type":"EntryPoint","urlTemplate":"https:\/\/radioljubuski.ba\/?s={search_term_string}"},"query-input":{"@type":"PropertyValueSpecification","valueRequired":true,"valueName":"search_term_string"}}],"inLanguage":"hr"},{"@type":"Organization","@id":"https:\/\/radioljubuski.ba\/#organization","name":"Radio Ljubu\u0161ki","url":"https:\/\/radioljubuski.ba\/","logo":{"@type":"ImageObject","inLanguage":"hr","@id":"https:\/\/radioljubuski.ba\/#\/schema\/logo\/image\/","url":"https:\/\/radioljubuski.ba\/wp-content\/uploads\/2021\/02\/cropped-Radio_Ljubuski_logo1.jpg","contentUrl":"https:\/\/radioljubuski.ba\/wp-content\/uploads\/2021\/02\/cropped-Radio_Ljubuski_logo1.jpg","width":512,"height":512,"caption":"Radio Ljubu\u0161ki"},"image":{"@id":"https:\/\/radioljubuski.ba\/#\/schema\/logo\/image\/"},"sameAs":["https:\/\/www.facebook.com\/Radiio-Ljubuski-1490835324566332","https:\/\/x.com\/radioljubuski","https:\/\/hr.linkedin.com\/company\/radio-ljubuski","https:\/\/www.youtube.com\/channel\/UCHYaeO_n0Db3tjNGudGpXyw"]},{"@type":"Person","@id":"https:\/\/radioljubuski.ba\/#\/schema\/person\/19fc700381a780f69665d7956c469e3b","name":"Radio Ljubu\u0161ki"}]}},"_links":{"self":[{"href":"https:\/\/radioljubuski.ba\/index.php\/wp-json\/wp\/v2\/posts\/108526","targetHints":{"allow":["GET"]}}],"collection":[{"href":"https:\/\/radioljubuski.ba\/index.php\/wp-json\/wp\/v2\/posts"}],"about":[{"href":"https:\/\/radioljubuski.ba\/index.php\/wp-json\/wp\/v2\/types\/post"}],"author":[{"embeddable":true,"href":"https:\/\/radioljubuski.ba\/index.php\/wp-json\/wp\/v2\/users\/2"}],"replies":[{"embeddable":true,"href":"https:\/\/radioljubuski.ba\/index.php\/wp-json\/wp\/v2\/comments?post=108526"}],"version-history":[{"count":1,"href":"https:\/\/radioljubuski.ba\/index.php\/wp-json\/wp\/v2\/posts\/108526\/revisions"}],"predecessor-version":[{"id":108528,"href":"https:\/\/radioljubuski.ba\/index.php\/wp-json\/wp\/v2\/posts\/108526\/revisions\/108528"}],"wp:attachment":[{"href":"https:\/\/radioljubuski.ba\/index.php\/wp-json\/wp\/v2\/media?parent=108526"}],"wp:term":[{"taxonomy":"category","embeddable":true,"href":"https:\/\/radioljubuski.ba\/index.php\/wp-json\/wp\/v2\/categories?post=108526"},{"taxonomy":"post_tag","embeddable":true,"href":"https:\/\/radioljubuski.ba\/index.php\/wp-json\/wp\/v2\/tags?post=108526"}],"curies":[{"name":"wp","href":"https:\/\/api.w.org\/{rel}","templated":true}]}}