{"id":10857,"date":"2021-04-08T18:33:58","date_gmt":"2021-04-08T17:33:58","guid":{"rendered":"https:\/\/radioljubuski.ba\/?p=10857"},"modified":"2021-04-08T18:33:58","modified_gmt":"2021-04-08T17:33:58","slug":"sve-vise-zupanija-prelazi-na-online-nastavu","status":"publish","type":"post","link":"https:\/\/radioljubuski.ba\/index.php\/2021\/04\/08\/sve-vise-zupanija-prelazi-na-online-nastavu\/","title":{"rendered":"Sve vi\u0161e \u017eupanija prelazi na &#8216;online&#8217; nastavu"},"content":{"rendered":"\n<p><strong>Zbog trenutne epidemiolo\u0161ke situacije u sve vi\u0161e \u017eupanija nastava \u0107e se u \u0161kolama po modelu A odr\u017eavati samo od 1. do 4. razreda osnovnih \u0161kola. U Zagrebu i Zagreba\u010dkoj \u017eupaniji potpuno se prelazi na &#8216;on line&#8217; nastavu.<\/strong><\/p>\n\n\n\n<p><strong>Zagreba\u010dki sto\u017eer: Od idu\u0107eg tjedna u Zagrebu nastava na daljinu<\/strong><br><br>U\u010denici vi\u0161ih razreda osnovnih \u0161kola i prva tri razreda srednjih \u0161kola u Zagrebu idu\u0107i tjedan prelaze na online nastavu zbog epidemiolo\u0161ke situacije, odlu\u010dio je Sto\u017eer civilne za\u0161tite Grada Zagreba na inicijativu Ministarstva znanosti i obrazovanja.<br><br>Ministar znanosti i obrazovanja<strong>&nbsp;Radovan Fuchs&nbsp;<\/strong>prethodno je danas najavio da u\u010denici u Gradu Zagrebu i Zagreba\u010dkoj \u017eupaniji od ponedjeljka prelaze na C model nastave (online), kako bi se utjecalo na trenutnu epidemiolo\u0161ku situaciju.<\/p>\n\n\n\n<p><strong>U Dalmaciji prelazak na C model&nbsp;<\/strong><strong><br><\/strong><br>Na preporuku epidemiolo\u0161ke slu\u017ebe Nastavnog zavoda za javno zdravstvo Splitsko-dalmatinske \u017eupanije i nakon konzultacija s nacionalnim sto\u017eerom civilne za\u0161tite, kao i Ministarstvom znanosti i obrazovanja, odr\u017eavanje nastave za u\u010denike osnovnih i srednjih \u0161kola i studente Sveu\u010dili\u0161ta u Splitu provodit \u0107e se po modelu C, odnosno online.<br><br>Nastava za u\u010denike razredne nastave osnovnih \u0161kola, od 1. do 4. razreda, nastava \u0107e se odr\u017eavati po modelu A, odnosno neposredno u \u0161koli, priop\u0107io je \u017eupanijski sto\u017eer civilne za\u0161tite. Tako\u0111er se obustavlja odr\u017eavanje prakti\u010dne nastave u \u0161kolskim objektima.<br><br>\u017dupanijski sto\u017eer pozvao je na pridr\u017eavanje svih epidemiolo\u0161kih mjera i preporuka Hrvatskog zavoda za javno zdravstvo, a u slu\u010daju promjene epidemiolo\u0161ke situacije te eventualne nove upute za organiziranje nastave, \u0161kolske \u0107e ustanove biti na vrijeme obavije\u0161tene.<br><br><strong>Bjelovar: U \u0161kolske klupe vra\u0107aju se maturanti i ni\u017ei razredi, ostali online<\/strong><br><br>Maturanti i u\u010denici od 1. do 4. razreda osnovnih \u0161kola u Bjelovarsko-bilogorskoj \u017eupaniji vra\u0107aju se u \u0161kolske klupe od ponedjeljaka, dok \u0107e se za ostale u\u010denike od 12. do 17. travnja nastava odr\u017eavati online.<br><br>Odluka da se od idu\u0107eg tjedna produ\u017ee mjere za suzbijanje epidemije koronavirusa u osnovnim i srednjim \u0161kolama donesena je na prijedlog epidemiolo\u0161ke slu\u017ebe.<\/p>\n\n\n\n<p><strong>I u Vukovarsko-srijemskoj \u017eupaniji u\u010denici ve\u0107inom prelaze na C model<\/strong><br><br>Tako\u0111er, zbog&nbsp; trenutne epidemiolo\u0161ke situacije, u Vukovarsko-srijemskoj \u017eupaniji, a&nbsp;u skladu s preporukama Ministarstva znanosti i obrazovanja&nbsp;Republike Hrvatske, sto\u017eer te \u017eupanije donio je Odluku o prelasku u\u010denika na C model nastave.&nbsp;<br><br>U\u010denici od 1. do 4. razreda osnovne \u0161kole, kao i u\u010denici zavr\u0161nih razreda srednjih \u0161kola nastavu poha\u0111aju u \u0161kolama, odnosno po modelu A. Svi ostali u\u010denici, odnosno u\u010denici od petog do osmog razreda osnovnih \u0161kola, te u\u010denici od prvog do tre\u0107eg razreda srednjih \u0161kola nastavu poha\u0111aju po C modelu &#8211; online.<\/p>\n\n\n\n<p>Izvor:hrt.hr<\/p>\n","protected":false},"excerpt":{"rendered":"<p>Zbog trenutne epidemiolo\u0161ke situacije u sve vi\u0161e \u017eupanija nastava \u0107e se u \u0161kolama po modelu A odr\u017eavati samo od 1. do 4. razreda osnovnih \u0161kola. U Zagrebu i Zagreba\u010dkoj \u017eupaniji potpuno se prelazi na &#8216;on line&#8217; nastavu. Zagreba\u010dki sto\u017eer: Od idu\u0107eg tjedna u Zagrebu nastava na daljinu U\u010denici vi\u0161ih razreda osnovnih \u0161kola i prva tri [&hellip;]<\/p>\n","protected":false},"author":2,"featured_media":10858,"comment_status":"closed","ping_status":"closed","sticky":false,"template":"","format":"standard","meta":{"h5ap_radio_sources":[],"footnotes":""},"categories":[1],"tags":[],"class_list":["post-10857","post","type-post","status-publish","format-standard","has-post-thumbnail","hentry","category-bihiregija"],"yoast_head":"<!-- This site is optimized with the Yoast SEO plugin v27.4 - https:\/\/yoast.com\/product\/yoast-seo-wordpress\/ -->\n<title>Sve vi\u0161e \u017eupanija prelazi na &#039;online&#039; nastavu - RADIO LJUBU\u0160KI<\/title>\n<meta name=\"robots\" content=\"index, follow, max-snippet:-1, max-image-preview:large, max-video-preview:-1\" \/>\n<link rel=\"canonical\" href=\"https:\/\/radioljubuski.ba\/index.php\/2021\/04\/08\/sve-vise-zupanija-prelazi-na-online-nastavu\/\" \/>\n<meta property=\"og:locale\" content=\"hr_HR\" \/>\n<meta property=\"og:type\" content=\"article\" \/>\n<meta property=\"og:title\" content=\"Sve vi\u0161e \u017eupanija prelazi na &#039;online&#039; nastavu - RADIO LJUBU\u0160KI\" \/>\n<meta property=\"og:description\" content=\"Zbog trenutne epidemiolo\u0161ke situacije u sve vi\u0161e \u017eupanija nastava \u0107e se u \u0161kolama po modelu A odr\u017eavati samo od 1. do 4. razreda osnovnih \u0161kola. U Zagrebu i Zagreba\u010dkoj \u017eupaniji potpuno se prelazi na &#8216;on line&#8217; nastavu. Zagreba\u010dki sto\u017eer: Od idu\u0107eg tjedna u Zagrebu nastava na daljinu U\u010denici vi\u0161ih razreda osnovnih \u0161kola i prva tri [&hellip;]\" \/>\n<meta property=\"og:url\" content=\"https:\/\/radioljubuski.ba\/index.php\/2021\/04\/08\/sve-vise-zupanija-prelazi-na-online-nastavu\/\" \/>\n<meta property=\"og:site_name\" content=\"RADIO LJUBU\u0160KI\" \/>\n<meta property=\"article:publisher\" content=\"https:\/\/www.facebook.com\/Radiio-Ljubuski-1490835324566332\" \/>\n<meta property=\"article:published_time\" content=\"2021-04-08T17:33:58+00:00\" \/>\n<meta property=\"og:image\" content=\"https:\/\/radioljubuski.ba\/wp-content\/uploads\/2021\/04\/33-9.png\" \/>\n\t<meta property=\"og:image:width\" content=\"643\" \/>\n\t<meta property=\"og:image:height\" content=\"360\" \/>\n\t<meta property=\"og:image:type\" content=\"image\/png\" \/>\n<meta name=\"author\" content=\"Radio Ljubu\u0161ki\" \/>\n<meta name=\"twitter:card\" content=\"summary_large_image\" \/>\n<meta name=\"twitter:creator\" content=\"@radioljubuski\" \/>\n<meta name=\"twitter:site\" content=\"@radioljubuski\" \/>\n<meta name=\"twitter:label1\" content=\"Napisao\/la\" \/>\n\t<meta name=\"twitter:data1\" content=\"Radio Ljubu\u0161ki\" \/>\n\t<meta name=\"twitter:label2\" content=\"Procijenjeno vrijeme \u010ditanja\" \/>\n\t<meta name=\"twitter:data2\" content=\"2 minute\" \/>\n<script type=\"application\/ld+json\" class=\"yoast-schema-graph\">{\"@context\":\"https:\\\/\\\/schema.org\",\"@graph\":[{\"@type\":\"Article\",\"@id\":\"https:\\\/\\\/radioljubuski.ba\\\/index.php\\\/2021\\\/04\\\/08\\\/sve-vise-zupanija-prelazi-na-online-nastavu\\\/#article\",\"isPartOf\":{\"@id\":\"https:\\\/\\\/radioljubuski.ba\\\/index.php\\\/2021\\\/04\\\/08\\\/sve-vise-zupanija-prelazi-na-online-nastavu\\\/\"},\"author\":{\"name\":\"Radio Ljubu\u0161ki\",\"@id\":\"https:\\\/\\\/radioljubuski.ba\\\/#\\\/schema\\\/person\\\/19fc700381a780f69665d7956c469e3b\"},\"headline\":\"Sve vi\u0161e \u017eupanija prelazi na &#8216;online&#8217; nastavu\",\"datePublished\":\"2021-04-08T17:33:58+00:00\",\"mainEntityOfPage\":{\"@id\":\"https:\\\/\\\/radioljubuski.ba\\\/index.php\\\/2021\\\/04\\\/08\\\/sve-vise-zupanija-prelazi-na-online-nastavu\\\/\"},\"wordCount\":476,\"publisher\":{\"@id\":\"https:\\\/\\\/radioljubuski.ba\\\/#organization\"},\"image\":{\"@id\":\"https:\\\/\\\/radioljubuski.ba\\\/index.php\\\/2021\\\/04\\\/08\\\/sve-vise-zupanija-prelazi-na-online-nastavu\\\/#primaryimage\"},\"thumbnailUrl\":\"https:\\\/\\\/radioljubuski.ba\\\/wp-content\\\/uploads\\\/2021\\\/04\\\/33-9.png\",\"articleSection\":[\"BIH i regija\"],\"inLanguage\":\"hr\"},{\"@type\":\"WebPage\",\"@id\":\"https:\\\/\\\/radioljubuski.ba\\\/index.php\\\/2021\\\/04\\\/08\\\/sve-vise-zupanija-prelazi-na-online-nastavu\\\/\",\"url\":\"https:\\\/\\\/radioljubuski.ba\\\/index.php\\\/2021\\\/04\\\/08\\\/sve-vise-zupanija-prelazi-na-online-nastavu\\\/\",\"name\":\"Sve vi\u0161e \u017eupanija prelazi na 'online' nastavu - RADIO LJUBU\u0160KI\",\"isPartOf\":{\"@id\":\"https:\\\/\\\/radioljubuski.ba\\\/#website\"},\"primaryImageOfPage\":{\"@id\":\"https:\\\/\\\/radioljubuski.ba\\\/index.php\\\/2021\\\/04\\\/08\\\/sve-vise-zupanija-prelazi-na-online-nastavu\\\/#primaryimage\"},\"image\":{\"@id\":\"https:\\\/\\\/radioljubuski.ba\\\/index.php\\\/2021\\\/04\\\/08\\\/sve-vise-zupanija-prelazi-na-online-nastavu\\\/#primaryimage\"},\"thumbnailUrl\":\"https:\\\/\\\/radioljubuski.ba\\\/wp-content\\\/uploads\\\/2021\\\/04\\\/33-9.png\",\"datePublished\":\"2021-04-08T17:33:58+00:00\",\"breadcrumb\":{\"@id\":\"https:\\\/\\\/radioljubuski.ba\\\/index.php\\\/2021\\\/04\\\/08\\\/sve-vise-zupanija-prelazi-na-online-nastavu\\\/#breadcrumb\"},\"inLanguage\":\"hr\",\"potentialAction\":[{\"@type\":\"ReadAction\",\"target\":[\"https:\\\/\\\/radioljubuski.ba\\\/index.php\\\/2021\\\/04\\\/08\\\/sve-vise-zupanija-prelazi-na-online-nastavu\\\/\"]}]},{\"@type\":\"ImageObject\",\"inLanguage\":\"hr\",\"@id\":\"https:\\\/\\\/radioljubuski.ba\\\/index.php\\\/2021\\\/04\\\/08\\\/sve-vise-zupanija-prelazi-na-online-nastavu\\\/#primaryimage\",\"url\":\"https:\\\/\\\/radioljubuski.ba\\\/wp-content\\\/uploads\\\/2021\\\/04\\\/33-9.png\",\"contentUrl\":\"https:\\\/\\\/radioljubuski.ba\\\/wp-content\\\/uploads\\\/2021\\\/04\\\/33-9.png\",\"width\":643,\"height\":360},{\"@type\":\"BreadcrumbList\",\"@id\":\"https:\\\/\\\/radioljubuski.ba\\\/index.php\\\/2021\\\/04\\\/08\\\/sve-vise-zupanija-prelazi-na-online-nastavu\\\/#breadcrumb\",\"itemListElement\":[{\"@type\":\"ListItem\",\"position\":1,\"name\":\"Po\u010detna stranica\",\"item\":\"https:\\\/\\\/radioljubuski.ba\\\/\"},{\"@type\":\"ListItem\",\"position\":2,\"name\":\"Sve vi\u0161e \u017eupanija prelazi na &#8216;online&#8217; nastavu\"}]},{\"@type\":\"WebSite\",\"@id\":\"https:\\\/\\\/radioljubuski.ba\\\/#website\",\"url\":\"https:\\\/\\\/radioljubuski.ba\\\/\",\"name\":\"Radio Ljubu\u0161ki\",\"description\":\"Sun\u010dana frekvencija Hercegovine\",\"publisher\":{\"@id\":\"https:\\\/\\\/radioljubuski.ba\\\/#organization\"},\"potentialAction\":[{\"@type\":\"SearchAction\",\"target\":{\"@type\":\"EntryPoint\",\"urlTemplate\":\"https:\\\/\\\/radioljubuski.ba\\\/?s={search_term_string}\"},\"query-input\":{\"@type\":\"PropertyValueSpecification\",\"valueRequired\":true,\"valueName\":\"search_term_string\"}}],\"inLanguage\":\"hr\"},{\"@type\":\"Organization\",\"@id\":\"https:\\\/\\\/radioljubuski.ba\\\/#organization\",\"name\":\"Radio Ljubu\u0161ki\",\"url\":\"https:\\\/\\\/radioljubuski.ba\\\/\",\"logo\":{\"@type\":\"ImageObject\",\"inLanguage\":\"hr\",\"@id\":\"https:\\\/\\\/radioljubuski.ba\\\/#\\\/schema\\\/logo\\\/image\\\/\",\"url\":\"https:\\\/\\\/radioljubuski.ba\\\/wp-content\\\/uploads\\\/2021\\\/02\\\/cropped-Radio_Ljubuski_logo1.jpg\",\"contentUrl\":\"https:\\\/\\\/radioljubuski.ba\\\/wp-content\\\/uploads\\\/2021\\\/02\\\/cropped-Radio_Ljubuski_logo1.jpg\",\"width\":512,\"height\":512,\"caption\":\"Radio Ljubu\u0161ki\"},\"image\":{\"@id\":\"https:\\\/\\\/radioljubuski.ba\\\/#\\\/schema\\\/logo\\\/image\\\/\"},\"sameAs\":[\"https:\\\/\\\/www.facebook.com\\\/Radiio-Ljubuski-1490835324566332\",\"https:\\\/\\\/x.com\\\/radioljubuski\",\"https:\\\/\\\/hr.linkedin.com\\\/company\\\/radio-ljubuski\",\"https:\\\/\\\/www.youtube.com\\\/channel\\\/UCHYaeO_n0Db3tjNGudGpXyw\"]},{\"@type\":\"Person\",\"@id\":\"https:\\\/\\\/radioljubuski.ba\\\/#\\\/schema\\\/person\\\/19fc700381a780f69665d7956c469e3b\",\"name\":\"Radio Ljubu\u0161ki\"}]}<\/script>\n<!-- \/ Yoast SEO plugin. -->","yoast_head_json":{"title":"Sve vi\u0161e \u017eupanija prelazi na 'online' nastavu - RADIO LJUBU\u0160KI","robots":{"index":"index","follow":"follow","max-snippet":"max-snippet:-1","max-image-preview":"max-image-preview:large","max-video-preview":"max-video-preview:-1"},"canonical":"https:\/\/radioljubuski.ba\/index.php\/2021\/04\/08\/sve-vise-zupanija-prelazi-na-online-nastavu\/","og_locale":"hr_HR","og_type":"article","og_title":"Sve vi\u0161e \u017eupanija prelazi na 'online' nastavu - RADIO LJUBU\u0160KI","og_description":"Zbog trenutne epidemiolo\u0161ke situacije u sve vi\u0161e \u017eupanija nastava \u0107e se u \u0161kolama po modelu A odr\u017eavati samo od 1. do 4. razreda osnovnih \u0161kola. U Zagrebu i Zagreba\u010dkoj \u017eupaniji potpuno se prelazi na &#8216;on line&#8217; nastavu. Zagreba\u010dki sto\u017eer: Od idu\u0107eg tjedna u Zagrebu nastava na daljinu U\u010denici vi\u0161ih razreda osnovnih \u0161kola i prva tri [&hellip;]","og_url":"https:\/\/radioljubuski.ba\/index.php\/2021\/04\/08\/sve-vise-zupanija-prelazi-na-online-nastavu\/","og_site_name":"RADIO LJUBU\u0160KI","article_publisher":"https:\/\/www.facebook.com\/Radiio-Ljubuski-1490835324566332","article_published_time":"2021-04-08T17:33:58+00:00","og_image":[{"width":643,"height":360,"url":"https:\/\/radioljubuski.ba\/wp-content\/uploads\/2021\/04\/33-9.png","type":"image\/png"}],"author":"Radio Ljubu\u0161ki","twitter_card":"summary_large_image","twitter_creator":"@radioljubuski","twitter_site":"@radioljubuski","twitter_misc":{"Napisao\/la":"Radio Ljubu\u0161ki","Procijenjeno vrijeme \u010ditanja":"2 minute"},"schema":{"@context":"https:\/\/schema.org","@graph":[{"@type":"Article","@id":"https:\/\/radioljubuski.ba\/index.php\/2021\/04\/08\/sve-vise-zupanija-prelazi-na-online-nastavu\/#article","isPartOf":{"@id":"https:\/\/radioljubuski.ba\/index.php\/2021\/04\/08\/sve-vise-zupanija-prelazi-na-online-nastavu\/"},"author":{"name":"Radio Ljubu\u0161ki","@id":"https:\/\/radioljubuski.ba\/#\/schema\/person\/19fc700381a780f69665d7956c469e3b"},"headline":"Sve vi\u0161e \u017eupanija prelazi na &#8216;online&#8217; nastavu","datePublished":"2021-04-08T17:33:58+00:00","mainEntityOfPage":{"@id":"https:\/\/radioljubuski.ba\/index.php\/2021\/04\/08\/sve-vise-zupanija-prelazi-na-online-nastavu\/"},"wordCount":476,"publisher":{"@id":"https:\/\/radioljubuski.ba\/#organization"},"image":{"@id":"https:\/\/radioljubuski.ba\/index.php\/2021\/04\/08\/sve-vise-zupanija-prelazi-na-online-nastavu\/#primaryimage"},"thumbnailUrl":"https:\/\/radioljubuski.ba\/wp-content\/uploads\/2021\/04\/33-9.png","articleSection":["BIH i regija"],"inLanguage":"hr"},{"@type":"WebPage","@id":"https:\/\/radioljubuski.ba\/index.php\/2021\/04\/08\/sve-vise-zupanija-prelazi-na-online-nastavu\/","url":"https:\/\/radioljubuski.ba\/index.php\/2021\/04\/08\/sve-vise-zupanija-prelazi-na-online-nastavu\/","name":"Sve vi\u0161e \u017eupanija prelazi na 'online' nastavu - RADIO LJUBU\u0160KI","isPartOf":{"@id":"https:\/\/radioljubuski.ba\/#website"},"primaryImageOfPage":{"@id":"https:\/\/radioljubuski.ba\/index.php\/2021\/04\/08\/sve-vise-zupanija-prelazi-na-online-nastavu\/#primaryimage"},"image":{"@id":"https:\/\/radioljubuski.ba\/index.php\/2021\/04\/08\/sve-vise-zupanija-prelazi-na-online-nastavu\/#primaryimage"},"thumbnailUrl":"https:\/\/radioljubuski.ba\/wp-content\/uploads\/2021\/04\/33-9.png","datePublished":"2021-04-08T17:33:58+00:00","breadcrumb":{"@id":"https:\/\/radioljubuski.ba\/index.php\/2021\/04\/08\/sve-vise-zupanija-prelazi-na-online-nastavu\/#breadcrumb"},"inLanguage":"hr","potentialAction":[{"@type":"ReadAction","target":["https:\/\/radioljubuski.ba\/index.php\/2021\/04\/08\/sve-vise-zupanija-prelazi-na-online-nastavu\/"]}]},{"@type":"ImageObject","inLanguage":"hr","@id":"https:\/\/radioljubuski.ba\/index.php\/2021\/04\/08\/sve-vise-zupanija-prelazi-na-online-nastavu\/#primaryimage","url":"https:\/\/radioljubuski.ba\/wp-content\/uploads\/2021\/04\/33-9.png","contentUrl":"https:\/\/radioljubuski.ba\/wp-content\/uploads\/2021\/04\/33-9.png","width":643,"height":360},{"@type":"BreadcrumbList","@id":"https:\/\/radioljubuski.ba\/index.php\/2021\/04\/08\/sve-vise-zupanija-prelazi-na-online-nastavu\/#breadcrumb","itemListElement":[{"@type":"ListItem","position":1,"name":"Po\u010detna stranica","item":"https:\/\/radioljubuski.ba\/"},{"@type":"ListItem","position":2,"name":"Sve vi\u0161e \u017eupanija prelazi na &#8216;online&#8217; nastavu"}]},{"@type":"WebSite","@id":"https:\/\/radioljubuski.ba\/#website","url":"https:\/\/radioljubuski.ba\/","name":"Radio Ljubu\u0161ki","description":"Sun\u010dana frekvencija Hercegovine","publisher":{"@id":"https:\/\/radioljubuski.ba\/#organization"},"potentialAction":[{"@type":"SearchAction","target":{"@type":"EntryPoint","urlTemplate":"https:\/\/radioljubuski.ba\/?s={search_term_string}"},"query-input":{"@type":"PropertyValueSpecification","valueRequired":true,"valueName":"search_term_string"}}],"inLanguage":"hr"},{"@type":"Organization","@id":"https:\/\/radioljubuski.ba\/#organization","name":"Radio Ljubu\u0161ki","url":"https:\/\/radioljubuski.ba\/","logo":{"@type":"ImageObject","inLanguage":"hr","@id":"https:\/\/radioljubuski.ba\/#\/schema\/logo\/image\/","url":"https:\/\/radioljubuski.ba\/wp-content\/uploads\/2021\/02\/cropped-Radio_Ljubuski_logo1.jpg","contentUrl":"https:\/\/radioljubuski.ba\/wp-content\/uploads\/2021\/02\/cropped-Radio_Ljubuski_logo1.jpg","width":512,"height":512,"caption":"Radio Ljubu\u0161ki"},"image":{"@id":"https:\/\/radioljubuski.ba\/#\/schema\/logo\/image\/"},"sameAs":["https:\/\/www.facebook.com\/Radiio-Ljubuski-1490835324566332","https:\/\/x.com\/radioljubuski","https:\/\/hr.linkedin.com\/company\/radio-ljubuski","https:\/\/www.youtube.com\/channel\/UCHYaeO_n0Db3tjNGudGpXyw"]},{"@type":"Person","@id":"https:\/\/radioljubuski.ba\/#\/schema\/person\/19fc700381a780f69665d7956c469e3b","name":"Radio Ljubu\u0161ki"}]}},"_links":{"self":[{"href":"https:\/\/radioljubuski.ba\/index.php\/wp-json\/wp\/v2\/posts\/10857","targetHints":{"allow":["GET"]}}],"collection":[{"href":"https:\/\/radioljubuski.ba\/index.php\/wp-json\/wp\/v2\/posts"}],"about":[{"href":"https:\/\/radioljubuski.ba\/index.php\/wp-json\/wp\/v2\/types\/post"}],"author":[{"embeddable":true,"href":"https:\/\/radioljubuski.ba\/index.php\/wp-json\/wp\/v2\/users\/2"}],"replies":[{"embeddable":true,"href":"https:\/\/radioljubuski.ba\/index.php\/wp-json\/wp\/v2\/comments?post=10857"}],"version-history":[{"count":1,"href":"https:\/\/radioljubuski.ba\/index.php\/wp-json\/wp\/v2\/posts\/10857\/revisions"}],"predecessor-version":[{"id":10859,"href":"https:\/\/radioljubuski.ba\/index.php\/wp-json\/wp\/v2\/posts\/10857\/revisions\/10859"}],"wp:featuredmedia":[{"embeddable":true,"href":"https:\/\/radioljubuski.ba\/index.php\/wp-json\/wp\/v2\/media\/10858"}],"wp:attachment":[{"href":"https:\/\/radioljubuski.ba\/index.php\/wp-json\/wp\/v2\/media?parent=10857"}],"wp:term":[{"taxonomy":"category","embeddable":true,"href":"https:\/\/radioljubuski.ba\/index.php\/wp-json\/wp\/v2\/categories?post=10857"},{"taxonomy":"post_tag","embeddable":true,"href":"https:\/\/radioljubuski.ba\/index.php\/wp-json\/wp\/v2\/tags?post=10857"}],"curies":[{"name":"wp","href":"https:\/\/api.w.org\/{rel}","templated":true}]}}