{"id":10860,"date":"2021-04-08T18:35:51","date_gmt":"2021-04-08T17:35:51","guid":{"rendered":"https:\/\/radioljubuski.ba\/?p=10860"},"modified":"2021-04-08T18:35:51","modified_gmt":"2021-04-08T17:35:51","slug":"capak-ljudi-se-zele-cijepiti-astrazenecom-i-svim-drugim-cjepivima","status":"publish","type":"post","link":"https:\/\/radioljubuski.ba\/index.php\/2021\/04\/08\/capak-ljudi-se-zele-cijepiti-astrazenecom-i-svim-drugim-cjepivima\/","title":{"rendered":"Capak: Ljudi se \u017eele cijepiti AstraZenecom i svim drugim cjepivima"},"content":{"rendered":"\n<p><strong>Nastavljamo sa svim na\u0161im aktivnostima vezano uz cijepljenje, pa i s AstraZenecom, rekao je ravnatelj Hrvatskog zavoda za javno zdravstvo&nbsp;Krunoslav Capak&nbsp;ve\u010deras u HTV-ovom Dnevniku, poru\u010div\u0161i kako je generalni rizik od nuspojava puno manji od dobrobiti koje se dobivaju cijepljenjem tim cjepivom protiv bolesti COVID-19.<\/strong><\/p>\n\n\n\n<p>Capak je rekao kako se stopa odbijanja cijepljenjem AstraZenecinim cjepivom u Hrvatskoj mijenja od mjesta do mjesta i od dana do dana.&nbsp;<\/p>\n\n\n\n<p>&#8211; Imamo pozive od ve\u0107ine \u017eupanija da \u0161to vi\u0161e cjepiva AstraZenece uputimo na teren jer se ljudi \u017eele cijepiti i AstraZenecom, kao i svim drugim cjepivima, rekao je Capak.<\/p>\n\n\n\n<p>Od samih po\u010detaka AstraZenecino cjepivo prate kontroverzije. EMA je zaklju\u010dila da postoji mogu\u0107a povezanost cijepljenja i pojave zgru\u0161avanja krvi, neke europske zemlje imaju i odre\u0111ene restrikcije vezane uz primjenu tog cjepiva. Capak je rekao kako moramo imati u vidu da postoji mogu\u0107a povezanost i da je ona vrlo rijetka, ali da je dobrobit od cijepljenja daleko ve\u0107a.<\/p>\n\n\n\n<p>&#8211; Svaki 45. oboljeli umre od COVID-a. To je puno ve\u0107i problem nego \u0161to su tromboembolijski doga\u0111aji, rekao je Capak, naglasiv\u0161i kako u Hrvatskoj nismo imali takvih doga\u0111aja kakve je EMA razmatrala.<\/p>\n\n\n\n<p>&#8211; Mi smo imali nekih poreme\u0107aja zgru\u0161avanja, ali ti poreme\u0107aji nisu bili sli\u010dni ovima koje je EMA razmatrala i mi nemamo na temelju \u010dega u Hrvatskoj re\u0107i da trebamo ograni\u010davati kori\u0161tenje, rekao je Capak. Istaknuo je i kako 15 zemalja EU-a nema nikakvih restrikcija te da jedino Danska ne cijepi AstraZenecom.<\/p>\n\n\n\n<p>Capak je izme\u0111u ostalog naglasio i kako se od oko 2200 prijavljenih nuspojava na sva cijepljenja njih najvi\u0161e odnosi na Pfizer &#8211; oko 0,4 posto, dok je za AstraZenecu to 0,35 posto. Me\u0111utim, dodao je kako je kod poreme\u0107aja koagulacije ne\u0161to ve\u0107i broj kod AstraZenece, iako i kod Pfizera postoji taj poreme\u0107aj. Capak je poru\u010dio kako se radi o premalom broju za nekakav zaklju\u010dak, a pogotovo preporuke vezano za dob i spol. Naglasio je i kako HALMED i HZJZ vrlo pa\u017eljivo prate tu situaciju te da \u0107e u momentu kad ustanove da postoji neki takav rizik &#8220;apsolutno donijeti ograni\u010denja i upozoriti gra\u0111ane&#8221;.<\/p>\n\n\n\n<p><strong>Ve\u0107 sada mogu\u0107e krenuti s tre\u0107om fazom<\/strong><\/p>\n\n\n\n<p>Iz odre\u0111enih znanstvenih krugova sti\u017eu preporuke da bi se trebao promijeniti prioritet cijepljenja &#8211; da bi trebalo prestati s cijepljenjem starije populacije i okrenuti se cijepljenju mla\u0111eg, radnog stanovni\u0161tva koje ostvaruje ve\u0107i broj kontakata.&nbsp;<\/p>\n\n\n\n<p>Capak je rekao kako se nigdje u svijetu nije krenulo s radno aktivnim stanovni\u0161tvom ni mla\u0111im dobnim skupinama.<\/p>\n\n\n\n<p>&#8211; Mi sad ne mijenjamo prioritet, mi \u017eelimo zavr\u0161iti drugu fazu, rekao je Capak, dodav\u0161i da su u dosta \u017eupanija pri kraju druge faze.<\/p>\n\n\n\n<p>&#8211; Mi smo u zadnjim raspravama sa \u017eupanijama, \u017eupanima, \u017eupanijskim zavodima za javno zdravstvo naglasili da mi ve\u0107 sada mo\u017eemo po\u010deti s tre\u0107om fazom paralelno sa zavr\u0161avanjem druge faze, rekao je Capak.<\/p>\n\n\n\n<p>Upitan o mogu\u0107nosti poo\u0161travanja mjera na nacionalnoj razini Capak je rekao kako svaki dan vrlo pa\u017eljivo razmatraju situaciju te da za sada ostaju pri tome da se \u017eupanijskim sto\u017eerima prepusti da donose stro\u017ee mjere jer su velike razlike u incidenciji me\u0111u \u017eupanijama.&nbsp;<\/p>\n\n\n\n<p>&#8211; U momentu kad se zaklju\u010di da na nacionalnoj razini imamo veliki porast i da trebamo donijeti neke nacionalne mjere, naravno da \u0107emo to i u\u010diniti, rekao je Capak.<\/p>\n\n\n\n<p>Izvor:hrt.hr<\/p>\n","protected":false},"excerpt":{"rendered":"<p>Nastavljamo sa svim na\u0161im aktivnostima vezano uz cijepljenje, pa i s AstraZenecom, rekao je ravnatelj Hrvatskog zavoda za javno zdravstvo&nbsp;Krunoslav Capak&nbsp;ve\u010deras u HTV-ovom Dnevniku, poru\u010div\u0161i kako je generalni rizik od nuspojava puno manji od dobrobiti koje se dobivaju cijepljenjem tim cjepivom protiv bolesti COVID-19. Capak je rekao kako se stopa odbijanja cijepljenjem AstraZenecinim cjepivom u [&hellip;]<\/p>\n","protected":false},"author":2,"featured_media":10861,"comment_status":"closed","ping_status":"closed","sticky":false,"template":"","format":"standard","meta":{"h5ap_radio_sources":[],"footnotes":""},"categories":[1],"tags":[],"class_list":["post-10860","post","type-post","status-publish","format-standard","has-post-thumbnail","hentry","category-bihiregija"],"yoast_head":"<!-- This site is optimized with the Yoast SEO plugin v27.5 - https:\/\/yoast.com\/product\/yoast-seo-wordpress\/ -->\n<title>Capak: Ljudi se \u017eele cijepiti AstraZenecom i svim drugim cjepivima - RADIO LJUBU\u0160KI<\/title>\n<meta name=\"robots\" content=\"index, follow, max-snippet:-1, max-image-preview:large, max-video-preview:-1\" \/>\n<link rel=\"canonical\" href=\"https:\/\/radioljubuski.ba\/index.php\/2021\/04\/08\/capak-ljudi-se-zele-cijepiti-astrazenecom-i-svim-drugim-cjepivima\/\" \/>\n<meta property=\"og:locale\" content=\"hr_HR\" \/>\n<meta property=\"og:type\" content=\"article\" \/>\n<meta property=\"og:title\" content=\"Capak: Ljudi se \u017eele cijepiti AstraZenecom i svim drugim cjepivima - RADIO LJUBU\u0160KI\" \/>\n<meta property=\"og:description\" content=\"Nastavljamo sa svim na\u0161im aktivnostima vezano uz cijepljenje, pa i s AstraZenecom, rekao je ravnatelj Hrvatskog zavoda za javno zdravstvo&nbsp;Krunoslav Capak&nbsp;ve\u010deras u HTV-ovom Dnevniku, poru\u010div\u0161i kako je generalni rizik od nuspojava puno manji od dobrobiti koje se dobivaju cijepljenjem tim cjepivom protiv bolesti COVID-19. Capak je rekao kako se stopa odbijanja cijepljenjem AstraZenecinim cjepivom u [&hellip;]\" \/>\n<meta property=\"og:url\" content=\"https:\/\/radioljubuski.ba\/index.php\/2021\/04\/08\/capak-ljudi-se-zele-cijepiti-astrazenecom-i-svim-drugim-cjepivima\/\" \/>\n<meta property=\"og:site_name\" content=\"RADIO LJUBU\u0160KI\" \/>\n<meta property=\"article:publisher\" content=\"https:\/\/www.facebook.com\/Radiio-Ljubuski-1490835324566332\" \/>\n<meta property=\"article:published_time\" content=\"2021-04-08T17:35:51+00:00\" \/>\n<meta property=\"og:image\" content=\"https:\/\/radioljubuski.ba\/wp-content\/uploads\/2021\/04\/capak-hrlj.png\" \/>\n\t<meta property=\"og:image:width\" content=\"644\" \/>\n\t<meta property=\"og:image:height\" content=\"360\" \/>\n\t<meta property=\"og:image:type\" content=\"image\/png\" \/>\n<meta name=\"author\" content=\"Radio Ljubu\u0161ki\" \/>\n<meta name=\"twitter:card\" content=\"summary_large_image\" \/>\n<meta name=\"twitter:creator\" content=\"@radioljubuski\" \/>\n<meta name=\"twitter:site\" content=\"@radioljubuski\" \/>\n<meta name=\"twitter:label1\" content=\"Napisao\/la\" \/>\n\t<meta name=\"twitter:data1\" content=\"Radio Ljubu\u0161ki\" \/>\n\t<meta name=\"twitter:label2\" content=\"Procijenjeno vrijeme \u010ditanja\" \/>\n\t<meta name=\"twitter:data2\" content=\"3 minute\" \/>\n<script type=\"application\/ld+json\" class=\"yoast-schema-graph\">{\"@context\":\"https:\\\/\\\/schema.org\",\"@graph\":[{\"@type\":\"Article\",\"@id\":\"https:\\\/\\\/radioljubuski.ba\\\/index.php\\\/2021\\\/04\\\/08\\\/capak-ljudi-se-zele-cijepiti-astrazenecom-i-svim-drugim-cjepivima\\\/#article\",\"isPartOf\":{\"@id\":\"https:\\\/\\\/radioljubuski.ba\\\/index.php\\\/2021\\\/04\\\/08\\\/capak-ljudi-se-zele-cijepiti-astrazenecom-i-svim-drugim-cjepivima\\\/\"},\"author\":{\"name\":\"Radio Ljubu\u0161ki\",\"@id\":\"https:\\\/\\\/radioljubuski.ba\\\/#\\\/schema\\\/person\\\/19fc700381a780f69665d7956c469e3b\"},\"headline\":\"Capak: Ljudi se \u017eele cijepiti AstraZenecom i svim drugim cjepivima\",\"datePublished\":\"2021-04-08T17:35:51+00:00\",\"mainEntityOfPage\":{\"@id\":\"https:\\\/\\\/radioljubuski.ba\\\/index.php\\\/2021\\\/04\\\/08\\\/capak-ljudi-se-zele-cijepiti-astrazenecom-i-svim-drugim-cjepivima\\\/\"},\"wordCount\":597,\"publisher\":{\"@id\":\"https:\\\/\\\/radioljubuski.ba\\\/#organization\"},\"image\":{\"@id\":\"https:\\\/\\\/radioljubuski.ba\\\/index.php\\\/2021\\\/04\\\/08\\\/capak-ljudi-se-zele-cijepiti-astrazenecom-i-svim-drugim-cjepivima\\\/#primaryimage\"},\"thumbnailUrl\":\"https:\\\/\\\/radioljubuski.ba\\\/wp-content\\\/uploads\\\/2021\\\/04\\\/capak-hrlj.png\",\"articleSection\":[\"BIH i regija\"],\"inLanguage\":\"hr\"},{\"@type\":\"WebPage\",\"@id\":\"https:\\\/\\\/radioljubuski.ba\\\/index.php\\\/2021\\\/04\\\/08\\\/capak-ljudi-se-zele-cijepiti-astrazenecom-i-svim-drugim-cjepivima\\\/\",\"url\":\"https:\\\/\\\/radioljubuski.ba\\\/index.php\\\/2021\\\/04\\\/08\\\/capak-ljudi-se-zele-cijepiti-astrazenecom-i-svim-drugim-cjepivima\\\/\",\"name\":\"Capak: Ljudi se \u017eele cijepiti AstraZenecom i svim drugim cjepivima - RADIO LJUBU\u0160KI\",\"isPartOf\":{\"@id\":\"https:\\\/\\\/radioljubuski.ba\\\/#website\"},\"primaryImageOfPage\":{\"@id\":\"https:\\\/\\\/radioljubuski.ba\\\/index.php\\\/2021\\\/04\\\/08\\\/capak-ljudi-se-zele-cijepiti-astrazenecom-i-svim-drugim-cjepivima\\\/#primaryimage\"},\"image\":{\"@id\":\"https:\\\/\\\/radioljubuski.ba\\\/index.php\\\/2021\\\/04\\\/08\\\/capak-ljudi-se-zele-cijepiti-astrazenecom-i-svim-drugim-cjepivima\\\/#primaryimage\"},\"thumbnailUrl\":\"https:\\\/\\\/radioljubuski.ba\\\/wp-content\\\/uploads\\\/2021\\\/04\\\/capak-hrlj.png\",\"datePublished\":\"2021-04-08T17:35:51+00:00\",\"breadcrumb\":{\"@id\":\"https:\\\/\\\/radioljubuski.ba\\\/index.php\\\/2021\\\/04\\\/08\\\/capak-ljudi-se-zele-cijepiti-astrazenecom-i-svim-drugim-cjepivima\\\/#breadcrumb\"},\"inLanguage\":\"hr\",\"potentialAction\":[{\"@type\":\"ReadAction\",\"target\":[\"https:\\\/\\\/radioljubuski.ba\\\/index.php\\\/2021\\\/04\\\/08\\\/capak-ljudi-se-zele-cijepiti-astrazenecom-i-svim-drugim-cjepivima\\\/\"]}]},{\"@type\":\"ImageObject\",\"inLanguage\":\"hr\",\"@id\":\"https:\\\/\\\/radioljubuski.ba\\\/index.php\\\/2021\\\/04\\\/08\\\/capak-ljudi-se-zele-cijepiti-astrazenecom-i-svim-drugim-cjepivima\\\/#primaryimage\",\"url\":\"https:\\\/\\\/radioljubuski.ba\\\/wp-content\\\/uploads\\\/2021\\\/04\\\/capak-hrlj.png\",\"contentUrl\":\"https:\\\/\\\/radioljubuski.ba\\\/wp-content\\\/uploads\\\/2021\\\/04\\\/capak-hrlj.png\",\"width\":644,\"height\":360},{\"@type\":\"BreadcrumbList\",\"@id\":\"https:\\\/\\\/radioljubuski.ba\\\/index.php\\\/2021\\\/04\\\/08\\\/capak-ljudi-se-zele-cijepiti-astrazenecom-i-svim-drugim-cjepivima\\\/#breadcrumb\",\"itemListElement\":[{\"@type\":\"ListItem\",\"position\":1,\"name\":\"Po\u010detna stranica\",\"item\":\"https:\\\/\\\/radioljubuski.ba\\\/\"},{\"@type\":\"ListItem\",\"position\":2,\"name\":\"Capak: Ljudi se \u017eele cijepiti AstraZenecom i svim drugim cjepivima\"}]},{\"@type\":\"WebSite\",\"@id\":\"https:\\\/\\\/radioljubuski.ba\\\/#website\",\"url\":\"https:\\\/\\\/radioljubuski.ba\\\/\",\"name\":\"Radio Ljubu\u0161ki\",\"description\":\"Sun\u010dana frekvencija Hercegovine\",\"publisher\":{\"@id\":\"https:\\\/\\\/radioljubuski.ba\\\/#organization\"},\"potentialAction\":[{\"@type\":\"SearchAction\",\"target\":{\"@type\":\"EntryPoint\",\"urlTemplate\":\"https:\\\/\\\/radioljubuski.ba\\\/?s={search_term_string}\"},\"query-input\":{\"@type\":\"PropertyValueSpecification\",\"valueRequired\":true,\"valueName\":\"search_term_string\"}}],\"inLanguage\":\"hr\"},{\"@type\":\"Organization\",\"@id\":\"https:\\\/\\\/radioljubuski.ba\\\/#organization\",\"name\":\"Radio Ljubu\u0161ki\",\"url\":\"https:\\\/\\\/radioljubuski.ba\\\/\",\"logo\":{\"@type\":\"ImageObject\",\"inLanguage\":\"hr\",\"@id\":\"https:\\\/\\\/radioljubuski.ba\\\/#\\\/schema\\\/logo\\\/image\\\/\",\"url\":\"https:\\\/\\\/radioljubuski.ba\\\/wp-content\\\/uploads\\\/2021\\\/02\\\/cropped-Radio_Ljubuski_logo1.jpg\",\"contentUrl\":\"https:\\\/\\\/radioljubuski.ba\\\/wp-content\\\/uploads\\\/2021\\\/02\\\/cropped-Radio_Ljubuski_logo1.jpg\",\"width\":512,\"height\":512,\"caption\":\"Radio Ljubu\u0161ki\"},\"image\":{\"@id\":\"https:\\\/\\\/radioljubuski.ba\\\/#\\\/schema\\\/logo\\\/image\\\/\"},\"sameAs\":[\"https:\\\/\\\/www.facebook.com\\\/Radiio-Ljubuski-1490835324566332\",\"https:\\\/\\\/x.com\\\/radioljubuski\",\"https:\\\/\\\/hr.linkedin.com\\\/company\\\/radio-ljubuski\",\"https:\\\/\\\/www.youtube.com\\\/channel\\\/UCHYaeO_n0Db3tjNGudGpXyw\"]},{\"@type\":\"Person\",\"@id\":\"https:\\\/\\\/radioljubuski.ba\\\/#\\\/schema\\\/person\\\/19fc700381a780f69665d7956c469e3b\",\"name\":\"Radio Ljubu\u0161ki\"}]}<\/script>\n<!-- \/ Yoast SEO plugin. -->","yoast_head_json":{"title":"Capak: Ljudi se \u017eele cijepiti AstraZenecom i svim drugim cjepivima - RADIO LJUBU\u0160KI","robots":{"index":"index","follow":"follow","max-snippet":"max-snippet:-1","max-image-preview":"max-image-preview:large","max-video-preview":"max-video-preview:-1"},"canonical":"https:\/\/radioljubuski.ba\/index.php\/2021\/04\/08\/capak-ljudi-se-zele-cijepiti-astrazenecom-i-svim-drugim-cjepivima\/","og_locale":"hr_HR","og_type":"article","og_title":"Capak: Ljudi se \u017eele cijepiti AstraZenecom i svim drugim cjepivima - RADIO LJUBU\u0160KI","og_description":"Nastavljamo sa svim na\u0161im aktivnostima vezano uz cijepljenje, pa i s AstraZenecom, rekao je ravnatelj Hrvatskog zavoda za javno zdravstvo&nbsp;Krunoslav Capak&nbsp;ve\u010deras u HTV-ovom Dnevniku, poru\u010div\u0161i kako je generalni rizik od nuspojava puno manji od dobrobiti koje se dobivaju cijepljenjem tim cjepivom protiv bolesti COVID-19. Capak je rekao kako se stopa odbijanja cijepljenjem AstraZenecinim cjepivom u [&hellip;]","og_url":"https:\/\/radioljubuski.ba\/index.php\/2021\/04\/08\/capak-ljudi-se-zele-cijepiti-astrazenecom-i-svim-drugim-cjepivima\/","og_site_name":"RADIO LJUBU\u0160KI","article_publisher":"https:\/\/www.facebook.com\/Radiio-Ljubuski-1490835324566332","article_published_time":"2021-04-08T17:35:51+00:00","og_image":[{"width":644,"height":360,"url":"https:\/\/radioljubuski.ba\/wp-content\/uploads\/2021\/04\/capak-hrlj.png","type":"image\/png"}],"author":"Radio Ljubu\u0161ki","twitter_card":"summary_large_image","twitter_creator":"@radioljubuski","twitter_site":"@radioljubuski","twitter_misc":{"Napisao\/la":"Radio Ljubu\u0161ki","Procijenjeno vrijeme \u010ditanja":"3 minute"},"schema":{"@context":"https:\/\/schema.org","@graph":[{"@type":"Article","@id":"https:\/\/radioljubuski.ba\/index.php\/2021\/04\/08\/capak-ljudi-se-zele-cijepiti-astrazenecom-i-svim-drugim-cjepivima\/#article","isPartOf":{"@id":"https:\/\/radioljubuski.ba\/index.php\/2021\/04\/08\/capak-ljudi-se-zele-cijepiti-astrazenecom-i-svim-drugim-cjepivima\/"},"author":{"name":"Radio Ljubu\u0161ki","@id":"https:\/\/radioljubuski.ba\/#\/schema\/person\/19fc700381a780f69665d7956c469e3b"},"headline":"Capak: Ljudi se \u017eele cijepiti AstraZenecom i svim drugim cjepivima","datePublished":"2021-04-08T17:35:51+00:00","mainEntityOfPage":{"@id":"https:\/\/radioljubuski.ba\/index.php\/2021\/04\/08\/capak-ljudi-se-zele-cijepiti-astrazenecom-i-svim-drugim-cjepivima\/"},"wordCount":597,"publisher":{"@id":"https:\/\/radioljubuski.ba\/#organization"},"image":{"@id":"https:\/\/radioljubuski.ba\/index.php\/2021\/04\/08\/capak-ljudi-se-zele-cijepiti-astrazenecom-i-svim-drugim-cjepivima\/#primaryimage"},"thumbnailUrl":"https:\/\/radioljubuski.ba\/wp-content\/uploads\/2021\/04\/capak-hrlj.png","articleSection":["BIH i regija"],"inLanguage":"hr"},{"@type":"WebPage","@id":"https:\/\/radioljubuski.ba\/index.php\/2021\/04\/08\/capak-ljudi-se-zele-cijepiti-astrazenecom-i-svim-drugim-cjepivima\/","url":"https:\/\/radioljubuski.ba\/index.php\/2021\/04\/08\/capak-ljudi-se-zele-cijepiti-astrazenecom-i-svim-drugim-cjepivima\/","name":"Capak: Ljudi se \u017eele cijepiti AstraZenecom i svim drugim cjepivima - RADIO LJUBU\u0160KI","isPartOf":{"@id":"https:\/\/radioljubuski.ba\/#website"},"primaryImageOfPage":{"@id":"https:\/\/radioljubuski.ba\/index.php\/2021\/04\/08\/capak-ljudi-se-zele-cijepiti-astrazenecom-i-svim-drugim-cjepivima\/#primaryimage"},"image":{"@id":"https:\/\/radioljubuski.ba\/index.php\/2021\/04\/08\/capak-ljudi-se-zele-cijepiti-astrazenecom-i-svim-drugim-cjepivima\/#primaryimage"},"thumbnailUrl":"https:\/\/radioljubuski.ba\/wp-content\/uploads\/2021\/04\/capak-hrlj.png","datePublished":"2021-04-08T17:35:51+00:00","breadcrumb":{"@id":"https:\/\/radioljubuski.ba\/index.php\/2021\/04\/08\/capak-ljudi-se-zele-cijepiti-astrazenecom-i-svim-drugim-cjepivima\/#breadcrumb"},"inLanguage":"hr","potentialAction":[{"@type":"ReadAction","target":["https:\/\/radioljubuski.ba\/index.php\/2021\/04\/08\/capak-ljudi-se-zele-cijepiti-astrazenecom-i-svim-drugim-cjepivima\/"]}]},{"@type":"ImageObject","inLanguage":"hr","@id":"https:\/\/radioljubuski.ba\/index.php\/2021\/04\/08\/capak-ljudi-se-zele-cijepiti-astrazenecom-i-svim-drugim-cjepivima\/#primaryimage","url":"https:\/\/radioljubuski.ba\/wp-content\/uploads\/2021\/04\/capak-hrlj.png","contentUrl":"https:\/\/radioljubuski.ba\/wp-content\/uploads\/2021\/04\/capak-hrlj.png","width":644,"height":360},{"@type":"BreadcrumbList","@id":"https:\/\/radioljubuski.ba\/index.php\/2021\/04\/08\/capak-ljudi-se-zele-cijepiti-astrazenecom-i-svim-drugim-cjepivima\/#breadcrumb","itemListElement":[{"@type":"ListItem","position":1,"name":"Po\u010detna stranica","item":"https:\/\/radioljubuski.ba\/"},{"@type":"ListItem","position":2,"name":"Capak: Ljudi se \u017eele cijepiti AstraZenecom i svim drugim cjepivima"}]},{"@type":"WebSite","@id":"https:\/\/radioljubuski.ba\/#website","url":"https:\/\/radioljubuski.ba\/","name":"Radio Ljubu\u0161ki","description":"Sun\u010dana frekvencija Hercegovine","publisher":{"@id":"https:\/\/radioljubuski.ba\/#organization"},"potentialAction":[{"@type":"SearchAction","target":{"@type":"EntryPoint","urlTemplate":"https:\/\/radioljubuski.ba\/?s={search_term_string}"},"query-input":{"@type":"PropertyValueSpecification","valueRequired":true,"valueName":"search_term_string"}}],"inLanguage":"hr"},{"@type":"Organization","@id":"https:\/\/radioljubuski.ba\/#organization","name":"Radio Ljubu\u0161ki","url":"https:\/\/radioljubuski.ba\/","logo":{"@type":"ImageObject","inLanguage":"hr","@id":"https:\/\/radioljubuski.ba\/#\/schema\/logo\/image\/","url":"https:\/\/radioljubuski.ba\/wp-content\/uploads\/2021\/02\/cropped-Radio_Ljubuski_logo1.jpg","contentUrl":"https:\/\/radioljubuski.ba\/wp-content\/uploads\/2021\/02\/cropped-Radio_Ljubuski_logo1.jpg","width":512,"height":512,"caption":"Radio Ljubu\u0161ki"},"image":{"@id":"https:\/\/radioljubuski.ba\/#\/schema\/logo\/image\/"},"sameAs":["https:\/\/www.facebook.com\/Radiio-Ljubuski-1490835324566332","https:\/\/x.com\/radioljubuski","https:\/\/hr.linkedin.com\/company\/radio-ljubuski","https:\/\/www.youtube.com\/channel\/UCHYaeO_n0Db3tjNGudGpXyw"]},{"@type":"Person","@id":"https:\/\/radioljubuski.ba\/#\/schema\/person\/19fc700381a780f69665d7956c469e3b","name":"Radio Ljubu\u0161ki"}]}},"_links":{"self":[{"href":"https:\/\/radioljubuski.ba\/index.php\/wp-json\/wp\/v2\/posts\/10860","targetHints":{"allow":["GET"]}}],"collection":[{"href":"https:\/\/radioljubuski.ba\/index.php\/wp-json\/wp\/v2\/posts"}],"about":[{"href":"https:\/\/radioljubuski.ba\/index.php\/wp-json\/wp\/v2\/types\/post"}],"author":[{"embeddable":true,"href":"https:\/\/radioljubuski.ba\/index.php\/wp-json\/wp\/v2\/users\/2"}],"replies":[{"embeddable":true,"href":"https:\/\/radioljubuski.ba\/index.php\/wp-json\/wp\/v2\/comments?post=10860"}],"version-history":[{"count":1,"href":"https:\/\/radioljubuski.ba\/index.php\/wp-json\/wp\/v2\/posts\/10860\/revisions"}],"predecessor-version":[{"id":10862,"href":"https:\/\/radioljubuski.ba\/index.php\/wp-json\/wp\/v2\/posts\/10860\/revisions\/10862"}],"wp:featuredmedia":[{"embeddable":true,"href":"https:\/\/radioljubuski.ba\/index.php\/wp-json\/wp\/v2\/media\/10861"}],"wp:attachment":[{"href":"https:\/\/radioljubuski.ba\/index.php\/wp-json\/wp\/v2\/media?parent=10860"}],"wp:term":[{"taxonomy":"category","embeddable":true,"href":"https:\/\/radioljubuski.ba\/index.php\/wp-json\/wp\/v2\/categories?post=10860"},{"taxonomy":"post_tag","embeddable":true,"href":"https:\/\/radioljubuski.ba\/index.php\/wp-json\/wp\/v2\/tags?post=10860"}],"curies":[{"name":"wp","href":"https:\/\/api.w.org\/{rel}","templated":true}]}}