{"id":10866,"date":"2021-04-08T18:41:04","date_gmt":"2021-04-08T17:41:04","guid":{"rendered":"https:\/\/radioljubuski.ba\/?p=10866"},"modified":"2021-04-08T22:07:51","modified_gmt":"2021-04-08T21:07:51","slug":"posljednju-bitku-izgubio-general-hv-a-i-hvo-a-miljenko-mica-lasic","status":"publish","type":"post","link":"https:\/\/radioljubuski.ba\/index.php\/2021\/04\/08\/posljednju-bitku-izgubio-general-hv-a-i-hvo-a-miljenko-mica-lasic\/","title":{"rendered":"Posljednju bitku izgubio general HV-a i HVO-a Miljenko Mi\u0107a Lasi\u0107"},"content":{"rendered":"\n<p><strong>Bitku s koronavirusom izgubio je danas general Hrvatske vojske i Hrvatskoga vije\u0107a obrane Miljenko Mi\u0107a Lasi\u0107 na dan utemeljenja Hrvatskoga vije\u0107a obrane, u \u010dijem je ustrojavanju aktivno sudjelovao.<\/strong><\/p>\n\n\n\n<p>Lasi\u0107 je obolio od COVID-19 sredinom pro\u0161log mjeseca, a tek nakon desetak dana kada je dobio upalu plu\u0107a, odlu\u010dio se za lije\u010dni\u010dki tretman. U COVID bolnici u Splitu bio je priklju\u010den na kisik, a posljednja \u010detiri dana i na respirator. Preminuo je danas od tih posljedica. Jo\u0161 uvijek nije objavljeno vrijeme i mjesto pokopa generala Lasi\u0107a, pi\u0161e Ve\u010dernji list.<\/p>\n\n\n\n<p><strong>Hrvatski dragovoljac<\/strong><\/p>\n\n\n\n<p>Miljenko Mi\u0107a Lasi\u0107 ro\u0111en je u mjestu Uzari\u0107i kod \u0160irokog Brijega 1954. godine. Nakon srednjo\u0161kolskog obrazovanja u Mostaru, u Sarajevu je zavr\u0161io Vi\u0161u komercijalnu \u0161kolu, a zatim se bavio privatnim poduzetni\u0161tvom. Bio je dragovoljac Domovinskog rata. Nakon agresije na Republiku Hrvatsku priklju\u010dio se postrojbama Hrvatske vojske. Najprije oko Zadra, a zatim se borio i na Ju\u017enome boji\u0161tu nadomak Dubrovnika. Bio je jedan od osniva\u010da hrvatskih dragovolja\u010dkih postrojbi u Bosni i Hercegovini. Bio je zapovjednik Druge satnije Poskok bojne, koja je bila me\u0111u prvima koja je stala u obranu Mostara i Hercegovine.<\/p>\n\n\n\n<p><strong>Zapovjednik obrane<\/strong><\/p>\n\n\n\n<p>Nakon oslobo\u0111enja Mostara u lipnju 1992. godine postao je zapovjednik obrane Mostara, a zatim Operativnog podru\u010dja Mostara, a kasnije i Zbornog podru\u010dja Mostar. U akciji oslobo\u0111enja Kupresa 1994. Mi\u0107a Lasi\u0107 izgubio je oko. Zbog sudjelovanja u brojnim ratnim operacijama dobio je vi\u0161e ratnih vojnih odli\u010dja.<\/p>\n\n\n\n<p>Prije nekoliko godina preselio se u Hrvatsku nakon \u0161to su pravosudne vlasti BiH vodile istragu protiv njega i niza hrvatskih \u010dasnika. Njegovo ime spominjalo se i tijekom procesa \u0161estorici du\u017enosnika Herceg Bosne.<\/p>\n\n\n\n<p>\/HMS\/<\/p>\n","protected":false},"excerpt":{"rendered":"<p>Bitku s koronavirusom izgubio je danas general Hrvatske vojske i Hrvatskoga vije\u0107a obrane Miljenko Mi\u0107a Lasi\u0107 na dan utemeljenja Hrvatskoga vije\u0107a obrane, u \u010dijem je ustrojavanju aktivno sudjelovao. Lasi\u0107 je obolio od COVID-19 sredinom pro\u0161log mjeseca, a tek nakon desetak dana kada je dobio upalu plu\u0107a, odlu\u010dio se za lije\u010dni\u010dki tretman. U COVID bolnici u [&hellip;]<\/p>\n","protected":false},"author":2,"featured_media":10867,"comment_status":"closed","ping_status":"closed","sticky":false,"template":"","format":"standard","meta":{"h5ap_radio_sources":[],"footnotes":""},"categories":[1],"tags":[],"class_list":["post-10866","post","type-post","status-publish","format-standard","has-post-thumbnail","hentry","category-bihiregija"],"yoast_head":"<!-- This site is optimized with the Yoast SEO plugin v27.5 - https:\/\/yoast.com\/product\/yoast-seo-wordpress\/ -->\n<title>Posljednju bitku izgubio general HV-a i HVO-a Miljenko Mi\u0107a Lasi\u0107 - RADIO LJUBU\u0160KI<\/title>\n<meta name=\"robots\" content=\"index, follow, max-snippet:-1, max-image-preview:large, max-video-preview:-1\" \/>\n<link rel=\"canonical\" href=\"https:\/\/radioljubuski.ba\/index.php\/2021\/04\/08\/posljednju-bitku-izgubio-general-hv-a-i-hvo-a-miljenko-mica-lasic\/\" \/>\n<meta property=\"og:locale\" content=\"hr_HR\" \/>\n<meta property=\"og:type\" content=\"article\" \/>\n<meta property=\"og:title\" content=\"Posljednju bitku izgubio general HV-a i HVO-a Miljenko Mi\u0107a Lasi\u0107 - RADIO LJUBU\u0160KI\" \/>\n<meta property=\"og:description\" content=\"Bitku s koronavirusom izgubio je danas general Hrvatske vojske i Hrvatskoga vije\u0107a obrane Miljenko Mi\u0107a Lasi\u0107 na dan utemeljenja Hrvatskoga vije\u0107a obrane, u \u010dijem je ustrojavanju aktivno sudjelovao. Lasi\u0107 je obolio od COVID-19 sredinom pro\u0161log mjeseca, a tek nakon desetak dana kada je dobio upalu plu\u0107a, odlu\u010dio se za lije\u010dni\u010dki tretman. U COVID bolnici u [&hellip;]\" \/>\n<meta property=\"og:url\" content=\"https:\/\/radioljubuski.ba\/index.php\/2021\/04\/08\/posljednju-bitku-izgubio-general-hv-a-i-hvo-a-miljenko-mica-lasic\/\" \/>\n<meta property=\"og:site_name\" content=\"RADIO LJUBU\u0160KI\" \/>\n<meta property=\"article:publisher\" content=\"https:\/\/www.facebook.com\/Radiio-Ljubuski-1490835324566332\" \/>\n<meta property=\"article:published_time\" content=\"2021-04-08T17:41:04+00:00\" \/>\n<meta property=\"article:modified_time\" content=\"2021-04-08T21:07:51+00:00\" \/>\n<meta property=\"og:image\" content=\"https:\/\/radioljubuski.ba\/wp-content\/uploads\/2021\/04\/mica-lasic-umro.jpg\" \/>\n\t<meta property=\"og:image:width\" content=\"665\" \/>\n\t<meta property=\"og:image:height\" content=\"370\" \/>\n\t<meta property=\"og:image:type\" content=\"image\/jpeg\" \/>\n<meta name=\"author\" content=\"Radio Ljubu\u0161ki\" \/>\n<meta name=\"twitter:card\" content=\"summary_large_image\" \/>\n<meta name=\"twitter:creator\" content=\"@radioljubuski\" \/>\n<meta name=\"twitter:site\" content=\"@radioljubuski\" \/>\n<meta name=\"twitter:label1\" content=\"Napisao\/la\" \/>\n\t<meta name=\"twitter:data1\" content=\"Radio Ljubu\u0161ki\" \/>\n\t<meta name=\"twitter:label2\" content=\"Procijenjeno vrijeme \u010ditanja\" \/>\n\t<meta name=\"twitter:data2\" content=\"2 minute\" \/>\n<script type=\"application\/ld+json\" class=\"yoast-schema-graph\">{\"@context\":\"https:\\\/\\\/schema.org\",\"@graph\":[{\"@type\":\"Article\",\"@id\":\"https:\\\/\\\/radioljubuski.ba\\\/index.php\\\/2021\\\/04\\\/08\\\/posljednju-bitku-izgubio-general-hv-a-i-hvo-a-miljenko-mica-lasic\\\/#article\",\"isPartOf\":{\"@id\":\"https:\\\/\\\/radioljubuski.ba\\\/index.php\\\/2021\\\/04\\\/08\\\/posljednju-bitku-izgubio-general-hv-a-i-hvo-a-miljenko-mica-lasic\\\/\"},\"author\":{\"name\":\"Radio Ljubu\u0161ki\",\"@id\":\"https:\\\/\\\/radioljubuski.ba\\\/#\\\/schema\\\/person\\\/19fc700381a780f69665d7956c469e3b\"},\"headline\":\"Posljednju bitku izgubio general HV-a i HVO-a Miljenko Mi\u0107a Lasi\u0107\",\"datePublished\":\"2021-04-08T17:41:04+00:00\",\"dateModified\":\"2021-04-08T21:07:51+00:00\",\"mainEntityOfPage\":{\"@id\":\"https:\\\/\\\/radioljubuski.ba\\\/index.php\\\/2021\\\/04\\\/08\\\/posljednju-bitku-izgubio-general-hv-a-i-hvo-a-miljenko-mica-lasic\\\/\"},\"wordCount\":301,\"publisher\":{\"@id\":\"https:\\\/\\\/radioljubuski.ba\\\/#organization\"},\"image\":{\"@id\":\"https:\\\/\\\/radioljubuski.ba\\\/index.php\\\/2021\\\/04\\\/08\\\/posljednju-bitku-izgubio-general-hv-a-i-hvo-a-miljenko-mica-lasic\\\/#primaryimage\"},\"thumbnailUrl\":\"https:\\\/\\\/radioljubuski.ba\\\/wp-content\\\/uploads\\\/2021\\\/04\\\/mica-lasic-umro.jpg\",\"articleSection\":[\"BIH i regija\"],\"inLanguage\":\"hr\"},{\"@type\":\"WebPage\",\"@id\":\"https:\\\/\\\/radioljubuski.ba\\\/index.php\\\/2021\\\/04\\\/08\\\/posljednju-bitku-izgubio-general-hv-a-i-hvo-a-miljenko-mica-lasic\\\/\",\"url\":\"https:\\\/\\\/radioljubuski.ba\\\/index.php\\\/2021\\\/04\\\/08\\\/posljednju-bitku-izgubio-general-hv-a-i-hvo-a-miljenko-mica-lasic\\\/\",\"name\":\"Posljednju bitku izgubio general HV-a i HVO-a Miljenko Mi\u0107a Lasi\u0107 - RADIO LJUBU\u0160KI\",\"isPartOf\":{\"@id\":\"https:\\\/\\\/radioljubuski.ba\\\/#website\"},\"primaryImageOfPage\":{\"@id\":\"https:\\\/\\\/radioljubuski.ba\\\/index.php\\\/2021\\\/04\\\/08\\\/posljednju-bitku-izgubio-general-hv-a-i-hvo-a-miljenko-mica-lasic\\\/#primaryimage\"},\"image\":{\"@id\":\"https:\\\/\\\/radioljubuski.ba\\\/index.php\\\/2021\\\/04\\\/08\\\/posljednju-bitku-izgubio-general-hv-a-i-hvo-a-miljenko-mica-lasic\\\/#primaryimage\"},\"thumbnailUrl\":\"https:\\\/\\\/radioljubuski.ba\\\/wp-content\\\/uploads\\\/2021\\\/04\\\/mica-lasic-umro.jpg\",\"datePublished\":\"2021-04-08T17:41:04+00:00\",\"dateModified\":\"2021-04-08T21:07:51+00:00\",\"breadcrumb\":{\"@id\":\"https:\\\/\\\/radioljubuski.ba\\\/index.php\\\/2021\\\/04\\\/08\\\/posljednju-bitku-izgubio-general-hv-a-i-hvo-a-miljenko-mica-lasic\\\/#breadcrumb\"},\"inLanguage\":\"hr\",\"potentialAction\":[{\"@type\":\"ReadAction\",\"target\":[\"https:\\\/\\\/radioljubuski.ba\\\/index.php\\\/2021\\\/04\\\/08\\\/posljednju-bitku-izgubio-general-hv-a-i-hvo-a-miljenko-mica-lasic\\\/\"]}]},{\"@type\":\"ImageObject\",\"inLanguage\":\"hr\",\"@id\":\"https:\\\/\\\/radioljubuski.ba\\\/index.php\\\/2021\\\/04\\\/08\\\/posljednju-bitku-izgubio-general-hv-a-i-hvo-a-miljenko-mica-lasic\\\/#primaryimage\",\"url\":\"https:\\\/\\\/radioljubuski.ba\\\/wp-content\\\/uploads\\\/2021\\\/04\\\/mica-lasic-umro.jpg\",\"contentUrl\":\"https:\\\/\\\/radioljubuski.ba\\\/wp-content\\\/uploads\\\/2021\\\/04\\\/mica-lasic-umro.jpg\",\"width\":665,\"height\":370},{\"@type\":\"BreadcrumbList\",\"@id\":\"https:\\\/\\\/radioljubuski.ba\\\/index.php\\\/2021\\\/04\\\/08\\\/posljednju-bitku-izgubio-general-hv-a-i-hvo-a-miljenko-mica-lasic\\\/#breadcrumb\",\"itemListElement\":[{\"@type\":\"ListItem\",\"position\":1,\"name\":\"Po\u010detna stranica\",\"item\":\"https:\\\/\\\/radioljubuski.ba\\\/\"},{\"@type\":\"ListItem\",\"position\":2,\"name\":\"Posljednju bitku izgubio general HV-a i HVO-a Miljenko Mi\u0107a Lasi\u0107\"}]},{\"@type\":\"WebSite\",\"@id\":\"https:\\\/\\\/radioljubuski.ba\\\/#website\",\"url\":\"https:\\\/\\\/radioljubuski.ba\\\/\",\"name\":\"Radio Ljubu\u0161ki\",\"description\":\"Sun\u010dana frekvencija Hercegovine\",\"publisher\":{\"@id\":\"https:\\\/\\\/radioljubuski.ba\\\/#organization\"},\"potentialAction\":[{\"@type\":\"SearchAction\",\"target\":{\"@type\":\"EntryPoint\",\"urlTemplate\":\"https:\\\/\\\/radioljubuski.ba\\\/?s={search_term_string}\"},\"query-input\":{\"@type\":\"PropertyValueSpecification\",\"valueRequired\":true,\"valueName\":\"search_term_string\"}}],\"inLanguage\":\"hr\"},{\"@type\":\"Organization\",\"@id\":\"https:\\\/\\\/radioljubuski.ba\\\/#organization\",\"name\":\"Radio Ljubu\u0161ki\",\"url\":\"https:\\\/\\\/radioljubuski.ba\\\/\",\"logo\":{\"@type\":\"ImageObject\",\"inLanguage\":\"hr\",\"@id\":\"https:\\\/\\\/radioljubuski.ba\\\/#\\\/schema\\\/logo\\\/image\\\/\",\"url\":\"https:\\\/\\\/radioljubuski.ba\\\/wp-content\\\/uploads\\\/2021\\\/02\\\/cropped-Radio_Ljubuski_logo1.jpg\",\"contentUrl\":\"https:\\\/\\\/radioljubuski.ba\\\/wp-content\\\/uploads\\\/2021\\\/02\\\/cropped-Radio_Ljubuski_logo1.jpg\",\"width\":512,\"height\":512,\"caption\":\"Radio Ljubu\u0161ki\"},\"image\":{\"@id\":\"https:\\\/\\\/radioljubuski.ba\\\/#\\\/schema\\\/logo\\\/image\\\/\"},\"sameAs\":[\"https:\\\/\\\/www.facebook.com\\\/Radiio-Ljubuski-1490835324566332\",\"https:\\\/\\\/x.com\\\/radioljubuski\",\"https:\\\/\\\/hr.linkedin.com\\\/company\\\/radio-ljubuski\",\"https:\\\/\\\/www.youtube.com\\\/channel\\\/UCHYaeO_n0Db3tjNGudGpXyw\"]},{\"@type\":\"Person\",\"@id\":\"https:\\\/\\\/radioljubuski.ba\\\/#\\\/schema\\\/person\\\/19fc700381a780f69665d7956c469e3b\",\"name\":\"Radio Ljubu\u0161ki\"}]}<\/script>\n<!-- \/ Yoast SEO plugin. -->","yoast_head_json":{"title":"Posljednju bitku izgubio general HV-a i HVO-a Miljenko Mi\u0107a Lasi\u0107 - RADIO LJUBU\u0160KI","robots":{"index":"index","follow":"follow","max-snippet":"max-snippet:-1","max-image-preview":"max-image-preview:large","max-video-preview":"max-video-preview:-1"},"canonical":"https:\/\/radioljubuski.ba\/index.php\/2021\/04\/08\/posljednju-bitku-izgubio-general-hv-a-i-hvo-a-miljenko-mica-lasic\/","og_locale":"hr_HR","og_type":"article","og_title":"Posljednju bitku izgubio general HV-a i HVO-a Miljenko Mi\u0107a Lasi\u0107 - RADIO LJUBU\u0160KI","og_description":"Bitku s koronavirusom izgubio je danas general Hrvatske vojske i Hrvatskoga vije\u0107a obrane Miljenko Mi\u0107a Lasi\u0107 na dan utemeljenja Hrvatskoga vije\u0107a obrane, u \u010dijem je ustrojavanju aktivno sudjelovao. Lasi\u0107 je obolio od COVID-19 sredinom pro\u0161log mjeseca, a tek nakon desetak dana kada je dobio upalu plu\u0107a, odlu\u010dio se za lije\u010dni\u010dki tretman. U COVID bolnici u [&hellip;]","og_url":"https:\/\/radioljubuski.ba\/index.php\/2021\/04\/08\/posljednju-bitku-izgubio-general-hv-a-i-hvo-a-miljenko-mica-lasic\/","og_site_name":"RADIO LJUBU\u0160KI","article_publisher":"https:\/\/www.facebook.com\/Radiio-Ljubuski-1490835324566332","article_published_time":"2021-04-08T17:41:04+00:00","article_modified_time":"2021-04-08T21:07:51+00:00","og_image":[{"width":665,"height":370,"url":"https:\/\/radioljubuski.ba\/wp-content\/uploads\/2021\/04\/mica-lasic-umro.jpg","type":"image\/jpeg"}],"author":"Radio Ljubu\u0161ki","twitter_card":"summary_large_image","twitter_creator":"@radioljubuski","twitter_site":"@radioljubuski","twitter_misc":{"Napisao\/la":"Radio Ljubu\u0161ki","Procijenjeno vrijeme \u010ditanja":"2 minute"},"schema":{"@context":"https:\/\/schema.org","@graph":[{"@type":"Article","@id":"https:\/\/radioljubuski.ba\/index.php\/2021\/04\/08\/posljednju-bitku-izgubio-general-hv-a-i-hvo-a-miljenko-mica-lasic\/#article","isPartOf":{"@id":"https:\/\/radioljubuski.ba\/index.php\/2021\/04\/08\/posljednju-bitku-izgubio-general-hv-a-i-hvo-a-miljenko-mica-lasic\/"},"author":{"name":"Radio Ljubu\u0161ki","@id":"https:\/\/radioljubuski.ba\/#\/schema\/person\/19fc700381a780f69665d7956c469e3b"},"headline":"Posljednju bitku izgubio general HV-a i HVO-a Miljenko Mi\u0107a Lasi\u0107","datePublished":"2021-04-08T17:41:04+00:00","dateModified":"2021-04-08T21:07:51+00:00","mainEntityOfPage":{"@id":"https:\/\/radioljubuski.ba\/index.php\/2021\/04\/08\/posljednju-bitku-izgubio-general-hv-a-i-hvo-a-miljenko-mica-lasic\/"},"wordCount":301,"publisher":{"@id":"https:\/\/radioljubuski.ba\/#organization"},"image":{"@id":"https:\/\/radioljubuski.ba\/index.php\/2021\/04\/08\/posljednju-bitku-izgubio-general-hv-a-i-hvo-a-miljenko-mica-lasic\/#primaryimage"},"thumbnailUrl":"https:\/\/radioljubuski.ba\/wp-content\/uploads\/2021\/04\/mica-lasic-umro.jpg","articleSection":["BIH i regija"],"inLanguage":"hr"},{"@type":"WebPage","@id":"https:\/\/radioljubuski.ba\/index.php\/2021\/04\/08\/posljednju-bitku-izgubio-general-hv-a-i-hvo-a-miljenko-mica-lasic\/","url":"https:\/\/radioljubuski.ba\/index.php\/2021\/04\/08\/posljednju-bitku-izgubio-general-hv-a-i-hvo-a-miljenko-mica-lasic\/","name":"Posljednju bitku izgubio general HV-a i HVO-a Miljenko Mi\u0107a Lasi\u0107 - RADIO LJUBU\u0160KI","isPartOf":{"@id":"https:\/\/radioljubuski.ba\/#website"},"primaryImageOfPage":{"@id":"https:\/\/radioljubuski.ba\/index.php\/2021\/04\/08\/posljednju-bitku-izgubio-general-hv-a-i-hvo-a-miljenko-mica-lasic\/#primaryimage"},"image":{"@id":"https:\/\/radioljubuski.ba\/index.php\/2021\/04\/08\/posljednju-bitku-izgubio-general-hv-a-i-hvo-a-miljenko-mica-lasic\/#primaryimage"},"thumbnailUrl":"https:\/\/radioljubuski.ba\/wp-content\/uploads\/2021\/04\/mica-lasic-umro.jpg","datePublished":"2021-04-08T17:41:04+00:00","dateModified":"2021-04-08T21:07:51+00:00","breadcrumb":{"@id":"https:\/\/radioljubuski.ba\/index.php\/2021\/04\/08\/posljednju-bitku-izgubio-general-hv-a-i-hvo-a-miljenko-mica-lasic\/#breadcrumb"},"inLanguage":"hr","potentialAction":[{"@type":"ReadAction","target":["https:\/\/radioljubuski.ba\/index.php\/2021\/04\/08\/posljednju-bitku-izgubio-general-hv-a-i-hvo-a-miljenko-mica-lasic\/"]}]},{"@type":"ImageObject","inLanguage":"hr","@id":"https:\/\/radioljubuski.ba\/index.php\/2021\/04\/08\/posljednju-bitku-izgubio-general-hv-a-i-hvo-a-miljenko-mica-lasic\/#primaryimage","url":"https:\/\/radioljubuski.ba\/wp-content\/uploads\/2021\/04\/mica-lasic-umro.jpg","contentUrl":"https:\/\/radioljubuski.ba\/wp-content\/uploads\/2021\/04\/mica-lasic-umro.jpg","width":665,"height":370},{"@type":"BreadcrumbList","@id":"https:\/\/radioljubuski.ba\/index.php\/2021\/04\/08\/posljednju-bitku-izgubio-general-hv-a-i-hvo-a-miljenko-mica-lasic\/#breadcrumb","itemListElement":[{"@type":"ListItem","position":1,"name":"Po\u010detna stranica","item":"https:\/\/radioljubuski.ba\/"},{"@type":"ListItem","position":2,"name":"Posljednju bitku izgubio general HV-a i HVO-a Miljenko Mi\u0107a Lasi\u0107"}]},{"@type":"WebSite","@id":"https:\/\/radioljubuski.ba\/#website","url":"https:\/\/radioljubuski.ba\/","name":"Radio Ljubu\u0161ki","description":"Sun\u010dana frekvencija Hercegovine","publisher":{"@id":"https:\/\/radioljubuski.ba\/#organization"},"potentialAction":[{"@type":"SearchAction","target":{"@type":"EntryPoint","urlTemplate":"https:\/\/radioljubuski.ba\/?s={search_term_string}"},"query-input":{"@type":"PropertyValueSpecification","valueRequired":true,"valueName":"search_term_string"}}],"inLanguage":"hr"},{"@type":"Organization","@id":"https:\/\/radioljubuski.ba\/#organization","name":"Radio Ljubu\u0161ki","url":"https:\/\/radioljubuski.ba\/","logo":{"@type":"ImageObject","inLanguage":"hr","@id":"https:\/\/radioljubuski.ba\/#\/schema\/logo\/image\/","url":"https:\/\/radioljubuski.ba\/wp-content\/uploads\/2021\/02\/cropped-Radio_Ljubuski_logo1.jpg","contentUrl":"https:\/\/radioljubuski.ba\/wp-content\/uploads\/2021\/02\/cropped-Radio_Ljubuski_logo1.jpg","width":512,"height":512,"caption":"Radio Ljubu\u0161ki"},"image":{"@id":"https:\/\/radioljubuski.ba\/#\/schema\/logo\/image\/"},"sameAs":["https:\/\/www.facebook.com\/Radiio-Ljubuski-1490835324566332","https:\/\/x.com\/radioljubuski","https:\/\/hr.linkedin.com\/company\/radio-ljubuski","https:\/\/www.youtube.com\/channel\/UCHYaeO_n0Db3tjNGudGpXyw"]},{"@type":"Person","@id":"https:\/\/radioljubuski.ba\/#\/schema\/person\/19fc700381a780f69665d7956c469e3b","name":"Radio Ljubu\u0161ki"}]}},"_links":{"self":[{"href":"https:\/\/radioljubuski.ba\/index.php\/wp-json\/wp\/v2\/posts\/10866","targetHints":{"allow":["GET"]}}],"collection":[{"href":"https:\/\/radioljubuski.ba\/index.php\/wp-json\/wp\/v2\/posts"}],"about":[{"href":"https:\/\/radioljubuski.ba\/index.php\/wp-json\/wp\/v2\/types\/post"}],"author":[{"embeddable":true,"href":"https:\/\/radioljubuski.ba\/index.php\/wp-json\/wp\/v2\/users\/2"}],"replies":[{"embeddable":true,"href":"https:\/\/radioljubuski.ba\/index.php\/wp-json\/wp\/v2\/comments?post=10866"}],"version-history":[{"count":1,"href":"https:\/\/radioljubuski.ba\/index.php\/wp-json\/wp\/v2\/posts\/10866\/revisions"}],"predecessor-version":[{"id":10868,"href":"https:\/\/radioljubuski.ba\/index.php\/wp-json\/wp\/v2\/posts\/10866\/revisions\/10868"}],"wp:featuredmedia":[{"embeddable":true,"href":"https:\/\/radioljubuski.ba\/index.php\/wp-json\/wp\/v2\/media\/10867"}],"wp:attachment":[{"href":"https:\/\/radioljubuski.ba\/index.php\/wp-json\/wp\/v2\/media?parent=10866"}],"wp:term":[{"taxonomy":"category","embeddable":true,"href":"https:\/\/radioljubuski.ba\/index.php\/wp-json\/wp\/v2\/categories?post=10866"},{"taxonomy":"post_tag","embeddable":true,"href":"https:\/\/radioljubuski.ba\/index.php\/wp-json\/wp\/v2\/tags?post=10866"}],"curies":[{"name":"wp","href":"https:\/\/api.w.org\/{rel}","templated":true}]}}