{"id":10873,"date":"2021-04-08T18:49:00","date_gmt":"2021-04-08T17:49:00","guid":{"rendered":"https:\/\/radioljubuski.ba\/?p=10873"},"modified":"2021-04-08T18:49:00","modified_gmt":"2021-04-08T17:49:00","slug":"vlado-dzoic-trgove-i-ulice-treba-nazvati-po-palim-herojima-iz-hvo-a","status":"publish","type":"post","link":"https:\/\/radioljubuski.ba\/index.php\/2021\/04\/08\/vlado-dzoic-trgove-i-ulice-treba-nazvati-po-palim-herojima-iz-hvo-a\/","title":{"rendered":"Vlado D\u017eoi\u0107: Trgove i ulice treba nazvati po palim herojima iz HVO-a"},"content":{"rendered":"\n<p><strong>Na dana\u0161nji dan prije 29 godina, 8. travnja 1992., osnovano je Hrvatsko vije\u0107e obrane nakon \u0161to je postalo jasno da u BiH slijedi rat. Hrvatsko vije\u0107e obrane definirano je kao vrhovno izvr\u0161no i upravno tijelo vlasti u Herceg Bosni. Od obrane podru\u010dja na kojima su \u017eivjeli Hrvati u ratu sa srpskom stranom, do ratnih sukoba s bo\u0161nja\u010dkom stranom te na kraju oslobo\u0111enja BiH. General-bojnik Vlado D\u017eoi\u0107, koji je voditelj Odjela za branitelje HVO-a i Domovinski rat i \u010dlan Predsjedni\u0161tva HNS-a BiH, izjavio je u intervju&nbsp;<a href=\"https:\/\/www.vecernji.ba\/vijesti\/trgove-ulice-treba-nazvati-po-palim-herojima-iz-hvo-a-zbog-svoje-sarolikosti-postrojbe-hvo-a-1482768\" target=\"_blank\" rel=\"noreferrer noopener\">Ve\u010derenjem listu<\/a>&nbsp;kako je uloga HVO-a nezamjenjiva.<\/strong><\/p>\n\n\n\n<p><strong>Kakvo je zna\u010denje imalo osnivanje HVO-a za bh. Hrvate i dr\u017eavu BiH?<\/strong><\/p>\n\n\n\n<p>\u2013 Upravo tako, na dana\u0161nji dan prije 29 godina utemeljeno je Hrvatsko vije\u0107e obrane kao legalna oru\u017eana sila hrvatskog naroda, a mjesto, uloga i zna\u010daj HVO-a u Domovinskom ratu nezamjenjiv su i neraskidiv dio novije hrvatske povijesti i zato se moram nakratko osvrnuti na vrijeme utemeljenja HVO-a. Iako je hrvatski narod u BiH izlaskom na referendum i plebiscitarnom potporom poku\u0161ao spasiti BiH kao samostalnu i neovisnu dr\u017eavu, napadom na Republiku Hrvatsku bilo je jasno da \u0107e se ratni vihor pro\u0161iriti i na na\u0161u zemlju. Zaustavljanjem dugih tenkovskih kolona u Pologu i \u0160uici, nenaoru\u017ean i goloruk hrvatski narod pokazao je da ne\u0107e dopustiti biti protjeran sa svojih vjekovnih ognji\u0161ta. Brutalni neprijateljski napad na selo Ravno jo\u0161 vi\u0161e je potaknuo ve\u0107 zapo\u010deto osnivanje op\u0107inskih kriznih sto\u017eera, kao prvog oblika organiziranih priprema za nadolaze\u0107i krvavi rat, i ilegalno se formiraju postrojbe u svim dijelovima BiH gdje su \u017eivjeli Hrvati. Politi\u010dka zrelost hrvatskog naroda i njegova politi\u010dkog vodstva rezultirala je odlukom da je na dana\u0161nji dan, 8. travnja 1992. godine, i slu\u017ebeno progla\u0161eno osnivanje HVO-a. Poslije \u0107e se pokazati da je ova odluka imala potpunu politi\u010dku i vojnu opravdanost jer je kanalizirala daljnja ratna zbivanja i doslovno spasila BiH, ali i hrvatski narod. Mo\u017ee se slobodno re\u0107i da tamo gdje nije bilo HVO-a, hrvatskog naroda danas gotovo i nema, a razlozi su u ratnom protjerivanju, masovnom ubojstvu Hrvata i uni\u0161tavanju hrvatske imovine, \u0161to od Vojske Republike Srpske, \u0161to od Armije Bosne i Hercegovine. Godine 1992. op\u0107inske postrojbe HVO-a bile su uvezane kroz \u010detiri operativne zone: Jugoisto\u010dna Hercegovina, Sjeverozapadna Hercegovina, Sredi\u0161nja Bosna i Posavina, koje kasnije postaju zborna podru\u010dja Mostar, Tomislavgrad, Vitez i Ora\u0161je. Razvoj ratnih zbivanja i potreba na terenu za manevarskim i operativnim postrojbama u osloba\u0111anju okupiranih dijelova BiH ve\u0107 je 1993. i 1994. godine dovela do formiranja \u010detiriju gardijskih brigada, a dotada\u0161nje op\u0107inske brigade preustrojem se prevode u domobranske pukovnije i bojne, ustrojene na lokalnom principu. Gardijske brigade, kao profesionalni dio HVO-a, popunjavaju se ve\u0107 prekaljenim braniteljima iz dotada\u0161njih brigada, a nerijetki su primjeri prelaska cijelih ratnih postrojbi koje su poslije \u010dinile okosnicu u svim daljnjim ratnim aktivnostima gardijskih brigada. Blistavo izvedene akcije i pobjede kroz ratne operacije: \u010cagalj, Zima, Cincar, Oluja, Ljeto, Maestral, Ju\u017eni potez, Skok 1 i 2, ali i kroz mnoge druge blistave i maestralne pobjede, postrojbe HVO-a stvorile su pretpostavke za potpisivanje Daytonskog mirovnog sporazuma, koji je zaustavio rat u BiH. Iz svega gore navedenog mo\u017ee se re\u0107i kako je osnivanje HVO-a zna\u010dilo slobodu i opstojnost hrvatskog naroda, ali i izravno utjecalo na spas BiH ili, bolje re\u0107i, da nije bilo HVO-a, ne bi bilo ni BiH i tu \u010dinjenicu svi moraju prihvatiti.<\/p>\n\n\n\n<p><strong>Postavlja se pitanje, s obzirom na to da su na po\u010detku bili zajedno, za\u0161to Hrvati i Bo\u0161njaci nisu imali zajedni\u010dke oru\u017eane formacije?<\/strong><\/p>\n\n\n\n<p>\u2013 Mo\u017eemo to re\u0107i i na ovaj na\u010din, mi smo bili zajedno u po\u010decima obrane BiH jer je na dijelu prostora gdje su \u017eivjeli hrvatski i bo\u0161nja\u010dki narod postojao samo HVO kao organizirana oru\u017eana snaga za obranu i u na\u0161im postrojbama nalazio se zna\u010dajan broj Bo\u0161njaka, pa i Srba, \u0161to nas \u010dini najmultietni\u010dkijom vojskom u BiH. Kod nas u Posavini Bo\u0161njaci su u postrojbama HVO-a ostali cijelo vrijeme Domovinskog rata, a \u010dinjenicu da je HVO bio jedina organizirana vojska za obranu, najbolje potvr\u0111uje odluka Predsjedni\u0161tva BiH da se obrana Mostara povjeri HVO-u.<\/p>\n\n\n\n<p>Danas to mnogi svjesno pre\u0161u\u0107uju, kao \u0161to pre\u0161u\u0107uju i \u010dinjenice da su Hrvati i HVO prvi stali u obranu Bugojna u prvi naletima i napadima VRS-a, a znamo kroz kakve je kalvarije, zlo\u010dine i patnje poslije pro\u0161ao hrvatski narod Bugojna, a sli\u010dne bi se pri\u010de mogle ispri\u010dati i za druga mjesta u Bosni i Hercegovini koja su do\u017eivjela sudbinu Bugojna. Masovnijim naoru\u017eavanjem i kasnijim formiranjem postrojbi Armije BiH, ne samo da Bo\u0161njaci nisu vi\u0161e htjeli biti zajedno u postrojbama HVO-a ve\u0107 tamo gdje su bili apsolutna ve\u0107ina nasilno su razoru\u017eali postrojbe HVO-a, unato\u010d \u010dinjenici da su Hrvati i tamo prvi stali u obranu. Najo\u010ditiji ovakav primjer je Sarajevo, gdje je u njegovoj obrani poginulo vi\u0161e od stotinu pripadnika HVO-a, Brigada HVO-a \u201cKralj Tvrtko\u201d prisilno je razoru\u017eana, a poginuli hrvatski branitelji jo\u0161 uvijek nemaju svoj spomenik.<\/p>\n\n\n\n<p><strong>U HVO-u je poginulo 6337 hrvatskih mladi\u0107a. Jesmo li se dovoljno kao narod odu\u017eili \u017ertvama i obiteljima?<\/strong><\/p>\n\n\n\n<p>\u2013 Siguran sam da se moj odgovor ne\u0107e mnogima svidjeti, ali ja \u0107u odgovoriti onako kako ja do\u017eivljavam i gledam i re\u0107i \u0107u otvoreno da se mi kao narod nismo u dovoljnoj mjeri odu\u017eili poginulim braniteljima i njihovim obiteljima. Bojim se da to nikada ne\u0107emo u potpunosti u\u010diniti. Ono na \u0161to moramo priznati i istaknuti jest da su sve obitelji poginulih pripadnika HVO-a vrlo kvalitetno zbrinute kroz mirovine iz Republike Hrvatske, ali tamo gdje smo svi zakazali jesu djeca poginulih branitelja. Ima sredina gdje se o njihovu zapo\u0161ljavanju vodi malo vi\u0161e brige, ali u najve\u0107em broju na\u0161ih op\u0107ina i gradova nije tako i ima jo\u0161 puno prostora da se ova nepravda ispravi, odnosno da na adekvatan na\u010din vrednujemo \u017ertvu svakog na\u0161eg poginulog branitelja. Evo, i ovom prigodom pozivam sve predstavnike zakonodavne, a posebno izvr\u0161ne vlasti Hrvata u BiH da u\u010dine sve kako bi se djeca poginulih branitelja u prioritetu zaposlila, jer to je najmanje \u0161to mo\u017eemo u\u010diniti za \u017ertvu njihovih o\u010deva u Domovinskom ratu.<\/p>\n\n\n\n<p><strong>Kako komentirate poku\u0161aje osporavanja uloge HVO-a u obrani?<\/strong><\/p>\n\n\n\n<p>\u2013 Svjedoci smo gotovo svakodnevnih tvrdnji predstavnika bo\u0161nja\u010dkog naroda kako je jedino Armija BiH branila i obranila Bosnu i Hercegovinu, a kako su je svi drugi samo napadali. Svi oni su duboko svjesni \u010dinjenice da to nije istina i da je HVO prvi stao u obranu BiH i, kako sam ve\u0107 rekao, da nije bilo HVO-a, ne bi bilo ni BiH. Priznavanjem te \u010dinjenice uru\u0161io bi se mit koji se poku\u0161ava stvoriti kada je rije\u010d o Armiji BiH, kao i narativ o HVO-u i hrvatskom narodu kao dijelu nekakva UZP-a. \u010cini mi se kako se ovo osporavanje uloge HVO-a u obrani BiH namjerno potencira kako bi se \u0161to vi\u0161e minimizirao doprinos cjelokupnog hrvatskog naroda u opstanku BiH, a to se kontinuirano svjesno poku\u0161ava prebaciti i na politi\u010dki teren, a najbolji je primjer bo\u0161nja\u010dka opstrukcija izmjena Izbornog zakona BiH, koji bi trebao osigurati legitimno predstavljanje i hrvatskog naroda u BiH te sprije\u010diti dosada\u0161nju majorizaciju te nametanje i izbor nelegitimnih predstavnika hrvatskog naroda u BiH.<\/p>\n\n\n\n<p><strong>Je li mogu\u0107e razdvojiti HVO i Herceg Bosnu i za\u0161to se ustrajava s etiketiranjem Hrvata kao dijela zlo\u010dina\u010dkog pothvata?<\/strong><\/p>\n\n\n\n<p>\u2013 Jednostavno je nemogu\u0107e razdvojiti HVO i Herceg Bosnu jer je Herceg Bosna bila odgovor hrvatskog naroda na nadolaze\u0107u agresiju na BiH i hrvatski narod, a HVO je bio sredstvo za obranu slobode i opstojnosti Hrvata Bosne i Hercegovine kao konstitutivnog i jednakopravnog naroda. Tu ulogu i zada\u0107u HVO je \u010dasno odradio. Etiketiranje Hrvata kao dijela nekog UZP-a zlo\u010desta je interpretacija i iskrivljivanje haa\u0161ke presude jer oni koji su i\u0161\u010ditali haa\u0161ku presudu znaju kako se ona odnosi na samo nekoliko mjeseci 1993. godine i na samo \u0161est op\u0107ina tada\u0161nje Herceg Bosne.<\/p>\n\n\n\n<p>Postavlja se pitanje \u0161to je s ostale \u010detiri i pol godine rata i jo\u0161 vi\u0161e od dvadeset op\u0107ina gdje je djelovalo Hrvatsko vije\u0107e obrane, koje se u haa\u0161koj presudi uop\u0107e ne spominju kao sporne po bilo \u010demu. Mo\u017ee se primijetiti da bo\u0161nja\u010dki politi\u010dki predstavnici, kada nemaju prikladan odgovor za odre\u0111ene opravdane i zakonite inicijative i zahtjeve hrvatskih politi\u010dkih predstavnika, u pravilu odmah pose\u017eu za optu\u017ebama o takozvanom UZP-u, koji im slu\u017ei kao \u0161tit, koji koriste za politi\u010dki obra\u010dun i daljnje obespravljivanje Hrvata kao konstitutivnog i jednakopravnog naroda u BiH.<\/p>\n\n\n\n<p><strong>Veliki je broj va\u0161ih kolega procesuiran, a pokazalo se kako je dosta procesa, uklju\u010duju\u0107i i haa\u0161ke procese, imalo u pozadini politi\u010dke formulacije. Kako to komentirate, kao i \u010dinjenicu da se u BiH jo\u0161 uvijek vode postupci po dvama zakonima?<\/strong><\/p>\n\n\n\n<p>\u2013 Na\u017ealost, veliki broj presuda za ratne zlo\u010dine, uklju\u010duju\u0107i i one haa\u0161ke, u svojim izrekama sadr\u017ei i politi\u010dke formulacije te je nedopustivo da se presude koriste i za politi\u010dka razra\u010dunavanja, ali i to je na\u0161a surova svakodnevica gdje se ne biraju sredstva u politi\u010dkom obra\u010dunu s hrvatskim narodom. Pa zar nije politizacija sudstva da se za iste ratne zlo\u010dine sudi po dvama razli\u010ditim zakonima? Kada je rije\u010d o optu\u017enicama za ratne zlo\u010dine, bo\u0161nja\u010dkim vojnim zapovjednicima i pripadnicima Armije BiH sudi se po biv\u0161em SFRJ zakonu, koji je zna\u010dajno bla\u017ei, a pripadnicima HVO-a sudi se po novom zakonu BiH, koji je drasti\u010dno stro\u017ei, pa za posljedicu imamo brojne osloba\u0111aju\u0107e presude i zna\u010dajno manje kazne pripadnicima Armije BiH nego pripadnicima HVO-a. Takve presude \u0161alju lo\u0161u poruku i po istima se razli\u010dito tretiraju \u017ertve ratnog zlo\u010dina, \u0161to je nedopustivo. Kako sam znao i prije isticati, ne mo\u017ee biti ve\u0107e ili manje \u017ertve, sve \u017ertve su jednake i jednako je te\u0161ka suza majke Bo\u0161njakinje iz Ahmi\u0107a ili majke Hrvatice iz Kri\u017ean\u010deva Sela, Buhinih Ku\u0107a, Trusine, Grabovice, Uzdola, Doljana, Bugojna, Vidovica, Bri\u0161eva, ali i brojnih drugih mjesta gdje su po\u010dinjeni zlo\u010dini nad hrvatskim narodom. Sve presude morale su te\u017eiti istini i pridonositi pomirenju, ali, na\u017ealost, to u BiH nije slu\u010daj i bez stvarne istine ova zemlja ne mo\u017ee i\u0107i naprijed i osu\u0111ena je na propast.<\/p>\n\n\n\n<p><strong>\u010cini se da su branitelji nestali iz narodne memorije. Za\u0161to nema naziva trgova, ulica, institucija\u2026 nazvanih po herojima Domovinskog rata?<\/strong><\/p>\n\n\n\n<p>\u2013 Bojim se da ste u pravu i da branitelji pomalo nestaju iz narodne memorije, \u0161to nije dobro, jer narod koji ne cijeni svoju pro\u0161lost, ne mo\u017ee imati ni svijetlu budu\u0107nost. Tko nam je smetao, tamo gdje su Hrvati ve\u0107ina, imenovati ulice, trgove ili institucije pa na\u0161im herojima iz Domovinskog rata ili, bolje re\u010deno, sve je do nas i mi\u0161ljenja sam da se ovakvo stanje jo\u0161 uvijek mo\u017ee popraviti, da na\u0161e heroje otrgnemo od zaborava i u\u010dinimo besmrtnima. Branitelji moraju pokrenuti inicijative za ovakve aktivnosti i ustrajati u njihovu provo\u0111enju<\/p>\n\n\n\n<p><strong>Primjer reforme Oru\u017eanih snaga \u010desto stranci isti\u010du kao uspje\u0161an. Bi li takav model, kojim je zajam\u010den identitet triju naroda, mogao biti uzor i za rje\u0161avanje drugih politi\u010dkih pitanja?<\/strong><\/p>\n\n\n\n<p>\u2013 Aktivni sam i izravni sudionik reforme obrane u BiH i ona se s pravom isti\u010de kao najuspje\u0161nija reforma u BiH, a na njoj su najvi\u0161e ustrajavali upravo hrvatski politi\u010dki predstavnici. Iz ove reforme nitko nije iza\u0161ao kao pobjednik, ona je osigurala paritet u klju\u010dnim rukovodnim i zapovjednim du\u017enostima u Ministarstvu obrane i Oru\u017eanim snagama, a uz to je sa\u010duvala identitet HVO-a, Armije BiH i VRS-a, kao vojski iz kojih su nastale Oru\u017eane snage BiH. Tako danas imamo 1. gardijsku pukovniju OS BiH koja ba\u0161tini identitet i vojno povijesno naslje\u0111e HVO-a i hrvatskog naroda u BiH. U ovoj je reformi prevladao kompromis svih politi\u010dkih aktera i odustajanje od maksimalisti\u010dkih zahtjeva s bilo koje strane, zato se na ovim principima i me\u0111usobnom uva\u017eavanju i po\u0161tovanju trebaju nastaviti sve potrebne reforme u BiH, po\u010dev\u0161i od Izbornog zakona pa dalje, kako bi BiH imala priliku postati normalna, prosperitetna i nadasve demokratska i pravedna dr\u017eavom po \u017eelji svih svojih naroda i gra\u0111ana.<\/p>\n\n\n\n<p><strong>Danas se \u010desto isti\u010de kako se mali broj mladi\u0107a, osobito Hrvata, odlu\u010duje pristupiti Oru\u017eanim snagama. Kako to promijeniti i prijeti li opasnost da Hrvati nakon rata ostanu bez svoje sastavnice u OS BiH?<\/strong><\/p>\n\n\n\n<p>\u2013 Ja se uop\u0107e ne bojim da \u0107e Hvati ostati bez svoje sastavnice u OS BiH i dok god postoji hrvatski narod u BiH, postojat \u0107e i hrvatska sastavnica. Razloge u malom broju prijavljenih Hrvata prvenstveno treba tra\u017eiti u lo\u0161em statusu i malim pla\u0107ama pripadnika OS BiH, ali i nekim \u010dudnim kriterijima lije\u010dni\u010dkih povjerenstava kada su prijavljeni Hrvati u pitanju. Kada se popravi stanje u BiH, tada \u0107e se popraviti i stanje i status pripadnika OS BiH i onda \u0107e biti puno vi\u0161e prijavljenih od broja koji se treba primiti. Zato je potrebno provesti sve potrebne reforme kako bi do\u0161lo do ozdravljenja bh. dru\u0161tva u svim segmentima \u017eivota, a onda \u0107e i vojni poziv biti primamljiv za sve, pa tako i Hrvate u BiH. Vjerujem kako \u0107e se pribli\u017eavanjem BiH i ulaskom u NATO sve promijeniti nabolje kada je vojska u pitanju.<\/p>\n\n\n\n<p><strong>\u010cesto upozoravate na prava i polo\u017eaj branitelja. Jedan od zahtjeva odnosio se i na uspostavu doslovno posebnoga sektora u Federalnom ministarstvu branitelja za pripadnike HVO-a. Za\u0161to to tra\u017eite?<\/strong><\/p>\n\n\n\n<p>\u2013 Nekada je formiranjem Vojske Federacije BiH odnos pripadnika Armije BiH naspram HVO-a bio u omjeru 2,3:1 i taj se omjer odnosio kako na naoru\u017eanje tako i na financijske prinadle\u017enosti, pa tako i braniteljsku populaciju. Danas je taj omjer zna\u010dajno naru\u0161en na \u0161tetu Hrvata i zato smo tra\u017eili formiranje zasebnog sektora za HVO kako bismo ispravili sada\u0161nju nepravdu prema hrvatskim braniteljima, na \u0161to bo\u0161nja\u010dki politi\u010dki predstavnici ne \u017eele pristati, koriste\u0107i ve\u0107u brojnost u Vladi Federacije i posebno nadmo\u0107 u broju ruku u Zastupni\u010dkom domu Parlamenta Federacije BiH, ali mi od svojih opravdanih zahtjeva ne\u0107emo odustati.<\/p>\n\n\n\n<p><strong>Po novome Zakonu o pravima hrvatskih branitelja u RH, mali broj iz BiH uspio je rije\u0161iti svoja prava. Za\u0161to je to tako i ho\u0107e li se ubrzati te procedure?<\/strong><\/p>\n\n\n\n<p>\u2013 Na\u017ealost, mali je broj podnesenih zahtjeva pripadnika HVO-a pozitivno rije\u0161en i time nikako ne mo\u017eemo biti zadovoljni i na to smo ukazivali i Ministarstvu hrvatskih branitelja i HZMO-u, s kojima smo u stalnom kontaktu i imamo odli\u010dnu suradnju, posebno dolaskom Tome Medveda za ministra branitelja. U prve dvije godine primjene Zakona nije pozitivno rije\u0161eno vi\u0161e od 150 zahtjeva, \u0161to je pora\u017eavaju\u0107e, ali ohrabruje nas da je u prva tri mjeseca ove godine broj pozitivno rije\u0161enih zahtjeva pre\u0161ao 360. Ovdje se radi o puno stro\u017eim kriterijima lije\u010dni\u010dkih povjerenstava Zavoda za vje\u0161ta\u010denje, profesionalnu rehabilitaciju i zapo\u0161ljavanje osoba s invaliditetom RH (ZOSI) nego \u0161to je to bilo pri prvim umirovljenjima 1999. ili 2007. godine kada je tekao proces umirovljenja sukladno ugovoru RH i BiH o pitanju prava hrvatskih branitelja.<\/p>\n\n\n\n<p>Na\u017ealost, ni ovom novom brojkom ne mo\u017eemo biti zadovoljni jer je to malo vi\u0161e od 10% od broja podnesenih zahtjeva i mi \u0107emo preko Odjela za branitelje HNS-a i dalje inzistirati na ubla\u017eavanju strogih kriterija koji su za sada ograni\u010davaju\u0107i \u010dimbenik i \u010dije djelovanje proizvodi veliko i opravdano nezadovoljstvo branitelja HVO-a. O\u010dekujemo da \u0107e ubrzati i procedure rje\u0161avanja na upravnim sudovima po \u017ealbama pripadnika HVO-a na negativna rje\u0161enja, ali i da \u0107e povjerenstva biti barem malo popustljivija i pravi\u010dnija prema pripadnicima HVO-a, jer ranjeni pripadnici HVO-a ne mogu danas biti zdraviji nego u vrijeme ranjavanja, i ustrajat \u0107emo sa zahtjevom za fizi\u010dkim pregledom pripadnika HVO-a, a ne da se preostala radna sposobnost cijeni samo na temelju medicinske dokumentacije. Na\u017ealost, ovo pogor\u0161anje epidemiolo\u0161ke situacije ne ide nam na ruku, ali za o\u010dekivati je da ni ovo ne\u0107e trajati jo\u0161 dugo.<\/p>\n\n\n\n<p><strong>Vi dolazite iz Bosanske Posavine. Kako gledate na jednu na\u0161u nacionalno bolnu temu, je li Posavina izdana?<\/strong><\/p>\n\n\n\n<p>\u2013 Ovo je tema koja je izazvala brojne kontroverze i tuma\u010di se iz vi\u0161e kutova i s razli\u010ditih stajali\u0161ta, ali ja nisam pobornik teorija zavjera i prodaje Bosanske Posavine. Ovdje se mora uzeti u obzir i \u010dinjenica da je ovo po\u010detak rata, vrijeme kada su postrojbe HVO-a jo\u0161 uvijek bile nedovoljno naoru\u017eane i opremljene i sastavljene od dragovoljaca bez ikakvog ratnog iskustva. Posavljaci su dugo vremena odolijevali puno ja\u010dem, brojnijem i tehni\u010dki nadmo\u0107nijem neprijatelju, a \u010dak su imali i zna\u010dajnih uspjeha, kao \u0161to je onaj kada je 103. derventska brigada HVO-a potisnula srpske postrojbe do Podnovlja. Me\u0111utim, dovo\u0111enjem brojnih srpskih snaga iz Srbije i iz podru\u010dja Banje Luke, odnos u ljudstvu i tehnici bio je vi\u0161estruko na strani Srba i jednostavno se vojni\u010dki nije moglo parirati tolikim snagama protiv sebe. Danas mi je \u017eao tolikih poginulih Posavljaka, koji su pokazali nevi\u0111eno herojstvo i hrabrost u Domovinskom ratu jer se na kraju, izuzev ora\u0161kog prostora, ipak nisu uspjeli obraniti. Kada je u pitanju brodsko rati\u0161te, ono izaziva brojne kontroverze, ali dalje od ovoga ne \u017eelim i\u0107i, jer bi to moglo proizvesti brojne rasprave i samo izazvalo nepotrebna optu\u017eivanja i razila\u017eenja, koja u ovom vremenu hrvatskom narodu u BiH nisu potrebna.<\/p>\n\n\n\n<p><strong>Imate li kakvu poruku braniteljima za kraj ovog intervjua?<\/strong><\/p>\n\n\n\n<p>\u2013 Na kraju mogu poru\u010diti svim pripadnicima HVO-a da \u0107emo se odlu\u010dno suprotstaviti poku\u0161ajima krivotvorenja povijesne istine o Domovinskom ratu i poku\u0161ajima krivotvorenja cjelokupne novije povijesti. Dragi suborci i prijatelji, vi \u0107ete za svoj narod uvijek ostati heroji i istinski domoljubi, koje hrvatski narod nikada ne smije ostaviti i zaboraviti. Na svima nama je zajedno obraniti \u010dast, ponos, ugled i dostojanstvo svih hrvatskih branitelja i Domovinskog rata kao najve\u0107e svetinje hrvatskog naroda.<\/p>\n\n\n\n<p>Pripadnici HVO-a borili su se za Bosnu i Hercegovinu, za koju smo vjerovali da \u0107e postati pravna dr\u017eava, kao oslonac svakog demokratskog dru\u0161tva. Borili smo se za dr\u017eavu koja \u0107e omogu\u0107iti pravnu sigurnost, o\u010duvanje ustavnopravnog poretka i osigurati po\u0161tivanje temeljnih vrednota svakog demokratskog dru\u0161tva, a to su sloboda i pravo svakog \u010dovjeka. Na\u017ealost, dana\u0161nja dr\u017eava postala je sve ono \u0161to nismo \u017eeljeli i \u0161to ne bi trebala biti, postala je dr\u017eava pu\u010dista i anarhista koji ne samo da negiraju pravo \u010dovjeka ve\u0107 negiraju prava jednog cijelog naroda, na\u0161eg hrvatskog naroda. Zato pozivam i politi\u010dke predstavnike bo\u0161nja\u010dkog naroda, ali i one koji misle da predstavljaju hrvatski narod, iako im to pravo hrvatski narod nije dao, kao i predstavnike me\u0111unarodne zajednice u BiH, da prestanu s poni\u017eavanjem hrvatskog naroda, da prestanu s ru\u0161enjem ustavnopravnog poretka, ali i BiH kao dr\u017eave triju konstitutivnih i suverenih naroda. Ne ubijajte duh BiH jer svako ubojstvo je zlo\u010din, a za zlo\u010din \u0107e morati odgovarati i nalogodavci i njegovi izvr\u0161itelji. Mi pripadnici HVO-a, kao neotu\u0111ivi dio hrvatskog naroda, zajedno s njim odlu\u010dno \u0107emo se oduprijeti daljnjem poni\u017eenju i dekonstituiranju Hrvata kao naroda. Pozivamo svoj hrvatski narod da bude jedinstven, odlu\u010dan i ustrajan u borbi za svoja pripadaju\u0107a prava kao naroda te da svojim politi\u010dkim predstavnicima, kao izrazu na\u0161e izborne volje, pru\u017eimo punu potporu i budemo vjetar u jedra na putu do istinske i pune ustavne i institucionalne jednakopravnosti s drugim dvama narodima u BiH. Uz \u017eelju da 30. jubilarnu obljetnicu HVO-a do\u010dekamo u nekom boljem vremenu i vedrijem raspolo\u017eenju na radost svog ponosnog i prkosnog hrvatskog naroda, svim pripadnicima HVO-a upu\u0107ujem iskrene \u010destitke u povodu 29. obljetnice utemeljenja HVO-a, a svim obiteljima poginulih i nestalih hrvatskih branitelja iskazujem najdublji pijetet na \u017ertvi koju su dali za na\u0161u slobodu i opstojnost kako na prostorima BiH tako i Republike Hrvatske. Jednom HVO, zauvijek HVO!<\/p>\n\n\n\n<p>\/HMS\/<\/p>\n","protected":false},"excerpt":{"rendered":"<p>Na dana\u0161nji dan prije 29 godina, 8. travnja 1992., osnovano je Hrvatsko vije\u0107e obrane nakon \u0161to je postalo jasno da u BiH slijedi rat. Hrvatsko vije\u0107e obrane definirano je kao vrhovno izvr\u0161no i upravno tijelo vlasti u Herceg Bosni. Od obrane podru\u010dja na kojima su \u017eivjeli Hrvati u ratu sa srpskom stranom, do ratnih sukoba [&hellip;]<\/p>\n","protected":false},"author":2,"featured_media":10874,"comment_status":"closed","ping_status":"closed","sticky":false,"template":"","format":"standard","meta":{"h5ap_radio_sources":[],"footnotes":""},"categories":[1],"tags":[],"class_list":["post-10873","post","type-post","status-publish","format-standard","has-post-thumbnail","hentry","category-bihiregija"],"yoast_head":"<!-- This site is optimized with the Yoast SEO plugin v27.4 - https:\/\/yoast.com\/product\/yoast-seo-wordpress\/ -->\n<title>Vlado D\u017eoi\u0107: Trgove i ulice treba nazvati po palim herojima iz HVO-a - RADIO LJUBU\u0160KI<\/title>\n<meta name=\"robots\" content=\"index, follow, max-snippet:-1, max-image-preview:large, max-video-preview:-1\" \/>\n<link rel=\"canonical\" href=\"https:\/\/radioljubuski.ba\/index.php\/2021\/04\/08\/vlado-dzoic-trgove-i-ulice-treba-nazvati-po-palim-herojima-iz-hvo-a\/\" \/>\n<meta property=\"og:locale\" content=\"hr_HR\" \/>\n<meta property=\"og:type\" content=\"article\" \/>\n<meta property=\"og:title\" content=\"Vlado D\u017eoi\u0107: Trgove i ulice treba nazvati po palim herojima iz HVO-a - RADIO LJUBU\u0160KI\" \/>\n<meta property=\"og:description\" content=\"Na dana\u0161nji dan prije 29 godina, 8. travnja 1992., osnovano je Hrvatsko vije\u0107e obrane nakon \u0161to je postalo jasno da u BiH slijedi rat. Hrvatsko vije\u0107e obrane definirano je kao vrhovno izvr\u0161no i upravno tijelo vlasti u Herceg Bosni. Od obrane podru\u010dja na kojima su \u017eivjeli Hrvati u ratu sa srpskom stranom, do ratnih sukoba [&hellip;]\" \/>\n<meta property=\"og:url\" content=\"https:\/\/radioljubuski.ba\/index.php\/2021\/04\/08\/vlado-dzoic-trgove-i-ulice-treba-nazvati-po-palim-herojima-iz-hvo-a\/\" \/>\n<meta property=\"og:site_name\" content=\"RADIO LJUBU\u0160KI\" \/>\n<meta property=\"article:publisher\" content=\"https:\/\/www.facebook.com\/Radiio-Ljubuski-1490835324566332\" \/>\n<meta property=\"article:published_time\" content=\"2021-04-08T17:49:00+00:00\" \/>\n<meta property=\"og:image\" content=\"https:\/\/radioljubuski.ba\/wp-content\/uploads\/2021\/04\/vlado-dzoic-e1617896645774.jpg\" \/>\n\t<meta property=\"og:image:width\" content=\"594\" \/>\n\t<meta property=\"og:image:height\" content=\"349\" \/>\n\t<meta property=\"og:image:type\" content=\"image\/jpeg\" \/>\n<meta name=\"author\" content=\"Radio Ljubu\u0161ki\" \/>\n<meta name=\"twitter:card\" content=\"summary_large_image\" \/>\n<meta name=\"twitter:creator\" content=\"@radioljubuski\" \/>\n<meta name=\"twitter:site\" content=\"@radioljubuski\" \/>\n<meta name=\"twitter:label1\" content=\"Napisao\/la\" \/>\n\t<meta name=\"twitter:data1\" content=\"Radio Ljubu\u0161ki\" \/>\n\t<meta name=\"twitter:label2\" content=\"Procijenjeno vrijeme \u010ditanja\" \/>\n\t<meta name=\"twitter:data2\" content=\"17 minuta\" \/>\n<script type=\"application\/ld+json\" class=\"yoast-schema-graph\">{\"@context\":\"https:\\\/\\\/schema.org\",\"@graph\":[{\"@type\":\"Article\",\"@id\":\"https:\\\/\\\/radioljubuski.ba\\\/index.php\\\/2021\\\/04\\\/08\\\/vlado-dzoic-trgove-i-ulice-treba-nazvati-po-palim-herojima-iz-hvo-a\\\/#article\",\"isPartOf\":{\"@id\":\"https:\\\/\\\/radioljubuski.ba\\\/index.php\\\/2021\\\/04\\\/08\\\/vlado-dzoic-trgove-i-ulice-treba-nazvati-po-palim-herojima-iz-hvo-a\\\/\"},\"author\":{\"name\":\"Radio Ljubu\u0161ki\",\"@id\":\"https:\\\/\\\/radioljubuski.ba\\\/#\\\/schema\\\/person\\\/19fc700381a780f69665d7956c469e3b\"},\"headline\":\"Vlado D\u017eoi\u0107: Trgove i ulice treba nazvati po palim herojima iz HVO-a\",\"datePublished\":\"2021-04-08T17:49:00+00:00\",\"mainEntityOfPage\":{\"@id\":\"https:\\\/\\\/radioljubuski.ba\\\/index.php\\\/2021\\\/04\\\/08\\\/vlado-dzoic-trgove-i-ulice-treba-nazvati-po-palim-herojima-iz-hvo-a\\\/\"},\"wordCount\":3436,\"publisher\":{\"@id\":\"https:\\\/\\\/radioljubuski.ba\\\/#organization\"},\"image\":{\"@id\":\"https:\\\/\\\/radioljubuski.ba\\\/index.php\\\/2021\\\/04\\\/08\\\/vlado-dzoic-trgove-i-ulice-treba-nazvati-po-palim-herojima-iz-hvo-a\\\/#primaryimage\"},\"thumbnailUrl\":\"https:\\\/\\\/radioljubuski.ba\\\/wp-content\\\/uploads\\\/2021\\\/04\\\/vlado-dzoic-e1617896645774.jpg\",\"articleSection\":[\"BIH i regija\"],\"inLanguage\":\"hr\"},{\"@type\":\"WebPage\",\"@id\":\"https:\\\/\\\/radioljubuski.ba\\\/index.php\\\/2021\\\/04\\\/08\\\/vlado-dzoic-trgove-i-ulice-treba-nazvati-po-palim-herojima-iz-hvo-a\\\/\",\"url\":\"https:\\\/\\\/radioljubuski.ba\\\/index.php\\\/2021\\\/04\\\/08\\\/vlado-dzoic-trgove-i-ulice-treba-nazvati-po-palim-herojima-iz-hvo-a\\\/\",\"name\":\"Vlado D\u017eoi\u0107: Trgove i ulice treba nazvati po palim herojima iz HVO-a - RADIO LJUBU\u0160KI\",\"isPartOf\":{\"@id\":\"https:\\\/\\\/radioljubuski.ba\\\/#website\"},\"primaryImageOfPage\":{\"@id\":\"https:\\\/\\\/radioljubuski.ba\\\/index.php\\\/2021\\\/04\\\/08\\\/vlado-dzoic-trgove-i-ulice-treba-nazvati-po-palim-herojima-iz-hvo-a\\\/#primaryimage\"},\"image\":{\"@id\":\"https:\\\/\\\/radioljubuski.ba\\\/index.php\\\/2021\\\/04\\\/08\\\/vlado-dzoic-trgove-i-ulice-treba-nazvati-po-palim-herojima-iz-hvo-a\\\/#primaryimage\"},\"thumbnailUrl\":\"https:\\\/\\\/radioljubuski.ba\\\/wp-content\\\/uploads\\\/2021\\\/04\\\/vlado-dzoic-e1617896645774.jpg\",\"datePublished\":\"2021-04-08T17:49:00+00:00\",\"breadcrumb\":{\"@id\":\"https:\\\/\\\/radioljubuski.ba\\\/index.php\\\/2021\\\/04\\\/08\\\/vlado-dzoic-trgove-i-ulice-treba-nazvati-po-palim-herojima-iz-hvo-a\\\/#breadcrumb\"},\"inLanguage\":\"hr\",\"potentialAction\":[{\"@type\":\"ReadAction\",\"target\":[\"https:\\\/\\\/radioljubuski.ba\\\/index.php\\\/2021\\\/04\\\/08\\\/vlado-dzoic-trgove-i-ulice-treba-nazvati-po-palim-herojima-iz-hvo-a\\\/\"]}]},{\"@type\":\"ImageObject\",\"inLanguage\":\"hr\",\"@id\":\"https:\\\/\\\/radioljubuski.ba\\\/index.php\\\/2021\\\/04\\\/08\\\/vlado-dzoic-trgove-i-ulice-treba-nazvati-po-palim-herojima-iz-hvo-a\\\/#primaryimage\",\"url\":\"https:\\\/\\\/radioljubuski.ba\\\/wp-content\\\/uploads\\\/2021\\\/04\\\/vlado-dzoic-e1617896645774.jpg\",\"contentUrl\":\"https:\\\/\\\/radioljubuski.ba\\\/wp-content\\\/uploads\\\/2021\\\/04\\\/vlado-dzoic-e1617896645774.jpg\",\"width\":594,\"height\":349},{\"@type\":\"BreadcrumbList\",\"@id\":\"https:\\\/\\\/radioljubuski.ba\\\/index.php\\\/2021\\\/04\\\/08\\\/vlado-dzoic-trgove-i-ulice-treba-nazvati-po-palim-herojima-iz-hvo-a\\\/#breadcrumb\",\"itemListElement\":[{\"@type\":\"ListItem\",\"position\":1,\"name\":\"Po\u010detna stranica\",\"item\":\"https:\\\/\\\/radioljubuski.ba\\\/\"},{\"@type\":\"ListItem\",\"position\":2,\"name\":\"Vlado D\u017eoi\u0107: Trgove i ulice treba nazvati po palim herojima iz HVO-a\"}]},{\"@type\":\"WebSite\",\"@id\":\"https:\\\/\\\/radioljubuski.ba\\\/#website\",\"url\":\"https:\\\/\\\/radioljubuski.ba\\\/\",\"name\":\"Radio Ljubu\u0161ki\",\"description\":\"Sun\u010dana frekvencija Hercegovine\",\"publisher\":{\"@id\":\"https:\\\/\\\/radioljubuski.ba\\\/#organization\"},\"potentialAction\":[{\"@type\":\"SearchAction\",\"target\":{\"@type\":\"EntryPoint\",\"urlTemplate\":\"https:\\\/\\\/radioljubuski.ba\\\/?s={search_term_string}\"},\"query-input\":{\"@type\":\"PropertyValueSpecification\",\"valueRequired\":true,\"valueName\":\"search_term_string\"}}],\"inLanguage\":\"hr\"},{\"@type\":\"Organization\",\"@id\":\"https:\\\/\\\/radioljubuski.ba\\\/#organization\",\"name\":\"Radio Ljubu\u0161ki\",\"url\":\"https:\\\/\\\/radioljubuski.ba\\\/\",\"logo\":{\"@type\":\"ImageObject\",\"inLanguage\":\"hr\",\"@id\":\"https:\\\/\\\/radioljubuski.ba\\\/#\\\/schema\\\/logo\\\/image\\\/\",\"url\":\"https:\\\/\\\/radioljubuski.ba\\\/wp-content\\\/uploads\\\/2021\\\/02\\\/cropped-Radio_Ljubuski_logo1.jpg\",\"contentUrl\":\"https:\\\/\\\/radioljubuski.ba\\\/wp-content\\\/uploads\\\/2021\\\/02\\\/cropped-Radio_Ljubuski_logo1.jpg\",\"width\":512,\"height\":512,\"caption\":\"Radio Ljubu\u0161ki\"},\"image\":{\"@id\":\"https:\\\/\\\/radioljubuski.ba\\\/#\\\/schema\\\/logo\\\/image\\\/\"},\"sameAs\":[\"https:\\\/\\\/www.facebook.com\\\/Radiio-Ljubuski-1490835324566332\",\"https:\\\/\\\/x.com\\\/radioljubuski\",\"https:\\\/\\\/hr.linkedin.com\\\/company\\\/radio-ljubuski\",\"https:\\\/\\\/www.youtube.com\\\/channel\\\/UCHYaeO_n0Db3tjNGudGpXyw\"]},{\"@type\":\"Person\",\"@id\":\"https:\\\/\\\/radioljubuski.ba\\\/#\\\/schema\\\/person\\\/19fc700381a780f69665d7956c469e3b\",\"name\":\"Radio Ljubu\u0161ki\"}]}<\/script>\n<!-- \/ Yoast SEO plugin. -->","yoast_head_json":{"title":"Vlado D\u017eoi\u0107: Trgove i ulice treba nazvati po palim herojima iz HVO-a - RADIO LJUBU\u0160KI","robots":{"index":"index","follow":"follow","max-snippet":"max-snippet:-1","max-image-preview":"max-image-preview:large","max-video-preview":"max-video-preview:-1"},"canonical":"https:\/\/radioljubuski.ba\/index.php\/2021\/04\/08\/vlado-dzoic-trgove-i-ulice-treba-nazvati-po-palim-herojima-iz-hvo-a\/","og_locale":"hr_HR","og_type":"article","og_title":"Vlado D\u017eoi\u0107: Trgove i ulice treba nazvati po palim herojima iz HVO-a - RADIO LJUBU\u0160KI","og_description":"Na dana\u0161nji dan prije 29 godina, 8. travnja 1992., osnovano je Hrvatsko vije\u0107e obrane nakon \u0161to je postalo jasno da u BiH slijedi rat. Hrvatsko vije\u0107e obrane definirano je kao vrhovno izvr\u0161no i upravno tijelo vlasti u Herceg Bosni. Od obrane podru\u010dja na kojima su \u017eivjeli Hrvati u ratu sa srpskom stranom, do ratnih sukoba [&hellip;]","og_url":"https:\/\/radioljubuski.ba\/index.php\/2021\/04\/08\/vlado-dzoic-trgove-i-ulice-treba-nazvati-po-palim-herojima-iz-hvo-a\/","og_site_name":"RADIO LJUBU\u0160KI","article_publisher":"https:\/\/www.facebook.com\/Radiio-Ljubuski-1490835324566332","article_published_time":"2021-04-08T17:49:00+00:00","og_image":[{"width":594,"height":349,"url":"https:\/\/radioljubuski.ba\/wp-content\/uploads\/2021\/04\/vlado-dzoic-e1617896645774.jpg","type":"image\/jpeg"}],"author":"Radio Ljubu\u0161ki","twitter_card":"summary_large_image","twitter_creator":"@radioljubuski","twitter_site":"@radioljubuski","twitter_misc":{"Napisao\/la":"Radio Ljubu\u0161ki","Procijenjeno vrijeme \u010ditanja":"17 minuta"},"schema":{"@context":"https:\/\/schema.org","@graph":[{"@type":"Article","@id":"https:\/\/radioljubuski.ba\/index.php\/2021\/04\/08\/vlado-dzoic-trgove-i-ulice-treba-nazvati-po-palim-herojima-iz-hvo-a\/#article","isPartOf":{"@id":"https:\/\/radioljubuski.ba\/index.php\/2021\/04\/08\/vlado-dzoic-trgove-i-ulice-treba-nazvati-po-palim-herojima-iz-hvo-a\/"},"author":{"name":"Radio Ljubu\u0161ki","@id":"https:\/\/radioljubuski.ba\/#\/schema\/person\/19fc700381a780f69665d7956c469e3b"},"headline":"Vlado D\u017eoi\u0107: Trgove i ulice treba nazvati po palim herojima iz HVO-a","datePublished":"2021-04-08T17:49:00+00:00","mainEntityOfPage":{"@id":"https:\/\/radioljubuski.ba\/index.php\/2021\/04\/08\/vlado-dzoic-trgove-i-ulice-treba-nazvati-po-palim-herojima-iz-hvo-a\/"},"wordCount":3436,"publisher":{"@id":"https:\/\/radioljubuski.ba\/#organization"},"image":{"@id":"https:\/\/radioljubuski.ba\/index.php\/2021\/04\/08\/vlado-dzoic-trgove-i-ulice-treba-nazvati-po-palim-herojima-iz-hvo-a\/#primaryimage"},"thumbnailUrl":"https:\/\/radioljubuski.ba\/wp-content\/uploads\/2021\/04\/vlado-dzoic-e1617896645774.jpg","articleSection":["BIH i regija"],"inLanguage":"hr"},{"@type":"WebPage","@id":"https:\/\/radioljubuski.ba\/index.php\/2021\/04\/08\/vlado-dzoic-trgove-i-ulice-treba-nazvati-po-palim-herojima-iz-hvo-a\/","url":"https:\/\/radioljubuski.ba\/index.php\/2021\/04\/08\/vlado-dzoic-trgove-i-ulice-treba-nazvati-po-palim-herojima-iz-hvo-a\/","name":"Vlado D\u017eoi\u0107: Trgove i ulice treba nazvati po palim herojima iz HVO-a - RADIO LJUBU\u0160KI","isPartOf":{"@id":"https:\/\/radioljubuski.ba\/#website"},"primaryImageOfPage":{"@id":"https:\/\/radioljubuski.ba\/index.php\/2021\/04\/08\/vlado-dzoic-trgove-i-ulice-treba-nazvati-po-palim-herojima-iz-hvo-a\/#primaryimage"},"image":{"@id":"https:\/\/radioljubuski.ba\/index.php\/2021\/04\/08\/vlado-dzoic-trgove-i-ulice-treba-nazvati-po-palim-herojima-iz-hvo-a\/#primaryimage"},"thumbnailUrl":"https:\/\/radioljubuski.ba\/wp-content\/uploads\/2021\/04\/vlado-dzoic-e1617896645774.jpg","datePublished":"2021-04-08T17:49:00+00:00","breadcrumb":{"@id":"https:\/\/radioljubuski.ba\/index.php\/2021\/04\/08\/vlado-dzoic-trgove-i-ulice-treba-nazvati-po-palim-herojima-iz-hvo-a\/#breadcrumb"},"inLanguage":"hr","potentialAction":[{"@type":"ReadAction","target":["https:\/\/radioljubuski.ba\/index.php\/2021\/04\/08\/vlado-dzoic-trgove-i-ulice-treba-nazvati-po-palim-herojima-iz-hvo-a\/"]}]},{"@type":"ImageObject","inLanguage":"hr","@id":"https:\/\/radioljubuski.ba\/index.php\/2021\/04\/08\/vlado-dzoic-trgove-i-ulice-treba-nazvati-po-palim-herojima-iz-hvo-a\/#primaryimage","url":"https:\/\/radioljubuski.ba\/wp-content\/uploads\/2021\/04\/vlado-dzoic-e1617896645774.jpg","contentUrl":"https:\/\/radioljubuski.ba\/wp-content\/uploads\/2021\/04\/vlado-dzoic-e1617896645774.jpg","width":594,"height":349},{"@type":"BreadcrumbList","@id":"https:\/\/radioljubuski.ba\/index.php\/2021\/04\/08\/vlado-dzoic-trgove-i-ulice-treba-nazvati-po-palim-herojima-iz-hvo-a\/#breadcrumb","itemListElement":[{"@type":"ListItem","position":1,"name":"Po\u010detna stranica","item":"https:\/\/radioljubuski.ba\/"},{"@type":"ListItem","position":2,"name":"Vlado D\u017eoi\u0107: Trgove i ulice treba nazvati po palim herojima iz HVO-a"}]},{"@type":"WebSite","@id":"https:\/\/radioljubuski.ba\/#website","url":"https:\/\/radioljubuski.ba\/","name":"Radio Ljubu\u0161ki","description":"Sun\u010dana frekvencija Hercegovine","publisher":{"@id":"https:\/\/radioljubuski.ba\/#organization"},"potentialAction":[{"@type":"SearchAction","target":{"@type":"EntryPoint","urlTemplate":"https:\/\/radioljubuski.ba\/?s={search_term_string}"},"query-input":{"@type":"PropertyValueSpecification","valueRequired":true,"valueName":"search_term_string"}}],"inLanguage":"hr"},{"@type":"Organization","@id":"https:\/\/radioljubuski.ba\/#organization","name":"Radio Ljubu\u0161ki","url":"https:\/\/radioljubuski.ba\/","logo":{"@type":"ImageObject","inLanguage":"hr","@id":"https:\/\/radioljubuski.ba\/#\/schema\/logo\/image\/","url":"https:\/\/radioljubuski.ba\/wp-content\/uploads\/2021\/02\/cropped-Radio_Ljubuski_logo1.jpg","contentUrl":"https:\/\/radioljubuski.ba\/wp-content\/uploads\/2021\/02\/cropped-Radio_Ljubuski_logo1.jpg","width":512,"height":512,"caption":"Radio Ljubu\u0161ki"},"image":{"@id":"https:\/\/radioljubuski.ba\/#\/schema\/logo\/image\/"},"sameAs":["https:\/\/www.facebook.com\/Radiio-Ljubuski-1490835324566332","https:\/\/x.com\/radioljubuski","https:\/\/hr.linkedin.com\/company\/radio-ljubuski","https:\/\/www.youtube.com\/channel\/UCHYaeO_n0Db3tjNGudGpXyw"]},{"@type":"Person","@id":"https:\/\/radioljubuski.ba\/#\/schema\/person\/19fc700381a780f69665d7956c469e3b","name":"Radio Ljubu\u0161ki"}]}},"_links":{"self":[{"href":"https:\/\/radioljubuski.ba\/index.php\/wp-json\/wp\/v2\/posts\/10873","targetHints":{"allow":["GET"]}}],"collection":[{"href":"https:\/\/radioljubuski.ba\/index.php\/wp-json\/wp\/v2\/posts"}],"about":[{"href":"https:\/\/radioljubuski.ba\/index.php\/wp-json\/wp\/v2\/types\/post"}],"author":[{"embeddable":true,"href":"https:\/\/radioljubuski.ba\/index.php\/wp-json\/wp\/v2\/users\/2"}],"replies":[{"embeddable":true,"href":"https:\/\/radioljubuski.ba\/index.php\/wp-json\/wp\/v2\/comments?post=10873"}],"version-history":[{"count":1,"href":"https:\/\/radioljubuski.ba\/index.php\/wp-json\/wp\/v2\/posts\/10873\/revisions"}],"predecessor-version":[{"id":10875,"href":"https:\/\/radioljubuski.ba\/index.php\/wp-json\/wp\/v2\/posts\/10873\/revisions\/10875"}],"wp:featuredmedia":[{"embeddable":true,"href":"https:\/\/radioljubuski.ba\/index.php\/wp-json\/wp\/v2\/media\/10874"}],"wp:attachment":[{"href":"https:\/\/radioljubuski.ba\/index.php\/wp-json\/wp\/v2\/media?parent=10873"}],"wp:term":[{"taxonomy":"category","embeddable":true,"href":"https:\/\/radioljubuski.ba\/index.php\/wp-json\/wp\/v2\/categories?post=10873"},{"taxonomy":"post_tag","embeddable":true,"href":"https:\/\/radioljubuski.ba\/index.php\/wp-json\/wp\/v2\/tags?post=10873"}],"curies":[{"name":"wp","href":"https:\/\/api.w.org\/{rel}","templated":true}]}}