{"id":108823,"date":"2022-01-24T11:20:00","date_gmt":"2022-01-24T10:20:00","guid":{"rendered":"https:\/\/radioljubuski.ba\/?p=108823"},"modified":"2022-01-24T11:20:02","modified_gmt":"2022-01-24T10:20:02","slug":"aki-rahimovski-osebujan-glas-pogonjen-juznjackom-krvi","status":"publish","type":"post","link":"https:\/\/radioljubuski.ba\/index.php\/2022\/01\/24\/aki-rahimovski-osebujan-glas-pogonjen-juznjackom-krvi\/","title":{"rendered":"Aki Rahimovski, osebujan glas pogonjen &#8220;ju\u017enja\u010dkom krvi&#8221;"},"content":{"rendered":"\n<p>Malo je pjeva\u010da na ovim prostorima koji su toliko osebujni i prepoznatljivi kao \u0161to je Aki &#8211; ju\u017enja\u010dka krv njegovo je &#8220;gorivo&#8221; na svakom koncertu, stoji na slu\u017ebenim stranicama &#8220;Parnog valjka&#8221; u opisu koji najbolje govori tko je bio Aki Rahimovski i za\u0161to \u0107e njegov glas pamtiti generacije ljubitelja rocka.<\/p>\n\n\n\n<iframe loading=\"lazy\" src=\"https:\/\/www.facebook.com\/plugins\/video.php?height=476&#038;href=https%3A%2F%2Fwww.facebook.com%2FHRTvijesti%2Fvideos%2F462030262221600%2F&#038;show_text=false&#038;width=476&#038;t=0\" width=\"476\" height=\"476\" style=\"border:none;overflow:hidden\" scrolling=\"no\" frameborder=\"0\" allowfullscreen=\"true\" allow=\"autoplay; clipboard-write; encrypted-media; picture-in-picture; web-share\" allowFullScreen=\"true\"><\/iframe>\n\n\n\n<p>&#8220;Bio je fasciniran rock glazbom i koristio je svaku prigodu nabaviti poneki vinil iz inozemstva. Tako je ve\u0107 s 15 godina bio urednik na Radio Skopju. Sa 16 je svirao klavijature u makedonskom bendu &#8216;Tor&#8217; koji ubrzo ostaje bez pjeva\u010da. Tu je sudbina umije\u0161ala prste i gurnula ga pred mikrofon&#8221;, stoji u biografiji objavljenoj na stranici banda.<\/p>\n\n\n\n<figure class=\"wp-block-image\"><img decoding=\"async\" src=\"https:\/\/api.hrt.hr\/media\/f7\/14\/740x438-aki2pxl-060220-27863234-20220122145729.jpg\" alt=\"\"\/><\/figure>\n\n\n\n<p><br><br>Parni valjak osnovan je 1975. godine, nakon \u0161to je gitarist i skladatelj <strong>Husein Hasanefendi\u0107 Hus <\/strong>vidio Akijev nastup na Boom festivalu.<\/p>\n\n\n\n<p>&#8220;Svojom osebujnom pojavom na sceni odmah je privukao Husovu pozornost. Prihvatio je njegov poziv i doselio se u Zagreb&#8221;, stoji na stranicama banda kao opis simbioze koja je utemeljila bend, &#8220;ispisav\u0161i jednu od najljep\u0161ih glazbenih pri\u010da&#8221;.<br><br>U 30-godi\u0161njoj karijeri Parni valjak je objavio 16 studijskih albuma, 14 singlova, pet u\u017eivo albuma, \u010detiri kompilacije, te dva koncertna DVD-a.<br><br>Me\u0111u njima je i jedan od najprodavanijih hrvatskih albuma svih vremena i najprodavaniji album snimljen u\u017eivo &#8211; &#8220;Bez struje: Live in ZeKaeM&#8221;.&nbsp;<\/p>\n\n\n\n<p>Aki je 2007. godine izdao i solo album &#8220;U vremenu izgubljenih&#8221; te 2008. godine u Umagu odr\u017eao koncert s prijateljima &#8211; &#8220;Aki pjeva najljep\u0161e ljubavne pjesme&#8221;.<br><br>Me\u0111u brojnim pjesmama koje je zauvijek obilje\u017eio svojom interpretacijom su: &#8220;Ljubavna&#8221;, &#8220;Neda&#8221;, &#8220;Prokleta nedjelja&#8221;, &#8220;Lutka za bal&#8221;, &#8220;Kao ti&#8221;, &#8220;Uhvati ritam&#8221;, &#8220;Ugasi me&#8221;, &#8220;Jesen u meni&#8221;, &#8220;Sve jo\u0161 miri\u0161e na nju&#8221;, &#8220;Zastave&#8221;, &#8220;Zagreb ima isti pozivni&#8221;, &#8220;Moja je pjesma lagana&#8221;, &#8220;Stranica dnevnika&#8221;, &#8220;Pusti nek traje&#8221;&#8230;<br><strong><br>Hus: Izgubili smo brata i prijatelja<\/strong><br><br><strong>Husein Hasanefendi\u0107 Hus<\/strong> telefonom je za Dnevnik HTV-a kazao:<br><br>&#8211; Ne znam \u0161to bih rekao. \u010culi smo se u 8.30 ujutro. Ne vjerujem jednostavno da je to mogu\u0107e da se dogodilo. Zvu\u010dao mi je dobro. Neku energiju pozitivnu sam osjetio. Veselio se svirkama koje nas \u010dekaju. Izgubili smo i brata i prijatelja. Imam \u017eelju da se probudim iz ovoga pa da bude neka druga istina.\u00a0<br><br><strong>Jurica Pa\u0111en<\/strong> rekao je za Akija da je to bio jedan od najve\u0107ih pjeva\u010da u cijeloj regiji. Ne znam tko bi ga mogao zamijeniti jer je on toliko bio poseban, upe\u010datljiv i druga\u010diji, dodao je.\u00a0 \u00a0<br><br>Glazbeni kriti\u010dar <strong>Hrvoje Horvat<\/strong> izjavio je da je Aki Rahimovski imao sjajan glas i veliko srce.\u00a0Uspijevao je, ka\u017ee, interpretirati sve pjesme na na\u010din kao da su njegove.<\/p>\n\n\n\n<div style=\"width: 640px;\" class=\"wp-video\"><video class=\"wp-video-shortcode\" id=\"video-108823-1\" width=\"640\" height=\"360\" preload=\"metadata\" controls=\"controls\"><source type=\"video\/mp4\" src=\"https:\/\/api.hrt.hr\/media\/85\/31\/akid222122-20220123050137.mp4?_=1\" \/><a href=\"https:\/\/api.hrt.hr\/media\/85\/31\/akid222122-20220123050137.mp4\">https:\/\/api.hrt.hr\/media\/85\/31\/akid222122-20220123050137.mp4<\/a><\/video><\/div>\n\n\n\n<p>Od Akija se objavom na Facebooku oprostila izdava\u010dka ku\u0107a Croatia Records, isti\u010du\u0107i da je on bio jedan od najboljih i najprepoznatljivijih vokala na\u0161ih prostora svih vremena te da je s &#8220;Parnim valjkom&#8221; snimio veliki broj hit albuma i osvojio razne nagrade i priznanja.<\/p>\n\n\n\n<iframe loading=\"lazy\" src=\"https:\/\/www.facebook.com\/plugins\/post.php?href=https%3A%2F%2Fwww.facebook.com%2FCroatiarecordsofficial%2Fposts%2F10159552632646827&#038;show_text=true&#038;width=500\" width=\"500\" height=\"566\" style=\"border:none;overflow:hidden\" scrolling=\"no\" frameborder=\"0\" allowfullscreen=\"true\" allow=\"autoplay; clipboard-write; encrypted-media; picture-in-picture; web-share\"><\/iframe>\n\n\n\n<p>&#8220;Po\u010divaj u miru, dragi Aki. Hvala ti za sve lijepe trenutke&#8221;, stoji u objavi Croatia Recordsa.<br><br>Aki Rahimovski ro\u0111en je 5. lipnja 1955. godine u Ni\u0161u i odrastao je u Skopju, a kako mu je otac bio glazbeni profesor, sa sedam godina je krenuo u glazbenu \u0161kolu te je svirao klavir.<br><br>Posljednjih godina \u017eivio je u Novom Mestu gdje je i umro.<\/p>\n\n\n\n<p>Izvor.hrt.hr<\/p>\n","protected":false},"excerpt":{"rendered":"<p>Malo je pjeva\u010da na ovim prostorima koji su toliko osebujni i prepoznatljivi kao \u0161to je Aki &#8211; ju\u017enja\u010dka krv njegovo je &#8220;gorivo&#8221; na svakom koncertu, stoji na slu\u017ebenim stranicama &#8220;Parnog valjka&#8221; u opisu koji najbolje govori tko je bio Aki Rahimovski i za\u0161to \u0107e njegov glas pamtiti generacije ljubitelja rocka. &#8220;Bio je fasciniran rock glazbom [&hellip;]<\/p>\n","protected":false},"author":2,"featured_media":108824,"comment_status":"closed","ping_status":"closed","sticky":false,"template":"","format":"standard","meta":{"h5ap_radio_sources":[],"footnotes":""},"categories":[1],"tags":[],"class_list":["post-108823","post","type-post","status-publish","format-standard","has-post-thumbnail","hentry","category-bihiregija"],"yoast_head":"<!-- This site is optimized with the Yoast SEO plugin v27.4 - https:\/\/yoast.com\/product\/yoast-seo-wordpress\/ -->\n<title>Aki Rahimovski, osebujan glas pogonjen &quot;ju\u017enja\u010dkom krvi&quot; - RADIO LJUBU\u0160KI<\/title>\n<meta name=\"robots\" content=\"index, follow, max-snippet:-1, max-image-preview:large, max-video-preview:-1\" \/>\n<link rel=\"canonical\" href=\"https:\/\/radioljubuski.ba\/index.php\/2022\/01\/24\/aki-rahimovski-osebujan-glas-pogonjen-juznjackom-krvi\/\" \/>\n<meta property=\"og:locale\" content=\"hr_HR\" \/>\n<meta property=\"og:type\" content=\"article\" \/>\n<meta property=\"og:title\" content=\"Aki Rahimovski, osebujan glas pogonjen &quot;ju\u017enja\u010dkom krvi&quot; - RADIO LJUBU\u0160KI\" \/>\n<meta property=\"og:description\" content=\"Malo je pjeva\u010da na ovim prostorima koji su toliko osebujni i prepoznatljivi kao \u0161to je Aki &#8211; ju\u017enja\u010dka krv njegovo je &#8220;gorivo&#8221; na svakom koncertu, stoji na slu\u017ebenim stranicama &#8220;Parnog valjka&#8221; u opisu koji najbolje govori tko je bio Aki Rahimovski i za\u0161to \u0107e njegov glas pamtiti generacije ljubitelja rocka. &#8220;Bio je fasciniran rock glazbom [&hellip;]\" \/>\n<meta property=\"og:url\" content=\"https:\/\/radioljubuski.ba\/index.php\/2022\/01\/24\/aki-rahimovski-osebujan-glas-pogonjen-juznjackom-krvi\/\" \/>\n<meta property=\"og:site_name\" content=\"RADIO LJUBU\u0160KI\" \/>\n<meta property=\"article:publisher\" content=\"https:\/\/www.facebook.com\/Radiio-Ljubuski-1490835324566332\" \/>\n<meta property=\"article:published_time\" content=\"2022-01-24T10:20:00+00:00\" \/>\n<meta property=\"article:modified_time\" content=\"2022-01-24T10:20:02+00:00\" \/>\n<meta property=\"og:image\" content=\"https:\/\/radioljubuski.ba\/wp-content\/uploads\/2022\/01\/11-4.jpg\" \/>\n\t<meta property=\"og:image:width\" content=\"276\" \/>\n\t<meta property=\"og:image:height\" content=\"183\" \/>\n\t<meta property=\"og:image:type\" content=\"image\/jpeg\" \/>\n<meta name=\"author\" content=\"Radio Ljubu\u0161ki\" \/>\n<meta name=\"twitter:card\" content=\"summary_large_image\" \/>\n<meta name=\"twitter:creator\" content=\"@radioljubuski\" \/>\n<meta name=\"twitter:site\" content=\"@radioljubuski\" \/>\n<meta name=\"twitter:label1\" content=\"Napisao\/la\" \/>\n\t<meta name=\"twitter:data1\" content=\"Radio Ljubu\u0161ki\" \/>\n\t<meta name=\"twitter:label2\" content=\"Procijenjeno vrijeme \u010ditanja\" \/>\n\t<meta name=\"twitter:data2\" content=\"3 minute\" \/>\n<script type=\"application\/ld+json\" class=\"yoast-schema-graph\">{\"@context\":\"https:\\\/\\\/schema.org\",\"@graph\":[{\"@type\":\"Article\",\"@id\":\"https:\\\/\\\/radioljubuski.ba\\\/index.php\\\/2022\\\/01\\\/24\\\/aki-rahimovski-osebujan-glas-pogonjen-juznjackom-krvi\\\/#article\",\"isPartOf\":{\"@id\":\"https:\\\/\\\/radioljubuski.ba\\\/index.php\\\/2022\\\/01\\\/24\\\/aki-rahimovski-osebujan-glas-pogonjen-juznjackom-krvi\\\/\"},\"author\":{\"name\":\"Radio Ljubu\u0161ki\",\"@id\":\"https:\\\/\\\/radioljubuski.ba\\\/#\\\/schema\\\/person\\\/19fc700381a780f69665d7956c469e3b\"},\"headline\":\"Aki Rahimovski, osebujan glas pogonjen &#8220;ju\u017enja\u010dkom krvi&#8221;\",\"datePublished\":\"2022-01-24T10:20:00+00:00\",\"dateModified\":\"2022-01-24T10:20:02+00:00\",\"mainEntityOfPage\":{\"@id\":\"https:\\\/\\\/radioljubuski.ba\\\/index.php\\\/2022\\\/01\\\/24\\\/aki-rahimovski-osebujan-glas-pogonjen-juznjackom-krvi\\\/\"},\"wordCount\":565,\"publisher\":{\"@id\":\"https:\\\/\\\/radioljubuski.ba\\\/#organization\"},\"image\":{\"@id\":\"https:\\\/\\\/radioljubuski.ba\\\/index.php\\\/2022\\\/01\\\/24\\\/aki-rahimovski-osebujan-glas-pogonjen-juznjackom-krvi\\\/#primaryimage\"},\"thumbnailUrl\":\"https:\\\/\\\/radioljubuski.ba\\\/wp-content\\\/uploads\\\/2022\\\/01\\\/11-4.jpg\",\"articleSection\":[\"BIH i regija\"],\"inLanguage\":\"hr\"},{\"@type\":\"WebPage\",\"@id\":\"https:\\\/\\\/radioljubuski.ba\\\/index.php\\\/2022\\\/01\\\/24\\\/aki-rahimovski-osebujan-glas-pogonjen-juznjackom-krvi\\\/\",\"url\":\"https:\\\/\\\/radioljubuski.ba\\\/index.php\\\/2022\\\/01\\\/24\\\/aki-rahimovski-osebujan-glas-pogonjen-juznjackom-krvi\\\/\",\"name\":\"Aki Rahimovski, osebujan glas pogonjen \\\"ju\u017enja\u010dkom krvi\\\" - RADIO LJUBU\u0160KI\",\"isPartOf\":{\"@id\":\"https:\\\/\\\/radioljubuski.ba\\\/#website\"},\"primaryImageOfPage\":{\"@id\":\"https:\\\/\\\/radioljubuski.ba\\\/index.php\\\/2022\\\/01\\\/24\\\/aki-rahimovski-osebujan-glas-pogonjen-juznjackom-krvi\\\/#primaryimage\"},\"image\":{\"@id\":\"https:\\\/\\\/radioljubuski.ba\\\/index.php\\\/2022\\\/01\\\/24\\\/aki-rahimovski-osebujan-glas-pogonjen-juznjackom-krvi\\\/#primaryimage\"},\"thumbnailUrl\":\"https:\\\/\\\/radioljubuski.ba\\\/wp-content\\\/uploads\\\/2022\\\/01\\\/11-4.jpg\",\"datePublished\":\"2022-01-24T10:20:00+00:00\",\"dateModified\":\"2022-01-24T10:20:02+00:00\",\"breadcrumb\":{\"@id\":\"https:\\\/\\\/radioljubuski.ba\\\/index.php\\\/2022\\\/01\\\/24\\\/aki-rahimovski-osebujan-glas-pogonjen-juznjackom-krvi\\\/#breadcrumb\"},\"inLanguage\":\"hr\",\"potentialAction\":[{\"@type\":\"ReadAction\",\"target\":[\"https:\\\/\\\/radioljubuski.ba\\\/index.php\\\/2022\\\/01\\\/24\\\/aki-rahimovski-osebujan-glas-pogonjen-juznjackom-krvi\\\/\"]}]},{\"@type\":\"ImageObject\",\"inLanguage\":\"hr\",\"@id\":\"https:\\\/\\\/radioljubuski.ba\\\/index.php\\\/2022\\\/01\\\/24\\\/aki-rahimovski-osebujan-glas-pogonjen-juznjackom-krvi\\\/#primaryimage\",\"url\":\"https:\\\/\\\/radioljubuski.ba\\\/wp-content\\\/uploads\\\/2022\\\/01\\\/11-4.jpg\",\"contentUrl\":\"https:\\\/\\\/radioljubuski.ba\\\/wp-content\\\/uploads\\\/2022\\\/01\\\/11-4.jpg\",\"width\":276,\"height\":183},{\"@type\":\"BreadcrumbList\",\"@id\":\"https:\\\/\\\/radioljubuski.ba\\\/index.php\\\/2022\\\/01\\\/24\\\/aki-rahimovski-osebujan-glas-pogonjen-juznjackom-krvi\\\/#breadcrumb\",\"itemListElement\":[{\"@type\":\"ListItem\",\"position\":1,\"name\":\"Po\u010detna stranica\",\"item\":\"https:\\\/\\\/radioljubuski.ba\\\/\"},{\"@type\":\"ListItem\",\"position\":2,\"name\":\"Aki Rahimovski, osebujan glas pogonjen &#8220;ju\u017enja\u010dkom krvi&#8221;\"}]},{\"@type\":\"WebSite\",\"@id\":\"https:\\\/\\\/radioljubuski.ba\\\/#website\",\"url\":\"https:\\\/\\\/radioljubuski.ba\\\/\",\"name\":\"Radio Ljubu\u0161ki\",\"description\":\"Sun\u010dana frekvencija Hercegovine\",\"publisher\":{\"@id\":\"https:\\\/\\\/radioljubuski.ba\\\/#organization\"},\"potentialAction\":[{\"@type\":\"SearchAction\",\"target\":{\"@type\":\"EntryPoint\",\"urlTemplate\":\"https:\\\/\\\/radioljubuski.ba\\\/?s={search_term_string}\"},\"query-input\":{\"@type\":\"PropertyValueSpecification\",\"valueRequired\":true,\"valueName\":\"search_term_string\"}}],\"inLanguage\":\"hr\"},{\"@type\":\"Organization\",\"@id\":\"https:\\\/\\\/radioljubuski.ba\\\/#organization\",\"name\":\"Radio Ljubu\u0161ki\",\"url\":\"https:\\\/\\\/radioljubuski.ba\\\/\",\"logo\":{\"@type\":\"ImageObject\",\"inLanguage\":\"hr\",\"@id\":\"https:\\\/\\\/radioljubuski.ba\\\/#\\\/schema\\\/logo\\\/image\\\/\",\"url\":\"https:\\\/\\\/radioljubuski.ba\\\/wp-content\\\/uploads\\\/2021\\\/02\\\/cropped-Radio_Ljubuski_logo1.jpg\",\"contentUrl\":\"https:\\\/\\\/radioljubuski.ba\\\/wp-content\\\/uploads\\\/2021\\\/02\\\/cropped-Radio_Ljubuski_logo1.jpg\",\"width\":512,\"height\":512,\"caption\":\"Radio Ljubu\u0161ki\"},\"image\":{\"@id\":\"https:\\\/\\\/radioljubuski.ba\\\/#\\\/schema\\\/logo\\\/image\\\/\"},\"sameAs\":[\"https:\\\/\\\/www.facebook.com\\\/Radiio-Ljubuski-1490835324566332\",\"https:\\\/\\\/x.com\\\/radioljubuski\",\"https:\\\/\\\/hr.linkedin.com\\\/company\\\/radio-ljubuski\",\"https:\\\/\\\/www.youtube.com\\\/channel\\\/UCHYaeO_n0Db3tjNGudGpXyw\"]},{\"@type\":\"Person\",\"@id\":\"https:\\\/\\\/radioljubuski.ba\\\/#\\\/schema\\\/person\\\/19fc700381a780f69665d7956c469e3b\",\"name\":\"Radio Ljubu\u0161ki\"}]}<\/script>\n<!-- \/ Yoast SEO plugin. -->","yoast_head_json":{"title":"Aki Rahimovski, osebujan glas pogonjen \"ju\u017enja\u010dkom krvi\" - RADIO LJUBU\u0160KI","robots":{"index":"index","follow":"follow","max-snippet":"max-snippet:-1","max-image-preview":"max-image-preview:large","max-video-preview":"max-video-preview:-1"},"canonical":"https:\/\/radioljubuski.ba\/index.php\/2022\/01\/24\/aki-rahimovski-osebujan-glas-pogonjen-juznjackom-krvi\/","og_locale":"hr_HR","og_type":"article","og_title":"Aki Rahimovski, osebujan glas pogonjen \"ju\u017enja\u010dkom krvi\" - RADIO LJUBU\u0160KI","og_description":"Malo je pjeva\u010da na ovim prostorima koji su toliko osebujni i prepoznatljivi kao \u0161to je Aki &#8211; ju\u017enja\u010dka krv njegovo je &#8220;gorivo&#8221; na svakom koncertu, stoji na slu\u017ebenim stranicama &#8220;Parnog valjka&#8221; u opisu koji najbolje govori tko je bio Aki Rahimovski i za\u0161to \u0107e njegov glas pamtiti generacije ljubitelja rocka. &#8220;Bio je fasciniran rock glazbom [&hellip;]","og_url":"https:\/\/radioljubuski.ba\/index.php\/2022\/01\/24\/aki-rahimovski-osebujan-glas-pogonjen-juznjackom-krvi\/","og_site_name":"RADIO LJUBU\u0160KI","article_publisher":"https:\/\/www.facebook.com\/Radiio-Ljubuski-1490835324566332","article_published_time":"2022-01-24T10:20:00+00:00","article_modified_time":"2022-01-24T10:20:02+00:00","og_image":[{"width":276,"height":183,"url":"https:\/\/radioljubuski.ba\/wp-content\/uploads\/2022\/01\/11-4.jpg","type":"image\/jpeg"}],"author":"Radio Ljubu\u0161ki","twitter_card":"summary_large_image","twitter_creator":"@radioljubuski","twitter_site":"@radioljubuski","twitter_misc":{"Napisao\/la":"Radio Ljubu\u0161ki","Procijenjeno vrijeme \u010ditanja":"3 minute"},"schema":{"@context":"https:\/\/schema.org","@graph":[{"@type":"Article","@id":"https:\/\/radioljubuski.ba\/index.php\/2022\/01\/24\/aki-rahimovski-osebujan-glas-pogonjen-juznjackom-krvi\/#article","isPartOf":{"@id":"https:\/\/radioljubuski.ba\/index.php\/2022\/01\/24\/aki-rahimovski-osebujan-glas-pogonjen-juznjackom-krvi\/"},"author":{"name":"Radio Ljubu\u0161ki","@id":"https:\/\/radioljubuski.ba\/#\/schema\/person\/19fc700381a780f69665d7956c469e3b"},"headline":"Aki Rahimovski, osebujan glas pogonjen &#8220;ju\u017enja\u010dkom krvi&#8221;","datePublished":"2022-01-24T10:20:00+00:00","dateModified":"2022-01-24T10:20:02+00:00","mainEntityOfPage":{"@id":"https:\/\/radioljubuski.ba\/index.php\/2022\/01\/24\/aki-rahimovski-osebujan-glas-pogonjen-juznjackom-krvi\/"},"wordCount":565,"publisher":{"@id":"https:\/\/radioljubuski.ba\/#organization"},"image":{"@id":"https:\/\/radioljubuski.ba\/index.php\/2022\/01\/24\/aki-rahimovski-osebujan-glas-pogonjen-juznjackom-krvi\/#primaryimage"},"thumbnailUrl":"https:\/\/radioljubuski.ba\/wp-content\/uploads\/2022\/01\/11-4.jpg","articleSection":["BIH i regija"],"inLanguage":"hr"},{"@type":"WebPage","@id":"https:\/\/radioljubuski.ba\/index.php\/2022\/01\/24\/aki-rahimovski-osebujan-glas-pogonjen-juznjackom-krvi\/","url":"https:\/\/radioljubuski.ba\/index.php\/2022\/01\/24\/aki-rahimovski-osebujan-glas-pogonjen-juznjackom-krvi\/","name":"Aki Rahimovski, osebujan glas pogonjen \"ju\u017enja\u010dkom krvi\" - RADIO LJUBU\u0160KI","isPartOf":{"@id":"https:\/\/radioljubuski.ba\/#website"},"primaryImageOfPage":{"@id":"https:\/\/radioljubuski.ba\/index.php\/2022\/01\/24\/aki-rahimovski-osebujan-glas-pogonjen-juznjackom-krvi\/#primaryimage"},"image":{"@id":"https:\/\/radioljubuski.ba\/index.php\/2022\/01\/24\/aki-rahimovski-osebujan-glas-pogonjen-juznjackom-krvi\/#primaryimage"},"thumbnailUrl":"https:\/\/radioljubuski.ba\/wp-content\/uploads\/2022\/01\/11-4.jpg","datePublished":"2022-01-24T10:20:00+00:00","dateModified":"2022-01-24T10:20:02+00:00","breadcrumb":{"@id":"https:\/\/radioljubuski.ba\/index.php\/2022\/01\/24\/aki-rahimovski-osebujan-glas-pogonjen-juznjackom-krvi\/#breadcrumb"},"inLanguage":"hr","potentialAction":[{"@type":"ReadAction","target":["https:\/\/radioljubuski.ba\/index.php\/2022\/01\/24\/aki-rahimovski-osebujan-glas-pogonjen-juznjackom-krvi\/"]}]},{"@type":"ImageObject","inLanguage":"hr","@id":"https:\/\/radioljubuski.ba\/index.php\/2022\/01\/24\/aki-rahimovski-osebujan-glas-pogonjen-juznjackom-krvi\/#primaryimage","url":"https:\/\/radioljubuski.ba\/wp-content\/uploads\/2022\/01\/11-4.jpg","contentUrl":"https:\/\/radioljubuski.ba\/wp-content\/uploads\/2022\/01\/11-4.jpg","width":276,"height":183},{"@type":"BreadcrumbList","@id":"https:\/\/radioljubuski.ba\/index.php\/2022\/01\/24\/aki-rahimovski-osebujan-glas-pogonjen-juznjackom-krvi\/#breadcrumb","itemListElement":[{"@type":"ListItem","position":1,"name":"Po\u010detna stranica","item":"https:\/\/radioljubuski.ba\/"},{"@type":"ListItem","position":2,"name":"Aki Rahimovski, osebujan glas pogonjen &#8220;ju\u017enja\u010dkom krvi&#8221;"}]},{"@type":"WebSite","@id":"https:\/\/radioljubuski.ba\/#website","url":"https:\/\/radioljubuski.ba\/","name":"Radio Ljubu\u0161ki","description":"Sun\u010dana frekvencija Hercegovine","publisher":{"@id":"https:\/\/radioljubuski.ba\/#organization"},"potentialAction":[{"@type":"SearchAction","target":{"@type":"EntryPoint","urlTemplate":"https:\/\/radioljubuski.ba\/?s={search_term_string}"},"query-input":{"@type":"PropertyValueSpecification","valueRequired":true,"valueName":"search_term_string"}}],"inLanguage":"hr"},{"@type":"Organization","@id":"https:\/\/radioljubuski.ba\/#organization","name":"Radio Ljubu\u0161ki","url":"https:\/\/radioljubuski.ba\/","logo":{"@type":"ImageObject","inLanguage":"hr","@id":"https:\/\/radioljubuski.ba\/#\/schema\/logo\/image\/","url":"https:\/\/radioljubuski.ba\/wp-content\/uploads\/2021\/02\/cropped-Radio_Ljubuski_logo1.jpg","contentUrl":"https:\/\/radioljubuski.ba\/wp-content\/uploads\/2021\/02\/cropped-Radio_Ljubuski_logo1.jpg","width":512,"height":512,"caption":"Radio Ljubu\u0161ki"},"image":{"@id":"https:\/\/radioljubuski.ba\/#\/schema\/logo\/image\/"},"sameAs":["https:\/\/www.facebook.com\/Radiio-Ljubuski-1490835324566332","https:\/\/x.com\/radioljubuski","https:\/\/hr.linkedin.com\/company\/radio-ljubuski","https:\/\/www.youtube.com\/channel\/UCHYaeO_n0Db3tjNGudGpXyw"]},{"@type":"Person","@id":"https:\/\/radioljubuski.ba\/#\/schema\/person\/19fc700381a780f69665d7956c469e3b","name":"Radio Ljubu\u0161ki"}]}},"_links":{"self":[{"href":"https:\/\/radioljubuski.ba\/index.php\/wp-json\/wp\/v2\/posts\/108823","targetHints":{"allow":["GET"]}}],"collection":[{"href":"https:\/\/radioljubuski.ba\/index.php\/wp-json\/wp\/v2\/posts"}],"about":[{"href":"https:\/\/radioljubuski.ba\/index.php\/wp-json\/wp\/v2\/types\/post"}],"author":[{"embeddable":true,"href":"https:\/\/radioljubuski.ba\/index.php\/wp-json\/wp\/v2\/users\/2"}],"replies":[{"embeddable":true,"href":"https:\/\/radioljubuski.ba\/index.php\/wp-json\/wp\/v2\/comments?post=108823"}],"version-history":[{"count":1,"href":"https:\/\/radioljubuski.ba\/index.php\/wp-json\/wp\/v2\/posts\/108823\/revisions"}],"predecessor-version":[{"id":108825,"href":"https:\/\/radioljubuski.ba\/index.php\/wp-json\/wp\/v2\/posts\/108823\/revisions\/108825"}],"wp:featuredmedia":[{"embeddable":true,"href":"https:\/\/radioljubuski.ba\/index.php\/wp-json\/wp\/v2\/media\/108824"}],"wp:attachment":[{"href":"https:\/\/radioljubuski.ba\/index.php\/wp-json\/wp\/v2\/media?parent=108823"}],"wp:term":[{"taxonomy":"category","embeddable":true,"href":"https:\/\/radioljubuski.ba\/index.php\/wp-json\/wp\/v2\/categories?post=108823"},{"taxonomy":"post_tag","embeddable":true,"href":"https:\/\/radioljubuski.ba\/index.php\/wp-json\/wp\/v2\/tags?post=108823"}],"curies":[{"name":"wp","href":"https:\/\/api.w.org\/{rel}","templated":true}]}}