{"id":10888,"date":"2021-04-08T19:01:28","date_gmt":"2021-04-08T18:01:28","guid":{"rendered":"https:\/\/radioljubuski.ba\/?p=10888"},"modified":"2021-04-08T19:01:29","modified_gmt":"2021-04-08T18:01:29","slug":"u-zivinicama-se-sudarili-vlak-i-automobil-jedna-osoba-poginula","status":"publish","type":"post","link":"https:\/\/radioljubuski.ba\/index.php\/2021\/04\/08\/u-zivinicama-se-sudarili-vlak-i-automobil-jedna-osoba-poginula\/","title":{"rendered":"U \u017divinicama se sudarili vlak i automobil, jedna osoba poginula"},"content":{"rendered":"\n<p><strong>U nezgodi su sudjelovali&nbsp;automobil marke Citroen i vlak \u017deljeznica Federacije Bosne i Hercegovine.<\/strong><\/p>\n\n\n\n<p>Jedna osoba je smrtno stradala u prometnoj nesre\u0107i koja se danas dogodila na pru\u017enom prijelazu u naselju Suha kod \u017divinica, potvr\u0111eno je za&nbsp;<a href=\"https:\/\/www.klix.ba\/vijesti\/crna-hronika\/jedna-osoba-poginula-u-sudaru-automobila-i-voza-kod-zivinica\/210408079\" target=\"_blank\" rel=\"noreferrer noopener\">Klix.ba<\/a>.<\/p>\n\n\n\n<p>Glasnogovornica Uprave policije Ministarstva unutarnjih poslova Tuzlanske \u017eupanije Amra Kapid\u017ei\u0107 za Klix.ba je kazala da se prometna nesre\u0107a dogodila oko 12:25 sati u mjestu Suha, a sudjelovali su automobil i vlak.<\/p>\n\n\n\n<figure class=\"wp-block-image\"><img decoding=\"async\" src=\"https:\/\/static.klix.ba\/media\/images\/vijesti\/210408079.3_xl.jpg?v=1\" alt=\"Smrt jedne osobe konstatovao je ljekar (Foto: \u010citatelj)\"\/><\/figure>\n\n\n\n<p>Prema rije\u010dima Kapid\u017ei\u0107, u prometnoj nesre\u0107i smrtno je stradao voza\u010d automobila, a nesretan ishod potvrdio je lije\u010dnik Slu\u017ebe hitne medicinske pomo\u0107i.<\/p>\n\n\n\n<p>Kako se doznaje, u nezgodi su sudjelovali automobil marke Citroen i vlak \u017deljeznica Federacije Bosne i Hercegovine.<\/p>\n\n\n\n<p>U tijeku je obavljanje policijskog uvi\u0111aja, nakon kojeg \u0107e biti poznati to\u010dni detalji prometne nesre\u0107e. Na spomenutom lokalnom putu obustavljen je promet.<\/p>\n\n\n\n<p>\/HMS\/<\/p>\n","protected":false},"excerpt":{"rendered":"<p>U nezgodi su sudjelovali&nbsp;automobil marke Citroen i vlak \u017deljeznica Federacije Bosne i Hercegovine. Jedna osoba je smrtno stradala u prometnoj nesre\u0107i koja se danas dogodila na pru\u017enom prijelazu u naselju Suha kod \u017divinica, potvr\u0111eno je za&nbsp;Klix.ba. Glasnogovornica Uprave policije Ministarstva unutarnjih poslova Tuzlanske \u017eupanije Amra Kapid\u017ei\u0107 za Klix.ba je kazala da se prometna nesre\u0107a dogodila [&hellip;]<\/p>\n","protected":false},"author":2,"featured_media":10889,"comment_status":"closed","ping_status":"closed","sticky":false,"template":"","format":"standard","meta":{"h5ap_radio_sources":[],"footnotes":""},"categories":[1],"tags":[],"class_list":["post-10888","post","type-post","status-publish","format-standard","has-post-thumbnail","hentry","category-bihiregija"],"yoast_head":"<!-- This site is optimized with the Yoast SEO plugin v27.5 - https:\/\/yoast.com\/product\/yoast-seo-wordpress\/ -->\n<title>U \u017divinicama se sudarili vlak i automobil, jedna osoba poginula - RADIO LJUBU\u0160KI<\/title>\n<meta name=\"robots\" content=\"index, follow, max-snippet:-1, max-image-preview:large, max-video-preview:-1\" \/>\n<link rel=\"canonical\" href=\"https:\/\/radioljubuski.ba\/index.php\/2021\/04\/08\/u-zivinicama-se-sudarili-vlak-i-automobil-jedna-osoba-poginula\/\" \/>\n<meta property=\"og:locale\" content=\"hr_HR\" \/>\n<meta property=\"og:type\" content=\"article\" \/>\n<meta property=\"og:title\" content=\"U \u017divinicama se sudarili vlak i automobil, jedna osoba poginula - RADIO LJUBU\u0160KI\" \/>\n<meta property=\"og:description\" content=\"U nezgodi su sudjelovali&nbsp;automobil marke Citroen i vlak \u017deljeznica Federacije Bosne i Hercegovine. Jedna osoba je smrtno stradala u prometnoj nesre\u0107i koja se danas dogodila na pru\u017enom prijelazu u naselju Suha kod \u017divinica, potvr\u0111eno je za&nbsp;Klix.ba. Glasnogovornica Uprave policije Ministarstva unutarnjih poslova Tuzlanske \u017eupanije Amra Kapid\u017ei\u0107 za Klix.ba je kazala da se prometna nesre\u0107a dogodila [&hellip;]\" \/>\n<meta property=\"og:url\" content=\"https:\/\/radioljubuski.ba\/index.php\/2021\/04\/08\/u-zivinicama-se-sudarili-vlak-i-automobil-jedna-osoba-poginula\/\" \/>\n<meta property=\"og:site_name\" content=\"RADIO LJUBU\u0160KI\" \/>\n<meta property=\"article:publisher\" content=\"https:\/\/www.facebook.com\/Radiio-Ljubuski-1490835324566332\" \/>\n<meta property=\"article:published_time\" content=\"2021-04-08T18:01:28+00:00\" \/>\n<meta property=\"article:modified_time\" content=\"2021-04-08T18:01:29+00:00\" \/>\n<meta property=\"og:image\" content=\"https:\/\/radioljubuski.ba\/wp-content\/uploads\/2021\/04\/pcisajfsa.png\" \/>\n\t<meta property=\"og:image:width\" content=\"840\" \/>\n\t<meta property=\"og:image:height\" content=\"470\" \/>\n\t<meta property=\"og:image:type\" content=\"image\/png\" \/>\n<meta name=\"author\" content=\"Radio Ljubu\u0161ki\" \/>\n<meta name=\"twitter:card\" content=\"summary_large_image\" \/>\n<meta name=\"twitter:creator\" content=\"@radioljubuski\" \/>\n<meta name=\"twitter:site\" content=\"@radioljubuski\" \/>\n<meta name=\"twitter:label1\" content=\"Napisao\/la\" \/>\n\t<meta name=\"twitter:data1\" content=\"Radio Ljubu\u0161ki\" \/>\n\t<meta name=\"twitter:label2\" content=\"Procijenjeno vrijeme \u010ditanja\" \/>\n\t<meta name=\"twitter:data2\" content=\"1 minuta\" \/>\n<script type=\"application\/ld+json\" class=\"yoast-schema-graph\">{\"@context\":\"https:\\\/\\\/schema.org\",\"@graph\":[{\"@type\":\"Article\",\"@id\":\"https:\\\/\\\/radioljubuski.ba\\\/index.php\\\/2021\\\/04\\\/08\\\/u-zivinicama-se-sudarili-vlak-i-automobil-jedna-osoba-poginula\\\/#article\",\"isPartOf\":{\"@id\":\"https:\\\/\\\/radioljubuski.ba\\\/index.php\\\/2021\\\/04\\\/08\\\/u-zivinicama-se-sudarili-vlak-i-automobil-jedna-osoba-poginula\\\/\"},\"author\":{\"name\":\"Radio Ljubu\u0161ki\",\"@id\":\"https:\\\/\\\/radioljubuski.ba\\\/#\\\/schema\\\/person\\\/19fc700381a780f69665d7956c469e3b\"},\"headline\":\"U \u017divinicama se sudarili vlak i automobil, jedna osoba poginula\",\"datePublished\":\"2021-04-08T18:01:28+00:00\",\"dateModified\":\"2021-04-08T18:01:29+00:00\",\"mainEntityOfPage\":{\"@id\":\"https:\\\/\\\/radioljubuski.ba\\\/index.php\\\/2021\\\/04\\\/08\\\/u-zivinicama-se-sudarili-vlak-i-automobil-jedna-osoba-poginula\\\/\"},\"wordCount\":157,\"publisher\":{\"@id\":\"https:\\\/\\\/radioljubuski.ba\\\/#organization\"},\"image\":{\"@id\":\"https:\\\/\\\/radioljubuski.ba\\\/index.php\\\/2021\\\/04\\\/08\\\/u-zivinicama-se-sudarili-vlak-i-automobil-jedna-osoba-poginula\\\/#primaryimage\"},\"thumbnailUrl\":\"https:\\\/\\\/radioljubuski.ba\\\/wp-content\\\/uploads\\\/2021\\\/04\\\/pcisajfsa.png\",\"articleSection\":[\"BIH i regija\"],\"inLanguage\":\"hr\"},{\"@type\":\"WebPage\",\"@id\":\"https:\\\/\\\/radioljubuski.ba\\\/index.php\\\/2021\\\/04\\\/08\\\/u-zivinicama-se-sudarili-vlak-i-automobil-jedna-osoba-poginula\\\/\",\"url\":\"https:\\\/\\\/radioljubuski.ba\\\/index.php\\\/2021\\\/04\\\/08\\\/u-zivinicama-se-sudarili-vlak-i-automobil-jedna-osoba-poginula\\\/\",\"name\":\"U \u017divinicama se sudarili vlak i automobil, jedna osoba poginula - RADIO LJUBU\u0160KI\",\"isPartOf\":{\"@id\":\"https:\\\/\\\/radioljubuski.ba\\\/#website\"},\"primaryImageOfPage\":{\"@id\":\"https:\\\/\\\/radioljubuski.ba\\\/index.php\\\/2021\\\/04\\\/08\\\/u-zivinicama-se-sudarili-vlak-i-automobil-jedna-osoba-poginula\\\/#primaryimage\"},\"image\":{\"@id\":\"https:\\\/\\\/radioljubuski.ba\\\/index.php\\\/2021\\\/04\\\/08\\\/u-zivinicama-se-sudarili-vlak-i-automobil-jedna-osoba-poginula\\\/#primaryimage\"},\"thumbnailUrl\":\"https:\\\/\\\/radioljubuski.ba\\\/wp-content\\\/uploads\\\/2021\\\/04\\\/pcisajfsa.png\",\"datePublished\":\"2021-04-08T18:01:28+00:00\",\"dateModified\":\"2021-04-08T18:01:29+00:00\",\"breadcrumb\":{\"@id\":\"https:\\\/\\\/radioljubuski.ba\\\/index.php\\\/2021\\\/04\\\/08\\\/u-zivinicama-se-sudarili-vlak-i-automobil-jedna-osoba-poginula\\\/#breadcrumb\"},\"inLanguage\":\"hr\",\"potentialAction\":[{\"@type\":\"ReadAction\",\"target\":[\"https:\\\/\\\/radioljubuski.ba\\\/index.php\\\/2021\\\/04\\\/08\\\/u-zivinicama-se-sudarili-vlak-i-automobil-jedna-osoba-poginula\\\/\"]}]},{\"@type\":\"ImageObject\",\"inLanguage\":\"hr\",\"@id\":\"https:\\\/\\\/radioljubuski.ba\\\/index.php\\\/2021\\\/04\\\/08\\\/u-zivinicama-se-sudarili-vlak-i-automobil-jedna-osoba-poginula\\\/#primaryimage\",\"url\":\"https:\\\/\\\/radioljubuski.ba\\\/wp-content\\\/uploads\\\/2021\\\/04\\\/pcisajfsa.png\",\"contentUrl\":\"https:\\\/\\\/radioljubuski.ba\\\/wp-content\\\/uploads\\\/2021\\\/04\\\/pcisajfsa.png\",\"width\":840,\"height\":470},{\"@type\":\"BreadcrumbList\",\"@id\":\"https:\\\/\\\/radioljubuski.ba\\\/index.php\\\/2021\\\/04\\\/08\\\/u-zivinicama-se-sudarili-vlak-i-automobil-jedna-osoba-poginula\\\/#breadcrumb\",\"itemListElement\":[{\"@type\":\"ListItem\",\"position\":1,\"name\":\"Po\u010detna stranica\",\"item\":\"https:\\\/\\\/radioljubuski.ba\\\/\"},{\"@type\":\"ListItem\",\"position\":2,\"name\":\"U \u017divinicama se sudarili vlak i automobil, jedna osoba poginula\"}]},{\"@type\":\"WebSite\",\"@id\":\"https:\\\/\\\/radioljubuski.ba\\\/#website\",\"url\":\"https:\\\/\\\/radioljubuski.ba\\\/\",\"name\":\"Radio Ljubu\u0161ki\",\"description\":\"Sun\u010dana frekvencija Hercegovine\",\"publisher\":{\"@id\":\"https:\\\/\\\/radioljubuski.ba\\\/#organization\"},\"potentialAction\":[{\"@type\":\"SearchAction\",\"target\":{\"@type\":\"EntryPoint\",\"urlTemplate\":\"https:\\\/\\\/radioljubuski.ba\\\/?s={search_term_string}\"},\"query-input\":{\"@type\":\"PropertyValueSpecification\",\"valueRequired\":true,\"valueName\":\"search_term_string\"}}],\"inLanguage\":\"hr\"},{\"@type\":\"Organization\",\"@id\":\"https:\\\/\\\/radioljubuski.ba\\\/#organization\",\"name\":\"Radio Ljubu\u0161ki\",\"url\":\"https:\\\/\\\/radioljubuski.ba\\\/\",\"logo\":{\"@type\":\"ImageObject\",\"inLanguage\":\"hr\",\"@id\":\"https:\\\/\\\/radioljubuski.ba\\\/#\\\/schema\\\/logo\\\/image\\\/\",\"url\":\"https:\\\/\\\/radioljubuski.ba\\\/wp-content\\\/uploads\\\/2021\\\/02\\\/cropped-Radio_Ljubuski_logo1.jpg\",\"contentUrl\":\"https:\\\/\\\/radioljubuski.ba\\\/wp-content\\\/uploads\\\/2021\\\/02\\\/cropped-Radio_Ljubuski_logo1.jpg\",\"width\":512,\"height\":512,\"caption\":\"Radio Ljubu\u0161ki\"},\"image\":{\"@id\":\"https:\\\/\\\/radioljubuski.ba\\\/#\\\/schema\\\/logo\\\/image\\\/\"},\"sameAs\":[\"https:\\\/\\\/www.facebook.com\\\/Radiio-Ljubuski-1490835324566332\",\"https:\\\/\\\/x.com\\\/radioljubuski\",\"https:\\\/\\\/hr.linkedin.com\\\/company\\\/radio-ljubuski\",\"https:\\\/\\\/www.youtube.com\\\/channel\\\/UCHYaeO_n0Db3tjNGudGpXyw\"]},{\"@type\":\"Person\",\"@id\":\"https:\\\/\\\/radioljubuski.ba\\\/#\\\/schema\\\/person\\\/19fc700381a780f69665d7956c469e3b\",\"name\":\"Radio Ljubu\u0161ki\"}]}<\/script>\n<!-- \/ Yoast SEO plugin. -->","yoast_head_json":{"title":"U \u017divinicama se sudarili vlak i automobil, jedna osoba poginula - RADIO LJUBU\u0160KI","robots":{"index":"index","follow":"follow","max-snippet":"max-snippet:-1","max-image-preview":"max-image-preview:large","max-video-preview":"max-video-preview:-1"},"canonical":"https:\/\/radioljubuski.ba\/index.php\/2021\/04\/08\/u-zivinicama-se-sudarili-vlak-i-automobil-jedna-osoba-poginula\/","og_locale":"hr_HR","og_type":"article","og_title":"U \u017divinicama se sudarili vlak i automobil, jedna osoba poginula - RADIO LJUBU\u0160KI","og_description":"U nezgodi su sudjelovali&nbsp;automobil marke Citroen i vlak \u017deljeznica Federacije Bosne i Hercegovine. Jedna osoba je smrtno stradala u prometnoj nesre\u0107i koja se danas dogodila na pru\u017enom prijelazu u naselju Suha kod \u017divinica, potvr\u0111eno je za&nbsp;Klix.ba. Glasnogovornica Uprave policije Ministarstva unutarnjih poslova Tuzlanske \u017eupanije Amra Kapid\u017ei\u0107 za Klix.ba je kazala da se prometna nesre\u0107a dogodila [&hellip;]","og_url":"https:\/\/radioljubuski.ba\/index.php\/2021\/04\/08\/u-zivinicama-se-sudarili-vlak-i-automobil-jedna-osoba-poginula\/","og_site_name":"RADIO LJUBU\u0160KI","article_publisher":"https:\/\/www.facebook.com\/Radiio-Ljubuski-1490835324566332","article_published_time":"2021-04-08T18:01:28+00:00","article_modified_time":"2021-04-08T18:01:29+00:00","og_image":[{"width":840,"height":470,"url":"https:\/\/radioljubuski.ba\/wp-content\/uploads\/2021\/04\/pcisajfsa.png","type":"image\/png"}],"author":"Radio Ljubu\u0161ki","twitter_card":"summary_large_image","twitter_creator":"@radioljubuski","twitter_site":"@radioljubuski","twitter_misc":{"Napisao\/la":"Radio Ljubu\u0161ki","Procijenjeno vrijeme \u010ditanja":"1 minuta"},"schema":{"@context":"https:\/\/schema.org","@graph":[{"@type":"Article","@id":"https:\/\/radioljubuski.ba\/index.php\/2021\/04\/08\/u-zivinicama-se-sudarili-vlak-i-automobil-jedna-osoba-poginula\/#article","isPartOf":{"@id":"https:\/\/radioljubuski.ba\/index.php\/2021\/04\/08\/u-zivinicama-se-sudarili-vlak-i-automobil-jedna-osoba-poginula\/"},"author":{"name":"Radio Ljubu\u0161ki","@id":"https:\/\/radioljubuski.ba\/#\/schema\/person\/19fc700381a780f69665d7956c469e3b"},"headline":"U \u017divinicama se sudarili vlak i automobil, jedna osoba poginula","datePublished":"2021-04-08T18:01:28+00:00","dateModified":"2021-04-08T18:01:29+00:00","mainEntityOfPage":{"@id":"https:\/\/radioljubuski.ba\/index.php\/2021\/04\/08\/u-zivinicama-se-sudarili-vlak-i-automobil-jedna-osoba-poginula\/"},"wordCount":157,"publisher":{"@id":"https:\/\/radioljubuski.ba\/#organization"},"image":{"@id":"https:\/\/radioljubuski.ba\/index.php\/2021\/04\/08\/u-zivinicama-se-sudarili-vlak-i-automobil-jedna-osoba-poginula\/#primaryimage"},"thumbnailUrl":"https:\/\/radioljubuski.ba\/wp-content\/uploads\/2021\/04\/pcisajfsa.png","articleSection":["BIH i regija"],"inLanguage":"hr"},{"@type":"WebPage","@id":"https:\/\/radioljubuski.ba\/index.php\/2021\/04\/08\/u-zivinicama-se-sudarili-vlak-i-automobil-jedna-osoba-poginula\/","url":"https:\/\/radioljubuski.ba\/index.php\/2021\/04\/08\/u-zivinicama-se-sudarili-vlak-i-automobil-jedna-osoba-poginula\/","name":"U \u017divinicama se sudarili vlak i automobil, jedna osoba poginula - RADIO LJUBU\u0160KI","isPartOf":{"@id":"https:\/\/radioljubuski.ba\/#website"},"primaryImageOfPage":{"@id":"https:\/\/radioljubuski.ba\/index.php\/2021\/04\/08\/u-zivinicama-se-sudarili-vlak-i-automobil-jedna-osoba-poginula\/#primaryimage"},"image":{"@id":"https:\/\/radioljubuski.ba\/index.php\/2021\/04\/08\/u-zivinicama-se-sudarili-vlak-i-automobil-jedna-osoba-poginula\/#primaryimage"},"thumbnailUrl":"https:\/\/radioljubuski.ba\/wp-content\/uploads\/2021\/04\/pcisajfsa.png","datePublished":"2021-04-08T18:01:28+00:00","dateModified":"2021-04-08T18:01:29+00:00","breadcrumb":{"@id":"https:\/\/radioljubuski.ba\/index.php\/2021\/04\/08\/u-zivinicama-se-sudarili-vlak-i-automobil-jedna-osoba-poginula\/#breadcrumb"},"inLanguage":"hr","potentialAction":[{"@type":"ReadAction","target":["https:\/\/radioljubuski.ba\/index.php\/2021\/04\/08\/u-zivinicama-se-sudarili-vlak-i-automobil-jedna-osoba-poginula\/"]}]},{"@type":"ImageObject","inLanguage":"hr","@id":"https:\/\/radioljubuski.ba\/index.php\/2021\/04\/08\/u-zivinicama-se-sudarili-vlak-i-automobil-jedna-osoba-poginula\/#primaryimage","url":"https:\/\/radioljubuski.ba\/wp-content\/uploads\/2021\/04\/pcisajfsa.png","contentUrl":"https:\/\/radioljubuski.ba\/wp-content\/uploads\/2021\/04\/pcisajfsa.png","width":840,"height":470},{"@type":"BreadcrumbList","@id":"https:\/\/radioljubuski.ba\/index.php\/2021\/04\/08\/u-zivinicama-se-sudarili-vlak-i-automobil-jedna-osoba-poginula\/#breadcrumb","itemListElement":[{"@type":"ListItem","position":1,"name":"Po\u010detna stranica","item":"https:\/\/radioljubuski.ba\/"},{"@type":"ListItem","position":2,"name":"U \u017divinicama se sudarili vlak i automobil, jedna osoba poginula"}]},{"@type":"WebSite","@id":"https:\/\/radioljubuski.ba\/#website","url":"https:\/\/radioljubuski.ba\/","name":"Radio Ljubu\u0161ki","description":"Sun\u010dana frekvencija Hercegovine","publisher":{"@id":"https:\/\/radioljubuski.ba\/#organization"},"potentialAction":[{"@type":"SearchAction","target":{"@type":"EntryPoint","urlTemplate":"https:\/\/radioljubuski.ba\/?s={search_term_string}"},"query-input":{"@type":"PropertyValueSpecification","valueRequired":true,"valueName":"search_term_string"}}],"inLanguage":"hr"},{"@type":"Organization","@id":"https:\/\/radioljubuski.ba\/#organization","name":"Radio Ljubu\u0161ki","url":"https:\/\/radioljubuski.ba\/","logo":{"@type":"ImageObject","inLanguage":"hr","@id":"https:\/\/radioljubuski.ba\/#\/schema\/logo\/image\/","url":"https:\/\/radioljubuski.ba\/wp-content\/uploads\/2021\/02\/cropped-Radio_Ljubuski_logo1.jpg","contentUrl":"https:\/\/radioljubuski.ba\/wp-content\/uploads\/2021\/02\/cropped-Radio_Ljubuski_logo1.jpg","width":512,"height":512,"caption":"Radio Ljubu\u0161ki"},"image":{"@id":"https:\/\/radioljubuski.ba\/#\/schema\/logo\/image\/"},"sameAs":["https:\/\/www.facebook.com\/Radiio-Ljubuski-1490835324566332","https:\/\/x.com\/radioljubuski","https:\/\/hr.linkedin.com\/company\/radio-ljubuski","https:\/\/www.youtube.com\/channel\/UCHYaeO_n0Db3tjNGudGpXyw"]},{"@type":"Person","@id":"https:\/\/radioljubuski.ba\/#\/schema\/person\/19fc700381a780f69665d7956c469e3b","name":"Radio Ljubu\u0161ki"}]}},"_links":{"self":[{"href":"https:\/\/radioljubuski.ba\/index.php\/wp-json\/wp\/v2\/posts\/10888","targetHints":{"allow":["GET"]}}],"collection":[{"href":"https:\/\/radioljubuski.ba\/index.php\/wp-json\/wp\/v2\/posts"}],"about":[{"href":"https:\/\/radioljubuski.ba\/index.php\/wp-json\/wp\/v2\/types\/post"}],"author":[{"embeddable":true,"href":"https:\/\/radioljubuski.ba\/index.php\/wp-json\/wp\/v2\/users\/2"}],"replies":[{"embeddable":true,"href":"https:\/\/radioljubuski.ba\/index.php\/wp-json\/wp\/v2\/comments?post=10888"}],"version-history":[{"count":1,"href":"https:\/\/radioljubuski.ba\/index.php\/wp-json\/wp\/v2\/posts\/10888\/revisions"}],"predecessor-version":[{"id":10890,"href":"https:\/\/radioljubuski.ba\/index.php\/wp-json\/wp\/v2\/posts\/10888\/revisions\/10890"}],"wp:featuredmedia":[{"embeddable":true,"href":"https:\/\/radioljubuski.ba\/index.php\/wp-json\/wp\/v2\/media\/10889"}],"wp:attachment":[{"href":"https:\/\/radioljubuski.ba\/index.php\/wp-json\/wp\/v2\/media?parent=10888"}],"wp:term":[{"taxonomy":"category","embeddable":true,"href":"https:\/\/radioljubuski.ba\/index.php\/wp-json\/wp\/v2\/categories?post=10888"},{"taxonomy":"post_tag","embeddable":true,"href":"https:\/\/radioljubuski.ba\/index.php\/wp-json\/wp\/v2\/tags?post=10888"}],"curies":[{"name":"wp","href":"https:\/\/api.w.org\/{rel}","templated":true}]}}