{"id":108900,"date":"2022-01-24T13:29:27","date_gmt":"2022-01-24T12:29:27","guid":{"rendered":"https:\/\/radioljubuski.ba\/?p=108900"},"modified":"2022-01-27T13:15:04","modified_gmt":"2022-01-27T12:15:04","slug":"anita-sunjic-u-programu-rlj-bavljenje-glazbom-mora-biti-iskreno","status":"publish","type":"post","link":"https:\/\/radioljubuski.ba\/index.php\/2022\/01\/24\/anita-sunjic-u-programu-rlj-bavljenje-glazbom-mora-biti-iskreno\/","title":{"rendered":"Anita \u0160unji\u0107 u programu RLJ: &#8220;Bavljenje glazbom mora biti iskreno&#8221; &#8211; audio"},"content":{"rendered":"\n<p>Mostarska kantautorica Anita \u0160unji\u0107, autorica pjesama kao \u0161to su \u201eKorak naprijed\u201c, \u201ePut bez la\u017ei\u201c, \u201eSretna na dan\u201c gostovala je u programu Radija Ljubu\u0161kog te je popri\u010dala s nama o trenutnim aktivnostima, vi\u0111enju kantautorske scene u BiH i regiji, svom kreativnom procesu i kako je to probijati se na glazbenoj sceni.<\/p>\n\n\n\n<p>Iza nje su nastupi po brojnim festivalima, s bendom Venus ona i njezine kolegice bili su svojevremeno osvje\u017eenje na mostarskoj sceni, a Anita je i nakon raspada benda nastavila glazbenim putom \u2013 jer druga\u010dije ne mo\u017ee \u2013 ona pi\u0161e, aran\u017eira svoje pjesme, nastupa po \u201etezgama\u201c, ide po festivalima, brine se o spotovima\u2026<\/p>\n\n\n\n<p>&nbsp;\u201e<em>Po\u010dela sam s nekih pet godina upoznavati se s glazbom. Op\u0107enito moje neko \u201ctr\u010danje za glazbom\u201c bilo je ve\u0107 sa dvije godine kada bih u tr\u017enom centru tr\u010dala za nekom gitarom. Sa pet godina sam po\u010dela u\u010diti instrument, bilo je to u\u010denje s najboljim tada\u0161njim prijateljem i otada nisam prestala\u201c,<\/em> govori Anita o svojim po\u010decima.<\/p>\n\n\n\n<p>Sa osmijehom se sje\u0107a prve svirke kada je jo\u0161 bila dijete.<\/p>\n\n\n\n<p>\u201e<em>Moja prva, da ka\u017eem, svirka bila je sa doslovno pet-\u0161est godina u jednom restoranu gdje je jedan momak svirao harmoniku i ja i moj prijatelj smo pozvani na binu i mi smo izvodili. On je tada na bini svirao narodnjake, ali je za nas odsvirao ne\u0161to od \u201ePilota<\/em>\u201c, prisje\u0107a se Anita i dodaje kako joj je&nbsp; gitara obilje\u017eila \u010ditav \u017eivot.<\/p>\n\n\n\n<p>\u201e<em>Uvijek sam svirala. Obi\u010dno bi me prijatelji iz ulice pozvali; \u201edonesi gitaru da svira\u0161 pred ulazom\u201c i imam puno divnih situacija iz tih dru\u017eenja s prijateljima. I tada, kada bih svirala u dru\u0161tvu prijatelja uvijek sam imala \u017eelju da to bude svima u\u017eivanje. I njima koji slu\u0161aju i meni koja sviram. To se nije promijenilo do danas<\/em>\u201c, opisuje ona.<\/p>\n\n\n\n<p>Prva svirka za novac, kako ona ka\u017ee \u201etezga\u201c, bila je kada je imala negdje 18 godina.&nbsp;<\/p>\n\n\n\n<p>\u201e<em>Bio je to jedan posve drugi osje\u0107aj kada sa 18 odjednom biva\u0161 pla\u0107en da svira\u0161 u kafi\u0107u\u201c,<\/em> otkriva Anita.<\/p>\n\n\n\n<p>Njene rane glazbene godine obilje\u017eio je uspjeh sa bendom Venus, a Aniti je te\u0161ko pao raspad ovog benda sastavljenog od mostarskih cura.<\/p>\n\n\n\n<p>\u201e<em>Bit \u0107u iskrena. Ja nikad ne bih prekinula taj bend. Ve\u0107 sam tu bila autor, netko tko je donosio pjesme, ja sam voljela taj period. I dan danas ka\u017eem da je to bio najbolji period mog \u017eivota. To je bila kao mala porodica, kao jedan brak za koji sam ja mislila da nikad ne\u0107e prestati. Tada smo svi bili studenti i u to vrijeme ima\u0161 neku slobodu da misli\u0161 da mijenja\u0161 svijet<\/em>\u201c, ka\u017ee nam i dodaje kako je i nakon raspada benda krenula u samostalne vode.<\/p>\n\n\n\n<p><em>\u201eImala sam potrebu da ostavim neki trag, imala sam potrebu da u svojoj zajednici budem nekome uzor, da poka\u017eem nekome da se mo\u017ee\u201c.<\/em><\/p>\n\n\n\n<p>Njezin novi put nakon Venusa krenuo je s pjesmom znakovitog imena \u201eKorak naprijed\u201c.<\/p>\n\n\n\n<iframe loading=\"lazy\" src=\"https:\/\/www.youtube.com\/embed\/3iR6m4K1Y3A\" title=\"YouTube video player\" allow=\"accelerometer; autoplay; clipboard-write; encrypted-media; gyroscope; picture-in-picture\" allowfullscreen=\"\" width=\"560\" height=\"315\" frameborder=\"0\"><\/iframe>\n\n\n\n<p>Govore\u0107i o svom stilu, Anita ka\u017ee kako joj je vrlo va\u017ena iskrenost u glazbi.<\/p>\n\n\n\n<p><em>\u201eBavljenje glazbom mora biti iskreno. Mora biti onaj neki osje\u0107aj koji ja imam i kada sam sama u svojoj sobi i kada sam u nekoj najsenzualnijoj i najiskrenijoj verziji sebe\u201c, <\/em>govori Anita i dodaje kako se njezin stil oblikovao 20-30 godina.<\/p>\n\n\n\n<p><em>\u201eTaj svoj stil ja sam stvarala slu\u0161aju\u0107i irsku glazbu. Mnogo volim pop pravac te bilo koji utjecaj drugih vrsti glazbe u popu. Celtic-pop, country-pop kojeg obo\u017eavam, meni je Shania Twain vje\u010dna inspiracija, Dido kao brit-pop. Stra\u0161no volim utjecaj svih tih drugih vrsta glazbe u popu, ali to te\u0161ko kod nas prolazi\u201c,<\/em> ka\u017ee Anita.<\/p>\n\n\n\n<p>Svoj stil ne namjerava mijenjati, ali ka\u017ee kako joj komercijalizacija nije niti bitna.<\/p>\n\n\n\n<p><em>\u201eMeni je va\u017eno da mogu nastaviti ovo \u0161to najvi\u0161e na svijetu volim i da makar jednu osobu inspiriram da mo\u017ee raditi ovo isto.\u201c<\/em><\/p>\n\n\n\n<p>S vremenom se oku\u0161ala i u glazbenoj produkciji, napravila je jo\u0161 jedan iskorak u svom \u0161irokom glazbenom spektru, no ka\u017ee kako je shvatila da se tu previ\u0161e \u201egubi\u201c.<\/p>\n\n\n\n<p>\u201e<em>Uvijek sam \u017eeljela imati svoj studio i ulo\u017eila sam veliki novac u to. Tri godine sam kupovala opremu dio po dio, ali sam primijetila da dugo vremena tra\u017ei to u\u010denje i da to bezveze u\u010dim ako ne\u0107u imati neku praksu, ako ne\u0107u iz dana u dan razmi\u0161ljati kao producent, a ne kao aran\u017eer i kao umjetnik. Tu sam imala jednu vrlo va\u017enu lekciju od prijatelja koji mi je rekao \u201eja \u0161to vi\u0161e ulazim u produkciju, sve sam manje muzi\u010dar, sve sam manje osoba koja kreira. Ne sti\u017eem da se bavim tim dijelom.\u201c Onda sam razmi\u0161ljala. Ja ne \u017eelim cijeli dan samo miksati i baviti se nekim tehni\u010dkim stvarima i onda sam tu opremu iskoristila da budem aran\u017eer i tu sam stala<\/em>\u201c, opisuje nam. &nbsp;<\/p>\n\n\n\n<p>Ka\u017ee da joj je najve\u0107a nagrada kada ju neka njezina pjesma pogodi.<\/p>\n\n\n\n<p>\u201e<em>Bit \u0107e smije\u0161no, ali meni je najdra\u017ee kad napravim neku pjesmu i ako se ja raspla\u010dem nakon toga i ako mene ta melodija uspije dovesti do suza. Onda je to to!\u201c, <\/em>ka\u017ee o osje\u0107aju koji ima kada kreira pjesme.<\/p>\n\n\n\n<p>\u201e<em>Kada je nastala pjesma \u201eUtjeha \u201edva dana sam je bez prekida pravila. Nisam ni\u0161ta jela. Samo je bilo; kompjuter, ja, instrumenti i pla\u010d. Tada sam pisala aran\u017eman i to je bilo samo snimanje. Kada sam zavr\u0161ila, onda je to bio samo instrumental i onda tu nije bilo teksta. I onda sam htjela napraviti tekst, ali sam razmi\u0161ljala; tu mora imati malo teksta, jer \u017eelim da melodija pri\u010da tugu\u2026<\/em>\u201c<\/p>\n\n\n\n<iframe loading=\"lazy\" src=\"https:\/\/www.youtube.com\/embed\/3JWQMoyp2Ic\" title=\"YouTube video player\" allow=\"accelerometer; autoplay; clipboard-write; encrypted-media; gyroscope; picture-in-picture\" allowfullscreen=\"\" width=\"560\" height=\"315\" frameborder=\"0\"><\/iframe>\n\n\n\n<p>U razgovoru za Radio Ljubu\u0161ki Anita je govorila i o svom kreativnom procesu.<\/p>\n\n\n\n<p><em>\u201eBilo je dana kada uzmem gitaru i vrtim neku melodiju. Ja melodiju i tekst nekako zajedno radim jer poslije mi se jako te\u0161ko vratiti u tu neku ideju. Ne mogu se vratiti u tu emociju. Volim taj trenutak kada mi do\u0111e ta emocija. Nekada se dogodi da ne pi\u0161em ni\u0161ta po pola godine \u0161to je tragedija za mene s obzirom na to koliko volim to, a nekad se dogodi da napravim dvije-tri pjesme u mjesec dana\u201c, <\/em>ka\u017ee nam i dodaje kako joj je najve\u0107a inspiracija ljubav.<\/p>\n\n\n\n<p>Upravo tekst njezine pjesme \u201ePut bez la\u017ei\u201c najbolje opisuje njen karakter, na\u010din na koji voli, i nesebi\u010dnu ljubav koju \u017eeli pru\u017eiti.<\/p>\n\n\n\n<iframe loading=\"lazy\" src=\"https:\/\/www.youtube.com\/embed\/Ec1KMEHS-b0\" title=\"YouTube video player\" allow=\"accelerometer; autoplay; clipboard-write; encrypted-media; gyroscope; picture-in-picture\" allowfullscreen=\"\" width=\"560\" height=\"315\" frameborder=\"0\"><\/iframe>\n\n\n\n<p>\u201e<em>To je jedna rijetka moja pozitivna pjesma. Svi mi ka\u017eu; \u201eti uvijek u nekim bolovima i problemima ljubavnim. Pjesma \u201ePut bez la\u017ei\u201c je jedna pjesma koju mnogo volim. Radili smo je pola godine u studiju. Poludjela sam na snimanju vokala koje je trajalo \u0161est sati. Gabrijel Prusina je radio tu pjesmu i \u010ditav taj proces je za mene bio veliko u\u010denje. Od Gabrijela sam mnogo nau\u010dila. Ova pjesma govori kakva sam ja. Govori i koliko ja volim tu irsku glazbu\u2026\u201c<\/em><\/p>\n\n\n\n<p>Ka\u017ee da do sada ima zavr\u0161enih nekih 15-tak pjesama.<\/p>\n\n\n\n<p><em>\u201eAli ima sigurno jo\u0161 toliko koje ja nisam finalno oblikovala. Ja kada sam kretala, mislila sam da \u0107u se baviti time da \u0107e to biti samo gitara i glas kao akusti\u010dni glas. Da je to tako, ja bih dosad imala tri albuma snimljena, ali ja u ovim svojim pjesmama vidim tu \u010ditav bend. Vidim taj neki zvuk gdje ima i drugih instrumenata pa to traje\u201c, <\/em>obja\u0161njava nam.<\/p>\n\n\n\n<p>Govorila je Anita i o promociji na dru\u0161tvenim mre\u017eama, o glazbenoj sceni u regiji, o suradnji s mladom ljubu\u0161kom kantautoricom Sarom Mihaelom Dedi\u0107 i o mnogim drugim stvarima<\/p>\n\n\n\n<p>Poslu\u0161ajte razgovor<\/p>\n\n\n\n<iframe src=\"https:\/\/drive.google.com\/file\/d\/1AHe4S-ir-dfW3Jxsaw_3c7wGcSrIhrm6\/preview\" style=\"width: 100%; height: 100px;\"><\/iframe>\n\n\n\n<iframe loading=\"lazy\" src=\"https:\/\/www.youtube.com\/embed\/yhOM74_AAqg\" title=\"YouTube video player\" allow=\"accelerometer; autoplay; clipboard-write; encrypted-media; gyroscope; picture-in-picture\" allowfullscreen=\"\" width=\"560\" height=\"315\" frameborder=\"0\"><\/iframe>\n\n\n\n<p><strong>Ivan Herceg \/ Radio Ljubu\u0161ki<\/strong><\/p>\n","protected":false},"excerpt":{"rendered":"<p>Mostarska kantautorica Anita \u0160unji\u0107, autorica pjesama kao \u0161to su \u201eKorak naprijed\u201c, \u201ePut bez la\u017ei\u201c, \u201eSretna na dan\u201c gostovala je u programu Radija Ljubu\u0161kog te je popri\u010dala s nama o trenutnim aktivnostima, vi\u0111enju kantautorske scene u BiH i regiji, svom kreativnom procesu i kako je to probijati se na glazbenoj sceni. Iza nje su nastupi po [&hellip;]<\/p>\n","protected":false},"author":2,"featured_media":108905,"comment_status":"closed","ping_status":"closed","sticky":false,"template":"","format":"standard","meta":{"h5ap_radio_sources":[],"footnotes":""},"categories":[8],"tags":[],"class_list":["post-108900","post","type-post","status-publish","format-standard","has-post-thumbnail","hentry","category-rlj-audio"],"yoast_head":"<!-- This site is optimized with the Yoast SEO plugin v27.5 - https:\/\/yoast.com\/product\/yoast-seo-wordpress\/ -->\n<title>Anita \u0160unji\u0107 u programu RLJ: &quot;Bavljenje glazbom mora biti iskreno&quot; - audio - RADIO LJUBU\u0160KI<\/title>\n<meta name=\"robots\" content=\"index, follow, max-snippet:-1, max-image-preview:large, max-video-preview:-1\" \/>\n<link rel=\"canonical\" href=\"https:\/\/radioljubuski.ba\/index.php\/2022\/01\/24\/anita-sunjic-u-programu-rlj-bavljenje-glazbom-mora-biti-iskreno\/\" \/>\n<meta property=\"og:locale\" content=\"hr_HR\" \/>\n<meta property=\"og:type\" content=\"article\" \/>\n<meta property=\"og:title\" content=\"Anita \u0160unji\u0107 u programu RLJ: &quot;Bavljenje glazbom mora biti iskreno&quot; - audio - RADIO LJUBU\u0160KI\" \/>\n<meta property=\"og:description\" content=\"Mostarska kantautorica Anita \u0160unji\u0107, autorica pjesama kao \u0161to su \u201eKorak naprijed\u201c, \u201ePut bez la\u017ei\u201c, \u201eSretna na dan\u201c gostovala je u programu Radija Ljubu\u0161kog te je popri\u010dala s nama o trenutnim aktivnostima, vi\u0111enju kantautorske scene u BiH i regiji, svom kreativnom procesu i kako je to probijati se na glazbenoj sceni. Iza nje su nastupi po [&hellip;]\" \/>\n<meta property=\"og:url\" content=\"https:\/\/radioljubuski.ba\/index.php\/2022\/01\/24\/anita-sunjic-u-programu-rlj-bavljenje-glazbom-mora-biti-iskreno\/\" \/>\n<meta property=\"og:site_name\" content=\"RADIO LJUBU\u0160KI\" \/>\n<meta property=\"article:publisher\" content=\"https:\/\/www.facebook.com\/Radiio-Ljubuski-1490835324566332\" \/>\n<meta property=\"article:published_time\" content=\"2022-01-24T12:29:27+00:00\" \/>\n<meta property=\"article:modified_time\" content=\"2022-01-27T12:15:04+00:00\" \/>\n<meta property=\"og:image\" content=\"https:\/\/radioljubuski.ba\/wp-content\/uploads\/2022\/01\/anita-sunjic-rlj.jpg\" \/>\n\t<meta property=\"og:image:width\" content=\"1447\" \/>\n\t<meta property=\"og:image:height\" content=\"921\" \/>\n\t<meta property=\"og:image:type\" content=\"image\/jpeg\" \/>\n<meta name=\"author\" content=\"Radio Ljubu\u0161ki\" \/>\n<meta name=\"twitter:card\" content=\"summary_large_image\" \/>\n<meta name=\"twitter:creator\" content=\"@radioljubuski\" \/>\n<meta name=\"twitter:site\" content=\"@radioljubuski\" \/>\n<meta name=\"twitter:label1\" content=\"Napisao\/la\" \/>\n\t<meta name=\"twitter:data1\" content=\"Radio Ljubu\u0161ki\" \/>\n\t<meta name=\"twitter:label2\" content=\"Procijenjeno vrijeme \u010ditanja\" \/>\n\t<meta name=\"twitter:data2\" content=\"6 minuta\" \/>\n<script type=\"application\/ld+json\" class=\"yoast-schema-graph\">{\"@context\":\"https:\\\/\\\/schema.org\",\"@graph\":[{\"@type\":\"Article\",\"@id\":\"https:\\\/\\\/radioljubuski.ba\\\/index.php\\\/2022\\\/01\\\/24\\\/anita-sunjic-u-programu-rlj-bavljenje-glazbom-mora-biti-iskreno\\\/#article\",\"isPartOf\":{\"@id\":\"https:\\\/\\\/radioljubuski.ba\\\/index.php\\\/2022\\\/01\\\/24\\\/anita-sunjic-u-programu-rlj-bavljenje-glazbom-mora-biti-iskreno\\\/\"},\"author\":{\"name\":\"Radio Ljubu\u0161ki\",\"@id\":\"https:\\\/\\\/radioljubuski.ba\\\/#\\\/schema\\\/person\\\/19fc700381a780f69665d7956c469e3b\"},\"headline\":\"Anita \u0160unji\u0107 u programu RLJ: &#8220;Bavljenje glazbom mora biti iskreno&#8221; &#8211; audio\",\"datePublished\":\"2022-01-24T12:29:27+00:00\",\"dateModified\":\"2022-01-27T12:15:04+00:00\",\"mainEntityOfPage\":{\"@id\":\"https:\\\/\\\/radioljubuski.ba\\\/index.php\\\/2022\\\/01\\\/24\\\/anita-sunjic-u-programu-rlj-bavljenje-glazbom-mora-biti-iskreno\\\/\"},\"wordCount\":1312,\"publisher\":{\"@id\":\"https:\\\/\\\/radioljubuski.ba\\\/#organization\"},\"image\":{\"@id\":\"https:\\\/\\\/radioljubuski.ba\\\/index.php\\\/2022\\\/01\\\/24\\\/anita-sunjic-u-programu-rlj-bavljenje-glazbom-mora-biti-iskreno\\\/#primaryimage\"},\"thumbnailUrl\":\"https:\\\/\\\/radioljubuski.ba\\\/wp-content\\\/uploads\\\/2022\\\/01\\\/anita-sunjic-rlj.jpg\",\"articleSection\":[\"RLJ Audio\"],\"inLanguage\":\"hr\"},{\"@type\":\"WebPage\",\"@id\":\"https:\\\/\\\/radioljubuski.ba\\\/index.php\\\/2022\\\/01\\\/24\\\/anita-sunjic-u-programu-rlj-bavljenje-glazbom-mora-biti-iskreno\\\/\",\"url\":\"https:\\\/\\\/radioljubuski.ba\\\/index.php\\\/2022\\\/01\\\/24\\\/anita-sunjic-u-programu-rlj-bavljenje-glazbom-mora-biti-iskreno\\\/\",\"name\":\"Anita \u0160unji\u0107 u programu RLJ: \\\"Bavljenje glazbom mora biti iskreno\\\" - audio - RADIO LJUBU\u0160KI\",\"isPartOf\":{\"@id\":\"https:\\\/\\\/radioljubuski.ba\\\/#website\"},\"primaryImageOfPage\":{\"@id\":\"https:\\\/\\\/radioljubuski.ba\\\/index.php\\\/2022\\\/01\\\/24\\\/anita-sunjic-u-programu-rlj-bavljenje-glazbom-mora-biti-iskreno\\\/#primaryimage\"},\"image\":{\"@id\":\"https:\\\/\\\/radioljubuski.ba\\\/index.php\\\/2022\\\/01\\\/24\\\/anita-sunjic-u-programu-rlj-bavljenje-glazbom-mora-biti-iskreno\\\/#primaryimage\"},\"thumbnailUrl\":\"https:\\\/\\\/radioljubuski.ba\\\/wp-content\\\/uploads\\\/2022\\\/01\\\/anita-sunjic-rlj.jpg\",\"datePublished\":\"2022-01-24T12:29:27+00:00\",\"dateModified\":\"2022-01-27T12:15:04+00:00\",\"breadcrumb\":{\"@id\":\"https:\\\/\\\/radioljubuski.ba\\\/index.php\\\/2022\\\/01\\\/24\\\/anita-sunjic-u-programu-rlj-bavljenje-glazbom-mora-biti-iskreno\\\/#breadcrumb\"},\"inLanguage\":\"hr\",\"potentialAction\":[{\"@type\":\"ReadAction\",\"target\":[\"https:\\\/\\\/radioljubuski.ba\\\/index.php\\\/2022\\\/01\\\/24\\\/anita-sunjic-u-programu-rlj-bavljenje-glazbom-mora-biti-iskreno\\\/\"]}]},{\"@type\":\"ImageObject\",\"inLanguage\":\"hr\",\"@id\":\"https:\\\/\\\/radioljubuski.ba\\\/index.php\\\/2022\\\/01\\\/24\\\/anita-sunjic-u-programu-rlj-bavljenje-glazbom-mora-biti-iskreno\\\/#primaryimage\",\"url\":\"https:\\\/\\\/radioljubuski.ba\\\/wp-content\\\/uploads\\\/2022\\\/01\\\/anita-sunjic-rlj.jpg\",\"contentUrl\":\"https:\\\/\\\/radioljubuski.ba\\\/wp-content\\\/uploads\\\/2022\\\/01\\\/anita-sunjic-rlj.jpg\",\"width\":1447,\"height\":921},{\"@type\":\"BreadcrumbList\",\"@id\":\"https:\\\/\\\/radioljubuski.ba\\\/index.php\\\/2022\\\/01\\\/24\\\/anita-sunjic-u-programu-rlj-bavljenje-glazbom-mora-biti-iskreno\\\/#breadcrumb\",\"itemListElement\":[{\"@type\":\"ListItem\",\"position\":1,\"name\":\"Po\u010detna stranica\",\"item\":\"https:\\\/\\\/radioljubuski.ba\\\/\"},{\"@type\":\"ListItem\",\"position\":2,\"name\":\"Anita \u0160unji\u0107 u programu RLJ: &#8220;Bavljenje glazbom mora biti iskreno&#8221; &#8211; audio\"}]},{\"@type\":\"WebSite\",\"@id\":\"https:\\\/\\\/radioljubuski.ba\\\/#website\",\"url\":\"https:\\\/\\\/radioljubuski.ba\\\/\",\"name\":\"Radio Ljubu\u0161ki\",\"description\":\"Sun\u010dana frekvencija Hercegovine\",\"publisher\":{\"@id\":\"https:\\\/\\\/radioljubuski.ba\\\/#organization\"},\"potentialAction\":[{\"@type\":\"SearchAction\",\"target\":{\"@type\":\"EntryPoint\",\"urlTemplate\":\"https:\\\/\\\/radioljubuski.ba\\\/?s={search_term_string}\"},\"query-input\":{\"@type\":\"PropertyValueSpecification\",\"valueRequired\":true,\"valueName\":\"search_term_string\"}}],\"inLanguage\":\"hr\"},{\"@type\":\"Organization\",\"@id\":\"https:\\\/\\\/radioljubuski.ba\\\/#organization\",\"name\":\"Radio Ljubu\u0161ki\",\"url\":\"https:\\\/\\\/radioljubuski.ba\\\/\",\"logo\":{\"@type\":\"ImageObject\",\"inLanguage\":\"hr\",\"@id\":\"https:\\\/\\\/radioljubuski.ba\\\/#\\\/schema\\\/logo\\\/image\\\/\",\"url\":\"https:\\\/\\\/radioljubuski.ba\\\/wp-content\\\/uploads\\\/2021\\\/02\\\/cropped-Radio_Ljubuski_logo1.jpg\",\"contentUrl\":\"https:\\\/\\\/radioljubuski.ba\\\/wp-content\\\/uploads\\\/2021\\\/02\\\/cropped-Radio_Ljubuski_logo1.jpg\",\"width\":512,\"height\":512,\"caption\":\"Radio Ljubu\u0161ki\"},\"image\":{\"@id\":\"https:\\\/\\\/radioljubuski.ba\\\/#\\\/schema\\\/logo\\\/image\\\/\"},\"sameAs\":[\"https:\\\/\\\/www.facebook.com\\\/Radiio-Ljubuski-1490835324566332\",\"https:\\\/\\\/x.com\\\/radioljubuski\",\"https:\\\/\\\/hr.linkedin.com\\\/company\\\/radio-ljubuski\",\"https:\\\/\\\/www.youtube.com\\\/channel\\\/UCHYaeO_n0Db3tjNGudGpXyw\"]},{\"@type\":\"Person\",\"@id\":\"https:\\\/\\\/radioljubuski.ba\\\/#\\\/schema\\\/person\\\/19fc700381a780f69665d7956c469e3b\",\"name\":\"Radio Ljubu\u0161ki\"}]}<\/script>\n<!-- \/ Yoast SEO plugin. -->","yoast_head_json":{"title":"Anita \u0160unji\u0107 u programu RLJ: \"Bavljenje glazbom mora biti iskreno\" - audio - RADIO LJUBU\u0160KI","robots":{"index":"index","follow":"follow","max-snippet":"max-snippet:-1","max-image-preview":"max-image-preview:large","max-video-preview":"max-video-preview:-1"},"canonical":"https:\/\/radioljubuski.ba\/index.php\/2022\/01\/24\/anita-sunjic-u-programu-rlj-bavljenje-glazbom-mora-biti-iskreno\/","og_locale":"hr_HR","og_type":"article","og_title":"Anita \u0160unji\u0107 u programu RLJ: \"Bavljenje glazbom mora biti iskreno\" - audio - RADIO LJUBU\u0160KI","og_description":"Mostarska kantautorica Anita \u0160unji\u0107, autorica pjesama kao \u0161to su \u201eKorak naprijed\u201c, \u201ePut bez la\u017ei\u201c, \u201eSretna na dan\u201c gostovala je u programu Radija Ljubu\u0161kog te je popri\u010dala s nama o trenutnim aktivnostima, vi\u0111enju kantautorske scene u BiH i regiji, svom kreativnom procesu i kako je to probijati se na glazbenoj sceni. Iza nje su nastupi po [&hellip;]","og_url":"https:\/\/radioljubuski.ba\/index.php\/2022\/01\/24\/anita-sunjic-u-programu-rlj-bavljenje-glazbom-mora-biti-iskreno\/","og_site_name":"RADIO LJUBU\u0160KI","article_publisher":"https:\/\/www.facebook.com\/Radiio-Ljubuski-1490835324566332","article_published_time":"2022-01-24T12:29:27+00:00","article_modified_time":"2022-01-27T12:15:04+00:00","og_image":[{"width":1447,"height":921,"url":"https:\/\/radioljubuski.ba\/wp-content\/uploads\/2022\/01\/anita-sunjic-rlj.jpg","type":"image\/jpeg"}],"author":"Radio Ljubu\u0161ki","twitter_card":"summary_large_image","twitter_creator":"@radioljubuski","twitter_site":"@radioljubuski","twitter_misc":{"Napisao\/la":"Radio Ljubu\u0161ki","Procijenjeno vrijeme \u010ditanja":"6 minuta"},"schema":{"@context":"https:\/\/schema.org","@graph":[{"@type":"Article","@id":"https:\/\/radioljubuski.ba\/index.php\/2022\/01\/24\/anita-sunjic-u-programu-rlj-bavljenje-glazbom-mora-biti-iskreno\/#article","isPartOf":{"@id":"https:\/\/radioljubuski.ba\/index.php\/2022\/01\/24\/anita-sunjic-u-programu-rlj-bavljenje-glazbom-mora-biti-iskreno\/"},"author":{"name":"Radio Ljubu\u0161ki","@id":"https:\/\/radioljubuski.ba\/#\/schema\/person\/19fc700381a780f69665d7956c469e3b"},"headline":"Anita \u0160unji\u0107 u programu RLJ: &#8220;Bavljenje glazbom mora biti iskreno&#8221; &#8211; audio","datePublished":"2022-01-24T12:29:27+00:00","dateModified":"2022-01-27T12:15:04+00:00","mainEntityOfPage":{"@id":"https:\/\/radioljubuski.ba\/index.php\/2022\/01\/24\/anita-sunjic-u-programu-rlj-bavljenje-glazbom-mora-biti-iskreno\/"},"wordCount":1312,"publisher":{"@id":"https:\/\/radioljubuski.ba\/#organization"},"image":{"@id":"https:\/\/radioljubuski.ba\/index.php\/2022\/01\/24\/anita-sunjic-u-programu-rlj-bavljenje-glazbom-mora-biti-iskreno\/#primaryimage"},"thumbnailUrl":"https:\/\/radioljubuski.ba\/wp-content\/uploads\/2022\/01\/anita-sunjic-rlj.jpg","articleSection":["RLJ Audio"],"inLanguage":"hr"},{"@type":"WebPage","@id":"https:\/\/radioljubuski.ba\/index.php\/2022\/01\/24\/anita-sunjic-u-programu-rlj-bavljenje-glazbom-mora-biti-iskreno\/","url":"https:\/\/radioljubuski.ba\/index.php\/2022\/01\/24\/anita-sunjic-u-programu-rlj-bavljenje-glazbom-mora-biti-iskreno\/","name":"Anita \u0160unji\u0107 u programu RLJ: \"Bavljenje glazbom mora biti iskreno\" - audio - RADIO LJUBU\u0160KI","isPartOf":{"@id":"https:\/\/radioljubuski.ba\/#website"},"primaryImageOfPage":{"@id":"https:\/\/radioljubuski.ba\/index.php\/2022\/01\/24\/anita-sunjic-u-programu-rlj-bavljenje-glazbom-mora-biti-iskreno\/#primaryimage"},"image":{"@id":"https:\/\/radioljubuski.ba\/index.php\/2022\/01\/24\/anita-sunjic-u-programu-rlj-bavljenje-glazbom-mora-biti-iskreno\/#primaryimage"},"thumbnailUrl":"https:\/\/radioljubuski.ba\/wp-content\/uploads\/2022\/01\/anita-sunjic-rlj.jpg","datePublished":"2022-01-24T12:29:27+00:00","dateModified":"2022-01-27T12:15:04+00:00","breadcrumb":{"@id":"https:\/\/radioljubuski.ba\/index.php\/2022\/01\/24\/anita-sunjic-u-programu-rlj-bavljenje-glazbom-mora-biti-iskreno\/#breadcrumb"},"inLanguage":"hr","potentialAction":[{"@type":"ReadAction","target":["https:\/\/radioljubuski.ba\/index.php\/2022\/01\/24\/anita-sunjic-u-programu-rlj-bavljenje-glazbom-mora-biti-iskreno\/"]}]},{"@type":"ImageObject","inLanguage":"hr","@id":"https:\/\/radioljubuski.ba\/index.php\/2022\/01\/24\/anita-sunjic-u-programu-rlj-bavljenje-glazbom-mora-biti-iskreno\/#primaryimage","url":"https:\/\/radioljubuski.ba\/wp-content\/uploads\/2022\/01\/anita-sunjic-rlj.jpg","contentUrl":"https:\/\/radioljubuski.ba\/wp-content\/uploads\/2022\/01\/anita-sunjic-rlj.jpg","width":1447,"height":921},{"@type":"BreadcrumbList","@id":"https:\/\/radioljubuski.ba\/index.php\/2022\/01\/24\/anita-sunjic-u-programu-rlj-bavljenje-glazbom-mora-biti-iskreno\/#breadcrumb","itemListElement":[{"@type":"ListItem","position":1,"name":"Po\u010detna stranica","item":"https:\/\/radioljubuski.ba\/"},{"@type":"ListItem","position":2,"name":"Anita \u0160unji\u0107 u programu RLJ: &#8220;Bavljenje glazbom mora biti iskreno&#8221; &#8211; audio"}]},{"@type":"WebSite","@id":"https:\/\/radioljubuski.ba\/#website","url":"https:\/\/radioljubuski.ba\/","name":"Radio Ljubu\u0161ki","description":"Sun\u010dana frekvencija Hercegovine","publisher":{"@id":"https:\/\/radioljubuski.ba\/#organization"},"potentialAction":[{"@type":"SearchAction","target":{"@type":"EntryPoint","urlTemplate":"https:\/\/radioljubuski.ba\/?s={search_term_string}"},"query-input":{"@type":"PropertyValueSpecification","valueRequired":true,"valueName":"search_term_string"}}],"inLanguage":"hr"},{"@type":"Organization","@id":"https:\/\/radioljubuski.ba\/#organization","name":"Radio Ljubu\u0161ki","url":"https:\/\/radioljubuski.ba\/","logo":{"@type":"ImageObject","inLanguage":"hr","@id":"https:\/\/radioljubuski.ba\/#\/schema\/logo\/image\/","url":"https:\/\/radioljubuski.ba\/wp-content\/uploads\/2021\/02\/cropped-Radio_Ljubuski_logo1.jpg","contentUrl":"https:\/\/radioljubuski.ba\/wp-content\/uploads\/2021\/02\/cropped-Radio_Ljubuski_logo1.jpg","width":512,"height":512,"caption":"Radio Ljubu\u0161ki"},"image":{"@id":"https:\/\/radioljubuski.ba\/#\/schema\/logo\/image\/"},"sameAs":["https:\/\/www.facebook.com\/Radiio-Ljubuski-1490835324566332","https:\/\/x.com\/radioljubuski","https:\/\/hr.linkedin.com\/company\/radio-ljubuski","https:\/\/www.youtube.com\/channel\/UCHYaeO_n0Db3tjNGudGpXyw"]},{"@type":"Person","@id":"https:\/\/radioljubuski.ba\/#\/schema\/person\/19fc700381a780f69665d7956c469e3b","name":"Radio Ljubu\u0161ki"}]}},"_links":{"self":[{"href":"https:\/\/radioljubuski.ba\/index.php\/wp-json\/wp\/v2\/posts\/108900","targetHints":{"allow":["GET"]}}],"collection":[{"href":"https:\/\/radioljubuski.ba\/index.php\/wp-json\/wp\/v2\/posts"}],"about":[{"href":"https:\/\/radioljubuski.ba\/index.php\/wp-json\/wp\/v2\/types\/post"}],"author":[{"embeddable":true,"href":"https:\/\/radioljubuski.ba\/index.php\/wp-json\/wp\/v2\/users\/2"}],"replies":[{"embeddable":true,"href":"https:\/\/radioljubuski.ba\/index.php\/wp-json\/wp\/v2\/comments?post=108900"}],"version-history":[{"count":4,"href":"https:\/\/radioljubuski.ba\/index.php\/wp-json\/wp\/v2\/posts\/108900\/revisions"}],"predecessor-version":[{"id":109631,"href":"https:\/\/radioljubuski.ba\/index.php\/wp-json\/wp\/v2\/posts\/108900\/revisions\/109631"}],"wp:featuredmedia":[{"embeddable":true,"href":"https:\/\/radioljubuski.ba\/index.php\/wp-json\/wp\/v2\/media\/108905"}],"wp:attachment":[{"href":"https:\/\/radioljubuski.ba\/index.php\/wp-json\/wp\/v2\/media?parent=108900"}],"wp:term":[{"taxonomy":"category","embeddable":true,"href":"https:\/\/radioljubuski.ba\/index.php\/wp-json\/wp\/v2\/categories?post=108900"},{"taxonomy":"post_tag","embeddable":true,"href":"https:\/\/radioljubuski.ba\/index.php\/wp-json\/wp\/v2\/tags?post=108900"}],"curies":[{"name":"wp","href":"https:\/\/api.w.org\/{rel}","templated":true}]}}