{"id":108913,"date":"2022-01-24T13:29:03","date_gmt":"2022-01-24T12:29:03","guid":{"rendered":"https:\/\/radioljubuski.ba\/?p=108913"},"modified":"2022-01-24T13:29:04","modified_gmt":"2022-01-24T12:29:04","slug":"hrvatska-u-potrazi-za-35-000-radnika","status":"publish","type":"post","link":"https:\/\/radioljubuski.ba\/index.php\/2022\/01\/24\/hrvatska-u-potrazi-za-35-000-radnika\/","title":{"rendered":"Hrvatska u potrazi za 35 000 radnika"},"content":{"rendered":"\n<p>Pred ljetnu turisti\u010dku sezonu hrvatski se turisti\u010dki sektor suo\u010dava s velikim nedostatkom radne snage.<\/p>\n\n\n\n<p>Problemi su nastali pro\u0161le godine kada neki hoteli, ne samo ni\u017ee kategorije, u glavnoj ljetnoj sezoni zbog nedostatka osoblja uop\u0107e nisu otvorili svoja vrata. Sezonu su na mnogim mjestima spasili studenti i umirovljenici. Da bi se radnici vratili, pla\u0107e treba pove\u0107ati za najmanje 50 posto, uvjerena je sindikalistica Marina Cviti\u0107.<\/p>\n\n\n\n<p>U Hrvatskoj se nakon zavr\u0161etka pro\u0161logodi\u0161nje turisti\u010dke sezone ra\u010dunalo da bi pobolj\u0161ana radna snaga mogla ostvariti 800 milijuna kuna (106 milijuna eura) vi\u0161e prihoda nego \u0161to je bila.<\/p>\n\n\n\n<p>Posljednji popis stanovni\u0161tva u Hrvatskoj pokazao je veliki pad broja stanovnika, a time i radne snage. Tijekom pandemije koronavirusa mnogi su radnici oti\u0161li u inozemstvo kako bi zaradili vi\u0161e novca, pi\u0161e rije\u010dki list Novi list.<\/p>\n\n\n\n<p>Hrvatska prema popisu stanovni\u0161tva iz 2021. ima 3,89 milijuna stanovnika. U odnosu na popis iz 2011. godine broj je manji za 9,25 posto ili 396.360 stanovnika.<\/p>\n\n\n\n<p>Ove sezone o\u010dekuje se dolazak vi\u0161e stranih radnika iz susjednih zemalja, kao i s Filipina, Indije i Ukrajine. Dobivanje radnih dozvola za strane radnike mo\u017ee potrajati nekoliko tjedana.<\/p>\n\n\n\n<p>Prema pisanju Novog lista, trenutno je na Hrvatskom zavodu za zapo\u0161ljavanje prijavljeno oko 5000 potencijalnih turisti\u010dkih radnika. No, to je znatno premalo, s obzirom na stvarne potrebe od 30.000 do 35.000 radnika. Do sada su turisti\u010dke tvrtke uspjele dobiti radne dozvole za 2000 \u010dista\u010dica iz inozemstva, 1700 konobara, 1300 sobarica i pomo\u0107nih kuhara te 1200 kuhara. U rekordnoj turisti\u010dkoj sezoni 2019. u Hrvatskoj je bilo 20.000 sezonskih radnika.<\/p>\n\n\n\n<p>Marina Cviti\u0107, predsjednica Sindikata radnika Istre, Kvarnera i Dalmacije (SIKD), kazala je za Novi list da je rast pla\u0107a nu\u017ean u turizmu, posebice uz rastu\u0107u inflaciju. Prema njezinim rije\u010dima, poslodavci su najve\u0107u gre\u0161ku napravili u turizmu kada je bilo dovoljno kadrova i kada su imali dovoljno novca za podizanje pla\u0107a.<\/p>\n\n\n\n<p>-Sada je manje novca, a pla\u0107e moraju rasti vi\u0161e nego kad su imali vi\u0161e novca. Ali, na\u017ealost, sada nemaju raspolo\u017eive radnike. To je za\u010darani krug, objasnila je.<\/p>\n\n\n\n<p>Izvor:pogled.ba<\/p>\n","protected":false},"excerpt":{"rendered":"<p>Pred ljetnu turisti\u010dku sezonu hrvatski se turisti\u010dki sektor suo\u010dava s velikim nedostatkom radne snage. Problemi su nastali pro\u0161le godine kada neki hoteli, ne samo ni\u017ee kategorije, u glavnoj ljetnoj sezoni zbog nedostatka osoblja uop\u0107e nisu otvorili svoja vrata. Sezonu su na mnogim mjestima spasili studenti i umirovljenici. Da bi se radnici vratili, pla\u0107e treba pove\u0107ati [&hellip;]<\/p>\n","protected":false},"author":2,"featured_media":23398,"comment_status":"closed","ping_status":"closed","sticky":false,"template":"","format":"standard","meta":{"h5ap_radio_sources":[],"footnotes":""},"categories":[1],"tags":[],"class_list":["post-108913","post","type-post","status-publish","format-standard","has-post-thumbnail","hentry","category-bihiregija"],"yoast_head":"<!-- This site is optimized with the Yoast SEO plugin v27.5 - https:\/\/yoast.com\/product\/yoast-seo-wordpress\/ -->\n<title>Hrvatska u potrazi za 35 000 radnika - RADIO LJUBU\u0160KI<\/title>\n<meta name=\"robots\" content=\"index, follow, max-snippet:-1, max-image-preview:large, max-video-preview:-1\" \/>\n<link rel=\"canonical\" href=\"https:\/\/radioljubuski.ba\/index.php\/2022\/01\/24\/hrvatska-u-potrazi-za-35-000-radnika\/\" \/>\n<meta property=\"og:locale\" content=\"hr_HR\" \/>\n<meta property=\"og:type\" content=\"article\" \/>\n<meta property=\"og:title\" content=\"Hrvatska u potrazi za 35 000 radnika - RADIO LJUBU\u0160KI\" \/>\n<meta property=\"og:description\" content=\"Pred ljetnu turisti\u010dku sezonu hrvatski se turisti\u010dki sektor suo\u010dava s velikim nedostatkom radne snage. Problemi su nastali pro\u0161le godine kada neki hoteli, ne samo ni\u017ee kategorije, u glavnoj ljetnoj sezoni zbog nedostatka osoblja uop\u0107e nisu otvorili svoja vrata. Sezonu su na mnogim mjestima spasili studenti i umirovljenici. Da bi se radnici vratili, pla\u0107e treba pove\u0107ati [&hellip;]\" \/>\n<meta property=\"og:url\" content=\"https:\/\/radioljubuski.ba\/index.php\/2022\/01\/24\/hrvatska-u-potrazi-za-35-000-radnika\/\" \/>\n<meta property=\"og:site_name\" content=\"RADIO LJUBU\u0160KI\" \/>\n<meta property=\"article:publisher\" content=\"https:\/\/www.facebook.com\/Radiio-Ljubuski-1490835324566332\" \/>\n<meta property=\"article:published_time\" content=\"2022-01-24T12:29:03+00:00\" \/>\n<meta property=\"article:modified_time\" content=\"2022-01-24T12:29:04+00:00\" \/>\n<meta property=\"og:image\" content=\"https:\/\/radioljubuski.ba\/wp-content\/uploads\/2021\/05\/2-2021-05-20-09-24-42-konobarkovid.jpg\" \/>\n\t<meta property=\"og:image:width\" content=\"1000\" \/>\n\t<meta property=\"og:image:height\" content=\"625\" \/>\n\t<meta property=\"og:image:type\" content=\"image\/jpeg\" \/>\n<meta name=\"author\" content=\"Radio Ljubu\u0161ki\" \/>\n<meta name=\"twitter:card\" content=\"summary_large_image\" \/>\n<meta name=\"twitter:creator\" content=\"@radioljubuski\" \/>\n<meta name=\"twitter:site\" content=\"@radioljubuski\" \/>\n<meta name=\"twitter:label1\" content=\"Napisao\/la\" \/>\n\t<meta name=\"twitter:data1\" content=\"Radio Ljubu\u0161ki\" \/>\n\t<meta name=\"twitter:label2\" content=\"Procijenjeno vrijeme \u010ditanja\" \/>\n\t<meta name=\"twitter:data2\" content=\"2 minute\" \/>\n<script type=\"application\/ld+json\" class=\"yoast-schema-graph\">{\"@context\":\"https:\\\/\\\/schema.org\",\"@graph\":[{\"@type\":\"Article\",\"@id\":\"https:\\\/\\\/radioljubuski.ba\\\/index.php\\\/2022\\\/01\\\/24\\\/hrvatska-u-potrazi-za-35-000-radnika\\\/#article\",\"isPartOf\":{\"@id\":\"https:\\\/\\\/radioljubuski.ba\\\/index.php\\\/2022\\\/01\\\/24\\\/hrvatska-u-potrazi-za-35-000-radnika\\\/\"},\"author\":{\"name\":\"Radio Ljubu\u0161ki\",\"@id\":\"https:\\\/\\\/radioljubuski.ba\\\/#\\\/schema\\\/person\\\/19fc700381a780f69665d7956c469e3b\"},\"headline\":\"Hrvatska u potrazi za 35 000 radnika\",\"datePublished\":\"2022-01-24T12:29:03+00:00\",\"dateModified\":\"2022-01-24T12:29:04+00:00\",\"mainEntityOfPage\":{\"@id\":\"https:\\\/\\\/radioljubuski.ba\\\/index.php\\\/2022\\\/01\\\/24\\\/hrvatska-u-potrazi-za-35-000-radnika\\\/\"},\"wordCount\":360,\"publisher\":{\"@id\":\"https:\\\/\\\/radioljubuski.ba\\\/#organization\"},\"image\":{\"@id\":\"https:\\\/\\\/radioljubuski.ba\\\/index.php\\\/2022\\\/01\\\/24\\\/hrvatska-u-potrazi-za-35-000-radnika\\\/#primaryimage\"},\"thumbnailUrl\":\"https:\\\/\\\/radioljubuski.ba\\\/wp-content\\\/uploads\\\/2021\\\/05\\\/2-2021-05-20-09-24-42-konobarkovid.jpg\",\"articleSection\":[\"BIH i regija\"],\"inLanguage\":\"hr\"},{\"@type\":\"WebPage\",\"@id\":\"https:\\\/\\\/radioljubuski.ba\\\/index.php\\\/2022\\\/01\\\/24\\\/hrvatska-u-potrazi-za-35-000-radnika\\\/\",\"url\":\"https:\\\/\\\/radioljubuski.ba\\\/index.php\\\/2022\\\/01\\\/24\\\/hrvatska-u-potrazi-za-35-000-radnika\\\/\",\"name\":\"Hrvatska u potrazi za 35 000 radnika - RADIO LJUBU\u0160KI\",\"isPartOf\":{\"@id\":\"https:\\\/\\\/radioljubuski.ba\\\/#website\"},\"primaryImageOfPage\":{\"@id\":\"https:\\\/\\\/radioljubuski.ba\\\/index.php\\\/2022\\\/01\\\/24\\\/hrvatska-u-potrazi-za-35-000-radnika\\\/#primaryimage\"},\"image\":{\"@id\":\"https:\\\/\\\/radioljubuski.ba\\\/index.php\\\/2022\\\/01\\\/24\\\/hrvatska-u-potrazi-za-35-000-radnika\\\/#primaryimage\"},\"thumbnailUrl\":\"https:\\\/\\\/radioljubuski.ba\\\/wp-content\\\/uploads\\\/2021\\\/05\\\/2-2021-05-20-09-24-42-konobarkovid.jpg\",\"datePublished\":\"2022-01-24T12:29:03+00:00\",\"dateModified\":\"2022-01-24T12:29:04+00:00\",\"breadcrumb\":{\"@id\":\"https:\\\/\\\/radioljubuski.ba\\\/index.php\\\/2022\\\/01\\\/24\\\/hrvatska-u-potrazi-za-35-000-radnika\\\/#breadcrumb\"},\"inLanguage\":\"hr\",\"potentialAction\":[{\"@type\":\"ReadAction\",\"target\":[\"https:\\\/\\\/radioljubuski.ba\\\/index.php\\\/2022\\\/01\\\/24\\\/hrvatska-u-potrazi-za-35-000-radnika\\\/\"]}]},{\"@type\":\"ImageObject\",\"inLanguage\":\"hr\",\"@id\":\"https:\\\/\\\/radioljubuski.ba\\\/index.php\\\/2022\\\/01\\\/24\\\/hrvatska-u-potrazi-za-35-000-radnika\\\/#primaryimage\",\"url\":\"https:\\\/\\\/radioljubuski.ba\\\/wp-content\\\/uploads\\\/2021\\\/05\\\/2-2021-05-20-09-24-42-konobarkovid.jpg\",\"contentUrl\":\"https:\\\/\\\/radioljubuski.ba\\\/wp-content\\\/uploads\\\/2021\\\/05\\\/2-2021-05-20-09-24-42-konobarkovid.jpg\",\"width\":1000,\"height\":625},{\"@type\":\"BreadcrumbList\",\"@id\":\"https:\\\/\\\/radioljubuski.ba\\\/index.php\\\/2022\\\/01\\\/24\\\/hrvatska-u-potrazi-za-35-000-radnika\\\/#breadcrumb\",\"itemListElement\":[{\"@type\":\"ListItem\",\"position\":1,\"name\":\"Po\u010detna stranica\",\"item\":\"https:\\\/\\\/radioljubuski.ba\\\/\"},{\"@type\":\"ListItem\",\"position\":2,\"name\":\"Hrvatska u potrazi za 35 000 radnika\"}]},{\"@type\":\"WebSite\",\"@id\":\"https:\\\/\\\/radioljubuski.ba\\\/#website\",\"url\":\"https:\\\/\\\/radioljubuski.ba\\\/\",\"name\":\"Radio Ljubu\u0161ki\",\"description\":\"Sun\u010dana frekvencija Hercegovine\",\"publisher\":{\"@id\":\"https:\\\/\\\/radioljubuski.ba\\\/#organization\"},\"potentialAction\":[{\"@type\":\"SearchAction\",\"target\":{\"@type\":\"EntryPoint\",\"urlTemplate\":\"https:\\\/\\\/radioljubuski.ba\\\/?s={search_term_string}\"},\"query-input\":{\"@type\":\"PropertyValueSpecification\",\"valueRequired\":true,\"valueName\":\"search_term_string\"}}],\"inLanguage\":\"hr\"},{\"@type\":\"Organization\",\"@id\":\"https:\\\/\\\/radioljubuski.ba\\\/#organization\",\"name\":\"Radio Ljubu\u0161ki\",\"url\":\"https:\\\/\\\/radioljubuski.ba\\\/\",\"logo\":{\"@type\":\"ImageObject\",\"inLanguage\":\"hr\",\"@id\":\"https:\\\/\\\/radioljubuski.ba\\\/#\\\/schema\\\/logo\\\/image\\\/\",\"url\":\"https:\\\/\\\/radioljubuski.ba\\\/wp-content\\\/uploads\\\/2021\\\/02\\\/cropped-Radio_Ljubuski_logo1.jpg\",\"contentUrl\":\"https:\\\/\\\/radioljubuski.ba\\\/wp-content\\\/uploads\\\/2021\\\/02\\\/cropped-Radio_Ljubuski_logo1.jpg\",\"width\":512,\"height\":512,\"caption\":\"Radio Ljubu\u0161ki\"},\"image\":{\"@id\":\"https:\\\/\\\/radioljubuski.ba\\\/#\\\/schema\\\/logo\\\/image\\\/\"},\"sameAs\":[\"https:\\\/\\\/www.facebook.com\\\/Radiio-Ljubuski-1490835324566332\",\"https:\\\/\\\/x.com\\\/radioljubuski\",\"https:\\\/\\\/hr.linkedin.com\\\/company\\\/radio-ljubuski\",\"https:\\\/\\\/www.youtube.com\\\/channel\\\/UCHYaeO_n0Db3tjNGudGpXyw\"]},{\"@type\":\"Person\",\"@id\":\"https:\\\/\\\/radioljubuski.ba\\\/#\\\/schema\\\/person\\\/19fc700381a780f69665d7956c469e3b\",\"name\":\"Radio Ljubu\u0161ki\"}]}<\/script>\n<!-- \/ Yoast SEO plugin. -->","yoast_head_json":{"title":"Hrvatska u potrazi za 35 000 radnika - RADIO LJUBU\u0160KI","robots":{"index":"index","follow":"follow","max-snippet":"max-snippet:-1","max-image-preview":"max-image-preview:large","max-video-preview":"max-video-preview:-1"},"canonical":"https:\/\/radioljubuski.ba\/index.php\/2022\/01\/24\/hrvatska-u-potrazi-za-35-000-radnika\/","og_locale":"hr_HR","og_type":"article","og_title":"Hrvatska u potrazi za 35 000 radnika - RADIO LJUBU\u0160KI","og_description":"Pred ljetnu turisti\u010dku sezonu hrvatski se turisti\u010dki sektor suo\u010dava s velikim nedostatkom radne snage. Problemi su nastali pro\u0161le godine kada neki hoteli, ne samo ni\u017ee kategorije, u glavnoj ljetnoj sezoni zbog nedostatka osoblja uop\u0107e nisu otvorili svoja vrata. Sezonu su na mnogim mjestima spasili studenti i umirovljenici. Da bi se radnici vratili, pla\u0107e treba pove\u0107ati [&hellip;]","og_url":"https:\/\/radioljubuski.ba\/index.php\/2022\/01\/24\/hrvatska-u-potrazi-za-35-000-radnika\/","og_site_name":"RADIO LJUBU\u0160KI","article_publisher":"https:\/\/www.facebook.com\/Radiio-Ljubuski-1490835324566332","article_published_time":"2022-01-24T12:29:03+00:00","article_modified_time":"2022-01-24T12:29:04+00:00","og_image":[{"width":1000,"height":625,"url":"https:\/\/radioljubuski.ba\/wp-content\/uploads\/2021\/05\/2-2021-05-20-09-24-42-konobarkovid.jpg","type":"image\/jpeg"}],"author":"Radio Ljubu\u0161ki","twitter_card":"summary_large_image","twitter_creator":"@radioljubuski","twitter_site":"@radioljubuski","twitter_misc":{"Napisao\/la":"Radio Ljubu\u0161ki","Procijenjeno vrijeme \u010ditanja":"2 minute"},"schema":{"@context":"https:\/\/schema.org","@graph":[{"@type":"Article","@id":"https:\/\/radioljubuski.ba\/index.php\/2022\/01\/24\/hrvatska-u-potrazi-za-35-000-radnika\/#article","isPartOf":{"@id":"https:\/\/radioljubuski.ba\/index.php\/2022\/01\/24\/hrvatska-u-potrazi-za-35-000-radnika\/"},"author":{"name":"Radio Ljubu\u0161ki","@id":"https:\/\/radioljubuski.ba\/#\/schema\/person\/19fc700381a780f69665d7956c469e3b"},"headline":"Hrvatska u potrazi za 35 000 radnika","datePublished":"2022-01-24T12:29:03+00:00","dateModified":"2022-01-24T12:29:04+00:00","mainEntityOfPage":{"@id":"https:\/\/radioljubuski.ba\/index.php\/2022\/01\/24\/hrvatska-u-potrazi-za-35-000-radnika\/"},"wordCount":360,"publisher":{"@id":"https:\/\/radioljubuski.ba\/#organization"},"image":{"@id":"https:\/\/radioljubuski.ba\/index.php\/2022\/01\/24\/hrvatska-u-potrazi-za-35-000-radnika\/#primaryimage"},"thumbnailUrl":"https:\/\/radioljubuski.ba\/wp-content\/uploads\/2021\/05\/2-2021-05-20-09-24-42-konobarkovid.jpg","articleSection":["BIH i regija"],"inLanguage":"hr"},{"@type":"WebPage","@id":"https:\/\/radioljubuski.ba\/index.php\/2022\/01\/24\/hrvatska-u-potrazi-za-35-000-radnika\/","url":"https:\/\/radioljubuski.ba\/index.php\/2022\/01\/24\/hrvatska-u-potrazi-za-35-000-radnika\/","name":"Hrvatska u potrazi za 35 000 radnika - RADIO LJUBU\u0160KI","isPartOf":{"@id":"https:\/\/radioljubuski.ba\/#website"},"primaryImageOfPage":{"@id":"https:\/\/radioljubuski.ba\/index.php\/2022\/01\/24\/hrvatska-u-potrazi-za-35-000-radnika\/#primaryimage"},"image":{"@id":"https:\/\/radioljubuski.ba\/index.php\/2022\/01\/24\/hrvatska-u-potrazi-za-35-000-radnika\/#primaryimage"},"thumbnailUrl":"https:\/\/radioljubuski.ba\/wp-content\/uploads\/2021\/05\/2-2021-05-20-09-24-42-konobarkovid.jpg","datePublished":"2022-01-24T12:29:03+00:00","dateModified":"2022-01-24T12:29:04+00:00","breadcrumb":{"@id":"https:\/\/radioljubuski.ba\/index.php\/2022\/01\/24\/hrvatska-u-potrazi-za-35-000-radnika\/#breadcrumb"},"inLanguage":"hr","potentialAction":[{"@type":"ReadAction","target":["https:\/\/radioljubuski.ba\/index.php\/2022\/01\/24\/hrvatska-u-potrazi-za-35-000-radnika\/"]}]},{"@type":"ImageObject","inLanguage":"hr","@id":"https:\/\/radioljubuski.ba\/index.php\/2022\/01\/24\/hrvatska-u-potrazi-za-35-000-radnika\/#primaryimage","url":"https:\/\/radioljubuski.ba\/wp-content\/uploads\/2021\/05\/2-2021-05-20-09-24-42-konobarkovid.jpg","contentUrl":"https:\/\/radioljubuski.ba\/wp-content\/uploads\/2021\/05\/2-2021-05-20-09-24-42-konobarkovid.jpg","width":1000,"height":625},{"@type":"BreadcrumbList","@id":"https:\/\/radioljubuski.ba\/index.php\/2022\/01\/24\/hrvatska-u-potrazi-za-35-000-radnika\/#breadcrumb","itemListElement":[{"@type":"ListItem","position":1,"name":"Po\u010detna stranica","item":"https:\/\/radioljubuski.ba\/"},{"@type":"ListItem","position":2,"name":"Hrvatska u potrazi za 35 000 radnika"}]},{"@type":"WebSite","@id":"https:\/\/radioljubuski.ba\/#website","url":"https:\/\/radioljubuski.ba\/","name":"Radio Ljubu\u0161ki","description":"Sun\u010dana frekvencija Hercegovine","publisher":{"@id":"https:\/\/radioljubuski.ba\/#organization"},"potentialAction":[{"@type":"SearchAction","target":{"@type":"EntryPoint","urlTemplate":"https:\/\/radioljubuski.ba\/?s={search_term_string}"},"query-input":{"@type":"PropertyValueSpecification","valueRequired":true,"valueName":"search_term_string"}}],"inLanguage":"hr"},{"@type":"Organization","@id":"https:\/\/radioljubuski.ba\/#organization","name":"Radio Ljubu\u0161ki","url":"https:\/\/radioljubuski.ba\/","logo":{"@type":"ImageObject","inLanguage":"hr","@id":"https:\/\/radioljubuski.ba\/#\/schema\/logo\/image\/","url":"https:\/\/radioljubuski.ba\/wp-content\/uploads\/2021\/02\/cropped-Radio_Ljubuski_logo1.jpg","contentUrl":"https:\/\/radioljubuski.ba\/wp-content\/uploads\/2021\/02\/cropped-Radio_Ljubuski_logo1.jpg","width":512,"height":512,"caption":"Radio Ljubu\u0161ki"},"image":{"@id":"https:\/\/radioljubuski.ba\/#\/schema\/logo\/image\/"},"sameAs":["https:\/\/www.facebook.com\/Radiio-Ljubuski-1490835324566332","https:\/\/x.com\/radioljubuski","https:\/\/hr.linkedin.com\/company\/radio-ljubuski","https:\/\/www.youtube.com\/channel\/UCHYaeO_n0Db3tjNGudGpXyw"]},{"@type":"Person","@id":"https:\/\/radioljubuski.ba\/#\/schema\/person\/19fc700381a780f69665d7956c469e3b","name":"Radio Ljubu\u0161ki"}]}},"_links":{"self":[{"href":"https:\/\/radioljubuski.ba\/index.php\/wp-json\/wp\/v2\/posts\/108913","targetHints":{"allow":["GET"]}}],"collection":[{"href":"https:\/\/radioljubuski.ba\/index.php\/wp-json\/wp\/v2\/posts"}],"about":[{"href":"https:\/\/radioljubuski.ba\/index.php\/wp-json\/wp\/v2\/types\/post"}],"author":[{"embeddable":true,"href":"https:\/\/radioljubuski.ba\/index.php\/wp-json\/wp\/v2\/users\/2"}],"replies":[{"embeddable":true,"href":"https:\/\/radioljubuski.ba\/index.php\/wp-json\/wp\/v2\/comments?post=108913"}],"version-history":[{"count":1,"href":"https:\/\/radioljubuski.ba\/index.php\/wp-json\/wp\/v2\/posts\/108913\/revisions"}],"predecessor-version":[{"id":108914,"href":"https:\/\/radioljubuski.ba\/index.php\/wp-json\/wp\/v2\/posts\/108913\/revisions\/108914"}],"wp:featuredmedia":[{"embeddable":true,"href":"https:\/\/radioljubuski.ba\/index.php\/wp-json\/wp\/v2\/media\/23398"}],"wp:attachment":[{"href":"https:\/\/radioljubuski.ba\/index.php\/wp-json\/wp\/v2\/media?parent=108913"}],"wp:term":[{"taxonomy":"category","embeddable":true,"href":"https:\/\/radioljubuski.ba\/index.php\/wp-json\/wp\/v2\/categories?post=108913"},{"taxonomy":"post_tag","embeddable":true,"href":"https:\/\/radioljubuski.ba\/index.php\/wp-json\/wp\/v2\/tags?post=108913"}],"curies":[{"name":"wp","href":"https:\/\/api.w.org\/{rel}","templated":true}]}}