{"id":108937,"date":"2022-01-24T13:45:18","date_gmt":"2022-01-24T12:45:18","guid":{"rendered":"https:\/\/radioljubuski.ba\/?p=108937"},"modified":"2022-01-24T13:45:20","modified_gmt":"2022-01-24T12:45:20","slug":"biskup-nemet-ikona-u-beloj-crkvi-obojana-je-u-bijelo","status":"publish","type":"post","link":"https:\/\/radioljubuski.ba\/index.php\/2022\/01\/24\/biskup-nemet-ikona-u-beloj-crkvi-obojana-je-u-bijelo\/","title":{"rendered":"Biskup N\u00e9met: Ikona u Beloj Crkvi obojana je u bijelo"},"content":{"rendered":"\n<p>Naime, portal direktno.hr jo\u0161 je 16. sije\u010dnja objavio vijest o kontroverznoj ikoni u pravoslavnoj crkvi Sv. Jovana bogoslova u mjestu Bela Crkva u Vojvodini \u2013 na kojoj su mnogi prepoznali Bla\u017eenog kardinala Alojzija Stepinca naslikanog u paklu. Tim povodom, beogradski nadbiskup mons. Stanislav Ho\u010devar kazao je kako \u0107e tra\u017eiti susret s vrhom Srpske Pravoslavne Crkve. \u201eKako je mogu\u0107e da jedan kr\u0161\u0107anski hram govori o ne\u010demu o \u010demu se ne usudi govoriti \u010ditava Crkva: nekoga stavlja u pakao. To je stra\u0161no vrije\u0111anje Boga i za to vrije\u0111anje mi svi moramo dati zadovolj\u0161tinu i pokoru\u201c, rekao je, izme\u0111u ostaloga,&nbsp; nadbiskup Stanislav Ho\u010devar u HRT-ovoj radijskoj emisiji Religijski forum posve\u0107enoj ekumenizmu, te dodao kako \u0107e, nakon \u0161to prikupi dodatne informacije ponovno progovoriti na ovu temu.<\/p>\n\n\n\n<p>Me\u0111utim, ve\u0107 u petak nave\u010der, 21. sije\u010dnja, zrenjaninski biskup i predsjednik Me\u0111unarodne biskupske konferencije Sv. \u0106irila i Metoda mons. Ladislav N\u00e9met za IKA-u je potvrdio kako je sporna ikona obojana u bijelo. \u201eSve vijesti o Beloj Crkvi i ikoni Stepinca u paklu su pass\u00e9. Ikona je obojana u bijelo\u201c, kratko je izvijestio. No, mo\u017ee li se za ovakvo (ne)djelo i njegove posljedice zaista samo re\u0107i kako je pass\u00e9?<\/p>\n\n\n\n<p>Podsjetimo, direktno.hr prvi je izvijestio da se na zidnoj freski, u lijevoj strani la\u0111e, do ulaska u oltarski prostor, nalazi velika kompozicija koja prikazuje pakao. U paklu se, u prikazu vatre\/ lave nalazi lik Bl. Alojzija Stepinca, s rukama iznad razine teku\u0107ine\/ vatre. To je jedini lik koji se mo\u017ee razaznati u prikazu pakla, a ujedno i jedini lik Alojzija Stepinca u bogoslu\u017enom prostoru SPC-a.<\/p>\n\n\n\n<p>Ina\u010de, ova crkva Sv. Jovana bogoslova (Ivana apostola i evan\u0111elista) dio je Banatske eparhije, a osnovali su je protjerani ruski emigranti nakon Listopadske revolucije 1917.<\/p>\n\n\n\n<p>Izvor:nedjelja.ba<\/p>\n","protected":false},"excerpt":{"rendered":"<p>Naime, portal direktno.hr jo\u0161 je 16. sije\u010dnja objavio vijest o kontroverznoj ikoni u pravoslavnoj crkvi Sv. Jovana bogoslova u mjestu Bela Crkva u Vojvodini \u2013 na kojoj su mnogi prepoznali Bla\u017eenog kardinala Alojzija Stepinca naslikanog u paklu. Tim povodom, beogradski nadbiskup mons. Stanislav Ho\u010devar kazao je kako \u0107e tra\u017eiti susret s vrhom Srpske Pravoslavne Crkve. [&hellip;]<\/p>\n","protected":false},"author":2,"featured_media":108938,"comment_status":"closed","ping_status":"closed","sticky":false,"template":"","format":"standard","meta":{"h5ap_radio_sources":[],"footnotes":""},"categories":[1],"tags":[],"class_list":["post-108937","post","type-post","status-publish","format-standard","has-post-thumbnail","hentry","category-bihiregija"],"yoast_head":"<!-- This site is optimized with the Yoast SEO plugin v27.4 - https:\/\/yoast.com\/product\/yoast-seo-wordpress\/ -->\n<title>Biskup N\u00e9met: Ikona u Beloj Crkvi obojana je u bijelo - RADIO LJUBU\u0160KI<\/title>\n<meta name=\"robots\" content=\"index, follow, max-snippet:-1, max-image-preview:large, max-video-preview:-1\" \/>\n<link rel=\"canonical\" href=\"https:\/\/radioljubuski.ba\/index.php\/2022\/01\/24\/biskup-nemet-ikona-u-beloj-crkvi-obojana-je-u-bijelo\/\" \/>\n<meta property=\"og:locale\" content=\"hr_HR\" \/>\n<meta property=\"og:type\" content=\"article\" \/>\n<meta property=\"og:title\" content=\"Biskup N\u00e9met: Ikona u Beloj Crkvi obojana je u bijelo - RADIO LJUBU\u0160KI\" \/>\n<meta property=\"og:description\" content=\"Naime, portal direktno.hr jo\u0161 je 16. sije\u010dnja objavio vijest o kontroverznoj ikoni u pravoslavnoj crkvi Sv. Jovana bogoslova u mjestu Bela Crkva u Vojvodini \u2013 na kojoj su mnogi prepoznali Bla\u017eenog kardinala Alojzija Stepinca naslikanog u paklu. Tim povodom, beogradski nadbiskup mons. Stanislav Ho\u010devar kazao je kako \u0107e tra\u017eiti susret s vrhom Srpske Pravoslavne Crkve. [&hellip;]\" \/>\n<meta property=\"og:url\" content=\"https:\/\/radioljubuski.ba\/index.php\/2022\/01\/24\/biskup-nemet-ikona-u-beloj-crkvi-obojana-je-u-bijelo\/\" \/>\n<meta property=\"og:site_name\" content=\"RADIO LJUBU\u0160KI\" \/>\n<meta property=\"article:publisher\" content=\"https:\/\/www.facebook.com\/Radiio-Ljubuski-1490835324566332\" \/>\n<meta property=\"article:published_time\" content=\"2022-01-24T12:45:18+00:00\" \/>\n<meta property=\"article:modified_time\" content=\"2022-01-24T12:45:20+00:00\" \/>\n<meta property=\"og:image\" content=\"https:\/\/radioljubuski.ba\/wp-content\/uploads\/2022\/01\/7-2022-01-23-17-56-16-belacrkva.jpg\" \/>\n\t<meta property=\"og:image:width\" content=\"1000\" \/>\n\t<meta property=\"og:image:height\" content=\"625\" \/>\n\t<meta property=\"og:image:type\" content=\"image\/jpeg\" \/>\n<meta name=\"author\" content=\"Radio Ljubu\u0161ki\" \/>\n<meta name=\"twitter:card\" content=\"summary_large_image\" \/>\n<meta name=\"twitter:creator\" content=\"@radioljubuski\" \/>\n<meta name=\"twitter:site\" content=\"@radioljubuski\" \/>\n<meta name=\"twitter:label1\" content=\"Napisao\/la\" \/>\n\t<meta name=\"twitter:data1\" content=\"Radio Ljubu\u0161ki\" \/>\n\t<meta name=\"twitter:label2\" content=\"Procijenjeno vrijeme \u010ditanja\" \/>\n\t<meta name=\"twitter:data2\" content=\"2 minute\" \/>\n<script type=\"application\/ld+json\" class=\"yoast-schema-graph\">{\"@context\":\"https:\\\/\\\/schema.org\",\"@graph\":[{\"@type\":\"Article\",\"@id\":\"https:\\\/\\\/radioljubuski.ba\\\/index.php\\\/2022\\\/01\\\/24\\\/biskup-nemet-ikona-u-beloj-crkvi-obojana-je-u-bijelo\\\/#article\",\"isPartOf\":{\"@id\":\"https:\\\/\\\/radioljubuski.ba\\\/index.php\\\/2022\\\/01\\\/24\\\/biskup-nemet-ikona-u-beloj-crkvi-obojana-je-u-bijelo\\\/\"},\"author\":{\"name\":\"Radio Ljubu\u0161ki\",\"@id\":\"https:\\\/\\\/radioljubuski.ba\\\/#\\\/schema\\\/person\\\/19fc700381a780f69665d7956c469e3b\"},\"headline\":\"Biskup N\u00e9met: Ikona u Beloj Crkvi obojana je u bijelo\",\"datePublished\":\"2022-01-24T12:45:18+00:00\",\"dateModified\":\"2022-01-24T12:45:20+00:00\",\"mainEntityOfPage\":{\"@id\":\"https:\\\/\\\/radioljubuski.ba\\\/index.php\\\/2022\\\/01\\\/24\\\/biskup-nemet-ikona-u-beloj-crkvi-obojana-je-u-bijelo\\\/\"},\"wordCount\":321,\"publisher\":{\"@id\":\"https:\\\/\\\/radioljubuski.ba\\\/#organization\"},\"image\":{\"@id\":\"https:\\\/\\\/radioljubuski.ba\\\/index.php\\\/2022\\\/01\\\/24\\\/biskup-nemet-ikona-u-beloj-crkvi-obojana-je-u-bijelo\\\/#primaryimage\"},\"thumbnailUrl\":\"https:\\\/\\\/radioljubuski.ba\\\/wp-content\\\/uploads\\\/2022\\\/01\\\/7-2022-01-23-17-56-16-belacrkva.jpg\",\"articleSection\":[\"BIH i regija\"],\"inLanguage\":\"hr\"},{\"@type\":\"WebPage\",\"@id\":\"https:\\\/\\\/radioljubuski.ba\\\/index.php\\\/2022\\\/01\\\/24\\\/biskup-nemet-ikona-u-beloj-crkvi-obojana-je-u-bijelo\\\/\",\"url\":\"https:\\\/\\\/radioljubuski.ba\\\/index.php\\\/2022\\\/01\\\/24\\\/biskup-nemet-ikona-u-beloj-crkvi-obojana-je-u-bijelo\\\/\",\"name\":\"Biskup N\u00e9met: Ikona u Beloj Crkvi obojana je u bijelo - RADIO LJUBU\u0160KI\",\"isPartOf\":{\"@id\":\"https:\\\/\\\/radioljubuski.ba\\\/#website\"},\"primaryImageOfPage\":{\"@id\":\"https:\\\/\\\/radioljubuski.ba\\\/index.php\\\/2022\\\/01\\\/24\\\/biskup-nemet-ikona-u-beloj-crkvi-obojana-je-u-bijelo\\\/#primaryimage\"},\"image\":{\"@id\":\"https:\\\/\\\/radioljubuski.ba\\\/index.php\\\/2022\\\/01\\\/24\\\/biskup-nemet-ikona-u-beloj-crkvi-obojana-je-u-bijelo\\\/#primaryimage\"},\"thumbnailUrl\":\"https:\\\/\\\/radioljubuski.ba\\\/wp-content\\\/uploads\\\/2022\\\/01\\\/7-2022-01-23-17-56-16-belacrkva.jpg\",\"datePublished\":\"2022-01-24T12:45:18+00:00\",\"dateModified\":\"2022-01-24T12:45:20+00:00\",\"breadcrumb\":{\"@id\":\"https:\\\/\\\/radioljubuski.ba\\\/index.php\\\/2022\\\/01\\\/24\\\/biskup-nemet-ikona-u-beloj-crkvi-obojana-je-u-bijelo\\\/#breadcrumb\"},\"inLanguage\":\"hr\",\"potentialAction\":[{\"@type\":\"ReadAction\",\"target\":[\"https:\\\/\\\/radioljubuski.ba\\\/index.php\\\/2022\\\/01\\\/24\\\/biskup-nemet-ikona-u-beloj-crkvi-obojana-je-u-bijelo\\\/\"]}]},{\"@type\":\"ImageObject\",\"inLanguage\":\"hr\",\"@id\":\"https:\\\/\\\/radioljubuski.ba\\\/index.php\\\/2022\\\/01\\\/24\\\/biskup-nemet-ikona-u-beloj-crkvi-obojana-je-u-bijelo\\\/#primaryimage\",\"url\":\"https:\\\/\\\/radioljubuski.ba\\\/wp-content\\\/uploads\\\/2022\\\/01\\\/7-2022-01-23-17-56-16-belacrkva.jpg\",\"contentUrl\":\"https:\\\/\\\/radioljubuski.ba\\\/wp-content\\\/uploads\\\/2022\\\/01\\\/7-2022-01-23-17-56-16-belacrkva.jpg\",\"width\":1000,\"height\":625},{\"@type\":\"BreadcrumbList\",\"@id\":\"https:\\\/\\\/radioljubuski.ba\\\/index.php\\\/2022\\\/01\\\/24\\\/biskup-nemet-ikona-u-beloj-crkvi-obojana-je-u-bijelo\\\/#breadcrumb\",\"itemListElement\":[{\"@type\":\"ListItem\",\"position\":1,\"name\":\"Po\u010detna stranica\",\"item\":\"https:\\\/\\\/radioljubuski.ba\\\/\"},{\"@type\":\"ListItem\",\"position\":2,\"name\":\"Biskup N\u00e9met: Ikona u Beloj Crkvi obojana je u bijelo\"}]},{\"@type\":\"WebSite\",\"@id\":\"https:\\\/\\\/radioljubuski.ba\\\/#website\",\"url\":\"https:\\\/\\\/radioljubuski.ba\\\/\",\"name\":\"Radio Ljubu\u0161ki\",\"description\":\"Sun\u010dana frekvencija Hercegovine\",\"publisher\":{\"@id\":\"https:\\\/\\\/radioljubuski.ba\\\/#organization\"},\"potentialAction\":[{\"@type\":\"SearchAction\",\"target\":{\"@type\":\"EntryPoint\",\"urlTemplate\":\"https:\\\/\\\/radioljubuski.ba\\\/?s={search_term_string}\"},\"query-input\":{\"@type\":\"PropertyValueSpecification\",\"valueRequired\":true,\"valueName\":\"search_term_string\"}}],\"inLanguage\":\"hr\"},{\"@type\":\"Organization\",\"@id\":\"https:\\\/\\\/radioljubuski.ba\\\/#organization\",\"name\":\"Radio Ljubu\u0161ki\",\"url\":\"https:\\\/\\\/radioljubuski.ba\\\/\",\"logo\":{\"@type\":\"ImageObject\",\"inLanguage\":\"hr\",\"@id\":\"https:\\\/\\\/radioljubuski.ba\\\/#\\\/schema\\\/logo\\\/image\\\/\",\"url\":\"https:\\\/\\\/radioljubuski.ba\\\/wp-content\\\/uploads\\\/2021\\\/02\\\/cropped-Radio_Ljubuski_logo1.jpg\",\"contentUrl\":\"https:\\\/\\\/radioljubuski.ba\\\/wp-content\\\/uploads\\\/2021\\\/02\\\/cropped-Radio_Ljubuski_logo1.jpg\",\"width\":512,\"height\":512,\"caption\":\"Radio Ljubu\u0161ki\"},\"image\":{\"@id\":\"https:\\\/\\\/radioljubuski.ba\\\/#\\\/schema\\\/logo\\\/image\\\/\"},\"sameAs\":[\"https:\\\/\\\/www.facebook.com\\\/Radiio-Ljubuski-1490835324566332\",\"https:\\\/\\\/x.com\\\/radioljubuski\",\"https:\\\/\\\/hr.linkedin.com\\\/company\\\/radio-ljubuski\",\"https:\\\/\\\/www.youtube.com\\\/channel\\\/UCHYaeO_n0Db3tjNGudGpXyw\"]},{\"@type\":\"Person\",\"@id\":\"https:\\\/\\\/radioljubuski.ba\\\/#\\\/schema\\\/person\\\/19fc700381a780f69665d7956c469e3b\",\"name\":\"Radio Ljubu\u0161ki\"}]}<\/script>\n<!-- \/ Yoast SEO plugin. -->","yoast_head_json":{"title":"Biskup N\u00e9met: Ikona u Beloj Crkvi obojana je u bijelo - RADIO LJUBU\u0160KI","robots":{"index":"index","follow":"follow","max-snippet":"max-snippet:-1","max-image-preview":"max-image-preview:large","max-video-preview":"max-video-preview:-1"},"canonical":"https:\/\/radioljubuski.ba\/index.php\/2022\/01\/24\/biskup-nemet-ikona-u-beloj-crkvi-obojana-je-u-bijelo\/","og_locale":"hr_HR","og_type":"article","og_title":"Biskup N\u00e9met: Ikona u Beloj Crkvi obojana je u bijelo - RADIO LJUBU\u0160KI","og_description":"Naime, portal direktno.hr jo\u0161 je 16. sije\u010dnja objavio vijest o kontroverznoj ikoni u pravoslavnoj crkvi Sv. Jovana bogoslova u mjestu Bela Crkva u Vojvodini \u2013 na kojoj su mnogi prepoznali Bla\u017eenog kardinala Alojzija Stepinca naslikanog u paklu. Tim povodom, beogradski nadbiskup mons. Stanislav Ho\u010devar kazao je kako \u0107e tra\u017eiti susret s vrhom Srpske Pravoslavne Crkve. [&hellip;]","og_url":"https:\/\/radioljubuski.ba\/index.php\/2022\/01\/24\/biskup-nemet-ikona-u-beloj-crkvi-obojana-je-u-bijelo\/","og_site_name":"RADIO LJUBU\u0160KI","article_publisher":"https:\/\/www.facebook.com\/Radiio-Ljubuski-1490835324566332","article_published_time":"2022-01-24T12:45:18+00:00","article_modified_time":"2022-01-24T12:45:20+00:00","og_image":[{"width":1000,"height":625,"url":"https:\/\/radioljubuski.ba\/wp-content\/uploads\/2022\/01\/7-2022-01-23-17-56-16-belacrkva.jpg","type":"image\/jpeg"}],"author":"Radio Ljubu\u0161ki","twitter_card":"summary_large_image","twitter_creator":"@radioljubuski","twitter_site":"@radioljubuski","twitter_misc":{"Napisao\/la":"Radio Ljubu\u0161ki","Procijenjeno vrijeme \u010ditanja":"2 minute"},"schema":{"@context":"https:\/\/schema.org","@graph":[{"@type":"Article","@id":"https:\/\/radioljubuski.ba\/index.php\/2022\/01\/24\/biskup-nemet-ikona-u-beloj-crkvi-obojana-je-u-bijelo\/#article","isPartOf":{"@id":"https:\/\/radioljubuski.ba\/index.php\/2022\/01\/24\/biskup-nemet-ikona-u-beloj-crkvi-obojana-je-u-bijelo\/"},"author":{"name":"Radio Ljubu\u0161ki","@id":"https:\/\/radioljubuski.ba\/#\/schema\/person\/19fc700381a780f69665d7956c469e3b"},"headline":"Biskup N\u00e9met: Ikona u Beloj Crkvi obojana je u bijelo","datePublished":"2022-01-24T12:45:18+00:00","dateModified":"2022-01-24T12:45:20+00:00","mainEntityOfPage":{"@id":"https:\/\/radioljubuski.ba\/index.php\/2022\/01\/24\/biskup-nemet-ikona-u-beloj-crkvi-obojana-je-u-bijelo\/"},"wordCount":321,"publisher":{"@id":"https:\/\/radioljubuski.ba\/#organization"},"image":{"@id":"https:\/\/radioljubuski.ba\/index.php\/2022\/01\/24\/biskup-nemet-ikona-u-beloj-crkvi-obojana-je-u-bijelo\/#primaryimage"},"thumbnailUrl":"https:\/\/radioljubuski.ba\/wp-content\/uploads\/2022\/01\/7-2022-01-23-17-56-16-belacrkva.jpg","articleSection":["BIH i regija"],"inLanguage":"hr"},{"@type":"WebPage","@id":"https:\/\/radioljubuski.ba\/index.php\/2022\/01\/24\/biskup-nemet-ikona-u-beloj-crkvi-obojana-je-u-bijelo\/","url":"https:\/\/radioljubuski.ba\/index.php\/2022\/01\/24\/biskup-nemet-ikona-u-beloj-crkvi-obojana-je-u-bijelo\/","name":"Biskup N\u00e9met: Ikona u Beloj Crkvi obojana je u bijelo - RADIO LJUBU\u0160KI","isPartOf":{"@id":"https:\/\/radioljubuski.ba\/#website"},"primaryImageOfPage":{"@id":"https:\/\/radioljubuski.ba\/index.php\/2022\/01\/24\/biskup-nemet-ikona-u-beloj-crkvi-obojana-je-u-bijelo\/#primaryimage"},"image":{"@id":"https:\/\/radioljubuski.ba\/index.php\/2022\/01\/24\/biskup-nemet-ikona-u-beloj-crkvi-obojana-je-u-bijelo\/#primaryimage"},"thumbnailUrl":"https:\/\/radioljubuski.ba\/wp-content\/uploads\/2022\/01\/7-2022-01-23-17-56-16-belacrkva.jpg","datePublished":"2022-01-24T12:45:18+00:00","dateModified":"2022-01-24T12:45:20+00:00","breadcrumb":{"@id":"https:\/\/radioljubuski.ba\/index.php\/2022\/01\/24\/biskup-nemet-ikona-u-beloj-crkvi-obojana-je-u-bijelo\/#breadcrumb"},"inLanguage":"hr","potentialAction":[{"@type":"ReadAction","target":["https:\/\/radioljubuski.ba\/index.php\/2022\/01\/24\/biskup-nemet-ikona-u-beloj-crkvi-obojana-je-u-bijelo\/"]}]},{"@type":"ImageObject","inLanguage":"hr","@id":"https:\/\/radioljubuski.ba\/index.php\/2022\/01\/24\/biskup-nemet-ikona-u-beloj-crkvi-obojana-je-u-bijelo\/#primaryimage","url":"https:\/\/radioljubuski.ba\/wp-content\/uploads\/2022\/01\/7-2022-01-23-17-56-16-belacrkva.jpg","contentUrl":"https:\/\/radioljubuski.ba\/wp-content\/uploads\/2022\/01\/7-2022-01-23-17-56-16-belacrkva.jpg","width":1000,"height":625},{"@type":"BreadcrumbList","@id":"https:\/\/radioljubuski.ba\/index.php\/2022\/01\/24\/biskup-nemet-ikona-u-beloj-crkvi-obojana-je-u-bijelo\/#breadcrumb","itemListElement":[{"@type":"ListItem","position":1,"name":"Po\u010detna stranica","item":"https:\/\/radioljubuski.ba\/"},{"@type":"ListItem","position":2,"name":"Biskup N\u00e9met: Ikona u Beloj Crkvi obojana je u bijelo"}]},{"@type":"WebSite","@id":"https:\/\/radioljubuski.ba\/#website","url":"https:\/\/radioljubuski.ba\/","name":"Radio Ljubu\u0161ki","description":"Sun\u010dana frekvencija Hercegovine","publisher":{"@id":"https:\/\/radioljubuski.ba\/#organization"},"potentialAction":[{"@type":"SearchAction","target":{"@type":"EntryPoint","urlTemplate":"https:\/\/radioljubuski.ba\/?s={search_term_string}"},"query-input":{"@type":"PropertyValueSpecification","valueRequired":true,"valueName":"search_term_string"}}],"inLanguage":"hr"},{"@type":"Organization","@id":"https:\/\/radioljubuski.ba\/#organization","name":"Radio Ljubu\u0161ki","url":"https:\/\/radioljubuski.ba\/","logo":{"@type":"ImageObject","inLanguage":"hr","@id":"https:\/\/radioljubuski.ba\/#\/schema\/logo\/image\/","url":"https:\/\/radioljubuski.ba\/wp-content\/uploads\/2021\/02\/cropped-Radio_Ljubuski_logo1.jpg","contentUrl":"https:\/\/radioljubuski.ba\/wp-content\/uploads\/2021\/02\/cropped-Radio_Ljubuski_logo1.jpg","width":512,"height":512,"caption":"Radio Ljubu\u0161ki"},"image":{"@id":"https:\/\/radioljubuski.ba\/#\/schema\/logo\/image\/"},"sameAs":["https:\/\/www.facebook.com\/Radiio-Ljubuski-1490835324566332","https:\/\/x.com\/radioljubuski","https:\/\/hr.linkedin.com\/company\/radio-ljubuski","https:\/\/www.youtube.com\/channel\/UCHYaeO_n0Db3tjNGudGpXyw"]},{"@type":"Person","@id":"https:\/\/radioljubuski.ba\/#\/schema\/person\/19fc700381a780f69665d7956c469e3b","name":"Radio Ljubu\u0161ki"}]}},"_links":{"self":[{"href":"https:\/\/radioljubuski.ba\/index.php\/wp-json\/wp\/v2\/posts\/108937","targetHints":{"allow":["GET"]}}],"collection":[{"href":"https:\/\/radioljubuski.ba\/index.php\/wp-json\/wp\/v2\/posts"}],"about":[{"href":"https:\/\/radioljubuski.ba\/index.php\/wp-json\/wp\/v2\/types\/post"}],"author":[{"embeddable":true,"href":"https:\/\/radioljubuski.ba\/index.php\/wp-json\/wp\/v2\/users\/2"}],"replies":[{"embeddable":true,"href":"https:\/\/radioljubuski.ba\/index.php\/wp-json\/wp\/v2\/comments?post=108937"}],"version-history":[{"count":1,"href":"https:\/\/radioljubuski.ba\/index.php\/wp-json\/wp\/v2\/posts\/108937\/revisions"}],"predecessor-version":[{"id":108939,"href":"https:\/\/radioljubuski.ba\/index.php\/wp-json\/wp\/v2\/posts\/108937\/revisions\/108939"}],"wp:featuredmedia":[{"embeddable":true,"href":"https:\/\/radioljubuski.ba\/index.php\/wp-json\/wp\/v2\/media\/108938"}],"wp:attachment":[{"href":"https:\/\/radioljubuski.ba\/index.php\/wp-json\/wp\/v2\/media?parent=108937"}],"wp:term":[{"taxonomy":"category","embeddable":true,"href":"https:\/\/radioljubuski.ba\/index.php\/wp-json\/wp\/v2\/categories?post=108937"},{"taxonomy":"post_tag","embeddable":true,"href":"https:\/\/radioljubuski.ba\/index.php\/wp-json\/wp\/v2\/tags?post=108937"}],"curies":[{"name":"wp","href":"https:\/\/api.w.org\/{rel}","templated":true}]}}