{"id":108949,"date":"2022-01-24T13:49:18","date_gmt":"2022-01-24T12:49:18","guid":{"rendered":"https:\/\/radioljubuski.ba\/?p=108949"},"modified":"2022-01-24T13:49:18","modified_gmt":"2022-01-24T12:49:18","slug":"matejev-otac-dezinformacije-nicemu-ne-sluze-ali-nikome-ne-zamjeram","status":"publish","type":"post","link":"https:\/\/radioljubuski.ba\/index.php\/2022\/01\/24\/matejev-otac-dezinformacije-nicemu-ne-sluze-ali-nikome-ne-zamjeram\/","title":{"rendered":"Matejev otac: Dezinformacije ni\u010demu ne slu\u017ee, ali nikome ne zamjeram"},"content":{"rendered":"\n<p>Nenad Peri\u0161, otac nestalog Mateja, da je op\u0161iran intervju za sarajevsku televiziju Face. &#8220;Poku\u0161avam biti racionalan. To mi uspijeva tijekom dana, onda vas stignu emocije. Muka&#8221;, rekao je Peri\u0161 sarajevskoj televiziji.<\/p>\n\n\n\n<p>Na upit kako se bori s toliko informacija, od kojih su mnoge neistinite,ka\u017ee: &#8220;Vjerojatno sam nekako stvorio obrambeni mehanizam. Razgovaram s MUP Srbije, njima apsolutno vjerujem. Ima i puno iskrenih novinara, profesionalaca, i njima iskreno zahvaljujem na svemu. Razumiju kako je \u010dovjeku koji tra\u017ei svoje dijete&#8221;.<\/p>\n\n\n\n<p>&#8220;Dezinformacije ni\u010demu ne slu\u017ee, ali nikom ne zamjeram&#8221;<\/p>\n\n\n\n<p>&#8220;Kao i u svemu, ljudi nekad nisu promi\u0161ljeni, pa bude i dezinformacija. To ni\u010demu ne slu\u017ei. Vjerujte, nikome ne zamjeram. Imam svoj problem i tome sam okrenut. Svatko ima svoju \u010dast&#8221;, rekao je Nenad Peri\u0161.<\/p>\n\n\n\n<p>Novinar ga je potom pitao o &#8220;rupama&#8221; na snimkama nadzornih kamera, na \u0161to je Nenad Peri\u0161 odgovorio da su dvije &#8220;rupe&#8221; vrlo bitne.<\/p>\n\n\n\n<p>&#8220;Dvije su rupe su vrlo bitne. To je prije svega izlazak iz bara koji nije snimljen i koji \u0107e ostati u magli, jer ne znam da li se tu ne\u0161to dogodilo, a ja ne vjerujem da jest&#8221;, rekao je Peri\u0161.<\/p>\n\n\n\n<p>&#8220;To su dvije meni posebno bitne stvari, a tre\u0107a je signal mobitela&#8221;<\/p>\n\n\n\n<p>&#8220;Druga je mo\u017eda \u010dak i va\u017enija, to je snimka spu\u0161tanja Mateja u prostor nalik terasi pored rijeke Save, \u0161to je ogra\u0111en prostor du\u017eine 15-ak metara i \u0161irine desetak. Tu tako\u0111er nemamo snimku da vidimo da li je tu bilo jo\u0161 nekoga ili da li je Matej pre\u0161ao tu ogradu, jer je tu koso i mogu\u0107e je okliznuti se i pasti&#8221;, navodi otac Mateja Peri\u0161a.<\/p>\n\n\n\n<p>&#8220;Pitao sam inspektora da li je mogu\u0107e na tom mjestu iza\u0107i, a da kamere ne zabilje\u017ee, jer tu ima kamera, dobio sam odgovor: &#8216;Da&#8217;. To su dvije meni posebno bitne stvari, a tre\u0107a mi je signal Matejevog mobilnog koji je lociran u blizini Ratnog otoka&#8221;, govori.<\/p>\n\n\n\n<p>&#8220;Znam da je policija zatra\u017eila od proizvo\u0111a\u010da iz Koreje da im dostavi sve podatke. Od Matejevog izlaska iz bara do tog signala pro\u0161lo je oko tri sata, a taj mobitel mo\u017ee dati signal jedino ako je na povr\u0161ini, zato mi je to vrlo bitan podatak&#8221;, rekao je Nenad Peri\u0161.<\/p>\n\n\n\n<p>Izvor:index.hr<\/p>\n","protected":false},"excerpt":{"rendered":"<p>Nenad Peri\u0161, otac nestalog Mateja, da je op\u0161iran intervju za sarajevsku televiziju Face. &#8220;Poku\u0161avam biti racionalan. To mi uspijeva tijekom dana, onda vas stignu emocije. Muka&#8221;, rekao je Peri\u0161 sarajevskoj televiziji. Na upit kako se bori s toliko informacija, od kojih su mnoge neistinite,ka\u017ee: &#8220;Vjerojatno sam nekako stvorio obrambeni mehanizam. Razgovaram s MUP Srbije, njima [&hellip;]<\/p>\n","protected":false},"author":2,"featured_media":106440,"comment_status":"closed","ping_status":"closed","sticky":false,"template":"","format":"standard","meta":{"h5ap_radio_sources":[],"footnotes":""},"categories":[1],"tags":[],"class_list":["post-108949","post","type-post","status-publish","format-standard","has-post-thumbnail","hentry","category-bihiregija"],"yoast_head":"<!-- This site is optimized with the Yoast SEO plugin v27.4 - https:\/\/yoast.com\/product\/yoast-seo-wordpress\/ -->\n<title>Matejev otac: Dezinformacije ni\u010demu ne slu\u017ee, ali nikome ne zamjeram - RADIO LJUBU\u0160KI<\/title>\n<meta name=\"robots\" content=\"index, follow, max-snippet:-1, max-image-preview:large, max-video-preview:-1\" \/>\n<link rel=\"canonical\" href=\"https:\/\/radioljubuski.ba\/index.php\/2022\/01\/24\/matejev-otac-dezinformacije-nicemu-ne-sluze-ali-nikome-ne-zamjeram\/\" \/>\n<meta property=\"og:locale\" content=\"hr_HR\" \/>\n<meta property=\"og:type\" content=\"article\" \/>\n<meta property=\"og:title\" content=\"Matejev otac: Dezinformacije ni\u010demu ne slu\u017ee, ali nikome ne zamjeram - RADIO LJUBU\u0160KI\" \/>\n<meta property=\"og:description\" content=\"Nenad Peri\u0161, otac nestalog Mateja, da je op\u0161iran intervju za sarajevsku televiziju Face. &#8220;Poku\u0161avam biti racionalan. To mi uspijeva tijekom dana, onda vas stignu emocije. Muka&#8221;, rekao je Peri\u0161 sarajevskoj televiziji. Na upit kako se bori s toliko informacija, od kojih su mnoge neistinite,ka\u017ee: &#8220;Vjerojatno sam nekako stvorio obrambeni mehanizam. Razgovaram s MUP Srbije, njima [&hellip;]\" \/>\n<meta property=\"og:url\" content=\"https:\/\/radioljubuski.ba\/index.php\/2022\/01\/24\/matejev-otac-dezinformacije-nicemu-ne-sluze-ali-nikome-ne-zamjeram\/\" \/>\n<meta property=\"og:site_name\" content=\"RADIO LJUBU\u0160KI\" \/>\n<meta property=\"article:publisher\" content=\"https:\/\/www.facebook.com\/Radiio-Ljubuski-1490835324566332\" \/>\n<meta property=\"article:published_time\" content=\"2022-01-24T12:49:18+00:00\" \/>\n<meta property=\"og:image\" content=\"https:\/\/radioljubuski.ba\/wp-content\/uploads\/2022\/01\/peris.jpg\" \/>\n\t<meta property=\"og:image:width\" content=\"1000\" \/>\n\t<meta property=\"og:image:height\" content=\"625\" \/>\n\t<meta property=\"og:image:type\" content=\"image\/jpeg\" \/>\n<meta name=\"author\" content=\"Radio Ljubu\u0161ki\" \/>\n<meta name=\"twitter:card\" content=\"summary_large_image\" \/>\n<meta name=\"twitter:creator\" content=\"@radioljubuski\" \/>\n<meta name=\"twitter:site\" content=\"@radioljubuski\" \/>\n<meta name=\"twitter:label1\" content=\"Napisao\/la\" \/>\n\t<meta name=\"twitter:data1\" content=\"Radio Ljubu\u0161ki\" \/>\n\t<meta name=\"twitter:label2\" content=\"Procijenjeno vrijeme \u010ditanja\" \/>\n\t<meta name=\"twitter:data2\" content=\"2 minute\" \/>\n<script type=\"application\/ld+json\" class=\"yoast-schema-graph\">{\"@context\":\"https:\\\/\\\/schema.org\",\"@graph\":[{\"@type\":\"Article\",\"@id\":\"https:\\\/\\\/radioljubuski.ba\\\/index.php\\\/2022\\\/01\\\/24\\\/matejev-otac-dezinformacije-nicemu-ne-sluze-ali-nikome-ne-zamjeram\\\/#article\",\"isPartOf\":{\"@id\":\"https:\\\/\\\/radioljubuski.ba\\\/index.php\\\/2022\\\/01\\\/24\\\/matejev-otac-dezinformacije-nicemu-ne-sluze-ali-nikome-ne-zamjeram\\\/\"},\"author\":{\"name\":\"Radio Ljubu\u0161ki\",\"@id\":\"https:\\\/\\\/radioljubuski.ba\\\/#\\\/schema\\\/person\\\/19fc700381a780f69665d7956c469e3b\"},\"headline\":\"Matejev otac: Dezinformacije ni\u010demu ne slu\u017ee, ali nikome ne zamjeram\",\"datePublished\":\"2022-01-24T12:49:18+00:00\",\"mainEntityOfPage\":{\"@id\":\"https:\\\/\\\/radioljubuski.ba\\\/index.php\\\/2022\\\/01\\\/24\\\/matejev-otac-dezinformacije-nicemu-ne-sluze-ali-nikome-ne-zamjeram\\\/\"},\"wordCount\":400,\"publisher\":{\"@id\":\"https:\\\/\\\/radioljubuski.ba\\\/#organization\"},\"image\":{\"@id\":\"https:\\\/\\\/radioljubuski.ba\\\/index.php\\\/2022\\\/01\\\/24\\\/matejev-otac-dezinformacije-nicemu-ne-sluze-ali-nikome-ne-zamjeram\\\/#primaryimage\"},\"thumbnailUrl\":\"https:\\\/\\\/radioljubuski.ba\\\/wp-content\\\/uploads\\\/2022\\\/01\\\/peris.jpg\",\"articleSection\":[\"BIH i regija\"],\"inLanguage\":\"hr\"},{\"@type\":\"WebPage\",\"@id\":\"https:\\\/\\\/radioljubuski.ba\\\/index.php\\\/2022\\\/01\\\/24\\\/matejev-otac-dezinformacije-nicemu-ne-sluze-ali-nikome-ne-zamjeram\\\/\",\"url\":\"https:\\\/\\\/radioljubuski.ba\\\/index.php\\\/2022\\\/01\\\/24\\\/matejev-otac-dezinformacije-nicemu-ne-sluze-ali-nikome-ne-zamjeram\\\/\",\"name\":\"Matejev otac: Dezinformacije ni\u010demu ne slu\u017ee, ali nikome ne zamjeram - RADIO LJUBU\u0160KI\",\"isPartOf\":{\"@id\":\"https:\\\/\\\/radioljubuski.ba\\\/#website\"},\"primaryImageOfPage\":{\"@id\":\"https:\\\/\\\/radioljubuski.ba\\\/index.php\\\/2022\\\/01\\\/24\\\/matejev-otac-dezinformacije-nicemu-ne-sluze-ali-nikome-ne-zamjeram\\\/#primaryimage\"},\"image\":{\"@id\":\"https:\\\/\\\/radioljubuski.ba\\\/index.php\\\/2022\\\/01\\\/24\\\/matejev-otac-dezinformacije-nicemu-ne-sluze-ali-nikome-ne-zamjeram\\\/#primaryimage\"},\"thumbnailUrl\":\"https:\\\/\\\/radioljubuski.ba\\\/wp-content\\\/uploads\\\/2022\\\/01\\\/peris.jpg\",\"datePublished\":\"2022-01-24T12:49:18+00:00\",\"breadcrumb\":{\"@id\":\"https:\\\/\\\/radioljubuski.ba\\\/index.php\\\/2022\\\/01\\\/24\\\/matejev-otac-dezinformacije-nicemu-ne-sluze-ali-nikome-ne-zamjeram\\\/#breadcrumb\"},\"inLanguage\":\"hr\",\"potentialAction\":[{\"@type\":\"ReadAction\",\"target\":[\"https:\\\/\\\/radioljubuski.ba\\\/index.php\\\/2022\\\/01\\\/24\\\/matejev-otac-dezinformacije-nicemu-ne-sluze-ali-nikome-ne-zamjeram\\\/\"]}]},{\"@type\":\"ImageObject\",\"inLanguage\":\"hr\",\"@id\":\"https:\\\/\\\/radioljubuski.ba\\\/index.php\\\/2022\\\/01\\\/24\\\/matejev-otac-dezinformacije-nicemu-ne-sluze-ali-nikome-ne-zamjeram\\\/#primaryimage\",\"url\":\"https:\\\/\\\/radioljubuski.ba\\\/wp-content\\\/uploads\\\/2022\\\/01\\\/peris.jpg\",\"contentUrl\":\"https:\\\/\\\/radioljubuski.ba\\\/wp-content\\\/uploads\\\/2022\\\/01\\\/peris.jpg\",\"width\":1000,\"height\":625},{\"@type\":\"BreadcrumbList\",\"@id\":\"https:\\\/\\\/radioljubuski.ba\\\/index.php\\\/2022\\\/01\\\/24\\\/matejev-otac-dezinformacije-nicemu-ne-sluze-ali-nikome-ne-zamjeram\\\/#breadcrumb\",\"itemListElement\":[{\"@type\":\"ListItem\",\"position\":1,\"name\":\"Po\u010detna stranica\",\"item\":\"https:\\\/\\\/radioljubuski.ba\\\/\"},{\"@type\":\"ListItem\",\"position\":2,\"name\":\"Matejev otac: Dezinformacije ni\u010demu ne slu\u017ee, ali nikome ne zamjeram\"}]},{\"@type\":\"WebSite\",\"@id\":\"https:\\\/\\\/radioljubuski.ba\\\/#website\",\"url\":\"https:\\\/\\\/radioljubuski.ba\\\/\",\"name\":\"Radio Ljubu\u0161ki\",\"description\":\"Sun\u010dana frekvencija Hercegovine\",\"publisher\":{\"@id\":\"https:\\\/\\\/radioljubuski.ba\\\/#organization\"},\"potentialAction\":[{\"@type\":\"SearchAction\",\"target\":{\"@type\":\"EntryPoint\",\"urlTemplate\":\"https:\\\/\\\/radioljubuski.ba\\\/?s={search_term_string}\"},\"query-input\":{\"@type\":\"PropertyValueSpecification\",\"valueRequired\":true,\"valueName\":\"search_term_string\"}}],\"inLanguage\":\"hr\"},{\"@type\":\"Organization\",\"@id\":\"https:\\\/\\\/radioljubuski.ba\\\/#organization\",\"name\":\"Radio Ljubu\u0161ki\",\"url\":\"https:\\\/\\\/radioljubuski.ba\\\/\",\"logo\":{\"@type\":\"ImageObject\",\"inLanguage\":\"hr\",\"@id\":\"https:\\\/\\\/radioljubuski.ba\\\/#\\\/schema\\\/logo\\\/image\\\/\",\"url\":\"https:\\\/\\\/radioljubuski.ba\\\/wp-content\\\/uploads\\\/2021\\\/02\\\/cropped-Radio_Ljubuski_logo1.jpg\",\"contentUrl\":\"https:\\\/\\\/radioljubuski.ba\\\/wp-content\\\/uploads\\\/2021\\\/02\\\/cropped-Radio_Ljubuski_logo1.jpg\",\"width\":512,\"height\":512,\"caption\":\"Radio Ljubu\u0161ki\"},\"image\":{\"@id\":\"https:\\\/\\\/radioljubuski.ba\\\/#\\\/schema\\\/logo\\\/image\\\/\"},\"sameAs\":[\"https:\\\/\\\/www.facebook.com\\\/Radiio-Ljubuski-1490835324566332\",\"https:\\\/\\\/x.com\\\/radioljubuski\",\"https:\\\/\\\/hr.linkedin.com\\\/company\\\/radio-ljubuski\",\"https:\\\/\\\/www.youtube.com\\\/channel\\\/UCHYaeO_n0Db3tjNGudGpXyw\"]},{\"@type\":\"Person\",\"@id\":\"https:\\\/\\\/radioljubuski.ba\\\/#\\\/schema\\\/person\\\/19fc700381a780f69665d7956c469e3b\",\"name\":\"Radio Ljubu\u0161ki\"}]}<\/script>\n<!-- \/ Yoast SEO plugin. -->","yoast_head_json":{"title":"Matejev otac: Dezinformacije ni\u010demu ne slu\u017ee, ali nikome ne zamjeram - RADIO LJUBU\u0160KI","robots":{"index":"index","follow":"follow","max-snippet":"max-snippet:-1","max-image-preview":"max-image-preview:large","max-video-preview":"max-video-preview:-1"},"canonical":"https:\/\/radioljubuski.ba\/index.php\/2022\/01\/24\/matejev-otac-dezinformacije-nicemu-ne-sluze-ali-nikome-ne-zamjeram\/","og_locale":"hr_HR","og_type":"article","og_title":"Matejev otac: Dezinformacije ni\u010demu ne slu\u017ee, ali nikome ne zamjeram - RADIO LJUBU\u0160KI","og_description":"Nenad Peri\u0161, otac nestalog Mateja, da je op\u0161iran intervju za sarajevsku televiziju Face. &#8220;Poku\u0161avam biti racionalan. To mi uspijeva tijekom dana, onda vas stignu emocije. Muka&#8221;, rekao je Peri\u0161 sarajevskoj televiziji. Na upit kako se bori s toliko informacija, od kojih su mnoge neistinite,ka\u017ee: &#8220;Vjerojatno sam nekako stvorio obrambeni mehanizam. Razgovaram s MUP Srbije, njima [&hellip;]","og_url":"https:\/\/radioljubuski.ba\/index.php\/2022\/01\/24\/matejev-otac-dezinformacije-nicemu-ne-sluze-ali-nikome-ne-zamjeram\/","og_site_name":"RADIO LJUBU\u0160KI","article_publisher":"https:\/\/www.facebook.com\/Radiio-Ljubuski-1490835324566332","article_published_time":"2022-01-24T12:49:18+00:00","og_image":[{"width":1000,"height":625,"url":"https:\/\/radioljubuski.ba\/wp-content\/uploads\/2022\/01\/peris.jpg","type":"image\/jpeg"}],"author":"Radio Ljubu\u0161ki","twitter_card":"summary_large_image","twitter_creator":"@radioljubuski","twitter_site":"@radioljubuski","twitter_misc":{"Napisao\/la":"Radio Ljubu\u0161ki","Procijenjeno vrijeme \u010ditanja":"2 minute"},"schema":{"@context":"https:\/\/schema.org","@graph":[{"@type":"Article","@id":"https:\/\/radioljubuski.ba\/index.php\/2022\/01\/24\/matejev-otac-dezinformacije-nicemu-ne-sluze-ali-nikome-ne-zamjeram\/#article","isPartOf":{"@id":"https:\/\/radioljubuski.ba\/index.php\/2022\/01\/24\/matejev-otac-dezinformacije-nicemu-ne-sluze-ali-nikome-ne-zamjeram\/"},"author":{"name":"Radio Ljubu\u0161ki","@id":"https:\/\/radioljubuski.ba\/#\/schema\/person\/19fc700381a780f69665d7956c469e3b"},"headline":"Matejev otac: Dezinformacije ni\u010demu ne slu\u017ee, ali nikome ne zamjeram","datePublished":"2022-01-24T12:49:18+00:00","mainEntityOfPage":{"@id":"https:\/\/radioljubuski.ba\/index.php\/2022\/01\/24\/matejev-otac-dezinformacije-nicemu-ne-sluze-ali-nikome-ne-zamjeram\/"},"wordCount":400,"publisher":{"@id":"https:\/\/radioljubuski.ba\/#organization"},"image":{"@id":"https:\/\/radioljubuski.ba\/index.php\/2022\/01\/24\/matejev-otac-dezinformacije-nicemu-ne-sluze-ali-nikome-ne-zamjeram\/#primaryimage"},"thumbnailUrl":"https:\/\/radioljubuski.ba\/wp-content\/uploads\/2022\/01\/peris.jpg","articleSection":["BIH i regija"],"inLanguage":"hr"},{"@type":"WebPage","@id":"https:\/\/radioljubuski.ba\/index.php\/2022\/01\/24\/matejev-otac-dezinformacije-nicemu-ne-sluze-ali-nikome-ne-zamjeram\/","url":"https:\/\/radioljubuski.ba\/index.php\/2022\/01\/24\/matejev-otac-dezinformacije-nicemu-ne-sluze-ali-nikome-ne-zamjeram\/","name":"Matejev otac: Dezinformacije ni\u010demu ne slu\u017ee, ali nikome ne zamjeram - RADIO LJUBU\u0160KI","isPartOf":{"@id":"https:\/\/radioljubuski.ba\/#website"},"primaryImageOfPage":{"@id":"https:\/\/radioljubuski.ba\/index.php\/2022\/01\/24\/matejev-otac-dezinformacije-nicemu-ne-sluze-ali-nikome-ne-zamjeram\/#primaryimage"},"image":{"@id":"https:\/\/radioljubuski.ba\/index.php\/2022\/01\/24\/matejev-otac-dezinformacije-nicemu-ne-sluze-ali-nikome-ne-zamjeram\/#primaryimage"},"thumbnailUrl":"https:\/\/radioljubuski.ba\/wp-content\/uploads\/2022\/01\/peris.jpg","datePublished":"2022-01-24T12:49:18+00:00","breadcrumb":{"@id":"https:\/\/radioljubuski.ba\/index.php\/2022\/01\/24\/matejev-otac-dezinformacije-nicemu-ne-sluze-ali-nikome-ne-zamjeram\/#breadcrumb"},"inLanguage":"hr","potentialAction":[{"@type":"ReadAction","target":["https:\/\/radioljubuski.ba\/index.php\/2022\/01\/24\/matejev-otac-dezinformacije-nicemu-ne-sluze-ali-nikome-ne-zamjeram\/"]}]},{"@type":"ImageObject","inLanguage":"hr","@id":"https:\/\/radioljubuski.ba\/index.php\/2022\/01\/24\/matejev-otac-dezinformacije-nicemu-ne-sluze-ali-nikome-ne-zamjeram\/#primaryimage","url":"https:\/\/radioljubuski.ba\/wp-content\/uploads\/2022\/01\/peris.jpg","contentUrl":"https:\/\/radioljubuski.ba\/wp-content\/uploads\/2022\/01\/peris.jpg","width":1000,"height":625},{"@type":"BreadcrumbList","@id":"https:\/\/radioljubuski.ba\/index.php\/2022\/01\/24\/matejev-otac-dezinformacije-nicemu-ne-sluze-ali-nikome-ne-zamjeram\/#breadcrumb","itemListElement":[{"@type":"ListItem","position":1,"name":"Po\u010detna stranica","item":"https:\/\/radioljubuski.ba\/"},{"@type":"ListItem","position":2,"name":"Matejev otac: Dezinformacije ni\u010demu ne slu\u017ee, ali nikome ne zamjeram"}]},{"@type":"WebSite","@id":"https:\/\/radioljubuski.ba\/#website","url":"https:\/\/radioljubuski.ba\/","name":"Radio Ljubu\u0161ki","description":"Sun\u010dana frekvencija Hercegovine","publisher":{"@id":"https:\/\/radioljubuski.ba\/#organization"},"potentialAction":[{"@type":"SearchAction","target":{"@type":"EntryPoint","urlTemplate":"https:\/\/radioljubuski.ba\/?s={search_term_string}"},"query-input":{"@type":"PropertyValueSpecification","valueRequired":true,"valueName":"search_term_string"}}],"inLanguage":"hr"},{"@type":"Organization","@id":"https:\/\/radioljubuski.ba\/#organization","name":"Radio Ljubu\u0161ki","url":"https:\/\/radioljubuski.ba\/","logo":{"@type":"ImageObject","inLanguage":"hr","@id":"https:\/\/radioljubuski.ba\/#\/schema\/logo\/image\/","url":"https:\/\/radioljubuski.ba\/wp-content\/uploads\/2021\/02\/cropped-Radio_Ljubuski_logo1.jpg","contentUrl":"https:\/\/radioljubuski.ba\/wp-content\/uploads\/2021\/02\/cropped-Radio_Ljubuski_logo1.jpg","width":512,"height":512,"caption":"Radio Ljubu\u0161ki"},"image":{"@id":"https:\/\/radioljubuski.ba\/#\/schema\/logo\/image\/"},"sameAs":["https:\/\/www.facebook.com\/Radiio-Ljubuski-1490835324566332","https:\/\/x.com\/radioljubuski","https:\/\/hr.linkedin.com\/company\/radio-ljubuski","https:\/\/www.youtube.com\/channel\/UCHYaeO_n0Db3tjNGudGpXyw"]},{"@type":"Person","@id":"https:\/\/radioljubuski.ba\/#\/schema\/person\/19fc700381a780f69665d7956c469e3b","name":"Radio Ljubu\u0161ki"}]}},"_links":{"self":[{"href":"https:\/\/radioljubuski.ba\/index.php\/wp-json\/wp\/v2\/posts\/108949","targetHints":{"allow":["GET"]}}],"collection":[{"href":"https:\/\/radioljubuski.ba\/index.php\/wp-json\/wp\/v2\/posts"}],"about":[{"href":"https:\/\/radioljubuski.ba\/index.php\/wp-json\/wp\/v2\/types\/post"}],"author":[{"embeddable":true,"href":"https:\/\/radioljubuski.ba\/index.php\/wp-json\/wp\/v2\/users\/2"}],"replies":[{"embeddable":true,"href":"https:\/\/radioljubuski.ba\/index.php\/wp-json\/wp\/v2\/comments?post=108949"}],"version-history":[{"count":1,"href":"https:\/\/radioljubuski.ba\/index.php\/wp-json\/wp\/v2\/posts\/108949\/revisions"}],"predecessor-version":[{"id":108950,"href":"https:\/\/radioljubuski.ba\/index.php\/wp-json\/wp\/v2\/posts\/108949\/revisions\/108950"}],"wp:featuredmedia":[{"embeddable":true,"href":"https:\/\/radioljubuski.ba\/index.php\/wp-json\/wp\/v2\/media\/106440"}],"wp:attachment":[{"href":"https:\/\/radioljubuski.ba\/index.php\/wp-json\/wp\/v2\/media?parent=108949"}],"wp:term":[{"taxonomy":"category","embeddable":true,"href":"https:\/\/radioljubuski.ba\/index.php\/wp-json\/wp\/v2\/categories?post=108949"},{"taxonomy":"post_tag","embeddable":true,"href":"https:\/\/radioljubuski.ba\/index.php\/wp-json\/wp\/v2\/tags?post=108949"}],"curies":[{"name":"wp","href":"https:\/\/api.w.org\/{rel}","templated":true}]}}