{"id":109019,"date":"2022-01-25T10:44:15","date_gmt":"2022-01-25T09:44:15","guid":{"rendered":"https:\/\/radioljubuski.ba\/?p=109019"},"modified":"2022-01-25T10:44:16","modified_gmt":"2022-01-25T09:44:16","slug":"nadal-u-polufinalu-nakon-pet-setova-i-cetiri-sata-tenisa","status":"publish","type":"post","link":"https:\/\/radioljubuski.ba\/index.php\/2022\/01\/25\/nadal-u-polufinalu-nakon-pet-setova-i-cetiri-sata-tenisa\/","title":{"rendered":"Nadal u polufinalu nakon pet setova i \u010detiri sata tenisa"},"content":{"rendered":"\n<p>\u0160panjolski tenisa\u010d Rafael Nadal plasirao se u polufinale Australian Opena nakon \u0161to je u \u010detvrtfinalu poslije 4 sata i 10 minuta igre u pet setova pobijedio Kana\u0111anina Denisa Shapovalova sa 6-3, 6-4, 4-6, 3-6, 6-3.<\/p>\n\n\n\n<p>Po jedan break u prva dva seta dovoljna su bila Nadalu da povede s 2-0. U tre\u0107em setu kod vodstva 5-4 Shapovalov je oduzeo servis Nadalu i smanjio na 1-2. U \u010detvrtom setu Shapovalov je do\u0161ao do breaka u \u010detvrtom gemu i poveo 5-2, ali Nadal je mogao vratiti izgubljeni servis dok je Kana\u0111anin servirao za set kod vodstva 5-3. \u0160panjolac je imao dvije break lopte, ali nije ih iskoristio i Shapovalov je do\u0161ao do 2-2 u setovima.<\/p>\n\n\n\n<p>Na po\u010detku petog seta Shapovalov je propustio priliku za break i to mu se osvetilo ve\u0107 u sljede\u0107em gemu, kada je Nadal do\u0161ao do tri vezane break lopte, a drugu je iskoristio. Shapovalov je ponovno imao priliku za obrat u tre\u0107em gemu, ali Nadal je spasio dvije break lopte i do kraja me\u010da vi\u0161e nije pru\u017eio \u0161ansu kanadskom tenisa\u010du.&nbsp;<\/p>\n\n\n\n<p>Nadalu je to sedmo polufinale na Australian Openu. No, samo je jednom osvojio Grand Slam turnir u Melbourneu, i to 2009. kada je u finalu dobio Rogera Federera. Jo\u0161 \u010detiri puta gubio je u finalima, dva puta od Novaka \u0110okovi\u0107a (2012. i 2019.), te od Stana Wawrinke (2014.) i Rogera Federera (2017.).<\/p>\n\n\n\n<p>Nadal \u0107e u polufinalu igrati protiv boljeg iz susreta izme\u0111u Talijana Mattea Berrettinija i Francuza Gaela Monfilsa.<\/p>\n\n\n\n<p>Izvor:pogled.ba<\/p>\n","protected":false},"excerpt":{"rendered":"<p>\u0160panjolski tenisa\u010d Rafael Nadal plasirao se u polufinale Australian Opena nakon \u0161to je u \u010detvrtfinalu poslije 4 sata i 10 minuta igre u pet setova pobijedio Kana\u0111anina Denisa Shapovalova sa 6-3, 6-4, 4-6, 3-6, 6-3. Po jedan break u prva dva seta dovoljna su bila Nadalu da povede s 2-0. U tre\u0107em setu kod vodstva [&hellip;]<\/p>\n","protected":false},"author":2,"featured_media":108650,"comment_status":"closed","ping_status":"closed","sticky":false,"template":"","format":"standard","meta":{"h5ap_radio_sources":[],"footnotes":""},"categories":[7],"tags":[],"class_list":["post-109019","post","type-post","status-publish","format-standard","has-post-thumbnail","hentry","category-sport"],"yoast_head":"<!-- This site is optimized with the Yoast SEO plugin v27.5 - https:\/\/yoast.com\/product\/yoast-seo-wordpress\/ -->\n<title>Nadal u polufinalu nakon pet setova i \u010detiri sata tenisa - RADIO LJUBU\u0160KI<\/title>\n<meta name=\"robots\" content=\"index, follow, max-snippet:-1, max-image-preview:large, max-video-preview:-1\" \/>\n<link rel=\"canonical\" href=\"https:\/\/radioljubuski.ba\/index.php\/2022\/01\/25\/nadal-u-polufinalu-nakon-pet-setova-i-cetiri-sata-tenisa\/\" \/>\n<meta property=\"og:locale\" content=\"hr_HR\" \/>\n<meta property=\"og:type\" content=\"article\" \/>\n<meta property=\"og:title\" content=\"Nadal u polufinalu nakon pet setova i \u010detiri sata tenisa - RADIO LJUBU\u0160KI\" \/>\n<meta property=\"og:description\" content=\"\u0160panjolski tenisa\u010d Rafael Nadal plasirao se u polufinale Australian Opena nakon \u0161to je u \u010detvrtfinalu poslije 4 sata i 10 minuta igre u pet setova pobijedio Kana\u0111anina Denisa Shapovalova sa 6-3, 6-4, 4-6, 3-6, 6-3. Po jedan break u prva dva seta dovoljna su bila Nadalu da povede s 2-0. U tre\u0107em setu kod vodstva [&hellip;]\" \/>\n<meta property=\"og:url\" content=\"https:\/\/radioljubuski.ba\/index.php\/2022\/01\/25\/nadal-u-polufinalu-nakon-pet-setova-i-cetiri-sata-tenisa\/\" \/>\n<meta property=\"og:site_name\" content=\"RADIO LJUBU\u0160KI\" \/>\n<meta property=\"article:publisher\" content=\"https:\/\/www.facebook.com\/Radiio-Ljubuski-1490835324566332\" \/>\n<meta property=\"article:published_time\" content=\"2022-01-25T09:44:15+00:00\" \/>\n<meta property=\"article:modified_time\" content=\"2022-01-25T09:44:16+00:00\" \/>\n<meta property=\"og:image\" content=\"https:\/\/radioljubuski.ba\/wp-content\/uploads\/2022\/01\/nadalao.jpg\" \/>\n\t<meta property=\"og:image:width\" content=\"1920\" \/>\n\t<meta property=\"og:image:height\" content=\"1280\" \/>\n\t<meta property=\"og:image:type\" content=\"image\/jpeg\" \/>\n<meta name=\"author\" content=\"Radio Ljubu\u0161ki\" \/>\n<meta name=\"twitter:card\" content=\"summary_large_image\" \/>\n<meta name=\"twitter:creator\" content=\"@radioljubuski\" \/>\n<meta name=\"twitter:site\" content=\"@radioljubuski\" \/>\n<meta name=\"twitter:label1\" content=\"Napisao\/la\" \/>\n\t<meta name=\"twitter:data1\" content=\"Radio Ljubu\u0161ki\" \/>\n\t<meta name=\"twitter:label2\" content=\"Procijenjeno vrijeme \u010ditanja\" \/>\n\t<meta name=\"twitter:data2\" content=\"2 minute\" \/>\n<script type=\"application\/ld+json\" class=\"yoast-schema-graph\">{\"@context\":\"https:\\\/\\\/schema.org\",\"@graph\":[{\"@type\":\"Article\",\"@id\":\"https:\\\/\\\/radioljubuski.ba\\\/index.php\\\/2022\\\/01\\\/25\\\/nadal-u-polufinalu-nakon-pet-setova-i-cetiri-sata-tenisa\\\/#article\",\"isPartOf\":{\"@id\":\"https:\\\/\\\/radioljubuski.ba\\\/index.php\\\/2022\\\/01\\\/25\\\/nadal-u-polufinalu-nakon-pet-setova-i-cetiri-sata-tenisa\\\/\"},\"author\":{\"name\":\"Radio Ljubu\u0161ki\",\"@id\":\"https:\\\/\\\/radioljubuski.ba\\\/#\\\/schema\\\/person\\\/19fc700381a780f69665d7956c469e3b\"},\"headline\":\"Nadal u polufinalu nakon pet setova i \u010detiri sata tenisa\",\"datePublished\":\"2022-01-25T09:44:15+00:00\",\"dateModified\":\"2022-01-25T09:44:16+00:00\",\"mainEntityOfPage\":{\"@id\":\"https:\\\/\\\/radioljubuski.ba\\\/index.php\\\/2022\\\/01\\\/25\\\/nadal-u-polufinalu-nakon-pet-setova-i-cetiri-sata-tenisa\\\/\"},\"wordCount\":263,\"publisher\":{\"@id\":\"https:\\\/\\\/radioljubuski.ba\\\/#organization\"},\"image\":{\"@id\":\"https:\\\/\\\/radioljubuski.ba\\\/index.php\\\/2022\\\/01\\\/25\\\/nadal-u-polufinalu-nakon-pet-setova-i-cetiri-sata-tenisa\\\/#primaryimage\"},\"thumbnailUrl\":\"https:\\\/\\\/radioljubuski.ba\\\/wp-content\\\/uploads\\\/2022\\\/01\\\/nadalao.jpg\",\"articleSection\":[\"\u0160port\"],\"inLanguage\":\"hr\"},{\"@type\":\"WebPage\",\"@id\":\"https:\\\/\\\/radioljubuski.ba\\\/index.php\\\/2022\\\/01\\\/25\\\/nadal-u-polufinalu-nakon-pet-setova-i-cetiri-sata-tenisa\\\/\",\"url\":\"https:\\\/\\\/radioljubuski.ba\\\/index.php\\\/2022\\\/01\\\/25\\\/nadal-u-polufinalu-nakon-pet-setova-i-cetiri-sata-tenisa\\\/\",\"name\":\"Nadal u polufinalu nakon pet setova i \u010detiri sata tenisa - RADIO LJUBU\u0160KI\",\"isPartOf\":{\"@id\":\"https:\\\/\\\/radioljubuski.ba\\\/#website\"},\"primaryImageOfPage\":{\"@id\":\"https:\\\/\\\/radioljubuski.ba\\\/index.php\\\/2022\\\/01\\\/25\\\/nadal-u-polufinalu-nakon-pet-setova-i-cetiri-sata-tenisa\\\/#primaryimage\"},\"image\":{\"@id\":\"https:\\\/\\\/radioljubuski.ba\\\/index.php\\\/2022\\\/01\\\/25\\\/nadal-u-polufinalu-nakon-pet-setova-i-cetiri-sata-tenisa\\\/#primaryimage\"},\"thumbnailUrl\":\"https:\\\/\\\/radioljubuski.ba\\\/wp-content\\\/uploads\\\/2022\\\/01\\\/nadalao.jpg\",\"datePublished\":\"2022-01-25T09:44:15+00:00\",\"dateModified\":\"2022-01-25T09:44:16+00:00\",\"breadcrumb\":{\"@id\":\"https:\\\/\\\/radioljubuski.ba\\\/index.php\\\/2022\\\/01\\\/25\\\/nadal-u-polufinalu-nakon-pet-setova-i-cetiri-sata-tenisa\\\/#breadcrumb\"},\"inLanguage\":\"hr\",\"potentialAction\":[{\"@type\":\"ReadAction\",\"target\":[\"https:\\\/\\\/radioljubuski.ba\\\/index.php\\\/2022\\\/01\\\/25\\\/nadal-u-polufinalu-nakon-pet-setova-i-cetiri-sata-tenisa\\\/\"]}]},{\"@type\":\"ImageObject\",\"inLanguage\":\"hr\",\"@id\":\"https:\\\/\\\/radioljubuski.ba\\\/index.php\\\/2022\\\/01\\\/25\\\/nadal-u-polufinalu-nakon-pet-setova-i-cetiri-sata-tenisa\\\/#primaryimage\",\"url\":\"https:\\\/\\\/radioljubuski.ba\\\/wp-content\\\/uploads\\\/2022\\\/01\\\/nadalao.jpg\",\"contentUrl\":\"https:\\\/\\\/radioljubuski.ba\\\/wp-content\\\/uploads\\\/2022\\\/01\\\/nadalao.jpg\",\"width\":1920,\"height\":1280},{\"@type\":\"BreadcrumbList\",\"@id\":\"https:\\\/\\\/radioljubuski.ba\\\/index.php\\\/2022\\\/01\\\/25\\\/nadal-u-polufinalu-nakon-pet-setova-i-cetiri-sata-tenisa\\\/#breadcrumb\",\"itemListElement\":[{\"@type\":\"ListItem\",\"position\":1,\"name\":\"Po\u010detna stranica\",\"item\":\"https:\\\/\\\/radioljubuski.ba\\\/\"},{\"@type\":\"ListItem\",\"position\":2,\"name\":\"Nadal u polufinalu nakon pet setova i \u010detiri sata tenisa\"}]},{\"@type\":\"WebSite\",\"@id\":\"https:\\\/\\\/radioljubuski.ba\\\/#website\",\"url\":\"https:\\\/\\\/radioljubuski.ba\\\/\",\"name\":\"Radio Ljubu\u0161ki\",\"description\":\"Sun\u010dana frekvencija Hercegovine\",\"publisher\":{\"@id\":\"https:\\\/\\\/radioljubuski.ba\\\/#organization\"},\"potentialAction\":[{\"@type\":\"SearchAction\",\"target\":{\"@type\":\"EntryPoint\",\"urlTemplate\":\"https:\\\/\\\/radioljubuski.ba\\\/?s={search_term_string}\"},\"query-input\":{\"@type\":\"PropertyValueSpecification\",\"valueRequired\":true,\"valueName\":\"search_term_string\"}}],\"inLanguage\":\"hr\"},{\"@type\":\"Organization\",\"@id\":\"https:\\\/\\\/radioljubuski.ba\\\/#organization\",\"name\":\"Radio Ljubu\u0161ki\",\"url\":\"https:\\\/\\\/radioljubuski.ba\\\/\",\"logo\":{\"@type\":\"ImageObject\",\"inLanguage\":\"hr\",\"@id\":\"https:\\\/\\\/radioljubuski.ba\\\/#\\\/schema\\\/logo\\\/image\\\/\",\"url\":\"https:\\\/\\\/radioljubuski.ba\\\/wp-content\\\/uploads\\\/2021\\\/02\\\/cropped-Radio_Ljubuski_logo1.jpg\",\"contentUrl\":\"https:\\\/\\\/radioljubuski.ba\\\/wp-content\\\/uploads\\\/2021\\\/02\\\/cropped-Radio_Ljubuski_logo1.jpg\",\"width\":512,\"height\":512,\"caption\":\"Radio Ljubu\u0161ki\"},\"image\":{\"@id\":\"https:\\\/\\\/radioljubuski.ba\\\/#\\\/schema\\\/logo\\\/image\\\/\"},\"sameAs\":[\"https:\\\/\\\/www.facebook.com\\\/Radiio-Ljubuski-1490835324566332\",\"https:\\\/\\\/x.com\\\/radioljubuski\",\"https:\\\/\\\/hr.linkedin.com\\\/company\\\/radio-ljubuski\",\"https:\\\/\\\/www.youtube.com\\\/channel\\\/UCHYaeO_n0Db3tjNGudGpXyw\"]},{\"@type\":\"Person\",\"@id\":\"https:\\\/\\\/radioljubuski.ba\\\/#\\\/schema\\\/person\\\/19fc700381a780f69665d7956c469e3b\",\"name\":\"Radio Ljubu\u0161ki\"}]}<\/script>\n<!-- \/ Yoast SEO plugin. -->","yoast_head_json":{"title":"Nadal u polufinalu nakon pet setova i \u010detiri sata tenisa - RADIO LJUBU\u0160KI","robots":{"index":"index","follow":"follow","max-snippet":"max-snippet:-1","max-image-preview":"max-image-preview:large","max-video-preview":"max-video-preview:-1"},"canonical":"https:\/\/radioljubuski.ba\/index.php\/2022\/01\/25\/nadal-u-polufinalu-nakon-pet-setova-i-cetiri-sata-tenisa\/","og_locale":"hr_HR","og_type":"article","og_title":"Nadal u polufinalu nakon pet setova i \u010detiri sata tenisa - RADIO LJUBU\u0160KI","og_description":"\u0160panjolski tenisa\u010d Rafael Nadal plasirao se u polufinale Australian Opena nakon \u0161to je u \u010detvrtfinalu poslije 4 sata i 10 minuta igre u pet setova pobijedio Kana\u0111anina Denisa Shapovalova sa 6-3, 6-4, 4-6, 3-6, 6-3. Po jedan break u prva dva seta dovoljna su bila Nadalu da povede s 2-0. U tre\u0107em setu kod vodstva [&hellip;]","og_url":"https:\/\/radioljubuski.ba\/index.php\/2022\/01\/25\/nadal-u-polufinalu-nakon-pet-setova-i-cetiri-sata-tenisa\/","og_site_name":"RADIO LJUBU\u0160KI","article_publisher":"https:\/\/www.facebook.com\/Radiio-Ljubuski-1490835324566332","article_published_time":"2022-01-25T09:44:15+00:00","article_modified_time":"2022-01-25T09:44:16+00:00","og_image":[{"width":1920,"height":1280,"url":"https:\/\/radioljubuski.ba\/wp-content\/uploads\/2022\/01\/nadalao.jpg","type":"image\/jpeg"}],"author":"Radio Ljubu\u0161ki","twitter_card":"summary_large_image","twitter_creator":"@radioljubuski","twitter_site":"@radioljubuski","twitter_misc":{"Napisao\/la":"Radio Ljubu\u0161ki","Procijenjeno vrijeme \u010ditanja":"2 minute"},"schema":{"@context":"https:\/\/schema.org","@graph":[{"@type":"Article","@id":"https:\/\/radioljubuski.ba\/index.php\/2022\/01\/25\/nadal-u-polufinalu-nakon-pet-setova-i-cetiri-sata-tenisa\/#article","isPartOf":{"@id":"https:\/\/radioljubuski.ba\/index.php\/2022\/01\/25\/nadal-u-polufinalu-nakon-pet-setova-i-cetiri-sata-tenisa\/"},"author":{"name":"Radio Ljubu\u0161ki","@id":"https:\/\/radioljubuski.ba\/#\/schema\/person\/19fc700381a780f69665d7956c469e3b"},"headline":"Nadal u polufinalu nakon pet setova i \u010detiri sata tenisa","datePublished":"2022-01-25T09:44:15+00:00","dateModified":"2022-01-25T09:44:16+00:00","mainEntityOfPage":{"@id":"https:\/\/radioljubuski.ba\/index.php\/2022\/01\/25\/nadal-u-polufinalu-nakon-pet-setova-i-cetiri-sata-tenisa\/"},"wordCount":263,"publisher":{"@id":"https:\/\/radioljubuski.ba\/#organization"},"image":{"@id":"https:\/\/radioljubuski.ba\/index.php\/2022\/01\/25\/nadal-u-polufinalu-nakon-pet-setova-i-cetiri-sata-tenisa\/#primaryimage"},"thumbnailUrl":"https:\/\/radioljubuski.ba\/wp-content\/uploads\/2022\/01\/nadalao.jpg","articleSection":["\u0160port"],"inLanguage":"hr"},{"@type":"WebPage","@id":"https:\/\/radioljubuski.ba\/index.php\/2022\/01\/25\/nadal-u-polufinalu-nakon-pet-setova-i-cetiri-sata-tenisa\/","url":"https:\/\/radioljubuski.ba\/index.php\/2022\/01\/25\/nadal-u-polufinalu-nakon-pet-setova-i-cetiri-sata-tenisa\/","name":"Nadal u polufinalu nakon pet setova i \u010detiri sata tenisa - RADIO LJUBU\u0160KI","isPartOf":{"@id":"https:\/\/radioljubuski.ba\/#website"},"primaryImageOfPage":{"@id":"https:\/\/radioljubuski.ba\/index.php\/2022\/01\/25\/nadal-u-polufinalu-nakon-pet-setova-i-cetiri-sata-tenisa\/#primaryimage"},"image":{"@id":"https:\/\/radioljubuski.ba\/index.php\/2022\/01\/25\/nadal-u-polufinalu-nakon-pet-setova-i-cetiri-sata-tenisa\/#primaryimage"},"thumbnailUrl":"https:\/\/radioljubuski.ba\/wp-content\/uploads\/2022\/01\/nadalao.jpg","datePublished":"2022-01-25T09:44:15+00:00","dateModified":"2022-01-25T09:44:16+00:00","breadcrumb":{"@id":"https:\/\/radioljubuski.ba\/index.php\/2022\/01\/25\/nadal-u-polufinalu-nakon-pet-setova-i-cetiri-sata-tenisa\/#breadcrumb"},"inLanguage":"hr","potentialAction":[{"@type":"ReadAction","target":["https:\/\/radioljubuski.ba\/index.php\/2022\/01\/25\/nadal-u-polufinalu-nakon-pet-setova-i-cetiri-sata-tenisa\/"]}]},{"@type":"ImageObject","inLanguage":"hr","@id":"https:\/\/radioljubuski.ba\/index.php\/2022\/01\/25\/nadal-u-polufinalu-nakon-pet-setova-i-cetiri-sata-tenisa\/#primaryimage","url":"https:\/\/radioljubuski.ba\/wp-content\/uploads\/2022\/01\/nadalao.jpg","contentUrl":"https:\/\/radioljubuski.ba\/wp-content\/uploads\/2022\/01\/nadalao.jpg","width":1920,"height":1280},{"@type":"BreadcrumbList","@id":"https:\/\/radioljubuski.ba\/index.php\/2022\/01\/25\/nadal-u-polufinalu-nakon-pet-setova-i-cetiri-sata-tenisa\/#breadcrumb","itemListElement":[{"@type":"ListItem","position":1,"name":"Po\u010detna stranica","item":"https:\/\/radioljubuski.ba\/"},{"@type":"ListItem","position":2,"name":"Nadal u polufinalu nakon pet setova i \u010detiri sata tenisa"}]},{"@type":"WebSite","@id":"https:\/\/radioljubuski.ba\/#website","url":"https:\/\/radioljubuski.ba\/","name":"Radio Ljubu\u0161ki","description":"Sun\u010dana frekvencija Hercegovine","publisher":{"@id":"https:\/\/radioljubuski.ba\/#organization"},"potentialAction":[{"@type":"SearchAction","target":{"@type":"EntryPoint","urlTemplate":"https:\/\/radioljubuski.ba\/?s={search_term_string}"},"query-input":{"@type":"PropertyValueSpecification","valueRequired":true,"valueName":"search_term_string"}}],"inLanguage":"hr"},{"@type":"Organization","@id":"https:\/\/radioljubuski.ba\/#organization","name":"Radio Ljubu\u0161ki","url":"https:\/\/radioljubuski.ba\/","logo":{"@type":"ImageObject","inLanguage":"hr","@id":"https:\/\/radioljubuski.ba\/#\/schema\/logo\/image\/","url":"https:\/\/radioljubuski.ba\/wp-content\/uploads\/2021\/02\/cropped-Radio_Ljubuski_logo1.jpg","contentUrl":"https:\/\/radioljubuski.ba\/wp-content\/uploads\/2021\/02\/cropped-Radio_Ljubuski_logo1.jpg","width":512,"height":512,"caption":"Radio Ljubu\u0161ki"},"image":{"@id":"https:\/\/radioljubuski.ba\/#\/schema\/logo\/image\/"},"sameAs":["https:\/\/www.facebook.com\/Radiio-Ljubuski-1490835324566332","https:\/\/x.com\/radioljubuski","https:\/\/hr.linkedin.com\/company\/radio-ljubuski","https:\/\/www.youtube.com\/channel\/UCHYaeO_n0Db3tjNGudGpXyw"]},{"@type":"Person","@id":"https:\/\/radioljubuski.ba\/#\/schema\/person\/19fc700381a780f69665d7956c469e3b","name":"Radio Ljubu\u0161ki"}]}},"_links":{"self":[{"href":"https:\/\/radioljubuski.ba\/index.php\/wp-json\/wp\/v2\/posts\/109019","targetHints":{"allow":["GET"]}}],"collection":[{"href":"https:\/\/radioljubuski.ba\/index.php\/wp-json\/wp\/v2\/posts"}],"about":[{"href":"https:\/\/radioljubuski.ba\/index.php\/wp-json\/wp\/v2\/types\/post"}],"author":[{"embeddable":true,"href":"https:\/\/radioljubuski.ba\/index.php\/wp-json\/wp\/v2\/users\/2"}],"replies":[{"embeddable":true,"href":"https:\/\/radioljubuski.ba\/index.php\/wp-json\/wp\/v2\/comments?post=109019"}],"version-history":[{"count":1,"href":"https:\/\/radioljubuski.ba\/index.php\/wp-json\/wp\/v2\/posts\/109019\/revisions"}],"predecessor-version":[{"id":109020,"href":"https:\/\/radioljubuski.ba\/index.php\/wp-json\/wp\/v2\/posts\/109019\/revisions\/109020"}],"wp:featuredmedia":[{"embeddable":true,"href":"https:\/\/radioljubuski.ba\/index.php\/wp-json\/wp\/v2\/media\/108650"}],"wp:attachment":[{"href":"https:\/\/radioljubuski.ba\/index.php\/wp-json\/wp\/v2\/media?parent=109019"}],"wp:term":[{"taxonomy":"category","embeddable":true,"href":"https:\/\/radioljubuski.ba\/index.php\/wp-json\/wp\/v2\/categories?post=109019"},{"taxonomy":"post_tag","embeddable":true,"href":"https:\/\/radioljubuski.ba\/index.php\/wp-json\/wp\/v2\/tags?post=109019"}],"curies":[{"name":"wp","href":"https:\/\/api.w.org\/{rel}","templated":true}]}}