{"id":109041,"date":"2022-01-25T11:05:58","date_gmt":"2022-01-25T10:05:58","guid":{"rendered":"https:\/\/radioljubuski.ba\/?p=109041"},"modified":"2022-01-27T13:13:39","modified_gmt":"2022-01-27T12:13:39","slug":"trener-karate-kluba-ljubuski-ivan-anic-gost-na-nasem-radiju","status":"publish","type":"post","link":"https:\/\/radioljubuski.ba\/index.php\/2022\/01\/25\/trener-karate-kluba-ljubuski-ivan-anic-gost-na-nasem-radiju\/","title":{"rendered":"Trener Karate kluba Ljubu\u0161ki, Ivan Ani\u0107 gost na na\u0161em Radiju &#8211; audio"},"content":{"rendered":"\n<p>Pro\u0161la godina za karate klub Ljubu\u0161ki bila je godina povratka u koliko \u2013 toliko normalan rad jer prve epidemijske godine (2020) aktivnosti skoro i nije bilo, rekao je Ivan Ani\u0107, trener karate kluba gostuju\u0107i na na\u0161oj radio postaji.<\/p>\n\n\n\n<p>Iako nisu imali broj natjecanja kao godinama prije, ipak, pro\u0161le godine je bilo zapa\u017eenih rezultata, a izdvojen je nastup na turniru u Sarajevu gdje su nastupili najmla\u0111i koji su osvojili trinaest odli\u010dja, od \u010dega \u010detiri zlatna. Klub je nastupao uglavnom u BiH, nije bilo nastupa u susjednim zemljama, ali su zato na natjecanja u BiH dolazili natjecatelji klubovi iz okru\u017eenja.<\/p>\n\n\n\n<p>Ove godine jo\u0161 nije izi\u0161ao kalendar natjecanja, ali se zna da \u0107e krenuti Karate liga regije Hercegovina gdje klub organizira jedno kolo. <\/p>\n\n\n\n<p>U tijeku su pripreme za osnivanje Karate saveza \u017dupanije Zapadnohercegova\u010dke za ni\u017ei rang natjecanja gdje bi nastupali uglavnom mla\u0111i uzrasti.<\/p>\n\n\n\n<p>Poslu\u0161ajte \u0161to je jo\u0161 sve rekao trener KK Ljubu\u0161ki Ivan Ani\u0107.<\/p>\n\n\n\n<iframe src=\"https:\/\/drive.google.com\/file\/d\/1tlTkdL2DISWTJyYbflWPxI01ymkWtap_\/preview\" style=\"width: 100%; height: 100px;\"><\/iframe>\n\n\n\n<p><strong>Mile Kraljevi\u0107 \/ Radio Ljubu\u0161ki<\/strong><\/p>\n","protected":false},"excerpt":{"rendered":"<p>Pro\u0161la godina za karate klub Ljubu\u0161ki bila je godina povratka u koliko \u2013 toliko normalan rad jer prve epidemijske godine (2020) aktivnosti skoro i nije bilo, rekao je Ivan Ani\u0107, trener karate kluba gostuju\u0107i na na\u0161oj radio postaji. Iako nisu imali broj natjecanja kao godinama prije, ipak, pro\u0161le godine je bilo zapa\u017eenih rezultata, a izdvojen [&hellip;]<\/p>\n","protected":false},"author":2,"featured_media":109042,"comment_status":"closed","ping_status":"closed","sticky":false,"template":"","format":"standard","meta":{"h5ap_radio_sources":[],"footnotes":""},"categories":[8],"tags":[],"class_list":["post-109041","post","type-post","status-publish","format-standard","has-post-thumbnail","hentry","category-rlj-audio"],"yoast_head":"<!-- This site is optimized with the Yoast SEO plugin v27.4 - https:\/\/yoast.com\/product\/yoast-seo-wordpress\/ -->\n<title>Trener Karate kluba Ljubu\u0161ki, Ivan Ani\u0107 gost na na\u0161em Radiju - audio - RADIO LJUBU\u0160KI<\/title>\n<meta name=\"robots\" content=\"index, follow, max-snippet:-1, max-image-preview:large, max-video-preview:-1\" \/>\n<link rel=\"canonical\" href=\"https:\/\/radioljubuski.ba\/index.php\/2022\/01\/25\/trener-karate-kluba-ljubuski-ivan-anic-gost-na-nasem-radiju\/\" \/>\n<meta property=\"og:locale\" content=\"hr_HR\" \/>\n<meta property=\"og:type\" content=\"article\" \/>\n<meta property=\"og:title\" content=\"Trener Karate kluba Ljubu\u0161ki, Ivan Ani\u0107 gost na na\u0161em Radiju - audio - RADIO LJUBU\u0160KI\" \/>\n<meta property=\"og:description\" content=\"Pro\u0161la godina za karate klub Ljubu\u0161ki bila je godina povratka u koliko \u2013 toliko normalan rad jer prve epidemijske godine (2020) aktivnosti skoro i nije bilo, rekao je Ivan Ani\u0107, trener karate kluba gostuju\u0107i na na\u0161oj radio postaji. Iako nisu imali broj natjecanja kao godinama prije, ipak, pro\u0161le godine je bilo zapa\u017eenih rezultata, a izdvojen [&hellip;]\" \/>\n<meta property=\"og:url\" content=\"https:\/\/radioljubuski.ba\/index.php\/2022\/01\/25\/trener-karate-kluba-ljubuski-ivan-anic-gost-na-nasem-radiju\/\" \/>\n<meta property=\"og:site_name\" content=\"RADIO LJUBU\u0160KI\" \/>\n<meta property=\"article:publisher\" content=\"https:\/\/www.facebook.com\/Radiio-Ljubuski-1490835324566332\" \/>\n<meta property=\"article:published_time\" content=\"2022-01-25T10:05:58+00:00\" \/>\n<meta property=\"article:modified_time\" content=\"2022-01-27T12:13:39+00:00\" \/>\n<meta property=\"og:image\" content=\"https:\/\/radioljubuski.ba\/wp-content\/uploads\/2022\/01\/anic.jpg\" \/>\n\t<meta property=\"og:image:width\" content=\"1024\" \/>\n\t<meta property=\"og:image:height\" content=\"631\" \/>\n\t<meta property=\"og:image:type\" content=\"image\/jpeg\" \/>\n<meta name=\"author\" content=\"Radio Ljubu\u0161ki\" \/>\n<meta name=\"twitter:card\" content=\"summary_large_image\" \/>\n<meta name=\"twitter:creator\" content=\"@radioljubuski\" \/>\n<meta name=\"twitter:site\" content=\"@radioljubuski\" \/>\n<meta name=\"twitter:label1\" content=\"Napisao\/la\" \/>\n\t<meta name=\"twitter:data1\" content=\"Radio Ljubu\u0161ki\" \/>\n\t<meta name=\"twitter:label2\" content=\"Procijenjeno vrijeme \u010ditanja\" \/>\n\t<meta name=\"twitter:data2\" content=\"1 minuta\" \/>\n<script type=\"application\/ld+json\" class=\"yoast-schema-graph\">{\"@context\":\"https:\\\/\\\/schema.org\",\"@graph\":[{\"@type\":\"Article\",\"@id\":\"https:\\\/\\\/radioljubuski.ba\\\/index.php\\\/2022\\\/01\\\/25\\\/trener-karate-kluba-ljubuski-ivan-anic-gost-na-nasem-radiju\\\/#article\",\"isPartOf\":{\"@id\":\"https:\\\/\\\/radioljubuski.ba\\\/index.php\\\/2022\\\/01\\\/25\\\/trener-karate-kluba-ljubuski-ivan-anic-gost-na-nasem-radiju\\\/\"},\"author\":{\"name\":\"Radio Ljubu\u0161ki\",\"@id\":\"https:\\\/\\\/radioljubuski.ba\\\/#\\\/schema\\\/person\\\/19fc700381a780f69665d7956c469e3b\"},\"headline\":\"Trener Karate kluba Ljubu\u0161ki, Ivan Ani\u0107 gost na na\u0161em Radiju &#8211; audio\",\"datePublished\":\"2022-01-25T10:05:58+00:00\",\"dateModified\":\"2022-01-27T12:13:39+00:00\",\"mainEntityOfPage\":{\"@id\":\"https:\\\/\\\/radioljubuski.ba\\\/index.php\\\/2022\\\/01\\\/25\\\/trener-karate-kluba-ljubuski-ivan-anic-gost-na-nasem-radiju\\\/\"},\"wordCount\":183,\"publisher\":{\"@id\":\"https:\\\/\\\/radioljubuski.ba\\\/#organization\"},\"image\":{\"@id\":\"https:\\\/\\\/radioljubuski.ba\\\/index.php\\\/2022\\\/01\\\/25\\\/trener-karate-kluba-ljubuski-ivan-anic-gost-na-nasem-radiju\\\/#primaryimage\"},\"thumbnailUrl\":\"https:\\\/\\\/radioljubuski.ba\\\/wp-content\\\/uploads\\\/2022\\\/01\\\/anic.jpg\",\"articleSection\":[\"RLJ Audio\"],\"inLanguage\":\"hr\"},{\"@type\":\"WebPage\",\"@id\":\"https:\\\/\\\/radioljubuski.ba\\\/index.php\\\/2022\\\/01\\\/25\\\/trener-karate-kluba-ljubuski-ivan-anic-gost-na-nasem-radiju\\\/\",\"url\":\"https:\\\/\\\/radioljubuski.ba\\\/index.php\\\/2022\\\/01\\\/25\\\/trener-karate-kluba-ljubuski-ivan-anic-gost-na-nasem-radiju\\\/\",\"name\":\"Trener Karate kluba Ljubu\u0161ki, Ivan Ani\u0107 gost na na\u0161em Radiju - audio - RADIO LJUBU\u0160KI\",\"isPartOf\":{\"@id\":\"https:\\\/\\\/radioljubuski.ba\\\/#website\"},\"primaryImageOfPage\":{\"@id\":\"https:\\\/\\\/radioljubuski.ba\\\/index.php\\\/2022\\\/01\\\/25\\\/trener-karate-kluba-ljubuski-ivan-anic-gost-na-nasem-radiju\\\/#primaryimage\"},\"image\":{\"@id\":\"https:\\\/\\\/radioljubuski.ba\\\/index.php\\\/2022\\\/01\\\/25\\\/trener-karate-kluba-ljubuski-ivan-anic-gost-na-nasem-radiju\\\/#primaryimage\"},\"thumbnailUrl\":\"https:\\\/\\\/radioljubuski.ba\\\/wp-content\\\/uploads\\\/2022\\\/01\\\/anic.jpg\",\"datePublished\":\"2022-01-25T10:05:58+00:00\",\"dateModified\":\"2022-01-27T12:13:39+00:00\",\"breadcrumb\":{\"@id\":\"https:\\\/\\\/radioljubuski.ba\\\/index.php\\\/2022\\\/01\\\/25\\\/trener-karate-kluba-ljubuski-ivan-anic-gost-na-nasem-radiju\\\/#breadcrumb\"},\"inLanguage\":\"hr\",\"potentialAction\":[{\"@type\":\"ReadAction\",\"target\":[\"https:\\\/\\\/radioljubuski.ba\\\/index.php\\\/2022\\\/01\\\/25\\\/trener-karate-kluba-ljubuski-ivan-anic-gost-na-nasem-radiju\\\/\"]}]},{\"@type\":\"ImageObject\",\"inLanguage\":\"hr\",\"@id\":\"https:\\\/\\\/radioljubuski.ba\\\/index.php\\\/2022\\\/01\\\/25\\\/trener-karate-kluba-ljubuski-ivan-anic-gost-na-nasem-radiju\\\/#primaryimage\",\"url\":\"https:\\\/\\\/radioljubuski.ba\\\/wp-content\\\/uploads\\\/2022\\\/01\\\/anic.jpg\",\"contentUrl\":\"https:\\\/\\\/radioljubuski.ba\\\/wp-content\\\/uploads\\\/2022\\\/01\\\/anic.jpg\",\"width\":1024,\"height\":631},{\"@type\":\"BreadcrumbList\",\"@id\":\"https:\\\/\\\/radioljubuski.ba\\\/index.php\\\/2022\\\/01\\\/25\\\/trener-karate-kluba-ljubuski-ivan-anic-gost-na-nasem-radiju\\\/#breadcrumb\",\"itemListElement\":[{\"@type\":\"ListItem\",\"position\":1,\"name\":\"Po\u010detna stranica\",\"item\":\"https:\\\/\\\/radioljubuski.ba\\\/\"},{\"@type\":\"ListItem\",\"position\":2,\"name\":\"Trener Karate kluba Ljubu\u0161ki, Ivan Ani\u0107 gost na na\u0161em Radiju &#8211; audio\"}]},{\"@type\":\"WebSite\",\"@id\":\"https:\\\/\\\/radioljubuski.ba\\\/#website\",\"url\":\"https:\\\/\\\/radioljubuski.ba\\\/\",\"name\":\"Radio Ljubu\u0161ki\",\"description\":\"Sun\u010dana frekvencija Hercegovine\",\"publisher\":{\"@id\":\"https:\\\/\\\/radioljubuski.ba\\\/#organization\"},\"potentialAction\":[{\"@type\":\"SearchAction\",\"target\":{\"@type\":\"EntryPoint\",\"urlTemplate\":\"https:\\\/\\\/radioljubuski.ba\\\/?s={search_term_string}\"},\"query-input\":{\"@type\":\"PropertyValueSpecification\",\"valueRequired\":true,\"valueName\":\"search_term_string\"}}],\"inLanguage\":\"hr\"},{\"@type\":\"Organization\",\"@id\":\"https:\\\/\\\/radioljubuski.ba\\\/#organization\",\"name\":\"Radio Ljubu\u0161ki\",\"url\":\"https:\\\/\\\/radioljubuski.ba\\\/\",\"logo\":{\"@type\":\"ImageObject\",\"inLanguage\":\"hr\",\"@id\":\"https:\\\/\\\/radioljubuski.ba\\\/#\\\/schema\\\/logo\\\/image\\\/\",\"url\":\"https:\\\/\\\/radioljubuski.ba\\\/wp-content\\\/uploads\\\/2021\\\/02\\\/cropped-Radio_Ljubuski_logo1.jpg\",\"contentUrl\":\"https:\\\/\\\/radioljubuski.ba\\\/wp-content\\\/uploads\\\/2021\\\/02\\\/cropped-Radio_Ljubuski_logo1.jpg\",\"width\":512,\"height\":512,\"caption\":\"Radio Ljubu\u0161ki\"},\"image\":{\"@id\":\"https:\\\/\\\/radioljubuski.ba\\\/#\\\/schema\\\/logo\\\/image\\\/\"},\"sameAs\":[\"https:\\\/\\\/www.facebook.com\\\/Radiio-Ljubuski-1490835324566332\",\"https:\\\/\\\/x.com\\\/radioljubuski\",\"https:\\\/\\\/hr.linkedin.com\\\/company\\\/radio-ljubuski\",\"https:\\\/\\\/www.youtube.com\\\/channel\\\/UCHYaeO_n0Db3tjNGudGpXyw\"]},{\"@type\":\"Person\",\"@id\":\"https:\\\/\\\/radioljubuski.ba\\\/#\\\/schema\\\/person\\\/19fc700381a780f69665d7956c469e3b\",\"name\":\"Radio Ljubu\u0161ki\"}]}<\/script>\n<!-- \/ Yoast SEO plugin. -->","yoast_head_json":{"title":"Trener Karate kluba Ljubu\u0161ki, Ivan Ani\u0107 gost na na\u0161em Radiju - audio - RADIO LJUBU\u0160KI","robots":{"index":"index","follow":"follow","max-snippet":"max-snippet:-1","max-image-preview":"max-image-preview:large","max-video-preview":"max-video-preview:-1"},"canonical":"https:\/\/radioljubuski.ba\/index.php\/2022\/01\/25\/trener-karate-kluba-ljubuski-ivan-anic-gost-na-nasem-radiju\/","og_locale":"hr_HR","og_type":"article","og_title":"Trener Karate kluba Ljubu\u0161ki, Ivan Ani\u0107 gost na na\u0161em Radiju - audio - RADIO LJUBU\u0160KI","og_description":"Pro\u0161la godina za karate klub Ljubu\u0161ki bila je godina povratka u koliko \u2013 toliko normalan rad jer prve epidemijske godine (2020) aktivnosti skoro i nije bilo, rekao je Ivan Ani\u0107, trener karate kluba gostuju\u0107i na na\u0161oj radio postaji. Iako nisu imali broj natjecanja kao godinama prije, ipak, pro\u0161le godine je bilo zapa\u017eenih rezultata, a izdvojen [&hellip;]","og_url":"https:\/\/radioljubuski.ba\/index.php\/2022\/01\/25\/trener-karate-kluba-ljubuski-ivan-anic-gost-na-nasem-radiju\/","og_site_name":"RADIO LJUBU\u0160KI","article_publisher":"https:\/\/www.facebook.com\/Radiio-Ljubuski-1490835324566332","article_published_time":"2022-01-25T10:05:58+00:00","article_modified_time":"2022-01-27T12:13:39+00:00","og_image":[{"width":1024,"height":631,"url":"https:\/\/radioljubuski.ba\/wp-content\/uploads\/2022\/01\/anic.jpg","type":"image\/jpeg"}],"author":"Radio Ljubu\u0161ki","twitter_card":"summary_large_image","twitter_creator":"@radioljubuski","twitter_site":"@radioljubuski","twitter_misc":{"Napisao\/la":"Radio Ljubu\u0161ki","Procijenjeno vrijeme \u010ditanja":"1 minuta"},"schema":{"@context":"https:\/\/schema.org","@graph":[{"@type":"Article","@id":"https:\/\/radioljubuski.ba\/index.php\/2022\/01\/25\/trener-karate-kluba-ljubuski-ivan-anic-gost-na-nasem-radiju\/#article","isPartOf":{"@id":"https:\/\/radioljubuski.ba\/index.php\/2022\/01\/25\/trener-karate-kluba-ljubuski-ivan-anic-gost-na-nasem-radiju\/"},"author":{"name":"Radio Ljubu\u0161ki","@id":"https:\/\/radioljubuski.ba\/#\/schema\/person\/19fc700381a780f69665d7956c469e3b"},"headline":"Trener Karate kluba Ljubu\u0161ki, Ivan Ani\u0107 gost na na\u0161em Radiju &#8211; audio","datePublished":"2022-01-25T10:05:58+00:00","dateModified":"2022-01-27T12:13:39+00:00","mainEntityOfPage":{"@id":"https:\/\/radioljubuski.ba\/index.php\/2022\/01\/25\/trener-karate-kluba-ljubuski-ivan-anic-gost-na-nasem-radiju\/"},"wordCount":183,"publisher":{"@id":"https:\/\/radioljubuski.ba\/#organization"},"image":{"@id":"https:\/\/radioljubuski.ba\/index.php\/2022\/01\/25\/trener-karate-kluba-ljubuski-ivan-anic-gost-na-nasem-radiju\/#primaryimage"},"thumbnailUrl":"https:\/\/radioljubuski.ba\/wp-content\/uploads\/2022\/01\/anic.jpg","articleSection":["RLJ Audio"],"inLanguage":"hr"},{"@type":"WebPage","@id":"https:\/\/radioljubuski.ba\/index.php\/2022\/01\/25\/trener-karate-kluba-ljubuski-ivan-anic-gost-na-nasem-radiju\/","url":"https:\/\/radioljubuski.ba\/index.php\/2022\/01\/25\/trener-karate-kluba-ljubuski-ivan-anic-gost-na-nasem-radiju\/","name":"Trener Karate kluba Ljubu\u0161ki, Ivan Ani\u0107 gost na na\u0161em Radiju - audio - RADIO LJUBU\u0160KI","isPartOf":{"@id":"https:\/\/radioljubuski.ba\/#website"},"primaryImageOfPage":{"@id":"https:\/\/radioljubuski.ba\/index.php\/2022\/01\/25\/trener-karate-kluba-ljubuski-ivan-anic-gost-na-nasem-radiju\/#primaryimage"},"image":{"@id":"https:\/\/radioljubuski.ba\/index.php\/2022\/01\/25\/trener-karate-kluba-ljubuski-ivan-anic-gost-na-nasem-radiju\/#primaryimage"},"thumbnailUrl":"https:\/\/radioljubuski.ba\/wp-content\/uploads\/2022\/01\/anic.jpg","datePublished":"2022-01-25T10:05:58+00:00","dateModified":"2022-01-27T12:13:39+00:00","breadcrumb":{"@id":"https:\/\/radioljubuski.ba\/index.php\/2022\/01\/25\/trener-karate-kluba-ljubuski-ivan-anic-gost-na-nasem-radiju\/#breadcrumb"},"inLanguage":"hr","potentialAction":[{"@type":"ReadAction","target":["https:\/\/radioljubuski.ba\/index.php\/2022\/01\/25\/trener-karate-kluba-ljubuski-ivan-anic-gost-na-nasem-radiju\/"]}]},{"@type":"ImageObject","inLanguage":"hr","@id":"https:\/\/radioljubuski.ba\/index.php\/2022\/01\/25\/trener-karate-kluba-ljubuski-ivan-anic-gost-na-nasem-radiju\/#primaryimage","url":"https:\/\/radioljubuski.ba\/wp-content\/uploads\/2022\/01\/anic.jpg","contentUrl":"https:\/\/radioljubuski.ba\/wp-content\/uploads\/2022\/01\/anic.jpg","width":1024,"height":631},{"@type":"BreadcrumbList","@id":"https:\/\/radioljubuski.ba\/index.php\/2022\/01\/25\/trener-karate-kluba-ljubuski-ivan-anic-gost-na-nasem-radiju\/#breadcrumb","itemListElement":[{"@type":"ListItem","position":1,"name":"Po\u010detna stranica","item":"https:\/\/radioljubuski.ba\/"},{"@type":"ListItem","position":2,"name":"Trener Karate kluba Ljubu\u0161ki, Ivan Ani\u0107 gost na na\u0161em Radiju &#8211; audio"}]},{"@type":"WebSite","@id":"https:\/\/radioljubuski.ba\/#website","url":"https:\/\/radioljubuski.ba\/","name":"Radio Ljubu\u0161ki","description":"Sun\u010dana frekvencija Hercegovine","publisher":{"@id":"https:\/\/radioljubuski.ba\/#organization"},"potentialAction":[{"@type":"SearchAction","target":{"@type":"EntryPoint","urlTemplate":"https:\/\/radioljubuski.ba\/?s={search_term_string}"},"query-input":{"@type":"PropertyValueSpecification","valueRequired":true,"valueName":"search_term_string"}}],"inLanguage":"hr"},{"@type":"Organization","@id":"https:\/\/radioljubuski.ba\/#organization","name":"Radio Ljubu\u0161ki","url":"https:\/\/radioljubuski.ba\/","logo":{"@type":"ImageObject","inLanguage":"hr","@id":"https:\/\/radioljubuski.ba\/#\/schema\/logo\/image\/","url":"https:\/\/radioljubuski.ba\/wp-content\/uploads\/2021\/02\/cropped-Radio_Ljubuski_logo1.jpg","contentUrl":"https:\/\/radioljubuski.ba\/wp-content\/uploads\/2021\/02\/cropped-Radio_Ljubuski_logo1.jpg","width":512,"height":512,"caption":"Radio Ljubu\u0161ki"},"image":{"@id":"https:\/\/radioljubuski.ba\/#\/schema\/logo\/image\/"},"sameAs":["https:\/\/www.facebook.com\/Radiio-Ljubuski-1490835324566332","https:\/\/x.com\/radioljubuski","https:\/\/hr.linkedin.com\/company\/radio-ljubuski","https:\/\/www.youtube.com\/channel\/UCHYaeO_n0Db3tjNGudGpXyw"]},{"@type":"Person","@id":"https:\/\/radioljubuski.ba\/#\/schema\/person\/19fc700381a780f69665d7956c469e3b","name":"Radio Ljubu\u0161ki"}]}},"_links":{"self":[{"href":"https:\/\/radioljubuski.ba\/index.php\/wp-json\/wp\/v2\/posts\/109041","targetHints":{"allow":["GET"]}}],"collection":[{"href":"https:\/\/radioljubuski.ba\/index.php\/wp-json\/wp\/v2\/posts"}],"about":[{"href":"https:\/\/radioljubuski.ba\/index.php\/wp-json\/wp\/v2\/types\/post"}],"author":[{"embeddable":true,"href":"https:\/\/radioljubuski.ba\/index.php\/wp-json\/wp\/v2\/users\/2"}],"replies":[{"embeddable":true,"href":"https:\/\/radioljubuski.ba\/index.php\/wp-json\/wp\/v2\/comments?post=109041"}],"version-history":[{"count":2,"href":"https:\/\/radioljubuski.ba\/index.php\/wp-json\/wp\/v2\/posts\/109041\/revisions"}],"predecessor-version":[{"id":109629,"href":"https:\/\/radioljubuski.ba\/index.php\/wp-json\/wp\/v2\/posts\/109041\/revisions\/109629"}],"wp:featuredmedia":[{"embeddable":true,"href":"https:\/\/radioljubuski.ba\/index.php\/wp-json\/wp\/v2\/media\/109042"}],"wp:attachment":[{"href":"https:\/\/radioljubuski.ba\/index.php\/wp-json\/wp\/v2\/media?parent=109041"}],"wp:term":[{"taxonomy":"category","embeddable":true,"href":"https:\/\/radioljubuski.ba\/index.php\/wp-json\/wp\/v2\/categories?post=109041"},{"taxonomy":"post_tag","embeddable":true,"href":"https:\/\/radioljubuski.ba\/index.php\/wp-json\/wp\/v2\/tags?post=109041"}],"curies":[{"name":"wp","href":"https:\/\/api.w.org\/{rel}","templated":true}]}}