{"id":109064,"date":"2022-01-25T11:25:12","date_gmt":"2022-01-25T10:25:12","guid":{"rendered":"https:\/\/radioljubuski.ba\/?p=109064"},"modified":"2022-01-25T11:25:13","modified_gmt":"2022-01-25T10:25:13","slug":"martinovic-bili-smo-ovo-duzni-nasim-navijacima","status":"publish","type":"post","link":"https:\/\/radioljubuski.ba\/index.php\/2022\/01\/25\/martinovic-bili-smo-ovo-duzni-nasim-navijacima\/","title":{"rendered":"Martinovi\u0107: Bili smo ovo du\u017eni na\u0161im navija\u010dima"},"content":{"rendered":"\n<p>Hrvatska rukometna reprezentacija ostvarila je prvu pobjedu u drugom krugu Europskog prvenstva svladav\u0161i u ponedjeljak u Budimpe\u0161ti reprezentaciju Islanda sa 23-22 (10-12).<\/p>\n\n\n\n<p>&#8211; Jako je lijep osje\u0107aj, bili smo ovo du\u017eni na\u0161im navija\u010dima i onima koji su bili uz nas, rekao je<strong> Ivan Martinovi\u0107<\/strong> nakon utakmice te opisao tijek susreta protiv Islanda:<br><br>&#8211; Po\u010detak nije bio agresivan, Island je to iskoristio, no onda smo pokazali agresivnost. U poluvremenu smo promijenili mentalitet i pokazali karakter. Prvih 15 minuta drugog dijela odigrali smo najbolje na Euru, <strong>Pe\u0161i\u0107 <\/strong>je obranio neke lopte, a onda smo pali, oni su se vratili. No, bili smo du\u017eni navija\u010dima da se ne predajemo i da mo\u017eemo pobijediti. Pe\u0161i\u0107 je obranio ne\u0161to na kraju, <strong>Gad\u017ea <\/strong>je zabio, a <strong>Lu\u010din <\/strong>je bio nevjerojatan&#8230;<\/p>\n\n\n\n<p>Sjajni desni vanjski smatra da su najbolje stvari tek pred ovom reprezentacijom.<br><br>&#8211; Svaki poraz isto boli, na\u017ealost, \u017eao nam je \u0161to nismo uspjeli odigrati \u0161to smo mislili. Mi smo mlada ekipa i na sljede\u0107im prvenstvima \u0107emo pokazati jo\u0161 vi\u0161e.<\/p>\n\n\n\n<div style=\"width: 640px;\" class=\"wp-video\"><video class=\"wp-video-shortcode\" id=\"video-109064-1\" width=\"640\" height=\"360\" preload=\"metadata\" controls=\"controls\"><source type=\"video\/mp4\" src=\"https:\/\/api.hrt.hr\/media\/66\/02\/martinovic-web2401-20220124163044.mp4?_=1\" \/><a href=\"https:\/\/api.hrt.hr\/media\/66\/02\/martinovic-web2401-20220124163044.mp4\">https:\/\/api.hrt.hr\/media\/66\/02\/martinovic-web2401-20220124163044.mp4<\/a><\/video><\/div>\n\n\n\n<p><strong>Tin Lu\u010din<\/strong> je tako\u0111er bio sretan s dana\u0161njom utakmicom.<\/p>\n\n\n\n<p>&#8211; Osje\u0107aj je fenomenalan, danas smo pokazali stvarno da mo\u017eemo igrati na visokoj razini i 60 minuta, rekao je Lu\u010din pa dodao:<br><br>&#8211; Ne znam da li je to do mladosti ili skra\u0107ene rotacije, neki de\u010dki su do\u0161li nakon dva tjedna izolacije, ali svaka im \u010dast kako su se borili. Na kraju smo zaslu\u017eeno pobijedili.<\/p>\n\n\n\n<div style=\"width: 640px;\" class=\"wp-video\"><video class=\"wp-video-shortcode\" id=\"video-109064-2\" width=\"640\" height=\"360\" preload=\"metadata\" controls=\"controls\"><source type=\"video\/mp4\" src=\"https:\/\/api.hrt.hr\/media\/5b\/41\/lucin-web2401-20220124163129.mp4?_=2\" \/><a href=\"https:\/\/api.hrt.hr\/media\/5b\/41\/lucin-web2401-20220124163129.mp4\">https:\/\/api.hrt.hr\/media\/5b\/41\/lucin-web2401-20220124163129.mp4<\/a><\/video><\/div>\n\n\n\n<p>Izvor.hrt.hr<\/p>\n","protected":false},"excerpt":{"rendered":"<p>Hrvatska rukometna reprezentacija ostvarila je prvu pobjedu u drugom krugu Europskog prvenstva svladav\u0161i u ponedjeljak u Budimpe\u0161ti reprezentaciju Islanda sa 23-22 (10-12). &#8211; Jako je lijep osje\u0107aj, bili smo ovo du\u017eni na\u0161im navija\u010dima i onima koji su bili uz nas, rekao je Ivan Martinovi\u0107 nakon utakmice te opisao tijek susreta protiv Islanda: &#8211; Po\u010detak nije [&hellip;]<\/p>\n","protected":false},"author":2,"featured_media":109065,"comment_status":"closed","ping_status":"closed","sticky":false,"template":"","format":"standard","meta":{"h5ap_radio_sources":[],"footnotes":""},"categories":[7],"tags":[],"class_list":["post-109064","post","type-post","status-publish","format-standard","has-post-thumbnail","hentry","category-sport"],"yoast_head":"<!-- This site is optimized with the Yoast SEO plugin v27.5 - https:\/\/yoast.com\/product\/yoast-seo-wordpress\/ -->\n<title>Martinovi\u0107: Bili smo ovo du\u017eni na\u0161im navija\u010dima - RADIO LJUBU\u0160KI<\/title>\n<meta name=\"robots\" content=\"index, follow, max-snippet:-1, max-image-preview:large, max-video-preview:-1\" \/>\n<link rel=\"canonical\" href=\"https:\/\/radioljubuski.ba\/index.php\/2022\/01\/25\/martinovic-bili-smo-ovo-duzni-nasim-navijacima\/\" \/>\n<meta property=\"og:locale\" content=\"hr_HR\" \/>\n<meta property=\"og:type\" content=\"article\" \/>\n<meta property=\"og:title\" content=\"Martinovi\u0107: Bili smo ovo du\u017eni na\u0161im navija\u010dima - RADIO LJUBU\u0160KI\" \/>\n<meta property=\"og:description\" content=\"Hrvatska rukometna reprezentacija ostvarila je prvu pobjedu u drugom krugu Europskog prvenstva svladav\u0161i u ponedjeljak u Budimpe\u0161ti reprezentaciju Islanda sa 23-22 (10-12). &#8211; Jako je lijep osje\u0107aj, bili smo ovo du\u017eni na\u0161im navija\u010dima i onima koji su bili uz nas, rekao je Ivan Martinovi\u0107 nakon utakmice te opisao tijek susreta protiv Islanda: &#8211; Po\u010detak nije [&hellip;]\" \/>\n<meta property=\"og:url\" content=\"https:\/\/radioljubuski.ba\/index.php\/2022\/01\/25\/martinovic-bili-smo-ovo-duzni-nasim-navijacima\/\" \/>\n<meta property=\"og:site_name\" content=\"RADIO LJUBU\u0160KI\" \/>\n<meta property=\"article:publisher\" content=\"https:\/\/www.facebook.com\/Radiio-Ljubuski-1490835324566332\" \/>\n<meta property=\"article:published_time\" content=\"2022-01-25T10:25:12+00:00\" \/>\n<meta property=\"article:modified_time\" content=\"2022-01-25T10:25:13+00:00\" \/>\n<meta property=\"og:image\" content=\"https:\/\/radioljubuski.ba\/wp-content\/uploads\/2022\/01\/t-martinovic-web2401-20220124163044.jpg\" \/>\n\t<meta property=\"og:image:width\" content=\"1920\" \/>\n\t<meta property=\"og:image:height\" content=\"1080\" \/>\n\t<meta property=\"og:image:type\" content=\"image\/jpeg\" \/>\n<meta name=\"author\" content=\"Radio Ljubu\u0161ki\" \/>\n<meta name=\"twitter:card\" content=\"summary_large_image\" \/>\n<meta name=\"twitter:creator\" content=\"@radioljubuski\" \/>\n<meta name=\"twitter:site\" content=\"@radioljubuski\" \/>\n<meta name=\"twitter:label1\" content=\"Napisao\/la\" \/>\n\t<meta name=\"twitter:data1\" content=\"Radio Ljubu\u0161ki\" \/>\n\t<meta name=\"twitter:label2\" content=\"Procijenjeno vrijeme \u010ditanja\" \/>\n\t<meta name=\"twitter:data2\" content=\"1 minuta\" \/>\n<script type=\"application\/ld+json\" class=\"yoast-schema-graph\">{\"@context\":\"https:\\\/\\\/schema.org\",\"@graph\":[{\"@type\":\"Article\",\"@id\":\"https:\\\/\\\/radioljubuski.ba\\\/index.php\\\/2022\\\/01\\\/25\\\/martinovic-bili-smo-ovo-duzni-nasim-navijacima\\\/#article\",\"isPartOf\":{\"@id\":\"https:\\\/\\\/radioljubuski.ba\\\/index.php\\\/2022\\\/01\\\/25\\\/martinovic-bili-smo-ovo-duzni-nasim-navijacima\\\/\"},\"author\":{\"name\":\"Radio Ljubu\u0161ki\",\"@id\":\"https:\\\/\\\/radioljubuski.ba\\\/#\\\/schema\\\/person\\\/19fc700381a780f69665d7956c469e3b\"},\"headline\":\"Martinovi\u0107: Bili smo ovo du\u017eni na\u0161im navija\u010dima\",\"datePublished\":\"2022-01-25T10:25:12+00:00\",\"dateModified\":\"2022-01-25T10:25:13+00:00\",\"mainEntityOfPage\":{\"@id\":\"https:\\\/\\\/radioljubuski.ba\\\/index.php\\\/2022\\\/01\\\/25\\\/martinovic-bili-smo-ovo-duzni-nasim-navijacima\\\/\"},\"wordCount\":284,\"publisher\":{\"@id\":\"https:\\\/\\\/radioljubuski.ba\\\/#organization\"},\"image\":{\"@id\":\"https:\\\/\\\/radioljubuski.ba\\\/index.php\\\/2022\\\/01\\\/25\\\/martinovic-bili-smo-ovo-duzni-nasim-navijacima\\\/#primaryimage\"},\"thumbnailUrl\":\"https:\\\/\\\/radioljubuski.ba\\\/wp-content\\\/uploads\\\/2022\\\/01\\\/t-martinovic-web2401-20220124163044.jpg\",\"articleSection\":[\"\u0160port\"],\"inLanguage\":\"hr\"},{\"@type\":\"WebPage\",\"@id\":\"https:\\\/\\\/radioljubuski.ba\\\/index.php\\\/2022\\\/01\\\/25\\\/martinovic-bili-smo-ovo-duzni-nasim-navijacima\\\/\",\"url\":\"https:\\\/\\\/radioljubuski.ba\\\/index.php\\\/2022\\\/01\\\/25\\\/martinovic-bili-smo-ovo-duzni-nasim-navijacima\\\/\",\"name\":\"Martinovi\u0107: Bili smo ovo du\u017eni na\u0161im navija\u010dima - RADIO LJUBU\u0160KI\",\"isPartOf\":{\"@id\":\"https:\\\/\\\/radioljubuski.ba\\\/#website\"},\"primaryImageOfPage\":{\"@id\":\"https:\\\/\\\/radioljubuski.ba\\\/index.php\\\/2022\\\/01\\\/25\\\/martinovic-bili-smo-ovo-duzni-nasim-navijacima\\\/#primaryimage\"},\"image\":{\"@id\":\"https:\\\/\\\/radioljubuski.ba\\\/index.php\\\/2022\\\/01\\\/25\\\/martinovic-bili-smo-ovo-duzni-nasim-navijacima\\\/#primaryimage\"},\"thumbnailUrl\":\"https:\\\/\\\/radioljubuski.ba\\\/wp-content\\\/uploads\\\/2022\\\/01\\\/t-martinovic-web2401-20220124163044.jpg\",\"datePublished\":\"2022-01-25T10:25:12+00:00\",\"dateModified\":\"2022-01-25T10:25:13+00:00\",\"breadcrumb\":{\"@id\":\"https:\\\/\\\/radioljubuski.ba\\\/index.php\\\/2022\\\/01\\\/25\\\/martinovic-bili-smo-ovo-duzni-nasim-navijacima\\\/#breadcrumb\"},\"inLanguage\":\"hr\",\"potentialAction\":[{\"@type\":\"ReadAction\",\"target\":[\"https:\\\/\\\/radioljubuski.ba\\\/index.php\\\/2022\\\/01\\\/25\\\/martinovic-bili-smo-ovo-duzni-nasim-navijacima\\\/\"]}]},{\"@type\":\"ImageObject\",\"inLanguage\":\"hr\",\"@id\":\"https:\\\/\\\/radioljubuski.ba\\\/index.php\\\/2022\\\/01\\\/25\\\/martinovic-bili-smo-ovo-duzni-nasim-navijacima\\\/#primaryimage\",\"url\":\"https:\\\/\\\/radioljubuski.ba\\\/wp-content\\\/uploads\\\/2022\\\/01\\\/t-martinovic-web2401-20220124163044.jpg\",\"contentUrl\":\"https:\\\/\\\/radioljubuski.ba\\\/wp-content\\\/uploads\\\/2022\\\/01\\\/t-martinovic-web2401-20220124163044.jpg\",\"width\":1920,\"height\":1080},{\"@type\":\"BreadcrumbList\",\"@id\":\"https:\\\/\\\/radioljubuski.ba\\\/index.php\\\/2022\\\/01\\\/25\\\/martinovic-bili-smo-ovo-duzni-nasim-navijacima\\\/#breadcrumb\",\"itemListElement\":[{\"@type\":\"ListItem\",\"position\":1,\"name\":\"Po\u010detna stranica\",\"item\":\"https:\\\/\\\/radioljubuski.ba\\\/\"},{\"@type\":\"ListItem\",\"position\":2,\"name\":\"Martinovi\u0107: Bili smo ovo du\u017eni na\u0161im navija\u010dima\"}]},{\"@type\":\"WebSite\",\"@id\":\"https:\\\/\\\/radioljubuski.ba\\\/#website\",\"url\":\"https:\\\/\\\/radioljubuski.ba\\\/\",\"name\":\"Radio Ljubu\u0161ki\",\"description\":\"Sun\u010dana frekvencija Hercegovine\",\"publisher\":{\"@id\":\"https:\\\/\\\/radioljubuski.ba\\\/#organization\"},\"potentialAction\":[{\"@type\":\"SearchAction\",\"target\":{\"@type\":\"EntryPoint\",\"urlTemplate\":\"https:\\\/\\\/radioljubuski.ba\\\/?s={search_term_string}\"},\"query-input\":{\"@type\":\"PropertyValueSpecification\",\"valueRequired\":true,\"valueName\":\"search_term_string\"}}],\"inLanguage\":\"hr\"},{\"@type\":\"Organization\",\"@id\":\"https:\\\/\\\/radioljubuski.ba\\\/#organization\",\"name\":\"Radio Ljubu\u0161ki\",\"url\":\"https:\\\/\\\/radioljubuski.ba\\\/\",\"logo\":{\"@type\":\"ImageObject\",\"inLanguage\":\"hr\",\"@id\":\"https:\\\/\\\/radioljubuski.ba\\\/#\\\/schema\\\/logo\\\/image\\\/\",\"url\":\"https:\\\/\\\/radioljubuski.ba\\\/wp-content\\\/uploads\\\/2021\\\/02\\\/cropped-Radio_Ljubuski_logo1.jpg\",\"contentUrl\":\"https:\\\/\\\/radioljubuski.ba\\\/wp-content\\\/uploads\\\/2021\\\/02\\\/cropped-Radio_Ljubuski_logo1.jpg\",\"width\":512,\"height\":512,\"caption\":\"Radio Ljubu\u0161ki\"},\"image\":{\"@id\":\"https:\\\/\\\/radioljubuski.ba\\\/#\\\/schema\\\/logo\\\/image\\\/\"},\"sameAs\":[\"https:\\\/\\\/www.facebook.com\\\/Radiio-Ljubuski-1490835324566332\",\"https:\\\/\\\/x.com\\\/radioljubuski\",\"https:\\\/\\\/hr.linkedin.com\\\/company\\\/radio-ljubuski\",\"https:\\\/\\\/www.youtube.com\\\/channel\\\/UCHYaeO_n0Db3tjNGudGpXyw\"]},{\"@type\":\"Person\",\"@id\":\"https:\\\/\\\/radioljubuski.ba\\\/#\\\/schema\\\/person\\\/19fc700381a780f69665d7956c469e3b\",\"name\":\"Radio Ljubu\u0161ki\"}]}<\/script>\n<!-- \/ Yoast SEO plugin. -->","yoast_head_json":{"title":"Martinovi\u0107: Bili smo ovo du\u017eni na\u0161im navija\u010dima - RADIO LJUBU\u0160KI","robots":{"index":"index","follow":"follow","max-snippet":"max-snippet:-1","max-image-preview":"max-image-preview:large","max-video-preview":"max-video-preview:-1"},"canonical":"https:\/\/radioljubuski.ba\/index.php\/2022\/01\/25\/martinovic-bili-smo-ovo-duzni-nasim-navijacima\/","og_locale":"hr_HR","og_type":"article","og_title":"Martinovi\u0107: Bili smo ovo du\u017eni na\u0161im navija\u010dima - RADIO LJUBU\u0160KI","og_description":"Hrvatska rukometna reprezentacija ostvarila je prvu pobjedu u drugom krugu Europskog prvenstva svladav\u0161i u ponedjeljak u Budimpe\u0161ti reprezentaciju Islanda sa 23-22 (10-12). &#8211; Jako je lijep osje\u0107aj, bili smo ovo du\u017eni na\u0161im navija\u010dima i onima koji su bili uz nas, rekao je Ivan Martinovi\u0107 nakon utakmice te opisao tijek susreta protiv Islanda: &#8211; Po\u010detak nije [&hellip;]","og_url":"https:\/\/radioljubuski.ba\/index.php\/2022\/01\/25\/martinovic-bili-smo-ovo-duzni-nasim-navijacima\/","og_site_name":"RADIO LJUBU\u0160KI","article_publisher":"https:\/\/www.facebook.com\/Radiio-Ljubuski-1490835324566332","article_published_time":"2022-01-25T10:25:12+00:00","article_modified_time":"2022-01-25T10:25:13+00:00","og_image":[{"width":1920,"height":1080,"url":"https:\/\/radioljubuski.ba\/wp-content\/uploads\/2022\/01\/t-martinovic-web2401-20220124163044.jpg","type":"image\/jpeg"}],"author":"Radio Ljubu\u0161ki","twitter_card":"summary_large_image","twitter_creator":"@radioljubuski","twitter_site":"@radioljubuski","twitter_misc":{"Napisao\/la":"Radio Ljubu\u0161ki","Procijenjeno vrijeme \u010ditanja":"1 minuta"},"schema":{"@context":"https:\/\/schema.org","@graph":[{"@type":"Article","@id":"https:\/\/radioljubuski.ba\/index.php\/2022\/01\/25\/martinovic-bili-smo-ovo-duzni-nasim-navijacima\/#article","isPartOf":{"@id":"https:\/\/radioljubuski.ba\/index.php\/2022\/01\/25\/martinovic-bili-smo-ovo-duzni-nasim-navijacima\/"},"author":{"name":"Radio Ljubu\u0161ki","@id":"https:\/\/radioljubuski.ba\/#\/schema\/person\/19fc700381a780f69665d7956c469e3b"},"headline":"Martinovi\u0107: Bili smo ovo du\u017eni na\u0161im navija\u010dima","datePublished":"2022-01-25T10:25:12+00:00","dateModified":"2022-01-25T10:25:13+00:00","mainEntityOfPage":{"@id":"https:\/\/radioljubuski.ba\/index.php\/2022\/01\/25\/martinovic-bili-smo-ovo-duzni-nasim-navijacima\/"},"wordCount":284,"publisher":{"@id":"https:\/\/radioljubuski.ba\/#organization"},"image":{"@id":"https:\/\/radioljubuski.ba\/index.php\/2022\/01\/25\/martinovic-bili-smo-ovo-duzni-nasim-navijacima\/#primaryimage"},"thumbnailUrl":"https:\/\/radioljubuski.ba\/wp-content\/uploads\/2022\/01\/t-martinovic-web2401-20220124163044.jpg","articleSection":["\u0160port"],"inLanguage":"hr"},{"@type":"WebPage","@id":"https:\/\/radioljubuski.ba\/index.php\/2022\/01\/25\/martinovic-bili-smo-ovo-duzni-nasim-navijacima\/","url":"https:\/\/radioljubuski.ba\/index.php\/2022\/01\/25\/martinovic-bili-smo-ovo-duzni-nasim-navijacima\/","name":"Martinovi\u0107: Bili smo ovo du\u017eni na\u0161im navija\u010dima - RADIO LJUBU\u0160KI","isPartOf":{"@id":"https:\/\/radioljubuski.ba\/#website"},"primaryImageOfPage":{"@id":"https:\/\/radioljubuski.ba\/index.php\/2022\/01\/25\/martinovic-bili-smo-ovo-duzni-nasim-navijacima\/#primaryimage"},"image":{"@id":"https:\/\/radioljubuski.ba\/index.php\/2022\/01\/25\/martinovic-bili-smo-ovo-duzni-nasim-navijacima\/#primaryimage"},"thumbnailUrl":"https:\/\/radioljubuski.ba\/wp-content\/uploads\/2022\/01\/t-martinovic-web2401-20220124163044.jpg","datePublished":"2022-01-25T10:25:12+00:00","dateModified":"2022-01-25T10:25:13+00:00","breadcrumb":{"@id":"https:\/\/radioljubuski.ba\/index.php\/2022\/01\/25\/martinovic-bili-smo-ovo-duzni-nasim-navijacima\/#breadcrumb"},"inLanguage":"hr","potentialAction":[{"@type":"ReadAction","target":["https:\/\/radioljubuski.ba\/index.php\/2022\/01\/25\/martinovic-bili-smo-ovo-duzni-nasim-navijacima\/"]}]},{"@type":"ImageObject","inLanguage":"hr","@id":"https:\/\/radioljubuski.ba\/index.php\/2022\/01\/25\/martinovic-bili-smo-ovo-duzni-nasim-navijacima\/#primaryimage","url":"https:\/\/radioljubuski.ba\/wp-content\/uploads\/2022\/01\/t-martinovic-web2401-20220124163044.jpg","contentUrl":"https:\/\/radioljubuski.ba\/wp-content\/uploads\/2022\/01\/t-martinovic-web2401-20220124163044.jpg","width":1920,"height":1080},{"@type":"BreadcrumbList","@id":"https:\/\/radioljubuski.ba\/index.php\/2022\/01\/25\/martinovic-bili-smo-ovo-duzni-nasim-navijacima\/#breadcrumb","itemListElement":[{"@type":"ListItem","position":1,"name":"Po\u010detna stranica","item":"https:\/\/radioljubuski.ba\/"},{"@type":"ListItem","position":2,"name":"Martinovi\u0107: Bili smo ovo du\u017eni na\u0161im navija\u010dima"}]},{"@type":"WebSite","@id":"https:\/\/radioljubuski.ba\/#website","url":"https:\/\/radioljubuski.ba\/","name":"Radio Ljubu\u0161ki","description":"Sun\u010dana frekvencija Hercegovine","publisher":{"@id":"https:\/\/radioljubuski.ba\/#organization"},"potentialAction":[{"@type":"SearchAction","target":{"@type":"EntryPoint","urlTemplate":"https:\/\/radioljubuski.ba\/?s={search_term_string}"},"query-input":{"@type":"PropertyValueSpecification","valueRequired":true,"valueName":"search_term_string"}}],"inLanguage":"hr"},{"@type":"Organization","@id":"https:\/\/radioljubuski.ba\/#organization","name":"Radio Ljubu\u0161ki","url":"https:\/\/radioljubuski.ba\/","logo":{"@type":"ImageObject","inLanguage":"hr","@id":"https:\/\/radioljubuski.ba\/#\/schema\/logo\/image\/","url":"https:\/\/radioljubuski.ba\/wp-content\/uploads\/2021\/02\/cropped-Radio_Ljubuski_logo1.jpg","contentUrl":"https:\/\/radioljubuski.ba\/wp-content\/uploads\/2021\/02\/cropped-Radio_Ljubuski_logo1.jpg","width":512,"height":512,"caption":"Radio Ljubu\u0161ki"},"image":{"@id":"https:\/\/radioljubuski.ba\/#\/schema\/logo\/image\/"},"sameAs":["https:\/\/www.facebook.com\/Radiio-Ljubuski-1490835324566332","https:\/\/x.com\/radioljubuski","https:\/\/hr.linkedin.com\/company\/radio-ljubuski","https:\/\/www.youtube.com\/channel\/UCHYaeO_n0Db3tjNGudGpXyw"]},{"@type":"Person","@id":"https:\/\/radioljubuski.ba\/#\/schema\/person\/19fc700381a780f69665d7956c469e3b","name":"Radio Ljubu\u0161ki"}]}},"_links":{"self":[{"href":"https:\/\/radioljubuski.ba\/index.php\/wp-json\/wp\/v2\/posts\/109064","targetHints":{"allow":["GET"]}}],"collection":[{"href":"https:\/\/radioljubuski.ba\/index.php\/wp-json\/wp\/v2\/posts"}],"about":[{"href":"https:\/\/radioljubuski.ba\/index.php\/wp-json\/wp\/v2\/types\/post"}],"author":[{"embeddable":true,"href":"https:\/\/radioljubuski.ba\/index.php\/wp-json\/wp\/v2\/users\/2"}],"replies":[{"embeddable":true,"href":"https:\/\/radioljubuski.ba\/index.php\/wp-json\/wp\/v2\/comments?post=109064"}],"version-history":[{"count":1,"href":"https:\/\/radioljubuski.ba\/index.php\/wp-json\/wp\/v2\/posts\/109064\/revisions"}],"predecessor-version":[{"id":109066,"href":"https:\/\/radioljubuski.ba\/index.php\/wp-json\/wp\/v2\/posts\/109064\/revisions\/109066"}],"wp:featuredmedia":[{"embeddable":true,"href":"https:\/\/radioljubuski.ba\/index.php\/wp-json\/wp\/v2\/media\/109065"}],"wp:attachment":[{"href":"https:\/\/radioljubuski.ba\/index.php\/wp-json\/wp\/v2\/media?parent=109064"}],"wp:term":[{"taxonomy":"category","embeddable":true,"href":"https:\/\/radioljubuski.ba\/index.php\/wp-json\/wp\/v2\/categories?post=109064"},{"taxonomy":"post_tag","embeddable":true,"href":"https:\/\/radioljubuski.ba\/index.php\/wp-json\/wp\/v2\/tags?post=109064"}],"curies":[{"name":"wp","href":"https:\/\/api.w.org\/{rel}","templated":true}]}}