{"id":109084,"date":"2022-01-25T11:44:01","date_gmt":"2022-01-25T10:44:01","guid":{"rendered":"https:\/\/radioljubuski.ba\/?p=109084"},"modified":"2022-01-25T11:44:02","modified_gmt":"2022-01-25T10:44:02","slug":"caktas-kroz-cijelu-karijeru-me-prati-pritisak","status":"publish","type":"post","link":"https:\/\/radioljubuski.ba\/index.php\/2022\/01\/25\/caktas-kroz-cijelu-karijeru-me-prati-pritisak\/","title":{"rendered":"Cakta\u0161: Kroz cijelu karijeru me prati pritisak"},"content":{"rendered":"\n<p>Novi igra\u010di Osijeka Vinko Petkovi\u0107 i Mijo Cakta\u0161 slu\u017ebeno su predstavljeni u Gradskom vrtu.<\/p>\n\n\n\n<p>Potpisali su ugovore do 2025. godine, a trener<strong> Nenad Bjelica<\/strong> zadovoljan je s dovo\u0111enjem ove dvojice igra\u010da.<br><br>&#8211; Drago mi je \u0161to smo u na\u0161 klub uspjeli dovesti dva ovako kvalitetna nogometa\u0161a i stvarno o\u010dekujemo od njih da pomognu u na\u0161im nastojanjima da do\u0111emo do visokih ciljeva. Miju Cakta\u0161a svi dobro poznaju, dugo godina je uspje\u0161no igrao u Hajduku, u HNL-u postigao puno golova i asistencija. Jako nam je drago \u0161to je s nama, sigurno \u0107e nam pomo\u0107i da budemo bolji. Vinko Petkovi\u0107 je posljednjih \u0161est mjeseci kvalitetno odradio u Hrvatskom dragovoljcu, ima brzinu koja nam treba na krilima, pokazao je da mo\u017ee biti igra\u010d za NK Osijek i iskoristili smo mogu\u0107nost \u0161to je bio slobodan na tr\u017ei\u0161tu, rekao je Bjelica.<br><br>Posebno je odjeknuo potpis Mije Cakta\u0161a, biv\u0161eg igra\u010da Hajduka. Smatra da \u0107e se brzo adaptirati te biti spreman za igru usprkos tome \u0161to je bio bolestan.<br><br>&#8211; Kroz cijelu karijeru me prati pritisak, to me samo jo\u0161 vi\u0161e tjera da budem jo\u0161 bolji i uspje\u0161niji. Znam se jako dobro nositi s time, nije mi stvarao neke dvojbe trebam li do\u0107i ili ne ve\u0107 mi samo predstavlja jo\u0161 ve\u0107i motiv. Nadam se da \u0107u opravdati o\u010dekivanja, \u010dekaju nas jake utakmice, borimo se za puno toga i jedva \u010dekam da sve skupa po\u010dne, rekao je Cakta\u0161.<br><br>Vinko Petkovi\u0107 ve\u0107 je i odigrao prve minute za Osijek u pripremnim utakmicama.<br><br>&#8211; Izuzetna mi je \u010dast \u0161to sam dobio priliku boriti se za sami vrh. Hvala treneru na ukazanom povjerenju, nadam se da \u0107u zadovoljiti i navija\u010de. Nestrpljivo \u010dekam po\u010detak treninga i svaku idu\u0107u utakmicu, \u017eeljan sam i gladan uspjeha, napredovati zajedno s mom\u010dadi, kazao je Petkovi\u0107.<\/p>\n\n\n\n<iframe loading=\"lazy\" src=\"https:\/\/www.facebook.com\/plugins\/video.php?height=314&#038;href=https%3A%2F%2Fwww.facebook.com%2Fnkosijek%2Fvideos%2F1078990539550408%2F&#038;show_text=false&#038;width=560&#038;t=0\" width=\"560\" height=\"314\" style=\"border:none;overflow:hidden\" scrolling=\"no\" frameborder=\"0\" allowfullscreen=\"true\" allow=\"autoplay; clipboard-write; encrypted-media; picture-in-picture; web-share\" allowFullScreen=\"true\"><\/iframe>\n\n\n\n<p>Izvor:hrt.hr<\/p>\n","protected":false},"excerpt":{"rendered":"<p>Novi igra\u010di Osijeka Vinko Petkovi\u0107 i Mijo Cakta\u0161 slu\u017ebeno su predstavljeni u Gradskom vrtu. Potpisali su ugovore do 2025. godine, a trener Nenad Bjelica zadovoljan je s dovo\u0111enjem ove dvojice igra\u010da. &#8211; Drago mi je \u0161to smo u na\u0161 klub uspjeli dovesti dva ovako kvalitetna nogometa\u0161a i stvarno o\u010dekujemo od njih da pomognu u na\u0161im [&hellip;]<\/p>\n","protected":false},"author":2,"featured_media":109085,"comment_status":"closed","ping_status":"closed","sticky":false,"template":"","format":"standard","meta":{"h5ap_radio_sources":[],"footnotes":""},"categories":[7],"tags":[],"class_list":["post-109084","post","type-post","status-publish","format-standard","has-post-thumbnail","hentry","category-sport"],"yoast_head":"<!-- This site is optimized with the Yoast SEO plugin v27.5 - https:\/\/yoast.com\/product\/yoast-seo-wordpress\/ -->\n<title>Cakta\u0161: Kroz cijelu karijeru me prati pritisak - RADIO LJUBU\u0160KI<\/title>\n<meta name=\"robots\" content=\"index, follow, max-snippet:-1, max-image-preview:large, max-video-preview:-1\" \/>\n<link rel=\"canonical\" href=\"https:\/\/radioljubuski.ba\/index.php\/2022\/01\/25\/caktas-kroz-cijelu-karijeru-me-prati-pritisak\/\" \/>\n<meta property=\"og:locale\" content=\"hr_HR\" \/>\n<meta property=\"og:type\" content=\"article\" \/>\n<meta property=\"og:title\" content=\"Cakta\u0161: Kroz cijelu karijeru me prati pritisak - RADIO LJUBU\u0160KI\" \/>\n<meta property=\"og:description\" content=\"Novi igra\u010di Osijeka Vinko Petkovi\u0107 i Mijo Cakta\u0161 slu\u017ebeno su predstavljeni u Gradskom vrtu. Potpisali su ugovore do 2025. godine, a trener Nenad Bjelica zadovoljan je s dovo\u0111enjem ove dvojice igra\u010da. &#8211; Drago mi je \u0161to smo u na\u0161 klub uspjeli dovesti dva ovako kvalitetna nogometa\u0161a i stvarno o\u010dekujemo od njih da pomognu u na\u0161im [&hellip;]\" \/>\n<meta property=\"og:url\" content=\"https:\/\/radioljubuski.ba\/index.php\/2022\/01\/25\/caktas-kroz-cijelu-karijeru-me-prati-pritisak\/\" \/>\n<meta property=\"og:site_name\" content=\"RADIO LJUBU\u0160KI\" \/>\n<meta property=\"article:publisher\" content=\"https:\/\/www.facebook.com\/Radiio-Ljubuski-1490835324566332\" \/>\n<meta property=\"article:published_time\" content=\"2022-01-25T10:44:01+00:00\" \/>\n<meta property=\"article:modified_time\" content=\"2022-01-25T10:44:02+00:00\" \/>\n<meta property=\"og:image\" content=\"https:\/\/radioljubuski.ba\/wp-content\/uploads\/2022\/01\/pxl-240122-91622344-20220124151519.jpg\" \/>\n\t<meta property=\"og:image:width\" content=\"1600\" \/>\n\t<meta property=\"og:image:height\" content=\"1069\" \/>\n\t<meta property=\"og:image:type\" content=\"image\/jpeg\" \/>\n<meta name=\"author\" content=\"Radio Ljubu\u0161ki\" \/>\n<meta name=\"twitter:card\" content=\"summary_large_image\" \/>\n<meta name=\"twitter:creator\" content=\"@radioljubuski\" \/>\n<meta name=\"twitter:site\" content=\"@radioljubuski\" \/>\n<meta name=\"twitter:label1\" content=\"Napisao\/la\" \/>\n\t<meta name=\"twitter:data1\" content=\"Radio Ljubu\u0161ki\" \/>\n\t<meta name=\"twitter:label2\" content=\"Procijenjeno vrijeme \u010ditanja\" \/>\n\t<meta name=\"twitter:data2\" content=\"2 minute\" \/>\n<script type=\"application\/ld+json\" class=\"yoast-schema-graph\">{\"@context\":\"https:\\\/\\\/schema.org\",\"@graph\":[{\"@type\":\"Article\",\"@id\":\"https:\\\/\\\/radioljubuski.ba\\\/index.php\\\/2022\\\/01\\\/25\\\/caktas-kroz-cijelu-karijeru-me-prati-pritisak\\\/#article\",\"isPartOf\":{\"@id\":\"https:\\\/\\\/radioljubuski.ba\\\/index.php\\\/2022\\\/01\\\/25\\\/caktas-kroz-cijelu-karijeru-me-prati-pritisak\\\/\"},\"author\":{\"name\":\"Radio Ljubu\u0161ki\",\"@id\":\"https:\\\/\\\/radioljubuski.ba\\\/#\\\/schema\\\/person\\\/19fc700381a780f69665d7956c469e3b\"},\"headline\":\"Cakta\u0161: Kroz cijelu karijeru me prati pritisak\",\"datePublished\":\"2022-01-25T10:44:01+00:00\",\"dateModified\":\"2022-01-25T10:44:02+00:00\",\"mainEntityOfPage\":{\"@id\":\"https:\\\/\\\/radioljubuski.ba\\\/index.php\\\/2022\\\/01\\\/25\\\/caktas-kroz-cijelu-karijeru-me-prati-pritisak\\\/\"},\"wordCount\":325,\"publisher\":{\"@id\":\"https:\\\/\\\/radioljubuski.ba\\\/#organization\"},\"image\":{\"@id\":\"https:\\\/\\\/radioljubuski.ba\\\/index.php\\\/2022\\\/01\\\/25\\\/caktas-kroz-cijelu-karijeru-me-prati-pritisak\\\/#primaryimage\"},\"thumbnailUrl\":\"https:\\\/\\\/radioljubuski.ba\\\/wp-content\\\/uploads\\\/2022\\\/01\\\/pxl-240122-91622344-20220124151519.jpg\",\"articleSection\":[\"\u0160port\"],\"inLanguage\":\"hr\"},{\"@type\":\"WebPage\",\"@id\":\"https:\\\/\\\/radioljubuski.ba\\\/index.php\\\/2022\\\/01\\\/25\\\/caktas-kroz-cijelu-karijeru-me-prati-pritisak\\\/\",\"url\":\"https:\\\/\\\/radioljubuski.ba\\\/index.php\\\/2022\\\/01\\\/25\\\/caktas-kroz-cijelu-karijeru-me-prati-pritisak\\\/\",\"name\":\"Cakta\u0161: Kroz cijelu karijeru me prati pritisak - RADIO LJUBU\u0160KI\",\"isPartOf\":{\"@id\":\"https:\\\/\\\/radioljubuski.ba\\\/#website\"},\"primaryImageOfPage\":{\"@id\":\"https:\\\/\\\/radioljubuski.ba\\\/index.php\\\/2022\\\/01\\\/25\\\/caktas-kroz-cijelu-karijeru-me-prati-pritisak\\\/#primaryimage\"},\"image\":{\"@id\":\"https:\\\/\\\/radioljubuski.ba\\\/index.php\\\/2022\\\/01\\\/25\\\/caktas-kroz-cijelu-karijeru-me-prati-pritisak\\\/#primaryimage\"},\"thumbnailUrl\":\"https:\\\/\\\/radioljubuski.ba\\\/wp-content\\\/uploads\\\/2022\\\/01\\\/pxl-240122-91622344-20220124151519.jpg\",\"datePublished\":\"2022-01-25T10:44:01+00:00\",\"dateModified\":\"2022-01-25T10:44:02+00:00\",\"breadcrumb\":{\"@id\":\"https:\\\/\\\/radioljubuski.ba\\\/index.php\\\/2022\\\/01\\\/25\\\/caktas-kroz-cijelu-karijeru-me-prati-pritisak\\\/#breadcrumb\"},\"inLanguage\":\"hr\",\"potentialAction\":[{\"@type\":\"ReadAction\",\"target\":[\"https:\\\/\\\/radioljubuski.ba\\\/index.php\\\/2022\\\/01\\\/25\\\/caktas-kroz-cijelu-karijeru-me-prati-pritisak\\\/\"]}]},{\"@type\":\"ImageObject\",\"inLanguage\":\"hr\",\"@id\":\"https:\\\/\\\/radioljubuski.ba\\\/index.php\\\/2022\\\/01\\\/25\\\/caktas-kroz-cijelu-karijeru-me-prati-pritisak\\\/#primaryimage\",\"url\":\"https:\\\/\\\/radioljubuski.ba\\\/wp-content\\\/uploads\\\/2022\\\/01\\\/pxl-240122-91622344-20220124151519.jpg\",\"contentUrl\":\"https:\\\/\\\/radioljubuski.ba\\\/wp-content\\\/uploads\\\/2022\\\/01\\\/pxl-240122-91622344-20220124151519.jpg\",\"width\":1600,\"height\":1069,\"caption\":\"24.01.2022., Osijek - Pres konferencija na stadionu Gradski vrt na kojoj se predstavilo dva nova igraca NK Osijeka Mijo Caktas i Vinko Petkovic. Photo: Davor Javorovic\\\/PIXSELL Photo: Davor Javorovic\\\/PIXSELL\"},{\"@type\":\"BreadcrumbList\",\"@id\":\"https:\\\/\\\/radioljubuski.ba\\\/index.php\\\/2022\\\/01\\\/25\\\/caktas-kroz-cijelu-karijeru-me-prati-pritisak\\\/#breadcrumb\",\"itemListElement\":[{\"@type\":\"ListItem\",\"position\":1,\"name\":\"Po\u010detna stranica\",\"item\":\"https:\\\/\\\/radioljubuski.ba\\\/\"},{\"@type\":\"ListItem\",\"position\":2,\"name\":\"Cakta\u0161: Kroz cijelu karijeru me prati pritisak\"}]},{\"@type\":\"WebSite\",\"@id\":\"https:\\\/\\\/radioljubuski.ba\\\/#website\",\"url\":\"https:\\\/\\\/radioljubuski.ba\\\/\",\"name\":\"Radio Ljubu\u0161ki\",\"description\":\"Sun\u010dana frekvencija Hercegovine\",\"publisher\":{\"@id\":\"https:\\\/\\\/radioljubuski.ba\\\/#organization\"},\"potentialAction\":[{\"@type\":\"SearchAction\",\"target\":{\"@type\":\"EntryPoint\",\"urlTemplate\":\"https:\\\/\\\/radioljubuski.ba\\\/?s={search_term_string}\"},\"query-input\":{\"@type\":\"PropertyValueSpecification\",\"valueRequired\":true,\"valueName\":\"search_term_string\"}}],\"inLanguage\":\"hr\"},{\"@type\":\"Organization\",\"@id\":\"https:\\\/\\\/radioljubuski.ba\\\/#organization\",\"name\":\"Radio Ljubu\u0161ki\",\"url\":\"https:\\\/\\\/radioljubuski.ba\\\/\",\"logo\":{\"@type\":\"ImageObject\",\"inLanguage\":\"hr\",\"@id\":\"https:\\\/\\\/radioljubuski.ba\\\/#\\\/schema\\\/logo\\\/image\\\/\",\"url\":\"https:\\\/\\\/radioljubuski.ba\\\/wp-content\\\/uploads\\\/2021\\\/02\\\/cropped-Radio_Ljubuski_logo1.jpg\",\"contentUrl\":\"https:\\\/\\\/radioljubuski.ba\\\/wp-content\\\/uploads\\\/2021\\\/02\\\/cropped-Radio_Ljubuski_logo1.jpg\",\"width\":512,\"height\":512,\"caption\":\"Radio Ljubu\u0161ki\"},\"image\":{\"@id\":\"https:\\\/\\\/radioljubuski.ba\\\/#\\\/schema\\\/logo\\\/image\\\/\"},\"sameAs\":[\"https:\\\/\\\/www.facebook.com\\\/Radiio-Ljubuski-1490835324566332\",\"https:\\\/\\\/x.com\\\/radioljubuski\",\"https:\\\/\\\/hr.linkedin.com\\\/company\\\/radio-ljubuski\",\"https:\\\/\\\/www.youtube.com\\\/channel\\\/UCHYaeO_n0Db3tjNGudGpXyw\"]},{\"@type\":\"Person\",\"@id\":\"https:\\\/\\\/radioljubuski.ba\\\/#\\\/schema\\\/person\\\/19fc700381a780f69665d7956c469e3b\",\"name\":\"Radio Ljubu\u0161ki\"}]}<\/script>\n<!-- \/ Yoast SEO plugin. -->","yoast_head_json":{"title":"Cakta\u0161: Kroz cijelu karijeru me prati pritisak - RADIO LJUBU\u0160KI","robots":{"index":"index","follow":"follow","max-snippet":"max-snippet:-1","max-image-preview":"max-image-preview:large","max-video-preview":"max-video-preview:-1"},"canonical":"https:\/\/radioljubuski.ba\/index.php\/2022\/01\/25\/caktas-kroz-cijelu-karijeru-me-prati-pritisak\/","og_locale":"hr_HR","og_type":"article","og_title":"Cakta\u0161: Kroz cijelu karijeru me prati pritisak - RADIO LJUBU\u0160KI","og_description":"Novi igra\u010di Osijeka Vinko Petkovi\u0107 i Mijo Cakta\u0161 slu\u017ebeno su predstavljeni u Gradskom vrtu. Potpisali su ugovore do 2025. godine, a trener Nenad Bjelica zadovoljan je s dovo\u0111enjem ove dvojice igra\u010da. &#8211; Drago mi je \u0161to smo u na\u0161 klub uspjeli dovesti dva ovako kvalitetna nogometa\u0161a i stvarno o\u010dekujemo od njih da pomognu u na\u0161im [&hellip;]","og_url":"https:\/\/radioljubuski.ba\/index.php\/2022\/01\/25\/caktas-kroz-cijelu-karijeru-me-prati-pritisak\/","og_site_name":"RADIO LJUBU\u0160KI","article_publisher":"https:\/\/www.facebook.com\/Radiio-Ljubuski-1490835324566332","article_published_time":"2022-01-25T10:44:01+00:00","article_modified_time":"2022-01-25T10:44:02+00:00","og_image":[{"width":1600,"height":1069,"url":"https:\/\/radioljubuski.ba\/wp-content\/uploads\/2022\/01\/pxl-240122-91622344-20220124151519.jpg","type":"image\/jpeg"}],"author":"Radio Ljubu\u0161ki","twitter_card":"summary_large_image","twitter_creator":"@radioljubuski","twitter_site":"@radioljubuski","twitter_misc":{"Napisao\/la":"Radio Ljubu\u0161ki","Procijenjeno vrijeme \u010ditanja":"2 minute"},"schema":{"@context":"https:\/\/schema.org","@graph":[{"@type":"Article","@id":"https:\/\/radioljubuski.ba\/index.php\/2022\/01\/25\/caktas-kroz-cijelu-karijeru-me-prati-pritisak\/#article","isPartOf":{"@id":"https:\/\/radioljubuski.ba\/index.php\/2022\/01\/25\/caktas-kroz-cijelu-karijeru-me-prati-pritisak\/"},"author":{"name":"Radio Ljubu\u0161ki","@id":"https:\/\/radioljubuski.ba\/#\/schema\/person\/19fc700381a780f69665d7956c469e3b"},"headline":"Cakta\u0161: Kroz cijelu karijeru me prati pritisak","datePublished":"2022-01-25T10:44:01+00:00","dateModified":"2022-01-25T10:44:02+00:00","mainEntityOfPage":{"@id":"https:\/\/radioljubuski.ba\/index.php\/2022\/01\/25\/caktas-kroz-cijelu-karijeru-me-prati-pritisak\/"},"wordCount":325,"publisher":{"@id":"https:\/\/radioljubuski.ba\/#organization"},"image":{"@id":"https:\/\/radioljubuski.ba\/index.php\/2022\/01\/25\/caktas-kroz-cijelu-karijeru-me-prati-pritisak\/#primaryimage"},"thumbnailUrl":"https:\/\/radioljubuski.ba\/wp-content\/uploads\/2022\/01\/pxl-240122-91622344-20220124151519.jpg","articleSection":["\u0160port"],"inLanguage":"hr"},{"@type":"WebPage","@id":"https:\/\/radioljubuski.ba\/index.php\/2022\/01\/25\/caktas-kroz-cijelu-karijeru-me-prati-pritisak\/","url":"https:\/\/radioljubuski.ba\/index.php\/2022\/01\/25\/caktas-kroz-cijelu-karijeru-me-prati-pritisak\/","name":"Cakta\u0161: Kroz cijelu karijeru me prati pritisak - RADIO LJUBU\u0160KI","isPartOf":{"@id":"https:\/\/radioljubuski.ba\/#website"},"primaryImageOfPage":{"@id":"https:\/\/radioljubuski.ba\/index.php\/2022\/01\/25\/caktas-kroz-cijelu-karijeru-me-prati-pritisak\/#primaryimage"},"image":{"@id":"https:\/\/radioljubuski.ba\/index.php\/2022\/01\/25\/caktas-kroz-cijelu-karijeru-me-prati-pritisak\/#primaryimage"},"thumbnailUrl":"https:\/\/radioljubuski.ba\/wp-content\/uploads\/2022\/01\/pxl-240122-91622344-20220124151519.jpg","datePublished":"2022-01-25T10:44:01+00:00","dateModified":"2022-01-25T10:44:02+00:00","breadcrumb":{"@id":"https:\/\/radioljubuski.ba\/index.php\/2022\/01\/25\/caktas-kroz-cijelu-karijeru-me-prati-pritisak\/#breadcrumb"},"inLanguage":"hr","potentialAction":[{"@type":"ReadAction","target":["https:\/\/radioljubuski.ba\/index.php\/2022\/01\/25\/caktas-kroz-cijelu-karijeru-me-prati-pritisak\/"]}]},{"@type":"ImageObject","inLanguage":"hr","@id":"https:\/\/radioljubuski.ba\/index.php\/2022\/01\/25\/caktas-kroz-cijelu-karijeru-me-prati-pritisak\/#primaryimage","url":"https:\/\/radioljubuski.ba\/wp-content\/uploads\/2022\/01\/pxl-240122-91622344-20220124151519.jpg","contentUrl":"https:\/\/radioljubuski.ba\/wp-content\/uploads\/2022\/01\/pxl-240122-91622344-20220124151519.jpg","width":1600,"height":1069,"caption":"24.01.2022., Osijek - Pres konferencija na stadionu Gradski vrt na kojoj se predstavilo dva nova igraca NK Osijeka Mijo Caktas i Vinko Petkovic. Photo: Davor Javorovic\/PIXSELL Photo: Davor Javorovic\/PIXSELL"},{"@type":"BreadcrumbList","@id":"https:\/\/radioljubuski.ba\/index.php\/2022\/01\/25\/caktas-kroz-cijelu-karijeru-me-prati-pritisak\/#breadcrumb","itemListElement":[{"@type":"ListItem","position":1,"name":"Po\u010detna stranica","item":"https:\/\/radioljubuski.ba\/"},{"@type":"ListItem","position":2,"name":"Cakta\u0161: Kroz cijelu karijeru me prati pritisak"}]},{"@type":"WebSite","@id":"https:\/\/radioljubuski.ba\/#website","url":"https:\/\/radioljubuski.ba\/","name":"Radio Ljubu\u0161ki","description":"Sun\u010dana frekvencija Hercegovine","publisher":{"@id":"https:\/\/radioljubuski.ba\/#organization"},"potentialAction":[{"@type":"SearchAction","target":{"@type":"EntryPoint","urlTemplate":"https:\/\/radioljubuski.ba\/?s={search_term_string}"},"query-input":{"@type":"PropertyValueSpecification","valueRequired":true,"valueName":"search_term_string"}}],"inLanguage":"hr"},{"@type":"Organization","@id":"https:\/\/radioljubuski.ba\/#organization","name":"Radio Ljubu\u0161ki","url":"https:\/\/radioljubuski.ba\/","logo":{"@type":"ImageObject","inLanguage":"hr","@id":"https:\/\/radioljubuski.ba\/#\/schema\/logo\/image\/","url":"https:\/\/radioljubuski.ba\/wp-content\/uploads\/2021\/02\/cropped-Radio_Ljubuski_logo1.jpg","contentUrl":"https:\/\/radioljubuski.ba\/wp-content\/uploads\/2021\/02\/cropped-Radio_Ljubuski_logo1.jpg","width":512,"height":512,"caption":"Radio Ljubu\u0161ki"},"image":{"@id":"https:\/\/radioljubuski.ba\/#\/schema\/logo\/image\/"},"sameAs":["https:\/\/www.facebook.com\/Radiio-Ljubuski-1490835324566332","https:\/\/x.com\/radioljubuski","https:\/\/hr.linkedin.com\/company\/radio-ljubuski","https:\/\/www.youtube.com\/channel\/UCHYaeO_n0Db3tjNGudGpXyw"]},{"@type":"Person","@id":"https:\/\/radioljubuski.ba\/#\/schema\/person\/19fc700381a780f69665d7956c469e3b","name":"Radio Ljubu\u0161ki"}]}},"_links":{"self":[{"href":"https:\/\/radioljubuski.ba\/index.php\/wp-json\/wp\/v2\/posts\/109084","targetHints":{"allow":["GET"]}}],"collection":[{"href":"https:\/\/radioljubuski.ba\/index.php\/wp-json\/wp\/v2\/posts"}],"about":[{"href":"https:\/\/radioljubuski.ba\/index.php\/wp-json\/wp\/v2\/types\/post"}],"author":[{"embeddable":true,"href":"https:\/\/radioljubuski.ba\/index.php\/wp-json\/wp\/v2\/users\/2"}],"replies":[{"embeddable":true,"href":"https:\/\/radioljubuski.ba\/index.php\/wp-json\/wp\/v2\/comments?post=109084"}],"version-history":[{"count":1,"href":"https:\/\/radioljubuski.ba\/index.php\/wp-json\/wp\/v2\/posts\/109084\/revisions"}],"predecessor-version":[{"id":109086,"href":"https:\/\/radioljubuski.ba\/index.php\/wp-json\/wp\/v2\/posts\/109084\/revisions\/109086"}],"wp:featuredmedia":[{"embeddable":true,"href":"https:\/\/radioljubuski.ba\/index.php\/wp-json\/wp\/v2\/media\/109085"}],"wp:attachment":[{"href":"https:\/\/radioljubuski.ba\/index.php\/wp-json\/wp\/v2\/media?parent=109084"}],"wp:term":[{"taxonomy":"category","embeddable":true,"href":"https:\/\/radioljubuski.ba\/index.php\/wp-json\/wp\/v2\/categories?post=109084"},{"taxonomy":"post_tag","embeddable":true,"href":"https:\/\/radioljubuski.ba\/index.php\/wp-json\/wp\/v2\/tags?post=109084"}],"curies":[{"name":"wp","href":"https:\/\/api.w.org\/{rel}","templated":true}]}}