{"id":109093,"date":"2022-01-25T11:52:54","date_gmt":"2022-01-25T10:52:54","guid":{"rendered":"https:\/\/radioljubuski.ba\/?p=109093"},"modified":"2022-01-25T11:52:55","modified_gmt":"2022-01-25T10:52:55","slug":"hrvatska-danas-protiv-rusije-uzivo-na-hrt-u","status":"publish","type":"post","link":"https:\/\/radioljubuski.ba\/index.php\/2022\/01\/25\/hrvatska-danas-protiv-rusije-uzivo-na-hrt-u\/","title":{"rendered":"Hrvatska danas protiv Rusije u\u017eivo na HRT-u"},"content":{"rendered":"\n<p>Nakon pobjede nad Poljskom 3:1, hrvatsku futsal reprezentaciju \u010deka drugi nastup na Europskom prvenstvu. Protivnik je Rusija, koja je u prvome kolu uvjerljivo svladala Slova\u010dku &#8211; 7:1.<\/p>\n\n\n\n<p>Susret je na rasporedu od 17.30 uz prijenos na Drugom programu HTV-a i na\u0161em portalu. Druga utakmica u skupini C izme\u0111u Poljske i Slova\u010dke po\u010dinje u 20.30 sati.<\/p>\n\n\n\n<p>&#8211;\u00a0Protiv Rusa moramo pro\u0161iriti kadar, priliku \u0107e sigurno dobiti <strong>\u010cekol <\/strong>i <strong>Jurlina<\/strong>, koji nisu igrali protiv Poljske. Moramo vidjeti \u0161to s <strong>Tihomirom Novakom<\/strong>, u kakvom je stanju njegova ozljeda mi\u0161i\u0107a i ima li smisla forsirati ga protiv Rusije ili ga sa\u010duvati za Slova\u010dku, a to nije jednostavna odluka. Ono \u0161to znamo jest da \u0107e puno na\u0161ih igra\u010da protiv Rusije morati biti u najboljem izdanju, ne\u0107emo se predati, iza\u0107i \u0107emo na teren bez straha, najva\u017enije je da damo sve od sebe, rekao je izbornik hrvatske futsalske reprezentacije<strong> Marinko Mavrovi\u0107<\/strong> svjestan zahtjeva koji o\u010dekuju njegove igra\u010de u utakmici protiv Rusije.<\/p>\n\n\n\n<iframe loading=\"lazy\" src=\"https:\/\/www.facebook.com\/plugins\/video.php?height=476&#038;href=https%3A%2F%2Fwww.facebook.com%2FHRTsport%2Fvideos%2F308194821272568%2F&#038;show_text=false&#038;width=476&#038;t=0\" width=\"476\" height=\"476\" style=\"border:none;overflow:hidden\" scrolling=\"no\" frameborder=\"0\" allowfullscreen=\"true\" allow=\"autoplay; clipboard-write; encrypted-media; picture-in-picture; web-share\" allowFullScreen=\"true\"><\/iframe>\n\n\n\n<p>&#8211; Puno na\u0161ih igra\u010da mora biti na vrhunskoj razini, ali jednako tako moramo djelovati i kao mom\u010dad. Uz to, moramo se nadati da Rusi ne\u0107e imati jedan od onih dana kad su nepobjedivi. Ako se te stvari poklope i ako ne budemo puno grije\u0161ili, onda imamo izgleda za povoljan rezultat. \u010ceka nas te\u0161ka utakmica u kojoj ne smijemo darivati protivnika, ne smijemo Rusima dozvoliti rani pogodak, jer \u0107e u tom slu\u010daju biti jako te\u0161ko. Trebamo biti u egalu i vjerovati da utakmicu mo\u017eemo dobiti u \u010detrdeset, a ne u deset ili 15 minuta, dodao je <strong>Dario Marinovi\u0107<\/strong>, jedan od iskusnijih hrvatskih igra\u010da.<br><br>Rusija je prva u skupini s tri boda koliko ima i Hrvatska na drugom mjestu, ali Rusija ima bolju gol razliku.<\/p>\n\n\n\n<figure class=\"wp-block-embed is-type-wp-embed is-provider-radio-ljubuski wp-block-embed-radio-ljubuski\"><div class=\"wp-block-embed__wrapper\">\n<blockquote class=\"wp-embedded-content\" data-secret=\"4QFX0edWyA\"><a href=\"https:\/\/radioljubuski.ba\/index.php\/2022\/01\/25\/mavrovic-necemo-se-predati-protiv-rusa\/\">Mavrovi\u0107: Ne\u0107emo se predati protiv Rusa<\/a><\/blockquote><iframe loading=\"lazy\" class=\"wp-embedded-content\" sandbox=\"allow-scripts\" security=\"restricted\" style=\"position: absolute; clip: rect(1px, 1px, 1px, 1px);\" title=\"&#8220;Mavrovi\u0107: Ne\u0107emo se predati protiv Rusa&#8221; &#8212;   RADIO LJUBU\u0160KI\" src=\"https:\/\/radioljubuski.ba\/index.php\/2022\/01\/25\/mavrovic-necemo-se-predati-protiv-rusa\/embed\/#?secret=zh3dgF4L3l#?secret=4QFX0edWyA\" data-secret=\"4QFX0edWyA\" width=\"600\" height=\"338\" frameborder=\"0\" marginwidth=\"0\" marginheight=\"0\" scrolling=\"no\"><\/iframe>\n<\/div><\/figure>\n\n\n\n<p>Izvor:hrt.hr<\/p>\n","protected":false},"excerpt":{"rendered":"<p>Nakon pobjede nad Poljskom 3:1, hrvatsku futsal reprezentaciju \u010deka drugi nastup na Europskom prvenstvu. Protivnik je Rusija, koja je u prvome kolu uvjerljivo svladala Slova\u010dku &#8211; 7:1. Susret je na rasporedu od 17.30 uz prijenos na Drugom programu HTV-a i na\u0161em portalu. Druga utakmica u skupini C izme\u0111u Poljske i Slova\u010dke po\u010dinje u 20.30 sati. [&hellip;]<\/p>\n","protected":false},"author":2,"featured_media":109094,"comment_status":"closed","ping_status":"closed","sticky":false,"template":"","format":"standard","meta":{"h5ap_radio_sources":[],"footnotes":""},"categories":[7],"tags":[],"class_list":["post-109093","post","type-post","status-publish","format-standard","has-post-thumbnail","hentry","category-sport"],"yoast_head":"<!-- This site is optimized with the Yoast SEO plugin v27.5 - https:\/\/yoast.com\/product\/yoast-seo-wordpress\/ -->\n<title>Hrvatska danas protiv Rusije u\u017eivo na HRT-u - RADIO LJUBU\u0160KI<\/title>\n<meta name=\"robots\" content=\"index, follow, max-snippet:-1, max-image-preview:large, max-video-preview:-1\" \/>\n<link rel=\"canonical\" href=\"https:\/\/radioljubuski.ba\/index.php\/2022\/01\/25\/hrvatska-danas-protiv-rusije-uzivo-na-hrt-u\/\" \/>\n<meta property=\"og:locale\" content=\"hr_HR\" \/>\n<meta property=\"og:type\" content=\"article\" \/>\n<meta property=\"og:title\" content=\"Hrvatska danas protiv Rusije u\u017eivo na HRT-u - RADIO LJUBU\u0160KI\" \/>\n<meta property=\"og:description\" content=\"Nakon pobjede nad Poljskom 3:1, hrvatsku futsal reprezentaciju \u010deka drugi nastup na Europskom prvenstvu. Protivnik je Rusija, koja je u prvome kolu uvjerljivo svladala Slova\u010dku &#8211; 7:1. Susret je na rasporedu od 17.30 uz prijenos na Drugom programu HTV-a i na\u0161em portalu. Druga utakmica u skupini C izme\u0111u Poljske i Slova\u010dke po\u010dinje u 20.30 sati. [&hellip;]\" \/>\n<meta property=\"og:url\" content=\"https:\/\/radioljubuski.ba\/index.php\/2022\/01\/25\/hrvatska-danas-protiv-rusije-uzivo-na-hrt-u\/\" \/>\n<meta property=\"og:site_name\" content=\"RADIO LJUBU\u0160KI\" \/>\n<meta property=\"article:publisher\" content=\"https:\/\/www.facebook.com\/Radiio-Ljubuski-1490835324566332\" \/>\n<meta property=\"article:published_time\" content=\"2022-01-25T10:52:54+00:00\" \/>\n<meta property=\"article:modified_time\" content=\"2022-01-25T10:52:55+00:00\" \/>\n<meta property=\"og:image\" content=\"https:\/\/radioljubuski.ba\/wp-content\/uploads\/2022\/01\/futsal-tkd-7-frame-8399-20220121194348.png\" \/>\n\t<meta property=\"og:image:width\" content=\"1920\" \/>\n\t<meta property=\"og:image:height\" content=\"1080\" \/>\n\t<meta property=\"og:image:type\" content=\"image\/png\" \/>\n<meta name=\"author\" content=\"Radio Ljubu\u0161ki\" \/>\n<meta name=\"twitter:card\" content=\"summary_large_image\" \/>\n<meta name=\"twitter:creator\" content=\"@radioljubuski\" \/>\n<meta name=\"twitter:site\" content=\"@radioljubuski\" \/>\n<meta name=\"twitter:label1\" content=\"Napisao\/la\" \/>\n\t<meta name=\"twitter:data1\" content=\"Radio Ljubu\u0161ki\" \/>\n\t<meta name=\"twitter:label2\" content=\"Procijenjeno vrijeme \u010ditanja\" \/>\n\t<meta name=\"twitter:data2\" content=\"2 minute\" \/>\n<script type=\"application\/ld+json\" class=\"yoast-schema-graph\">{\"@context\":\"https:\\\/\\\/schema.org\",\"@graph\":[{\"@type\":\"Article\",\"@id\":\"https:\\\/\\\/radioljubuski.ba\\\/index.php\\\/2022\\\/01\\\/25\\\/hrvatska-danas-protiv-rusije-uzivo-na-hrt-u\\\/#article\",\"isPartOf\":{\"@id\":\"https:\\\/\\\/radioljubuski.ba\\\/index.php\\\/2022\\\/01\\\/25\\\/hrvatska-danas-protiv-rusije-uzivo-na-hrt-u\\\/\"},\"author\":{\"name\":\"Radio Ljubu\u0161ki\",\"@id\":\"https:\\\/\\\/radioljubuski.ba\\\/#\\\/schema\\\/person\\\/19fc700381a780f69665d7956c469e3b\"},\"headline\":\"Hrvatska danas protiv Rusije u\u017eivo na HRT-u\",\"datePublished\":\"2022-01-25T10:52:54+00:00\",\"dateModified\":\"2022-01-25T10:52:55+00:00\",\"mainEntityOfPage\":{\"@id\":\"https:\\\/\\\/radioljubuski.ba\\\/index.php\\\/2022\\\/01\\\/25\\\/hrvatska-danas-protiv-rusije-uzivo-na-hrt-u\\\/\"},\"wordCount\":316,\"publisher\":{\"@id\":\"https:\\\/\\\/radioljubuski.ba\\\/#organization\"},\"image\":{\"@id\":\"https:\\\/\\\/radioljubuski.ba\\\/index.php\\\/2022\\\/01\\\/25\\\/hrvatska-danas-protiv-rusije-uzivo-na-hrt-u\\\/#primaryimage\"},\"thumbnailUrl\":\"https:\\\/\\\/radioljubuski.ba\\\/wp-content\\\/uploads\\\/2022\\\/01\\\/futsal-tkd-7-frame-8399-20220121194348.png\",\"articleSection\":[\"\u0160port\"],\"inLanguage\":\"hr\"},{\"@type\":\"WebPage\",\"@id\":\"https:\\\/\\\/radioljubuski.ba\\\/index.php\\\/2022\\\/01\\\/25\\\/hrvatska-danas-protiv-rusije-uzivo-na-hrt-u\\\/\",\"url\":\"https:\\\/\\\/radioljubuski.ba\\\/index.php\\\/2022\\\/01\\\/25\\\/hrvatska-danas-protiv-rusije-uzivo-na-hrt-u\\\/\",\"name\":\"Hrvatska danas protiv Rusije u\u017eivo na HRT-u - RADIO LJUBU\u0160KI\",\"isPartOf\":{\"@id\":\"https:\\\/\\\/radioljubuski.ba\\\/#website\"},\"primaryImageOfPage\":{\"@id\":\"https:\\\/\\\/radioljubuski.ba\\\/index.php\\\/2022\\\/01\\\/25\\\/hrvatska-danas-protiv-rusije-uzivo-na-hrt-u\\\/#primaryimage\"},\"image\":{\"@id\":\"https:\\\/\\\/radioljubuski.ba\\\/index.php\\\/2022\\\/01\\\/25\\\/hrvatska-danas-protiv-rusije-uzivo-na-hrt-u\\\/#primaryimage\"},\"thumbnailUrl\":\"https:\\\/\\\/radioljubuski.ba\\\/wp-content\\\/uploads\\\/2022\\\/01\\\/futsal-tkd-7-frame-8399-20220121194348.png\",\"datePublished\":\"2022-01-25T10:52:54+00:00\",\"dateModified\":\"2022-01-25T10:52:55+00:00\",\"breadcrumb\":{\"@id\":\"https:\\\/\\\/radioljubuski.ba\\\/index.php\\\/2022\\\/01\\\/25\\\/hrvatska-danas-protiv-rusije-uzivo-na-hrt-u\\\/#breadcrumb\"},\"inLanguage\":\"hr\",\"potentialAction\":[{\"@type\":\"ReadAction\",\"target\":[\"https:\\\/\\\/radioljubuski.ba\\\/index.php\\\/2022\\\/01\\\/25\\\/hrvatska-danas-protiv-rusije-uzivo-na-hrt-u\\\/\"]}]},{\"@type\":\"ImageObject\",\"inLanguage\":\"hr\",\"@id\":\"https:\\\/\\\/radioljubuski.ba\\\/index.php\\\/2022\\\/01\\\/25\\\/hrvatska-danas-protiv-rusije-uzivo-na-hrt-u\\\/#primaryimage\",\"url\":\"https:\\\/\\\/radioljubuski.ba\\\/wp-content\\\/uploads\\\/2022\\\/01\\\/futsal-tkd-7-frame-8399-20220121194348.png\",\"contentUrl\":\"https:\\\/\\\/radioljubuski.ba\\\/wp-content\\\/uploads\\\/2022\\\/01\\\/futsal-tkd-7-frame-8399-20220121194348.png\",\"width\":1920,\"height\":1080},{\"@type\":\"BreadcrumbList\",\"@id\":\"https:\\\/\\\/radioljubuski.ba\\\/index.php\\\/2022\\\/01\\\/25\\\/hrvatska-danas-protiv-rusije-uzivo-na-hrt-u\\\/#breadcrumb\",\"itemListElement\":[{\"@type\":\"ListItem\",\"position\":1,\"name\":\"Po\u010detna stranica\",\"item\":\"https:\\\/\\\/radioljubuski.ba\\\/\"},{\"@type\":\"ListItem\",\"position\":2,\"name\":\"Hrvatska danas protiv Rusije u\u017eivo na HRT-u\"}]},{\"@type\":\"WebSite\",\"@id\":\"https:\\\/\\\/radioljubuski.ba\\\/#website\",\"url\":\"https:\\\/\\\/radioljubuski.ba\\\/\",\"name\":\"Radio Ljubu\u0161ki\",\"description\":\"Sun\u010dana frekvencija Hercegovine\",\"publisher\":{\"@id\":\"https:\\\/\\\/radioljubuski.ba\\\/#organization\"},\"potentialAction\":[{\"@type\":\"SearchAction\",\"target\":{\"@type\":\"EntryPoint\",\"urlTemplate\":\"https:\\\/\\\/radioljubuski.ba\\\/?s={search_term_string}\"},\"query-input\":{\"@type\":\"PropertyValueSpecification\",\"valueRequired\":true,\"valueName\":\"search_term_string\"}}],\"inLanguage\":\"hr\"},{\"@type\":\"Organization\",\"@id\":\"https:\\\/\\\/radioljubuski.ba\\\/#organization\",\"name\":\"Radio Ljubu\u0161ki\",\"url\":\"https:\\\/\\\/radioljubuski.ba\\\/\",\"logo\":{\"@type\":\"ImageObject\",\"inLanguage\":\"hr\",\"@id\":\"https:\\\/\\\/radioljubuski.ba\\\/#\\\/schema\\\/logo\\\/image\\\/\",\"url\":\"https:\\\/\\\/radioljubuski.ba\\\/wp-content\\\/uploads\\\/2021\\\/02\\\/cropped-Radio_Ljubuski_logo1.jpg\",\"contentUrl\":\"https:\\\/\\\/radioljubuski.ba\\\/wp-content\\\/uploads\\\/2021\\\/02\\\/cropped-Radio_Ljubuski_logo1.jpg\",\"width\":512,\"height\":512,\"caption\":\"Radio Ljubu\u0161ki\"},\"image\":{\"@id\":\"https:\\\/\\\/radioljubuski.ba\\\/#\\\/schema\\\/logo\\\/image\\\/\"},\"sameAs\":[\"https:\\\/\\\/www.facebook.com\\\/Radiio-Ljubuski-1490835324566332\",\"https:\\\/\\\/x.com\\\/radioljubuski\",\"https:\\\/\\\/hr.linkedin.com\\\/company\\\/radio-ljubuski\",\"https:\\\/\\\/www.youtube.com\\\/channel\\\/UCHYaeO_n0Db3tjNGudGpXyw\"]},{\"@type\":\"Person\",\"@id\":\"https:\\\/\\\/radioljubuski.ba\\\/#\\\/schema\\\/person\\\/19fc700381a780f69665d7956c469e3b\",\"name\":\"Radio Ljubu\u0161ki\"}]}<\/script>\n<!-- \/ Yoast SEO plugin. -->","yoast_head_json":{"title":"Hrvatska danas protiv Rusije u\u017eivo na HRT-u - RADIO LJUBU\u0160KI","robots":{"index":"index","follow":"follow","max-snippet":"max-snippet:-1","max-image-preview":"max-image-preview:large","max-video-preview":"max-video-preview:-1"},"canonical":"https:\/\/radioljubuski.ba\/index.php\/2022\/01\/25\/hrvatska-danas-protiv-rusije-uzivo-na-hrt-u\/","og_locale":"hr_HR","og_type":"article","og_title":"Hrvatska danas protiv Rusije u\u017eivo na HRT-u - RADIO LJUBU\u0160KI","og_description":"Nakon pobjede nad Poljskom 3:1, hrvatsku futsal reprezentaciju \u010deka drugi nastup na Europskom prvenstvu. Protivnik je Rusija, koja je u prvome kolu uvjerljivo svladala Slova\u010dku &#8211; 7:1. Susret je na rasporedu od 17.30 uz prijenos na Drugom programu HTV-a i na\u0161em portalu. Druga utakmica u skupini C izme\u0111u Poljske i Slova\u010dke po\u010dinje u 20.30 sati. [&hellip;]","og_url":"https:\/\/radioljubuski.ba\/index.php\/2022\/01\/25\/hrvatska-danas-protiv-rusije-uzivo-na-hrt-u\/","og_site_name":"RADIO LJUBU\u0160KI","article_publisher":"https:\/\/www.facebook.com\/Radiio-Ljubuski-1490835324566332","article_published_time":"2022-01-25T10:52:54+00:00","article_modified_time":"2022-01-25T10:52:55+00:00","og_image":[{"width":1920,"height":1080,"url":"https:\/\/radioljubuski.ba\/wp-content\/uploads\/2022\/01\/futsal-tkd-7-frame-8399-20220121194348.png","type":"image\/png"}],"author":"Radio Ljubu\u0161ki","twitter_card":"summary_large_image","twitter_creator":"@radioljubuski","twitter_site":"@radioljubuski","twitter_misc":{"Napisao\/la":"Radio Ljubu\u0161ki","Procijenjeno vrijeme \u010ditanja":"2 minute"},"schema":{"@context":"https:\/\/schema.org","@graph":[{"@type":"Article","@id":"https:\/\/radioljubuski.ba\/index.php\/2022\/01\/25\/hrvatska-danas-protiv-rusije-uzivo-na-hrt-u\/#article","isPartOf":{"@id":"https:\/\/radioljubuski.ba\/index.php\/2022\/01\/25\/hrvatska-danas-protiv-rusije-uzivo-na-hrt-u\/"},"author":{"name":"Radio Ljubu\u0161ki","@id":"https:\/\/radioljubuski.ba\/#\/schema\/person\/19fc700381a780f69665d7956c469e3b"},"headline":"Hrvatska danas protiv Rusije u\u017eivo na HRT-u","datePublished":"2022-01-25T10:52:54+00:00","dateModified":"2022-01-25T10:52:55+00:00","mainEntityOfPage":{"@id":"https:\/\/radioljubuski.ba\/index.php\/2022\/01\/25\/hrvatska-danas-protiv-rusije-uzivo-na-hrt-u\/"},"wordCount":316,"publisher":{"@id":"https:\/\/radioljubuski.ba\/#organization"},"image":{"@id":"https:\/\/radioljubuski.ba\/index.php\/2022\/01\/25\/hrvatska-danas-protiv-rusije-uzivo-na-hrt-u\/#primaryimage"},"thumbnailUrl":"https:\/\/radioljubuski.ba\/wp-content\/uploads\/2022\/01\/futsal-tkd-7-frame-8399-20220121194348.png","articleSection":["\u0160port"],"inLanguage":"hr"},{"@type":"WebPage","@id":"https:\/\/radioljubuski.ba\/index.php\/2022\/01\/25\/hrvatska-danas-protiv-rusije-uzivo-na-hrt-u\/","url":"https:\/\/radioljubuski.ba\/index.php\/2022\/01\/25\/hrvatska-danas-protiv-rusije-uzivo-na-hrt-u\/","name":"Hrvatska danas protiv Rusije u\u017eivo na HRT-u - RADIO LJUBU\u0160KI","isPartOf":{"@id":"https:\/\/radioljubuski.ba\/#website"},"primaryImageOfPage":{"@id":"https:\/\/radioljubuski.ba\/index.php\/2022\/01\/25\/hrvatska-danas-protiv-rusije-uzivo-na-hrt-u\/#primaryimage"},"image":{"@id":"https:\/\/radioljubuski.ba\/index.php\/2022\/01\/25\/hrvatska-danas-protiv-rusije-uzivo-na-hrt-u\/#primaryimage"},"thumbnailUrl":"https:\/\/radioljubuski.ba\/wp-content\/uploads\/2022\/01\/futsal-tkd-7-frame-8399-20220121194348.png","datePublished":"2022-01-25T10:52:54+00:00","dateModified":"2022-01-25T10:52:55+00:00","breadcrumb":{"@id":"https:\/\/radioljubuski.ba\/index.php\/2022\/01\/25\/hrvatska-danas-protiv-rusije-uzivo-na-hrt-u\/#breadcrumb"},"inLanguage":"hr","potentialAction":[{"@type":"ReadAction","target":["https:\/\/radioljubuski.ba\/index.php\/2022\/01\/25\/hrvatska-danas-protiv-rusije-uzivo-na-hrt-u\/"]}]},{"@type":"ImageObject","inLanguage":"hr","@id":"https:\/\/radioljubuski.ba\/index.php\/2022\/01\/25\/hrvatska-danas-protiv-rusije-uzivo-na-hrt-u\/#primaryimage","url":"https:\/\/radioljubuski.ba\/wp-content\/uploads\/2022\/01\/futsal-tkd-7-frame-8399-20220121194348.png","contentUrl":"https:\/\/radioljubuski.ba\/wp-content\/uploads\/2022\/01\/futsal-tkd-7-frame-8399-20220121194348.png","width":1920,"height":1080},{"@type":"BreadcrumbList","@id":"https:\/\/radioljubuski.ba\/index.php\/2022\/01\/25\/hrvatska-danas-protiv-rusije-uzivo-na-hrt-u\/#breadcrumb","itemListElement":[{"@type":"ListItem","position":1,"name":"Po\u010detna stranica","item":"https:\/\/radioljubuski.ba\/"},{"@type":"ListItem","position":2,"name":"Hrvatska danas protiv Rusije u\u017eivo na HRT-u"}]},{"@type":"WebSite","@id":"https:\/\/radioljubuski.ba\/#website","url":"https:\/\/radioljubuski.ba\/","name":"Radio Ljubu\u0161ki","description":"Sun\u010dana frekvencija Hercegovine","publisher":{"@id":"https:\/\/radioljubuski.ba\/#organization"},"potentialAction":[{"@type":"SearchAction","target":{"@type":"EntryPoint","urlTemplate":"https:\/\/radioljubuski.ba\/?s={search_term_string}"},"query-input":{"@type":"PropertyValueSpecification","valueRequired":true,"valueName":"search_term_string"}}],"inLanguage":"hr"},{"@type":"Organization","@id":"https:\/\/radioljubuski.ba\/#organization","name":"Radio Ljubu\u0161ki","url":"https:\/\/radioljubuski.ba\/","logo":{"@type":"ImageObject","inLanguage":"hr","@id":"https:\/\/radioljubuski.ba\/#\/schema\/logo\/image\/","url":"https:\/\/radioljubuski.ba\/wp-content\/uploads\/2021\/02\/cropped-Radio_Ljubuski_logo1.jpg","contentUrl":"https:\/\/radioljubuski.ba\/wp-content\/uploads\/2021\/02\/cropped-Radio_Ljubuski_logo1.jpg","width":512,"height":512,"caption":"Radio Ljubu\u0161ki"},"image":{"@id":"https:\/\/radioljubuski.ba\/#\/schema\/logo\/image\/"},"sameAs":["https:\/\/www.facebook.com\/Radiio-Ljubuski-1490835324566332","https:\/\/x.com\/radioljubuski","https:\/\/hr.linkedin.com\/company\/radio-ljubuski","https:\/\/www.youtube.com\/channel\/UCHYaeO_n0Db3tjNGudGpXyw"]},{"@type":"Person","@id":"https:\/\/radioljubuski.ba\/#\/schema\/person\/19fc700381a780f69665d7956c469e3b","name":"Radio Ljubu\u0161ki"}]}},"_links":{"self":[{"href":"https:\/\/radioljubuski.ba\/index.php\/wp-json\/wp\/v2\/posts\/109093","targetHints":{"allow":["GET"]}}],"collection":[{"href":"https:\/\/radioljubuski.ba\/index.php\/wp-json\/wp\/v2\/posts"}],"about":[{"href":"https:\/\/radioljubuski.ba\/index.php\/wp-json\/wp\/v2\/types\/post"}],"author":[{"embeddable":true,"href":"https:\/\/radioljubuski.ba\/index.php\/wp-json\/wp\/v2\/users\/2"}],"replies":[{"embeddable":true,"href":"https:\/\/radioljubuski.ba\/index.php\/wp-json\/wp\/v2\/comments?post=109093"}],"version-history":[{"count":1,"href":"https:\/\/radioljubuski.ba\/index.php\/wp-json\/wp\/v2\/posts\/109093\/revisions"}],"predecessor-version":[{"id":109095,"href":"https:\/\/radioljubuski.ba\/index.php\/wp-json\/wp\/v2\/posts\/109093\/revisions\/109095"}],"wp:featuredmedia":[{"embeddable":true,"href":"https:\/\/radioljubuski.ba\/index.php\/wp-json\/wp\/v2\/media\/109094"}],"wp:attachment":[{"href":"https:\/\/radioljubuski.ba\/index.php\/wp-json\/wp\/v2\/media?parent=109093"}],"wp:term":[{"taxonomy":"category","embeddable":true,"href":"https:\/\/radioljubuski.ba\/index.php\/wp-json\/wp\/v2\/categories?post=109093"},{"taxonomy":"post_tag","embeddable":true,"href":"https:\/\/radioljubuski.ba\/index.php\/wp-json\/wp\/v2\/tags?post=109093"}],"curies":[{"name":"wp","href":"https:\/\/api.w.org\/{rel}","templated":true}]}}