{"id":1091,"date":"2021-03-04T09:28:29","date_gmt":"2021-03-04T09:28:29","guid":{"rendered":"https:\/\/radioljubuski.ba\/?p=1091"},"modified":"2021-03-04T09:28:29","modified_gmt":"2021-03-04T09:28:29","slug":"svedska-u-potencijalnom-teroristickom-cinu-ozlijedeno-najmanje-osmero-ljudi","status":"publish","type":"post","link":"https:\/\/radioljubuski.ba\/index.php\/2021\/03\/04\/svedska-u-potencijalnom-teroristickom-cinu-ozlijedeno-najmanje-osmero-ljudi\/","title":{"rendered":"\u0160vedska: U potencijalnom &#8220;teroristi\u010dkom \u010dinu&#8221; ozlije\u0111eno najmanje osmero ljudi"},"content":{"rendered":"\n<p>\u0160vedska policija istra\u017euje napad u kojem je ozlije\u0111eno najmanje osmero ljudi kao mogu\u0107 teroristi\u010dki \u010din, a napada\u010d je uhi\u0107en nakon ranjavanja.<\/p>\n\n\n\n<p>Neke od \u017ertava su u te\u0161kom stanju, a napada\u010d, u dvadesetim godinama, hospitaliziran je nakon uhi\u0107enja, objavio je glasnogovornik policije. Napad se dogodio u gradu Vetlandi, s oko 13 tisu\u0107a stanovnika, koji se nalazi oko 340 kilometara ju\u017eno od Stockholma.<br><br>Osumnji\u010deni je ranije bio poznat policiji zbog lak\u0161ih zlo\u010dina, dodao je glasnogovornik, a \u0161vedski mediji prenose kako je bio naoru\u017ean sjekirom.<br><br>Policija je objavila da je situacija pod kontrolom i da nema znakova da je u incidentu sudjelovalo jo\u0161 ljudi.<br><br>\u0160vedski premijer<strong>\u00a0Stefan Lofven<\/strong>\u00a0osudio je napad i poru\u010dio kako se protiv takvih gnjusnih \u010dinova treba suprotstaviti zajedni\u010dkim snagama dru\u0161tva.\u00a0<\/p>\n\n\n\n<p><strong>Izvor: HRT<\/strong><\/p>\n","protected":false},"excerpt":{"rendered":"<p>\u0160vedska policija istra\u017euje napad u kojem je ozlije\u0111eno najmanje osmero ljudi kao mogu\u0107 teroristi\u010dki \u010din, a napada\u010d je uhi\u0107en nakon ranjavanja. Neke od \u017ertava su u te\u0161kom stanju, a napada\u010d, u dvadesetim godinama, hospitaliziran je nakon uhi\u0107enja, objavio je glasnogovornik policije. Napad se dogodio u gradu Vetlandi, s oko 13 tisu\u0107a stanovnika, koji se nalazi [&hellip;]<\/p>\n","protected":false},"author":2,"featured_media":1092,"comment_status":"closed","ping_status":"closed","sticky":false,"template":"","format":"standard","meta":{"h5ap_radio_sources":[],"footnotes":""},"categories":[1],"tags":[],"class_list":["post-1091","post","type-post","status-publish","format-standard","has-post-thumbnail","hentry","category-bihiregija"],"yoast_head":"<!-- This site is optimized with the Yoast SEO plugin v27.5 - https:\/\/yoast.com\/product\/yoast-seo-wordpress\/ -->\n<title>\u0160vedska: U potencijalnom &quot;teroristi\u010dkom \u010dinu&quot; ozlije\u0111eno najmanje osmero ljudi - RADIO LJUBU\u0160KI<\/title>\n<meta name=\"robots\" content=\"index, follow, max-snippet:-1, max-image-preview:large, max-video-preview:-1\" \/>\n<link rel=\"canonical\" href=\"https:\/\/radioljubuski.ba\/index.php\/2021\/03\/04\/svedska-u-potencijalnom-teroristickom-cinu-ozlijedeno-najmanje-osmero-ljudi\/\" \/>\n<meta property=\"og:locale\" content=\"hr_HR\" \/>\n<meta property=\"og:type\" content=\"article\" \/>\n<meta property=\"og:title\" content=\"\u0160vedska: U potencijalnom &quot;teroristi\u010dkom \u010dinu&quot; ozlije\u0111eno najmanje osmero ljudi - RADIO LJUBU\u0160KI\" \/>\n<meta property=\"og:description\" content=\"\u0160vedska policija istra\u017euje napad u kojem je ozlije\u0111eno najmanje osmero ljudi kao mogu\u0107 teroristi\u010dki \u010din, a napada\u010d je uhi\u0107en nakon ranjavanja. Neke od \u017ertava su u te\u0161kom stanju, a napada\u010d, u dvadesetim godinama, hospitaliziran je nakon uhi\u0107enja, objavio je glasnogovornik policije. Napad se dogodio u gradu Vetlandi, s oko 13 tisu\u0107a stanovnika, koji se nalazi [&hellip;]\" \/>\n<meta property=\"og:url\" content=\"https:\/\/radioljubuski.ba\/index.php\/2021\/03\/04\/svedska-u-potencijalnom-teroristickom-cinu-ozlijedeno-najmanje-osmero-ljudi\/\" \/>\n<meta property=\"og:site_name\" content=\"RADIO LJUBU\u0160KI\" \/>\n<meta property=\"article:publisher\" content=\"https:\/\/www.facebook.com\/Radiio-Ljubuski-1490835324566332\" \/>\n<meta property=\"article:published_time\" content=\"2021-03-04T09:28:29+00:00\" \/>\n<meta property=\"og:image\" content=\"https:\/\/radioljubuski.ba\/wp-content\/uploads\/2021\/03\/policija-svedska.jpg\" \/>\n\t<meta property=\"og:image:width\" content=\"624\" \/>\n\t<meta property=\"og:image:height\" content=\"327\" \/>\n\t<meta property=\"og:image:type\" content=\"image\/jpeg\" \/>\n<meta name=\"author\" content=\"Radio Ljubu\u0161ki\" \/>\n<meta name=\"twitter:card\" content=\"summary_large_image\" \/>\n<meta name=\"twitter:creator\" content=\"@radioljubuski\" \/>\n<meta name=\"twitter:site\" content=\"@radioljubuski\" \/>\n<meta name=\"twitter:label1\" content=\"Napisao\/la\" \/>\n\t<meta name=\"twitter:data1\" content=\"Radio Ljubu\u0161ki\" \/>\n\t<meta name=\"twitter:label2\" content=\"Procijenjeno vrijeme \u010ditanja\" \/>\n\t<meta name=\"twitter:data2\" content=\"1 minuta\" \/>\n<script type=\"application\/ld+json\" class=\"yoast-schema-graph\">{\"@context\":\"https:\\\/\\\/schema.org\",\"@graph\":[{\"@type\":\"Article\",\"@id\":\"https:\\\/\\\/radioljubuski.ba\\\/index.php\\\/2021\\\/03\\\/04\\\/svedska-u-potencijalnom-teroristickom-cinu-ozlijedeno-najmanje-osmero-ljudi\\\/#article\",\"isPartOf\":{\"@id\":\"https:\\\/\\\/radioljubuski.ba\\\/index.php\\\/2021\\\/03\\\/04\\\/svedska-u-potencijalnom-teroristickom-cinu-ozlijedeno-najmanje-osmero-ljudi\\\/\"},\"author\":{\"name\":\"Radio Ljubu\u0161ki\",\"@id\":\"https:\\\/\\\/radioljubuski.ba\\\/#\\\/schema\\\/person\\\/19fc700381a780f69665d7956c469e3b\"},\"headline\":\"\u0160vedska: U potencijalnom &#8220;teroristi\u010dkom \u010dinu&#8221; ozlije\u0111eno najmanje osmero ljudi\",\"datePublished\":\"2021-03-04T09:28:29+00:00\",\"mainEntityOfPage\":{\"@id\":\"https:\\\/\\\/radioljubuski.ba\\\/index.php\\\/2021\\\/03\\\/04\\\/svedska-u-potencijalnom-teroristickom-cinu-ozlijedeno-najmanje-osmero-ljudi\\\/\"},\"wordCount\":147,\"publisher\":{\"@id\":\"https:\\\/\\\/radioljubuski.ba\\\/#organization\"},\"image\":{\"@id\":\"https:\\\/\\\/radioljubuski.ba\\\/index.php\\\/2021\\\/03\\\/04\\\/svedska-u-potencijalnom-teroristickom-cinu-ozlijedeno-najmanje-osmero-ljudi\\\/#primaryimage\"},\"thumbnailUrl\":\"https:\\\/\\\/radioljubuski.ba\\\/wp-content\\\/uploads\\\/2021\\\/03\\\/policija-svedska.jpg\",\"articleSection\":[\"BIH i regija\"],\"inLanguage\":\"hr\"},{\"@type\":\"WebPage\",\"@id\":\"https:\\\/\\\/radioljubuski.ba\\\/index.php\\\/2021\\\/03\\\/04\\\/svedska-u-potencijalnom-teroristickom-cinu-ozlijedeno-najmanje-osmero-ljudi\\\/\",\"url\":\"https:\\\/\\\/radioljubuski.ba\\\/index.php\\\/2021\\\/03\\\/04\\\/svedska-u-potencijalnom-teroristickom-cinu-ozlijedeno-najmanje-osmero-ljudi\\\/\",\"name\":\"\u0160vedska: U potencijalnom \\\"teroristi\u010dkom \u010dinu\\\" ozlije\u0111eno najmanje osmero ljudi - RADIO LJUBU\u0160KI\",\"isPartOf\":{\"@id\":\"https:\\\/\\\/radioljubuski.ba\\\/#website\"},\"primaryImageOfPage\":{\"@id\":\"https:\\\/\\\/radioljubuski.ba\\\/index.php\\\/2021\\\/03\\\/04\\\/svedska-u-potencijalnom-teroristickom-cinu-ozlijedeno-najmanje-osmero-ljudi\\\/#primaryimage\"},\"image\":{\"@id\":\"https:\\\/\\\/radioljubuski.ba\\\/index.php\\\/2021\\\/03\\\/04\\\/svedska-u-potencijalnom-teroristickom-cinu-ozlijedeno-najmanje-osmero-ljudi\\\/#primaryimage\"},\"thumbnailUrl\":\"https:\\\/\\\/radioljubuski.ba\\\/wp-content\\\/uploads\\\/2021\\\/03\\\/policija-svedska.jpg\",\"datePublished\":\"2021-03-04T09:28:29+00:00\",\"breadcrumb\":{\"@id\":\"https:\\\/\\\/radioljubuski.ba\\\/index.php\\\/2021\\\/03\\\/04\\\/svedska-u-potencijalnom-teroristickom-cinu-ozlijedeno-najmanje-osmero-ljudi\\\/#breadcrumb\"},\"inLanguage\":\"hr\",\"potentialAction\":[{\"@type\":\"ReadAction\",\"target\":[\"https:\\\/\\\/radioljubuski.ba\\\/index.php\\\/2021\\\/03\\\/04\\\/svedska-u-potencijalnom-teroristickom-cinu-ozlijedeno-najmanje-osmero-ljudi\\\/\"]}]},{\"@type\":\"ImageObject\",\"inLanguage\":\"hr\",\"@id\":\"https:\\\/\\\/radioljubuski.ba\\\/index.php\\\/2021\\\/03\\\/04\\\/svedska-u-potencijalnom-teroristickom-cinu-ozlijedeno-najmanje-osmero-ljudi\\\/#primaryimage\",\"url\":\"https:\\\/\\\/radioljubuski.ba\\\/wp-content\\\/uploads\\\/2021\\\/03\\\/policija-svedska.jpg\",\"contentUrl\":\"https:\\\/\\\/radioljubuski.ba\\\/wp-content\\\/uploads\\\/2021\\\/03\\\/policija-svedska.jpg\",\"width\":624,\"height\":327},{\"@type\":\"BreadcrumbList\",\"@id\":\"https:\\\/\\\/radioljubuski.ba\\\/index.php\\\/2021\\\/03\\\/04\\\/svedska-u-potencijalnom-teroristickom-cinu-ozlijedeno-najmanje-osmero-ljudi\\\/#breadcrumb\",\"itemListElement\":[{\"@type\":\"ListItem\",\"position\":1,\"name\":\"Po\u010detna stranica\",\"item\":\"https:\\\/\\\/radioljubuski.ba\\\/\"},{\"@type\":\"ListItem\",\"position\":2,\"name\":\"\u0160vedska: U potencijalnom &#8220;teroristi\u010dkom \u010dinu&#8221; ozlije\u0111eno najmanje osmero ljudi\"}]},{\"@type\":\"WebSite\",\"@id\":\"https:\\\/\\\/radioljubuski.ba\\\/#website\",\"url\":\"https:\\\/\\\/radioljubuski.ba\\\/\",\"name\":\"Radio Ljubu\u0161ki\",\"description\":\"Sun\u010dana frekvencija Hercegovine\",\"publisher\":{\"@id\":\"https:\\\/\\\/radioljubuski.ba\\\/#organization\"},\"potentialAction\":[{\"@type\":\"SearchAction\",\"target\":{\"@type\":\"EntryPoint\",\"urlTemplate\":\"https:\\\/\\\/radioljubuski.ba\\\/?s={search_term_string}\"},\"query-input\":{\"@type\":\"PropertyValueSpecification\",\"valueRequired\":true,\"valueName\":\"search_term_string\"}}],\"inLanguage\":\"hr\"},{\"@type\":\"Organization\",\"@id\":\"https:\\\/\\\/radioljubuski.ba\\\/#organization\",\"name\":\"Radio Ljubu\u0161ki\",\"url\":\"https:\\\/\\\/radioljubuski.ba\\\/\",\"logo\":{\"@type\":\"ImageObject\",\"inLanguage\":\"hr\",\"@id\":\"https:\\\/\\\/radioljubuski.ba\\\/#\\\/schema\\\/logo\\\/image\\\/\",\"url\":\"https:\\\/\\\/radioljubuski.ba\\\/wp-content\\\/uploads\\\/2021\\\/02\\\/cropped-Radio_Ljubuski_logo1.jpg\",\"contentUrl\":\"https:\\\/\\\/radioljubuski.ba\\\/wp-content\\\/uploads\\\/2021\\\/02\\\/cropped-Radio_Ljubuski_logo1.jpg\",\"width\":512,\"height\":512,\"caption\":\"Radio Ljubu\u0161ki\"},\"image\":{\"@id\":\"https:\\\/\\\/radioljubuski.ba\\\/#\\\/schema\\\/logo\\\/image\\\/\"},\"sameAs\":[\"https:\\\/\\\/www.facebook.com\\\/Radiio-Ljubuski-1490835324566332\",\"https:\\\/\\\/x.com\\\/radioljubuski\",\"https:\\\/\\\/hr.linkedin.com\\\/company\\\/radio-ljubuski\",\"https:\\\/\\\/www.youtube.com\\\/channel\\\/UCHYaeO_n0Db3tjNGudGpXyw\"]},{\"@type\":\"Person\",\"@id\":\"https:\\\/\\\/radioljubuski.ba\\\/#\\\/schema\\\/person\\\/19fc700381a780f69665d7956c469e3b\",\"name\":\"Radio Ljubu\u0161ki\"}]}<\/script>\n<!-- \/ Yoast SEO plugin. -->","yoast_head_json":{"title":"\u0160vedska: U potencijalnom \"teroristi\u010dkom \u010dinu\" ozlije\u0111eno najmanje osmero ljudi - RADIO LJUBU\u0160KI","robots":{"index":"index","follow":"follow","max-snippet":"max-snippet:-1","max-image-preview":"max-image-preview:large","max-video-preview":"max-video-preview:-1"},"canonical":"https:\/\/radioljubuski.ba\/index.php\/2021\/03\/04\/svedska-u-potencijalnom-teroristickom-cinu-ozlijedeno-najmanje-osmero-ljudi\/","og_locale":"hr_HR","og_type":"article","og_title":"\u0160vedska: U potencijalnom \"teroristi\u010dkom \u010dinu\" ozlije\u0111eno najmanje osmero ljudi - RADIO LJUBU\u0160KI","og_description":"\u0160vedska policija istra\u017euje napad u kojem je ozlije\u0111eno najmanje osmero ljudi kao mogu\u0107 teroristi\u010dki \u010din, a napada\u010d je uhi\u0107en nakon ranjavanja. Neke od \u017ertava su u te\u0161kom stanju, a napada\u010d, u dvadesetim godinama, hospitaliziran je nakon uhi\u0107enja, objavio je glasnogovornik policije. Napad se dogodio u gradu Vetlandi, s oko 13 tisu\u0107a stanovnika, koji se nalazi [&hellip;]","og_url":"https:\/\/radioljubuski.ba\/index.php\/2021\/03\/04\/svedska-u-potencijalnom-teroristickom-cinu-ozlijedeno-najmanje-osmero-ljudi\/","og_site_name":"RADIO LJUBU\u0160KI","article_publisher":"https:\/\/www.facebook.com\/Radiio-Ljubuski-1490835324566332","article_published_time":"2021-03-04T09:28:29+00:00","og_image":[{"width":624,"height":327,"url":"https:\/\/radioljubuski.ba\/wp-content\/uploads\/2021\/03\/policija-svedska.jpg","type":"image\/jpeg"}],"author":"Radio Ljubu\u0161ki","twitter_card":"summary_large_image","twitter_creator":"@radioljubuski","twitter_site":"@radioljubuski","twitter_misc":{"Napisao\/la":"Radio Ljubu\u0161ki","Procijenjeno vrijeme \u010ditanja":"1 minuta"},"schema":{"@context":"https:\/\/schema.org","@graph":[{"@type":"Article","@id":"https:\/\/radioljubuski.ba\/index.php\/2021\/03\/04\/svedska-u-potencijalnom-teroristickom-cinu-ozlijedeno-najmanje-osmero-ljudi\/#article","isPartOf":{"@id":"https:\/\/radioljubuski.ba\/index.php\/2021\/03\/04\/svedska-u-potencijalnom-teroristickom-cinu-ozlijedeno-najmanje-osmero-ljudi\/"},"author":{"name":"Radio Ljubu\u0161ki","@id":"https:\/\/radioljubuski.ba\/#\/schema\/person\/19fc700381a780f69665d7956c469e3b"},"headline":"\u0160vedska: U potencijalnom &#8220;teroristi\u010dkom \u010dinu&#8221; ozlije\u0111eno najmanje osmero ljudi","datePublished":"2021-03-04T09:28:29+00:00","mainEntityOfPage":{"@id":"https:\/\/radioljubuski.ba\/index.php\/2021\/03\/04\/svedska-u-potencijalnom-teroristickom-cinu-ozlijedeno-najmanje-osmero-ljudi\/"},"wordCount":147,"publisher":{"@id":"https:\/\/radioljubuski.ba\/#organization"},"image":{"@id":"https:\/\/radioljubuski.ba\/index.php\/2021\/03\/04\/svedska-u-potencijalnom-teroristickom-cinu-ozlijedeno-najmanje-osmero-ljudi\/#primaryimage"},"thumbnailUrl":"https:\/\/radioljubuski.ba\/wp-content\/uploads\/2021\/03\/policija-svedska.jpg","articleSection":["BIH i regija"],"inLanguage":"hr"},{"@type":"WebPage","@id":"https:\/\/radioljubuski.ba\/index.php\/2021\/03\/04\/svedska-u-potencijalnom-teroristickom-cinu-ozlijedeno-najmanje-osmero-ljudi\/","url":"https:\/\/radioljubuski.ba\/index.php\/2021\/03\/04\/svedska-u-potencijalnom-teroristickom-cinu-ozlijedeno-najmanje-osmero-ljudi\/","name":"\u0160vedska: U potencijalnom \"teroristi\u010dkom \u010dinu\" ozlije\u0111eno najmanje osmero ljudi - RADIO LJUBU\u0160KI","isPartOf":{"@id":"https:\/\/radioljubuski.ba\/#website"},"primaryImageOfPage":{"@id":"https:\/\/radioljubuski.ba\/index.php\/2021\/03\/04\/svedska-u-potencijalnom-teroristickom-cinu-ozlijedeno-najmanje-osmero-ljudi\/#primaryimage"},"image":{"@id":"https:\/\/radioljubuski.ba\/index.php\/2021\/03\/04\/svedska-u-potencijalnom-teroristickom-cinu-ozlijedeno-najmanje-osmero-ljudi\/#primaryimage"},"thumbnailUrl":"https:\/\/radioljubuski.ba\/wp-content\/uploads\/2021\/03\/policija-svedska.jpg","datePublished":"2021-03-04T09:28:29+00:00","breadcrumb":{"@id":"https:\/\/radioljubuski.ba\/index.php\/2021\/03\/04\/svedska-u-potencijalnom-teroristickom-cinu-ozlijedeno-najmanje-osmero-ljudi\/#breadcrumb"},"inLanguage":"hr","potentialAction":[{"@type":"ReadAction","target":["https:\/\/radioljubuski.ba\/index.php\/2021\/03\/04\/svedska-u-potencijalnom-teroristickom-cinu-ozlijedeno-najmanje-osmero-ljudi\/"]}]},{"@type":"ImageObject","inLanguage":"hr","@id":"https:\/\/radioljubuski.ba\/index.php\/2021\/03\/04\/svedska-u-potencijalnom-teroristickom-cinu-ozlijedeno-najmanje-osmero-ljudi\/#primaryimage","url":"https:\/\/radioljubuski.ba\/wp-content\/uploads\/2021\/03\/policija-svedska.jpg","contentUrl":"https:\/\/radioljubuski.ba\/wp-content\/uploads\/2021\/03\/policija-svedska.jpg","width":624,"height":327},{"@type":"BreadcrumbList","@id":"https:\/\/radioljubuski.ba\/index.php\/2021\/03\/04\/svedska-u-potencijalnom-teroristickom-cinu-ozlijedeno-najmanje-osmero-ljudi\/#breadcrumb","itemListElement":[{"@type":"ListItem","position":1,"name":"Po\u010detna stranica","item":"https:\/\/radioljubuski.ba\/"},{"@type":"ListItem","position":2,"name":"\u0160vedska: U potencijalnom &#8220;teroristi\u010dkom \u010dinu&#8221; ozlije\u0111eno najmanje osmero ljudi"}]},{"@type":"WebSite","@id":"https:\/\/radioljubuski.ba\/#website","url":"https:\/\/radioljubuski.ba\/","name":"Radio Ljubu\u0161ki","description":"Sun\u010dana frekvencija Hercegovine","publisher":{"@id":"https:\/\/radioljubuski.ba\/#organization"},"potentialAction":[{"@type":"SearchAction","target":{"@type":"EntryPoint","urlTemplate":"https:\/\/radioljubuski.ba\/?s={search_term_string}"},"query-input":{"@type":"PropertyValueSpecification","valueRequired":true,"valueName":"search_term_string"}}],"inLanguage":"hr"},{"@type":"Organization","@id":"https:\/\/radioljubuski.ba\/#organization","name":"Radio Ljubu\u0161ki","url":"https:\/\/radioljubuski.ba\/","logo":{"@type":"ImageObject","inLanguage":"hr","@id":"https:\/\/radioljubuski.ba\/#\/schema\/logo\/image\/","url":"https:\/\/radioljubuski.ba\/wp-content\/uploads\/2021\/02\/cropped-Radio_Ljubuski_logo1.jpg","contentUrl":"https:\/\/radioljubuski.ba\/wp-content\/uploads\/2021\/02\/cropped-Radio_Ljubuski_logo1.jpg","width":512,"height":512,"caption":"Radio Ljubu\u0161ki"},"image":{"@id":"https:\/\/radioljubuski.ba\/#\/schema\/logo\/image\/"},"sameAs":["https:\/\/www.facebook.com\/Radiio-Ljubuski-1490835324566332","https:\/\/x.com\/radioljubuski","https:\/\/hr.linkedin.com\/company\/radio-ljubuski","https:\/\/www.youtube.com\/channel\/UCHYaeO_n0Db3tjNGudGpXyw"]},{"@type":"Person","@id":"https:\/\/radioljubuski.ba\/#\/schema\/person\/19fc700381a780f69665d7956c469e3b","name":"Radio Ljubu\u0161ki"}]}},"_links":{"self":[{"href":"https:\/\/radioljubuski.ba\/index.php\/wp-json\/wp\/v2\/posts\/1091","targetHints":{"allow":["GET"]}}],"collection":[{"href":"https:\/\/radioljubuski.ba\/index.php\/wp-json\/wp\/v2\/posts"}],"about":[{"href":"https:\/\/radioljubuski.ba\/index.php\/wp-json\/wp\/v2\/types\/post"}],"author":[{"embeddable":true,"href":"https:\/\/radioljubuski.ba\/index.php\/wp-json\/wp\/v2\/users\/2"}],"replies":[{"embeddable":true,"href":"https:\/\/radioljubuski.ba\/index.php\/wp-json\/wp\/v2\/comments?post=1091"}],"version-history":[{"count":1,"href":"https:\/\/radioljubuski.ba\/index.php\/wp-json\/wp\/v2\/posts\/1091\/revisions"}],"predecessor-version":[{"id":1093,"href":"https:\/\/radioljubuski.ba\/index.php\/wp-json\/wp\/v2\/posts\/1091\/revisions\/1093"}],"wp:featuredmedia":[{"embeddable":true,"href":"https:\/\/radioljubuski.ba\/index.php\/wp-json\/wp\/v2\/media\/1092"}],"wp:attachment":[{"href":"https:\/\/radioljubuski.ba\/index.php\/wp-json\/wp\/v2\/media?parent=1091"}],"wp:term":[{"taxonomy":"category","embeddable":true,"href":"https:\/\/radioljubuski.ba\/index.php\/wp-json\/wp\/v2\/categories?post=1091"},{"taxonomy":"post_tag","embeddable":true,"href":"https:\/\/radioljubuski.ba\/index.php\/wp-json\/wp\/v2\/tags?post=1091"}],"curies":[{"name":"wp","href":"https:\/\/api.w.org\/{rel}","templated":true}]}}