{"id":109130,"date":"2022-01-25T12:53:47","date_gmt":"2022-01-25T11:53:47","guid":{"rendered":"https:\/\/radioljubuski.ba\/?p=109130"},"modified":"2022-01-25T12:53:48","modified_gmt":"2022-01-25T11:53:48","slug":"eu-donijela-nova-pravila-za-putovanja","status":"publish","type":"post","link":"https:\/\/radioljubuski.ba\/index.php\/2022\/01\/25\/eu-donijela-nova-pravila-za-putovanja\/","title":{"rendered":"EU donijela nova pravila za putovanja"},"content":{"rendered":"\n<p>Vije\u0107e EU usvojio je preporuku o \u201ckoordiniranom pristupu\u201d kako bi se omogu\u0107ilo sigurno kretanje tijekom pandemije COVID-19.<\/p>\n\n\n\n<p><br>Prema novim preporukama, mjere protiv COVID-19 trebaju se primjenjivati uzimaju\u0107i u obzir individualni status osobe, umjesto situacije na regionalnom nivou, s izuzetkom podru\u010dja u kojima virus cirkulira u vrlo visokim nivoima.<\/p>\n\n\n\n<p>\u201cTo zna\u010di da cijepljenje, testiranje ili status oporavka od COVID-19, kao \u0161to je potvr\u0111eno va\u017ee\u0107im digitalnim certifikatom EU o COVID-u, treba biti klju\u010dna odrednica. Ovaj pristup \u0107e zna\u010dajno pojednostaviti pravila i pru\u017eiti dodatnu jasno\u0107u i predvidljivost putnicima\u201d, navodi se u Vije\u0107u.<\/p>\n\n\n\n<p>Ova preporuka \u0107e stupiti na snagu 1. velja\u010de 2022. godine, a od tada \u0107e i covid certifikat vrijediti 270 dana.<\/p>\n\n\n\n<p>Va\u017ee\u0107i digitalni COVID certifikat podrazumijeva:<\/p>\n\n\n\n<p>\u2013 Potvrdu o cijepljenju cjepivom odobrenim na europskom nivou ako je pro\u0161lo najmanje 14 dana i ne vi\u0161e od 270 dana od posljednje doze primarne serije cijepljenja ili ako je osoba dobila booster dozu<\/p>\n\n\n\n<p>\u201cDr\u017eave \u010dlanice bi tako\u0111er mogle prihvatiti certifikate o cijepljenju za cjepiva koja su odobrile nacionalne vlasti ili SZO\u201d, navodi se u preporukama Savjeta.<\/p>\n\n\n\n<p>\u2013 Negativan rezultat PCR testa ne stariji od 72 sata ili negativan brzi antigenski test dobiven ne stariji od 24 sata<\/p>\n\n\n\n<p>\u2013 Potvrdu o oporavku koja pokazuje da nije pro\u0161lo vi\u0161e od 180 dana od datuma prvog pozitivnog rezultata testa.<\/p>\n\n\n\n<p>Od osoba koje ne posjeduju digitalni EU COVID certifikat moglo bi se zahtijevati da se podvrgnu testu prije ili najkasnije 24 sata nakon dolaska. Od ovog pravila izuzeta su djeca mla\u0111a od 12 godina, kao i putnici s esencijalnim razlogom putovanja.<\/p>\n\n\n\n<p>EU \u0107e nastaviti procjenjivati situaciju u regijama, a zadr\u017ean je i mehanizam tzv. hitne ko\u010dnice u slu\u010daju pojave novih varijanti ili poja\u010dane zabrinutosti u vezi sa \u0161irenjem virusa.<\/p>\n\n\n\n<p>Preporuke Vije\u0107a nisu pravno obvezuju\u0107e, tako da je na vlastima dr\u017eava \u010dlanica da odlu\u010de o njihovoj primjeni, prenosi <a href=\"https:\/\/hr.n1info.com\/vijesti\/eu-donijela-nova-pravila-za-putovanja-jedna-stvar-postaje-kljucna\/\" target=\"_blank\" rel=\"noreferrer noopener\">N1<\/a><\/p>\n\n\n\n<p>Izvor:N1<\/p>\n","protected":false},"excerpt":{"rendered":"<p>Vije\u0107e EU usvojio je preporuku o \u201ckoordiniranom pristupu\u201d kako bi se omogu\u0107ilo sigurno kretanje tijekom pandemije COVID-19. Prema novim preporukama, mjere protiv COVID-19 trebaju se primjenjivati uzimaju\u0107i u obzir individualni status osobe, umjesto situacije na regionalnom nivou, s izuzetkom podru\u010dja u kojima virus cirkulira u vrlo visokim nivoima. \u201cTo zna\u010di da cijepljenje, testiranje ili status [&hellip;]<\/p>\n","protected":false},"author":2,"featured_media":36949,"comment_status":"closed","ping_status":"closed","sticky":false,"template":"","format":"standard","meta":{"h5ap_radio_sources":[],"footnotes":""},"categories":[1],"tags":[],"class_list":["post-109130","post","type-post","status-publish","format-standard","has-post-thumbnail","hentry","category-bihiregija"],"yoast_head":"<!-- This site is optimized with the Yoast SEO plugin v27.5 - https:\/\/yoast.com\/product\/yoast-seo-wordpress\/ -->\n<title>EU donijela nova pravila za putovanja - RADIO LJUBU\u0160KI<\/title>\n<meta name=\"robots\" content=\"index, follow, max-snippet:-1, max-image-preview:large, max-video-preview:-1\" \/>\n<link rel=\"canonical\" href=\"https:\/\/radioljubuski.ba\/index.php\/2022\/01\/25\/eu-donijela-nova-pravila-za-putovanja\/\" \/>\n<meta property=\"og:locale\" content=\"hr_HR\" \/>\n<meta property=\"og:type\" content=\"article\" \/>\n<meta property=\"og:title\" content=\"EU donijela nova pravila za putovanja - RADIO LJUBU\u0160KI\" \/>\n<meta property=\"og:description\" content=\"Vije\u0107e EU usvojio je preporuku o \u201ckoordiniranom pristupu\u201d kako bi se omogu\u0107ilo sigurno kretanje tijekom pandemije COVID-19. Prema novim preporukama, mjere protiv COVID-19 trebaju se primjenjivati uzimaju\u0107i u obzir individualni status osobe, umjesto situacije na regionalnom nivou, s izuzetkom podru\u010dja u kojima virus cirkulira u vrlo visokim nivoima. \u201cTo zna\u010di da cijepljenje, testiranje ili status [&hellip;]\" \/>\n<meta property=\"og:url\" content=\"https:\/\/radioljubuski.ba\/index.php\/2022\/01\/25\/eu-donijela-nova-pravila-za-putovanja\/\" \/>\n<meta property=\"og:site_name\" content=\"RADIO LJUBU\u0160KI\" \/>\n<meta property=\"article:publisher\" content=\"https:\/\/www.facebook.com\/Radiio-Ljubuski-1490835324566332\" \/>\n<meta property=\"article:published_time\" content=\"2022-01-25T11:53:47+00:00\" \/>\n<meta property=\"article:modified_time\" content=\"2022-01-25T11:53:48+00:00\" \/>\n<meta property=\"og:image\" content=\"https:\/\/radioljubuski.ba\/wp-content\/uploads\/2021\/06\/hys9TjzJ_61386826_putovanje.jpg\" \/>\n\t<meta property=\"og:image:width\" content=\"1000\" \/>\n\t<meta property=\"og:image:height\" content=\"625\" \/>\n\t<meta property=\"og:image:type\" content=\"image\/jpeg\" \/>\n<meta name=\"author\" content=\"Radio Ljubu\u0161ki\" \/>\n<meta name=\"twitter:card\" content=\"summary_large_image\" \/>\n<meta name=\"twitter:creator\" content=\"@radioljubuski\" \/>\n<meta name=\"twitter:site\" content=\"@radioljubuski\" \/>\n<meta name=\"twitter:label1\" content=\"Napisao\/la\" \/>\n\t<meta name=\"twitter:data1\" content=\"Radio Ljubu\u0161ki\" \/>\n\t<meta name=\"twitter:label2\" content=\"Procijenjeno vrijeme \u010ditanja\" \/>\n\t<meta name=\"twitter:data2\" content=\"2 minute\" \/>\n<script type=\"application\/ld+json\" class=\"yoast-schema-graph\">{\"@context\":\"https:\\\/\\\/schema.org\",\"@graph\":[{\"@type\":\"Article\",\"@id\":\"https:\\\/\\\/radioljubuski.ba\\\/index.php\\\/2022\\\/01\\\/25\\\/eu-donijela-nova-pravila-za-putovanja\\\/#article\",\"isPartOf\":{\"@id\":\"https:\\\/\\\/radioljubuski.ba\\\/index.php\\\/2022\\\/01\\\/25\\\/eu-donijela-nova-pravila-za-putovanja\\\/\"},\"author\":{\"name\":\"Radio Ljubu\u0161ki\",\"@id\":\"https:\\\/\\\/radioljubuski.ba\\\/#\\\/schema\\\/person\\\/19fc700381a780f69665d7956c469e3b\"},\"headline\":\"EU donijela nova pravila za putovanja\",\"datePublished\":\"2022-01-25T11:53:47+00:00\",\"dateModified\":\"2022-01-25T11:53:48+00:00\",\"mainEntityOfPage\":{\"@id\":\"https:\\\/\\\/radioljubuski.ba\\\/index.php\\\/2022\\\/01\\\/25\\\/eu-donijela-nova-pravila-za-putovanja\\\/\"},\"wordCount\":325,\"publisher\":{\"@id\":\"https:\\\/\\\/radioljubuski.ba\\\/#organization\"},\"image\":{\"@id\":\"https:\\\/\\\/radioljubuski.ba\\\/index.php\\\/2022\\\/01\\\/25\\\/eu-donijela-nova-pravila-za-putovanja\\\/#primaryimage\"},\"thumbnailUrl\":\"https:\\\/\\\/radioljubuski.ba\\\/wp-content\\\/uploads\\\/2021\\\/06\\\/hys9TjzJ_61386826_putovanje.jpg\",\"articleSection\":[\"BIH i regija\"],\"inLanguage\":\"hr\"},{\"@type\":\"WebPage\",\"@id\":\"https:\\\/\\\/radioljubuski.ba\\\/index.php\\\/2022\\\/01\\\/25\\\/eu-donijela-nova-pravila-za-putovanja\\\/\",\"url\":\"https:\\\/\\\/radioljubuski.ba\\\/index.php\\\/2022\\\/01\\\/25\\\/eu-donijela-nova-pravila-za-putovanja\\\/\",\"name\":\"EU donijela nova pravila za putovanja - RADIO LJUBU\u0160KI\",\"isPartOf\":{\"@id\":\"https:\\\/\\\/radioljubuski.ba\\\/#website\"},\"primaryImageOfPage\":{\"@id\":\"https:\\\/\\\/radioljubuski.ba\\\/index.php\\\/2022\\\/01\\\/25\\\/eu-donijela-nova-pravila-za-putovanja\\\/#primaryimage\"},\"image\":{\"@id\":\"https:\\\/\\\/radioljubuski.ba\\\/index.php\\\/2022\\\/01\\\/25\\\/eu-donijela-nova-pravila-za-putovanja\\\/#primaryimage\"},\"thumbnailUrl\":\"https:\\\/\\\/radioljubuski.ba\\\/wp-content\\\/uploads\\\/2021\\\/06\\\/hys9TjzJ_61386826_putovanje.jpg\",\"datePublished\":\"2022-01-25T11:53:47+00:00\",\"dateModified\":\"2022-01-25T11:53:48+00:00\",\"breadcrumb\":{\"@id\":\"https:\\\/\\\/radioljubuski.ba\\\/index.php\\\/2022\\\/01\\\/25\\\/eu-donijela-nova-pravila-za-putovanja\\\/#breadcrumb\"},\"inLanguage\":\"hr\",\"potentialAction\":[{\"@type\":\"ReadAction\",\"target\":[\"https:\\\/\\\/radioljubuski.ba\\\/index.php\\\/2022\\\/01\\\/25\\\/eu-donijela-nova-pravila-za-putovanja\\\/\"]}]},{\"@type\":\"ImageObject\",\"inLanguage\":\"hr\",\"@id\":\"https:\\\/\\\/radioljubuski.ba\\\/index.php\\\/2022\\\/01\\\/25\\\/eu-donijela-nova-pravila-za-putovanja\\\/#primaryimage\",\"url\":\"https:\\\/\\\/radioljubuski.ba\\\/wp-content\\\/uploads\\\/2021\\\/06\\\/hys9TjzJ_61386826_putovanje.jpg\",\"contentUrl\":\"https:\\\/\\\/radioljubuski.ba\\\/wp-content\\\/uploads\\\/2021\\\/06\\\/hys9TjzJ_61386826_putovanje.jpg\",\"width\":1000,\"height\":625},{\"@type\":\"BreadcrumbList\",\"@id\":\"https:\\\/\\\/radioljubuski.ba\\\/index.php\\\/2022\\\/01\\\/25\\\/eu-donijela-nova-pravila-za-putovanja\\\/#breadcrumb\",\"itemListElement\":[{\"@type\":\"ListItem\",\"position\":1,\"name\":\"Po\u010detna stranica\",\"item\":\"https:\\\/\\\/radioljubuski.ba\\\/\"},{\"@type\":\"ListItem\",\"position\":2,\"name\":\"EU donijela nova pravila za putovanja\"}]},{\"@type\":\"WebSite\",\"@id\":\"https:\\\/\\\/radioljubuski.ba\\\/#website\",\"url\":\"https:\\\/\\\/radioljubuski.ba\\\/\",\"name\":\"Radio Ljubu\u0161ki\",\"description\":\"Sun\u010dana frekvencija Hercegovine\",\"publisher\":{\"@id\":\"https:\\\/\\\/radioljubuski.ba\\\/#organization\"},\"potentialAction\":[{\"@type\":\"SearchAction\",\"target\":{\"@type\":\"EntryPoint\",\"urlTemplate\":\"https:\\\/\\\/radioljubuski.ba\\\/?s={search_term_string}\"},\"query-input\":{\"@type\":\"PropertyValueSpecification\",\"valueRequired\":true,\"valueName\":\"search_term_string\"}}],\"inLanguage\":\"hr\"},{\"@type\":\"Organization\",\"@id\":\"https:\\\/\\\/radioljubuski.ba\\\/#organization\",\"name\":\"Radio Ljubu\u0161ki\",\"url\":\"https:\\\/\\\/radioljubuski.ba\\\/\",\"logo\":{\"@type\":\"ImageObject\",\"inLanguage\":\"hr\",\"@id\":\"https:\\\/\\\/radioljubuski.ba\\\/#\\\/schema\\\/logo\\\/image\\\/\",\"url\":\"https:\\\/\\\/radioljubuski.ba\\\/wp-content\\\/uploads\\\/2021\\\/02\\\/cropped-Radio_Ljubuski_logo1.jpg\",\"contentUrl\":\"https:\\\/\\\/radioljubuski.ba\\\/wp-content\\\/uploads\\\/2021\\\/02\\\/cropped-Radio_Ljubuski_logo1.jpg\",\"width\":512,\"height\":512,\"caption\":\"Radio Ljubu\u0161ki\"},\"image\":{\"@id\":\"https:\\\/\\\/radioljubuski.ba\\\/#\\\/schema\\\/logo\\\/image\\\/\"},\"sameAs\":[\"https:\\\/\\\/www.facebook.com\\\/Radiio-Ljubuski-1490835324566332\",\"https:\\\/\\\/x.com\\\/radioljubuski\",\"https:\\\/\\\/hr.linkedin.com\\\/company\\\/radio-ljubuski\",\"https:\\\/\\\/www.youtube.com\\\/channel\\\/UCHYaeO_n0Db3tjNGudGpXyw\"]},{\"@type\":\"Person\",\"@id\":\"https:\\\/\\\/radioljubuski.ba\\\/#\\\/schema\\\/person\\\/19fc700381a780f69665d7956c469e3b\",\"name\":\"Radio Ljubu\u0161ki\"}]}<\/script>\n<!-- \/ Yoast SEO plugin. -->","yoast_head_json":{"title":"EU donijela nova pravila za putovanja - RADIO LJUBU\u0160KI","robots":{"index":"index","follow":"follow","max-snippet":"max-snippet:-1","max-image-preview":"max-image-preview:large","max-video-preview":"max-video-preview:-1"},"canonical":"https:\/\/radioljubuski.ba\/index.php\/2022\/01\/25\/eu-donijela-nova-pravila-za-putovanja\/","og_locale":"hr_HR","og_type":"article","og_title":"EU donijela nova pravila za putovanja - RADIO LJUBU\u0160KI","og_description":"Vije\u0107e EU usvojio je preporuku o \u201ckoordiniranom pristupu\u201d kako bi se omogu\u0107ilo sigurno kretanje tijekom pandemije COVID-19. Prema novim preporukama, mjere protiv COVID-19 trebaju se primjenjivati uzimaju\u0107i u obzir individualni status osobe, umjesto situacije na regionalnom nivou, s izuzetkom podru\u010dja u kojima virus cirkulira u vrlo visokim nivoima. \u201cTo zna\u010di da cijepljenje, testiranje ili status [&hellip;]","og_url":"https:\/\/radioljubuski.ba\/index.php\/2022\/01\/25\/eu-donijela-nova-pravila-za-putovanja\/","og_site_name":"RADIO LJUBU\u0160KI","article_publisher":"https:\/\/www.facebook.com\/Radiio-Ljubuski-1490835324566332","article_published_time":"2022-01-25T11:53:47+00:00","article_modified_time":"2022-01-25T11:53:48+00:00","og_image":[{"width":1000,"height":625,"url":"https:\/\/radioljubuski.ba\/wp-content\/uploads\/2021\/06\/hys9TjzJ_61386826_putovanje.jpg","type":"image\/jpeg"}],"author":"Radio Ljubu\u0161ki","twitter_card":"summary_large_image","twitter_creator":"@radioljubuski","twitter_site":"@radioljubuski","twitter_misc":{"Napisao\/la":"Radio Ljubu\u0161ki","Procijenjeno vrijeme \u010ditanja":"2 minute"},"schema":{"@context":"https:\/\/schema.org","@graph":[{"@type":"Article","@id":"https:\/\/radioljubuski.ba\/index.php\/2022\/01\/25\/eu-donijela-nova-pravila-za-putovanja\/#article","isPartOf":{"@id":"https:\/\/radioljubuski.ba\/index.php\/2022\/01\/25\/eu-donijela-nova-pravila-za-putovanja\/"},"author":{"name":"Radio Ljubu\u0161ki","@id":"https:\/\/radioljubuski.ba\/#\/schema\/person\/19fc700381a780f69665d7956c469e3b"},"headline":"EU donijela nova pravila za putovanja","datePublished":"2022-01-25T11:53:47+00:00","dateModified":"2022-01-25T11:53:48+00:00","mainEntityOfPage":{"@id":"https:\/\/radioljubuski.ba\/index.php\/2022\/01\/25\/eu-donijela-nova-pravila-za-putovanja\/"},"wordCount":325,"publisher":{"@id":"https:\/\/radioljubuski.ba\/#organization"},"image":{"@id":"https:\/\/radioljubuski.ba\/index.php\/2022\/01\/25\/eu-donijela-nova-pravila-za-putovanja\/#primaryimage"},"thumbnailUrl":"https:\/\/radioljubuski.ba\/wp-content\/uploads\/2021\/06\/hys9TjzJ_61386826_putovanje.jpg","articleSection":["BIH i regija"],"inLanguage":"hr"},{"@type":"WebPage","@id":"https:\/\/radioljubuski.ba\/index.php\/2022\/01\/25\/eu-donijela-nova-pravila-za-putovanja\/","url":"https:\/\/radioljubuski.ba\/index.php\/2022\/01\/25\/eu-donijela-nova-pravila-za-putovanja\/","name":"EU donijela nova pravila za putovanja - RADIO LJUBU\u0160KI","isPartOf":{"@id":"https:\/\/radioljubuski.ba\/#website"},"primaryImageOfPage":{"@id":"https:\/\/radioljubuski.ba\/index.php\/2022\/01\/25\/eu-donijela-nova-pravila-za-putovanja\/#primaryimage"},"image":{"@id":"https:\/\/radioljubuski.ba\/index.php\/2022\/01\/25\/eu-donijela-nova-pravila-za-putovanja\/#primaryimage"},"thumbnailUrl":"https:\/\/radioljubuski.ba\/wp-content\/uploads\/2021\/06\/hys9TjzJ_61386826_putovanje.jpg","datePublished":"2022-01-25T11:53:47+00:00","dateModified":"2022-01-25T11:53:48+00:00","breadcrumb":{"@id":"https:\/\/radioljubuski.ba\/index.php\/2022\/01\/25\/eu-donijela-nova-pravila-za-putovanja\/#breadcrumb"},"inLanguage":"hr","potentialAction":[{"@type":"ReadAction","target":["https:\/\/radioljubuski.ba\/index.php\/2022\/01\/25\/eu-donijela-nova-pravila-za-putovanja\/"]}]},{"@type":"ImageObject","inLanguage":"hr","@id":"https:\/\/radioljubuski.ba\/index.php\/2022\/01\/25\/eu-donijela-nova-pravila-za-putovanja\/#primaryimage","url":"https:\/\/radioljubuski.ba\/wp-content\/uploads\/2021\/06\/hys9TjzJ_61386826_putovanje.jpg","contentUrl":"https:\/\/radioljubuski.ba\/wp-content\/uploads\/2021\/06\/hys9TjzJ_61386826_putovanje.jpg","width":1000,"height":625},{"@type":"BreadcrumbList","@id":"https:\/\/radioljubuski.ba\/index.php\/2022\/01\/25\/eu-donijela-nova-pravila-za-putovanja\/#breadcrumb","itemListElement":[{"@type":"ListItem","position":1,"name":"Po\u010detna stranica","item":"https:\/\/radioljubuski.ba\/"},{"@type":"ListItem","position":2,"name":"EU donijela nova pravila za putovanja"}]},{"@type":"WebSite","@id":"https:\/\/radioljubuski.ba\/#website","url":"https:\/\/radioljubuski.ba\/","name":"Radio Ljubu\u0161ki","description":"Sun\u010dana frekvencija Hercegovine","publisher":{"@id":"https:\/\/radioljubuski.ba\/#organization"},"potentialAction":[{"@type":"SearchAction","target":{"@type":"EntryPoint","urlTemplate":"https:\/\/radioljubuski.ba\/?s={search_term_string}"},"query-input":{"@type":"PropertyValueSpecification","valueRequired":true,"valueName":"search_term_string"}}],"inLanguage":"hr"},{"@type":"Organization","@id":"https:\/\/radioljubuski.ba\/#organization","name":"Radio Ljubu\u0161ki","url":"https:\/\/radioljubuski.ba\/","logo":{"@type":"ImageObject","inLanguage":"hr","@id":"https:\/\/radioljubuski.ba\/#\/schema\/logo\/image\/","url":"https:\/\/radioljubuski.ba\/wp-content\/uploads\/2021\/02\/cropped-Radio_Ljubuski_logo1.jpg","contentUrl":"https:\/\/radioljubuski.ba\/wp-content\/uploads\/2021\/02\/cropped-Radio_Ljubuski_logo1.jpg","width":512,"height":512,"caption":"Radio Ljubu\u0161ki"},"image":{"@id":"https:\/\/radioljubuski.ba\/#\/schema\/logo\/image\/"},"sameAs":["https:\/\/www.facebook.com\/Radiio-Ljubuski-1490835324566332","https:\/\/x.com\/radioljubuski","https:\/\/hr.linkedin.com\/company\/radio-ljubuski","https:\/\/www.youtube.com\/channel\/UCHYaeO_n0Db3tjNGudGpXyw"]},{"@type":"Person","@id":"https:\/\/radioljubuski.ba\/#\/schema\/person\/19fc700381a780f69665d7956c469e3b","name":"Radio Ljubu\u0161ki"}]}},"_links":{"self":[{"href":"https:\/\/radioljubuski.ba\/index.php\/wp-json\/wp\/v2\/posts\/109130","targetHints":{"allow":["GET"]}}],"collection":[{"href":"https:\/\/radioljubuski.ba\/index.php\/wp-json\/wp\/v2\/posts"}],"about":[{"href":"https:\/\/radioljubuski.ba\/index.php\/wp-json\/wp\/v2\/types\/post"}],"author":[{"embeddable":true,"href":"https:\/\/radioljubuski.ba\/index.php\/wp-json\/wp\/v2\/users\/2"}],"replies":[{"embeddable":true,"href":"https:\/\/radioljubuski.ba\/index.php\/wp-json\/wp\/v2\/comments?post=109130"}],"version-history":[{"count":1,"href":"https:\/\/radioljubuski.ba\/index.php\/wp-json\/wp\/v2\/posts\/109130\/revisions"}],"predecessor-version":[{"id":109131,"href":"https:\/\/radioljubuski.ba\/index.php\/wp-json\/wp\/v2\/posts\/109130\/revisions\/109131"}],"wp:featuredmedia":[{"embeddable":true,"href":"https:\/\/radioljubuski.ba\/index.php\/wp-json\/wp\/v2\/media\/36949"}],"wp:attachment":[{"href":"https:\/\/radioljubuski.ba\/index.php\/wp-json\/wp\/v2\/media?parent=109130"}],"wp:term":[{"taxonomy":"category","embeddable":true,"href":"https:\/\/radioljubuski.ba\/index.php\/wp-json\/wp\/v2\/categories?post=109130"},{"taxonomy":"post_tag","embeddable":true,"href":"https:\/\/radioljubuski.ba\/index.php\/wp-json\/wp\/v2\/tags?post=109130"}],"curies":[{"name":"wp","href":"https:\/\/api.w.org\/{rel}","templated":true}]}}