{"id":109145,"date":"2022-01-25T14:27:07","date_gmt":"2022-01-25T13:27:07","guid":{"rendered":"https:\/\/radioljubuski.ba\/?p=109145"},"modified":"2022-01-25T14:27:08","modified_gmt":"2022-01-25T13:27:08","slug":"fbih-skracuje-se-trajanje-izolacije-i-samoizolacije","status":"publish","type":"post","link":"https:\/\/radioljubuski.ba\/index.php\/2022\/01\/25\/fbih-skracuje-se-trajanje-izolacije-i-samoizolacije\/","title":{"rendered":"FBIH: Skra\u0107uje se trajanje izolacije i samoizolacije"},"content":{"rendered":"\n<p>Krizni sto\u017eer Ministarstva zdravstva Federacije BiH na dana\u0161njoj je sjednici donio preporuke koje se odnose na smanjenje broja dana izolacije i samoizolacije, potvrdio je za BHRT Goran \u010cerkez, pomo\u0107nik ministra zdravstva Federacije BiH.<\/p>\n\n\n\n<p>&#8220;Mi smo slijede\u0107i preporuke Europskog centra uveli i kod nas skra\u0107enje izolacije i samoizolacije. To zna\u010di da ako ste bili u kontaktu sa zara\u017eenom osobom, a imate kompletan cijepljeni status, ne\u0107ete i\u0107i u samoizolaciju do trenutka eventualne pojave simptoma, kada \u0107ete se javiti lije\u010dniku, a dotad \u0107ete nositi masku i pona\u0161ati se odgovorno. Ako nemate kompletan cijepljeni status, samoizolacije \u0107e trajati deset dana. Sve osobe za koje se utvrdi da su pozitivne na testu, ako nisu kompletno cijepljene bit \u0107e deset dana u izolaciji s tim da \u0107e mo\u0107i iza\u0107i sedmi dan pod uvjetom da imaju negativan test. Potpuno cijepljene osobe \u0107e biti sedam dana u izolaciji i tako\u0111er mogu dva dana ranije raditi test i ako je test negativan, peti dan mogu iza\u0107i&#8221;, pojasnio je \u010cerkez.<\/p>\n\n\n\n<p>On je podsjetio da je rije\u010d o pravilima koja se ve\u0107 primjenjuju u ve\u0107ini europskih zemalja.<\/p>\n\n\n\n<p>Osim ove odluke, naveo je \u010cerkez, Krizni sto\u017eer je preporu\u010dio da se forsira antigensko testiranje gdje god je to mogu\u0107e, kako bi se smanjio pritisak na zdravstveni sustav i izbjegla nervoza zbog \u010dekanja na rezultate testiranja.<\/p>\n\n\n\n<p>&#8220;Svjesni smo da su mnogi pacijenti nezadovoljni, dugo se \u010deka, ali u ovakvim ekstremnim situacijama imate desetine tisu\u0107a poziva dnevno i jako je te\u0161ko odgovoriti svima. Treba strpljenja i \u0161to je najva\u017enije, odgovorno se pona\u0161ati&#8221;, rekao je \u010cerkez.<\/p>\n\n\n\n<p>On je naglasio da to ne isklju\u010duje PCR testiranja, posebno kod te\u017eih slu\u010dajeva i kroni\u010dnih bolesnika. On je naglasio kako je i dalje izuzetno visoka smrtnost i dodao da su osobe koje nisu potpuno cijepljene u jako visokom riziku. \u010cerkez je rekao da je ovih dana trebao biti odr\u017ean sastanak o covid potvrdama, ali je odgo\u0111en zbog bolesti ministrice.<\/p>\n\n\n\n<p>&#8220;Na\u0161 stav je isti od prolje\u0107a pro\u0161le godine &#8211; raditi u korist stanovnika Bosne i Hercegovine, ne politizirati i iza\u0107i u susret svakom stanovniku, odnosno da se omogu\u0107i izdavanje potvrda na dr\u017eavnom nivou jer je to jedini na\u010din da budu priznate&#8221;, rekao je \u010cerkez.<\/p>\n\n\n\n<p>Izvor:pogled.ba<\/p>\n","protected":false},"excerpt":{"rendered":"<p>Krizni sto\u017eer Ministarstva zdravstva Federacije BiH na dana\u0161njoj je sjednici donio preporuke koje se odnose na smanjenje broja dana izolacije i samoizolacije, potvrdio je za BHRT Goran \u010cerkez, pomo\u0107nik ministra zdravstva Federacije BiH. &#8220;Mi smo slijede\u0107i preporuke Europskog centra uveli i kod nas skra\u0107enje izolacije i samoizolacije. To zna\u010di da ako ste bili u kontaktu [&hellip;]<\/p>\n","protected":false},"author":2,"featured_media":37966,"comment_status":"closed","ping_status":"closed","sticky":false,"template":"","format":"standard","meta":{"h5ap_radio_sources":[],"footnotes":""},"categories":[1],"tags":[],"class_list":["post-109145","post","type-post","status-publish","format-standard","has-post-thumbnail","hentry","category-bihiregija"],"yoast_head":"<!-- This site is optimized with the Yoast SEO plugin v27.5 - https:\/\/yoast.com\/product\/yoast-seo-wordpress\/ -->\n<title>FBIH: Skra\u0107uje se trajanje izolacije i samoizolacije - RADIO LJUBU\u0160KI<\/title>\n<meta name=\"robots\" content=\"index, follow, max-snippet:-1, max-image-preview:large, max-video-preview:-1\" \/>\n<link rel=\"canonical\" href=\"https:\/\/radioljubuski.ba\/index.php\/2022\/01\/25\/fbih-skracuje-se-trajanje-izolacije-i-samoizolacije\/\" \/>\n<meta property=\"og:locale\" content=\"hr_HR\" \/>\n<meta property=\"og:type\" content=\"article\" \/>\n<meta property=\"og:title\" content=\"FBIH: Skra\u0107uje se trajanje izolacije i samoizolacije - RADIO LJUBU\u0160KI\" \/>\n<meta property=\"og:description\" content=\"Krizni sto\u017eer Ministarstva zdravstva Federacije BiH na dana\u0161njoj je sjednici donio preporuke koje se odnose na smanjenje broja dana izolacije i samoizolacije, potvrdio je za BHRT Goran \u010cerkez, pomo\u0107nik ministra zdravstva Federacije BiH. &#8220;Mi smo slijede\u0107i preporuke Europskog centra uveli i kod nas skra\u0107enje izolacije i samoizolacije. To zna\u010di da ako ste bili u kontaktu [&hellip;]\" \/>\n<meta property=\"og:url\" content=\"https:\/\/radioljubuski.ba\/index.php\/2022\/01\/25\/fbih-skracuje-se-trajanje-izolacije-i-samoizolacije\/\" \/>\n<meta property=\"og:site_name\" content=\"RADIO LJUBU\u0160KI\" \/>\n<meta property=\"article:publisher\" content=\"https:\/\/www.facebook.com\/Radiio-Ljubuski-1490835324566332\" \/>\n<meta property=\"article:published_time\" content=\"2022-01-25T13:27:07+00:00\" \/>\n<meta property=\"article:modified_time\" content=\"2022-01-25T13:27:08+00:00\" \/>\n<meta property=\"og:image\" content=\"https:\/\/radioljubuski.ba\/wp-content\/uploads\/2021\/07\/cerkez-1.jpg\" \/>\n\t<meta property=\"og:image:width\" content=\"750\" \/>\n\t<meta property=\"og:image:height\" content=\"450\" \/>\n\t<meta property=\"og:image:type\" content=\"image\/jpeg\" \/>\n<meta name=\"author\" content=\"Radio Ljubu\u0161ki\" \/>\n<meta name=\"twitter:card\" content=\"summary_large_image\" \/>\n<meta name=\"twitter:creator\" content=\"@radioljubuski\" \/>\n<meta name=\"twitter:site\" content=\"@radioljubuski\" \/>\n<meta name=\"twitter:label1\" content=\"Napisao\/la\" \/>\n\t<meta name=\"twitter:data1\" content=\"Radio Ljubu\u0161ki\" \/>\n\t<meta name=\"twitter:label2\" content=\"Procijenjeno vrijeme \u010ditanja\" \/>\n\t<meta name=\"twitter:data2\" content=\"2 minute\" \/>\n<script type=\"application\/ld+json\" class=\"yoast-schema-graph\">{\"@context\":\"https:\\\/\\\/schema.org\",\"@graph\":[{\"@type\":\"Article\",\"@id\":\"https:\\\/\\\/radioljubuski.ba\\\/index.php\\\/2022\\\/01\\\/25\\\/fbih-skracuje-se-trajanje-izolacije-i-samoizolacije\\\/#article\",\"isPartOf\":{\"@id\":\"https:\\\/\\\/radioljubuski.ba\\\/index.php\\\/2022\\\/01\\\/25\\\/fbih-skracuje-se-trajanje-izolacije-i-samoizolacije\\\/\"},\"author\":{\"name\":\"Radio Ljubu\u0161ki\",\"@id\":\"https:\\\/\\\/radioljubuski.ba\\\/#\\\/schema\\\/person\\\/19fc700381a780f69665d7956c469e3b\"},\"headline\":\"FBIH: Skra\u0107uje se trajanje izolacije i samoizolacije\",\"datePublished\":\"2022-01-25T13:27:07+00:00\",\"dateModified\":\"2022-01-25T13:27:08+00:00\",\"mainEntityOfPage\":{\"@id\":\"https:\\\/\\\/radioljubuski.ba\\\/index.php\\\/2022\\\/01\\\/25\\\/fbih-skracuje-se-trajanje-izolacije-i-samoizolacije\\\/\"},\"wordCount\":399,\"publisher\":{\"@id\":\"https:\\\/\\\/radioljubuski.ba\\\/#organization\"},\"image\":{\"@id\":\"https:\\\/\\\/radioljubuski.ba\\\/index.php\\\/2022\\\/01\\\/25\\\/fbih-skracuje-se-trajanje-izolacije-i-samoizolacije\\\/#primaryimage\"},\"thumbnailUrl\":\"https:\\\/\\\/radioljubuski.ba\\\/wp-content\\\/uploads\\\/2021\\\/07\\\/cerkez-1.jpg\",\"articleSection\":[\"BIH i regija\"],\"inLanguage\":\"hr\"},{\"@type\":\"WebPage\",\"@id\":\"https:\\\/\\\/radioljubuski.ba\\\/index.php\\\/2022\\\/01\\\/25\\\/fbih-skracuje-se-trajanje-izolacije-i-samoizolacije\\\/\",\"url\":\"https:\\\/\\\/radioljubuski.ba\\\/index.php\\\/2022\\\/01\\\/25\\\/fbih-skracuje-se-trajanje-izolacije-i-samoizolacije\\\/\",\"name\":\"FBIH: Skra\u0107uje se trajanje izolacije i samoizolacije - RADIO LJUBU\u0160KI\",\"isPartOf\":{\"@id\":\"https:\\\/\\\/radioljubuski.ba\\\/#website\"},\"primaryImageOfPage\":{\"@id\":\"https:\\\/\\\/radioljubuski.ba\\\/index.php\\\/2022\\\/01\\\/25\\\/fbih-skracuje-se-trajanje-izolacije-i-samoizolacije\\\/#primaryimage\"},\"image\":{\"@id\":\"https:\\\/\\\/radioljubuski.ba\\\/index.php\\\/2022\\\/01\\\/25\\\/fbih-skracuje-se-trajanje-izolacije-i-samoizolacije\\\/#primaryimage\"},\"thumbnailUrl\":\"https:\\\/\\\/radioljubuski.ba\\\/wp-content\\\/uploads\\\/2021\\\/07\\\/cerkez-1.jpg\",\"datePublished\":\"2022-01-25T13:27:07+00:00\",\"dateModified\":\"2022-01-25T13:27:08+00:00\",\"breadcrumb\":{\"@id\":\"https:\\\/\\\/radioljubuski.ba\\\/index.php\\\/2022\\\/01\\\/25\\\/fbih-skracuje-se-trajanje-izolacije-i-samoizolacije\\\/#breadcrumb\"},\"inLanguage\":\"hr\",\"potentialAction\":[{\"@type\":\"ReadAction\",\"target\":[\"https:\\\/\\\/radioljubuski.ba\\\/index.php\\\/2022\\\/01\\\/25\\\/fbih-skracuje-se-trajanje-izolacije-i-samoizolacije\\\/\"]}]},{\"@type\":\"ImageObject\",\"inLanguage\":\"hr\",\"@id\":\"https:\\\/\\\/radioljubuski.ba\\\/index.php\\\/2022\\\/01\\\/25\\\/fbih-skracuje-se-trajanje-izolacije-i-samoizolacije\\\/#primaryimage\",\"url\":\"https:\\\/\\\/radioljubuski.ba\\\/wp-content\\\/uploads\\\/2021\\\/07\\\/cerkez-1.jpg\",\"contentUrl\":\"https:\\\/\\\/radioljubuski.ba\\\/wp-content\\\/uploads\\\/2021\\\/07\\\/cerkez-1.jpg\",\"width\":750,\"height\":450},{\"@type\":\"BreadcrumbList\",\"@id\":\"https:\\\/\\\/radioljubuski.ba\\\/index.php\\\/2022\\\/01\\\/25\\\/fbih-skracuje-se-trajanje-izolacije-i-samoizolacije\\\/#breadcrumb\",\"itemListElement\":[{\"@type\":\"ListItem\",\"position\":1,\"name\":\"Po\u010detna stranica\",\"item\":\"https:\\\/\\\/radioljubuski.ba\\\/\"},{\"@type\":\"ListItem\",\"position\":2,\"name\":\"FBIH: Skra\u0107uje se trajanje izolacije i samoizolacije\"}]},{\"@type\":\"WebSite\",\"@id\":\"https:\\\/\\\/radioljubuski.ba\\\/#website\",\"url\":\"https:\\\/\\\/radioljubuski.ba\\\/\",\"name\":\"Radio Ljubu\u0161ki\",\"description\":\"Sun\u010dana frekvencija Hercegovine\",\"publisher\":{\"@id\":\"https:\\\/\\\/radioljubuski.ba\\\/#organization\"},\"potentialAction\":[{\"@type\":\"SearchAction\",\"target\":{\"@type\":\"EntryPoint\",\"urlTemplate\":\"https:\\\/\\\/radioljubuski.ba\\\/?s={search_term_string}\"},\"query-input\":{\"@type\":\"PropertyValueSpecification\",\"valueRequired\":true,\"valueName\":\"search_term_string\"}}],\"inLanguage\":\"hr\"},{\"@type\":\"Organization\",\"@id\":\"https:\\\/\\\/radioljubuski.ba\\\/#organization\",\"name\":\"Radio Ljubu\u0161ki\",\"url\":\"https:\\\/\\\/radioljubuski.ba\\\/\",\"logo\":{\"@type\":\"ImageObject\",\"inLanguage\":\"hr\",\"@id\":\"https:\\\/\\\/radioljubuski.ba\\\/#\\\/schema\\\/logo\\\/image\\\/\",\"url\":\"https:\\\/\\\/radioljubuski.ba\\\/wp-content\\\/uploads\\\/2021\\\/02\\\/cropped-Radio_Ljubuski_logo1.jpg\",\"contentUrl\":\"https:\\\/\\\/radioljubuski.ba\\\/wp-content\\\/uploads\\\/2021\\\/02\\\/cropped-Radio_Ljubuski_logo1.jpg\",\"width\":512,\"height\":512,\"caption\":\"Radio Ljubu\u0161ki\"},\"image\":{\"@id\":\"https:\\\/\\\/radioljubuski.ba\\\/#\\\/schema\\\/logo\\\/image\\\/\"},\"sameAs\":[\"https:\\\/\\\/www.facebook.com\\\/Radiio-Ljubuski-1490835324566332\",\"https:\\\/\\\/x.com\\\/radioljubuski\",\"https:\\\/\\\/hr.linkedin.com\\\/company\\\/radio-ljubuski\",\"https:\\\/\\\/www.youtube.com\\\/channel\\\/UCHYaeO_n0Db3tjNGudGpXyw\"]},{\"@type\":\"Person\",\"@id\":\"https:\\\/\\\/radioljubuski.ba\\\/#\\\/schema\\\/person\\\/19fc700381a780f69665d7956c469e3b\",\"name\":\"Radio Ljubu\u0161ki\"}]}<\/script>\n<!-- \/ Yoast SEO plugin. -->","yoast_head_json":{"title":"FBIH: Skra\u0107uje se trajanje izolacije i samoizolacije - RADIO LJUBU\u0160KI","robots":{"index":"index","follow":"follow","max-snippet":"max-snippet:-1","max-image-preview":"max-image-preview:large","max-video-preview":"max-video-preview:-1"},"canonical":"https:\/\/radioljubuski.ba\/index.php\/2022\/01\/25\/fbih-skracuje-se-trajanje-izolacije-i-samoizolacije\/","og_locale":"hr_HR","og_type":"article","og_title":"FBIH: Skra\u0107uje se trajanje izolacije i samoizolacije - RADIO LJUBU\u0160KI","og_description":"Krizni sto\u017eer Ministarstva zdravstva Federacije BiH na dana\u0161njoj je sjednici donio preporuke koje se odnose na smanjenje broja dana izolacije i samoizolacije, potvrdio je za BHRT Goran \u010cerkez, pomo\u0107nik ministra zdravstva Federacije BiH. &#8220;Mi smo slijede\u0107i preporuke Europskog centra uveli i kod nas skra\u0107enje izolacije i samoizolacije. To zna\u010di da ako ste bili u kontaktu [&hellip;]","og_url":"https:\/\/radioljubuski.ba\/index.php\/2022\/01\/25\/fbih-skracuje-se-trajanje-izolacije-i-samoizolacije\/","og_site_name":"RADIO LJUBU\u0160KI","article_publisher":"https:\/\/www.facebook.com\/Radiio-Ljubuski-1490835324566332","article_published_time":"2022-01-25T13:27:07+00:00","article_modified_time":"2022-01-25T13:27:08+00:00","og_image":[{"width":750,"height":450,"url":"https:\/\/radioljubuski.ba\/wp-content\/uploads\/2021\/07\/cerkez-1.jpg","type":"image\/jpeg"}],"author":"Radio Ljubu\u0161ki","twitter_card":"summary_large_image","twitter_creator":"@radioljubuski","twitter_site":"@radioljubuski","twitter_misc":{"Napisao\/la":"Radio Ljubu\u0161ki","Procijenjeno vrijeme \u010ditanja":"2 minute"},"schema":{"@context":"https:\/\/schema.org","@graph":[{"@type":"Article","@id":"https:\/\/radioljubuski.ba\/index.php\/2022\/01\/25\/fbih-skracuje-se-trajanje-izolacije-i-samoizolacije\/#article","isPartOf":{"@id":"https:\/\/radioljubuski.ba\/index.php\/2022\/01\/25\/fbih-skracuje-se-trajanje-izolacije-i-samoizolacije\/"},"author":{"name":"Radio Ljubu\u0161ki","@id":"https:\/\/radioljubuski.ba\/#\/schema\/person\/19fc700381a780f69665d7956c469e3b"},"headline":"FBIH: Skra\u0107uje se trajanje izolacije i samoizolacije","datePublished":"2022-01-25T13:27:07+00:00","dateModified":"2022-01-25T13:27:08+00:00","mainEntityOfPage":{"@id":"https:\/\/radioljubuski.ba\/index.php\/2022\/01\/25\/fbih-skracuje-se-trajanje-izolacije-i-samoizolacije\/"},"wordCount":399,"publisher":{"@id":"https:\/\/radioljubuski.ba\/#organization"},"image":{"@id":"https:\/\/radioljubuski.ba\/index.php\/2022\/01\/25\/fbih-skracuje-se-trajanje-izolacije-i-samoizolacije\/#primaryimage"},"thumbnailUrl":"https:\/\/radioljubuski.ba\/wp-content\/uploads\/2021\/07\/cerkez-1.jpg","articleSection":["BIH i regija"],"inLanguage":"hr"},{"@type":"WebPage","@id":"https:\/\/radioljubuski.ba\/index.php\/2022\/01\/25\/fbih-skracuje-se-trajanje-izolacije-i-samoizolacije\/","url":"https:\/\/radioljubuski.ba\/index.php\/2022\/01\/25\/fbih-skracuje-se-trajanje-izolacije-i-samoizolacije\/","name":"FBIH: Skra\u0107uje se trajanje izolacije i samoizolacije - RADIO LJUBU\u0160KI","isPartOf":{"@id":"https:\/\/radioljubuski.ba\/#website"},"primaryImageOfPage":{"@id":"https:\/\/radioljubuski.ba\/index.php\/2022\/01\/25\/fbih-skracuje-se-trajanje-izolacije-i-samoizolacije\/#primaryimage"},"image":{"@id":"https:\/\/radioljubuski.ba\/index.php\/2022\/01\/25\/fbih-skracuje-se-trajanje-izolacije-i-samoizolacije\/#primaryimage"},"thumbnailUrl":"https:\/\/radioljubuski.ba\/wp-content\/uploads\/2021\/07\/cerkez-1.jpg","datePublished":"2022-01-25T13:27:07+00:00","dateModified":"2022-01-25T13:27:08+00:00","breadcrumb":{"@id":"https:\/\/radioljubuski.ba\/index.php\/2022\/01\/25\/fbih-skracuje-se-trajanje-izolacije-i-samoizolacije\/#breadcrumb"},"inLanguage":"hr","potentialAction":[{"@type":"ReadAction","target":["https:\/\/radioljubuski.ba\/index.php\/2022\/01\/25\/fbih-skracuje-se-trajanje-izolacije-i-samoizolacije\/"]}]},{"@type":"ImageObject","inLanguage":"hr","@id":"https:\/\/radioljubuski.ba\/index.php\/2022\/01\/25\/fbih-skracuje-se-trajanje-izolacije-i-samoizolacije\/#primaryimage","url":"https:\/\/radioljubuski.ba\/wp-content\/uploads\/2021\/07\/cerkez-1.jpg","contentUrl":"https:\/\/radioljubuski.ba\/wp-content\/uploads\/2021\/07\/cerkez-1.jpg","width":750,"height":450},{"@type":"BreadcrumbList","@id":"https:\/\/radioljubuski.ba\/index.php\/2022\/01\/25\/fbih-skracuje-se-trajanje-izolacije-i-samoizolacije\/#breadcrumb","itemListElement":[{"@type":"ListItem","position":1,"name":"Po\u010detna stranica","item":"https:\/\/radioljubuski.ba\/"},{"@type":"ListItem","position":2,"name":"FBIH: Skra\u0107uje se trajanje izolacije i samoizolacije"}]},{"@type":"WebSite","@id":"https:\/\/radioljubuski.ba\/#website","url":"https:\/\/radioljubuski.ba\/","name":"Radio Ljubu\u0161ki","description":"Sun\u010dana frekvencija Hercegovine","publisher":{"@id":"https:\/\/radioljubuski.ba\/#organization"},"potentialAction":[{"@type":"SearchAction","target":{"@type":"EntryPoint","urlTemplate":"https:\/\/radioljubuski.ba\/?s={search_term_string}"},"query-input":{"@type":"PropertyValueSpecification","valueRequired":true,"valueName":"search_term_string"}}],"inLanguage":"hr"},{"@type":"Organization","@id":"https:\/\/radioljubuski.ba\/#organization","name":"Radio Ljubu\u0161ki","url":"https:\/\/radioljubuski.ba\/","logo":{"@type":"ImageObject","inLanguage":"hr","@id":"https:\/\/radioljubuski.ba\/#\/schema\/logo\/image\/","url":"https:\/\/radioljubuski.ba\/wp-content\/uploads\/2021\/02\/cropped-Radio_Ljubuski_logo1.jpg","contentUrl":"https:\/\/radioljubuski.ba\/wp-content\/uploads\/2021\/02\/cropped-Radio_Ljubuski_logo1.jpg","width":512,"height":512,"caption":"Radio Ljubu\u0161ki"},"image":{"@id":"https:\/\/radioljubuski.ba\/#\/schema\/logo\/image\/"},"sameAs":["https:\/\/www.facebook.com\/Radiio-Ljubuski-1490835324566332","https:\/\/x.com\/radioljubuski","https:\/\/hr.linkedin.com\/company\/radio-ljubuski","https:\/\/www.youtube.com\/channel\/UCHYaeO_n0Db3tjNGudGpXyw"]},{"@type":"Person","@id":"https:\/\/radioljubuski.ba\/#\/schema\/person\/19fc700381a780f69665d7956c469e3b","name":"Radio Ljubu\u0161ki"}]}},"_links":{"self":[{"href":"https:\/\/radioljubuski.ba\/index.php\/wp-json\/wp\/v2\/posts\/109145","targetHints":{"allow":["GET"]}}],"collection":[{"href":"https:\/\/radioljubuski.ba\/index.php\/wp-json\/wp\/v2\/posts"}],"about":[{"href":"https:\/\/radioljubuski.ba\/index.php\/wp-json\/wp\/v2\/types\/post"}],"author":[{"embeddable":true,"href":"https:\/\/radioljubuski.ba\/index.php\/wp-json\/wp\/v2\/users\/2"}],"replies":[{"embeddable":true,"href":"https:\/\/radioljubuski.ba\/index.php\/wp-json\/wp\/v2\/comments?post=109145"}],"version-history":[{"count":1,"href":"https:\/\/radioljubuski.ba\/index.php\/wp-json\/wp\/v2\/posts\/109145\/revisions"}],"predecessor-version":[{"id":109146,"href":"https:\/\/radioljubuski.ba\/index.php\/wp-json\/wp\/v2\/posts\/109145\/revisions\/109146"}],"wp:featuredmedia":[{"embeddable":true,"href":"https:\/\/radioljubuski.ba\/index.php\/wp-json\/wp\/v2\/media\/37966"}],"wp:attachment":[{"href":"https:\/\/radioljubuski.ba\/index.php\/wp-json\/wp\/v2\/media?parent=109145"}],"wp:term":[{"taxonomy":"category","embeddable":true,"href":"https:\/\/radioljubuski.ba\/index.php\/wp-json\/wp\/v2\/categories?post=109145"},{"taxonomy":"post_tag","embeddable":true,"href":"https:\/\/radioljubuski.ba\/index.php\/wp-json\/wp\/v2\/tags?post=109145"}],"curies":[{"name":"wp","href":"https:\/\/api.w.org\/{rel}","templated":true}]}}