{"id":109179,"date":"2022-01-25T14:43:57","date_gmt":"2022-01-25T13:43:57","guid":{"rendered":"https:\/\/radioljubuski.ba\/?p=109179"},"modified":"2022-01-25T14:43:58","modified_gmt":"2022-01-25T13:43:58","slug":"najmanje-sestero-mrtvih-u-stampedu-navijaca-uoci-utakmice-u-kamerunu","status":"publish","type":"post","link":"https:\/\/radioljubuski.ba\/index.php\/2022\/01\/25\/najmanje-sestero-mrtvih-u-stampedu-navijaca-uoci-utakmice-u-kamerunu\/","title":{"rendered":"Najmanje \u0161estero mrtvih u stampedu navija\u010da uo\u010di utakmice u Kamerunu"},"content":{"rendered":"\n<p>Najmanje je \u0161estero ljudi poginulo u stampedu navija\u010da na stadionu Olembe u glavnom kamerunskom gradu Yaoundeu u ponedjeljak, uo\u010di po\u010detka utakmice osmine finala Afri\u010dkog nogometnog prvenstva izme\u0111u Kameruna i Komora, potvrdile su vlasti te zemlje.<\/p>\n\n\n\n<p>Vi\u0161e od 40 je ljudi ozlije\u0111eno a jedan je vladin du\u017enosnik potvrdio da bi \u017ertava moglo biti i vi\u0161e, ali se zasad ne zna to\u010dan broj.<\/p>\n\n\n\n<p>Slike podijeljene na dru\u0161tvenim mre\u017eama, \u010diju autenti\u010dnost Reuters nije mogao odmah potvrditi, pokazuju naguravanje i vri\u0161tanje navija\u010da na ulazu u stadion.<\/p>\n\n\n\n<p>Nogometni savez CAF u priop\u0107enju je potvrdio kako je upoznat s incidentom na stadionu.<\/p>\n\n\n\n<p>&#8220;CAF trenutno provodi istragu i poku\u0161ava do\u0107i do novih detalja o doga\u0111aju. Kontinuirano komuniciramo s kamerunskom vladom i lokalnim organizacijskim odborom&#8221;, stoji u priop\u0107enju.<\/p>\n\n\n\n<p>Nakon niskog odaziva tijekom prvog kruga utakmica na novim stadionima sagra\u0111enima za najva\u017eniji afri\u010dki nogometni turnir, kojemu je Kamerun doma\u0107in po prvi puta od 1972., kamerunske su vlasti otvorile vrata stadiona, organizirale masovni prijevoz te, kako bi privukle navija\u010de, dijelile besplatne karte.<\/p>\n\n\n\n<p>Kapacitet stadiona u Yaoundeu trebao je biti ograni\u010den na 48.000, a na utakmicu uo\u010di koje je do\u0161lo do stampeda u\u0161lo je vi\u0161e od 50.000 ljudi.<\/p>\n\n\n\n<p>Izvor:pogled.ba<\/p>\n","protected":false},"excerpt":{"rendered":"<p>Najmanje je \u0161estero ljudi poginulo u stampedu navija\u010da na stadionu Olembe u glavnom kamerunskom gradu Yaoundeu u ponedjeljak, uo\u010di po\u010detka utakmice osmine finala Afri\u010dkog nogometnog prvenstva izme\u0111u Kameruna i Komora, potvrdile su vlasti te zemlje. Vi\u0161e od 40 je ljudi ozlije\u0111eno a jedan je vladin du\u017enosnik potvrdio da bi \u017ertava moglo biti i vi\u0161e, ali [&hellip;]<\/p>\n","protected":false},"author":2,"featured_media":109180,"comment_status":"closed","ping_status":"closed","sticky":false,"template":"","format":"standard","meta":{"h5ap_radio_sources":[],"footnotes":""},"categories":[7],"tags":[],"class_list":["post-109179","post","type-post","status-publish","format-standard","has-post-thumbnail","hentry","category-sport"],"yoast_head":"<!-- This site is optimized with the Yoast SEO plugin v27.5 - https:\/\/yoast.com\/product\/yoast-seo-wordpress\/ -->\n<title>Najmanje \u0161estero mrtvih u stampedu navija\u010da uo\u010di utakmice u Kamerunu - RADIO LJUBU\u0160KI<\/title>\n<meta name=\"robots\" content=\"index, follow, max-snippet:-1, max-image-preview:large, max-video-preview:-1\" \/>\n<link rel=\"canonical\" href=\"https:\/\/radioljubuski.ba\/index.php\/2022\/01\/25\/najmanje-sestero-mrtvih-u-stampedu-navijaca-uoci-utakmice-u-kamerunu\/\" \/>\n<meta property=\"og:locale\" content=\"hr_HR\" \/>\n<meta property=\"og:type\" content=\"article\" \/>\n<meta property=\"og:title\" content=\"Najmanje \u0161estero mrtvih u stampedu navija\u010da uo\u010di utakmice u Kamerunu - RADIO LJUBU\u0160KI\" \/>\n<meta property=\"og:description\" content=\"Najmanje je \u0161estero ljudi poginulo u stampedu navija\u010da na stadionu Olembe u glavnom kamerunskom gradu Yaoundeu u ponedjeljak, uo\u010di po\u010detka utakmice osmine finala Afri\u010dkog nogometnog prvenstva izme\u0111u Kameruna i Komora, potvrdile su vlasti te zemlje. Vi\u0161e od 40 je ljudi ozlije\u0111eno a jedan je vladin du\u017enosnik potvrdio da bi \u017ertava moglo biti i vi\u0161e, ali [&hellip;]\" \/>\n<meta property=\"og:url\" content=\"https:\/\/radioljubuski.ba\/index.php\/2022\/01\/25\/najmanje-sestero-mrtvih-u-stampedu-navijaca-uoci-utakmice-u-kamerunu\/\" \/>\n<meta property=\"og:site_name\" content=\"RADIO LJUBU\u0160KI\" \/>\n<meta property=\"article:publisher\" content=\"https:\/\/www.facebook.com\/Radiio-Ljubuski-1490835324566332\" \/>\n<meta property=\"article:published_time\" content=\"2022-01-25T13:43:57+00:00\" \/>\n<meta property=\"article:modified_time\" content=\"2022-01-25T13:43:58+00:00\" \/>\n<meta property=\"og:image\" content=\"https:\/\/radioljubuski.ba\/wp-content\/uploads\/2022\/01\/2-2022-01-25-07-45-55-kamerun.jpg\" \/>\n\t<meta property=\"og:image:width\" content=\"1000\" \/>\n\t<meta property=\"og:image:height\" content=\"625\" \/>\n\t<meta property=\"og:image:type\" content=\"image\/jpeg\" \/>\n<meta name=\"author\" content=\"Radio Ljubu\u0161ki\" \/>\n<meta name=\"twitter:card\" content=\"summary_large_image\" \/>\n<meta name=\"twitter:creator\" content=\"@radioljubuski\" \/>\n<meta name=\"twitter:site\" content=\"@radioljubuski\" \/>\n<meta name=\"twitter:label1\" content=\"Napisao\/la\" \/>\n\t<meta name=\"twitter:data1\" content=\"Radio Ljubu\u0161ki\" \/>\n\t<meta name=\"twitter:label2\" content=\"Procijenjeno vrijeme \u010ditanja\" \/>\n\t<meta name=\"twitter:data2\" content=\"1 minuta\" \/>\n<script type=\"application\/ld+json\" class=\"yoast-schema-graph\">{\"@context\":\"https:\\\/\\\/schema.org\",\"@graph\":[{\"@type\":\"Article\",\"@id\":\"https:\\\/\\\/radioljubuski.ba\\\/index.php\\\/2022\\\/01\\\/25\\\/najmanje-sestero-mrtvih-u-stampedu-navijaca-uoci-utakmice-u-kamerunu\\\/#article\",\"isPartOf\":{\"@id\":\"https:\\\/\\\/radioljubuski.ba\\\/index.php\\\/2022\\\/01\\\/25\\\/najmanje-sestero-mrtvih-u-stampedu-navijaca-uoci-utakmice-u-kamerunu\\\/\"},\"author\":{\"name\":\"Radio Ljubu\u0161ki\",\"@id\":\"https:\\\/\\\/radioljubuski.ba\\\/#\\\/schema\\\/person\\\/19fc700381a780f69665d7956c469e3b\"},\"headline\":\"Najmanje \u0161estero mrtvih u stampedu navija\u010da uo\u010di utakmice u Kamerunu\",\"datePublished\":\"2022-01-25T13:43:57+00:00\",\"dateModified\":\"2022-01-25T13:43:58+00:00\",\"mainEntityOfPage\":{\"@id\":\"https:\\\/\\\/radioljubuski.ba\\\/index.php\\\/2022\\\/01\\\/25\\\/najmanje-sestero-mrtvih-u-stampedu-navijaca-uoci-utakmice-u-kamerunu\\\/\"},\"wordCount\":228,\"publisher\":{\"@id\":\"https:\\\/\\\/radioljubuski.ba\\\/#organization\"},\"image\":{\"@id\":\"https:\\\/\\\/radioljubuski.ba\\\/index.php\\\/2022\\\/01\\\/25\\\/najmanje-sestero-mrtvih-u-stampedu-navijaca-uoci-utakmice-u-kamerunu\\\/#primaryimage\"},\"thumbnailUrl\":\"https:\\\/\\\/radioljubuski.ba\\\/wp-content\\\/uploads\\\/2022\\\/01\\\/2-2022-01-25-07-45-55-kamerun.jpg\",\"articleSection\":[\"\u0160port\"],\"inLanguage\":\"hr\"},{\"@type\":\"WebPage\",\"@id\":\"https:\\\/\\\/radioljubuski.ba\\\/index.php\\\/2022\\\/01\\\/25\\\/najmanje-sestero-mrtvih-u-stampedu-navijaca-uoci-utakmice-u-kamerunu\\\/\",\"url\":\"https:\\\/\\\/radioljubuski.ba\\\/index.php\\\/2022\\\/01\\\/25\\\/najmanje-sestero-mrtvih-u-stampedu-navijaca-uoci-utakmice-u-kamerunu\\\/\",\"name\":\"Najmanje \u0161estero mrtvih u stampedu navija\u010da uo\u010di utakmice u Kamerunu - RADIO LJUBU\u0160KI\",\"isPartOf\":{\"@id\":\"https:\\\/\\\/radioljubuski.ba\\\/#website\"},\"primaryImageOfPage\":{\"@id\":\"https:\\\/\\\/radioljubuski.ba\\\/index.php\\\/2022\\\/01\\\/25\\\/najmanje-sestero-mrtvih-u-stampedu-navijaca-uoci-utakmice-u-kamerunu\\\/#primaryimage\"},\"image\":{\"@id\":\"https:\\\/\\\/radioljubuski.ba\\\/index.php\\\/2022\\\/01\\\/25\\\/najmanje-sestero-mrtvih-u-stampedu-navijaca-uoci-utakmice-u-kamerunu\\\/#primaryimage\"},\"thumbnailUrl\":\"https:\\\/\\\/radioljubuski.ba\\\/wp-content\\\/uploads\\\/2022\\\/01\\\/2-2022-01-25-07-45-55-kamerun.jpg\",\"datePublished\":\"2022-01-25T13:43:57+00:00\",\"dateModified\":\"2022-01-25T13:43:58+00:00\",\"breadcrumb\":{\"@id\":\"https:\\\/\\\/radioljubuski.ba\\\/index.php\\\/2022\\\/01\\\/25\\\/najmanje-sestero-mrtvih-u-stampedu-navijaca-uoci-utakmice-u-kamerunu\\\/#breadcrumb\"},\"inLanguage\":\"hr\",\"potentialAction\":[{\"@type\":\"ReadAction\",\"target\":[\"https:\\\/\\\/radioljubuski.ba\\\/index.php\\\/2022\\\/01\\\/25\\\/najmanje-sestero-mrtvih-u-stampedu-navijaca-uoci-utakmice-u-kamerunu\\\/\"]}]},{\"@type\":\"ImageObject\",\"inLanguage\":\"hr\",\"@id\":\"https:\\\/\\\/radioljubuski.ba\\\/index.php\\\/2022\\\/01\\\/25\\\/najmanje-sestero-mrtvih-u-stampedu-navijaca-uoci-utakmice-u-kamerunu\\\/#primaryimage\",\"url\":\"https:\\\/\\\/radioljubuski.ba\\\/wp-content\\\/uploads\\\/2022\\\/01\\\/2-2022-01-25-07-45-55-kamerun.jpg\",\"contentUrl\":\"https:\\\/\\\/radioljubuski.ba\\\/wp-content\\\/uploads\\\/2022\\\/01\\\/2-2022-01-25-07-45-55-kamerun.jpg\",\"width\":1000,\"height\":625},{\"@type\":\"BreadcrumbList\",\"@id\":\"https:\\\/\\\/radioljubuski.ba\\\/index.php\\\/2022\\\/01\\\/25\\\/najmanje-sestero-mrtvih-u-stampedu-navijaca-uoci-utakmice-u-kamerunu\\\/#breadcrumb\",\"itemListElement\":[{\"@type\":\"ListItem\",\"position\":1,\"name\":\"Po\u010detna stranica\",\"item\":\"https:\\\/\\\/radioljubuski.ba\\\/\"},{\"@type\":\"ListItem\",\"position\":2,\"name\":\"Najmanje \u0161estero mrtvih u stampedu navija\u010da uo\u010di utakmice u Kamerunu\"}]},{\"@type\":\"WebSite\",\"@id\":\"https:\\\/\\\/radioljubuski.ba\\\/#website\",\"url\":\"https:\\\/\\\/radioljubuski.ba\\\/\",\"name\":\"Radio Ljubu\u0161ki\",\"description\":\"Sun\u010dana frekvencija Hercegovine\",\"publisher\":{\"@id\":\"https:\\\/\\\/radioljubuski.ba\\\/#organization\"},\"potentialAction\":[{\"@type\":\"SearchAction\",\"target\":{\"@type\":\"EntryPoint\",\"urlTemplate\":\"https:\\\/\\\/radioljubuski.ba\\\/?s={search_term_string}\"},\"query-input\":{\"@type\":\"PropertyValueSpecification\",\"valueRequired\":true,\"valueName\":\"search_term_string\"}}],\"inLanguage\":\"hr\"},{\"@type\":\"Organization\",\"@id\":\"https:\\\/\\\/radioljubuski.ba\\\/#organization\",\"name\":\"Radio Ljubu\u0161ki\",\"url\":\"https:\\\/\\\/radioljubuski.ba\\\/\",\"logo\":{\"@type\":\"ImageObject\",\"inLanguage\":\"hr\",\"@id\":\"https:\\\/\\\/radioljubuski.ba\\\/#\\\/schema\\\/logo\\\/image\\\/\",\"url\":\"https:\\\/\\\/radioljubuski.ba\\\/wp-content\\\/uploads\\\/2021\\\/02\\\/cropped-Radio_Ljubuski_logo1.jpg\",\"contentUrl\":\"https:\\\/\\\/radioljubuski.ba\\\/wp-content\\\/uploads\\\/2021\\\/02\\\/cropped-Radio_Ljubuski_logo1.jpg\",\"width\":512,\"height\":512,\"caption\":\"Radio Ljubu\u0161ki\"},\"image\":{\"@id\":\"https:\\\/\\\/radioljubuski.ba\\\/#\\\/schema\\\/logo\\\/image\\\/\"},\"sameAs\":[\"https:\\\/\\\/www.facebook.com\\\/Radiio-Ljubuski-1490835324566332\",\"https:\\\/\\\/x.com\\\/radioljubuski\",\"https:\\\/\\\/hr.linkedin.com\\\/company\\\/radio-ljubuski\",\"https:\\\/\\\/www.youtube.com\\\/channel\\\/UCHYaeO_n0Db3tjNGudGpXyw\"]},{\"@type\":\"Person\",\"@id\":\"https:\\\/\\\/radioljubuski.ba\\\/#\\\/schema\\\/person\\\/19fc700381a780f69665d7956c469e3b\",\"name\":\"Radio Ljubu\u0161ki\"}]}<\/script>\n<!-- \/ Yoast SEO plugin. -->","yoast_head_json":{"title":"Najmanje \u0161estero mrtvih u stampedu navija\u010da uo\u010di utakmice u Kamerunu - RADIO LJUBU\u0160KI","robots":{"index":"index","follow":"follow","max-snippet":"max-snippet:-1","max-image-preview":"max-image-preview:large","max-video-preview":"max-video-preview:-1"},"canonical":"https:\/\/radioljubuski.ba\/index.php\/2022\/01\/25\/najmanje-sestero-mrtvih-u-stampedu-navijaca-uoci-utakmice-u-kamerunu\/","og_locale":"hr_HR","og_type":"article","og_title":"Najmanje \u0161estero mrtvih u stampedu navija\u010da uo\u010di utakmice u Kamerunu - RADIO LJUBU\u0160KI","og_description":"Najmanje je \u0161estero ljudi poginulo u stampedu navija\u010da na stadionu Olembe u glavnom kamerunskom gradu Yaoundeu u ponedjeljak, uo\u010di po\u010detka utakmice osmine finala Afri\u010dkog nogometnog prvenstva izme\u0111u Kameruna i Komora, potvrdile su vlasti te zemlje. Vi\u0161e od 40 je ljudi ozlije\u0111eno a jedan je vladin du\u017enosnik potvrdio da bi \u017ertava moglo biti i vi\u0161e, ali [&hellip;]","og_url":"https:\/\/radioljubuski.ba\/index.php\/2022\/01\/25\/najmanje-sestero-mrtvih-u-stampedu-navijaca-uoci-utakmice-u-kamerunu\/","og_site_name":"RADIO LJUBU\u0160KI","article_publisher":"https:\/\/www.facebook.com\/Radiio-Ljubuski-1490835324566332","article_published_time":"2022-01-25T13:43:57+00:00","article_modified_time":"2022-01-25T13:43:58+00:00","og_image":[{"width":1000,"height":625,"url":"https:\/\/radioljubuski.ba\/wp-content\/uploads\/2022\/01\/2-2022-01-25-07-45-55-kamerun.jpg","type":"image\/jpeg"}],"author":"Radio Ljubu\u0161ki","twitter_card":"summary_large_image","twitter_creator":"@radioljubuski","twitter_site":"@radioljubuski","twitter_misc":{"Napisao\/la":"Radio Ljubu\u0161ki","Procijenjeno vrijeme \u010ditanja":"1 minuta"},"schema":{"@context":"https:\/\/schema.org","@graph":[{"@type":"Article","@id":"https:\/\/radioljubuski.ba\/index.php\/2022\/01\/25\/najmanje-sestero-mrtvih-u-stampedu-navijaca-uoci-utakmice-u-kamerunu\/#article","isPartOf":{"@id":"https:\/\/radioljubuski.ba\/index.php\/2022\/01\/25\/najmanje-sestero-mrtvih-u-stampedu-navijaca-uoci-utakmice-u-kamerunu\/"},"author":{"name":"Radio Ljubu\u0161ki","@id":"https:\/\/radioljubuski.ba\/#\/schema\/person\/19fc700381a780f69665d7956c469e3b"},"headline":"Najmanje \u0161estero mrtvih u stampedu navija\u010da uo\u010di utakmice u Kamerunu","datePublished":"2022-01-25T13:43:57+00:00","dateModified":"2022-01-25T13:43:58+00:00","mainEntityOfPage":{"@id":"https:\/\/radioljubuski.ba\/index.php\/2022\/01\/25\/najmanje-sestero-mrtvih-u-stampedu-navijaca-uoci-utakmice-u-kamerunu\/"},"wordCount":228,"publisher":{"@id":"https:\/\/radioljubuski.ba\/#organization"},"image":{"@id":"https:\/\/radioljubuski.ba\/index.php\/2022\/01\/25\/najmanje-sestero-mrtvih-u-stampedu-navijaca-uoci-utakmice-u-kamerunu\/#primaryimage"},"thumbnailUrl":"https:\/\/radioljubuski.ba\/wp-content\/uploads\/2022\/01\/2-2022-01-25-07-45-55-kamerun.jpg","articleSection":["\u0160port"],"inLanguage":"hr"},{"@type":"WebPage","@id":"https:\/\/radioljubuski.ba\/index.php\/2022\/01\/25\/najmanje-sestero-mrtvih-u-stampedu-navijaca-uoci-utakmice-u-kamerunu\/","url":"https:\/\/radioljubuski.ba\/index.php\/2022\/01\/25\/najmanje-sestero-mrtvih-u-stampedu-navijaca-uoci-utakmice-u-kamerunu\/","name":"Najmanje \u0161estero mrtvih u stampedu navija\u010da uo\u010di utakmice u Kamerunu - RADIO LJUBU\u0160KI","isPartOf":{"@id":"https:\/\/radioljubuski.ba\/#website"},"primaryImageOfPage":{"@id":"https:\/\/radioljubuski.ba\/index.php\/2022\/01\/25\/najmanje-sestero-mrtvih-u-stampedu-navijaca-uoci-utakmice-u-kamerunu\/#primaryimage"},"image":{"@id":"https:\/\/radioljubuski.ba\/index.php\/2022\/01\/25\/najmanje-sestero-mrtvih-u-stampedu-navijaca-uoci-utakmice-u-kamerunu\/#primaryimage"},"thumbnailUrl":"https:\/\/radioljubuski.ba\/wp-content\/uploads\/2022\/01\/2-2022-01-25-07-45-55-kamerun.jpg","datePublished":"2022-01-25T13:43:57+00:00","dateModified":"2022-01-25T13:43:58+00:00","breadcrumb":{"@id":"https:\/\/radioljubuski.ba\/index.php\/2022\/01\/25\/najmanje-sestero-mrtvih-u-stampedu-navijaca-uoci-utakmice-u-kamerunu\/#breadcrumb"},"inLanguage":"hr","potentialAction":[{"@type":"ReadAction","target":["https:\/\/radioljubuski.ba\/index.php\/2022\/01\/25\/najmanje-sestero-mrtvih-u-stampedu-navijaca-uoci-utakmice-u-kamerunu\/"]}]},{"@type":"ImageObject","inLanguage":"hr","@id":"https:\/\/radioljubuski.ba\/index.php\/2022\/01\/25\/najmanje-sestero-mrtvih-u-stampedu-navijaca-uoci-utakmice-u-kamerunu\/#primaryimage","url":"https:\/\/radioljubuski.ba\/wp-content\/uploads\/2022\/01\/2-2022-01-25-07-45-55-kamerun.jpg","contentUrl":"https:\/\/radioljubuski.ba\/wp-content\/uploads\/2022\/01\/2-2022-01-25-07-45-55-kamerun.jpg","width":1000,"height":625},{"@type":"BreadcrumbList","@id":"https:\/\/radioljubuski.ba\/index.php\/2022\/01\/25\/najmanje-sestero-mrtvih-u-stampedu-navijaca-uoci-utakmice-u-kamerunu\/#breadcrumb","itemListElement":[{"@type":"ListItem","position":1,"name":"Po\u010detna stranica","item":"https:\/\/radioljubuski.ba\/"},{"@type":"ListItem","position":2,"name":"Najmanje \u0161estero mrtvih u stampedu navija\u010da uo\u010di utakmice u Kamerunu"}]},{"@type":"WebSite","@id":"https:\/\/radioljubuski.ba\/#website","url":"https:\/\/radioljubuski.ba\/","name":"Radio Ljubu\u0161ki","description":"Sun\u010dana frekvencija Hercegovine","publisher":{"@id":"https:\/\/radioljubuski.ba\/#organization"},"potentialAction":[{"@type":"SearchAction","target":{"@type":"EntryPoint","urlTemplate":"https:\/\/radioljubuski.ba\/?s={search_term_string}"},"query-input":{"@type":"PropertyValueSpecification","valueRequired":true,"valueName":"search_term_string"}}],"inLanguage":"hr"},{"@type":"Organization","@id":"https:\/\/radioljubuski.ba\/#organization","name":"Radio Ljubu\u0161ki","url":"https:\/\/radioljubuski.ba\/","logo":{"@type":"ImageObject","inLanguage":"hr","@id":"https:\/\/radioljubuski.ba\/#\/schema\/logo\/image\/","url":"https:\/\/radioljubuski.ba\/wp-content\/uploads\/2021\/02\/cropped-Radio_Ljubuski_logo1.jpg","contentUrl":"https:\/\/radioljubuski.ba\/wp-content\/uploads\/2021\/02\/cropped-Radio_Ljubuski_logo1.jpg","width":512,"height":512,"caption":"Radio Ljubu\u0161ki"},"image":{"@id":"https:\/\/radioljubuski.ba\/#\/schema\/logo\/image\/"},"sameAs":["https:\/\/www.facebook.com\/Radiio-Ljubuski-1490835324566332","https:\/\/x.com\/radioljubuski","https:\/\/hr.linkedin.com\/company\/radio-ljubuski","https:\/\/www.youtube.com\/channel\/UCHYaeO_n0Db3tjNGudGpXyw"]},{"@type":"Person","@id":"https:\/\/radioljubuski.ba\/#\/schema\/person\/19fc700381a780f69665d7956c469e3b","name":"Radio Ljubu\u0161ki"}]}},"_links":{"self":[{"href":"https:\/\/radioljubuski.ba\/index.php\/wp-json\/wp\/v2\/posts\/109179","targetHints":{"allow":["GET"]}}],"collection":[{"href":"https:\/\/radioljubuski.ba\/index.php\/wp-json\/wp\/v2\/posts"}],"about":[{"href":"https:\/\/radioljubuski.ba\/index.php\/wp-json\/wp\/v2\/types\/post"}],"author":[{"embeddable":true,"href":"https:\/\/radioljubuski.ba\/index.php\/wp-json\/wp\/v2\/users\/2"}],"replies":[{"embeddable":true,"href":"https:\/\/radioljubuski.ba\/index.php\/wp-json\/wp\/v2\/comments?post=109179"}],"version-history":[{"count":1,"href":"https:\/\/radioljubuski.ba\/index.php\/wp-json\/wp\/v2\/posts\/109179\/revisions"}],"predecessor-version":[{"id":109181,"href":"https:\/\/radioljubuski.ba\/index.php\/wp-json\/wp\/v2\/posts\/109179\/revisions\/109181"}],"wp:featuredmedia":[{"embeddable":true,"href":"https:\/\/radioljubuski.ba\/index.php\/wp-json\/wp\/v2\/media\/109180"}],"wp:attachment":[{"href":"https:\/\/radioljubuski.ba\/index.php\/wp-json\/wp\/v2\/media?parent=109179"}],"wp:term":[{"taxonomy":"category","embeddable":true,"href":"https:\/\/radioljubuski.ba\/index.php\/wp-json\/wp\/v2\/categories?post=109179"},{"taxonomy":"post_tag","embeddable":true,"href":"https:\/\/radioljubuski.ba\/index.php\/wp-json\/wp\/v2\/tags?post=109179"}],"curies":[{"name":"wp","href":"https:\/\/api.w.org\/{rel}","templated":true}]}}