{"id":109239,"date":"2022-01-25T23:24:54","date_gmt":"2022-01-25T22:24:54","guid":{"rendered":"https:\/\/radioljubuski.ba\/?p=109239"},"modified":"2022-01-25T23:27:51","modified_gmt":"2022-01-25T22:27:51","slug":"109239","status":"publish","type":"post","link":"https:\/\/radioljubuski.ba\/index.php\/2022\/01\/25\/109239\/","title":{"rendered":"Milka Rotim: Majka jednog fratra, majka je svih fratara"},"content":{"rendered":"\n<p>Milka Rotim, \u010dlanica Franjeva\u010dkog svjetovnog reda \u010citluk, majka fratra i sve\u0107enika, osoba koja je pro\u017eivjela ratne strahote i zarobljeni\u0161tvo svoga dvoipolgodi\u0161njeg sina, ispri\u010dala je svoje \u017eivotno svjedo\u010danstvo u razgovoru s Josipom Vukoja, u emisiji Franjeva\u010dkog svjetovnog reda \u201eIz evan\u0111elja u \u017eivot\u201c.<\/p>\n\n\n\n<p>Svoje predstavljanje Milka je zapo\u010dela govorom o svome djetinjstvu. Prvenstveno zahvaljuju\u0107i svojoj majci, koja je bila jako pobo\u017ena \u017eena i uvijek je okupljala susjede i poznanike na zajedni\u010dku molitvu, i Milka je nau\u010dila moliti jo\u0161 u ranom djetinjstvu. U vihoru rata, njihova obiteljska ku\u0107a je izgorjela, a od nje je ostao samo molitvenik Biserje sv. Ante, kojega Milka i danas \u010duva i iz njega moli.<\/p>\n\n\n\n<p>\u201eJednom prilikom sam \u010duvala ovce iza ku\u0107e, mo\u017eda sam bila prvi ili drugi razred ne sje\u0107am se to\u010dno, ja sam \u010ditala Put kri\u017ea i ja sam se rasplakala. Plakala, plakala, sve mi se o\u010di zakrvarile i ja do\u0161la ku\u0107i i mama me pita \u2018\u0160ta ti je bilo sine, \u0161ta ti se dogodilo\u2019. Ja ka\u017eem \u2018\u010citala sam kakao je Isus na\u0161 patio, zar je on toliko patio. Kako je meni njega \u017eao.\u2019 Ja sam to shvaila tada, kao dijete\u201c \u2013 prisje\u0107a se Milka.<\/p>\n\n\n\n<p>Nadalje nadodaje kako joj je kroz \u017eivot molitva i zagovor svetaca uvijek bila pratnja i pomo\u0107: \u201ePro\u0161la sam razne pote\u0161ko\u0107e, ali nekako uvijek Bog, Gospa, sveti Ante, tada smo se vi\u0161e molili sv. Anti, i sveti Franjo, uvijek su bili uz nas i uvijek su nas pratili. I \u010dim malo moli\u0161 osjeti\u0161 milost, osjeti\u0161 nekako nadahnu\u0107e, olak\u0161anje i te molitve uvijek Bog usli\u0161a, uvijek. Ti misli\u0161 ovako \u0107u ja to uradit, ali Bog ti dadne jo\u0161 bolje, jo\u0161 bolje.\u201c<\/p>\n\n\n\n<p>Tijekom rata Milkin sin koji je tada imao samo dvije i pol godine, zarobljen je i proveo je nekoliko mjeseci u zarobljeni\u0161tvu s njezinom sestrom. Kroz to vrijeme Milka je i\u0161la od vrata do vrata tra\u017ee\u0107i pomo\u0107 i na\u010din da izvu\u010de svoga sina. Preko fratara koji su joj pomogli, do\u0161la je u Me\u0111ugorje i svakodnevno i\u0161la do me\u0111unarodnog Crvenog kri\u017ea i stacionara UNPROFOR-a tra\u017ee\u0107i da joj pomognu izvu\u0107i sina.<\/p>\n\n\n\n<p>Uz Bo\u017eju pomo\u0107, to su i uspjeli i Goran je ponovno bio s majkom. Nakon toga su \u010desto mijenjali adrese dok se nisu kona\u010dno smjestili u \u010citluk i napravili obiteljsku ku\u0107u. U tome periodu Milka je rodila jo\u0161 3 djece. Jedno od njih je danas fratar i sve\u0107enik, fra Stipe. Milka osje\u0107a veliki ponos i zahvalnost \u0161to ima sina sve\u0107enika, ali i veliku obvezu moliti za njega i za sve fratre, jer kako ona ka\u017ee: \u201eMajka jednog fratra, majka je svih fratara.\u201c<\/p>\n\n\n\n<p>Prije devet godina uklju\u010dila se u Franjeva\u010dki svjetovni red. Poticaj je dobila dok je vozila susjede na sastanke tre\u0107ara, a one su se uvijek vra\u0107ale tako radosne i sretne da je i ona po\u017eeljela oti\u0107i i vidjeti \u0161to se tamo radi.<\/p>\n\n\n\n<p>Milka svjedo\u010di kolika je mo\u0107 iskrene i zaufane molitve i pouzdanja u Bo\u017eju pomo\u0107 i providnost, a cijeli razgovor s Milkom Rotim poslu\u0161ajte u emisiji \u2018Iz evan\u0111elja u \u017eivot\u2019 YouTube-u.<\/p>\n\n\n\n<iframe loading=\"lazy\" title=\"Iz evan\u0111elja u \u017eivot 25. 1. 2022.  \u2013 Milka Rotim, OFS \u010citluk\" width=\"640\" height=\"360\" src=\"https:\/\/www.youtube.com\/embed\/h4g-JnoAGOs?feature=oembed\" frameborder=\"0\" allow=\"accelerometer; autoplay; clipboard-write; encrypted-media; gyroscope; picture-in-picture; web-share\" referrerpolicy=\"strict-origin-when-cross-origin\" allowfullscreen><\/iframe>\n\n\n\n<p>Izvor.radio mir me\u0111ugorje<\/p>\n","protected":false},"excerpt":{"rendered":"<p>Milka Rotim, \u010dlanica Franjeva\u010dkog svjetovnog reda \u010citluk, majka fratra i sve\u0107enika, osoba koja je pro\u017eivjela ratne strahote i zarobljeni\u0161tvo svoga dvoipolgodi\u0161njeg sina, ispri\u010dala je svoje \u017eivotno svjedo\u010danstvo u razgovoru s Josipom Vukoja, u emisiji Franjeva\u010dkog svjetovnog reda \u201eIz evan\u0111elja u \u017eivot\u201c. Svoje predstavljanje Milka je zapo\u010dela govorom o svome djetinjstvu. Prvenstveno zahvaljuju\u0107i svojoj majci, koja [&hellip;]<\/p>\n","protected":false},"author":2,"featured_media":109240,"comment_status":"closed","ping_status":"closed","sticky":false,"template":"","format":"standard","meta":{"h5ap_radio_sources":[],"footnotes":""},"categories":[1],"tags":[],"class_list":["post-109239","post","type-post","status-publish","format-standard","has-post-thumbnail","hentry","category-bihiregija"],"yoast_head":"<!-- This site is optimized with the Yoast SEO plugin v27.5 - https:\/\/yoast.com\/product\/yoast-seo-wordpress\/ -->\n<title>Milka Rotim: Majka jednog fratra, majka je svih fratara - RADIO LJUBU\u0160KI<\/title>\n<meta name=\"robots\" content=\"index, follow, max-snippet:-1, max-image-preview:large, max-video-preview:-1\" \/>\n<link rel=\"canonical\" href=\"https:\/\/radioljubuski.ba\/index.php\/2022\/01\/25\/109239\/\" \/>\n<meta property=\"og:locale\" content=\"hr_HR\" \/>\n<meta property=\"og:type\" content=\"article\" \/>\n<meta property=\"og:title\" content=\"Milka Rotim: Majka jednog fratra, majka je svih fratara - RADIO LJUBU\u0160KI\" \/>\n<meta property=\"og:description\" content=\"Milka Rotim, \u010dlanica Franjeva\u010dkog svjetovnog reda \u010citluk, majka fratra i sve\u0107enika, osoba koja je pro\u017eivjela ratne strahote i zarobljeni\u0161tvo svoga dvoipolgodi\u0161njeg sina, ispri\u010dala je svoje \u017eivotno svjedo\u010danstvo u razgovoru s Josipom Vukoja, u emisiji Franjeva\u010dkog svjetovnog reda \u201eIz evan\u0111elja u \u017eivot\u201c. Svoje predstavljanje Milka je zapo\u010dela govorom o svome djetinjstvu. Prvenstveno zahvaljuju\u0107i svojoj majci, koja [&hellip;]\" \/>\n<meta property=\"og:url\" content=\"https:\/\/radioljubuski.ba\/index.php\/2022\/01\/25\/109239\/\" \/>\n<meta property=\"og:site_name\" content=\"RADIO LJUBU\u0160KI\" \/>\n<meta property=\"article:publisher\" content=\"https:\/\/www.facebook.com\/Radiio-Ljubuski-1490835324566332\" \/>\n<meta property=\"article:published_time\" content=\"2022-01-25T22:24:54+00:00\" \/>\n<meta property=\"article:modified_time\" content=\"2022-01-25T22:27:51+00:00\" \/>\n<meta property=\"og:image\" content=\"https:\/\/radioljubuski.ba\/wp-content\/uploads\/2022\/01\/7-2022-01-25-20-04-35-milkarotim.jpg\" \/>\n\t<meta property=\"og:image:width\" content=\"1000\" \/>\n\t<meta property=\"og:image:height\" content=\"625\" \/>\n\t<meta property=\"og:image:type\" content=\"image\/jpeg\" \/>\n<meta name=\"author\" content=\"Radio Ljubu\u0161ki\" \/>\n<meta name=\"twitter:card\" content=\"summary_large_image\" \/>\n<meta name=\"twitter:creator\" content=\"@radioljubuski\" \/>\n<meta name=\"twitter:site\" content=\"@radioljubuski\" \/>\n<meta name=\"twitter:label1\" content=\"Napisao\/la\" \/>\n\t<meta name=\"twitter:data1\" content=\"Radio Ljubu\u0161ki\" \/>\n\t<meta name=\"twitter:label2\" content=\"Procijenjeno vrijeme \u010ditanja\" \/>\n\t<meta name=\"twitter:data2\" content=\"3 minute\" \/>\n<script type=\"application\/ld+json\" class=\"yoast-schema-graph\">{\"@context\":\"https:\\\/\\\/schema.org\",\"@graph\":[{\"@type\":\"Article\",\"@id\":\"https:\\\/\\\/radioljubuski.ba\\\/index.php\\\/2022\\\/01\\\/25\\\/109239\\\/#article\",\"isPartOf\":{\"@id\":\"https:\\\/\\\/radioljubuski.ba\\\/index.php\\\/2022\\\/01\\\/25\\\/109239\\\/\"},\"author\":{\"name\":\"Radio Ljubu\u0161ki\",\"@id\":\"https:\\\/\\\/radioljubuski.ba\\\/#\\\/schema\\\/person\\\/19fc700381a780f69665d7956c469e3b\"},\"headline\":\"Milka Rotim: Majka jednog fratra, majka je svih fratara\",\"datePublished\":\"2022-01-25T22:24:54+00:00\",\"dateModified\":\"2022-01-25T22:27:51+00:00\",\"mainEntityOfPage\":{\"@id\":\"https:\\\/\\\/radioljubuski.ba\\\/index.php\\\/2022\\\/01\\\/25\\\/109239\\\/\"},\"wordCount\":572,\"publisher\":{\"@id\":\"https:\\\/\\\/radioljubuski.ba\\\/#organization\"},\"image\":{\"@id\":\"https:\\\/\\\/radioljubuski.ba\\\/index.php\\\/2022\\\/01\\\/25\\\/109239\\\/#primaryimage\"},\"thumbnailUrl\":\"https:\\\/\\\/radioljubuski.ba\\\/wp-content\\\/uploads\\\/2022\\\/01\\\/7-2022-01-25-20-04-35-milkarotim.jpg\",\"articleSection\":[\"BIH i regija\"],\"inLanguage\":\"hr\"},{\"@type\":\"WebPage\",\"@id\":\"https:\\\/\\\/radioljubuski.ba\\\/index.php\\\/2022\\\/01\\\/25\\\/109239\\\/\",\"url\":\"https:\\\/\\\/radioljubuski.ba\\\/index.php\\\/2022\\\/01\\\/25\\\/109239\\\/\",\"name\":\"Milka Rotim: Majka jednog fratra, majka je svih fratara - RADIO LJUBU\u0160KI\",\"isPartOf\":{\"@id\":\"https:\\\/\\\/radioljubuski.ba\\\/#website\"},\"primaryImageOfPage\":{\"@id\":\"https:\\\/\\\/radioljubuski.ba\\\/index.php\\\/2022\\\/01\\\/25\\\/109239\\\/#primaryimage\"},\"image\":{\"@id\":\"https:\\\/\\\/radioljubuski.ba\\\/index.php\\\/2022\\\/01\\\/25\\\/109239\\\/#primaryimage\"},\"thumbnailUrl\":\"https:\\\/\\\/radioljubuski.ba\\\/wp-content\\\/uploads\\\/2022\\\/01\\\/7-2022-01-25-20-04-35-milkarotim.jpg\",\"datePublished\":\"2022-01-25T22:24:54+00:00\",\"dateModified\":\"2022-01-25T22:27:51+00:00\",\"breadcrumb\":{\"@id\":\"https:\\\/\\\/radioljubuski.ba\\\/index.php\\\/2022\\\/01\\\/25\\\/109239\\\/#breadcrumb\"},\"inLanguage\":\"hr\",\"potentialAction\":[{\"@type\":\"ReadAction\",\"target\":[\"https:\\\/\\\/radioljubuski.ba\\\/index.php\\\/2022\\\/01\\\/25\\\/109239\\\/\"]}]},{\"@type\":\"ImageObject\",\"inLanguage\":\"hr\",\"@id\":\"https:\\\/\\\/radioljubuski.ba\\\/index.php\\\/2022\\\/01\\\/25\\\/109239\\\/#primaryimage\",\"url\":\"https:\\\/\\\/radioljubuski.ba\\\/wp-content\\\/uploads\\\/2022\\\/01\\\/7-2022-01-25-20-04-35-milkarotim.jpg\",\"contentUrl\":\"https:\\\/\\\/radioljubuski.ba\\\/wp-content\\\/uploads\\\/2022\\\/01\\\/7-2022-01-25-20-04-35-milkarotim.jpg\",\"width\":1000,\"height\":625},{\"@type\":\"BreadcrumbList\",\"@id\":\"https:\\\/\\\/radioljubuski.ba\\\/index.php\\\/2022\\\/01\\\/25\\\/109239\\\/#breadcrumb\",\"itemListElement\":[{\"@type\":\"ListItem\",\"position\":1,\"name\":\"Po\u010detna stranica\",\"item\":\"https:\\\/\\\/radioljubuski.ba\\\/\"},{\"@type\":\"ListItem\",\"position\":2,\"name\":\"Milka Rotim: Majka jednog fratra, majka je svih fratara\"}]},{\"@type\":\"WebSite\",\"@id\":\"https:\\\/\\\/radioljubuski.ba\\\/#website\",\"url\":\"https:\\\/\\\/radioljubuski.ba\\\/\",\"name\":\"Radio Ljubu\u0161ki\",\"description\":\"Sun\u010dana frekvencija Hercegovine\",\"publisher\":{\"@id\":\"https:\\\/\\\/radioljubuski.ba\\\/#organization\"},\"potentialAction\":[{\"@type\":\"SearchAction\",\"target\":{\"@type\":\"EntryPoint\",\"urlTemplate\":\"https:\\\/\\\/radioljubuski.ba\\\/?s={search_term_string}\"},\"query-input\":{\"@type\":\"PropertyValueSpecification\",\"valueRequired\":true,\"valueName\":\"search_term_string\"}}],\"inLanguage\":\"hr\"},{\"@type\":\"Organization\",\"@id\":\"https:\\\/\\\/radioljubuski.ba\\\/#organization\",\"name\":\"Radio Ljubu\u0161ki\",\"url\":\"https:\\\/\\\/radioljubuski.ba\\\/\",\"logo\":{\"@type\":\"ImageObject\",\"inLanguage\":\"hr\",\"@id\":\"https:\\\/\\\/radioljubuski.ba\\\/#\\\/schema\\\/logo\\\/image\\\/\",\"url\":\"https:\\\/\\\/radioljubuski.ba\\\/wp-content\\\/uploads\\\/2021\\\/02\\\/cropped-Radio_Ljubuski_logo1.jpg\",\"contentUrl\":\"https:\\\/\\\/radioljubuski.ba\\\/wp-content\\\/uploads\\\/2021\\\/02\\\/cropped-Radio_Ljubuski_logo1.jpg\",\"width\":512,\"height\":512,\"caption\":\"Radio Ljubu\u0161ki\"},\"image\":{\"@id\":\"https:\\\/\\\/radioljubuski.ba\\\/#\\\/schema\\\/logo\\\/image\\\/\"},\"sameAs\":[\"https:\\\/\\\/www.facebook.com\\\/Radiio-Ljubuski-1490835324566332\",\"https:\\\/\\\/x.com\\\/radioljubuski\",\"https:\\\/\\\/hr.linkedin.com\\\/company\\\/radio-ljubuski\",\"https:\\\/\\\/www.youtube.com\\\/channel\\\/UCHYaeO_n0Db3tjNGudGpXyw\"]},{\"@type\":\"Person\",\"@id\":\"https:\\\/\\\/radioljubuski.ba\\\/#\\\/schema\\\/person\\\/19fc700381a780f69665d7956c469e3b\",\"name\":\"Radio Ljubu\u0161ki\"}]}<\/script>\n<!-- \/ Yoast SEO plugin. -->","yoast_head_json":{"title":"Milka Rotim: Majka jednog fratra, majka je svih fratara - RADIO LJUBU\u0160KI","robots":{"index":"index","follow":"follow","max-snippet":"max-snippet:-1","max-image-preview":"max-image-preview:large","max-video-preview":"max-video-preview:-1"},"canonical":"https:\/\/radioljubuski.ba\/index.php\/2022\/01\/25\/109239\/","og_locale":"hr_HR","og_type":"article","og_title":"Milka Rotim: Majka jednog fratra, majka je svih fratara - RADIO LJUBU\u0160KI","og_description":"Milka Rotim, \u010dlanica Franjeva\u010dkog svjetovnog reda \u010citluk, majka fratra i sve\u0107enika, osoba koja je pro\u017eivjela ratne strahote i zarobljeni\u0161tvo svoga dvoipolgodi\u0161njeg sina, ispri\u010dala je svoje \u017eivotno svjedo\u010danstvo u razgovoru s Josipom Vukoja, u emisiji Franjeva\u010dkog svjetovnog reda \u201eIz evan\u0111elja u \u017eivot\u201c. Svoje predstavljanje Milka je zapo\u010dela govorom o svome djetinjstvu. Prvenstveno zahvaljuju\u0107i svojoj majci, koja [&hellip;]","og_url":"https:\/\/radioljubuski.ba\/index.php\/2022\/01\/25\/109239\/","og_site_name":"RADIO LJUBU\u0160KI","article_publisher":"https:\/\/www.facebook.com\/Radiio-Ljubuski-1490835324566332","article_published_time":"2022-01-25T22:24:54+00:00","article_modified_time":"2022-01-25T22:27:51+00:00","og_image":[{"width":1000,"height":625,"url":"https:\/\/radioljubuski.ba\/wp-content\/uploads\/2022\/01\/7-2022-01-25-20-04-35-milkarotim.jpg","type":"image\/jpeg"}],"author":"Radio Ljubu\u0161ki","twitter_card":"summary_large_image","twitter_creator":"@radioljubuski","twitter_site":"@radioljubuski","twitter_misc":{"Napisao\/la":"Radio Ljubu\u0161ki","Procijenjeno vrijeme \u010ditanja":"3 minute"},"schema":{"@context":"https:\/\/schema.org","@graph":[{"@type":"Article","@id":"https:\/\/radioljubuski.ba\/index.php\/2022\/01\/25\/109239\/#article","isPartOf":{"@id":"https:\/\/radioljubuski.ba\/index.php\/2022\/01\/25\/109239\/"},"author":{"name":"Radio Ljubu\u0161ki","@id":"https:\/\/radioljubuski.ba\/#\/schema\/person\/19fc700381a780f69665d7956c469e3b"},"headline":"Milka Rotim: Majka jednog fratra, majka je svih fratara","datePublished":"2022-01-25T22:24:54+00:00","dateModified":"2022-01-25T22:27:51+00:00","mainEntityOfPage":{"@id":"https:\/\/radioljubuski.ba\/index.php\/2022\/01\/25\/109239\/"},"wordCount":572,"publisher":{"@id":"https:\/\/radioljubuski.ba\/#organization"},"image":{"@id":"https:\/\/radioljubuski.ba\/index.php\/2022\/01\/25\/109239\/#primaryimage"},"thumbnailUrl":"https:\/\/radioljubuski.ba\/wp-content\/uploads\/2022\/01\/7-2022-01-25-20-04-35-milkarotim.jpg","articleSection":["BIH i regija"],"inLanguage":"hr"},{"@type":"WebPage","@id":"https:\/\/radioljubuski.ba\/index.php\/2022\/01\/25\/109239\/","url":"https:\/\/radioljubuski.ba\/index.php\/2022\/01\/25\/109239\/","name":"Milka Rotim: Majka jednog fratra, majka je svih fratara - RADIO LJUBU\u0160KI","isPartOf":{"@id":"https:\/\/radioljubuski.ba\/#website"},"primaryImageOfPage":{"@id":"https:\/\/radioljubuski.ba\/index.php\/2022\/01\/25\/109239\/#primaryimage"},"image":{"@id":"https:\/\/radioljubuski.ba\/index.php\/2022\/01\/25\/109239\/#primaryimage"},"thumbnailUrl":"https:\/\/radioljubuski.ba\/wp-content\/uploads\/2022\/01\/7-2022-01-25-20-04-35-milkarotim.jpg","datePublished":"2022-01-25T22:24:54+00:00","dateModified":"2022-01-25T22:27:51+00:00","breadcrumb":{"@id":"https:\/\/radioljubuski.ba\/index.php\/2022\/01\/25\/109239\/#breadcrumb"},"inLanguage":"hr","potentialAction":[{"@type":"ReadAction","target":["https:\/\/radioljubuski.ba\/index.php\/2022\/01\/25\/109239\/"]}]},{"@type":"ImageObject","inLanguage":"hr","@id":"https:\/\/radioljubuski.ba\/index.php\/2022\/01\/25\/109239\/#primaryimage","url":"https:\/\/radioljubuski.ba\/wp-content\/uploads\/2022\/01\/7-2022-01-25-20-04-35-milkarotim.jpg","contentUrl":"https:\/\/radioljubuski.ba\/wp-content\/uploads\/2022\/01\/7-2022-01-25-20-04-35-milkarotim.jpg","width":1000,"height":625},{"@type":"BreadcrumbList","@id":"https:\/\/radioljubuski.ba\/index.php\/2022\/01\/25\/109239\/#breadcrumb","itemListElement":[{"@type":"ListItem","position":1,"name":"Po\u010detna stranica","item":"https:\/\/radioljubuski.ba\/"},{"@type":"ListItem","position":2,"name":"Milka Rotim: Majka jednog fratra, majka je svih fratara"}]},{"@type":"WebSite","@id":"https:\/\/radioljubuski.ba\/#website","url":"https:\/\/radioljubuski.ba\/","name":"Radio Ljubu\u0161ki","description":"Sun\u010dana frekvencija Hercegovine","publisher":{"@id":"https:\/\/radioljubuski.ba\/#organization"},"potentialAction":[{"@type":"SearchAction","target":{"@type":"EntryPoint","urlTemplate":"https:\/\/radioljubuski.ba\/?s={search_term_string}"},"query-input":{"@type":"PropertyValueSpecification","valueRequired":true,"valueName":"search_term_string"}}],"inLanguage":"hr"},{"@type":"Organization","@id":"https:\/\/radioljubuski.ba\/#organization","name":"Radio Ljubu\u0161ki","url":"https:\/\/radioljubuski.ba\/","logo":{"@type":"ImageObject","inLanguage":"hr","@id":"https:\/\/radioljubuski.ba\/#\/schema\/logo\/image\/","url":"https:\/\/radioljubuski.ba\/wp-content\/uploads\/2021\/02\/cropped-Radio_Ljubuski_logo1.jpg","contentUrl":"https:\/\/radioljubuski.ba\/wp-content\/uploads\/2021\/02\/cropped-Radio_Ljubuski_logo1.jpg","width":512,"height":512,"caption":"Radio Ljubu\u0161ki"},"image":{"@id":"https:\/\/radioljubuski.ba\/#\/schema\/logo\/image\/"},"sameAs":["https:\/\/www.facebook.com\/Radiio-Ljubuski-1490835324566332","https:\/\/x.com\/radioljubuski","https:\/\/hr.linkedin.com\/company\/radio-ljubuski","https:\/\/www.youtube.com\/channel\/UCHYaeO_n0Db3tjNGudGpXyw"]},{"@type":"Person","@id":"https:\/\/radioljubuski.ba\/#\/schema\/person\/19fc700381a780f69665d7956c469e3b","name":"Radio Ljubu\u0161ki"}]}},"_links":{"self":[{"href":"https:\/\/radioljubuski.ba\/index.php\/wp-json\/wp\/v2\/posts\/109239","targetHints":{"allow":["GET"]}}],"collection":[{"href":"https:\/\/radioljubuski.ba\/index.php\/wp-json\/wp\/v2\/posts"}],"about":[{"href":"https:\/\/radioljubuski.ba\/index.php\/wp-json\/wp\/v2\/types\/post"}],"author":[{"embeddable":true,"href":"https:\/\/radioljubuski.ba\/index.php\/wp-json\/wp\/v2\/users\/2"}],"replies":[{"embeddable":true,"href":"https:\/\/radioljubuski.ba\/index.php\/wp-json\/wp\/v2\/comments?post=109239"}],"version-history":[{"count":2,"href":"https:\/\/radioljubuski.ba\/index.php\/wp-json\/wp\/v2\/posts\/109239\/revisions"}],"predecessor-version":[{"id":109249,"href":"https:\/\/radioljubuski.ba\/index.php\/wp-json\/wp\/v2\/posts\/109239\/revisions\/109249"}],"wp:featuredmedia":[{"embeddable":true,"href":"https:\/\/radioljubuski.ba\/index.php\/wp-json\/wp\/v2\/media\/109240"}],"wp:attachment":[{"href":"https:\/\/radioljubuski.ba\/index.php\/wp-json\/wp\/v2\/media?parent=109239"}],"wp:term":[{"taxonomy":"category","embeddable":true,"href":"https:\/\/radioljubuski.ba\/index.php\/wp-json\/wp\/v2\/categories?post=109239"},{"taxonomy":"post_tag","embeddable":true,"href":"https:\/\/radioljubuski.ba\/index.php\/wp-json\/wp\/v2\/tags?post=109239"}],"curies":[{"name":"wp","href":"https:\/\/api.w.org\/{rel}","templated":true}]}}