{"id":109284,"date":"2022-01-26T09:00:06","date_gmt":"2022-01-26T08:00:06","guid":{"rendered":"https:\/\/radioljubuski.ba\/?p=109284"},"modified":"2022-01-26T09:00:07","modified_gmt":"2022-01-26T08:00:07","slug":"banjalucanin-dao-zivot-da-bi-spasio-kcer","status":"publish","type":"post","link":"https:\/\/radioljubuski.ba\/index.php\/2022\/01\/26\/banjalucanin-dao-zivot-da-bi-spasio-kcer\/","title":{"rendered":"Banjalu\u010danin dao \u017eivot da bi spasio k\u0107er"},"content":{"rendered":"\n<h5 class=\"wp-block-heading\">Velika drama odigrala se na popularnoj pla\u017ei u Adelaidu na jugu Australije.<\/h5>\n\n\n\n<p>49-godi\u0161nji&nbsp;<strong>Branko Radulovi\u0107<\/strong>&nbsp;iz&nbsp;<strong>Banja Luk<\/strong>e poginuo je dok je&nbsp;<strong>spa\u0161avao \u0161estogodi\u0161nju k\u0107er<\/strong>, koju su valovi odnijeli daleko od obale.<\/p>\n\n\n\n<p>Prema izjavama svjedoka, djevoj\u010dica se nalazila u\u00a0<strong>\u010damcu na napuhavanje<\/strong>\u00a0kad su se pojavili vjetar i valovi koji su je povukli od obale. 49-godi\u0161njak je u odje\u0107i uletio u vodu kako bi je spasio.<\/p>\n\n\n\n<p>70-godi\u0161nji&nbsp;<strong>Michael Napper<\/strong>&nbsp;bio je tada na pla\u017ei i vidio kako Radulovi\u0107 ulazi odjeven u vodu i krenuo je za njim.<\/p>\n\n\n\n<p><em>Prije nego \u0161to sam stigao do njega, njegova k\u0107i je sko\u010dila u vodu i bila je u njegovu naru\u010dju, a on ju je poku\u0161avao spasiti<\/em>, rekao je i dodao da su \u010damac odvukli na pu\u010dinu sna\u017ean vjetar i valovi.<\/p>\n\n\n\n<p><em>Kada sam uspio do\u0107i do njega,\u00a0<strong>ve\u0107 je bio pod vodom<\/strong>. Potom je njegovo tijelo isplivalo. Uhvatio sam ga za hla\u010de i okrenuo ga tako da mu lice bude iznad vode. Bio je u nesvijesti kada su ljudi koji su se zatekli na pla\u017ei izvukli njega i njegovu k\u0107er iz vode<\/em>, kazao je Napper.<\/p>\n\n\n\n<p><em>\u017dao mi je \u0161to nisam do\u0161ao ranije do njega<\/em>, dodao je. Na pla\u017eu su stigli i lije\u010dnici kako bi pomogli ocu i k\u0107eri, no 49-godi\u0161njaku&nbsp;<strong>nije bilo spasa<\/strong>.<\/p>\n\n\n\n<p><em>Umro je&nbsp;<strong>herojskom smr\u0107u<\/strong>, spa\u0161avaju\u0107i svoju Laru iz mora<\/em>,&nbsp;<em>\u0160okirani smo, ali znamo koliko je volio svoju omiljenu djevoj\u010dicu i da ne postoji ne\u0161to \u0161to ne bi uradio za nju<\/em>,&nbsp;<strong><em>Dao si \u017eivot za nju i time pokazao za \u0161to si \u017eivio<\/em><\/strong>, samo su neke od poruka ljudi bliskih nastradalom Radulovi\u0107u, prenosi Nova.rs.<\/p>\n\n\n\n<p>Jedan od spa\u0161avatelja,&nbsp;<strong>Daniel Willetts<\/strong>&nbsp;rekao je da su se u ju\u017enoj Australiji u \u0161est tjedana dogodila \u010detiri obalna utapanja. Posebno je upozorio na kori\u0161tenje igra\u010daka na napuhavanje u moru, pi\u0161e ABC.<\/p>\n\n\n\n<p><em>Stoga pozivamo ljude da ne nose svoje igra\u010dke za bazen na pla\u017eu<\/em>, rekao je Willetts.&nbsp;<em>Ako se na\u0111ete na iznenadnom vjetru s obale, bit \u0107ete poneseni prema pu\u010dini i na\u0107i \u0107ete se u pote\u0161ko\u0107ama<\/em>, upozorio je.<\/p>\n\n\n\n<p>Pozvao je ljude da budu&nbsp;<strong>posebno oprezni<\/strong>&nbsp;u nadolaze\u0107im tjednima.<\/p>\n\n\n\n<p><em>S dolaze\u0107im vru\u0107im vremenom i \u0161kolskim raspustom pla\u017ee \u0107e biti prometnije. Molim vas, plivajte izme\u0111u zastava, plivajte u podru\u010dju na kojem ima patrola<\/em>, pozvao je gra\u0111ane.<\/p>\n\n\n\n<iframe loading=\"lazy\" width=\"560\" height=\"315\" src=\"https:\/\/www.youtube.com\/embed\/d6MFIFEeb_0\" title=\"YouTube video player\" frameborder=\"0\" allow=\"accelerometer; autoplay; clipboard-write; encrypted-media; gyroscope; picture-in-picture\" allowfullscreen><\/iframe>\n\n\n\n<p><strong>Izvor: Jabuka.tv<\/strong><\/p>\n","protected":false},"excerpt":{"rendered":"<p>Velika drama odigrala se na popularnoj pla\u017ei u Adelaidu na jugu Australije. 49-godi\u0161nji&nbsp;Branko Radulovi\u0107&nbsp;iz&nbsp;Banja Luke poginuo je dok je&nbsp;spa\u0161avao \u0161estogodi\u0161nju k\u0107er, koju su valovi odnijeli daleko od obale. Prema izjavama svjedoka, djevoj\u010dica se nalazila u\u00a0\u010damcu na napuhavanje\u00a0kad su se pojavili vjetar i valovi koji su je povukli od obale. 49-godi\u0161njak je u odje\u0107i uletio u [&hellip;]<\/p>\n","protected":false},"author":2,"featured_media":109285,"comment_status":"closed","ping_status":"closed","sticky":false,"template":"","format":"standard","meta":{"h5ap_radio_sources":[],"footnotes":""},"categories":[1],"tags":[],"class_list":["post-109284","post","type-post","status-publish","format-standard","has-post-thumbnail","hentry","category-bihiregija"],"yoast_head":"<!-- This site is optimized with the Yoast SEO plugin v27.5 - https:\/\/yoast.com\/product\/yoast-seo-wordpress\/ -->\n<title>Banjalu\u010danin dao \u017eivot da bi spasio k\u0107er - RADIO LJUBU\u0160KI<\/title>\n<meta name=\"robots\" content=\"index, follow, max-snippet:-1, max-image-preview:large, max-video-preview:-1\" \/>\n<link rel=\"canonical\" href=\"https:\/\/radioljubuski.ba\/index.php\/2022\/01\/26\/banjalucanin-dao-zivot-da-bi-spasio-kcer\/\" \/>\n<meta property=\"og:locale\" content=\"hr_HR\" \/>\n<meta property=\"og:type\" content=\"article\" \/>\n<meta property=\"og:title\" content=\"Banjalu\u010danin dao \u017eivot da bi spasio k\u0107er - RADIO LJUBU\u0160KI\" \/>\n<meta property=\"og:description\" content=\"Velika drama odigrala se na popularnoj pla\u017ei u Adelaidu na jugu Australije. 49-godi\u0161nji&nbsp;Branko Radulovi\u0107&nbsp;iz&nbsp;Banja Luke poginuo je dok je&nbsp;spa\u0161avao \u0161estogodi\u0161nju k\u0107er, koju su valovi odnijeli daleko od obale. Prema izjavama svjedoka, djevoj\u010dica se nalazila u\u00a0\u010damcu na napuhavanje\u00a0kad su se pojavili vjetar i valovi koji su je povukli od obale. 49-godi\u0161njak je u odje\u0107i uletio u [&hellip;]\" \/>\n<meta property=\"og:url\" content=\"https:\/\/radioljubuski.ba\/index.php\/2022\/01\/26\/banjalucanin-dao-zivot-da-bi-spasio-kcer\/\" \/>\n<meta property=\"og:site_name\" content=\"RADIO LJUBU\u0160KI\" \/>\n<meta property=\"article:publisher\" content=\"https:\/\/www.facebook.com\/Radiio-Ljubuski-1490835324566332\" \/>\n<meta property=\"article:published_time\" content=\"2022-01-26T08:00:06+00:00\" \/>\n<meta property=\"article:modified_time\" content=\"2022-01-26T08:00:07+00:00\" \/>\n<meta property=\"og:image\" content=\"https:\/\/radioljubuski.ba\/wp-content\/uploads\/2022\/01\/branko-radulovic.jpg\" \/>\n\t<meta property=\"og:image:width\" content=\"800\" \/>\n\t<meta property=\"og:image:height\" content=\"533\" \/>\n\t<meta property=\"og:image:type\" content=\"image\/jpeg\" \/>\n<meta name=\"author\" content=\"Radio Ljubu\u0161ki\" \/>\n<meta name=\"twitter:card\" content=\"summary_large_image\" \/>\n<meta name=\"twitter:creator\" content=\"@radioljubuski\" \/>\n<meta name=\"twitter:site\" content=\"@radioljubuski\" \/>\n<meta name=\"twitter:label1\" content=\"Napisao\/la\" \/>\n\t<meta name=\"twitter:data1\" content=\"Radio Ljubu\u0161ki\" \/>\n\t<meta name=\"twitter:label2\" content=\"Procijenjeno vrijeme \u010ditanja\" \/>\n\t<meta name=\"twitter:data2\" content=\"2 minute\" \/>\n<script type=\"application\/ld+json\" class=\"yoast-schema-graph\">{\"@context\":\"https:\\\/\\\/schema.org\",\"@graph\":[{\"@type\":\"Article\",\"@id\":\"https:\\\/\\\/radioljubuski.ba\\\/index.php\\\/2022\\\/01\\\/26\\\/banjalucanin-dao-zivot-da-bi-spasio-kcer\\\/#article\",\"isPartOf\":{\"@id\":\"https:\\\/\\\/radioljubuski.ba\\\/index.php\\\/2022\\\/01\\\/26\\\/banjalucanin-dao-zivot-da-bi-spasio-kcer\\\/\"},\"author\":{\"name\":\"Radio Ljubu\u0161ki\",\"@id\":\"https:\\\/\\\/radioljubuski.ba\\\/#\\\/schema\\\/person\\\/19fc700381a780f69665d7956c469e3b\"},\"headline\":\"Banjalu\u010danin dao \u017eivot da bi spasio k\u0107er\",\"datePublished\":\"2022-01-26T08:00:06+00:00\",\"dateModified\":\"2022-01-26T08:00:07+00:00\",\"mainEntityOfPage\":{\"@id\":\"https:\\\/\\\/radioljubuski.ba\\\/index.php\\\/2022\\\/01\\\/26\\\/banjalucanin-dao-zivot-da-bi-spasio-kcer\\\/\"},\"wordCount\":443,\"publisher\":{\"@id\":\"https:\\\/\\\/radioljubuski.ba\\\/#organization\"},\"image\":{\"@id\":\"https:\\\/\\\/radioljubuski.ba\\\/index.php\\\/2022\\\/01\\\/26\\\/banjalucanin-dao-zivot-da-bi-spasio-kcer\\\/#primaryimage\"},\"thumbnailUrl\":\"https:\\\/\\\/radioljubuski.ba\\\/wp-content\\\/uploads\\\/2022\\\/01\\\/branko-radulovic.jpg\",\"articleSection\":[\"BIH i regija\"],\"inLanguage\":\"hr\"},{\"@type\":\"WebPage\",\"@id\":\"https:\\\/\\\/radioljubuski.ba\\\/index.php\\\/2022\\\/01\\\/26\\\/banjalucanin-dao-zivot-da-bi-spasio-kcer\\\/\",\"url\":\"https:\\\/\\\/radioljubuski.ba\\\/index.php\\\/2022\\\/01\\\/26\\\/banjalucanin-dao-zivot-da-bi-spasio-kcer\\\/\",\"name\":\"Banjalu\u010danin dao \u017eivot da bi spasio k\u0107er - RADIO LJUBU\u0160KI\",\"isPartOf\":{\"@id\":\"https:\\\/\\\/radioljubuski.ba\\\/#website\"},\"primaryImageOfPage\":{\"@id\":\"https:\\\/\\\/radioljubuski.ba\\\/index.php\\\/2022\\\/01\\\/26\\\/banjalucanin-dao-zivot-da-bi-spasio-kcer\\\/#primaryimage\"},\"image\":{\"@id\":\"https:\\\/\\\/radioljubuski.ba\\\/index.php\\\/2022\\\/01\\\/26\\\/banjalucanin-dao-zivot-da-bi-spasio-kcer\\\/#primaryimage\"},\"thumbnailUrl\":\"https:\\\/\\\/radioljubuski.ba\\\/wp-content\\\/uploads\\\/2022\\\/01\\\/branko-radulovic.jpg\",\"datePublished\":\"2022-01-26T08:00:06+00:00\",\"dateModified\":\"2022-01-26T08:00:07+00:00\",\"breadcrumb\":{\"@id\":\"https:\\\/\\\/radioljubuski.ba\\\/index.php\\\/2022\\\/01\\\/26\\\/banjalucanin-dao-zivot-da-bi-spasio-kcer\\\/#breadcrumb\"},\"inLanguage\":\"hr\",\"potentialAction\":[{\"@type\":\"ReadAction\",\"target\":[\"https:\\\/\\\/radioljubuski.ba\\\/index.php\\\/2022\\\/01\\\/26\\\/banjalucanin-dao-zivot-da-bi-spasio-kcer\\\/\"]}]},{\"@type\":\"ImageObject\",\"inLanguage\":\"hr\",\"@id\":\"https:\\\/\\\/radioljubuski.ba\\\/index.php\\\/2022\\\/01\\\/26\\\/banjalucanin-dao-zivot-da-bi-spasio-kcer\\\/#primaryimage\",\"url\":\"https:\\\/\\\/radioljubuski.ba\\\/wp-content\\\/uploads\\\/2022\\\/01\\\/branko-radulovic.jpg\",\"contentUrl\":\"https:\\\/\\\/radioljubuski.ba\\\/wp-content\\\/uploads\\\/2022\\\/01\\\/branko-radulovic.jpg\",\"width\":800,\"height\":533},{\"@type\":\"BreadcrumbList\",\"@id\":\"https:\\\/\\\/radioljubuski.ba\\\/index.php\\\/2022\\\/01\\\/26\\\/banjalucanin-dao-zivot-da-bi-spasio-kcer\\\/#breadcrumb\",\"itemListElement\":[{\"@type\":\"ListItem\",\"position\":1,\"name\":\"Po\u010detna stranica\",\"item\":\"https:\\\/\\\/radioljubuski.ba\\\/\"},{\"@type\":\"ListItem\",\"position\":2,\"name\":\"Banjalu\u010danin dao \u017eivot da bi spasio k\u0107er\"}]},{\"@type\":\"WebSite\",\"@id\":\"https:\\\/\\\/radioljubuski.ba\\\/#website\",\"url\":\"https:\\\/\\\/radioljubuski.ba\\\/\",\"name\":\"Radio Ljubu\u0161ki\",\"description\":\"Sun\u010dana frekvencija Hercegovine\",\"publisher\":{\"@id\":\"https:\\\/\\\/radioljubuski.ba\\\/#organization\"},\"potentialAction\":[{\"@type\":\"SearchAction\",\"target\":{\"@type\":\"EntryPoint\",\"urlTemplate\":\"https:\\\/\\\/radioljubuski.ba\\\/?s={search_term_string}\"},\"query-input\":{\"@type\":\"PropertyValueSpecification\",\"valueRequired\":true,\"valueName\":\"search_term_string\"}}],\"inLanguage\":\"hr\"},{\"@type\":\"Organization\",\"@id\":\"https:\\\/\\\/radioljubuski.ba\\\/#organization\",\"name\":\"Radio Ljubu\u0161ki\",\"url\":\"https:\\\/\\\/radioljubuski.ba\\\/\",\"logo\":{\"@type\":\"ImageObject\",\"inLanguage\":\"hr\",\"@id\":\"https:\\\/\\\/radioljubuski.ba\\\/#\\\/schema\\\/logo\\\/image\\\/\",\"url\":\"https:\\\/\\\/radioljubuski.ba\\\/wp-content\\\/uploads\\\/2021\\\/02\\\/cropped-Radio_Ljubuski_logo1.jpg\",\"contentUrl\":\"https:\\\/\\\/radioljubuski.ba\\\/wp-content\\\/uploads\\\/2021\\\/02\\\/cropped-Radio_Ljubuski_logo1.jpg\",\"width\":512,\"height\":512,\"caption\":\"Radio Ljubu\u0161ki\"},\"image\":{\"@id\":\"https:\\\/\\\/radioljubuski.ba\\\/#\\\/schema\\\/logo\\\/image\\\/\"},\"sameAs\":[\"https:\\\/\\\/www.facebook.com\\\/Radiio-Ljubuski-1490835324566332\",\"https:\\\/\\\/x.com\\\/radioljubuski\",\"https:\\\/\\\/hr.linkedin.com\\\/company\\\/radio-ljubuski\",\"https:\\\/\\\/www.youtube.com\\\/channel\\\/UCHYaeO_n0Db3tjNGudGpXyw\"]},{\"@type\":\"Person\",\"@id\":\"https:\\\/\\\/radioljubuski.ba\\\/#\\\/schema\\\/person\\\/19fc700381a780f69665d7956c469e3b\",\"name\":\"Radio Ljubu\u0161ki\"}]}<\/script>\n<!-- \/ Yoast SEO plugin. -->","yoast_head_json":{"title":"Banjalu\u010danin dao \u017eivot da bi spasio k\u0107er - RADIO LJUBU\u0160KI","robots":{"index":"index","follow":"follow","max-snippet":"max-snippet:-1","max-image-preview":"max-image-preview:large","max-video-preview":"max-video-preview:-1"},"canonical":"https:\/\/radioljubuski.ba\/index.php\/2022\/01\/26\/banjalucanin-dao-zivot-da-bi-spasio-kcer\/","og_locale":"hr_HR","og_type":"article","og_title":"Banjalu\u010danin dao \u017eivot da bi spasio k\u0107er - RADIO LJUBU\u0160KI","og_description":"Velika drama odigrala se na popularnoj pla\u017ei u Adelaidu na jugu Australije. 49-godi\u0161nji&nbsp;Branko Radulovi\u0107&nbsp;iz&nbsp;Banja Luke poginuo je dok je&nbsp;spa\u0161avao \u0161estogodi\u0161nju k\u0107er, koju su valovi odnijeli daleko od obale. Prema izjavama svjedoka, djevoj\u010dica se nalazila u\u00a0\u010damcu na napuhavanje\u00a0kad su se pojavili vjetar i valovi koji su je povukli od obale. 49-godi\u0161njak je u odje\u0107i uletio u [&hellip;]","og_url":"https:\/\/radioljubuski.ba\/index.php\/2022\/01\/26\/banjalucanin-dao-zivot-da-bi-spasio-kcer\/","og_site_name":"RADIO LJUBU\u0160KI","article_publisher":"https:\/\/www.facebook.com\/Radiio-Ljubuski-1490835324566332","article_published_time":"2022-01-26T08:00:06+00:00","article_modified_time":"2022-01-26T08:00:07+00:00","og_image":[{"width":800,"height":533,"url":"https:\/\/radioljubuski.ba\/wp-content\/uploads\/2022\/01\/branko-radulovic.jpg","type":"image\/jpeg"}],"author":"Radio Ljubu\u0161ki","twitter_card":"summary_large_image","twitter_creator":"@radioljubuski","twitter_site":"@radioljubuski","twitter_misc":{"Napisao\/la":"Radio Ljubu\u0161ki","Procijenjeno vrijeme \u010ditanja":"2 minute"},"schema":{"@context":"https:\/\/schema.org","@graph":[{"@type":"Article","@id":"https:\/\/radioljubuski.ba\/index.php\/2022\/01\/26\/banjalucanin-dao-zivot-da-bi-spasio-kcer\/#article","isPartOf":{"@id":"https:\/\/radioljubuski.ba\/index.php\/2022\/01\/26\/banjalucanin-dao-zivot-da-bi-spasio-kcer\/"},"author":{"name":"Radio Ljubu\u0161ki","@id":"https:\/\/radioljubuski.ba\/#\/schema\/person\/19fc700381a780f69665d7956c469e3b"},"headline":"Banjalu\u010danin dao \u017eivot da bi spasio k\u0107er","datePublished":"2022-01-26T08:00:06+00:00","dateModified":"2022-01-26T08:00:07+00:00","mainEntityOfPage":{"@id":"https:\/\/radioljubuski.ba\/index.php\/2022\/01\/26\/banjalucanin-dao-zivot-da-bi-spasio-kcer\/"},"wordCount":443,"publisher":{"@id":"https:\/\/radioljubuski.ba\/#organization"},"image":{"@id":"https:\/\/radioljubuski.ba\/index.php\/2022\/01\/26\/banjalucanin-dao-zivot-da-bi-spasio-kcer\/#primaryimage"},"thumbnailUrl":"https:\/\/radioljubuski.ba\/wp-content\/uploads\/2022\/01\/branko-radulovic.jpg","articleSection":["BIH i regija"],"inLanguage":"hr"},{"@type":"WebPage","@id":"https:\/\/radioljubuski.ba\/index.php\/2022\/01\/26\/banjalucanin-dao-zivot-da-bi-spasio-kcer\/","url":"https:\/\/radioljubuski.ba\/index.php\/2022\/01\/26\/banjalucanin-dao-zivot-da-bi-spasio-kcer\/","name":"Banjalu\u010danin dao \u017eivot da bi spasio k\u0107er - RADIO LJUBU\u0160KI","isPartOf":{"@id":"https:\/\/radioljubuski.ba\/#website"},"primaryImageOfPage":{"@id":"https:\/\/radioljubuski.ba\/index.php\/2022\/01\/26\/banjalucanin-dao-zivot-da-bi-spasio-kcer\/#primaryimage"},"image":{"@id":"https:\/\/radioljubuski.ba\/index.php\/2022\/01\/26\/banjalucanin-dao-zivot-da-bi-spasio-kcer\/#primaryimage"},"thumbnailUrl":"https:\/\/radioljubuski.ba\/wp-content\/uploads\/2022\/01\/branko-radulovic.jpg","datePublished":"2022-01-26T08:00:06+00:00","dateModified":"2022-01-26T08:00:07+00:00","breadcrumb":{"@id":"https:\/\/radioljubuski.ba\/index.php\/2022\/01\/26\/banjalucanin-dao-zivot-da-bi-spasio-kcer\/#breadcrumb"},"inLanguage":"hr","potentialAction":[{"@type":"ReadAction","target":["https:\/\/radioljubuski.ba\/index.php\/2022\/01\/26\/banjalucanin-dao-zivot-da-bi-spasio-kcer\/"]}]},{"@type":"ImageObject","inLanguage":"hr","@id":"https:\/\/radioljubuski.ba\/index.php\/2022\/01\/26\/banjalucanin-dao-zivot-da-bi-spasio-kcer\/#primaryimage","url":"https:\/\/radioljubuski.ba\/wp-content\/uploads\/2022\/01\/branko-radulovic.jpg","contentUrl":"https:\/\/radioljubuski.ba\/wp-content\/uploads\/2022\/01\/branko-radulovic.jpg","width":800,"height":533},{"@type":"BreadcrumbList","@id":"https:\/\/radioljubuski.ba\/index.php\/2022\/01\/26\/banjalucanin-dao-zivot-da-bi-spasio-kcer\/#breadcrumb","itemListElement":[{"@type":"ListItem","position":1,"name":"Po\u010detna stranica","item":"https:\/\/radioljubuski.ba\/"},{"@type":"ListItem","position":2,"name":"Banjalu\u010danin dao \u017eivot da bi spasio k\u0107er"}]},{"@type":"WebSite","@id":"https:\/\/radioljubuski.ba\/#website","url":"https:\/\/radioljubuski.ba\/","name":"Radio Ljubu\u0161ki","description":"Sun\u010dana frekvencija Hercegovine","publisher":{"@id":"https:\/\/radioljubuski.ba\/#organization"},"potentialAction":[{"@type":"SearchAction","target":{"@type":"EntryPoint","urlTemplate":"https:\/\/radioljubuski.ba\/?s={search_term_string}"},"query-input":{"@type":"PropertyValueSpecification","valueRequired":true,"valueName":"search_term_string"}}],"inLanguage":"hr"},{"@type":"Organization","@id":"https:\/\/radioljubuski.ba\/#organization","name":"Radio Ljubu\u0161ki","url":"https:\/\/radioljubuski.ba\/","logo":{"@type":"ImageObject","inLanguage":"hr","@id":"https:\/\/radioljubuski.ba\/#\/schema\/logo\/image\/","url":"https:\/\/radioljubuski.ba\/wp-content\/uploads\/2021\/02\/cropped-Radio_Ljubuski_logo1.jpg","contentUrl":"https:\/\/radioljubuski.ba\/wp-content\/uploads\/2021\/02\/cropped-Radio_Ljubuski_logo1.jpg","width":512,"height":512,"caption":"Radio Ljubu\u0161ki"},"image":{"@id":"https:\/\/radioljubuski.ba\/#\/schema\/logo\/image\/"},"sameAs":["https:\/\/www.facebook.com\/Radiio-Ljubuski-1490835324566332","https:\/\/x.com\/radioljubuski","https:\/\/hr.linkedin.com\/company\/radio-ljubuski","https:\/\/www.youtube.com\/channel\/UCHYaeO_n0Db3tjNGudGpXyw"]},{"@type":"Person","@id":"https:\/\/radioljubuski.ba\/#\/schema\/person\/19fc700381a780f69665d7956c469e3b","name":"Radio Ljubu\u0161ki"}]}},"_links":{"self":[{"href":"https:\/\/radioljubuski.ba\/index.php\/wp-json\/wp\/v2\/posts\/109284","targetHints":{"allow":["GET"]}}],"collection":[{"href":"https:\/\/radioljubuski.ba\/index.php\/wp-json\/wp\/v2\/posts"}],"about":[{"href":"https:\/\/radioljubuski.ba\/index.php\/wp-json\/wp\/v2\/types\/post"}],"author":[{"embeddable":true,"href":"https:\/\/radioljubuski.ba\/index.php\/wp-json\/wp\/v2\/users\/2"}],"replies":[{"embeddable":true,"href":"https:\/\/radioljubuski.ba\/index.php\/wp-json\/wp\/v2\/comments?post=109284"}],"version-history":[{"count":1,"href":"https:\/\/radioljubuski.ba\/index.php\/wp-json\/wp\/v2\/posts\/109284\/revisions"}],"predecessor-version":[{"id":109286,"href":"https:\/\/radioljubuski.ba\/index.php\/wp-json\/wp\/v2\/posts\/109284\/revisions\/109286"}],"wp:featuredmedia":[{"embeddable":true,"href":"https:\/\/radioljubuski.ba\/index.php\/wp-json\/wp\/v2\/media\/109285"}],"wp:attachment":[{"href":"https:\/\/radioljubuski.ba\/index.php\/wp-json\/wp\/v2\/media?parent=109284"}],"wp:term":[{"taxonomy":"category","embeddable":true,"href":"https:\/\/radioljubuski.ba\/index.php\/wp-json\/wp\/v2\/categories?post=109284"},{"taxonomy":"post_tag","embeddable":true,"href":"https:\/\/radioljubuski.ba\/index.php\/wp-json\/wp\/v2\/tags?post=109284"}],"curies":[{"name":"wp","href":"https:\/\/api.w.org\/{rel}","templated":true}]}}