{"id":109299,"date":"2022-01-26T10:26:47","date_gmt":"2022-01-26T09:26:47","guid":{"rendered":"https:\/\/radioljubuski.ba\/?p=109299"},"modified":"2022-01-26T10:26:48","modified_gmt":"2022-01-26T09:26:48","slug":"bih-siromasna-drzava-visokih-cijena","status":"publish","type":"post","link":"https:\/\/radioljubuski.ba\/index.php\/2022\/01\/26\/bih-siromasna-drzava-visokih-cijena\/","title":{"rendered":"BiH siroma\u0161na dr\u017eava visokih cijena"},"content":{"rendered":"\n<h5 class=\"wp-block-heading\">Prema podacima stranice Numbeo, najve\u0107e svjetske baze podataka o tro\u0161kovima \u017eivota, \u017eivotni tro\u0161kovi u BiH u odnosu na zemlje regije su najni\u017ei.<\/h5>\n\n\n\n<p>S tim se sigurno<strong> ne bi slo\u017eili bh. gra\u0111ani<\/strong>, jer cijene robe i usluga stalno rastu, a pla\u0107e bh. gra\u0111ana evidentno ne prate ova skoro svakodnevna poskupljenja.<\/p>\n\n\n\n<p>Naime, prema podacima Numbea, procijenjeni mjese\u010dni tro\u0161kovi \u010detvero\u010dlane obitelji su<strong> 2.849 KM<\/strong>, a za jednu osobu oko <strong>850 KM<\/strong>, i to bez stanarine, a kada uzmemo u obzir da je, prema podacima Agencije za statistiku BiH, prosje\u010dna pla\u0107a u BiH u studenome 2021. godine iznosila oko <strong>1.000 KM<\/strong>, jasno je da gra\u0111ani bh. jedva krpe kraj s krajem, pi\u0161u Nezavisne novine.<\/p>\n\n\n\n<p>Republi\u010dka agencija za statistiku u ponedjeljak je objavila podatke da je ukupan indeks potro\u0161a\u010dkih cijena u Republici Srpskoj, u prosincu 2021. godine, u odnosu na prethodni mjesec, vi\u0161i za <strong>0,5 posto<\/strong>, dok je u odnosu na prosinac 2020. godine u prosjeku vi\u0161i i za<strong> 5,9 posto<\/strong>. Nadalje su naveli da je prosje\u010dna mjese\u010dna pla\u0107a nakon oporezivanja u RS-u ispla\u0107ena u prosincu 2021. godine iznosila <strong>1.038 KM<\/strong> te da je nominalno ve\u0107a za <strong>\u0161est posto<\/strong>, realno za <strong>0,1 posto<\/strong>.<\/p>\n\n\n\n<p><em>Dok je u odnosu na studeni 2021. nominalno ve\u0107a za 0,8 posto, a realno za 0,3 posto<\/em>, naveli su u Agenciji za statistiku RS, dodaju\u0107i da je prosje\u010dna mjese\u010dna bruto pla\u0107a u studenome pro\u0161le godine iznosila<strong> 1.587 KM<\/strong>.<\/p>\n\n\n\n<p>Prema mi\u0161ljenjima ekonomskih stru\u010dnjaka, ali i sindikalaca i Udruge potro\u0161a\u010da, <strong>BiH je siroma\u0161na zemlja<\/strong>, koja ima veliki uvoz strane robe, te se procjenjuje da sigurno oko<strong> 50 posto obitelji<\/strong> ima nedostatak sredstava za normalan \u017eivot.<\/p>\n\n\n\n<p>Prema mi\u0161ljenju <strong>Aleksandra Ljuboje<\/strong>, ekonomskog analiti\u010dara, <strong>bh. dru\u0161tvo je siroma\u0161no dru\u0161tvo<\/strong>. On ka\u017ee da je to po\u010delo puno ranije, jer je na\u0161 individualni i dru\u0161tveni standard veoma nizak.<\/p>\n\n\n\n<p><em>On je proiza\u0161ao iz socijalisti\u010dkog dru\u0161tvenog ure\u0111enja, a nesretnim gra\u0111anskim ratom uspjeli smo razoriti ono malo gospodarstva i razbiti jedinstveno tr\u017ei\u0161te<\/em>, rekao je Ljuboja za Nezavisne novine, dodaju\u0107i da kao rezultat toga imamo <strong>stalno siroma\u0161enje stanovni\u0161tva<\/strong>, veoma krhke dr\u017eavne sustave i dru\u0161tveni standard.<\/p>\n\n\n\n<p><em>Kada tome dodamo pandemiju, monopolizam i internacionalni globalizam, dolazimo do \u010dinjenice da roba koju uvozimo, a uvozimo sve vi\u0161e, prvo<\/em><strong><em> nema istu kvalitetu<\/em><\/strong><em> kao roba koju koriste strane dr\u017eave, a da su cijene prakti\u010dki iste<\/em>, kazao je Ljuboja. Dodao je da su pla\u0107e ve\u0107 godinama veoma niske i imaju mala pove\u0107anja, a s druge strane, roba ima visoke cijene.<\/p>\n\n\n\n<p><em>Dolazimo u poziciju da smo <\/em><strong><em>siroma\u0161no dru\u0161tvo<\/em><\/strong><strong><em>s ograni\u010denim mogu\u0107nostima<\/em><\/strong><em> zadovoljenja svih svojih potreba, pa i onih egzistencijalnih<\/em>, naveo je Ljuboja.<\/p>\n\n\n\n<p>Istaknuo je da se vrlo malo mo\u017ee uraditi da bi se ovakva situacija promijenila.<\/p>\n\n\n\n<p><em>Mo\u017eemo poku\u0161ati na razini dr\u017eave<\/em><strong><em> zaustaviti uvozni\u010dke lobije<\/em><\/strong><em>, vi\u0161e tro\u0161iti doma\u0107u robu i da na neki na\u010din pravimo zatvorenu ekonomiju<\/em>, rekao je Ljuboja, dodaju\u0107i da mo\u017eemo poku\u0161ati <strong>proizvesti \u0161to vi\u0161e doma\u0107e robe,<\/strong> a da budemo restriktivni prema uvozu svih materijalnih dobara gdje imamo osnovne resurse da ih proizvodimo.<\/p>\n\n\n\n<p>Kako je za Nezavisne novine kazala <strong>Ranka Mi\u0161i\u0107<\/strong>, predsjednica Saveza sindikata RS, evidentno je da imamo izuzetno<strong> ekspanzivan i jak rast tro\u0161kova<\/strong> osnovnih \u017eivotnih namirnica, ali i energenata.<\/p>\n\n\n\n<p><em>\u010cinjenica je da imamo razli\u010dite cijene istih proizvoda istih proizvo\u0111a\u010da u ovisnosti gdje kupujemo. Druga \u010dinjenica je da <\/em><strong><em>simboli\u010dan rast pla\u0107a<\/em><\/strong><em>, odnosno odluka Vlade RS da se dio bruto pla\u0107e prebaci u korist pove\u0107anja pla\u0107a jeste apsolutno nedostatna da bi mogli pokriti tro\u0161kovi \u017eivota<\/em>, rekla je Mi\u0161i\u0107.<\/p>\n\n\n\n<p>Dodala je da ovo nije dobra situacija ni za cjelokupno dru\u0161tvo, ni za poslodavce, ni za dr\u017eavu, a najte\u017ea je za gra\u0111ane koji kupuju tu robu i usluge.<\/p>\n\n\n\n<p><em>Po\u0161to <\/em><strong><em>mi nismo normalna dr\u017eava<\/em><\/strong><em> koja mo\u017ee upravljati krizom kao \u0161to mogu druge zemlje, jedini na\u010din da ne dovedemo u potpunu bijedu cjelokupno stanovni\u0161tvo je da <\/em><strong><em>rast pla\u0107a nadma\u0161i poskupljenja<\/em><\/strong><em>. Jedino tako mo\u017eemo zaustaviti inflaciju i da se ne pogor\u0161a ionako lo\u0161e stanje najve\u0107eg broja stanovnika RS<\/em>, navela je Mi\u0161i\u0107 dodaju\u0107i da \u0107e Sindikat po\u010detkom velja\u010de imati sjednicu Predsjedni\u0161tva s koje \u0107e biti poslan jasan zahtjev Vladi RS da se po\u010dnu razgovori o <strong>pove\u0107anju pla\u0107a<\/strong> za iznos koji \u0107e prema\u0161iti iznos rasta tro\u0161kova \u017eivota.<\/p>\n\n\n\n<p><em>Sada se mora i\u0107i na <\/em><strong><em>pove\u0107anje od 10 do 15 posto<\/em><\/strong><em>, kako najni\u017ee pla\u0107e, tako i svih pla\u0107a u RS, da bismo pokrili porast tro\u0161kova \u017eivota<\/em>, zaklju\u010dila je Mi\u0161i\u0107.<\/p>\n\n\n\n<p><strong>Gordana Buli\u0107<\/strong>, predsjednica Udruge potro\u0161a\u010da \u201cKlub potro\u0161a\u010da\u201d Tuzla, navela je da je upitno mo\u017ee l<strong>i potro\u0161a\u010dka ko\u0161arica<\/strong>, koja se procjenjuje na vi\u0161e od <strong>2.000 KM<\/strong>, zadovoljiti pla\u0107ama od <strong>1.000 KM<\/strong> primanja.<\/p>\n\n\n\n<p><em>\u010cinjenica je da imamo sigurno oko <\/em><strong><em>70 posto ljudi koji se pribli\u017eavaju kategoriji siroma\u0161tva<\/em><\/strong><em>, ali ne mo\u017ee se re\u0107i da nas 70 posto gladuje, me\u0111utim sasvim je sigurno da vi\u0161e od 50 posto obitelji ima nedostatak sredstava za normalan \u017eivot<\/em>, rekla je Buli\u0107 za Nezavisne novine, dodaju\u0107i da je istina da BiH ima ne\u0161to ni\u017ee cijene odre\u0111enih proizvoda u odnosu na Sloveniju i Hrvatsku, ali da te cijene \u0161to se ide ju\u017enije na Balkan padaju.<\/p>\n\n\n\n<p>Nismo s najni\u017eim cijenama, ali bih rekla da smo s ni\u017eim prosje\u010dnim cijenama neke robe. Recimo, suncokretovo i sojino ulje i maslac su<strong> skuplji kod nas nego u Njema\u010dkoj<\/strong>, kazala je Buli\u0107.<\/p>\n\n\n\n<p><strong>Izvor: (www.jabuka.tv)<\/strong><\/p>\n","protected":false},"excerpt":{"rendered":"<p>Prema podacima stranice Numbeo, najve\u0107e svjetske baze podataka o tro\u0161kovima \u017eivota, \u017eivotni tro\u0161kovi u BiH u odnosu na zemlje regije su najni\u017ei. S tim se sigurno ne bi slo\u017eili bh. gra\u0111ani, jer cijene robe i usluga stalno rastu, a pla\u0107e bh. gra\u0111ana evidentno ne prate ova skoro svakodnevna poskupljenja. Naime, prema podacima Numbea, procijenjeni mjese\u010dni [&hellip;]<\/p>\n","protected":false},"author":2,"featured_media":39002,"comment_status":"closed","ping_status":"closed","sticky":false,"template":"","format":"standard","meta":{"h5ap_radio_sources":[],"footnotes":""},"categories":[1],"tags":[],"class_list":["post-109299","post","type-post","status-publish","format-standard","has-post-thumbnail","hentry","category-bihiregija"],"yoast_head":"<!-- This site is optimized with the Yoast SEO plugin v27.5 - https:\/\/yoast.com\/product\/yoast-seo-wordpress\/ -->\n<title>BiH siroma\u0161na dr\u017eava visokih cijena - RADIO LJUBU\u0160KI<\/title>\n<meta name=\"robots\" content=\"index, follow, max-snippet:-1, max-image-preview:large, max-video-preview:-1\" \/>\n<link rel=\"canonical\" href=\"https:\/\/radioljubuski.ba\/index.php\/2022\/01\/26\/bih-siromasna-drzava-visokih-cijena\/\" \/>\n<meta property=\"og:locale\" content=\"hr_HR\" \/>\n<meta property=\"og:type\" content=\"article\" \/>\n<meta property=\"og:title\" content=\"BiH siroma\u0161na dr\u017eava visokih cijena - RADIO LJUBU\u0160KI\" \/>\n<meta property=\"og:description\" content=\"Prema podacima stranice Numbeo, najve\u0107e svjetske baze podataka o tro\u0161kovima \u017eivota, \u017eivotni tro\u0161kovi u BiH u odnosu na zemlje regije su najni\u017ei. S tim se sigurno ne bi slo\u017eili bh. gra\u0111ani, jer cijene robe i usluga stalno rastu, a pla\u0107e bh. gra\u0111ana evidentno ne prate ova skoro svakodnevna poskupljenja. Naime, prema podacima Numbea, procijenjeni mjese\u010dni [&hellip;]\" \/>\n<meta property=\"og:url\" content=\"https:\/\/radioljubuski.ba\/index.php\/2022\/01\/26\/bih-siromasna-drzava-visokih-cijena\/\" \/>\n<meta property=\"og:site_name\" content=\"RADIO LJUBU\u0160KI\" \/>\n<meta property=\"article:publisher\" content=\"https:\/\/www.facebook.com\/Radiio-Ljubuski-1490835324566332\" \/>\n<meta property=\"article:published_time\" content=\"2022-01-26T09:26:47+00:00\" \/>\n<meta property=\"article:modified_time\" content=\"2022-01-26T09:26:48+00:00\" \/>\n<meta property=\"og:image\" content=\"https:\/\/radioljubuski.ba\/wp-content\/uploads\/2021\/07\/prodavnica.jpg\" \/>\n\t<meta property=\"og:image:width\" content=\"1000\" \/>\n\t<meta property=\"og:image:height\" content=\"625\" \/>\n\t<meta property=\"og:image:type\" content=\"image\/jpeg\" \/>\n<meta name=\"author\" content=\"Radio Ljubu\u0161ki\" \/>\n<meta name=\"twitter:card\" content=\"summary_large_image\" \/>\n<meta name=\"twitter:creator\" content=\"@radioljubuski\" \/>\n<meta name=\"twitter:site\" content=\"@radioljubuski\" \/>\n<meta name=\"twitter:label1\" content=\"Napisao\/la\" \/>\n\t<meta name=\"twitter:data1\" content=\"Radio Ljubu\u0161ki\" \/>\n\t<meta name=\"twitter:label2\" content=\"Procijenjeno vrijeme \u010ditanja\" \/>\n\t<meta name=\"twitter:data2\" content=\"4 minute\" \/>\n<script type=\"application\/ld+json\" class=\"yoast-schema-graph\">{\"@context\":\"https:\\\/\\\/schema.org\",\"@graph\":[{\"@type\":\"Article\",\"@id\":\"https:\\\/\\\/radioljubuski.ba\\\/index.php\\\/2022\\\/01\\\/26\\\/bih-siromasna-drzava-visokih-cijena\\\/#article\",\"isPartOf\":{\"@id\":\"https:\\\/\\\/radioljubuski.ba\\\/index.php\\\/2022\\\/01\\\/26\\\/bih-siromasna-drzava-visokih-cijena\\\/\"},\"author\":{\"name\":\"Radio Ljubu\u0161ki\",\"@id\":\"https:\\\/\\\/radioljubuski.ba\\\/#\\\/schema\\\/person\\\/19fc700381a780f69665d7956c469e3b\"},\"headline\":\"BiH siroma\u0161na dr\u017eava visokih cijena\",\"datePublished\":\"2022-01-26T09:26:47+00:00\",\"dateModified\":\"2022-01-26T09:26:48+00:00\",\"mainEntityOfPage\":{\"@id\":\"https:\\\/\\\/radioljubuski.ba\\\/index.php\\\/2022\\\/01\\\/26\\\/bih-siromasna-drzava-visokih-cijena\\\/\"},\"wordCount\":965,\"publisher\":{\"@id\":\"https:\\\/\\\/radioljubuski.ba\\\/#organization\"},\"image\":{\"@id\":\"https:\\\/\\\/radioljubuski.ba\\\/index.php\\\/2022\\\/01\\\/26\\\/bih-siromasna-drzava-visokih-cijena\\\/#primaryimage\"},\"thumbnailUrl\":\"https:\\\/\\\/radioljubuski.ba\\\/wp-content\\\/uploads\\\/2021\\\/07\\\/prodavnica.jpg\",\"articleSection\":[\"BIH i regija\"],\"inLanguage\":\"hr\"},{\"@type\":\"WebPage\",\"@id\":\"https:\\\/\\\/radioljubuski.ba\\\/index.php\\\/2022\\\/01\\\/26\\\/bih-siromasna-drzava-visokih-cijena\\\/\",\"url\":\"https:\\\/\\\/radioljubuski.ba\\\/index.php\\\/2022\\\/01\\\/26\\\/bih-siromasna-drzava-visokih-cijena\\\/\",\"name\":\"BiH siroma\u0161na dr\u017eava visokih cijena - RADIO LJUBU\u0160KI\",\"isPartOf\":{\"@id\":\"https:\\\/\\\/radioljubuski.ba\\\/#website\"},\"primaryImageOfPage\":{\"@id\":\"https:\\\/\\\/radioljubuski.ba\\\/index.php\\\/2022\\\/01\\\/26\\\/bih-siromasna-drzava-visokih-cijena\\\/#primaryimage\"},\"image\":{\"@id\":\"https:\\\/\\\/radioljubuski.ba\\\/index.php\\\/2022\\\/01\\\/26\\\/bih-siromasna-drzava-visokih-cijena\\\/#primaryimage\"},\"thumbnailUrl\":\"https:\\\/\\\/radioljubuski.ba\\\/wp-content\\\/uploads\\\/2021\\\/07\\\/prodavnica.jpg\",\"datePublished\":\"2022-01-26T09:26:47+00:00\",\"dateModified\":\"2022-01-26T09:26:48+00:00\",\"breadcrumb\":{\"@id\":\"https:\\\/\\\/radioljubuski.ba\\\/index.php\\\/2022\\\/01\\\/26\\\/bih-siromasna-drzava-visokih-cijena\\\/#breadcrumb\"},\"inLanguage\":\"hr\",\"potentialAction\":[{\"@type\":\"ReadAction\",\"target\":[\"https:\\\/\\\/radioljubuski.ba\\\/index.php\\\/2022\\\/01\\\/26\\\/bih-siromasna-drzava-visokih-cijena\\\/\"]}]},{\"@type\":\"ImageObject\",\"inLanguage\":\"hr\",\"@id\":\"https:\\\/\\\/radioljubuski.ba\\\/index.php\\\/2022\\\/01\\\/26\\\/bih-siromasna-drzava-visokih-cijena\\\/#primaryimage\",\"url\":\"https:\\\/\\\/radioljubuski.ba\\\/wp-content\\\/uploads\\\/2021\\\/07\\\/prodavnica.jpg\",\"contentUrl\":\"https:\\\/\\\/radioljubuski.ba\\\/wp-content\\\/uploads\\\/2021\\\/07\\\/prodavnica.jpg\",\"width\":1000,\"height\":625},{\"@type\":\"BreadcrumbList\",\"@id\":\"https:\\\/\\\/radioljubuski.ba\\\/index.php\\\/2022\\\/01\\\/26\\\/bih-siromasna-drzava-visokih-cijena\\\/#breadcrumb\",\"itemListElement\":[{\"@type\":\"ListItem\",\"position\":1,\"name\":\"Po\u010detna stranica\",\"item\":\"https:\\\/\\\/radioljubuski.ba\\\/\"},{\"@type\":\"ListItem\",\"position\":2,\"name\":\"BiH siroma\u0161na dr\u017eava visokih cijena\"}]},{\"@type\":\"WebSite\",\"@id\":\"https:\\\/\\\/radioljubuski.ba\\\/#website\",\"url\":\"https:\\\/\\\/radioljubuski.ba\\\/\",\"name\":\"Radio Ljubu\u0161ki\",\"description\":\"Sun\u010dana frekvencija Hercegovine\",\"publisher\":{\"@id\":\"https:\\\/\\\/radioljubuski.ba\\\/#organization\"},\"potentialAction\":[{\"@type\":\"SearchAction\",\"target\":{\"@type\":\"EntryPoint\",\"urlTemplate\":\"https:\\\/\\\/radioljubuski.ba\\\/?s={search_term_string}\"},\"query-input\":{\"@type\":\"PropertyValueSpecification\",\"valueRequired\":true,\"valueName\":\"search_term_string\"}}],\"inLanguage\":\"hr\"},{\"@type\":\"Organization\",\"@id\":\"https:\\\/\\\/radioljubuski.ba\\\/#organization\",\"name\":\"Radio Ljubu\u0161ki\",\"url\":\"https:\\\/\\\/radioljubuski.ba\\\/\",\"logo\":{\"@type\":\"ImageObject\",\"inLanguage\":\"hr\",\"@id\":\"https:\\\/\\\/radioljubuski.ba\\\/#\\\/schema\\\/logo\\\/image\\\/\",\"url\":\"https:\\\/\\\/radioljubuski.ba\\\/wp-content\\\/uploads\\\/2021\\\/02\\\/cropped-Radio_Ljubuski_logo1.jpg\",\"contentUrl\":\"https:\\\/\\\/radioljubuski.ba\\\/wp-content\\\/uploads\\\/2021\\\/02\\\/cropped-Radio_Ljubuski_logo1.jpg\",\"width\":512,\"height\":512,\"caption\":\"Radio Ljubu\u0161ki\"},\"image\":{\"@id\":\"https:\\\/\\\/radioljubuski.ba\\\/#\\\/schema\\\/logo\\\/image\\\/\"},\"sameAs\":[\"https:\\\/\\\/www.facebook.com\\\/Radiio-Ljubuski-1490835324566332\",\"https:\\\/\\\/x.com\\\/radioljubuski\",\"https:\\\/\\\/hr.linkedin.com\\\/company\\\/radio-ljubuski\",\"https:\\\/\\\/www.youtube.com\\\/channel\\\/UCHYaeO_n0Db3tjNGudGpXyw\"]},{\"@type\":\"Person\",\"@id\":\"https:\\\/\\\/radioljubuski.ba\\\/#\\\/schema\\\/person\\\/19fc700381a780f69665d7956c469e3b\",\"name\":\"Radio Ljubu\u0161ki\"}]}<\/script>\n<!-- \/ Yoast SEO plugin. -->","yoast_head_json":{"title":"BiH siroma\u0161na dr\u017eava visokih cijena - RADIO LJUBU\u0160KI","robots":{"index":"index","follow":"follow","max-snippet":"max-snippet:-1","max-image-preview":"max-image-preview:large","max-video-preview":"max-video-preview:-1"},"canonical":"https:\/\/radioljubuski.ba\/index.php\/2022\/01\/26\/bih-siromasna-drzava-visokih-cijena\/","og_locale":"hr_HR","og_type":"article","og_title":"BiH siroma\u0161na dr\u017eava visokih cijena - RADIO LJUBU\u0160KI","og_description":"Prema podacima stranice Numbeo, najve\u0107e svjetske baze podataka o tro\u0161kovima \u017eivota, \u017eivotni tro\u0161kovi u BiH u odnosu na zemlje regije su najni\u017ei. S tim se sigurno ne bi slo\u017eili bh. gra\u0111ani, jer cijene robe i usluga stalno rastu, a pla\u0107e bh. gra\u0111ana evidentno ne prate ova skoro svakodnevna poskupljenja. Naime, prema podacima Numbea, procijenjeni mjese\u010dni [&hellip;]","og_url":"https:\/\/radioljubuski.ba\/index.php\/2022\/01\/26\/bih-siromasna-drzava-visokih-cijena\/","og_site_name":"RADIO LJUBU\u0160KI","article_publisher":"https:\/\/www.facebook.com\/Radiio-Ljubuski-1490835324566332","article_published_time":"2022-01-26T09:26:47+00:00","article_modified_time":"2022-01-26T09:26:48+00:00","og_image":[{"width":1000,"height":625,"url":"https:\/\/radioljubuski.ba\/wp-content\/uploads\/2021\/07\/prodavnica.jpg","type":"image\/jpeg"}],"author":"Radio Ljubu\u0161ki","twitter_card":"summary_large_image","twitter_creator":"@radioljubuski","twitter_site":"@radioljubuski","twitter_misc":{"Napisao\/la":"Radio Ljubu\u0161ki","Procijenjeno vrijeme \u010ditanja":"4 minute"},"schema":{"@context":"https:\/\/schema.org","@graph":[{"@type":"Article","@id":"https:\/\/radioljubuski.ba\/index.php\/2022\/01\/26\/bih-siromasna-drzava-visokih-cijena\/#article","isPartOf":{"@id":"https:\/\/radioljubuski.ba\/index.php\/2022\/01\/26\/bih-siromasna-drzava-visokih-cijena\/"},"author":{"name":"Radio Ljubu\u0161ki","@id":"https:\/\/radioljubuski.ba\/#\/schema\/person\/19fc700381a780f69665d7956c469e3b"},"headline":"BiH siroma\u0161na dr\u017eava visokih cijena","datePublished":"2022-01-26T09:26:47+00:00","dateModified":"2022-01-26T09:26:48+00:00","mainEntityOfPage":{"@id":"https:\/\/radioljubuski.ba\/index.php\/2022\/01\/26\/bih-siromasna-drzava-visokih-cijena\/"},"wordCount":965,"publisher":{"@id":"https:\/\/radioljubuski.ba\/#organization"},"image":{"@id":"https:\/\/radioljubuski.ba\/index.php\/2022\/01\/26\/bih-siromasna-drzava-visokih-cijena\/#primaryimage"},"thumbnailUrl":"https:\/\/radioljubuski.ba\/wp-content\/uploads\/2021\/07\/prodavnica.jpg","articleSection":["BIH i regija"],"inLanguage":"hr"},{"@type":"WebPage","@id":"https:\/\/radioljubuski.ba\/index.php\/2022\/01\/26\/bih-siromasna-drzava-visokih-cijena\/","url":"https:\/\/radioljubuski.ba\/index.php\/2022\/01\/26\/bih-siromasna-drzava-visokih-cijena\/","name":"BiH siroma\u0161na dr\u017eava visokih cijena - RADIO LJUBU\u0160KI","isPartOf":{"@id":"https:\/\/radioljubuski.ba\/#website"},"primaryImageOfPage":{"@id":"https:\/\/radioljubuski.ba\/index.php\/2022\/01\/26\/bih-siromasna-drzava-visokih-cijena\/#primaryimage"},"image":{"@id":"https:\/\/radioljubuski.ba\/index.php\/2022\/01\/26\/bih-siromasna-drzava-visokih-cijena\/#primaryimage"},"thumbnailUrl":"https:\/\/radioljubuski.ba\/wp-content\/uploads\/2021\/07\/prodavnica.jpg","datePublished":"2022-01-26T09:26:47+00:00","dateModified":"2022-01-26T09:26:48+00:00","breadcrumb":{"@id":"https:\/\/radioljubuski.ba\/index.php\/2022\/01\/26\/bih-siromasna-drzava-visokih-cijena\/#breadcrumb"},"inLanguage":"hr","potentialAction":[{"@type":"ReadAction","target":["https:\/\/radioljubuski.ba\/index.php\/2022\/01\/26\/bih-siromasna-drzava-visokih-cijena\/"]}]},{"@type":"ImageObject","inLanguage":"hr","@id":"https:\/\/radioljubuski.ba\/index.php\/2022\/01\/26\/bih-siromasna-drzava-visokih-cijena\/#primaryimage","url":"https:\/\/radioljubuski.ba\/wp-content\/uploads\/2021\/07\/prodavnica.jpg","contentUrl":"https:\/\/radioljubuski.ba\/wp-content\/uploads\/2021\/07\/prodavnica.jpg","width":1000,"height":625},{"@type":"BreadcrumbList","@id":"https:\/\/radioljubuski.ba\/index.php\/2022\/01\/26\/bih-siromasna-drzava-visokih-cijena\/#breadcrumb","itemListElement":[{"@type":"ListItem","position":1,"name":"Po\u010detna stranica","item":"https:\/\/radioljubuski.ba\/"},{"@type":"ListItem","position":2,"name":"BiH siroma\u0161na dr\u017eava visokih cijena"}]},{"@type":"WebSite","@id":"https:\/\/radioljubuski.ba\/#website","url":"https:\/\/radioljubuski.ba\/","name":"Radio Ljubu\u0161ki","description":"Sun\u010dana frekvencija Hercegovine","publisher":{"@id":"https:\/\/radioljubuski.ba\/#organization"},"potentialAction":[{"@type":"SearchAction","target":{"@type":"EntryPoint","urlTemplate":"https:\/\/radioljubuski.ba\/?s={search_term_string}"},"query-input":{"@type":"PropertyValueSpecification","valueRequired":true,"valueName":"search_term_string"}}],"inLanguage":"hr"},{"@type":"Organization","@id":"https:\/\/radioljubuski.ba\/#organization","name":"Radio Ljubu\u0161ki","url":"https:\/\/radioljubuski.ba\/","logo":{"@type":"ImageObject","inLanguage":"hr","@id":"https:\/\/radioljubuski.ba\/#\/schema\/logo\/image\/","url":"https:\/\/radioljubuski.ba\/wp-content\/uploads\/2021\/02\/cropped-Radio_Ljubuski_logo1.jpg","contentUrl":"https:\/\/radioljubuski.ba\/wp-content\/uploads\/2021\/02\/cropped-Radio_Ljubuski_logo1.jpg","width":512,"height":512,"caption":"Radio Ljubu\u0161ki"},"image":{"@id":"https:\/\/radioljubuski.ba\/#\/schema\/logo\/image\/"},"sameAs":["https:\/\/www.facebook.com\/Radiio-Ljubuski-1490835324566332","https:\/\/x.com\/radioljubuski","https:\/\/hr.linkedin.com\/company\/radio-ljubuski","https:\/\/www.youtube.com\/channel\/UCHYaeO_n0Db3tjNGudGpXyw"]},{"@type":"Person","@id":"https:\/\/radioljubuski.ba\/#\/schema\/person\/19fc700381a780f69665d7956c469e3b","name":"Radio Ljubu\u0161ki"}]}},"_links":{"self":[{"href":"https:\/\/radioljubuski.ba\/index.php\/wp-json\/wp\/v2\/posts\/109299","targetHints":{"allow":["GET"]}}],"collection":[{"href":"https:\/\/radioljubuski.ba\/index.php\/wp-json\/wp\/v2\/posts"}],"about":[{"href":"https:\/\/radioljubuski.ba\/index.php\/wp-json\/wp\/v2\/types\/post"}],"author":[{"embeddable":true,"href":"https:\/\/radioljubuski.ba\/index.php\/wp-json\/wp\/v2\/users\/2"}],"replies":[{"embeddable":true,"href":"https:\/\/radioljubuski.ba\/index.php\/wp-json\/wp\/v2\/comments?post=109299"}],"version-history":[{"count":1,"href":"https:\/\/radioljubuski.ba\/index.php\/wp-json\/wp\/v2\/posts\/109299\/revisions"}],"predecessor-version":[{"id":109300,"href":"https:\/\/radioljubuski.ba\/index.php\/wp-json\/wp\/v2\/posts\/109299\/revisions\/109300"}],"wp:featuredmedia":[{"embeddable":true,"href":"https:\/\/radioljubuski.ba\/index.php\/wp-json\/wp\/v2\/media\/39002"}],"wp:attachment":[{"href":"https:\/\/radioljubuski.ba\/index.php\/wp-json\/wp\/v2\/media?parent=109299"}],"wp:term":[{"taxonomy":"category","embeddable":true,"href":"https:\/\/radioljubuski.ba\/index.php\/wp-json\/wp\/v2\/categories?post=109299"},{"taxonomy":"post_tag","embeddable":true,"href":"https:\/\/radioljubuski.ba\/index.php\/wp-json\/wp\/v2\/tags?post=109299"}],"curies":[{"name":"wp","href":"https:\/\/api.w.org\/{rel}","templated":true}]}}