{"id":10930,"date":"2021-04-08T22:11:57","date_gmt":"2021-04-08T21:11:57","guid":{"rendered":"https:\/\/radioljubuski.ba\/?p=10930"},"modified":"2021-04-08T22:11:58","modified_gmt":"2021-04-08T21:11:58","slug":"zavrsnica-lige-prvaka-u-futsalu-u-zadru","status":"publish","type":"post","link":"https:\/\/radioljubuski.ba\/index.php\/2021\/04\/08\/zavrsnica-lige-prvaka-u-futsalu-u-zadru\/","title":{"rendered":"Zavr\u0161nica Lige prvaka u futsalu u Zadru"},"content":{"rendered":"\n<p><strong>Zavr\u0161nica UEFA futsalske Lige prvaka za sezonu 2020.\/21. odr\u017eat \u0107e se od 28. travnja do 3. svibnja u Zadru, a ne u Zagrebu, kako je prethodno bilo predvi\u0111eno, objavio je Hrvatski nogometni savez (HNS).<\/strong><\/p>\n\n\n\n<p>Do zamjene doma\u0107instva do\u0161lo je zbog uloge koju Arena Zagreb ima kao lokacija za pri\u010duvnu bolnicu tijekom epidemije virusa SARS-CoV-2, odnosno rastu\u0107eg broja zara\u017eenih osoba u Zagrebu i dr\u017eavi. Doma\u0107in najboljim europskim futsalskim mom\u010dadima tako \u0107e biti zadarska Arena Kre\u0161imir \u0106osi\u0107.<br>&nbsp;<br>Zanimljivo, zavr\u0161ni Final Eight turnir najprije se trebao igrati u Minsku, no zbog situacije u Bjelorusiji Izvr\u0161ni odbor UEFA-e je krajem velja\u010de dodijelio doma\u0107instvo Zagrebu.<br><br>U \u010detvrtfinalnim susretima futsalske Lige prvaka sastat \u0107e se Barcelona i Dobovec, Inter FS i Ugra Yugorsk, Sporting CP i KPRF te Kairat Almaty i Benfica.<\/p>\n\n\n\n<p>Izvor:hrt.hr<\/p>\n","protected":false},"excerpt":{"rendered":"<p>Zavr\u0161nica UEFA futsalske Lige prvaka za sezonu 2020.\/21. odr\u017eat \u0107e se od 28. travnja do 3. svibnja u Zadru, a ne u Zagrebu, kako je prethodno bilo predvi\u0111eno, objavio je Hrvatski nogometni savez (HNS). Do zamjene doma\u0107instva do\u0161lo je zbog uloge koju Arena Zagreb ima kao lokacija za pri\u010duvnu bolnicu tijekom epidemije virusa SARS-CoV-2, odnosno [&hellip;]<\/p>\n","protected":false},"author":2,"featured_media":10931,"comment_status":"closed","ping_status":"closed","sticky":false,"template":"","format":"standard","meta":{"h5ap_radio_sources":[],"footnotes":""},"categories":[1],"tags":[],"class_list":["post-10930","post","type-post","status-publish","format-standard","has-post-thumbnail","hentry","category-bihiregija"],"yoast_head":"<!-- This site is optimized with the Yoast SEO plugin v27.5 - https:\/\/yoast.com\/product\/yoast-seo-wordpress\/ -->\n<title>Zavr\u0161nica Lige prvaka u futsalu u Zadru - RADIO LJUBU\u0160KI<\/title>\n<meta name=\"robots\" content=\"index, follow, max-snippet:-1, max-image-preview:large, max-video-preview:-1\" \/>\n<link rel=\"canonical\" href=\"https:\/\/radioljubuski.ba\/index.php\/2021\/04\/08\/zavrsnica-lige-prvaka-u-futsalu-u-zadru\/\" \/>\n<meta property=\"og:locale\" content=\"hr_HR\" \/>\n<meta property=\"og:type\" content=\"article\" \/>\n<meta property=\"og:title\" content=\"Zavr\u0161nica Lige prvaka u futsalu u Zadru - RADIO LJUBU\u0160KI\" \/>\n<meta property=\"og:description\" content=\"Zavr\u0161nica UEFA futsalske Lige prvaka za sezonu 2020.\/21. odr\u017eat \u0107e se od 28. travnja do 3. svibnja u Zadru, a ne u Zagrebu, kako je prethodno bilo predvi\u0111eno, objavio je Hrvatski nogometni savez (HNS). Do zamjene doma\u0107instva do\u0161lo je zbog uloge koju Arena Zagreb ima kao lokacija za pri\u010duvnu bolnicu tijekom epidemije virusa SARS-CoV-2, odnosno [&hellip;]\" \/>\n<meta property=\"og:url\" content=\"https:\/\/radioljubuski.ba\/index.php\/2021\/04\/08\/zavrsnica-lige-prvaka-u-futsalu-u-zadru\/\" \/>\n<meta property=\"og:site_name\" content=\"RADIO LJUBU\u0160KI\" \/>\n<meta property=\"article:publisher\" content=\"https:\/\/www.facebook.com\/Radiio-Ljubuski-1490835324566332\" \/>\n<meta property=\"article:published_time\" content=\"2021-04-08T21:11:57+00:00\" \/>\n<meta property=\"article:modified_time\" content=\"2021-04-08T21:11:58+00:00\" \/>\n<meta property=\"og:image\" content=\"https:\/\/radioljubuski.ba\/wp-content\/uploads\/2021\/04\/3-14.png\" \/>\n\t<meta property=\"og:image:width\" content=\"647\" \/>\n\t<meta property=\"og:image:height\" content=\"364\" \/>\n\t<meta property=\"og:image:type\" content=\"image\/png\" \/>\n<meta name=\"author\" content=\"Radio Ljubu\u0161ki\" \/>\n<meta name=\"twitter:card\" content=\"summary_large_image\" \/>\n<meta name=\"twitter:creator\" content=\"@radioljubuski\" \/>\n<meta name=\"twitter:site\" content=\"@radioljubuski\" \/>\n<meta name=\"twitter:label1\" content=\"Napisao\/la\" \/>\n\t<meta name=\"twitter:data1\" content=\"Radio Ljubu\u0161ki\" \/>\n\t<meta name=\"twitter:label2\" content=\"Procijenjeno vrijeme \u010ditanja\" \/>\n\t<meta name=\"twitter:data2\" content=\"1 minuta\" \/>\n<script type=\"application\/ld+json\" class=\"yoast-schema-graph\">{\"@context\":\"https:\\\/\\\/schema.org\",\"@graph\":[{\"@type\":\"Article\",\"@id\":\"https:\\\/\\\/radioljubuski.ba\\\/index.php\\\/2021\\\/04\\\/08\\\/zavrsnica-lige-prvaka-u-futsalu-u-zadru\\\/#article\",\"isPartOf\":{\"@id\":\"https:\\\/\\\/radioljubuski.ba\\\/index.php\\\/2021\\\/04\\\/08\\\/zavrsnica-lige-prvaka-u-futsalu-u-zadru\\\/\"},\"author\":{\"name\":\"Radio Ljubu\u0161ki\",\"@id\":\"https:\\\/\\\/radioljubuski.ba\\\/#\\\/schema\\\/person\\\/19fc700381a780f69665d7956c469e3b\"},\"headline\":\"Zavr\u0161nica Lige prvaka u futsalu u Zadru\",\"datePublished\":\"2021-04-08T21:11:57+00:00\",\"dateModified\":\"2021-04-08T21:11:58+00:00\",\"mainEntityOfPage\":{\"@id\":\"https:\\\/\\\/radioljubuski.ba\\\/index.php\\\/2021\\\/04\\\/08\\\/zavrsnica-lige-prvaka-u-futsalu-u-zadru\\\/\"},\"wordCount\":151,\"publisher\":{\"@id\":\"https:\\\/\\\/radioljubuski.ba\\\/#organization\"},\"image\":{\"@id\":\"https:\\\/\\\/radioljubuski.ba\\\/index.php\\\/2021\\\/04\\\/08\\\/zavrsnica-lige-prvaka-u-futsalu-u-zadru\\\/#primaryimage\"},\"thumbnailUrl\":\"https:\\\/\\\/radioljubuski.ba\\\/wp-content\\\/uploads\\\/2021\\\/04\\\/3-14.png\",\"articleSection\":[\"BIH i regija\"],\"inLanguage\":\"hr\"},{\"@type\":\"WebPage\",\"@id\":\"https:\\\/\\\/radioljubuski.ba\\\/index.php\\\/2021\\\/04\\\/08\\\/zavrsnica-lige-prvaka-u-futsalu-u-zadru\\\/\",\"url\":\"https:\\\/\\\/radioljubuski.ba\\\/index.php\\\/2021\\\/04\\\/08\\\/zavrsnica-lige-prvaka-u-futsalu-u-zadru\\\/\",\"name\":\"Zavr\u0161nica Lige prvaka u futsalu u Zadru - RADIO LJUBU\u0160KI\",\"isPartOf\":{\"@id\":\"https:\\\/\\\/radioljubuski.ba\\\/#website\"},\"primaryImageOfPage\":{\"@id\":\"https:\\\/\\\/radioljubuski.ba\\\/index.php\\\/2021\\\/04\\\/08\\\/zavrsnica-lige-prvaka-u-futsalu-u-zadru\\\/#primaryimage\"},\"image\":{\"@id\":\"https:\\\/\\\/radioljubuski.ba\\\/index.php\\\/2021\\\/04\\\/08\\\/zavrsnica-lige-prvaka-u-futsalu-u-zadru\\\/#primaryimage\"},\"thumbnailUrl\":\"https:\\\/\\\/radioljubuski.ba\\\/wp-content\\\/uploads\\\/2021\\\/04\\\/3-14.png\",\"datePublished\":\"2021-04-08T21:11:57+00:00\",\"dateModified\":\"2021-04-08T21:11:58+00:00\",\"breadcrumb\":{\"@id\":\"https:\\\/\\\/radioljubuski.ba\\\/index.php\\\/2021\\\/04\\\/08\\\/zavrsnica-lige-prvaka-u-futsalu-u-zadru\\\/#breadcrumb\"},\"inLanguage\":\"hr\",\"potentialAction\":[{\"@type\":\"ReadAction\",\"target\":[\"https:\\\/\\\/radioljubuski.ba\\\/index.php\\\/2021\\\/04\\\/08\\\/zavrsnica-lige-prvaka-u-futsalu-u-zadru\\\/\"]}]},{\"@type\":\"ImageObject\",\"inLanguage\":\"hr\",\"@id\":\"https:\\\/\\\/radioljubuski.ba\\\/index.php\\\/2021\\\/04\\\/08\\\/zavrsnica-lige-prvaka-u-futsalu-u-zadru\\\/#primaryimage\",\"url\":\"https:\\\/\\\/radioljubuski.ba\\\/wp-content\\\/uploads\\\/2021\\\/04\\\/3-14.png\",\"contentUrl\":\"https:\\\/\\\/radioljubuski.ba\\\/wp-content\\\/uploads\\\/2021\\\/04\\\/3-14.png\",\"width\":647,\"height\":364},{\"@type\":\"BreadcrumbList\",\"@id\":\"https:\\\/\\\/radioljubuski.ba\\\/index.php\\\/2021\\\/04\\\/08\\\/zavrsnica-lige-prvaka-u-futsalu-u-zadru\\\/#breadcrumb\",\"itemListElement\":[{\"@type\":\"ListItem\",\"position\":1,\"name\":\"Po\u010detna stranica\",\"item\":\"https:\\\/\\\/radioljubuski.ba\\\/\"},{\"@type\":\"ListItem\",\"position\":2,\"name\":\"Zavr\u0161nica Lige prvaka u futsalu u Zadru\"}]},{\"@type\":\"WebSite\",\"@id\":\"https:\\\/\\\/radioljubuski.ba\\\/#website\",\"url\":\"https:\\\/\\\/radioljubuski.ba\\\/\",\"name\":\"Radio Ljubu\u0161ki\",\"description\":\"Sun\u010dana frekvencija Hercegovine\",\"publisher\":{\"@id\":\"https:\\\/\\\/radioljubuski.ba\\\/#organization\"},\"potentialAction\":[{\"@type\":\"SearchAction\",\"target\":{\"@type\":\"EntryPoint\",\"urlTemplate\":\"https:\\\/\\\/radioljubuski.ba\\\/?s={search_term_string}\"},\"query-input\":{\"@type\":\"PropertyValueSpecification\",\"valueRequired\":true,\"valueName\":\"search_term_string\"}}],\"inLanguage\":\"hr\"},{\"@type\":\"Organization\",\"@id\":\"https:\\\/\\\/radioljubuski.ba\\\/#organization\",\"name\":\"Radio Ljubu\u0161ki\",\"url\":\"https:\\\/\\\/radioljubuski.ba\\\/\",\"logo\":{\"@type\":\"ImageObject\",\"inLanguage\":\"hr\",\"@id\":\"https:\\\/\\\/radioljubuski.ba\\\/#\\\/schema\\\/logo\\\/image\\\/\",\"url\":\"https:\\\/\\\/radioljubuski.ba\\\/wp-content\\\/uploads\\\/2021\\\/02\\\/cropped-Radio_Ljubuski_logo1.jpg\",\"contentUrl\":\"https:\\\/\\\/radioljubuski.ba\\\/wp-content\\\/uploads\\\/2021\\\/02\\\/cropped-Radio_Ljubuski_logo1.jpg\",\"width\":512,\"height\":512,\"caption\":\"Radio Ljubu\u0161ki\"},\"image\":{\"@id\":\"https:\\\/\\\/radioljubuski.ba\\\/#\\\/schema\\\/logo\\\/image\\\/\"},\"sameAs\":[\"https:\\\/\\\/www.facebook.com\\\/Radiio-Ljubuski-1490835324566332\",\"https:\\\/\\\/x.com\\\/radioljubuski\",\"https:\\\/\\\/hr.linkedin.com\\\/company\\\/radio-ljubuski\",\"https:\\\/\\\/www.youtube.com\\\/channel\\\/UCHYaeO_n0Db3tjNGudGpXyw\"]},{\"@type\":\"Person\",\"@id\":\"https:\\\/\\\/radioljubuski.ba\\\/#\\\/schema\\\/person\\\/19fc700381a780f69665d7956c469e3b\",\"name\":\"Radio Ljubu\u0161ki\"}]}<\/script>\n<!-- \/ Yoast SEO plugin. -->","yoast_head_json":{"title":"Zavr\u0161nica Lige prvaka u futsalu u Zadru - RADIO LJUBU\u0160KI","robots":{"index":"index","follow":"follow","max-snippet":"max-snippet:-1","max-image-preview":"max-image-preview:large","max-video-preview":"max-video-preview:-1"},"canonical":"https:\/\/radioljubuski.ba\/index.php\/2021\/04\/08\/zavrsnica-lige-prvaka-u-futsalu-u-zadru\/","og_locale":"hr_HR","og_type":"article","og_title":"Zavr\u0161nica Lige prvaka u futsalu u Zadru - RADIO LJUBU\u0160KI","og_description":"Zavr\u0161nica UEFA futsalske Lige prvaka za sezonu 2020.\/21. odr\u017eat \u0107e se od 28. travnja do 3. svibnja u Zadru, a ne u Zagrebu, kako je prethodno bilo predvi\u0111eno, objavio je Hrvatski nogometni savez (HNS). Do zamjene doma\u0107instva do\u0161lo je zbog uloge koju Arena Zagreb ima kao lokacija za pri\u010duvnu bolnicu tijekom epidemije virusa SARS-CoV-2, odnosno [&hellip;]","og_url":"https:\/\/radioljubuski.ba\/index.php\/2021\/04\/08\/zavrsnica-lige-prvaka-u-futsalu-u-zadru\/","og_site_name":"RADIO LJUBU\u0160KI","article_publisher":"https:\/\/www.facebook.com\/Radiio-Ljubuski-1490835324566332","article_published_time":"2021-04-08T21:11:57+00:00","article_modified_time":"2021-04-08T21:11:58+00:00","og_image":[{"width":647,"height":364,"url":"https:\/\/radioljubuski.ba\/wp-content\/uploads\/2021\/04\/3-14.png","type":"image\/png"}],"author":"Radio Ljubu\u0161ki","twitter_card":"summary_large_image","twitter_creator":"@radioljubuski","twitter_site":"@radioljubuski","twitter_misc":{"Napisao\/la":"Radio Ljubu\u0161ki","Procijenjeno vrijeme \u010ditanja":"1 minuta"},"schema":{"@context":"https:\/\/schema.org","@graph":[{"@type":"Article","@id":"https:\/\/radioljubuski.ba\/index.php\/2021\/04\/08\/zavrsnica-lige-prvaka-u-futsalu-u-zadru\/#article","isPartOf":{"@id":"https:\/\/radioljubuski.ba\/index.php\/2021\/04\/08\/zavrsnica-lige-prvaka-u-futsalu-u-zadru\/"},"author":{"name":"Radio Ljubu\u0161ki","@id":"https:\/\/radioljubuski.ba\/#\/schema\/person\/19fc700381a780f69665d7956c469e3b"},"headline":"Zavr\u0161nica Lige prvaka u futsalu u Zadru","datePublished":"2021-04-08T21:11:57+00:00","dateModified":"2021-04-08T21:11:58+00:00","mainEntityOfPage":{"@id":"https:\/\/radioljubuski.ba\/index.php\/2021\/04\/08\/zavrsnica-lige-prvaka-u-futsalu-u-zadru\/"},"wordCount":151,"publisher":{"@id":"https:\/\/radioljubuski.ba\/#organization"},"image":{"@id":"https:\/\/radioljubuski.ba\/index.php\/2021\/04\/08\/zavrsnica-lige-prvaka-u-futsalu-u-zadru\/#primaryimage"},"thumbnailUrl":"https:\/\/radioljubuski.ba\/wp-content\/uploads\/2021\/04\/3-14.png","articleSection":["BIH i regija"],"inLanguage":"hr"},{"@type":"WebPage","@id":"https:\/\/radioljubuski.ba\/index.php\/2021\/04\/08\/zavrsnica-lige-prvaka-u-futsalu-u-zadru\/","url":"https:\/\/radioljubuski.ba\/index.php\/2021\/04\/08\/zavrsnica-lige-prvaka-u-futsalu-u-zadru\/","name":"Zavr\u0161nica Lige prvaka u futsalu u Zadru - RADIO LJUBU\u0160KI","isPartOf":{"@id":"https:\/\/radioljubuski.ba\/#website"},"primaryImageOfPage":{"@id":"https:\/\/radioljubuski.ba\/index.php\/2021\/04\/08\/zavrsnica-lige-prvaka-u-futsalu-u-zadru\/#primaryimage"},"image":{"@id":"https:\/\/radioljubuski.ba\/index.php\/2021\/04\/08\/zavrsnica-lige-prvaka-u-futsalu-u-zadru\/#primaryimage"},"thumbnailUrl":"https:\/\/radioljubuski.ba\/wp-content\/uploads\/2021\/04\/3-14.png","datePublished":"2021-04-08T21:11:57+00:00","dateModified":"2021-04-08T21:11:58+00:00","breadcrumb":{"@id":"https:\/\/radioljubuski.ba\/index.php\/2021\/04\/08\/zavrsnica-lige-prvaka-u-futsalu-u-zadru\/#breadcrumb"},"inLanguage":"hr","potentialAction":[{"@type":"ReadAction","target":["https:\/\/radioljubuski.ba\/index.php\/2021\/04\/08\/zavrsnica-lige-prvaka-u-futsalu-u-zadru\/"]}]},{"@type":"ImageObject","inLanguage":"hr","@id":"https:\/\/radioljubuski.ba\/index.php\/2021\/04\/08\/zavrsnica-lige-prvaka-u-futsalu-u-zadru\/#primaryimage","url":"https:\/\/radioljubuski.ba\/wp-content\/uploads\/2021\/04\/3-14.png","contentUrl":"https:\/\/radioljubuski.ba\/wp-content\/uploads\/2021\/04\/3-14.png","width":647,"height":364},{"@type":"BreadcrumbList","@id":"https:\/\/radioljubuski.ba\/index.php\/2021\/04\/08\/zavrsnica-lige-prvaka-u-futsalu-u-zadru\/#breadcrumb","itemListElement":[{"@type":"ListItem","position":1,"name":"Po\u010detna stranica","item":"https:\/\/radioljubuski.ba\/"},{"@type":"ListItem","position":2,"name":"Zavr\u0161nica Lige prvaka u futsalu u Zadru"}]},{"@type":"WebSite","@id":"https:\/\/radioljubuski.ba\/#website","url":"https:\/\/radioljubuski.ba\/","name":"Radio Ljubu\u0161ki","description":"Sun\u010dana frekvencija Hercegovine","publisher":{"@id":"https:\/\/radioljubuski.ba\/#organization"},"potentialAction":[{"@type":"SearchAction","target":{"@type":"EntryPoint","urlTemplate":"https:\/\/radioljubuski.ba\/?s={search_term_string}"},"query-input":{"@type":"PropertyValueSpecification","valueRequired":true,"valueName":"search_term_string"}}],"inLanguage":"hr"},{"@type":"Organization","@id":"https:\/\/radioljubuski.ba\/#organization","name":"Radio Ljubu\u0161ki","url":"https:\/\/radioljubuski.ba\/","logo":{"@type":"ImageObject","inLanguage":"hr","@id":"https:\/\/radioljubuski.ba\/#\/schema\/logo\/image\/","url":"https:\/\/radioljubuski.ba\/wp-content\/uploads\/2021\/02\/cropped-Radio_Ljubuski_logo1.jpg","contentUrl":"https:\/\/radioljubuski.ba\/wp-content\/uploads\/2021\/02\/cropped-Radio_Ljubuski_logo1.jpg","width":512,"height":512,"caption":"Radio Ljubu\u0161ki"},"image":{"@id":"https:\/\/radioljubuski.ba\/#\/schema\/logo\/image\/"},"sameAs":["https:\/\/www.facebook.com\/Radiio-Ljubuski-1490835324566332","https:\/\/x.com\/radioljubuski","https:\/\/hr.linkedin.com\/company\/radio-ljubuski","https:\/\/www.youtube.com\/channel\/UCHYaeO_n0Db3tjNGudGpXyw"]},{"@type":"Person","@id":"https:\/\/radioljubuski.ba\/#\/schema\/person\/19fc700381a780f69665d7956c469e3b","name":"Radio Ljubu\u0161ki"}]}},"_links":{"self":[{"href":"https:\/\/radioljubuski.ba\/index.php\/wp-json\/wp\/v2\/posts\/10930","targetHints":{"allow":["GET"]}}],"collection":[{"href":"https:\/\/radioljubuski.ba\/index.php\/wp-json\/wp\/v2\/posts"}],"about":[{"href":"https:\/\/radioljubuski.ba\/index.php\/wp-json\/wp\/v2\/types\/post"}],"author":[{"embeddable":true,"href":"https:\/\/radioljubuski.ba\/index.php\/wp-json\/wp\/v2\/users\/2"}],"replies":[{"embeddable":true,"href":"https:\/\/radioljubuski.ba\/index.php\/wp-json\/wp\/v2\/comments?post=10930"}],"version-history":[{"count":1,"href":"https:\/\/radioljubuski.ba\/index.php\/wp-json\/wp\/v2\/posts\/10930\/revisions"}],"predecessor-version":[{"id":10932,"href":"https:\/\/radioljubuski.ba\/index.php\/wp-json\/wp\/v2\/posts\/10930\/revisions\/10932"}],"wp:featuredmedia":[{"embeddable":true,"href":"https:\/\/radioljubuski.ba\/index.php\/wp-json\/wp\/v2\/media\/10931"}],"wp:attachment":[{"href":"https:\/\/radioljubuski.ba\/index.php\/wp-json\/wp\/v2\/media?parent=10930"}],"wp:term":[{"taxonomy":"category","embeddable":true,"href":"https:\/\/radioljubuski.ba\/index.php\/wp-json\/wp\/v2\/categories?post=10930"},{"taxonomy":"post_tag","embeddable":true,"href":"https:\/\/radioljubuski.ba\/index.php\/wp-json\/wp\/v2\/tags?post=10930"}],"curies":[{"name":"wp","href":"https:\/\/api.w.org\/{rel}","templated":true}]}}