{"id":109476,"date":"2022-01-27T10:46:37","date_gmt":"2022-01-27T09:46:37","guid":{"rendered":"https:\/\/radioljubuski.ba\/?p=109476"},"modified":"2022-01-27T10:46:38","modified_gmt":"2022-01-27T09:46:38","slug":"kozul-nasi-prijedlozi-zadovoljavaju-sve-presude-problem-je-klima-u-politickom-sarajevu","status":"publish","type":"post","link":"https:\/\/radioljubuski.ba\/index.php\/2022\/01\/27\/kozul-nasi-prijedlozi-zadovoljavaju-sve-presude-problem-je-klima-u-politickom-sarajevu\/","title":{"rendered":"Ko\u017eul: Na\u0161i prijedlozi zadovoljavaju sve presude, problem je klima u politi\u010dkom Sarajevu"},"content":{"rendered":"\n<p><strong>Predrag Ko\u017eul, zastupnik HDZ-a u Zastupni\u010dkom domu Parlamenta BiH, komentiraju\u0107i nastavak pregovora o Izbornom zakonu, kazao je za \u201eDnevni avaz\u201c kako stranke iz HNS-a ostaju pri prijedlogu promjena Izbornog zakona koji su dogovorile pro\u0161log tjedna.<\/strong><\/p>\n\n\n\n<p><strong>Politi\u010dko Sarajevo<\/strong><\/p>\n\n\n\n<p>\u2013 Na\u010dinili smo vrlo ozbiljan prijedlog izmjena Izbornog zakona, s vrlo ograni\u010denim ustavnim promjenama, koje osiguravaju provedbu svih presuda, i onih Europskog suda i onih Ustavnog suda BiH \u2013 smatra Ko\u017eul.<\/p>\n\n\n\n<p>Ipak, nije pretjerano optimista zbog, kako navodi, ukupne klime koja vlada u \u201epoliti\u010dkom Sarajevu\u201c.<\/p>\n\n\n\n<p>\u2013 Te\u0161ko je u trenutnoj atmosferi koja oko izbornih promjena vlada u politi\u010dkom Sarajevu biti preveliki optimist, ali mi i dalje stojimo na stajali\u0161tu da su promjene Izbornog zakona neophodne \u2013 navodi Ko\u017eul.<\/p>\n\n\n\n<p>Isti\u010de da ima osje\u0107aj da se, usljed intervencije zapadnih sila, stvari pomjeraju s mrtve to\u010dke kada su u pitanju odnosi u BiH.<\/p>\n\n\n\n<p>\u2013 Neku izravnu poveznicu izme\u0111u ponovnog dolaska Palmera i Eichhorst i sankcija Dodiku ne vidim. Imamo negativna iskustva s tim koliko sankcije poma\u017eu. Imamo dojam da se sve skupa ne\u0161to pokrenulo i oko blokade dr\u017eavnih institucija. I to je razlog da realno o\u010dekujemo da mo\u017ee do\u0107i do rje\u0161enja o pitanju Izbornog zakona. Va\u017eno je razgovarati \u2013 isti\u010de Ko\u017eul.<\/p>\n\n\n\n<p><strong>Te\u0161ke rije\u010di<\/strong><\/p>\n\n\n\n<p>Navodi kako veliko optere\u0107enje za pregovore predstavlja atmosfera koja vlada unutar bo\u0161nja\u010dke javnosti.<\/p>\n\n\n\n<p>\u2013 Unutar bo\u0161nja\u010dkog izbornog tijela \u010dujemo mnoge te\u0161ke rije\u010di poput \u201eizdaja\u201c. To je najte\u017ei ili najograni\u010davaju\u0107i moment \u0161to se ti\u010de samih pregovora o Izbornom zakonu i ukupnog rje\u0161enja. Jedan strah unutar probosanskih snaga postoji jednih od drugih. Nitko nema politi\u010dke hrabrosti da isko\u010di iz tog za\u010daranog kruga prijetnji \u2013 da je onaj tko na bilo \u0161to pristane izdajnik \u2013 navodi Ko\u017eul.<\/p>\n\n\n\n<p>Etni\u010dke odrednice<\/p>\n\n\n\n<p>Ko\u017eul ka\u017ee kako je za HDZ BiH neprihvatljiv prijedlog koji se spominjao o potpunom brisanju etni\u010dkih odrednica za budu\u0107e \u010dlanove Predsjedni\u0161tva i delegate u domovima naroda.<\/p>\n\n\n\n<p>\u2013 Poku\u0161ali smo rije\u0161iti presude Europskog suda na na\u010din koji nam se \u010dini racionalan. Bilo je nekih stvari koje je Palmer predlagao koje su za nas bile suspektne. Za nas nije prihvatljivo brisati etni\u010dke odrednice na tako radikalan na\u010din \u2013 isti\u010de Ko\u017eul.<\/p>\n\n\n\n<p>\/HMS\/<\/p>\n","protected":false},"excerpt":{"rendered":"<p>Predrag Ko\u017eul, zastupnik HDZ-a u Zastupni\u010dkom domu Parlamenta BiH, komentiraju\u0107i nastavak pregovora o Izbornom zakonu, kazao je za \u201eDnevni avaz\u201c kako stranke iz HNS-a ostaju pri prijedlogu promjena Izbornog zakona koji su dogovorile pro\u0161log tjedna. Politi\u010dko Sarajevo \u2013 Na\u010dinili smo vrlo ozbiljan prijedlog izmjena Izbornog zakona, s vrlo ograni\u010denim ustavnim promjenama, koje osiguravaju provedbu svih [&hellip;]<\/p>\n","protected":false},"author":2,"featured_media":109477,"comment_status":"closed","ping_status":"closed","sticky":false,"template":"","format":"standard","meta":{"h5ap_radio_sources":[],"footnotes":""},"categories":[1],"tags":[],"class_list":["post-109476","post","type-post","status-publish","format-standard","has-post-thumbnail","hentry","category-bihiregija"],"yoast_head":"<!-- This site is optimized with the Yoast SEO plugin v27.5 - https:\/\/yoast.com\/product\/yoast-seo-wordpress\/ -->\n<title>Ko\u017eul: Na\u0161i prijedlozi zadovoljavaju sve presude, problem je klima u politi\u010dkom Sarajevu - RADIO LJUBU\u0160KI<\/title>\n<meta name=\"robots\" content=\"index, follow, max-snippet:-1, max-image-preview:large, max-video-preview:-1\" \/>\n<link rel=\"canonical\" href=\"https:\/\/radioljubuski.ba\/index.php\/2022\/01\/27\/kozul-nasi-prijedlozi-zadovoljavaju-sve-presude-problem-je-klima-u-politickom-sarajevu\/\" \/>\n<meta property=\"og:locale\" content=\"hr_HR\" \/>\n<meta property=\"og:type\" content=\"article\" \/>\n<meta property=\"og:title\" content=\"Ko\u017eul: Na\u0161i prijedlozi zadovoljavaju sve presude, problem je klima u politi\u010dkom Sarajevu - RADIO LJUBU\u0160KI\" \/>\n<meta property=\"og:description\" content=\"Predrag Ko\u017eul, zastupnik HDZ-a u Zastupni\u010dkom domu Parlamenta BiH, komentiraju\u0107i nastavak pregovora o Izbornom zakonu, kazao je za \u201eDnevni avaz\u201c kako stranke iz HNS-a ostaju pri prijedlogu promjena Izbornog zakona koji su dogovorile pro\u0161log tjedna. Politi\u010dko Sarajevo \u2013 Na\u010dinili smo vrlo ozbiljan prijedlog izmjena Izbornog zakona, s vrlo ograni\u010denim ustavnim promjenama, koje osiguravaju provedbu svih [&hellip;]\" \/>\n<meta property=\"og:url\" content=\"https:\/\/radioljubuski.ba\/index.php\/2022\/01\/27\/kozul-nasi-prijedlozi-zadovoljavaju-sve-presude-problem-je-klima-u-politickom-sarajevu\/\" \/>\n<meta property=\"og:site_name\" content=\"RADIO LJUBU\u0160KI\" \/>\n<meta property=\"article:publisher\" content=\"https:\/\/www.facebook.com\/Radiio-Ljubuski-1490835324566332\" \/>\n<meta property=\"article:published_time\" content=\"2022-01-27T09:46:37+00:00\" \/>\n<meta property=\"article:modified_time\" content=\"2022-01-27T09:46:38+00:00\" \/>\n<meta property=\"og:image\" content=\"https:\/\/radioljubuski.ba\/wp-content\/uploads\/2022\/01\/kozul.jpg\" \/>\n\t<meta property=\"og:image:width\" content=\"750\" \/>\n\t<meta property=\"og:image:height\" content=\"465\" \/>\n\t<meta property=\"og:image:type\" content=\"image\/jpeg\" \/>\n<meta name=\"author\" content=\"Radio Ljubu\u0161ki\" \/>\n<meta name=\"twitter:card\" content=\"summary_large_image\" \/>\n<meta name=\"twitter:creator\" content=\"@radioljubuski\" \/>\n<meta name=\"twitter:site\" content=\"@radioljubuski\" \/>\n<meta name=\"twitter:label1\" content=\"Napisao\/la\" \/>\n\t<meta name=\"twitter:data1\" content=\"Radio Ljubu\u0161ki\" \/>\n\t<meta name=\"twitter:label2\" content=\"Procijenjeno vrijeme \u010ditanja\" \/>\n\t<meta name=\"twitter:data2\" content=\"2 minute\" \/>\n<script type=\"application\/ld+json\" class=\"yoast-schema-graph\">{\"@context\":\"https:\\\/\\\/schema.org\",\"@graph\":[{\"@type\":\"Article\",\"@id\":\"https:\\\/\\\/radioljubuski.ba\\\/index.php\\\/2022\\\/01\\\/27\\\/kozul-nasi-prijedlozi-zadovoljavaju-sve-presude-problem-je-klima-u-politickom-sarajevu\\\/#article\",\"isPartOf\":{\"@id\":\"https:\\\/\\\/radioljubuski.ba\\\/index.php\\\/2022\\\/01\\\/27\\\/kozul-nasi-prijedlozi-zadovoljavaju-sve-presude-problem-je-klima-u-politickom-sarajevu\\\/\"},\"author\":{\"name\":\"Radio Ljubu\u0161ki\",\"@id\":\"https:\\\/\\\/radioljubuski.ba\\\/#\\\/schema\\\/person\\\/19fc700381a780f69665d7956c469e3b\"},\"headline\":\"Ko\u017eul: Na\u0161i prijedlozi zadovoljavaju sve presude, problem je klima u politi\u010dkom Sarajevu\",\"datePublished\":\"2022-01-27T09:46:37+00:00\",\"dateModified\":\"2022-01-27T09:46:38+00:00\",\"mainEntityOfPage\":{\"@id\":\"https:\\\/\\\/radioljubuski.ba\\\/index.php\\\/2022\\\/01\\\/27\\\/kozul-nasi-prijedlozi-zadovoljavaju-sve-presude-problem-je-klima-u-politickom-sarajevu\\\/\"},\"wordCount\":404,\"publisher\":{\"@id\":\"https:\\\/\\\/radioljubuski.ba\\\/#organization\"},\"image\":{\"@id\":\"https:\\\/\\\/radioljubuski.ba\\\/index.php\\\/2022\\\/01\\\/27\\\/kozul-nasi-prijedlozi-zadovoljavaju-sve-presude-problem-je-klima-u-politickom-sarajevu\\\/#primaryimage\"},\"thumbnailUrl\":\"https:\\\/\\\/radioljubuski.ba\\\/wp-content\\\/uploads\\\/2022\\\/01\\\/kozul.jpg\",\"articleSection\":[\"BIH i regija\"],\"inLanguage\":\"hr\"},{\"@type\":\"WebPage\",\"@id\":\"https:\\\/\\\/radioljubuski.ba\\\/index.php\\\/2022\\\/01\\\/27\\\/kozul-nasi-prijedlozi-zadovoljavaju-sve-presude-problem-je-klima-u-politickom-sarajevu\\\/\",\"url\":\"https:\\\/\\\/radioljubuski.ba\\\/index.php\\\/2022\\\/01\\\/27\\\/kozul-nasi-prijedlozi-zadovoljavaju-sve-presude-problem-je-klima-u-politickom-sarajevu\\\/\",\"name\":\"Ko\u017eul: Na\u0161i prijedlozi zadovoljavaju sve presude, problem je klima u politi\u010dkom Sarajevu - RADIO LJUBU\u0160KI\",\"isPartOf\":{\"@id\":\"https:\\\/\\\/radioljubuski.ba\\\/#website\"},\"primaryImageOfPage\":{\"@id\":\"https:\\\/\\\/radioljubuski.ba\\\/index.php\\\/2022\\\/01\\\/27\\\/kozul-nasi-prijedlozi-zadovoljavaju-sve-presude-problem-je-klima-u-politickom-sarajevu\\\/#primaryimage\"},\"image\":{\"@id\":\"https:\\\/\\\/radioljubuski.ba\\\/index.php\\\/2022\\\/01\\\/27\\\/kozul-nasi-prijedlozi-zadovoljavaju-sve-presude-problem-je-klima-u-politickom-sarajevu\\\/#primaryimage\"},\"thumbnailUrl\":\"https:\\\/\\\/radioljubuski.ba\\\/wp-content\\\/uploads\\\/2022\\\/01\\\/kozul.jpg\",\"datePublished\":\"2022-01-27T09:46:37+00:00\",\"dateModified\":\"2022-01-27T09:46:38+00:00\",\"breadcrumb\":{\"@id\":\"https:\\\/\\\/radioljubuski.ba\\\/index.php\\\/2022\\\/01\\\/27\\\/kozul-nasi-prijedlozi-zadovoljavaju-sve-presude-problem-je-klima-u-politickom-sarajevu\\\/#breadcrumb\"},\"inLanguage\":\"hr\",\"potentialAction\":[{\"@type\":\"ReadAction\",\"target\":[\"https:\\\/\\\/radioljubuski.ba\\\/index.php\\\/2022\\\/01\\\/27\\\/kozul-nasi-prijedlozi-zadovoljavaju-sve-presude-problem-je-klima-u-politickom-sarajevu\\\/\"]}]},{\"@type\":\"ImageObject\",\"inLanguage\":\"hr\",\"@id\":\"https:\\\/\\\/radioljubuski.ba\\\/index.php\\\/2022\\\/01\\\/27\\\/kozul-nasi-prijedlozi-zadovoljavaju-sve-presude-problem-je-klima-u-politickom-sarajevu\\\/#primaryimage\",\"url\":\"https:\\\/\\\/radioljubuski.ba\\\/wp-content\\\/uploads\\\/2022\\\/01\\\/kozul.jpg\",\"contentUrl\":\"https:\\\/\\\/radioljubuski.ba\\\/wp-content\\\/uploads\\\/2022\\\/01\\\/kozul.jpg\",\"width\":750,\"height\":465},{\"@type\":\"BreadcrumbList\",\"@id\":\"https:\\\/\\\/radioljubuski.ba\\\/index.php\\\/2022\\\/01\\\/27\\\/kozul-nasi-prijedlozi-zadovoljavaju-sve-presude-problem-je-klima-u-politickom-sarajevu\\\/#breadcrumb\",\"itemListElement\":[{\"@type\":\"ListItem\",\"position\":1,\"name\":\"Po\u010detna stranica\",\"item\":\"https:\\\/\\\/radioljubuski.ba\\\/\"},{\"@type\":\"ListItem\",\"position\":2,\"name\":\"Ko\u017eul: Na\u0161i prijedlozi zadovoljavaju sve presude, problem je klima u politi\u010dkom Sarajevu\"}]},{\"@type\":\"WebSite\",\"@id\":\"https:\\\/\\\/radioljubuski.ba\\\/#website\",\"url\":\"https:\\\/\\\/radioljubuski.ba\\\/\",\"name\":\"Radio Ljubu\u0161ki\",\"description\":\"Sun\u010dana frekvencija Hercegovine\",\"publisher\":{\"@id\":\"https:\\\/\\\/radioljubuski.ba\\\/#organization\"},\"potentialAction\":[{\"@type\":\"SearchAction\",\"target\":{\"@type\":\"EntryPoint\",\"urlTemplate\":\"https:\\\/\\\/radioljubuski.ba\\\/?s={search_term_string}\"},\"query-input\":{\"@type\":\"PropertyValueSpecification\",\"valueRequired\":true,\"valueName\":\"search_term_string\"}}],\"inLanguage\":\"hr\"},{\"@type\":\"Organization\",\"@id\":\"https:\\\/\\\/radioljubuski.ba\\\/#organization\",\"name\":\"Radio Ljubu\u0161ki\",\"url\":\"https:\\\/\\\/radioljubuski.ba\\\/\",\"logo\":{\"@type\":\"ImageObject\",\"inLanguage\":\"hr\",\"@id\":\"https:\\\/\\\/radioljubuski.ba\\\/#\\\/schema\\\/logo\\\/image\\\/\",\"url\":\"https:\\\/\\\/radioljubuski.ba\\\/wp-content\\\/uploads\\\/2021\\\/02\\\/cropped-Radio_Ljubuski_logo1.jpg\",\"contentUrl\":\"https:\\\/\\\/radioljubuski.ba\\\/wp-content\\\/uploads\\\/2021\\\/02\\\/cropped-Radio_Ljubuski_logo1.jpg\",\"width\":512,\"height\":512,\"caption\":\"Radio Ljubu\u0161ki\"},\"image\":{\"@id\":\"https:\\\/\\\/radioljubuski.ba\\\/#\\\/schema\\\/logo\\\/image\\\/\"},\"sameAs\":[\"https:\\\/\\\/www.facebook.com\\\/Radiio-Ljubuski-1490835324566332\",\"https:\\\/\\\/x.com\\\/radioljubuski\",\"https:\\\/\\\/hr.linkedin.com\\\/company\\\/radio-ljubuski\",\"https:\\\/\\\/www.youtube.com\\\/channel\\\/UCHYaeO_n0Db3tjNGudGpXyw\"]},{\"@type\":\"Person\",\"@id\":\"https:\\\/\\\/radioljubuski.ba\\\/#\\\/schema\\\/person\\\/19fc700381a780f69665d7956c469e3b\",\"name\":\"Radio Ljubu\u0161ki\"}]}<\/script>\n<!-- \/ Yoast SEO plugin. -->","yoast_head_json":{"title":"Ko\u017eul: Na\u0161i prijedlozi zadovoljavaju sve presude, problem je klima u politi\u010dkom Sarajevu - RADIO LJUBU\u0160KI","robots":{"index":"index","follow":"follow","max-snippet":"max-snippet:-1","max-image-preview":"max-image-preview:large","max-video-preview":"max-video-preview:-1"},"canonical":"https:\/\/radioljubuski.ba\/index.php\/2022\/01\/27\/kozul-nasi-prijedlozi-zadovoljavaju-sve-presude-problem-je-klima-u-politickom-sarajevu\/","og_locale":"hr_HR","og_type":"article","og_title":"Ko\u017eul: Na\u0161i prijedlozi zadovoljavaju sve presude, problem je klima u politi\u010dkom Sarajevu - RADIO LJUBU\u0160KI","og_description":"Predrag Ko\u017eul, zastupnik HDZ-a u Zastupni\u010dkom domu Parlamenta BiH, komentiraju\u0107i nastavak pregovora o Izbornom zakonu, kazao je za \u201eDnevni avaz\u201c kako stranke iz HNS-a ostaju pri prijedlogu promjena Izbornog zakona koji su dogovorile pro\u0161log tjedna. Politi\u010dko Sarajevo \u2013 Na\u010dinili smo vrlo ozbiljan prijedlog izmjena Izbornog zakona, s vrlo ograni\u010denim ustavnim promjenama, koje osiguravaju provedbu svih [&hellip;]","og_url":"https:\/\/radioljubuski.ba\/index.php\/2022\/01\/27\/kozul-nasi-prijedlozi-zadovoljavaju-sve-presude-problem-je-klima-u-politickom-sarajevu\/","og_site_name":"RADIO LJUBU\u0160KI","article_publisher":"https:\/\/www.facebook.com\/Radiio-Ljubuski-1490835324566332","article_published_time":"2022-01-27T09:46:37+00:00","article_modified_time":"2022-01-27T09:46:38+00:00","og_image":[{"width":750,"height":465,"url":"https:\/\/radioljubuski.ba\/wp-content\/uploads\/2022\/01\/kozul.jpg","type":"image\/jpeg"}],"author":"Radio Ljubu\u0161ki","twitter_card":"summary_large_image","twitter_creator":"@radioljubuski","twitter_site":"@radioljubuski","twitter_misc":{"Napisao\/la":"Radio Ljubu\u0161ki","Procijenjeno vrijeme \u010ditanja":"2 minute"},"schema":{"@context":"https:\/\/schema.org","@graph":[{"@type":"Article","@id":"https:\/\/radioljubuski.ba\/index.php\/2022\/01\/27\/kozul-nasi-prijedlozi-zadovoljavaju-sve-presude-problem-je-klima-u-politickom-sarajevu\/#article","isPartOf":{"@id":"https:\/\/radioljubuski.ba\/index.php\/2022\/01\/27\/kozul-nasi-prijedlozi-zadovoljavaju-sve-presude-problem-je-klima-u-politickom-sarajevu\/"},"author":{"name":"Radio Ljubu\u0161ki","@id":"https:\/\/radioljubuski.ba\/#\/schema\/person\/19fc700381a780f69665d7956c469e3b"},"headline":"Ko\u017eul: Na\u0161i prijedlozi zadovoljavaju sve presude, problem je klima u politi\u010dkom Sarajevu","datePublished":"2022-01-27T09:46:37+00:00","dateModified":"2022-01-27T09:46:38+00:00","mainEntityOfPage":{"@id":"https:\/\/radioljubuski.ba\/index.php\/2022\/01\/27\/kozul-nasi-prijedlozi-zadovoljavaju-sve-presude-problem-je-klima-u-politickom-sarajevu\/"},"wordCount":404,"publisher":{"@id":"https:\/\/radioljubuski.ba\/#organization"},"image":{"@id":"https:\/\/radioljubuski.ba\/index.php\/2022\/01\/27\/kozul-nasi-prijedlozi-zadovoljavaju-sve-presude-problem-je-klima-u-politickom-sarajevu\/#primaryimage"},"thumbnailUrl":"https:\/\/radioljubuski.ba\/wp-content\/uploads\/2022\/01\/kozul.jpg","articleSection":["BIH i regija"],"inLanguage":"hr"},{"@type":"WebPage","@id":"https:\/\/radioljubuski.ba\/index.php\/2022\/01\/27\/kozul-nasi-prijedlozi-zadovoljavaju-sve-presude-problem-je-klima-u-politickom-sarajevu\/","url":"https:\/\/radioljubuski.ba\/index.php\/2022\/01\/27\/kozul-nasi-prijedlozi-zadovoljavaju-sve-presude-problem-je-klima-u-politickom-sarajevu\/","name":"Ko\u017eul: Na\u0161i prijedlozi zadovoljavaju sve presude, problem je klima u politi\u010dkom Sarajevu - RADIO LJUBU\u0160KI","isPartOf":{"@id":"https:\/\/radioljubuski.ba\/#website"},"primaryImageOfPage":{"@id":"https:\/\/radioljubuski.ba\/index.php\/2022\/01\/27\/kozul-nasi-prijedlozi-zadovoljavaju-sve-presude-problem-je-klima-u-politickom-sarajevu\/#primaryimage"},"image":{"@id":"https:\/\/radioljubuski.ba\/index.php\/2022\/01\/27\/kozul-nasi-prijedlozi-zadovoljavaju-sve-presude-problem-je-klima-u-politickom-sarajevu\/#primaryimage"},"thumbnailUrl":"https:\/\/radioljubuski.ba\/wp-content\/uploads\/2022\/01\/kozul.jpg","datePublished":"2022-01-27T09:46:37+00:00","dateModified":"2022-01-27T09:46:38+00:00","breadcrumb":{"@id":"https:\/\/radioljubuski.ba\/index.php\/2022\/01\/27\/kozul-nasi-prijedlozi-zadovoljavaju-sve-presude-problem-je-klima-u-politickom-sarajevu\/#breadcrumb"},"inLanguage":"hr","potentialAction":[{"@type":"ReadAction","target":["https:\/\/radioljubuski.ba\/index.php\/2022\/01\/27\/kozul-nasi-prijedlozi-zadovoljavaju-sve-presude-problem-je-klima-u-politickom-sarajevu\/"]}]},{"@type":"ImageObject","inLanguage":"hr","@id":"https:\/\/radioljubuski.ba\/index.php\/2022\/01\/27\/kozul-nasi-prijedlozi-zadovoljavaju-sve-presude-problem-je-klima-u-politickom-sarajevu\/#primaryimage","url":"https:\/\/radioljubuski.ba\/wp-content\/uploads\/2022\/01\/kozul.jpg","contentUrl":"https:\/\/radioljubuski.ba\/wp-content\/uploads\/2022\/01\/kozul.jpg","width":750,"height":465},{"@type":"BreadcrumbList","@id":"https:\/\/radioljubuski.ba\/index.php\/2022\/01\/27\/kozul-nasi-prijedlozi-zadovoljavaju-sve-presude-problem-je-klima-u-politickom-sarajevu\/#breadcrumb","itemListElement":[{"@type":"ListItem","position":1,"name":"Po\u010detna stranica","item":"https:\/\/radioljubuski.ba\/"},{"@type":"ListItem","position":2,"name":"Ko\u017eul: Na\u0161i prijedlozi zadovoljavaju sve presude, problem je klima u politi\u010dkom Sarajevu"}]},{"@type":"WebSite","@id":"https:\/\/radioljubuski.ba\/#website","url":"https:\/\/radioljubuski.ba\/","name":"Radio Ljubu\u0161ki","description":"Sun\u010dana frekvencija Hercegovine","publisher":{"@id":"https:\/\/radioljubuski.ba\/#organization"},"potentialAction":[{"@type":"SearchAction","target":{"@type":"EntryPoint","urlTemplate":"https:\/\/radioljubuski.ba\/?s={search_term_string}"},"query-input":{"@type":"PropertyValueSpecification","valueRequired":true,"valueName":"search_term_string"}}],"inLanguage":"hr"},{"@type":"Organization","@id":"https:\/\/radioljubuski.ba\/#organization","name":"Radio Ljubu\u0161ki","url":"https:\/\/radioljubuski.ba\/","logo":{"@type":"ImageObject","inLanguage":"hr","@id":"https:\/\/radioljubuski.ba\/#\/schema\/logo\/image\/","url":"https:\/\/radioljubuski.ba\/wp-content\/uploads\/2021\/02\/cropped-Radio_Ljubuski_logo1.jpg","contentUrl":"https:\/\/radioljubuski.ba\/wp-content\/uploads\/2021\/02\/cropped-Radio_Ljubuski_logo1.jpg","width":512,"height":512,"caption":"Radio Ljubu\u0161ki"},"image":{"@id":"https:\/\/radioljubuski.ba\/#\/schema\/logo\/image\/"},"sameAs":["https:\/\/www.facebook.com\/Radiio-Ljubuski-1490835324566332","https:\/\/x.com\/radioljubuski","https:\/\/hr.linkedin.com\/company\/radio-ljubuski","https:\/\/www.youtube.com\/channel\/UCHYaeO_n0Db3tjNGudGpXyw"]},{"@type":"Person","@id":"https:\/\/radioljubuski.ba\/#\/schema\/person\/19fc700381a780f69665d7956c469e3b","name":"Radio Ljubu\u0161ki"}]}},"_links":{"self":[{"href":"https:\/\/radioljubuski.ba\/index.php\/wp-json\/wp\/v2\/posts\/109476","targetHints":{"allow":["GET"]}}],"collection":[{"href":"https:\/\/radioljubuski.ba\/index.php\/wp-json\/wp\/v2\/posts"}],"about":[{"href":"https:\/\/radioljubuski.ba\/index.php\/wp-json\/wp\/v2\/types\/post"}],"author":[{"embeddable":true,"href":"https:\/\/radioljubuski.ba\/index.php\/wp-json\/wp\/v2\/users\/2"}],"replies":[{"embeddable":true,"href":"https:\/\/radioljubuski.ba\/index.php\/wp-json\/wp\/v2\/comments?post=109476"}],"version-history":[{"count":1,"href":"https:\/\/radioljubuski.ba\/index.php\/wp-json\/wp\/v2\/posts\/109476\/revisions"}],"predecessor-version":[{"id":109478,"href":"https:\/\/radioljubuski.ba\/index.php\/wp-json\/wp\/v2\/posts\/109476\/revisions\/109478"}],"wp:featuredmedia":[{"embeddable":true,"href":"https:\/\/radioljubuski.ba\/index.php\/wp-json\/wp\/v2\/media\/109477"}],"wp:attachment":[{"href":"https:\/\/radioljubuski.ba\/index.php\/wp-json\/wp\/v2\/media?parent=109476"}],"wp:term":[{"taxonomy":"category","embeddable":true,"href":"https:\/\/radioljubuski.ba\/index.php\/wp-json\/wp\/v2\/categories?post=109476"},{"taxonomy":"post_tag","embeddable":true,"href":"https:\/\/radioljubuski.ba\/index.php\/wp-json\/wp\/v2\/tags?post=109476"}],"curies":[{"name":"wp","href":"https:\/\/api.w.org\/{rel}","templated":true}]}}