{"id":109493,"date":"2022-01-27T10:56:31","date_gmt":"2022-01-27T09:56:31","guid":{"rendered":"https:\/\/radioljubuski.ba\/?p=109493"},"modified":"2022-01-27T10:56:32","modified_gmt":"2022-01-27T09:56:32","slug":"martinovic-sacuvati-mehanizam-ustavne-zastite-hrvata","status":"publish","type":"post","link":"https:\/\/radioljubuski.ba\/index.php\/2022\/01\/27\/martinovic-sacuvati-mehanizam-ustavne-zastite-hrvata\/","title":{"rendered":"Martinovi\u0107: Sa\u010duvati mehanizam ustavne za\u0161tite Hrvata"},"content":{"rendered":"\n<p><strong>Predsjedavaju\u0107i Doma naroda Parlamenta Federacije BiH Tomislav Martinovi\u0107 izjavio je da bi bez mehanizma ustavne za\u0161tite Hrvata FBiH vrlo brzo bila entitet ve\u0107inskog bo\u0161nja\u010dkog naroda.<\/strong><\/p>\n\n\n\n<p>\u2013 Na op\u0107im izborima biraju se zastupnici za Zastupni\u010dki dom, koji se popunjava po na\u010delu \u201cjedan \u010dovjek \u2013 jedan glas\u201d. U FBiH su Bo\u0161njaci u ve\u0107ini i u tom domu Bo\u0161njaci apsolutno dominiraju \u2013 navodi Martinovi\u0107.<\/p>\n\n\n\n<p>On upozorava da se u Zastupni\u010dkom domu federalnog Parlamenta ne prepoznaje bira\u010dka volja manjeg, hrvatskog naroda.<\/p>\n\n\n\n<p>\u2013 Dom naroda se bira posredno i slu\u017ei kako bi se stvorio ambijent ravnote\u017ee da se nitko ne bi osje\u0107ao preglasanim \u2013 isti\u010de Martinovi\u0107 za dana\u0161nji zagreba\u010dki \u201cVe\u010dernji list\u201d, izdanje za BiH.<\/p>\n\n\n\n<p>On smatra da bi bilo razumno o\u010dekivati da najnoviji razgovori o izbornoj reformi u BiH budu uspje\u0161no okon\u010dani.<\/p>\n\n\n\n<p>Martinovi\u0107 podsje\u0107a da, kada je rije\u010d o FBiH, u Washingtonskom sporazumu i Ustavu jasno pi\u0161e tko \u010dini taj entitet, a to su Hrvati i Bo\u0161njaci, gra\u0111ani i ostali.<\/p>\n\n\n\n<p>\u2013 To je osnova strukture. Kao vi\u0161enacionalna zajednica konstruirana je od predsjednika i potpredsjednika Vlade, Parlamenta i u svakom elementu je prepoznata konstitutivna nit \u2013 isti\u010de Martinovi\u0107.<\/p>\n\n\n\n<p>\/HMS\/<\/p>\n","protected":false},"excerpt":{"rendered":"<p>Predsjedavaju\u0107i Doma naroda Parlamenta Federacije BiH Tomislav Martinovi\u0107 izjavio je da bi bez mehanizma ustavne za\u0161tite Hrvata FBiH vrlo brzo bila entitet ve\u0107inskog bo\u0161nja\u010dkog naroda. \u2013 Na op\u0107im izborima biraju se zastupnici za Zastupni\u010dki dom, koji se popunjava po na\u010delu \u201cjedan \u010dovjek \u2013 jedan glas\u201d. U FBiH su Bo\u0161njaci u ve\u0107ini i u tom domu [&hellip;]<\/p>\n","protected":false},"author":2,"featured_media":71330,"comment_status":"closed","ping_status":"closed","sticky":false,"template":"","format":"standard","meta":{"h5ap_radio_sources":[],"footnotes":""},"categories":[1],"tags":[],"class_list":["post-109493","post","type-post","status-publish","format-standard","has-post-thumbnail","hentry","category-bihiregija"],"yoast_head":"<!-- This site is optimized with the Yoast SEO plugin v27.5 - https:\/\/yoast.com\/product\/yoast-seo-wordpress\/ -->\n<title>Martinovi\u0107: Sa\u010duvati mehanizam ustavne za\u0161tite Hrvata - RADIO LJUBU\u0160KI<\/title>\n<meta name=\"robots\" content=\"index, follow, max-snippet:-1, max-image-preview:large, max-video-preview:-1\" \/>\n<link rel=\"canonical\" href=\"https:\/\/radioljubuski.ba\/index.php\/2022\/01\/27\/martinovic-sacuvati-mehanizam-ustavne-zastite-hrvata\/\" \/>\n<meta property=\"og:locale\" content=\"hr_HR\" \/>\n<meta property=\"og:type\" content=\"article\" \/>\n<meta property=\"og:title\" content=\"Martinovi\u0107: Sa\u010duvati mehanizam ustavne za\u0161tite Hrvata - RADIO LJUBU\u0160KI\" \/>\n<meta property=\"og:description\" content=\"Predsjedavaju\u0107i Doma naroda Parlamenta Federacije BiH Tomislav Martinovi\u0107 izjavio je da bi bez mehanizma ustavne za\u0161tite Hrvata FBiH vrlo brzo bila entitet ve\u0107inskog bo\u0161nja\u010dkog naroda. \u2013 Na op\u0107im izborima biraju se zastupnici za Zastupni\u010dki dom, koji se popunjava po na\u010delu \u201cjedan \u010dovjek \u2013 jedan glas\u201d. U FBiH su Bo\u0161njaci u ve\u0107ini i u tom domu [&hellip;]\" \/>\n<meta property=\"og:url\" content=\"https:\/\/radioljubuski.ba\/index.php\/2022\/01\/27\/martinovic-sacuvati-mehanizam-ustavne-zastite-hrvata\/\" \/>\n<meta property=\"og:site_name\" content=\"RADIO LJUBU\u0160KI\" \/>\n<meta property=\"article:publisher\" content=\"https:\/\/www.facebook.com\/Radiio-Ljubuski-1490835324566332\" \/>\n<meta property=\"article:published_time\" content=\"2022-01-27T09:56:31+00:00\" \/>\n<meta property=\"article:modified_time\" content=\"2022-01-27T09:56:32+00:00\" \/>\n<meta property=\"og:image\" content=\"https:\/\/radioljubuski.ba\/wp-content\/uploads\/2021\/10\/tomislav-martinovic-1.jpg\" \/>\n\t<meta property=\"og:image:width\" content=\"810\" \/>\n\t<meta property=\"og:image:height\" content=\"575\" \/>\n\t<meta property=\"og:image:type\" content=\"image\/jpeg\" \/>\n<meta name=\"author\" content=\"Radio Ljubu\u0161ki\" \/>\n<meta name=\"twitter:card\" content=\"summary_large_image\" \/>\n<meta name=\"twitter:creator\" content=\"@radioljubuski\" \/>\n<meta name=\"twitter:site\" content=\"@radioljubuski\" \/>\n<meta name=\"twitter:label1\" content=\"Napisao\/la\" \/>\n\t<meta name=\"twitter:data1\" content=\"Radio Ljubu\u0161ki\" \/>\n\t<meta name=\"twitter:label2\" content=\"Procijenjeno vrijeme \u010ditanja\" \/>\n\t<meta name=\"twitter:data2\" content=\"1 minuta\" \/>\n<script type=\"application\/ld+json\" class=\"yoast-schema-graph\">{\"@context\":\"https:\\\/\\\/schema.org\",\"@graph\":[{\"@type\":\"Article\",\"@id\":\"https:\\\/\\\/radioljubuski.ba\\\/index.php\\\/2022\\\/01\\\/27\\\/martinovic-sacuvati-mehanizam-ustavne-zastite-hrvata\\\/#article\",\"isPartOf\":{\"@id\":\"https:\\\/\\\/radioljubuski.ba\\\/index.php\\\/2022\\\/01\\\/27\\\/martinovic-sacuvati-mehanizam-ustavne-zastite-hrvata\\\/\"},\"author\":{\"name\":\"Radio Ljubu\u0161ki\",\"@id\":\"https:\\\/\\\/radioljubuski.ba\\\/#\\\/schema\\\/person\\\/19fc700381a780f69665d7956c469e3b\"},\"headline\":\"Martinovi\u0107: Sa\u010duvati mehanizam ustavne za\u0161tite Hrvata\",\"datePublished\":\"2022-01-27T09:56:31+00:00\",\"dateModified\":\"2022-01-27T09:56:32+00:00\",\"mainEntityOfPage\":{\"@id\":\"https:\\\/\\\/radioljubuski.ba\\\/index.php\\\/2022\\\/01\\\/27\\\/martinovic-sacuvati-mehanizam-ustavne-zastite-hrvata\\\/\"},\"wordCount\":213,\"publisher\":{\"@id\":\"https:\\\/\\\/radioljubuski.ba\\\/#organization\"},\"image\":{\"@id\":\"https:\\\/\\\/radioljubuski.ba\\\/index.php\\\/2022\\\/01\\\/27\\\/martinovic-sacuvati-mehanizam-ustavne-zastite-hrvata\\\/#primaryimage\"},\"thumbnailUrl\":\"https:\\\/\\\/radioljubuski.ba\\\/wp-content\\\/uploads\\\/2021\\\/10\\\/tomislav-martinovic-1.jpg\",\"articleSection\":[\"BIH i regija\"],\"inLanguage\":\"hr\"},{\"@type\":\"WebPage\",\"@id\":\"https:\\\/\\\/radioljubuski.ba\\\/index.php\\\/2022\\\/01\\\/27\\\/martinovic-sacuvati-mehanizam-ustavne-zastite-hrvata\\\/\",\"url\":\"https:\\\/\\\/radioljubuski.ba\\\/index.php\\\/2022\\\/01\\\/27\\\/martinovic-sacuvati-mehanizam-ustavne-zastite-hrvata\\\/\",\"name\":\"Martinovi\u0107: Sa\u010duvati mehanizam ustavne za\u0161tite Hrvata - RADIO LJUBU\u0160KI\",\"isPartOf\":{\"@id\":\"https:\\\/\\\/radioljubuski.ba\\\/#website\"},\"primaryImageOfPage\":{\"@id\":\"https:\\\/\\\/radioljubuski.ba\\\/index.php\\\/2022\\\/01\\\/27\\\/martinovic-sacuvati-mehanizam-ustavne-zastite-hrvata\\\/#primaryimage\"},\"image\":{\"@id\":\"https:\\\/\\\/radioljubuski.ba\\\/index.php\\\/2022\\\/01\\\/27\\\/martinovic-sacuvati-mehanizam-ustavne-zastite-hrvata\\\/#primaryimage\"},\"thumbnailUrl\":\"https:\\\/\\\/radioljubuski.ba\\\/wp-content\\\/uploads\\\/2021\\\/10\\\/tomislav-martinovic-1.jpg\",\"datePublished\":\"2022-01-27T09:56:31+00:00\",\"dateModified\":\"2022-01-27T09:56:32+00:00\",\"breadcrumb\":{\"@id\":\"https:\\\/\\\/radioljubuski.ba\\\/index.php\\\/2022\\\/01\\\/27\\\/martinovic-sacuvati-mehanizam-ustavne-zastite-hrvata\\\/#breadcrumb\"},\"inLanguage\":\"hr\",\"potentialAction\":[{\"@type\":\"ReadAction\",\"target\":[\"https:\\\/\\\/radioljubuski.ba\\\/index.php\\\/2022\\\/01\\\/27\\\/martinovic-sacuvati-mehanizam-ustavne-zastite-hrvata\\\/\"]}]},{\"@type\":\"ImageObject\",\"inLanguage\":\"hr\",\"@id\":\"https:\\\/\\\/radioljubuski.ba\\\/index.php\\\/2022\\\/01\\\/27\\\/martinovic-sacuvati-mehanizam-ustavne-zastite-hrvata\\\/#primaryimage\",\"url\":\"https:\\\/\\\/radioljubuski.ba\\\/wp-content\\\/uploads\\\/2021\\\/10\\\/tomislav-martinovic-1.jpg\",\"contentUrl\":\"https:\\\/\\\/radioljubuski.ba\\\/wp-content\\\/uploads\\\/2021\\\/10\\\/tomislav-martinovic-1.jpg\",\"width\":810,\"height\":575},{\"@type\":\"BreadcrumbList\",\"@id\":\"https:\\\/\\\/radioljubuski.ba\\\/index.php\\\/2022\\\/01\\\/27\\\/martinovic-sacuvati-mehanizam-ustavne-zastite-hrvata\\\/#breadcrumb\",\"itemListElement\":[{\"@type\":\"ListItem\",\"position\":1,\"name\":\"Po\u010detna stranica\",\"item\":\"https:\\\/\\\/radioljubuski.ba\\\/\"},{\"@type\":\"ListItem\",\"position\":2,\"name\":\"Martinovi\u0107: Sa\u010duvati mehanizam ustavne za\u0161tite Hrvata\"}]},{\"@type\":\"WebSite\",\"@id\":\"https:\\\/\\\/radioljubuski.ba\\\/#website\",\"url\":\"https:\\\/\\\/radioljubuski.ba\\\/\",\"name\":\"Radio Ljubu\u0161ki\",\"description\":\"Sun\u010dana frekvencija Hercegovine\",\"publisher\":{\"@id\":\"https:\\\/\\\/radioljubuski.ba\\\/#organization\"},\"potentialAction\":[{\"@type\":\"SearchAction\",\"target\":{\"@type\":\"EntryPoint\",\"urlTemplate\":\"https:\\\/\\\/radioljubuski.ba\\\/?s={search_term_string}\"},\"query-input\":{\"@type\":\"PropertyValueSpecification\",\"valueRequired\":true,\"valueName\":\"search_term_string\"}}],\"inLanguage\":\"hr\"},{\"@type\":\"Organization\",\"@id\":\"https:\\\/\\\/radioljubuski.ba\\\/#organization\",\"name\":\"Radio Ljubu\u0161ki\",\"url\":\"https:\\\/\\\/radioljubuski.ba\\\/\",\"logo\":{\"@type\":\"ImageObject\",\"inLanguage\":\"hr\",\"@id\":\"https:\\\/\\\/radioljubuski.ba\\\/#\\\/schema\\\/logo\\\/image\\\/\",\"url\":\"https:\\\/\\\/radioljubuski.ba\\\/wp-content\\\/uploads\\\/2021\\\/02\\\/cropped-Radio_Ljubuski_logo1.jpg\",\"contentUrl\":\"https:\\\/\\\/radioljubuski.ba\\\/wp-content\\\/uploads\\\/2021\\\/02\\\/cropped-Radio_Ljubuski_logo1.jpg\",\"width\":512,\"height\":512,\"caption\":\"Radio Ljubu\u0161ki\"},\"image\":{\"@id\":\"https:\\\/\\\/radioljubuski.ba\\\/#\\\/schema\\\/logo\\\/image\\\/\"},\"sameAs\":[\"https:\\\/\\\/www.facebook.com\\\/Radiio-Ljubuski-1490835324566332\",\"https:\\\/\\\/x.com\\\/radioljubuski\",\"https:\\\/\\\/hr.linkedin.com\\\/company\\\/radio-ljubuski\",\"https:\\\/\\\/www.youtube.com\\\/channel\\\/UCHYaeO_n0Db3tjNGudGpXyw\"]},{\"@type\":\"Person\",\"@id\":\"https:\\\/\\\/radioljubuski.ba\\\/#\\\/schema\\\/person\\\/19fc700381a780f69665d7956c469e3b\",\"name\":\"Radio Ljubu\u0161ki\"}]}<\/script>\n<!-- \/ Yoast SEO plugin. -->","yoast_head_json":{"title":"Martinovi\u0107: Sa\u010duvati mehanizam ustavne za\u0161tite Hrvata - RADIO LJUBU\u0160KI","robots":{"index":"index","follow":"follow","max-snippet":"max-snippet:-1","max-image-preview":"max-image-preview:large","max-video-preview":"max-video-preview:-1"},"canonical":"https:\/\/radioljubuski.ba\/index.php\/2022\/01\/27\/martinovic-sacuvati-mehanizam-ustavne-zastite-hrvata\/","og_locale":"hr_HR","og_type":"article","og_title":"Martinovi\u0107: Sa\u010duvati mehanizam ustavne za\u0161tite Hrvata - RADIO LJUBU\u0160KI","og_description":"Predsjedavaju\u0107i Doma naroda Parlamenta Federacije BiH Tomislav Martinovi\u0107 izjavio je da bi bez mehanizma ustavne za\u0161tite Hrvata FBiH vrlo brzo bila entitet ve\u0107inskog bo\u0161nja\u010dkog naroda. \u2013 Na op\u0107im izborima biraju se zastupnici za Zastupni\u010dki dom, koji se popunjava po na\u010delu \u201cjedan \u010dovjek \u2013 jedan glas\u201d. U FBiH su Bo\u0161njaci u ve\u0107ini i u tom domu [&hellip;]","og_url":"https:\/\/radioljubuski.ba\/index.php\/2022\/01\/27\/martinovic-sacuvati-mehanizam-ustavne-zastite-hrvata\/","og_site_name":"RADIO LJUBU\u0160KI","article_publisher":"https:\/\/www.facebook.com\/Radiio-Ljubuski-1490835324566332","article_published_time":"2022-01-27T09:56:31+00:00","article_modified_time":"2022-01-27T09:56:32+00:00","og_image":[{"width":810,"height":575,"url":"https:\/\/radioljubuski.ba\/wp-content\/uploads\/2021\/10\/tomislav-martinovic-1.jpg","type":"image\/jpeg"}],"author":"Radio Ljubu\u0161ki","twitter_card":"summary_large_image","twitter_creator":"@radioljubuski","twitter_site":"@radioljubuski","twitter_misc":{"Napisao\/la":"Radio Ljubu\u0161ki","Procijenjeno vrijeme \u010ditanja":"1 minuta"},"schema":{"@context":"https:\/\/schema.org","@graph":[{"@type":"Article","@id":"https:\/\/radioljubuski.ba\/index.php\/2022\/01\/27\/martinovic-sacuvati-mehanizam-ustavne-zastite-hrvata\/#article","isPartOf":{"@id":"https:\/\/radioljubuski.ba\/index.php\/2022\/01\/27\/martinovic-sacuvati-mehanizam-ustavne-zastite-hrvata\/"},"author":{"name":"Radio Ljubu\u0161ki","@id":"https:\/\/radioljubuski.ba\/#\/schema\/person\/19fc700381a780f69665d7956c469e3b"},"headline":"Martinovi\u0107: Sa\u010duvati mehanizam ustavne za\u0161tite Hrvata","datePublished":"2022-01-27T09:56:31+00:00","dateModified":"2022-01-27T09:56:32+00:00","mainEntityOfPage":{"@id":"https:\/\/radioljubuski.ba\/index.php\/2022\/01\/27\/martinovic-sacuvati-mehanizam-ustavne-zastite-hrvata\/"},"wordCount":213,"publisher":{"@id":"https:\/\/radioljubuski.ba\/#organization"},"image":{"@id":"https:\/\/radioljubuski.ba\/index.php\/2022\/01\/27\/martinovic-sacuvati-mehanizam-ustavne-zastite-hrvata\/#primaryimage"},"thumbnailUrl":"https:\/\/radioljubuski.ba\/wp-content\/uploads\/2021\/10\/tomislav-martinovic-1.jpg","articleSection":["BIH i regija"],"inLanguage":"hr"},{"@type":"WebPage","@id":"https:\/\/radioljubuski.ba\/index.php\/2022\/01\/27\/martinovic-sacuvati-mehanizam-ustavne-zastite-hrvata\/","url":"https:\/\/radioljubuski.ba\/index.php\/2022\/01\/27\/martinovic-sacuvati-mehanizam-ustavne-zastite-hrvata\/","name":"Martinovi\u0107: Sa\u010duvati mehanizam ustavne za\u0161tite Hrvata - RADIO LJUBU\u0160KI","isPartOf":{"@id":"https:\/\/radioljubuski.ba\/#website"},"primaryImageOfPage":{"@id":"https:\/\/radioljubuski.ba\/index.php\/2022\/01\/27\/martinovic-sacuvati-mehanizam-ustavne-zastite-hrvata\/#primaryimage"},"image":{"@id":"https:\/\/radioljubuski.ba\/index.php\/2022\/01\/27\/martinovic-sacuvati-mehanizam-ustavne-zastite-hrvata\/#primaryimage"},"thumbnailUrl":"https:\/\/radioljubuski.ba\/wp-content\/uploads\/2021\/10\/tomislav-martinovic-1.jpg","datePublished":"2022-01-27T09:56:31+00:00","dateModified":"2022-01-27T09:56:32+00:00","breadcrumb":{"@id":"https:\/\/radioljubuski.ba\/index.php\/2022\/01\/27\/martinovic-sacuvati-mehanizam-ustavne-zastite-hrvata\/#breadcrumb"},"inLanguage":"hr","potentialAction":[{"@type":"ReadAction","target":["https:\/\/radioljubuski.ba\/index.php\/2022\/01\/27\/martinovic-sacuvati-mehanizam-ustavne-zastite-hrvata\/"]}]},{"@type":"ImageObject","inLanguage":"hr","@id":"https:\/\/radioljubuski.ba\/index.php\/2022\/01\/27\/martinovic-sacuvati-mehanizam-ustavne-zastite-hrvata\/#primaryimage","url":"https:\/\/radioljubuski.ba\/wp-content\/uploads\/2021\/10\/tomislav-martinovic-1.jpg","contentUrl":"https:\/\/radioljubuski.ba\/wp-content\/uploads\/2021\/10\/tomislav-martinovic-1.jpg","width":810,"height":575},{"@type":"BreadcrumbList","@id":"https:\/\/radioljubuski.ba\/index.php\/2022\/01\/27\/martinovic-sacuvati-mehanizam-ustavne-zastite-hrvata\/#breadcrumb","itemListElement":[{"@type":"ListItem","position":1,"name":"Po\u010detna stranica","item":"https:\/\/radioljubuski.ba\/"},{"@type":"ListItem","position":2,"name":"Martinovi\u0107: Sa\u010duvati mehanizam ustavne za\u0161tite Hrvata"}]},{"@type":"WebSite","@id":"https:\/\/radioljubuski.ba\/#website","url":"https:\/\/radioljubuski.ba\/","name":"Radio Ljubu\u0161ki","description":"Sun\u010dana frekvencija Hercegovine","publisher":{"@id":"https:\/\/radioljubuski.ba\/#organization"},"potentialAction":[{"@type":"SearchAction","target":{"@type":"EntryPoint","urlTemplate":"https:\/\/radioljubuski.ba\/?s={search_term_string}"},"query-input":{"@type":"PropertyValueSpecification","valueRequired":true,"valueName":"search_term_string"}}],"inLanguage":"hr"},{"@type":"Organization","@id":"https:\/\/radioljubuski.ba\/#organization","name":"Radio Ljubu\u0161ki","url":"https:\/\/radioljubuski.ba\/","logo":{"@type":"ImageObject","inLanguage":"hr","@id":"https:\/\/radioljubuski.ba\/#\/schema\/logo\/image\/","url":"https:\/\/radioljubuski.ba\/wp-content\/uploads\/2021\/02\/cropped-Radio_Ljubuski_logo1.jpg","contentUrl":"https:\/\/radioljubuski.ba\/wp-content\/uploads\/2021\/02\/cropped-Radio_Ljubuski_logo1.jpg","width":512,"height":512,"caption":"Radio Ljubu\u0161ki"},"image":{"@id":"https:\/\/radioljubuski.ba\/#\/schema\/logo\/image\/"},"sameAs":["https:\/\/www.facebook.com\/Radiio-Ljubuski-1490835324566332","https:\/\/x.com\/radioljubuski","https:\/\/hr.linkedin.com\/company\/radio-ljubuski","https:\/\/www.youtube.com\/channel\/UCHYaeO_n0Db3tjNGudGpXyw"]},{"@type":"Person","@id":"https:\/\/radioljubuski.ba\/#\/schema\/person\/19fc700381a780f69665d7956c469e3b","name":"Radio Ljubu\u0161ki"}]}},"_links":{"self":[{"href":"https:\/\/radioljubuski.ba\/index.php\/wp-json\/wp\/v2\/posts\/109493","targetHints":{"allow":["GET"]}}],"collection":[{"href":"https:\/\/radioljubuski.ba\/index.php\/wp-json\/wp\/v2\/posts"}],"about":[{"href":"https:\/\/radioljubuski.ba\/index.php\/wp-json\/wp\/v2\/types\/post"}],"author":[{"embeddable":true,"href":"https:\/\/radioljubuski.ba\/index.php\/wp-json\/wp\/v2\/users\/2"}],"replies":[{"embeddable":true,"href":"https:\/\/radioljubuski.ba\/index.php\/wp-json\/wp\/v2\/comments?post=109493"}],"version-history":[{"count":1,"href":"https:\/\/radioljubuski.ba\/index.php\/wp-json\/wp\/v2\/posts\/109493\/revisions"}],"predecessor-version":[{"id":109494,"href":"https:\/\/radioljubuski.ba\/index.php\/wp-json\/wp\/v2\/posts\/109493\/revisions\/109494"}],"wp:featuredmedia":[{"embeddable":true,"href":"https:\/\/radioljubuski.ba\/index.php\/wp-json\/wp\/v2\/media\/71330"}],"wp:attachment":[{"href":"https:\/\/radioljubuski.ba\/index.php\/wp-json\/wp\/v2\/media?parent=109493"}],"wp:term":[{"taxonomy":"category","embeddable":true,"href":"https:\/\/radioljubuski.ba\/index.php\/wp-json\/wp\/v2\/categories?post=109493"},{"taxonomy":"post_tag","embeddable":true,"href":"https:\/\/radioljubuski.ba\/index.php\/wp-json\/wp\/v2\/tags?post=109493"}],"curies":[{"name":"wp","href":"https:\/\/api.w.org\/{rel}","templated":true}]}}