{"id":109525,"date":"2022-01-27T11:22:15","date_gmt":"2022-01-27T10:22:15","guid":{"rendered":"https:\/\/radioljubuski.ba\/?p=109525"},"modified":"2022-01-27T11:22:16","modified_gmt":"2022-01-27T10:22:16","slug":"mobilna-aplikacija-ednevnik-prezentirana-u-sirokom-brijegu","status":"publish","type":"post","link":"https:\/\/radioljubuski.ba\/index.php\/2022\/01\/27\/mobilna-aplikacija-ednevnik-prezentirana-u-sirokom-brijegu\/","title":{"rendered":"Mobilna aplikacija &#8216;eDnevnik&#8217; prezentirana u \u0160irokom Brijegu"},"content":{"rendered":"\n<p>Prezentacija mobilne aplikacije za roditelje i u\u010denike eDnevnik, na kojoj su sudjelovali ravnatelji osnovnih i srednjih \u0161kola u Zapadnohercegova\u010dkoj \u017eupaniji (ZH\u017d), kao i predstavnici roditeljskih vije\u0107a svih \u0161kola, odr\u017eana je u srijedu u \u0160irokom Brijegu, u organizaciji Ministarstva obrazovanja, znanosti, kulture i sporta ZH\u017d-a, Zavoda za odgoj i obrazovanje, te Centra za informacijske tehnologije Sveu\u010dili\u0161ta u Mostaru.<\/p>\n\n\n\n<p>U \u0161kolskoj 2021.\/2022. godini u ZH\u017d-u sve \u010detiri strukovne \u0161kole po\u010dele su s eksperimentalnom primjenom eDnevnika. Pored standardne pedago\u0161ke dokumentacije i evidencije, nastavnici i razrednici paralelno vode i eDnevnik. Centar za informacijske tehnologije je kao sljede\u0107i korak u projektu digitalizacije izradio mobilnu aplikaciju eDnevnika za roditelje i u\u010denike, za krajnje korisnike, priop\u0107eno je iz Ministarstva obrazovanja, znanosti, kulture i sporta ZH\u017d-a.<\/p>\n\n\n\n<p>Pomo\u0107u te aplikacije roditelji \u0107e putem svojih mobilnih ure\u0111aja dobivati informacije o uspjehu svoje djece u \u0161koli i na taj na\u010din komunikacija na relaciji \u0161kola &#8211; roditelj \u0107e biti br\u017ea i jednostavnija \u0161to \u0107e imati pozitivan utjecaj na pobolj\u0161anje uspjeha kao i na smanjenje neopravdanih izostanaka u\u010denika.<\/p>\n\n\n\n<p>Ministrica Ru\u017eica Mikuli\u0107 najavila je kako u narednom razdoblju Ministarstvo i Zavod za odgoj i obrazovanje planiraju nastaviti s opremanjem \u0161kola za primjenu eDnevnika.<\/p>\n\n\n\n<p>Osnovnim \u0161kolama u \u017dupaniji upu\u0107en je javni poziv kojim iskazuju spremnost i volju za uvo\u0111enjem eDnevnika te \u0107e nakon dostavljanja njihovih prijava, Ministarstvo i Zavod nabaviti svu opremu potrebnu za eksperimentalnu provedbu, te u suradnji s Centrom za informacijske tehnologije organizirati potrebne obuke za nastavno osoblje kako bi \u0161kole mogle krenuti s primjenom u \u0161kolskoj 2022.\/2023. godini.<\/p>\n\n\n\n<p>Ravnateljica Zavoda za odgoj i obrazovanje Jadranka Bo\u0161njak istaknula je kako pandemija covida-19, uz sve lo\u0161e \u0161to je donijela, donijela je i jednu dobru stvar, a to je ubrzanje procesa digitalizacije obrazovanja.<\/p>\n\n\n\n<p>&#8220;Sama aplikacija eDnevnik donijet \u0107e puno dobrobiti i za nastavnike i za roditelje na na\u010din da \u0107e roditeljima olak\u0161ati pristup informacijama o uspjehu njihove djece, a nastavnicima \u0107e smanjiti vrijeme potrebno za obavljanje administrativnih poslova&#8221;, kazala je Bo\u0161njak.<\/p>\n\n\n\n<p>Navela je planove za nastavak digitalizacije kroz opremanje svih osnovnih \u0161kola i gimnazija, od kojih \u0107e se dio realizirati do po\u010detka \u0161kolske 2022.\/2023. godine.<\/p>\n\n\n\n<p>Voditelj Centra za informacijske tehnologije Sveu\u010dili\u0161ta u Mostaru Tomislav Volari\u0107 naglasio je va\u017enost digitalizacije sustava i pohvalio spremnost ZH\u017d-a da odgovori tom izazovu.<\/p>\n\n\n\n<p>&#8220;Centar, koju \u010dini jedna mlada ekipa ljudi koji mogu i \u017eele unaprijediti sustav u skladu sa sustavima naprednih zemalja, preuzeo je na sebe ulogu tehni\u010dke podr\u0161ke te u suradnji s ministarstvima i zavodima kreirao aplikacije e-maticu koja je funkciji od pro\u0161le \u0161kolske godine i eDnevnik koja se od ove \u0161kolske godine eksperimentalno provodi u sve \u010detiri strukovne \u0161kole u ZH\u017d-u. S Vladom \u017dupanije imamo potpisan sporazum na temelju kojega smo partneri u cijelom projektu digitalizacije za sve \u0161kole u \u017dupaniji&#8221;, kazao je Volari\u0107.<\/p>\n\n\n\n<p>\u010clanovi Centra prezentirali su svim sudionicima mobilnu aplikaciju, njene mogu\u0107nosti, na\u010din prijave, su\u010delje za u\u010denike i za roditelje, te naglasili jednostavnost njenog kori\u0161tenja.<\/p>\n\n\n\n<p>Izvor:pogled.ba<\/p>\n","protected":false},"excerpt":{"rendered":"<p>Prezentacija mobilne aplikacije za roditelje i u\u010denike eDnevnik, na kojoj su sudjelovali ravnatelji osnovnih i srednjih \u0161kola u Zapadnohercegova\u010dkoj \u017eupaniji (ZH\u017d), kao i predstavnici roditeljskih vije\u0107a svih \u0161kola, odr\u017eana je u srijedu u \u0160irokom Brijegu, u organizaciji Ministarstva obrazovanja, znanosti, kulture i sporta ZH\u017d-a, Zavoda za odgoj i obrazovanje, te Centra za informacijske tehnologije Sveu\u010dili\u0161ta [&hellip;]<\/p>\n","protected":false},"author":2,"featured_media":109526,"comment_status":"closed","ping_status":"closed","sticky":false,"template":"","format":"standard","meta":{"h5ap_radio_sources":[],"footnotes":""},"categories":[1],"tags":[],"class_list":["post-109525","post","type-post","status-publish","format-standard","has-post-thumbnail","hentry","category-bihiregija"],"yoast_head":"<!-- This site is optimized with the Yoast SEO plugin v27.5 - https:\/\/yoast.com\/product\/yoast-seo-wordpress\/ -->\n<title>Mobilna aplikacija &#039;eDnevnik&#039; prezentirana u \u0160irokom Brijegu - RADIO LJUBU\u0160KI<\/title>\n<meta name=\"robots\" content=\"index, follow, max-snippet:-1, max-image-preview:large, max-video-preview:-1\" \/>\n<link rel=\"canonical\" href=\"https:\/\/radioljubuski.ba\/index.php\/2022\/01\/27\/mobilna-aplikacija-ednevnik-prezentirana-u-sirokom-brijegu\/\" \/>\n<meta property=\"og:locale\" content=\"hr_HR\" \/>\n<meta property=\"og:type\" content=\"article\" \/>\n<meta property=\"og:title\" content=\"Mobilna aplikacija &#039;eDnevnik&#039; prezentirana u \u0160irokom Brijegu - RADIO LJUBU\u0160KI\" \/>\n<meta property=\"og:description\" content=\"Prezentacija mobilne aplikacije za roditelje i u\u010denike eDnevnik, na kojoj su sudjelovali ravnatelji osnovnih i srednjih \u0161kola u Zapadnohercegova\u010dkoj \u017eupaniji (ZH\u017d), kao i predstavnici roditeljskih vije\u0107a svih \u0161kola, odr\u017eana je u srijedu u \u0160irokom Brijegu, u organizaciji Ministarstva obrazovanja, znanosti, kulture i sporta ZH\u017d-a, Zavoda za odgoj i obrazovanje, te Centra za informacijske tehnologije Sveu\u010dili\u0161ta [&hellip;]\" \/>\n<meta property=\"og:url\" content=\"https:\/\/radioljubuski.ba\/index.php\/2022\/01\/27\/mobilna-aplikacija-ednevnik-prezentirana-u-sirokom-brijegu\/\" \/>\n<meta property=\"og:site_name\" content=\"RADIO LJUBU\u0160KI\" \/>\n<meta property=\"article:publisher\" content=\"https:\/\/www.facebook.com\/Radiio-Ljubuski-1490835324566332\" \/>\n<meta property=\"article:published_time\" content=\"2022-01-27T10:22:15+00:00\" \/>\n<meta property=\"article:modified_time\" content=\"2022-01-27T10:22:16+00:00\" \/>\n<meta property=\"og:image\" content=\"https:\/\/radioljubuski.ba\/wp-content\/uploads\/2022\/01\/8-2022-01-26-16-46-18-E-DNEVNIK.jpg\" \/>\n\t<meta property=\"og:image:width\" content=\"1000\" \/>\n\t<meta property=\"og:image:height\" content=\"625\" \/>\n\t<meta property=\"og:image:type\" content=\"image\/jpeg\" \/>\n<meta name=\"author\" content=\"Radio Ljubu\u0161ki\" \/>\n<meta name=\"twitter:card\" content=\"summary_large_image\" \/>\n<meta name=\"twitter:creator\" content=\"@radioljubuski\" \/>\n<meta name=\"twitter:site\" content=\"@radioljubuski\" \/>\n<meta name=\"twitter:label1\" content=\"Napisao\/la\" \/>\n\t<meta name=\"twitter:data1\" content=\"Radio Ljubu\u0161ki\" \/>\n\t<meta name=\"twitter:label2\" content=\"Procijenjeno vrijeme \u010ditanja\" \/>\n\t<meta name=\"twitter:data2\" content=\"3 minute\" \/>\n<script type=\"application\/ld+json\" class=\"yoast-schema-graph\">{\"@context\":\"https:\\\/\\\/schema.org\",\"@graph\":[{\"@type\":\"Article\",\"@id\":\"https:\\\/\\\/radioljubuski.ba\\\/index.php\\\/2022\\\/01\\\/27\\\/mobilna-aplikacija-ednevnik-prezentirana-u-sirokom-brijegu\\\/#article\",\"isPartOf\":{\"@id\":\"https:\\\/\\\/radioljubuski.ba\\\/index.php\\\/2022\\\/01\\\/27\\\/mobilna-aplikacija-ednevnik-prezentirana-u-sirokom-brijegu\\\/\"},\"author\":{\"name\":\"Radio Ljubu\u0161ki\",\"@id\":\"https:\\\/\\\/radioljubuski.ba\\\/#\\\/schema\\\/person\\\/19fc700381a780f69665d7956c469e3b\"},\"headline\":\"Mobilna aplikacija &#8216;eDnevnik&#8217; prezentirana u \u0160irokom Brijegu\",\"datePublished\":\"2022-01-27T10:22:15+00:00\",\"dateModified\":\"2022-01-27T10:22:16+00:00\",\"mainEntityOfPage\":{\"@id\":\"https:\\\/\\\/radioljubuski.ba\\\/index.php\\\/2022\\\/01\\\/27\\\/mobilna-aplikacija-ednevnik-prezentirana-u-sirokom-brijegu\\\/\"},\"wordCount\":518,\"publisher\":{\"@id\":\"https:\\\/\\\/radioljubuski.ba\\\/#organization\"},\"image\":{\"@id\":\"https:\\\/\\\/radioljubuski.ba\\\/index.php\\\/2022\\\/01\\\/27\\\/mobilna-aplikacija-ednevnik-prezentirana-u-sirokom-brijegu\\\/#primaryimage\"},\"thumbnailUrl\":\"https:\\\/\\\/radioljubuski.ba\\\/wp-content\\\/uploads\\\/2022\\\/01\\\/8-2022-01-26-16-46-18-E-DNEVNIK.jpg\",\"articleSection\":[\"BIH i regija\"],\"inLanguage\":\"hr\"},{\"@type\":\"WebPage\",\"@id\":\"https:\\\/\\\/radioljubuski.ba\\\/index.php\\\/2022\\\/01\\\/27\\\/mobilna-aplikacija-ednevnik-prezentirana-u-sirokom-brijegu\\\/\",\"url\":\"https:\\\/\\\/radioljubuski.ba\\\/index.php\\\/2022\\\/01\\\/27\\\/mobilna-aplikacija-ednevnik-prezentirana-u-sirokom-brijegu\\\/\",\"name\":\"Mobilna aplikacija 'eDnevnik' prezentirana u \u0160irokom Brijegu - RADIO LJUBU\u0160KI\",\"isPartOf\":{\"@id\":\"https:\\\/\\\/radioljubuski.ba\\\/#website\"},\"primaryImageOfPage\":{\"@id\":\"https:\\\/\\\/radioljubuski.ba\\\/index.php\\\/2022\\\/01\\\/27\\\/mobilna-aplikacija-ednevnik-prezentirana-u-sirokom-brijegu\\\/#primaryimage\"},\"image\":{\"@id\":\"https:\\\/\\\/radioljubuski.ba\\\/index.php\\\/2022\\\/01\\\/27\\\/mobilna-aplikacija-ednevnik-prezentirana-u-sirokom-brijegu\\\/#primaryimage\"},\"thumbnailUrl\":\"https:\\\/\\\/radioljubuski.ba\\\/wp-content\\\/uploads\\\/2022\\\/01\\\/8-2022-01-26-16-46-18-E-DNEVNIK.jpg\",\"datePublished\":\"2022-01-27T10:22:15+00:00\",\"dateModified\":\"2022-01-27T10:22:16+00:00\",\"breadcrumb\":{\"@id\":\"https:\\\/\\\/radioljubuski.ba\\\/index.php\\\/2022\\\/01\\\/27\\\/mobilna-aplikacija-ednevnik-prezentirana-u-sirokom-brijegu\\\/#breadcrumb\"},\"inLanguage\":\"hr\",\"potentialAction\":[{\"@type\":\"ReadAction\",\"target\":[\"https:\\\/\\\/radioljubuski.ba\\\/index.php\\\/2022\\\/01\\\/27\\\/mobilna-aplikacija-ednevnik-prezentirana-u-sirokom-brijegu\\\/\"]}]},{\"@type\":\"ImageObject\",\"inLanguage\":\"hr\",\"@id\":\"https:\\\/\\\/radioljubuski.ba\\\/index.php\\\/2022\\\/01\\\/27\\\/mobilna-aplikacija-ednevnik-prezentirana-u-sirokom-brijegu\\\/#primaryimage\",\"url\":\"https:\\\/\\\/radioljubuski.ba\\\/wp-content\\\/uploads\\\/2022\\\/01\\\/8-2022-01-26-16-46-18-E-DNEVNIK.jpg\",\"contentUrl\":\"https:\\\/\\\/radioljubuski.ba\\\/wp-content\\\/uploads\\\/2022\\\/01\\\/8-2022-01-26-16-46-18-E-DNEVNIK.jpg\",\"width\":1000,\"height\":625},{\"@type\":\"BreadcrumbList\",\"@id\":\"https:\\\/\\\/radioljubuski.ba\\\/index.php\\\/2022\\\/01\\\/27\\\/mobilna-aplikacija-ednevnik-prezentirana-u-sirokom-brijegu\\\/#breadcrumb\",\"itemListElement\":[{\"@type\":\"ListItem\",\"position\":1,\"name\":\"Po\u010detna stranica\",\"item\":\"https:\\\/\\\/radioljubuski.ba\\\/\"},{\"@type\":\"ListItem\",\"position\":2,\"name\":\"Mobilna aplikacija &#8216;eDnevnik&#8217; prezentirana u \u0160irokom Brijegu\"}]},{\"@type\":\"WebSite\",\"@id\":\"https:\\\/\\\/radioljubuski.ba\\\/#website\",\"url\":\"https:\\\/\\\/radioljubuski.ba\\\/\",\"name\":\"Radio Ljubu\u0161ki\",\"description\":\"Sun\u010dana frekvencija Hercegovine\",\"publisher\":{\"@id\":\"https:\\\/\\\/radioljubuski.ba\\\/#organization\"},\"potentialAction\":[{\"@type\":\"SearchAction\",\"target\":{\"@type\":\"EntryPoint\",\"urlTemplate\":\"https:\\\/\\\/radioljubuski.ba\\\/?s={search_term_string}\"},\"query-input\":{\"@type\":\"PropertyValueSpecification\",\"valueRequired\":true,\"valueName\":\"search_term_string\"}}],\"inLanguage\":\"hr\"},{\"@type\":\"Organization\",\"@id\":\"https:\\\/\\\/radioljubuski.ba\\\/#organization\",\"name\":\"Radio Ljubu\u0161ki\",\"url\":\"https:\\\/\\\/radioljubuski.ba\\\/\",\"logo\":{\"@type\":\"ImageObject\",\"inLanguage\":\"hr\",\"@id\":\"https:\\\/\\\/radioljubuski.ba\\\/#\\\/schema\\\/logo\\\/image\\\/\",\"url\":\"https:\\\/\\\/radioljubuski.ba\\\/wp-content\\\/uploads\\\/2021\\\/02\\\/cropped-Radio_Ljubuski_logo1.jpg\",\"contentUrl\":\"https:\\\/\\\/radioljubuski.ba\\\/wp-content\\\/uploads\\\/2021\\\/02\\\/cropped-Radio_Ljubuski_logo1.jpg\",\"width\":512,\"height\":512,\"caption\":\"Radio Ljubu\u0161ki\"},\"image\":{\"@id\":\"https:\\\/\\\/radioljubuski.ba\\\/#\\\/schema\\\/logo\\\/image\\\/\"},\"sameAs\":[\"https:\\\/\\\/www.facebook.com\\\/Radiio-Ljubuski-1490835324566332\",\"https:\\\/\\\/x.com\\\/radioljubuski\",\"https:\\\/\\\/hr.linkedin.com\\\/company\\\/radio-ljubuski\",\"https:\\\/\\\/www.youtube.com\\\/channel\\\/UCHYaeO_n0Db3tjNGudGpXyw\"]},{\"@type\":\"Person\",\"@id\":\"https:\\\/\\\/radioljubuski.ba\\\/#\\\/schema\\\/person\\\/19fc700381a780f69665d7956c469e3b\",\"name\":\"Radio Ljubu\u0161ki\"}]}<\/script>\n<!-- \/ Yoast SEO plugin. -->","yoast_head_json":{"title":"Mobilna aplikacija 'eDnevnik' prezentirana u \u0160irokom Brijegu - RADIO LJUBU\u0160KI","robots":{"index":"index","follow":"follow","max-snippet":"max-snippet:-1","max-image-preview":"max-image-preview:large","max-video-preview":"max-video-preview:-1"},"canonical":"https:\/\/radioljubuski.ba\/index.php\/2022\/01\/27\/mobilna-aplikacija-ednevnik-prezentirana-u-sirokom-brijegu\/","og_locale":"hr_HR","og_type":"article","og_title":"Mobilna aplikacija 'eDnevnik' prezentirana u \u0160irokom Brijegu - RADIO LJUBU\u0160KI","og_description":"Prezentacija mobilne aplikacije za roditelje i u\u010denike eDnevnik, na kojoj su sudjelovali ravnatelji osnovnih i srednjih \u0161kola u Zapadnohercegova\u010dkoj \u017eupaniji (ZH\u017d), kao i predstavnici roditeljskih vije\u0107a svih \u0161kola, odr\u017eana je u srijedu u \u0160irokom Brijegu, u organizaciji Ministarstva obrazovanja, znanosti, kulture i sporta ZH\u017d-a, Zavoda za odgoj i obrazovanje, te Centra za informacijske tehnologije Sveu\u010dili\u0161ta [&hellip;]","og_url":"https:\/\/radioljubuski.ba\/index.php\/2022\/01\/27\/mobilna-aplikacija-ednevnik-prezentirana-u-sirokom-brijegu\/","og_site_name":"RADIO LJUBU\u0160KI","article_publisher":"https:\/\/www.facebook.com\/Radiio-Ljubuski-1490835324566332","article_published_time":"2022-01-27T10:22:15+00:00","article_modified_time":"2022-01-27T10:22:16+00:00","og_image":[{"width":1000,"height":625,"url":"https:\/\/radioljubuski.ba\/wp-content\/uploads\/2022\/01\/8-2022-01-26-16-46-18-E-DNEVNIK.jpg","type":"image\/jpeg"}],"author":"Radio Ljubu\u0161ki","twitter_card":"summary_large_image","twitter_creator":"@radioljubuski","twitter_site":"@radioljubuski","twitter_misc":{"Napisao\/la":"Radio Ljubu\u0161ki","Procijenjeno vrijeme \u010ditanja":"3 minute"},"schema":{"@context":"https:\/\/schema.org","@graph":[{"@type":"Article","@id":"https:\/\/radioljubuski.ba\/index.php\/2022\/01\/27\/mobilna-aplikacija-ednevnik-prezentirana-u-sirokom-brijegu\/#article","isPartOf":{"@id":"https:\/\/radioljubuski.ba\/index.php\/2022\/01\/27\/mobilna-aplikacija-ednevnik-prezentirana-u-sirokom-brijegu\/"},"author":{"name":"Radio Ljubu\u0161ki","@id":"https:\/\/radioljubuski.ba\/#\/schema\/person\/19fc700381a780f69665d7956c469e3b"},"headline":"Mobilna aplikacija &#8216;eDnevnik&#8217; prezentirana u \u0160irokom Brijegu","datePublished":"2022-01-27T10:22:15+00:00","dateModified":"2022-01-27T10:22:16+00:00","mainEntityOfPage":{"@id":"https:\/\/radioljubuski.ba\/index.php\/2022\/01\/27\/mobilna-aplikacija-ednevnik-prezentirana-u-sirokom-brijegu\/"},"wordCount":518,"publisher":{"@id":"https:\/\/radioljubuski.ba\/#organization"},"image":{"@id":"https:\/\/radioljubuski.ba\/index.php\/2022\/01\/27\/mobilna-aplikacija-ednevnik-prezentirana-u-sirokom-brijegu\/#primaryimage"},"thumbnailUrl":"https:\/\/radioljubuski.ba\/wp-content\/uploads\/2022\/01\/8-2022-01-26-16-46-18-E-DNEVNIK.jpg","articleSection":["BIH i regija"],"inLanguage":"hr"},{"@type":"WebPage","@id":"https:\/\/radioljubuski.ba\/index.php\/2022\/01\/27\/mobilna-aplikacija-ednevnik-prezentirana-u-sirokom-brijegu\/","url":"https:\/\/radioljubuski.ba\/index.php\/2022\/01\/27\/mobilna-aplikacija-ednevnik-prezentirana-u-sirokom-brijegu\/","name":"Mobilna aplikacija 'eDnevnik' prezentirana u \u0160irokom Brijegu - RADIO LJUBU\u0160KI","isPartOf":{"@id":"https:\/\/radioljubuski.ba\/#website"},"primaryImageOfPage":{"@id":"https:\/\/radioljubuski.ba\/index.php\/2022\/01\/27\/mobilna-aplikacija-ednevnik-prezentirana-u-sirokom-brijegu\/#primaryimage"},"image":{"@id":"https:\/\/radioljubuski.ba\/index.php\/2022\/01\/27\/mobilna-aplikacija-ednevnik-prezentirana-u-sirokom-brijegu\/#primaryimage"},"thumbnailUrl":"https:\/\/radioljubuski.ba\/wp-content\/uploads\/2022\/01\/8-2022-01-26-16-46-18-E-DNEVNIK.jpg","datePublished":"2022-01-27T10:22:15+00:00","dateModified":"2022-01-27T10:22:16+00:00","breadcrumb":{"@id":"https:\/\/radioljubuski.ba\/index.php\/2022\/01\/27\/mobilna-aplikacija-ednevnik-prezentirana-u-sirokom-brijegu\/#breadcrumb"},"inLanguage":"hr","potentialAction":[{"@type":"ReadAction","target":["https:\/\/radioljubuski.ba\/index.php\/2022\/01\/27\/mobilna-aplikacija-ednevnik-prezentirana-u-sirokom-brijegu\/"]}]},{"@type":"ImageObject","inLanguage":"hr","@id":"https:\/\/radioljubuski.ba\/index.php\/2022\/01\/27\/mobilna-aplikacija-ednevnik-prezentirana-u-sirokom-brijegu\/#primaryimage","url":"https:\/\/radioljubuski.ba\/wp-content\/uploads\/2022\/01\/8-2022-01-26-16-46-18-E-DNEVNIK.jpg","contentUrl":"https:\/\/radioljubuski.ba\/wp-content\/uploads\/2022\/01\/8-2022-01-26-16-46-18-E-DNEVNIK.jpg","width":1000,"height":625},{"@type":"BreadcrumbList","@id":"https:\/\/radioljubuski.ba\/index.php\/2022\/01\/27\/mobilna-aplikacija-ednevnik-prezentirana-u-sirokom-brijegu\/#breadcrumb","itemListElement":[{"@type":"ListItem","position":1,"name":"Po\u010detna stranica","item":"https:\/\/radioljubuski.ba\/"},{"@type":"ListItem","position":2,"name":"Mobilna aplikacija &#8216;eDnevnik&#8217; prezentirana u \u0160irokom Brijegu"}]},{"@type":"WebSite","@id":"https:\/\/radioljubuski.ba\/#website","url":"https:\/\/radioljubuski.ba\/","name":"Radio Ljubu\u0161ki","description":"Sun\u010dana frekvencija Hercegovine","publisher":{"@id":"https:\/\/radioljubuski.ba\/#organization"},"potentialAction":[{"@type":"SearchAction","target":{"@type":"EntryPoint","urlTemplate":"https:\/\/radioljubuski.ba\/?s={search_term_string}"},"query-input":{"@type":"PropertyValueSpecification","valueRequired":true,"valueName":"search_term_string"}}],"inLanguage":"hr"},{"@type":"Organization","@id":"https:\/\/radioljubuski.ba\/#organization","name":"Radio Ljubu\u0161ki","url":"https:\/\/radioljubuski.ba\/","logo":{"@type":"ImageObject","inLanguage":"hr","@id":"https:\/\/radioljubuski.ba\/#\/schema\/logo\/image\/","url":"https:\/\/radioljubuski.ba\/wp-content\/uploads\/2021\/02\/cropped-Radio_Ljubuski_logo1.jpg","contentUrl":"https:\/\/radioljubuski.ba\/wp-content\/uploads\/2021\/02\/cropped-Radio_Ljubuski_logo1.jpg","width":512,"height":512,"caption":"Radio Ljubu\u0161ki"},"image":{"@id":"https:\/\/radioljubuski.ba\/#\/schema\/logo\/image\/"},"sameAs":["https:\/\/www.facebook.com\/Radiio-Ljubuski-1490835324566332","https:\/\/x.com\/radioljubuski","https:\/\/hr.linkedin.com\/company\/radio-ljubuski","https:\/\/www.youtube.com\/channel\/UCHYaeO_n0Db3tjNGudGpXyw"]},{"@type":"Person","@id":"https:\/\/radioljubuski.ba\/#\/schema\/person\/19fc700381a780f69665d7956c469e3b","name":"Radio Ljubu\u0161ki"}]}},"_links":{"self":[{"href":"https:\/\/radioljubuski.ba\/index.php\/wp-json\/wp\/v2\/posts\/109525","targetHints":{"allow":["GET"]}}],"collection":[{"href":"https:\/\/radioljubuski.ba\/index.php\/wp-json\/wp\/v2\/posts"}],"about":[{"href":"https:\/\/radioljubuski.ba\/index.php\/wp-json\/wp\/v2\/types\/post"}],"author":[{"embeddable":true,"href":"https:\/\/radioljubuski.ba\/index.php\/wp-json\/wp\/v2\/users\/2"}],"replies":[{"embeddable":true,"href":"https:\/\/radioljubuski.ba\/index.php\/wp-json\/wp\/v2\/comments?post=109525"}],"version-history":[{"count":1,"href":"https:\/\/radioljubuski.ba\/index.php\/wp-json\/wp\/v2\/posts\/109525\/revisions"}],"predecessor-version":[{"id":109527,"href":"https:\/\/radioljubuski.ba\/index.php\/wp-json\/wp\/v2\/posts\/109525\/revisions\/109527"}],"wp:featuredmedia":[{"embeddable":true,"href":"https:\/\/radioljubuski.ba\/index.php\/wp-json\/wp\/v2\/media\/109526"}],"wp:attachment":[{"href":"https:\/\/radioljubuski.ba\/index.php\/wp-json\/wp\/v2\/media?parent=109525"}],"wp:term":[{"taxonomy":"category","embeddable":true,"href":"https:\/\/radioljubuski.ba\/index.php\/wp-json\/wp\/v2\/categories?post=109525"},{"taxonomy":"post_tag","embeddable":true,"href":"https:\/\/radioljubuski.ba\/index.php\/wp-json\/wp\/v2\/tags?post=109525"}],"curies":[{"name":"wp","href":"https:\/\/api.w.org\/{rel}","templated":true}]}}