{"id":109538,"date":"2022-01-27T11:27:18","date_gmt":"2022-01-27T10:27:18","guid":{"rendered":"https:\/\/radioljubuski.ba\/?p=109538"},"modified":"2022-01-27T11:27:18","modified_gmt":"2022-01-27T10:27:18","slug":"uzinic-o-optuzbi-da-benedikt-xvi-nije-ucinio-dovoljno-za-raskrinkavanje-zlostavljaca-on-je-pokrenuo-promjenu-u-crkvi-po-tom-pitanju","status":"publish","type":"post","link":"https:\/\/radioljubuski.ba\/index.php\/2022\/01\/27\/uzinic-o-optuzbi-da-benedikt-xvi-nije-ucinio-dovoljno-za-raskrinkavanje-zlostavljaca-on-je-pokrenuo-promjenu-u-crkvi-po-tom-pitanju\/","title":{"rendered":"Uzini\u0107 o optu\u017ebi da Benedikt XVI. nije u\u010dinio dovoljno za raskrinkavanje zlostavlja\u010da: On je pokrenuo promjenu u Crkvi po tom pitanju"},"content":{"rendered":"\n<p>Predsjednik Povjerenstva HBK za za\u0161titu maloljetnika i ranjivih osoba rije\u010dki nadbiskup koadjutor Mate Uzini\u0107 u emisiji \u2018Izdvojeno\u2019 Laudato TV od 25. sije\u010dnja komentirao je prozivanja pape emeritusa Benedikta XVI. da kao nadbiskup M\u00fcnchena i Freisinga nije sprije\u010dio daljnje djelovanje sve\u0107enika optu\u017eenih za seksualno zlostavljanje dje\u010daka.<\/p>\n\n\n\n<p>\u201eNisam \u010ditao izvje\u0161\u0107e, ali \u010duo sam da je Papa ispravio neke stvari za koje se mislilo da je do sada rekao i da je obe\u0107ao da \u0107e pro\u010ditati izvje\u0161\u0107e i dati cjeloviti komentar. Tako bih ja komentar konkretnog slu\u010daja prepustio njemu i ne bih davao sud o tome. Ono \u0161to taj slu\u010daj pokazuje jest ono \u0161to smo mi i do sada znali da je u Katoli\u010dkoj Crkvi, kao vjerojatno i u drugim zajednicama, bilo lo\u0161eg, neadekvatnog odnosa prema toj pojavi. Je li mogu\u0107e da je takva situacija bila i u slu\u010daju pape Benedikta, odnosno tada nadbiskupa Ratzingera? Vrlo vjerojatno, jer to se tada doga\u0111alo svugdje, i nema na svijetu biskupije koja mo\u017ee mirno re\u0107i: \u2018Ne, to se kod nas nije nikad dogodilo.\u2019 Niti mi to tako mo\u017eemo re\u0107i. Jednostavno, to je pojava s kojoj se nismo znali nositi, krivo smo ju tretirali i donosili smo krive odluke koje su zapravo toj pojavi omogu\u0107avale da se \u0161iri\u201c, rekao je mons. Uzini\u0107.<\/p>\n\n\n\n<p>Komentirao je i za\u0161to je tome tako: \u201ePrije sam govorio da bi Crkva trebala biti obitelj. Mo\u017eda je to ba\u0161 zbog tih obiteljskih odnosa. No, problem je \u0161to smo te obiteljske odnose zaustavljali na sve\u0107enicima, a nismo ih poku\u0161ali pro\u0161iriti na one koji su bili njihove \u017ertve. Tu ja vidim jedan od problema\u201c.<\/p>\n\n\n\n<p>Odgovaraju\u0107i na pitanje za\u0161to se to nije poku\u0161alo rije\u0161iti, nadbiskup Uzini\u0107 je rekao: \u201eNe vjerujem da se nije rje\u0161avalo, ali poku\u0161alo se rje\u0161avati na na\u010dine za koje vidimo da su bili krivi. Ne vjerujem da je cilj bilo zata\u0161kavanje, mo\u017eda negdje i jest. Mislilo se da \u0107e se to rije\u0161iti na drugi na\u010din, a tako se nije rije\u0161ilo. \u010cini mi se da se nije ni znalo s kakvom se pojavom suo\u010davamo. Bez obzira na tu situaciju, ako je bila, bila je dio tog njegova nesnala\u017eenja. Nije to ne\u0161to \u0161to se dogodilo samo tu, nego svugdje, i svi mi se nismo snalazili, i nije da se samo mi u Crkvi nismo snalazili. To je puno \u0161iri problem i na mnogim drugim razinama. I uza sve to, ako se potvrdi da je papa Benedikt kriv za to razdoblje i da je u\u010dinio ne\u0161to \u0161to nije trebao, ili nije u\u010dinio \u0161to je trebalo, ne mo\u017ee se izgubiti \u010dinjenica da je on onaj koji je pokrenuo promjenu u Crkvi u odnosu na to pitanje, i Crkva se s njim na jedan nov na\u010din po\u010dela suo\u010davati s tom problematikom. To \u0161to smo do\u0161li do ovih rezultata plod je tog procesa koji je zapo\u010deo papa Benedikt. Ne smijemo izgubiti iz vida, koliko god je ovo te\u0161ko, radi se o papi koji je jo\u0161 uvijek \u017eiv i za kojeg imamo po\u0161tovanje u odnosu na ono \u0161to je u Crkvi u\u010dinio\u201c, rekao je rije\u010dki nadbiskup koadjutor.<\/p>\n\n\n\n<p>Mons. Uzini\u0107 naglasio je kako je potrebno u rje\u0161avanje problema uklju\u010diti dru\u0161tveno-politi\u010dku zajednicu. \u201eBez dru\u0161tveno-politi\u010dke zajednice ni nemamo prave mogu\u0107nosti kazniti niti donijeti odluke koje mogu na kraju pomo\u0107i onima koji su o\u0161te\u0107eni\u201c.<\/p>\n\n\n\n<p>Komentirao je i aktualni popis stanovni\u0161tva za \u010dije se pora\u017eavaju\u0107e podatke odgovornost prebacuje s jedne na drugu politiku, pa i Crkvu koja je odgovorna ako nije uspjela prenijeti da je obitelj radost ljubavi. \u201eTe\u0161ka je situacija, u pitanju je na\u0161 nacionalni opstanak. Nije se to prvi puta dogodilo narodima u povijesti, narodi su postajali i nestajali. Mnogi mladi iseljavaju, odlaze, tra\u017ee bolji \u017eivot, drugi \u017eele do\u0107i. Ponajprije oni koji su na vlasti trebali bi utjecati na te tokove. U\u010diniti da ova zemlja bude doista privla\u010dna da se ljudi osje\u0107aju sretni, da su zadovoljni, da nemamo percepciju Hrvatske kao korumpiranog dru\u0161tva u kojemu se ne mo\u017ee \u017eivjeti. Nego svi zajedno poku\u0161amo stvoriti percepciju lijepe zemlje u kojoj doista je zadovoljstvo \u017eivjeti\u201c, rekao je nadbiskup.<\/p>\n\n\n\n<p>Mons. Uzini\u0107 ne vidi problem samo u padu broja stanovnika nego u strukturi stanovni\u0161tva. \u201eStruktura je stara\u010dka, a ona nema potencijal za ra\u0111anje, potencijal za promjene i to je na\u0161 najve\u0107i problem\u201c, upozorio je rije\u010dki nadbiskup koadjutor koji se osvrnuo i na aktualnu podijeljenost oko teme cijepljenja u pandemiji.<\/p>\n\n\n\n<p>\u201eTo \u0161to se pokazalo da cjepivo nije tako u\u010dinkovito kako smo mislili, ne umanjuje gestu da se radi o \u010dinu ljubavi. Moramo vjerovati onim stru\u010dnjacima koji ka\u017eu da ono poma\u017ee u smislu da osobe koje su cijepljenje imaju manje simptome nego drugi, pa na taj na\u010din ono i dalje poma\u017ee dru\u0161tvu u borbi protiv pandemije. Jer ako me nije za\u0161titilo, ako nije za\u0161titilo druge, ono samom \u010dinjenicom da smanjuje te\u017ee simptome i broj hospitaliziranih poma\u017ee dru\u0161tvu da mo\u017ee nastaviti funkcionirati. Sama \u010dinjenica da \u0107u ja primiti cjepivo, da ne bih opteretio svojom bole\u0161\u0107u zdravstveni sustav je opet, po mom mi\u0161ljenju, bez obzira na sve, \u010din ljubavi\u201c.<\/p>\n\n\n\n<p>Smatra kako je dobro da ljudi izra\u017eavaju mi\u0161ljenje i protestiraju ako smatraju da je neko njihovo pravo ugro\u017eeno, a boriti se za prava drugoga je tako\u0111er \u010din ljubavi. \u201eOno \u0161to je meni smetalo u cijeloj ovoj situaciji tih protesta je pozivanje na vjerske razloge i vjerske motive za necijepljenje. Pretvaranje cijepljenja u vjersko pitanje, a zaboravljanje da je rije\u010d o jednom medicinskom i znanstvenom problemu. Ignoriranje znanstvenih i medicinskih potvrda o korisnosti cijepljenja i uno\u0161enje poluznanstvenih i drugih kriterija u prosudbu, kad se s vjerskim simbolima manipulira za neke ciljeve koji nemaju veze s vjerom\u201c, zaklju\u010dio je mons. Uzini\u0107.<\/p>\n\n\n\n<p>Odgovaraju\u0107i na pitanje kako \u0107e Crkva pratiti rastavljene i ponovno civilno vjen\u010dane, mons. Uzini\u0107 govorio je o va\u017enosti nauka o nerazrje\u0161ivosti sakramenta \u017eenidbe, ali i potrebi individualnoga pristupa.<\/p>\n\n\n\n<p>\u201eCrkva \u017eeli biti suputnica u obiteljima. \u010cesto u propovijedima i pastoralnim slu\u017ebama nagla\u0161avamo va\u017enost obitelji. Hrvatska biskupska konferencija ima vije\u0107e koje se bavi pitanjem obitelji, pastorala obitelji, ali i \u017eivota. Mi bismo htjeli puno vi\u0161e nego \u0161to uspijevamo unutar Crkve. Naravno da ne mo\u017eemo uzrok tra\u017eiti uvijek i u Crkvi, kad postoje i obitelji koje ne pokazuju interes za ono \u0161to im Crkva nudi i \u010dini. Mi moramo prihvatiti i tu situaciju. Ono \u0161to bismo mi htjeli jest da i sama obitelj sebe prepozna kao Crkvu, ali isto tako da i Crkva sebe prepozna kao obitelj. Kad bi se dogodile te dvije stvarnosti \u2013 puno bi se vi\u0161e uspijevalo posti\u0107i u pastoralu s obiteljima\u201c, zaklju\u010dio je rije\u010dki nadbiskup koadjutor Mate Uzini\u0107.<\/p>\n\n\n\n<p>Izvor:bitno.net<\/p>\n","protected":false},"excerpt":{"rendered":"<p>Predsjednik Povjerenstva HBK za za\u0161titu maloljetnika i ranjivih osoba rije\u010dki nadbiskup koadjutor Mate Uzini\u0107 u emisiji \u2018Izdvojeno\u2019 Laudato TV od 25. sije\u010dnja komentirao je prozivanja pape emeritusa Benedikta XVI. da kao nadbiskup M\u00fcnchena i Freisinga nije sprije\u010dio daljnje djelovanje sve\u0107enika optu\u017eenih za seksualno zlostavljanje dje\u010daka. \u201eNisam \u010ditao izvje\u0161\u0107e, ali \u010duo sam da je Papa ispravio [&hellip;]<\/p>\n","protected":false},"author":2,"featured_media":109541,"comment_status":"closed","ping_status":"closed","sticky":false,"template":"","format":"standard","meta":{"h5ap_radio_sources":[],"footnotes":""},"categories":[1],"tags":[],"class_list":["post-109538","post","type-post","status-publish","format-standard","has-post-thumbnail","hentry","category-bihiregija"],"yoast_head":"<!-- This site is optimized with the Yoast SEO plugin v27.4 - https:\/\/yoast.com\/product\/yoast-seo-wordpress\/ -->\n<title>Uzini\u0107 o optu\u017ebi da Benedikt XVI. nije u\u010dinio dovoljno za raskrinkavanje zlostavlja\u010da: On je pokrenuo promjenu u Crkvi po tom pitanju - RADIO LJUBU\u0160KI<\/title>\n<meta name=\"robots\" content=\"index, follow, max-snippet:-1, max-image-preview:large, max-video-preview:-1\" \/>\n<link rel=\"canonical\" href=\"https:\/\/radioljubuski.ba\/index.php\/2022\/01\/27\/uzinic-o-optuzbi-da-benedikt-xvi-nije-ucinio-dovoljno-za-raskrinkavanje-zlostavljaca-on-je-pokrenuo-promjenu-u-crkvi-po-tom-pitanju\/\" \/>\n<meta property=\"og:locale\" content=\"hr_HR\" \/>\n<meta property=\"og:type\" content=\"article\" \/>\n<meta property=\"og:title\" content=\"Uzini\u0107 o optu\u017ebi da Benedikt XVI. nije u\u010dinio dovoljno za raskrinkavanje zlostavlja\u010da: On je pokrenuo promjenu u Crkvi po tom pitanju - RADIO LJUBU\u0160KI\" \/>\n<meta property=\"og:description\" content=\"Predsjednik Povjerenstva HBK za za\u0161titu maloljetnika i ranjivih osoba rije\u010dki nadbiskup koadjutor Mate Uzini\u0107 u emisiji \u2018Izdvojeno\u2019 Laudato TV od 25. sije\u010dnja komentirao je prozivanja pape emeritusa Benedikta XVI. da kao nadbiskup M\u00fcnchena i Freisinga nije sprije\u010dio daljnje djelovanje sve\u0107enika optu\u017eenih za seksualno zlostavljanje dje\u010daka. \u201eNisam \u010ditao izvje\u0161\u0107e, ali \u010duo sam da je Papa ispravio [&hellip;]\" \/>\n<meta property=\"og:url\" content=\"https:\/\/radioljubuski.ba\/index.php\/2022\/01\/27\/uzinic-o-optuzbi-da-benedikt-xvi-nije-ucinio-dovoljno-za-raskrinkavanje-zlostavljaca-on-je-pokrenuo-promjenu-u-crkvi-po-tom-pitanju\/\" \/>\n<meta property=\"og:site_name\" content=\"RADIO LJUBU\u0160KI\" \/>\n<meta property=\"article:publisher\" content=\"https:\/\/www.facebook.com\/Radiio-Ljubuski-1490835324566332\" \/>\n<meta property=\"article:published_time\" content=\"2022-01-27T10:27:18+00:00\" \/>\n<meta property=\"og:image\" content=\"https:\/\/radioljubuski.ba\/wp-content\/uploads\/2022\/01\/7-2022-01-26-17-37-51-mateuzinicc.jpg\" \/>\n\t<meta property=\"og:image:width\" content=\"1000\" \/>\n\t<meta property=\"og:image:height\" content=\"625\" \/>\n\t<meta property=\"og:image:type\" content=\"image\/jpeg\" \/>\n<meta name=\"author\" content=\"Radio Ljubu\u0161ki\" \/>\n<meta name=\"twitter:card\" content=\"summary_large_image\" \/>\n<meta name=\"twitter:creator\" content=\"@radioljubuski\" \/>\n<meta name=\"twitter:site\" content=\"@radioljubuski\" \/>\n<meta name=\"twitter:label1\" content=\"Napisao\/la\" \/>\n\t<meta name=\"twitter:data1\" content=\"Radio Ljubu\u0161ki\" \/>\n\t<meta name=\"twitter:label2\" content=\"Procijenjeno vrijeme \u010ditanja\" \/>\n\t<meta name=\"twitter:data2\" content=\"5 minuta\" \/>\n<script type=\"application\/ld+json\" class=\"yoast-schema-graph\">{\"@context\":\"https:\\\/\\\/schema.org\",\"@graph\":[{\"@type\":\"Article\",\"@id\":\"https:\\\/\\\/radioljubuski.ba\\\/index.php\\\/2022\\\/01\\\/27\\\/uzinic-o-optuzbi-da-benedikt-xvi-nije-ucinio-dovoljno-za-raskrinkavanje-zlostavljaca-on-je-pokrenuo-promjenu-u-crkvi-po-tom-pitanju\\\/#article\",\"isPartOf\":{\"@id\":\"https:\\\/\\\/radioljubuski.ba\\\/index.php\\\/2022\\\/01\\\/27\\\/uzinic-o-optuzbi-da-benedikt-xvi-nije-ucinio-dovoljno-za-raskrinkavanje-zlostavljaca-on-je-pokrenuo-promjenu-u-crkvi-po-tom-pitanju\\\/\"},\"author\":{\"name\":\"Radio Ljubu\u0161ki\",\"@id\":\"https:\\\/\\\/radioljubuski.ba\\\/#\\\/schema\\\/person\\\/19fc700381a780f69665d7956c469e3b\"},\"headline\":\"Uzini\u0107 o optu\u017ebi da Benedikt XVI. nije u\u010dinio dovoljno za raskrinkavanje zlostavlja\u010da: On je pokrenuo promjenu u Crkvi po tom pitanju\",\"datePublished\":\"2022-01-27T10:27:18+00:00\",\"mainEntityOfPage\":{\"@id\":\"https:\\\/\\\/radioljubuski.ba\\\/index.php\\\/2022\\\/01\\\/27\\\/uzinic-o-optuzbi-da-benedikt-xvi-nije-ucinio-dovoljno-za-raskrinkavanje-zlostavljaca-on-je-pokrenuo-promjenu-u-crkvi-po-tom-pitanju\\\/\"},\"wordCount\":1201,\"publisher\":{\"@id\":\"https:\\\/\\\/radioljubuski.ba\\\/#organization\"},\"image\":{\"@id\":\"https:\\\/\\\/radioljubuski.ba\\\/index.php\\\/2022\\\/01\\\/27\\\/uzinic-o-optuzbi-da-benedikt-xvi-nije-ucinio-dovoljno-za-raskrinkavanje-zlostavljaca-on-je-pokrenuo-promjenu-u-crkvi-po-tom-pitanju\\\/#primaryimage\"},\"thumbnailUrl\":\"https:\\\/\\\/radioljubuski.ba\\\/wp-content\\\/uploads\\\/2022\\\/01\\\/7-2022-01-26-17-37-51-mateuzinicc.jpg\",\"articleSection\":[\"BIH i regija\"],\"inLanguage\":\"hr\"},{\"@type\":\"WebPage\",\"@id\":\"https:\\\/\\\/radioljubuski.ba\\\/index.php\\\/2022\\\/01\\\/27\\\/uzinic-o-optuzbi-da-benedikt-xvi-nije-ucinio-dovoljno-za-raskrinkavanje-zlostavljaca-on-je-pokrenuo-promjenu-u-crkvi-po-tom-pitanju\\\/\",\"url\":\"https:\\\/\\\/radioljubuski.ba\\\/index.php\\\/2022\\\/01\\\/27\\\/uzinic-o-optuzbi-da-benedikt-xvi-nije-ucinio-dovoljno-za-raskrinkavanje-zlostavljaca-on-je-pokrenuo-promjenu-u-crkvi-po-tom-pitanju\\\/\",\"name\":\"Uzini\u0107 o optu\u017ebi da Benedikt XVI. nije u\u010dinio dovoljno za raskrinkavanje zlostavlja\u010da: On je pokrenuo promjenu u Crkvi po tom pitanju - RADIO LJUBU\u0160KI\",\"isPartOf\":{\"@id\":\"https:\\\/\\\/radioljubuski.ba\\\/#website\"},\"primaryImageOfPage\":{\"@id\":\"https:\\\/\\\/radioljubuski.ba\\\/index.php\\\/2022\\\/01\\\/27\\\/uzinic-o-optuzbi-da-benedikt-xvi-nije-ucinio-dovoljno-za-raskrinkavanje-zlostavljaca-on-je-pokrenuo-promjenu-u-crkvi-po-tom-pitanju\\\/#primaryimage\"},\"image\":{\"@id\":\"https:\\\/\\\/radioljubuski.ba\\\/index.php\\\/2022\\\/01\\\/27\\\/uzinic-o-optuzbi-da-benedikt-xvi-nije-ucinio-dovoljno-za-raskrinkavanje-zlostavljaca-on-je-pokrenuo-promjenu-u-crkvi-po-tom-pitanju\\\/#primaryimage\"},\"thumbnailUrl\":\"https:\\\/\\\/radioljubuski.ba\\\/wp-content\\\/uploads\\\/2022\\\/01\\\/7-2022-01-26-17-37-51-mateuzinicc.jpg\",\"datePublished\":\"2022-01-27T10:27:18+00:00\",\"breadcrumb\":{\"@id\":\"https:\\\/\\\/radioljubuski.ba\\\/index.php\\\/2022\\\/01\\\/27\\\/uzinic-o-optuzbi-da-benedikt-xvi-nije-ucinio-dovoljno-za-raskrinkavanje-zlostavljaca-on-je-pokrenuo-promjenu-u-crkvi-po-tom-pitanju\\\/#breadcrumb\"},\"inLanguage\":\"hr\",\"potentialAction\":[{\"@type\":\"ReadAction\",\"target\":[\"https:\\\/\\\/radioljubuski.ba\\\/index.php\\\/2022\\\/01\\\/27\\\/uzinic-o-optuzbi-da-benedikt-xvi-nije-ucinio-dovoljno-za-raskrinkavanje-zlostavljaca-on-je-pokrenuo-promjenu-u-crkvi-po-tom-pitanju\\\/\"]}]},{\"@type\":\"ImageObject\",\"inLanguage\":\"hr\",\"@id\":\"https:\\\/\\\/radioljubuski.ba\\\/index.php\\\/2022\\\/01\\\/27\\\/uzinic-o-optuzbi-da-benedikt-xvi-nije-ucinio-dovoljno-za-raskrinkavanje-zlostavljaca-on-je-pokrenuo-promjenu-u-crkvi-po-tom-pitanju\\\/#primaryimage\",\"url\":\"https:\\\/\\\/radioljubuski.ba\\\/wp-content\\\/uploads\\\/2022\\\/01\\\/7-2022-01-26-17-37-51-mateuzinicc.jpg\",\"contentUrl\":\"https:\\\/\\\/radioljubuski.ba\\\/wp-content\\\/uploads\\\/2022\\\/01\\\/7-2022-01-26-17-37-51-mateuzinicc.jpg\",\"width\":1000,\"height\":625},{\"@type\":\"BreadcrumbList\",\"@id\":\"https:\\\/\\\/radioljubuski.ba\\\/index.php\\\/2022\\\/01\\\/27\\\/uzinic-o-optuzbi-da-benedikt-xvi-nije-ucinio-dovoljno-za-raskrinkavanje-zlostavljaca-on-je-pokrenuo-promjenu-u-crkvi-po-tom-pitanju\\\/#breadcrumb\",\"itemListElement\":[{\"@type\":\"ListItem\",\"position\":1,\"name\":\"Po\u010detna stranica\",\"item\":\"https:\\\/\\\/radioljubuski.ba\\\/\"},{\"@type\":\"ListItem\",\"position\":2,\"name\":\"Uzini\u0107 o optu\u017ebi da Benedikt XVI. nije u\u010dinio dovoljno za raskrinkavanje zlostavlja\u010da: On je pokrenuo promjenu u Crkvi po tom pitanju\"}]},{\"@type\":\"WebSite\",\"@id\":\"https:\\\/\\\/radioljubuski.ba\\\/#website\",\"url\":\"https:\\\/\\\/radioljubuski.ba\\\/\",\"name\":\"Radio Ljubu\u0161ki\",\"description\":\"Sun\u010dana frekvencija Hercegovine\",\"publisher\":{\"@id\":\"https:\\\/\\\/radioljubuski.ba\\\/#organization\"},\"potentialAction\":[{\"@type\":\"SearchAction\",\"target\":{\"@type\":\"EntryPoint\",\"urlTemplate\":\"https:\\\/\\\/radioljubuski.ba\\\/?s={search_term_string}\"},\"query-input\":{\"@type\":\"PropertyValueSpecification\",\"valueRequired\":true,\"valueName\":\"search_term_string\"}}],\"inLanguage\":\"hr\"},{\"@type\":\"Organization\",\"@id\":\"https:\\\/\\\/radioljubuski.ba\\\/#organization\",\"name\":\"Radio Ljubu\u0161ki\",\"url\":\"https:\\\/\\\/radioljubuski.ba\\\/\",\"logo\":{\"@type\":\"ImageObject\",\"inLanguage\":\"hr\",\"@id\":\"https:\\\/\\\/radioljubuski.ba\\\/#\\\/schema\\\/logo\\\/image\\\/\",\"url\":\"https:\\\/\\\/radioljubuski.ba\\\/wp-content\\\/uploads\\\/2021\\\/02\\\/cropped-Radio_Ljubuski_logo1.jpg\",\"contentUrl\":\"https:\\\/\\\/radioljubuski.ba\\\/wp-content\\\/uploads\\\/2021\\\/02\\\/cropped-Radio_Ljubuski_logo1.jpg\",\"width\":512,\"height\":512,\"caption\":\"Radio Ljubu\u0161ki\"},\"image\":{\"@id\":\"https:\\\/\\\/radioljubuski.ba\\\/#\\\/schema\\\/logo\\\/image\\\/\"},\"sameAs\":[\"https:\\\/\\\/www.facebook.com\\\/Radiio-Ljubuski-1490835324566332\",\"https:\\\/\\\/x.com\\\/radioljubuski\",\"https:\\\/\\\/hr.linkedin.com\\\/company\\\/radio-ljubuski\",\"https:\\\/\\\/www.youtube.com\\\/channel\\\/UCHYaeO_n0Db3tjNGudGpXyw\"]},{\"@type\":\"Person\",\"@id\":\"https:\\\/\\\/radioljubuski.ba\\\/#\\\/schema\\\/person\\\/19fc700381a780f69665d7956c469e3b\",\"name\":\"Radio Ljubu\u0161ki\"}]}<\/script>\n<!-- \/ Yoast SEO plugin. -->","yoast_head_json":{"title":"Uzini\u0107 o optu\u017ebi da Benedikt XVI. nije u\u010dinio dovoljno za raskrinkavanje zlostavlja\u010da: On je pokrenuo promjenu u Crkvi po tom pitanju - RADIO LJUBU\u0160KI","robots":{"index":"index","follow":"follow","max-snippet":"max-snippet:-1","max-image-preview":"max-image-preview:large","max-video-preview":"max-video-preview:-1"},"canonical":"https:\/\/radioljubuski.ba\/index.php\/2022\/01\/27\/uzinic-o-optuzbi-da-benedikt-xvi-nije-ucinio-dovoljno-za-raskrinkavanje-zlostavljaca-on-je-pokrenuo-promjenu-u-crkvi-po-tom-pitanju\/","og_locale":"hr_HR","og_type":"article","og_title":"Uzini\u0107 o optu\u017ebi da Benedikt XVI. nije u\u010dinio dovoljno za raskrinkavanje zlostavlja\u010da: On je pokrenuo promjenu u Crkvi po tom pitanju - RADIO LJUBU\u0160KI","og_description":"Predsjednik Povjerenstva HBK za za\u0161titu maloljetnika i ranjivih osoba rije\u010dki nadbiskup koadjutor Mate Uzini\u0107 u emisiji \u2018Izdvojeno\u2019 Laudato TV od 25. sije\u010dnja komentirao je prozivanja pape emeritusa Benedikta XVI. da kao nadbiskup M\u00fcnchena i Freisinga nije sprije\u010dio daljnje djelovanje sve\u0107enika optu\u017eenih za seksualno zlostavljanje dje\u010daka. \u201eNisam \u010ditao izvje\u0161\u0107e, ali \u010duo sam da je Papa ispravio [&hellip;]","og_url":"https:\/\/radioljubuski.ba\/index.php\/2022\/01\/27\/uzinic-o-optuzbi-da-benedikt-xvi-nije-ucinio-dovoljno-za-raskrinkavanje-zlostavljaca-on-je-pokrenuo-promjenu-u-crkvi-po-tom-pitanju\/","og_site_name":"RADIO LJUBU\u0160KI","article_publisher":"https:\/\/www.facebook.com\/Radiio-Ljubuski-1490835324566332","article_published_time":"2022-01-27T10:27:18+00:00","og_image":[{"width":1000,"height":625,"url":"https:\/\/radioljubuski.ba\/wp-content\/uploads\/2022\/01\/7-2022-01-26-17-37-51-mateuzinicc.jpg","type":"image\/jpeg"}],"author":"Radio Ljubu\u0161ki","twitter_card":"summary_large_image","twitter_creator":"@radioljubuski","twitter_site":"@radioljubuski","twitter_misc":{"Napisao\/la":"Radio Ljubu\u0161ki","Procijenjeno vrijeme \u010ditanja":"5 minuta"},"schema":{"@context":"https:\/\/schema.org","@graph":[{"@type":"Article","@id":"https:\/\/radioljubuski.ba\/index.php\/2022\/01\/27\/uzinic-o-optuzbi-da-benedikt-xvi-nije-ucinio-dovoljno-za-raskrinkavanje-zlostavljaca-on-je-pokrenuo-promjenu-u-crkvi-po-tom-pitanju\/#article","isPartOf":{"@id":"https:\/\/radioljubuski.ba\/index.php\/2022\/01\/27\/uzinic-o-optuzbi-da-benedikt-xvi-nije-ucinio-dovoljno-za-raskrinkavanje-zlostavljaca-on-je-pokrenuo-promjenu-u-crkvi-po-tom-pitanju\/"},"author":{"name":"Radio Ljubu\u0161ki","@id":"https:\/\/radioljubuski.ba\/#\/schema\/person\/19fc700381a780f69665d7956c469e3b"},"headline":"Uzini\u0107 o optu\u017ebi da Benedikt XVI. nije u\u010dinio dovoljno za raskrinkavanje zlostavlja\u010da: On je pokrenuo promjenu u Crkvi po tom pitanju","datePublished":"2022-01-27T10:27:18+00:00","mainEntityOfPage":{"@id":"https:\/\/radioljubuski.ba\/index.php\/2022\/01\/27\/uzinic-o-optuzbi-da-benedikt-xvi-nije-ucinio-dovoljno-za-raskrinkavanje-zlostavljaca-on-je-pokrenuo-promjenu-u-crkvi-po-tom-pitanju\/"},"wordCount":1201,"publisher":{"@id":"https:\/\/radioljubuski.ba\/#organization"},"image":{"@id":"https:\/\/radioljubuski.ba\/index.php\/2022\/01\/27\/uzinic-o-optuzbi-da-benedikt-xvi-nije-ucinio-dovoljno-za-raskrinkavanje-zlostavljaca-on-je-pokrenuo-promjenu-u-crkvi-po-tom-pitanju\/#primaryimage"},"thumbnailUrl":"https:\/\/radioljubuski.ba\/wp-content\/uploads\/2022\/01\/7-2022-01-26-17-37-51-mateuzinicc.jpg","articleSection":["BIH i regija"],"inLanguage":"hr"},{"@type":"WebPage","@id":"https:\/\/radioljubuski.ba\/index.php\/2022\/01\/27\/uzinic-o-optuzbi-da-benedikt-xvi-nije-ucinio-dovoljno-za-raskrinkavanje-zlostavljaca-on-je-pokrenuo-promjenu-u-crkvi-po-tom-pitanju\/","url":"https:\/\/radioljubuski.ba\/index.php\/2022\/01\/27\/uzinic-o-optuzbi-da-benedikt-xvi-nije-ucinio-dovoljno-za-raskrinkavanje-zlostavljaca-on-je-pokrenuo-promjenu-u-crkvi-po-tom-pitanju\/","name":"Uzini\u0107 o optu\u017ebi da Benedikt XVI. nije u\u010dinio dovoljno za raskrinkavanje zlostavlja\u010da: On je pokrenuo promjenu u Crkvi po tom pitanju - RADIO LJUBU\u0160KI","isPartOf":{"@id":"https:\/\/radioljubuski.ba\/#website"},"primaryImageOfPage":{"@id":"https:\/\/radioljubuski.ba\/index.php\/2022\/01\/27\/uzinic-o-optuzbi-da-benedikt-xvi-nije-ucinio-dovoljno-za-raskrinkavanje-zlostavljaca-on-je-pokrenuo-promjenu-u-crkvi-po-tom-pitanju\/#primaryimage"},"image":{"@id":"https:\/\/radioljubuski.ba\/index.php\/2022\/01\/27\/uzinic-o-optuzbi-da-benedikt-xvi-nije-ucinio-dovoljno-za-raskrinkavanje-zlostavljaca-on-je-pokrenuo-promjenu-u-crkvi-po-tom-pitanju\/#primaryimage"},"thumbnailUrl":"https:\/\/radioljubuski.ba\/wp-content\/uploads\/2022\/01\/7-2022-01-26-17-37-51-mateuzinicc.jpg","datePublished":"2022-01-27T10:27:18+00:00","breadcrumb":{"@id":"https:\/\/radioljubuski.ba\/index.php\/2022\/01\/27\/uzinic-o-optuzbi-da-benedikt-xvi-nije-ucinio-dovoljno-za-raskrinkavanje-zlostavljaca-on-je-pokrenuo-promjenu-u-crkvi-po-tom-pitanju\/#breadcrumb"},"inLanguage":"hr","potentialAction":[{"@type":"ReadAction","target":["https:\/\/radioljubuski.ba\/index.php\/2022\/01\/27\/uzinic-o-optuzbi-da-benedikt-xvi-nije-ucinio-dovoljno-za-raskrinkavanje-zlostavljaca-on-je-pokrenuo-promjenu-u-crkvi-po-tom-pitanju\/"]}]},{"@type":"ImageObject","inLanguage":"hr","@id":"https:\/\/radioljubuski.ba\/index.php\/2022\/01\/27\/uzinic-o-optuzbi-da-benedikt-xvi-nije-ucinio-dovoljno-za-raskrinkavanje-zlostavljaca-on-je-pokrenuo-promjenu-u-crkvi-po-tom-pitanju\/#primaryimage","url":"https:\/\/radioljubuski.ba\/wp-content\/uploads\/2022\/01\/7-2022-01-26-17-37-51-mateuzinicc.jpg","contentUrl":"https:\/\/radioljubuski.ba\/wp-content\/uploads\/2022\/01\/7-2022-01-26-17-37-51-mateuzinicc.jpg","width":1000,"height":625},{"@type":"BreadcrumbList","@id":"https:\/\/radioljubuski.ba\/index.php\/2022\/01\/27\/uzinic-o-optuzbi-da-benedikt-xvi-nije-ucinio-dovoljno-za-raskrinkavanje-zlostavljaca-on-je-pokrenuo-promjenu-u-crkvi-po-tom-pitanju\/#breadcrumb","itemListElement":[{"@type":"ListItem","position":1,"name":"Po\u010detna stranica","item":"https:\/\/radioljubuski.ba\/"},{"@type":"ListItem","position":2,"name":"Uzini\u0107 o optu\u017ebi da Benedikt XVI. nije u\u010dinio dovoljno za raskrinkavanje zlostavlja\u010da: On je pokrenuo promjenu u Crkvi po tom pitanju"}]},{"@type":"WebSite","@id":"https:\/\/radioljubuski.ba\/#website","url":"https:\/\/radioljubuski.ba\/","name":"Radio Ljubu\u0161ki","description":"Sun\u010dana frekvencija Hercegovine","publisher":{"@id":"https:\/\/radioljubuski.ba\/#organization"},"potentialAction":[{"@type":"SearchAction","target":{"@type":"EntryPoint","urlTemplate":"https:\/\/radioljubuski.ba\/?s={search_term_string}"},"query-input":{"@type":"PropertyValueSpecification","valueRequired":true,"valueName":"search_term_string"}}],"inLanguage":"hr"},{"@type":"Organization","@id":"https:\/\/radioljubuski.ba\/#organization","name":"Radio Ljubu\u0161ki","url":"https:\/\/radioljubuski.ba\/","logo":{"@type":"ImageObject","inLanguage":"hr","@id":"https:\/\/radioljubuski.ba\/#\/schema\/logo\/image\/","url":"https:\/\/radioljubuski.ba\/wp-content\/uploads\/2021\/02\/cropped-Radio_Ljubuski_logo1.jpg","contentUrl":"https:\/\/radioljubuski.ba\/wp-content\/uploads\/2021\/02\/cropped-Radio_Ljubuski_logo1.jpg","width":512,"height":512,"caption":"Radio Ljubu\u0161ki"},"image":{"@id":"https:\/\/radioljubuski.ba\/#\/schema\/logo\/image\/"},"sameAs":["https:\/\/www.facebook.com\/Radiio-Ljubuski-1490835324566332","https:\/\/x.com\/radioljubuski","https:\/\/hr.linkedin.com\/company\/radio-ljubuski","https:\/\/www.youtube.com\/channel\/UCHYaeO_n0Db3tjNGudGpXyw"]},{"@type":"Person","@id":"https:\/\/radioljubuski.ba\/#\/schema\/person\/19fc700381a780f69665d7956c469e3b","name":"Radio Ljubu\u0161ki"}]}},"_links":{"self":[{"href":"https:\/\/radioljubuski.ba\/index.php\/wp-json\/wp\/v2\/posts\/109538","targetHints":{"allow":["GET"]}}],"collection":[{"href":"https:\/\/radioljubuski.ba\/index.php\/wp-json\/wp\/v2\/posts"}],"about":[{"href":"https:\/\/radioljubuski.ba\/index.php\/wp-json\/wp\/v2\/types\/post"}],"author":[{"embeddable":true,"href":"https:\/\/radioljubuski.ba\/index.php\/wp-json\/wp\/v2\/users\/2"}],"replies":[{"embeddable":true,"href":"https:\/\/radioljubuski.ba\/index.php\/wp-json\/wp\/v2\/comments?post=109538"}],"version-history":[{"count":1,"href":"https:\/\/radioljubuski.ba\/index.php\/wp-json\/wp\/v2\/posts\/109538\/revisions"}],"predecessor-version":[{"id":109542,"href":"https:\/\/radioljubuski.ba\/index.php\/wp-json\/wp\/v2\/posts\/109538\/revisions\/109542"}],"wp:featuredmedia":[{"embeddable":true,"href":"https:\/\/radioljubuski.ba\/index.php\/wp-json\/wp\/v2\/media\/109541"}],"wp:attachment":[{"href":"https:\/\/radioljubuski.ba\/index.php\/wp-json\/wp\/v2\/media?parent=109538"}],"wp:term":[{"taxonomy":"category","embeddable":true,"href":"https:\/\/radioljubuski.ba\/index.php\/wp-json\/wp\/v2\/categories?post=109538"},{"taxonomy":"post_tag","embeddable":true,"href":"https:\/\/radioljubuski.ba\/index.php\/wp-json\/wp\/v2\/tags?post=109538"}],"curies":[{"name":"wp","href":"https:\/\/api.w.org\/{rel}","templated":true}]}}