{"id":109560,"date":"2022-01-27T11:31:58","date_gmt":"2022-01-27T10:31:58","guid":{"rendered":"https:\/\/radioljubuski.ba\/?p=109560"},"modified":"2022-01-27T11:31:59","modified_gmt":"2022-01-27T10:31:59","slug":"kako-provjeriti-je-li-kucnom-testu-na-covid-istekao-rok-trajanja","status":"publish","type":"post","link":"https:\/\/radioljubuski.ba\/index.php\/2022\/01\/27\/kako-provjeriti-je-li-kucnom-testu-na-covid-istekao-rok-trajanja\/","title":{"rendered":"Kako provjeriti je li ku\u0107nom testu na COVID istekao rok trajanja?"},"content":{"rendered":"\n<p>Zbog sve ve\u0107eg broja zara\u017eenih u na\u0161oj zemlji, epidemiolozi preporu\u010duju prvotno testiranje ku\u0107nim brzim testom, a u slu\u010daju tog pozitivnog testa va\u017eno se izolirati, kontaktirati lije\u010dnika te \u010dekati termin za PCR testiranje. Ipak, nedavni slu\u010daj iz Floride pokazuje da je u jednom skladi\u0161tu istekla valjanost vi\u0161e od 80 000 brzih testova zbog \u010dega se pojavila zabrinutost da \u0107e testove morati baciti.<\/p>\n\n\n\n<p>Ipak, tvrtka Abbott Laboratories koja proizvodi ove testove dobila je tromjese\u010dno produ\u017eenje roka valjanosti nakon \u0161to je Ameri\u010dkoj agenciji za hranu i lijekove (FDA) dostavio dodatne podatke.<\/p>\n\n\n\n<p>Kako i za\u0161to ku\u0107nim testovima na COVID mo\u017ee iste\u0107i rok trajanja?<\/p>\n\n\n\n<p>Emily Volk, predsjednica Koled\u017ea ameri\u010dkih patologa, i Matthew Pettengill, direktor klini\u010dke mikrobiologije u Sveu\u010dili\u0161noj bolnici Thomas Jefferson, objasnili su kako valjanost ovih testova mo\u017ee iste\u0107i.<\/p>\n\n\n\n<p>Kad je rije\u010d o brzim antigenskim testovima, klju\u010dne su dvije komponente: teku\u0107i reagens koji se koristi za ekstrakciju proteinskih fragmenata iz uzorka pacijenta i prilago\u0111ena antitijela koja su oslikana na testnoj traci. Ako su proteini koronavirusa prisutni u uzorku, antitijela se ve\u017eu na njih na na\u010din da traka mijenja boju.<\/p>\n\n\n\n<p>Obje komponente po\u010dinju se razgra\u0111ivati u nekom trenutku. To ne zna\u010di da \u0107e se testovi pokvariti na dan navedenog roka valjanost nego da bi to\u010dnost testa mogla po\u010deti opadati pa zbog toga svakako treba uvijek koristiti test kojemu nije istekao rok valjanosti.<\/p>\n\n\n\n<p>Pro\u010ditajte: Znate li \u0161to je nocebo efekt? Mo\u017eda je upravo to razlog ne\u017eeljenih reakcija na cjepiva protiv Covida<\/p>\n\n\n\n<p>Treba napomenuti da se kod testova za COVID rok valjanosti mo\u017ee mijenjati. Rok se obi\u010dno navodi na stra\u017enjoj strani pakiranja. Raniji datum \u2013 dan kada je sastavljen testni komplet \u2013 obi\u010dno je otisnut ispod toga, pa pripazite da provjeravate pravi datum \u2013 rok valjanosti. U slu\u010daju da proizvo\u0111a\u010d doka\u017ee kako su komponente i dalje stabilne, rok valjanosti se mo\u017ee produljiti. U slu\u010daju testova iz skladi\u0161ta na Floridi, valjanost je s 12 mjeseci produljena na 15. Ako do\u0111e do produljenja valjanosti, proizvo\u0111a\u010di to obi\u010dno navode na svojim slu\u017ebenim stranicama, me\u0111utim, ako ste u dvojbi, pridr\u017eavajte se onog datuma koji je naveden na pakiranju, kako pi\u0161e medicalxpress.com.<\/p>\n\n\n\n<p>Na kojoj temperaturi treba \u010duvati ku\u0107ni test na COVID?<\/p>\n\n\n\n<p>Pettengill isti\u010de da ve\u0107ina testova uglavnom ima prili\u010dno dug rok valjanosti te da su stabilni i dulje od godinu dana. Abbott tvrtka navodi da njihove testove treba skladi\u0161titi na temperaturi izme\u0111u 2 \u00b0C i 30 \u00b0C, ali da test treba koristiti na sobnoj temperaturi. Sli\u010dno vrijedi i za neke druge testove na COVID.<\/p>\n\n\n\n<p>No \u0161to ako je bio izlo\u017een nekim temperaturama izvan tih raspona? Medicalxpress navodi da \u0107e testovi i dalje biti ispravni, ali savjetuje se da se testove ipak \u010duva na preporu\u010denim temperaturama i uvjetima navedenim u uputama.<\/p>\n\n\n\n<p>Izvor:ljepota i zdravlje<\/p>\n","protected":false},"excerpt":{"rendered":"<p>Zbog sve ve\u0107eg broja zara\u017eenih u na\u0161oj zemlji, epidemiolozi preporu\u010duju prvotno testiranje ku\u0107nim brzim testom, a u slu\u010daju tog pozitivnog testa va\u017eno se izolirati, kontaktirati lije\u010dnika te \u010dekati termin za PCR testiranje. Ipak, nedavni slu\u010daj iz Floride pokazuje da je u jednom skladi\u0161tu istekla valjanost vi\u0161e od 80 000 brzih testova zbog \u010dega se pojavila [&hellip;]<\/p>\n","protected":false},"author":2,"featured_media":109564,"comment_status":"closed","ping_status":"closed","sticky":false,"template":"","format":"standard","meta":{"h5ap_radio_sources":[],"footnotes":""},"categories":[1],"tags":[],"class_list":["post-109560","post","type-post","status-publish","format-standard","has-post-thumbnail","hentry","category-bihiregija"],"yoast_head":"<!-- This site is optimized with the Yoast SEO plugin v27.4 - https:\/\/yoast.com\/product\/yoast-seo-wordpress\/ -->\n<title>Kako provjeriti je li ku\u0107nom testu na COVID istekao rok trajanja? - RADIO LJUBU\u0160KI<\/title>\n<meta name=\"robots\" content=\"index, follow, max-snippet:-1, max-image-preview:large, max-video-preview:-1\" \/>\n<link rel=\"canonical\" href=\"https:\/\/radioljubuski.ba\/index.php\/2022\/01\/27\/kako-provjeriti-je-li-kucnom-testu-na-covid-istekao-rok-trajanja\/\" \/>\n<meta property=\"og:locale\" content=\"hr_HR\" \/>\n<meta property=\"og:type\" content=\"article\" \/>\n<meta property=\"og:title\" content=\"Kako provjeriti je li ku\u0107nom testu na COVID istekao rok trajanja? - RADIO LJUBU\u0160KI\" \/>\n<meta property=\"og:description\" content=\"Zbog sve ve\u0107eg broja zara\u017eenih u na\u0161oj zemlji, epidemiolozi preporu\u010duju prvotno testiranje ku\u0107nim brzim testom, a u slu\u010daju tog pozitivnog testa va\u017eno se izolirati, kontaktirati lije\u010dnika te \u010dekati termin za PCR testiranje. Ipak, nedavni slu\u010daj iz Floride pokazuje da je u jednom skladi\u0161tu istekla valjanost vi\u0161e od 80 000 brzih testova zbog \u010dega se pojavila [&hellip;]\" \/>\n<meta property=\"og:url\" content=\"https:\/\/radioljubuski.ba\/index.php\/2022\/01\/27\/kako-provjeriti-je-li-kucnom-testu-na-covid-istekao-rok-trajanja\/\" \/>\n<meta property=\"og:site_name\" content=\"RADIO LJUBU\u0160KI\" \/>\n<meta property=\"article:publisher\" content=\"https:\/\/www.facebook.com\/Radiio-Ljubuski-1490835324566332\" \/>\n<meta property=\"article:published_time\" content=\"2022-01-27T10:31:58+00:00\" \/>\n<meta property=\"article:modified_time\" content=\"2022-01-27T10:31:59+00:00\" \/>\n<meta property=\"og:image\" content=\"https:\/\/radioljubuski.ba\/wp-content\/uploads\/2022\/01\/7-2022-01-26-19-06-21-kucnitestt.jpg\" \/>\n\t<meta property=\"og:image:width\" content=\"1000\" \/>\n\t<meta property=\"og:image:height\" content=\"625\" \/>\n\t<meta property=\"og:image:type\" content=\"image\/jpeg\" \/>\n<meta name=\"author\" content=\"Radio Ljubu\u0161ki\" \/>\n<meta name=\"twitter:card\" content=\"summary_large_image\" \/>\n<meta name=\"twitter:creator\" content=\"@radioljubuski\" \/>\n<meta name=\"twitter:site\" content=\"@radioljubuski\" \/>\n<meta name=\"twitter:label1\" content=\"Napisao\/la\" \/>\n\t<meta name=\"twitter:data1\" content=\"Radio Ljubu\u0161ki\" \/>\n\t<meta name=\"twitter:label2\" content=\"Procijenjeno vrijeme \u010ditanja\" \/>\n\t<meta name=\"twitter:data2\" content=\"2 minute\" \/>\n<script type=\"application\/ld+json\" class=\"yoast-schema-graph\">{\"@context\":\"https:\\\/\\\/schema.org\",\"@graph\":[{\"@type\":\"Article\",\"@id\":\"https:\\\/\\\/radioljubuski.ba\\\/index.php\\\/2022\\\/01\\\/27\\\/kako-provjeriti-je-li-kucnom-testu-na-covid-istekao-rok-trajanja\\\/#article\",\"isPartOf\":{\"@id\":\"https:\\\/\\\/radioljubuski.ba\\\/index.php\\\/2022\\\/01\\\/27\\\/kako-provjeriti-je-li-kucnom-testu-na-covid-istekao-rok-trajanja\\\/\"},\"author\":{\"name\":\"Radio Ljubu\u0161ki\",\"@id\":\"https:\\\/\\\/radioljubuski.ba\\\/#\\\/schema\\\/person\\\/19fc700381a780f69665d7956c469e3b\"},\"headline\":\"Kako provjeriti je li ku\u0107nom testu na COVID istekao rok trajanja?\",\"datePublished\":\"2022-01-27T10:31:58+00:00\",\"dateModified\":\"2022-01-27T10:31:59+00:00\",\"mainEntityOfPage\":{\"@id\":\"https:\\\/\\\/radioljubuski.ba\\\/index.php\\\/2022\\\/01\\\/27\\\/kako-provjeriti-je-li-kucnom-testu-na-covid-istekao-rok-trajanja\\\/\"},\"wordCount\":510,\"publisher\":{\"@id\":\"https:\\\/\\\/radioljubuski.ba\\\/#organization\"},\"image\":{\"@id\":\"https:\\\/\\\/radioljubuski.ba\\\/index.php\\\/2022\\\/01\\\/27\\\/kako-provjeriti-je-li-kucnom-testu-na-covid-istekao-rok-trajanja\\\/#primaryimage\"},\"thumbnailUrl\":\"https:\\\/\\\/radioljubuski.ba\\\/wp-content\\\/uploads\\\/2022\\\/01\\\/7-2022-01-26-19-06-21-kucnitestt.jpg\",\"articleSection\":[\"BIH i regija\"],\"inLanguage\":\"hr\"},{\"@type\":\"WebPage\",\"@id\":\"https:\\\/\\\/radioljubuski.ba\\\/index.php\\\/2022\\\/01\\\/27\\\/kako-provjeriti-je-li-kucnom-testu-na-covid-istekao-rok-trajanja\\\/\",\"url\":\"https:\\\/\\\/radioljubuski.ba\\\/index.php\\\/2022\\\/01\\\/27\\\/kako-provjeriti-je-li-kucnom-testu-na-covid-istekao-rok-trajanja\\\/\",\"name\":\"Kako provjeriti je li ku\u0107nom testu na COVID istekao rok trajanja? - RADIO LJUBU\u0160KI\",\"isPartOf\":{\"@id\":\"https:\\\/\\\/radioljubuski.ba\\\/#website\"},\"primaryImageOfPage\":{\"@id\":\"https:\\\/\\\/radioljubuski.ba\\\/index.php\\\/2022\\\/01\\\/27\\\/kako-provjeriti-je-li-kucnom-testu-na-covid-istekao-rok-trajanja\\\/#primaryimage\"},\"image\":{\"@id\":\"https:\\\/\\\/radioljubuski.ba\\\/index.php\\\/2022\\\/01\\\/27\\\/kako-provjeriti-je-li-kucnom-testu-na-covid-istekao-rok-trajanja\\\/#primaryimage\"},\"thumbnailUrl\":\"https:\\\/\\\/radioljubuski.ba\\\/wp-content\\\/uploads\\\/2022\\\/01\\\/7-2022-01-26-19-06-21-kucnitestt.jpg\",\"datePublished\":\"2022-01-27T10:31:58+00:00\",\"dateModified\":\"2022-01-27T10:31:59+00:00\",\"breadcrumb\":{\"@id\":\"https:\\\/\\\/radioljubuski.ba\\\/index.php\\\/2022\\\/01\\\/27\\\/kako-provjeriti-je-li-kucnom-testu-na-covid-istekao-rok-trajanja\\\/#breadcrumb\"},\"inLanguage\":\"hr\",\"potentialAction\":[{\"@type\":\"ReadAction\",\"target\":[\"https:\\\/\\\/radioljubuski.ba\\\/index.php\\\/2022\\\/01\\\/27\\\/kako-provjeriti-je-li-kucnom-testu-na-covid-istekao-rok-trajanja\\\/\"]}]},{\"@type\":\"ImageObject\",\"inLanguage\":\"hr\",\"@id\":\"https:\\\/\\\/radioljubuski.ba\\\/index.php\\\/2022\\\/01\\\/27\\\/kako-provjeriti-je-li-kucnom-testu-na-covid-istekao-rok-trajanja\\\/#primaryimage\",\"url\":\"https:\\\/\\\/radioljubuski.ba\\\/wp-content\\\/uploads\\\/2022\\\/01\\\/7-2022-01-26-19-06-21-kucnitestt.jpg\",\"contentUrl\":\"https:\\\/\\\/radioljubuski.ba\\\/wp-content\\\/uploads\\\/2022\\\/01\\\/7-2022-01-26-19-06-21-kucnitestt.jpg\",\"width\":1000,\"height\":625},{\"@type\":\"BreadcrumbList\",\"@id\":\"https:\\\/\\\/radioljubuski.ba\\\/index.php\\\/2022\\\/01\\\/27\\\/kako-provjeriti-je-li-kucnom-testu-na-covid-istekao-rok-trajanja\\\/#breadcrumb\",\"itemListElement\":[{\"@type\":\"ListItem\",\"position\":1,\"name\":\"Po\u010detna stranica\",\"item\":\"https:\\\/\\\/radioljubuski.ba\\\/\"},{\"@type\":\"ListItem\",\"position\":2,\"name\":\"Kako provjeriti je li ku\u0107nom testu na COVID istekao rok trajanja?\"}]},{\"@type\":\"WebSite\",\"@id\":\"https:\\\/\\\/radioljubuski.ba\\\/#website\",\"url\":\"https:\\\/\\\/radioljubuski.ba\\\/\",\"name\":\"Radio Ljubu\u0161ki\",\"description\":\"Sun\u010dana frekvencija Hercegovine\",\"publisher\":{\"@id\":\"https:\\\/\\\/radioljubuski.ba\\\/#organization\"},\"potentialAction\":[{\"@type\":\"SearchAction\",\"target\":{\"@type\":\"EntryPoint\",\"urlTemplate\":\"https:\\\/\\\/radioljubuski.ba\\\/?s={search_term_string}\"},\"query-input\":{\"@type\":\"PropertyValueSpecification\",\"valueRequired\":true,\"valueName\":\"search_term_string\"}}],\"inLanguage\":\"hr\"},{\"@type\":\"Organization\",\"@id\":\"https:\\\/\\\/radioljubuski.ba\\\/#organization\",\"name\":\"Radio Ljubu\u0161ki\",\"url\":\"https:\\\/\\\/radioljubuski.ba\\\/\",\"logo\":{\"@type\":\"ImageObject\",\"inLanguage\":\"hr\",\"@id\":\"https:\\\/\\\/radioljubuski.ba\\\/#\\\/schema\\\/logo\\\/image\\\/\",\"url\":\"https:\\\/\\\/radioljubuski.ba\\\/wp-content\\\/uploads\\\/2021\\\/02\\\/cropped-Radio_Ljubuski_logo1.jpg\",\"contentUrl\":\"https:\\\/\\\/radioljubuski.ba\\\/wp-content\\\/uploads\\\/2021\\\/02\\\/cropped-Radio_Ljubuski_logo1.jpg\",\"width\":512,\"height\":512,\"caption\":\"Radio Ljubu\u0161ki\"},\"image\":{\"@id\":\"https:\\\/\\\/radioljubuski.ba\\\/#\\\/schema\\\/logo\\\/image\\\/\"},\"sameAs\":[\"https:\\\/\\\/www.facebook.com\\\/Radiio-Ljubuski-1490835324566332\",\"https:\\\/\\\/x.com\\\/radioljubuski\",\"https:\\\/\\\/hr.linkedin.com\\\/company\\\/radio-ljubuski\",\"https:\\\/\\\/www.youtube.com\\\/channel\\\/UCHYaeO_n0Db3tjNGudGpXyw\"]},{\"@type\":\"Person\",\"@id\":\"https:\\\/\\\/radioljubuski.ba\\\/#\\\/schema\\\/person\\\/19fc700381a780f69665d7956c469e3b\",\"name\":\"Radio Ljubu\u0161ki\"}]}<\/script>\n<!-- \/ Yoast SEO plugin. -->","yoast_head_json":{"title":"Kako provjeriti je li ku\u0107nom testu na COVID istekao rok trajanja? - RADIO LJUBU\u0160KI","robots":{"index":"index","follow":"follow","max-snippet":"max-snippet:-1","max-image-preview":"max-image-preview:large","max-video-preview":"max-video-preview:-1"},"canonical":"https:\/\/radioljubuski.ba\/index.php\/2022\/01\/27\/kako-provjeriti-je-li-kucnom-testu-na-covid-istekao-rok-trajanja\/","og_locale":"hr_HR","og_type":"article","og_title":"Kako provjeriti je li ku\u0107nom testu na COVID istekao rok trajanja? - RADIO LJUBU\u0160KI","og_description":"Zbog sve ve\u0107eg broja zara\u017eenih u na\u0161oj zemlji, epidemiolozi preporu\u010duju prvotno testiranje ku\u0107nim brzim testom, a u slu\u010daju tog pozitivnog testa va\u017eno se izolirati, kontaktirati lije\u010dnika te \u010dekati termin za PCR testiranje. Ipak, nedavni slu\u010daj iz Floride pokazuje da je u jednom skladi\u0161tu istekla valjanost vi\u0161e od 80 000 brzih testova zbog \u010dega se pojavila [&hellip;]","og_url":"https:\/\/radioljubuski.ba\/index.php\/2022\/01\/27\/kako-provjeriti-je-li-kucnom-testu-na-covid-istekao-rok-trajanja\/","og_site_name":"RADIO LJUBU\u0160KI","article_publisher":"https:\/\/www.facebook.com\/Radiio-Ljubuski-1490835324566332","article_published_time":"2022-01-27T10:31:58+00:00","article_modified_time":"2022-01-27T10:31:59+00:00","og_image":[{"width":1000,"height":625,"url":"https:\/\/radioljubuski.ba\/wp-content\/uploads\/2022\/01\/7-2022-01-26-19-06-21-kucnitestt.jpg","type":"image\/jpeg"}],"author":"Radio Ljubu\u0161ki","twitter_card":"summary_large_image","twitter_creator":"@radioljubuski","twitter_site":"@radioljubuski","twitter_misc":{"Napisao\/la":"Radio Ljubu\u0161ki","Procijenjeno vrijeme \u010ditanja":"2 minute"},"schema":{"@context":"https:\/\/schema.org","@graph":[{"@type":"Article","@id":"https:\/\/radioljubuski.ba\/index.php\/2022\/01\/27\/kako-provjeriti-je-li-kucnom-testu-na-covid-istekao-rok-trajanja\/#article","isPartOf":{"@id":"https:\/\/radioljubuski.ba\/index.php\/2022\/01\/27\/kako-provjeriti-je-li-kucnom-testu-na-covid-istekao-rok-trajanja\/"},"author":{"name":"Radio Ljubu\u0161ki","@id":"https:\/\/radioljubuski.ba\/#\/schema\/person\/19fc700381a780f69665d7956c469e3b"},"headline":"Kako provjeriti je li ku\u0107nom testu na COVID istekao rok trajanja?","datePublished":"2022-01-27T10:31:58+00:00","dateModified":"2022-01-27T10:31:59+00:00","mainEntityOfPage":{"@id":"https:\/\/radioljubuski.ba\/index.php\/2022\/01\/27\/kako-provjeriti-je-li-kucnom-testu-na-covid-istekao-rok-trajanja\/"},"wordCount":510,"publisher":{"@id":"https:\/\/radioljubuski.ba\/#organization"},"image":{"@id":"https:\/\/radioljubuski.ba\/index.php\/2022\/01\/27\/kako-provjeriti-je-li-kucnom-testu-na-covid-istekao-rok-trajanja\/#primaryimage"},"thumbnailUrl":"https:\/\/radioljubuski.ba\/wp-content\/uploads\/2022\/01\/7-2022-01-26-19-06-21-kucnitestt.jpg","articleSection":["BIH i regija"],"inLanguage":"hr"},{"@type":"WebPage","@id":"https:\/\/radioljubuski.ba\/index.php\/2022\/01\/27\/kako-provjeriti-je-li-kucnom-testu-na-covid-istekao-rok-trajanja\/","url":"https:\/\/radioljubuski.ba\/index.php\/2022\/01\/27\/kako-provjeriti-je-li-kucnom-testu-na-covid-istekao-rok-trajanja\/","name":"Kako provjeriti je li ku\u0107nom testu na COVID istekao rok trajanja? - RADIO LJUBU\u0160KI","isPartOf":{"@id":"https:\/\/radioljubuski.ba\/#website"},"primaryImageOfPage":{"@id":"https:\/\/radioljubuski.ba\/index.php\/2022\/01\/27\/kako-provjeriti-je-li-kucnom-testu-na-covid-istekao-rok-trajanja\/#primaryimage"},"image":{"@id":"https:\/\/radioljubuski.ba\/index.php\/2022\/01\/27\/kako-provjeriti-je-li-kucnom-testu-na-covid-istekao-rok-trajanja\/#primaryimage"},"thumbnailUrl":"https:\/\/radioljubuski.ba\/wp-content\/uploads\/2022\/01\/7-2022-01-26-19-06-21-kucnitestt.jpg","datePublished":"2022-01-27T10:31:58+00:00","dateModified":"2022-01-27T10:31:59+00:00","breadcrumb":{"@id":"https:\/\/radioljubuski.ba\/index.php\/2022\/01\/27\/kako-provjeriti-je-li-kucnom-testu-na-covid-istekao-rok-trajanja\/#breadcrumb"},"inLanguage":"hr","potentialAction":[{"@type":"ReadAction","target":["https:\/\/radioljubuski.ba\/index.php\/2022\/01\/27\/kako-provjeriti-je-li-kucnom-testu-na-covid-istekao-rok-trajanja\/"]}]},{"@type":"ImageObject","inLanguage":"hr","@id":"https:\/\/radioljubuski.ba\/index.php\/2022\/01\/27\/kako-provjeriti-je-li-kucnom-testu-na-covid-istekao-rok-trajanja\/#primaryimage","url":"https:\/\/radioljubuski.ba\/wp-content\/uploads\/2022\/01\/7-2022-01-26-19-06-21-kucnitestt.jpg","contentUrl":"https:\/\/radioljubuski.ba\/wp-content\/uploads\/2022\/01\/7-2022-01-26-19-06-21-kucnitestt.jpg","width":1000,"height":625},{"@type":"BreadcrumbList","@id":"https:\/\/radioljubuski.ba\/index.php\/2022\/01\/27\/kako-provjeriti-je-li-kucnom-testu-na-covid-istekao-rok-trajanja\/#breadcrumb","itemListElement":[{"@type":"ListItem","position":1,"name":"Po\u010detna stranica","item":"https:\/\/radioljubuski.ba\/"},{"@type":"ListItem","position":2,"name":"Kako provjeriti je li ku\u0107nom testu na COVID istekao rok trajanja?"}]},{"@type":"WebSite","@id":"https:\/\/radioljubuski.ba\/#website","url":"https:\/\/radioljubuski.ba\/","name":"Radio Ljubu\u0161ki","description":"Sun\u010dana frekvencija Hercegovine","publisher":{"@id":"https:\/\/radioljubuski.ba\/#organization"},"potentialAction":[{"@type":"SearchAction","target":{"@type":"EntryPoint","urlTemplate":"https:\/\/radioljubuski.ba\/?s={search_term_string}"},"query-input":{"@type":"PropertyValueSpecification","valueRequired":true,"valueName":"search_term_string"}}],"inLanguage":"hr"},{"@type":"Organization","@id":"https:\/\/radioljubuski.ba\/#organization","name":"Radio Ljubu\u0161ki","url":"https:\/\/radioljubuski.ba\/","logo":{"@type":"ImageObject","inLanguage":"hr","@id":"https:\/\/radioljubuski.ba\/#\/schema\/logo\/image\/","url":"https:\/\/radioljubuski.ba\/wp-content\/uploads\/2021\/02\/cropped-Radio_Ljubuski_logo1.jpg","contentUrl":"https:\/\/radioljubuski.ba\/wp-content\/uploads\/2021\/02\/cropped-Radio_Ljubuski_logo1.jpg","width":512,"height":512,"caption":"Radio Ljubu\u0161ki"},"image":{"@id":"https:\/\/radioljubuski.ba\/#\/schema\/logo\/image\/"},"sameAs":["https:\/\/www.facebook.com\/Radiio-Ljubuski-1490835324566332","https:\/\/x.com\/radioljubuski","https:\/\/hr.linkedin.com\/company\/radio-ljubuski","https:\/\/www.youtube.com\/channel\/UCHYaeO_n0Db3tjNGudGpXyw"]},{"@type":"Person","@id":"https:\/\/radioljubuski.ba\/#\/schema\/person\/19fc700381a780f69665d7956c469e3b","name":"Radio Ljubu\u0161ki"}]}},"_links":{"self":[{"href":"https:\/\/radioljubuski.ba\/index.php\/wp-json\/wp\/v2\/posts\/109560","targetHints":{"allow":["GET"]}}],"collection":[{"href":"https:\/\/radioljubuski.ba\/index.php\/wp-json\/wp\/v2\/posts"}],"about":[{"href":"https:\/\/radioljubuski.ba\/index.php\/wp-json\/wp\/v2\/types\/post"}],"author":[{"embeddable":true,"href":"https:\/\/radioljubuski.ba\/index.php\/wp-json\/wp\/v2\/users\/2"}],"replies":[{"embeddable":true,"href":"https:\/\/radioljubuski.ba\/index.php\/wp-json\/wp\/v2\/comments?post=109560"}],"version-history":[{"count":1,"href":"https:\/\/radioljubuski.ba\/index.php\/wp-json\/wp\/v2\/posts\/109560\/revisions"}],"predecessor-version":[{"id":109565,"href":"https:\/\/radioljubuski.ba\/index.php\/wp-json\/wp\/v2\/posts\/109560\/revisions\/109565"}],"wp:featuredmedia":[{"embeddable":true,"href":"https:\/\/radioljubuski.ba\/index.php\/wp-json\/wp\/v2\/media\/109564"}],"wp:attachment":[{"href":"https:\/\/radioljubuski.ba\/index.php\/wp-json\/wp\/v2\/media?parent=109560"}],"wp:term":[{"taxonomy":"category","embeddable":true,"href":"https:\/\/radioljubuski.ba\/index.php\/wp-json\/wp\/v2\/categories?post=109560"},{"taxonomy":"post_tag","embeddable":true,"href":"https:\/\/radioljubuski.ba\/index.php\/wp-json\/wp\/v2\/tags?post=109560"}],"curies":[{"name":"wp","href":"https:\/\/api.w.org\/{rel}","templated":true}]}}