{"id":109571,"date":"2022-01-27T11:35:07","date_gmt":"2022-01-27T10:35:07","guid":{"rendered":"https:\/\/radioljubuski.ba\/?p=109571"},"modified":"2022-01-27T11:35:08","modified_gmt":"2022-01-27T10:35:08","slug":"prema-novom-zakonu-nekretnine-mogu-prodavati-smo-registrirane-agencije","status":"publish","type":"post","link":"https:\/\/radioljubuski.ba\/index.php\/2022\/01\/27\/prema-novom-zakonu-nekretnine-mogu-prodavati-smo-registrirane-agencije\/","title":{"rendered":"Prema novom zakonu nekretnine mogu prodavati smo registrirane agencije"},"content":{"rendered":"\n<p>Promet nekretninama posljednjih godina u stalnom je trendu rasta, \u0161to ga svrstava u jednu od najzna\u010dajnijih ekonomskih oblasti. No, problem koji je u Federaciji bio itekako izra\u017een je siva ekonomija zbog koje su se na godi\u0161njoj razini gubili vi\u0161emilijunski iznosi, pi\u0161e Ve\u010dernji list BiH. <\/p>\n\n\n\n<p>Prodajom nekretnina, stambenih i poslovnih objekata bavili su se i oni koji nisu imali nikakvu registraciju. Ali tomu je do\u0161ao kraj jer je sada, prvi put u Federaciji BiH, na snazi Zakon o prometu nekretnina koji ure\u0111uje tu oblast. Franjo Sivri\u0107, vlasnik agencije, za Federalnu TV je rekao da svatko treba raditi posao za koji je obu\u010den. <\/p>\n\n\n\n<p>&#8221;Drago mi je \u0161to \u0107e se to sada iskristalizirati jer svatko treba raditi posao za koji je obu\u010den i koji zna raditi. Nekada su se prometom nekretnina bavili i odvjetnici, geometri, obi\u010dni ljudi\u2026&#8221;, kazao je agent Sivri\u0107. Trenuta\u010dno u Federaciji BiH ima 150 registriranih posrednika u prometu nekretnina, a taj broj bi uskoro mogao rasti s obzirom na zakon koji je sada na snazi kao i kazne koje bi u kuverti mogle do\u010dekati one koji ga prekr\u0161e. Darko Basi\u0107, stru\u010dni savjetnik u Ministarstvu trgovine, istaknuo je kako se radi na aktivnostima da se pokrene polaganje stru\u010dnog ispita i to je jedna od po\u010detnih faza. <\/p>\n\n\n\n<p>No, dok se \u010deka na upis u registre nakon polaganja stru\u010dnog ispita, Basi\u0107 je istaknuo da nema vi\u0161e rada na crno jer su sve zakonske odredbe na snazi i provode se, \u0161to zna\u010di da neregistrirane agencije vi\u0161e ne mogu posredovati u prometu nekretnina. <\/p>\n\n\n\n<p>&#8221;Tr\u017ei\u0161na inspekcija svoj dio posla \u0107e aktivnije obavljati nakon \u0161to na snagu stupe sve odredbe i to kroz nekoliko mjeseci jer sankcije su spremne&#8221;, kazao je Basi\u0107. Za one koji prekr\u0161e zakon predvi\u0111ene su stroge nov\u010dane kazne, a iznosit \u0107e od 2000 do 10.000 KM za fizi\u010dke osobe, dok kazne za pravne osobe rastu do 30.000 KM. <\/p>\n\n\n\n<p>Kako je ranije istaknuo federalni ministar trgovine Zlatan Vujanovi\u0107, zakonsko ure\u0111enje djelatnosti posredovanja u prometu nekretnina sigurno \u0107e doprinijeti ja\u010danju konkurentnosti poslovnih subjekata u ovoj oblasti, smanjenju sive ekonomije i podizanju razine stru\u010dnosti, profesionalizma i eti\u010dkog pona\u0161anja tih poslovnih subjekata, a time \u0107e se, kako je rekao, razina i kvaliteta usluga dignuti na vi\u0161u razinu. <\/p>\n\n\n\n<p>Problem koji trenuta\u010dno najvi\u0161e mu\u010di gra\u0111ane kada je rije\u010d o nekretninama njihove su cijene, koje, kao i sve drugo, gotovo svakodnevno bilje\u017ee rast. Jedan od osnovnih razloga poskupljenja krajnjeg proizvoda je enormno poskupljenje gra\u0111evinskog materijala kao i nedostatak radne snage, s kojima BiH borbu vodi ve\u0107 nekoliko godina. <\/p>\n\n\n\n<p><strong>Izvor: Bljesak.info<\/strong><\/p>\n","protected":false},"excerpt":{"rendered":"<p>Promet nekretninama posljednjih godina u stalnom je trendu rasta, \u0161to ga svrstava u jednu od najzna\u010dajnijih ekonomskih oblasti. No, problem koji je u Federaciji bio itekako izra\u017een je siva ekonomija zbog koje su se na godi\u0161njoj razini gubili vi\u0161emilijunski iznosi, pi\u0161e Ve\u010dernji list BiH. Prodajom nekretnina, stambenih i poslovnih objekata bavili su se i oni [&hellip;]<\/p>\n","protected":false},"author":2,"featured_media":43347,"comment_status":"closed","ping_status":"closed","sticky":false,"template":"","format":"standard","meta":{"h5ap_radio_sources":[],"footnotes":""},"categories":[1],"tags":[],"class_list":["post-109571","post","type-post","status-publish","format-standard","has-post-thumbnail","hentry","category-bihiregija"],"yoast_head":"<!-- This site is optimized with the Yoast SEO plugin v27.5 - https:\/\/yoast.com\/product\/yoast-seo-wordpress\/ -->\n<title>Prema novom zakonu nekretnine mogu prodavati smo registrirane agencije - RADIO LJUBU\u0160KI<\/title>\n<meta name=\"robots\" content=\"index, follow, max-snippet:-1, max-image-preview:large, max-video-preview:-1\" \/>\n<link rel=\"canonical\" href=\"https:\/\/radioljubuski.ba\/index.php\/2022\/01\/27\/prema-novom-zakonu-nekretnine-mogu-prodavati-smo-registrirane-agencije\/\" \/>\n<meta property=\"og:locale\" content=\"hr_HR\" \/>\n<meta property=\"og:type\" content=\"article\" \/>\n<meta property=\"og:title\" content=\"Prema novom zakonu nekretnine mogu prodavati smo registrirane agencije - RADIO LJUBU\u0160KI\" \/>\n<meta property=\"og:description\" content=\"Promet nekretninama posljednjih godina u stalnom je trendu rasta, \u0161to ga svrstava u jednu od najzna\u010dajnijih ekonomskih oblasti. No, problem koji je u Federaciji bio itekako izra\u017een je siva ekonomija zbog koje su se na godi\u0161njoj razini gubili vi\u0161emilijunski iznosi, pi\u0161e Ve\u010dernji list BiH. Prodajom nekretnina, stambenih i poslovnih objekata bavili su se i oni [&hellip;]\" \/>\n<meta property=\"og:url\" content=\"https:\/\/radioljubuski.ba\/index.php\/2022\/01\/27\/prema-novom-zakonu-nekretnine-mogu-prodavati-smo-registrirane-agencije\/\" \/>\n<meta property=\"og:site_name\" content=\"RADIO LJUBU\u0160KI\" \/>\n<meta property=\"article:publisher\" content=\"https:\/\/www.facebook.com\/Radiio-Ljubuski-1490835324566332\" \/>\n<meta property=\"article:published_time\" content=\"2022-01-27T10:35:07+00:00\" \/>\n<meta property=\"article:modified_time\" content=\"2022-01-27T10:35:08+00:00\" \/>\n<meta property=\"og:image\" content=\"https:\/\/radioljubuski.ba\/wp-content\/uploads\/2021\/07\/2-2021-07-16-10-03-16-zgrada.jpg\" \/>\n\t<meta property=\"og:image:width\" content=\"1000\" \/>\n\t<meta property=\"og:image:height\" content=\"625\" \/>\n\t<meta property=\"og:image:type\" content=\"image\/jpeg\" \/>\n<meta name=\"author\" content=\"Radio Ljubu\u0161ki\" \/>\n<meta name=\"twitter:card\" content=\"summary_large_image\" \/>\n<meta name=\"twitter:creator\" content=\"@radioljubuski\" \/>\n<meta name=\"twitter:site\" content=\"@radioljubuski\" \/>\n<meta name=\"twitter:label1\" content=\"Napisao\/la\" \/>\n\t<meta name=\"twitter:data1\" content=\"Radio Ljubu\u0161ki\" \/>\n\t<meta name=\"twitter:label2\" content=\"Procijenjeno vrijeme \u010ditanja\" \/>\n\t<meta name=\"twitter:data2\" content=\"2 minute\" \/>\n<script type=\"application\/ld+json\" class=\"yoast-schema-graph\">{\"@context\":\"https:\\\/\\\/schema.org\",\"@graph\":[{\"@type\":\"Article\",\"@id\":\"https:\\\/\\\/radioljubuski.ba\\\/index.php\\\/2022\\\/01\\\/27\\\/prema-novom-zakonu-nekretnine-mogu-prodavati-smo-registrirane-agencije\\\/#article\",\"isPartOf\":{\"@id\":\"https:\\\/\\\/radioljubuski.ba\\\/index.php\\\/2022\\\/01\\\/27\\\/prema-novom-zakonu-nekretnine-mogu-prodavati-smo-registrirane-agencije\\\/\"},\"author\":{\"name\":\"Radio Ljubu\u0161ki\",\"@id\":\"https:\\\/\\\/radioljubuski.ba\\\/#\\\/schema\\\/person\\\/19fc700381a780f69665d7956c469e3b\"},\"headline\":\"Prema novom zakonu nekretnine mogu prodavati smo registrirane agencije\",\"datePublished\":\"2022-01-27T10:35:07+00:00\",\"dateModified\":\"2022-01-27T10:35:08+00:00\",\"mainEntityOfPage\":{\"@id\":\"https:\\\/\\\/radioljubuski.ba\\\/index.php\\\/2022\\\/01\\\/27\\\/prema-novom-zakonu-nekretnine-mogu-prodavati-smo-registrirane-agencije\\\/\"},\"wordCount\":455,\"publisher\":{\"@id\":\"https:\\\/\\\/radioljubuski.ba\\\/#organization\"},\"image\":{\"@id\":\"https:\\\/\\\/radioljubuski.ba\\\/index.php\\\/2022\\\/01\\\/27\\\/prema-novom-zakonu-nekretnine-mogu-prodavati-smo-registrirane-agencije\\\/#primaryimage\"},\"thumbnailUrl\":\"https:\\\/\\\/radioljubuski.ba\\\/wp-content\\\/uploads\\\/2021\\\/07\\\/2-2021-07-16-10-03-16-zgrada.jpg\",\"articleSection\":[\"BIH i regija\"],\"inLanguage\":\"hr\"},{\"@type\":\"WebPage\",\"@id\":\"https:\\\/\\\/radioljubuski.ba\\\/index.php\\\/2022\\\/01\\\/27\\\/prema-novom-zakonu-nekretnine-mogu-prodavati-smo-registrirane-agencije\\\/\",\"url\":\"https:\\\/\\\/radioljubuski.ba\\\/index.php\\\/2022\\\/01\\\/27\\\/prema-novom-zakonu-nekretnine-mogu-prodavati-smo-registrirane-agencije\\\/\",\"name\":\"Prema novom zakonu nekretnine mogu prodavati smo registrirane agencije - RADIO LJUBU\u0160KI\",\"isPartOf\":{\"@id\":\"https:\\\/\\\/radioljubuski.ba\\\/#website\"},\"primaryImageOfPage\":{\"@id\":\"https:\\\/\\\/radioljubuski.ba\\\/index.php\\\/2022\\\/01\\\/27\\\/prema-novom-zakonu-nekretnine-mogu-prodavati-smo-registrirane-agencije\\\/#primaryimage\"},\"image\":{\"@id\":\"https:\\\/\\\/radioljubuski.ba\\\/index.php\\\/2022\\\/01\\\/27\\\/prema-novom-zakonu-nekretnine-mogu-prodavati-smo-registrirane-agencije\\\/#primaryimage\"},\"thumbnailUrl\":\"https:\\\/\\\/radioljubuski.ba\\\/wp-content\\\/uploads\\\/2021\\\/07\\\/2-2021-07-16-10-03-16-zgrada.jpg\",\"datePublished\":\"2022-01-27T10:35:07+00:00\",\"dateModified\":\"2022-01-27T10:35:08+00:00\",\"breadcrumb\":{\"@id\":\"https:\\\/\\\/radioljubuski.ba\\\/index.php\\\/2022\\\/01\\\/27\\\/prema-novom-zakonu-nekretnine-mogu-prodavati-smo-registrirane-agencije\\\/#breadcrumb\"},\"inLanguage\":\"hr\",\"potentialAction\":[{\"@type\":\"ReadAction\",\"target\":[\"https:\\\/\\\/radioljubuski.ba\\\/index.php\\\/2022\\\/01\\\/27\\\/prema-novom-zakonu-nekretnine-mogu-prodavati-smo-registrirane-agencije\\\/\"]}]},{\"@type\":\"ImageObject\",\"inLanguage\":\"hr\",\"@id\":\"https:\\\/\\\/radioljubuski.ba\\\/index.php\\\/2022\\\/01\\\/27\\\/prema-novom-zakonu-nekretnine-mogu-prodavati-smo-registrirane-agencije\\\/#primaryimage\",\"url\":\"https:\\\/\\\/radioljubuski.ba\\\/wp-content\\\/uploads\\\/2021\\\/07\\\/2-2021-07-16-10-03-16-zgrada.jpg\",\"contentUrl\":\"https:\\\/\\\/radioljubuski.ba\\\/wp-content\\\/uploads\\\/2021\\\/07\\\/2-2021-07-16-10-03-16-zgrada.jpg\",\"width\":1000,\"height\":625},{\"@type\":\"BreadcrumbList\",\"@id\":\"https:\\\/\\\/radioljubuski.ba\\\/index.php\\\/2022\\\/01\\\/27\\\/prema-novom-zakonu-nekretnine-mogu-prodavati-smo-registrirane-agencije\\\/#breadcrumb\",\"itemListElement\":[{\"@type\":\"ListItem\",\"position\":1,\"name\":\"Po\u010detna stranica\",\"item\":\"https:\\\/\\\/radioljubuski.ba\\\/\"},{\"@type\":\"ListItem\",\"position\":2,\"name\":\"Prema novom zakonu nekretnine mogu prodavati smo registrirane agencije\"}]},{\"@type\":\"WebSite\",\"@id\":\"https:\\\/\\\/radioljubuski.ba\\\/#website\",\"url\":\"https:\\\/\\\/radioljubuski.ba\\\/\",\"name\":\"Radio Ljubu\u0161ki\",\"description\":\"Sun\u010dana frekvencija Hercegovine\",\"publisher\":{\"@id\":\"https:\\\/\\\/radioljubuski.ba\\\/#organization\"},\"potentialAction\":[{\"@type\":\"SearchAction\",\"target\":{\"@type\":\"EntryPoint\",\"urlTemplate\":\"https:\\\/\\\/radioljubuski.ba\\\/?s={search_term_string}\"},\"query-input\":{\"@type\":\"PropertyValueSpecification\",\"valueRequired\":true,\"valueName\":\"search_term_string\"}}],\"inLanguage\":\"hr\"},{\"@type\":\"Organization\",\"@id\":\"https:\\\/\\\/radioljubuski.ba\\\/#organization\",\"name\":\"Radio Ljubu\u0161ki\",\"url\":\"https:\\\/\\\/radioljubuski.ba\\\/\",\"logo\":{\"@type\":\"ImageObject\",\"inLanguage\":\"hr\",\"@id\":\"https:\\\/\\\/radioljubuski.ba\\\/#\\\/schema\\\/logo\\\/image\\\/\",\"url\":\"https:\\\/\\\/radioljubuski.ba\\\/wp-content\\\/uploads\\\/2021\\\/02\\\/cropped-Radio_Ljubuski_logo1.jpg\",\"contentUrl\":\"https:\\\/\\\/radioljubuski.ba\\\/wp-content\\\/uploads\\\/2021\\\/02\\\/cropped-Radio_Ljubuski_logo1.jpg\",\"width\":512,\"height\":512,\"caption\":\"Radio Ljubu\u0161ki\"},\"image\":{\"@id\":\"https:\\\/\\\/radioljubuski.ba\\\/#\\\/schema\\\/logo\\\/image\\\/\"},\"sameAs\":[\"https:\\\/\\\/www.facebook.com\\\/Radiio-Ljubuski-1490835324566332\",\"https:\\\/\\\/x.com\\\/radioljubuski\",\"https:\\\/\\\/hr.linkedin.com\\\/company\\\/radio-ljubuski\",\"https:\\\/\\\/www.youtube.com\\\/channel\\\/UCHYaeO_n0Db3tjNGudGpXyw\"]},{\"@type\":\"Person\",\"@id\":\"https:\\\/\\\/radioljubuski.ba\\\/#\\\/schema\\\/person\\\/19fc700381a780f69665d7956c469e3b\",\"name\":\"Radio Ljubu\u0161ki\"}]}<\/script>\n<!-- \/ Yoast SEO plugin. -->","yoast_head_json":{"title":"Prema novom zakonu nekretnine mogu prodavati smo registrirane agencije - RADIO LJUBU\u0160KI","robots":{"index":"index","follow":"follow","max-snippet":"max-snippet:-1","max-image-preview":"max-image-preview:large","max-video-preview":"max-video-preview:-1"},"canonical":"https:\/\/radioljubuski.ba\/index.php\/2022\/01\/27\/prema-novom-zakonu-nekretnine-mogu-prodavati-smo-registrirane-agencije\/","og_locale":"hr_HR","og_type":"article","og_title":"Prema novom zakonu nekretnine mogu prodavati smo registrirane agencije - RADIO LJUBU\u0160KI","og_description":"Promet nekretninama posljednjih godina u stalnom je trendu rasta, \u0161to ga svrstava u jednu od najzna\u010dajnijih ekonomskih oblasti. No, problem koji je u Federaciji bio itekako izra\u017een je siva ekonomija zbog koje su se na godi\u0161njoj razini gubili vi\u0161emilijunski iznosi, pi\u0161e Ve\u010dernji list BiH. Prodajom nekretnina, stambenih i poslovnih objekata bavili su se i oni [&hellip;]","og_url":"https:\/\/radioljubuski.ba\/index.php\/2022\/01\/27\/prema-novom-zakonu-nekretnine-mogu-prodavati-smo-registrirane-agencije\/","og_site_name":"RADIO LJUBU\u0160KI","article_publisher":"https:\/\/www.facebook.com\/Radiio-Ljubuski-1490835324566332","article_published_time":"2022-01-27T10:35:07+00:00","article_modified_time":"2022-01-27T10:35:08+00:00","og_image":[{"width":1000,"height":625,"url":"https:\/\/radioljubuski.ba\/wp-content\/uploads\/2021\/07\/2-2021-07-16-10-03-16-zgrada.jpg","type":"image\/jpeg"}],"author":"Radio Ljubu\u0161ki","twitter_card":"summary_large_image","twitter_creator":"@radioljubuski","twitter_site":"@radioljubuski","twitter_misc":{"Napisao\/la":"Radio Ljubu\u0161ki","Procijenjeno vrijeme \u010ditanja":"2 minute"},"schema":{"@context":"https:\/\/schema.org","@graph":[{"@type":"Article","@id":"https:\/\/radioljubuski.ba\/index.php\/2022\/01\/27\/prema-novom-zakonu-nekretnine-mogu-prodavati-smo-registrirane-agencije\/#article","isPartOf":{"@id":"https:\/\/radioljubuski.ba\/index.php\/2022\/01\/27\/prema-novom-zakonu-nekretnine-mogu-prodavati-smo-registrirane-agencije\/"},"author":{"name":"Radio Ljubu\u0161ki","@id":"https:\/\/radioljubuski.ba\/#\/schema\/person\/19fc700381a780f69665d7956c469e3b"},"headline":"Prema novom zakonu nekretnine mogu prodavati smo registrirane agencije","datePublished":"2022-01-27T10:35:07+00:00","dateModified":"2022-01-27T10:35:08+00:00","mainEntityOfPage":{"@id":"https:\/\/radioljubuski.ba\/index.php\/2022\/01\/27\/prema-novom-zakonu-nekretnine-mogu-prodavati-smo-registrirane-agencije\/"},"wordCount":455,"publisher":{"@id":"https:\/\/radioljubuski.ba\/#organization"},"image":{"@id":"https:\/\/radioljubuski.ba\/index.php\/2022\/01\/27\/prema-novom-zakonu-nekretnine-mogu-prodavati-smo-registrirane-agencije\/#primaryimage"},"thumbnailUrl":"https:\/\/radioljubuski.ba\/wp-content\/uploads\/2021\/07\/2-2021-07-16-10-03-16-zgrada.jpg","articleSection":["BIH i regija"],"inLanguage":"hr"},{"@type":"WebPage","@id":"https:\/\/radioljubuski.ba\/index.php\/2022\/01\/27\/prema-novom-zakonu-nekretnine-mogu-prodavati-smo-registrirane-agencije\/","url":"https:\/\/radioljubuski.ba\/index.php\/2022\/01\/27\/prema-novom-zakonu-nekretnine-mogu-prodavati-smo-registrirane-agencije\/","name":"Prema novom zakonu nekretnine mogu prodavati smo registrirane agencije - RADIO LJUBU\u0160KI","isPartOf":{"@id":"https:\/\/radioljubuski.ba\/#website"},"primaryImageOfPage":{"@id":"https:\/\/radioljubuski.ba\/index.php\/2022\/01\/27\/prema-novom-zakonu-nekretnine-mogu-prodavati-smo-registrirane-agencije\/#primaryimage"},"image":{"@id":"https:\/\/radioljubuski.ba\/index.php\/2022\/01\/27\/prema-novom-zakonu-nekretnine-mogu-prodavati-smo-registrirane-agencije\/#primaryimage"},"thumbnailUrl":"https:\/\/radioljubuski.ba\/wp-content\/uploads\/2021\/07\/2-2021-07-16-10-03-16-zgrada.jpg","datePublished":"2022-01-27T10:35:07+00:00","dateModified":"2022-01-27T10:35:08+00:00","breadcrumb":{"@id":"https:\/\/radioljubuski.ba\/index.php\/2022\/01\/27\/prema-novom-zakonu-nekretnine-mogu-prodavati-smo-registrirane-agencije\/#breadcrumb"},"inLanguage":"hr","potentialAction":[{"@type":"ReadAction","target":["https:\/\/radioljubuski.ba\/index.php\/2022\/01\/27\/prema-novom-zakonu-nekretnine-mogu-prodavati-smo-registrirane-agencije\/"]}]},{"@type":"ImageObject","inLanguage":"hr","@id":"https:\/\/radioljubuski.ba\/index.php\/2022\/01\/27\/prema-novom-zakonu-nekretnine-mogu-prodavati-smo-registrirane-agencije\/#primaryimage","url":"https:\/\/radioljubuski.ba\/wp-content\/uploads\/2021\/07\/2-2021-07-16-10-03-16-zgrada.jpg","contentUrl":"https:\/\/radioljubuski.ba\/wp-content\/uploads\/2021\/07\/2-2021-07-16-10-03-16-zgrada.jpg","width":1000,"height":625},{"@type":"BreadcrumbList","@id":"https:\/\/radioljubuski.ba\/index.php\/2022\/01\/27\/prema-novom-zakonu-nekretnine-mogu-prodavati-smo-registrirane-agencije\/#breadcrumb","itemListElement":[{"@type":"ListItem","position":1,"name":"Po\u010detna stranica","item":"https:\/\/radioljubuski.ba\/"},{"@type":"ListItem","position":2,"name":"Prema novom zakonu nekretnine mogu prodavati smo registrirane agencije"}]},{"@type":"WebSite","@id":"https:\/\/radioljubuski.ba\/#website","url":"https:\/\/radioljubuski.ba\/","name":"Radio Ljubu\u0161ki","description":"Sun\u010dana frekvencija Hercegovine","publisher":{"@id":"https:\/\/radioljubuski.ba\/#organization"},"potentialAction":[{"@type":"SearchAction","target":{"@type":"EntryPoint","urlTemplate":"https:\/\/radioljubuski.ba\/?s={search_term_string}"},"query-input":{"@type":"PropertyValueSpecification","valueRequired":true,"valueName":"search_term_string"}}],"inLanguage":"hr"},{"@type":"Organization","@id":"https:\/\/radioljubuski.ba\/#organization","name":"Radio Ljubu\u0161ki","url":"https:\/\/radioljubuski.ba\/","logo":{"@type":"ImageObject","inLanguage":"hr","@id":"https:\/\/radioljubuski.ba\/#\/schema\/logo\/image\/","url":"https:\/\/radioljubuski.ba\/wp-content\/uploads\/2021\/02\/cropped-Radio_Ljubuski_logo1.jpg","contentUrl":"https:\/\/radioljubuski.ba\/wp-content\/uploads\/2021\/02\/cropped-Radio_Ljubuski_logo1.jpg","width":512,"height":512,"caption":"Radio Ljubu\u0161ki"},"image":{"@id":"https:\/\/radioljubuski.ba\/#\/schema\/logo\/image\/"},"sameAs":["https:\/\/www.facebook.com\/Radiio-Ljubuski-1490835324566332","https:\/\/x.com\/radioljubuski","https:\/\/hr.linkedin.com\/company\/radio-ljubuski","https:\/\/www.youtube.com\/channel\/UCHYaeO_n0Db3tjNGudGpXyw"]},{"@type":"Person","@id":"https:\/\/radioljubuski.ba\/#\/schema\/person\/19fc700381a780f69665d7956c469e3b","name":"Radio Ljubu\u0161ki"}]}},"_links":{"self":[{"href":"https:\/\/radioljubuski.ba\/index.php\/wp-json\/wp\/v2\/posts\/109571","targetHints":{"allow":["GET"]}}],"collection":[{"href":"https:\/\/radioljubuski.ba\/index.php\/wp-json\/wp\/v2\/posts"}],"about":[{"href":"https:\/\/radioljubuski.ba\/index.php\/wp-json\/wp\/v2\/types\/post"}],"author":[{"embeddable":true,"href":"https:\/\/radioljubuski.ba\/index.php\/wp-json\/wp\/v2\/users\/2"}],"replies":[{"embeddable":true,"href":"https:\/\/radioljubuski.ba\/index.php\/wp-json\/wp\/v2\/comments?post=109571"}],"version-history":[{"count":1,"href":"https:\/\/radioljubuski.ba\/index.php\/wp-json\/wp\/v2\/posts\/109571\/revisions"}],"predecessor-version":[{"id":109573,"href":"https:\/\/radioljubuski.ba\/index.php\/wp-json\/wp\/v2\/posts\/109571\/revisions\/109573"}],"wp:featuredmedia":[{"embeddable":true,"href":"https:\/\/radioljubuski.ba\/index.php\/wp-json\/wp\/v2\/media\/43347"}],"wp:attachment":[{"href":"https:\/\/radioljubuski.ba\/index.php\/wp-json\/wp\/v2\/media?parent=109571"}],"wp:term":[{"taxonomy":"category","embeddable":true,"href":"https:\/\/radioljubuski.ba\/index.php\/wp-json\/wp\/v2\/categories?post=109571"},{"taxonomy":"post_tag","embeddable":true,"href":"https:\/\/radioljubuski.ba\/index.php\/wp-json\/wp\/v2\/tags?post=109571"}],"curies":[{"name":"wp","href":"https:\/\/api.w.org\/{rel}","templated":true}]}}