{"id":109611,"date":"2022-01-27T11:52:33","date_gmt":"2022-01-27T10:52:33","guid":{"rendered":"https:\/\/radioljubuski.ba\/?p=109611"},"modified":"2022-01-27T11:52:35","modified_gmt":"2022-01-27T10:52:35","slug":"campara-trazi-suspenziju-zorana-cegara-nakon-objave-snimke","status":"publish","type":"post","link":"https:\/\/radioljubuski.ba\/index.php\/2022\/01\/27\/campara-trazi-suspenziju-zorana-cegara-nakon-objave-snimke\/","title":{"rendered":"\u010campara tra\u017ei suspenziju Zorana \u010cegara nakon objave snimke"},"content":{"rendered":"\n<p>Federalni ministar unutarnjih poslova Aljo\u0161a \u010campara oglasio se priop\u0107enjem za javnost nakon objave snimke na kojem se vidi na\u010delnik Sektora uniformirane policije FUP-a Zoran \u010cegar kako primjenjuje fizi\u010dku silu prema mladi\u0107u koje ne pru\u017ea otpor. <\/p>\n\n\n\n<p>Federalno ministarstvo unutarnjih poslova (FMUP) najo\u0161trije osu\u0111uje svaki vid policijske brutalnosti. <\/p>\n\n\n\n<p>Zgro\u017eeni smo snimkom koji su ju\u010der objavili bosanskohercegova\u010dki mediji, a na kojem se vidi eklatantan primjer policijske brutalnosti i te\u0161ke zloupotrebe uniforme Federalne uprave policije (FUP) od strane na\u010delnika Sektora uniformisane policije FUP-a Zorana \u010cegara, navodi se u priop\u0107enju. <\/p>\n\n\n\n<p>\u010campara smatra da je drsko i nepropisno pona\u0161anje Zorana \u010cegara nanijelo je ogromnu \u0161tetu ugledu FUP-a zbog \u010dega poziva zamjenika direktora FUP-a Ensada Kormana da poduzme zakonom propisane mjere i donese odluku o suspenziji na\u010delnika Sektora uniformirane policije, ali i da se odredi u odnosu na sramotno pona\u0161anja policijskih slu\u017ebenika Ned\u017eada Kalabu\u0161i\u0107a i Latifa Kaba\u0161a koji su nijemo posmatrali maltretiranje mladi\u0107a. <\/p>\n\n\n\n<p>Na\u0161i gra\u0111ani nisu zaslu\u017eili da bilo koji policijski slu\u017ebenik neosnovano nad njima primjenjuje sredstva prisile. <\/p>\n\n\n\n<p>FUP se mora jasno distancirati od devijantnih pona\u0161anja pojedinaca i poslati poruku gra\u0111anima Bosne i Hercegovine kako policijska brutalnost ne\u0107e biti tolerirana bez obzira u kojem \u010dinu se nalazio policijski slu\u017ebenik, pru\u010dio je \u010campara. <\/p>\n\n\n\n<p>Ohrabrio je Jedinicu za profesionalne standarde FUP-a da profesionalno i bez pritisaka sprovede interni postupak u odnosu na na\u010delnika Sektora uniformisane policije FUP-a, a zamjenika direktora FUP-a da transparentno obavijesti javnost o ishodu internog postupka. <\/p>\n\n\n\n<p>Prema Zakonu o policijskim slu\u017ebenicima FBiH suspenzija policijskih slu\u017ebenika FUP-a u isklju\u010divoj je nadle\u017enosti direktora, odnosno u ovom slu\u010daju zamjenika direktora FUP-a zbog \u010dega \u010campara poziva Ensada Kormana da stane u za\u0161titu integriteta policije u Federaciji BiH, navodi se u priop\u0107enju. <\/p>\n\n\n\n<iframe loading=\"lazy\" width=\"560\" height=\"315\" src=\"https:\/\/www.youtube.com\/embed\/yOaYG-I8yAg\" title=\"YouTube video player\" frameborder=\"0\" allow=\"accelerometer; autoplay; clipboard-write; encrypted-media; gyroscope; picture-in-picture\" allowfullscreen><\/iframe>\n\n\n\n<p><strong>Izvor: Bljesak.info<\/strong><\/p>\n","protected":false},"excerpt":{"rendered":"<p>Federalni ministar unutarnjih poslova Aljo\u0161a \u010campara oglasio se priop\u0107enjem za javnost nakon objave snimke na kojem se vidi na\u010delnik Sektora uniformirane policije FUP-a Zoran \u010cegar kako primjenjuje fizi\u010dku silu prema mladi\u0107u koje ne pru\u017ea otpor. Federalno ministarstvo unutarnjih poslova (FMUP) najo\u0161trije osu\u0111uje svaki vid policijske brutalnosti. Zgro\u017eeni smo snimkom koji su ju\u010der objavili bosanskohercegova\u010dki mediji, [&hellip;]<\/p>\n","protected":false},"author":2,"featured_media":109485,"comment_status":"closed","ping_status":"closed","sticky":false,"template":"","format":"standard","meta":{"h5ap_radio_sources":[],"footnotes":""},"categories":[1],"tags":[],"class_list":["post-109611","post","type-post","status-publish","format-standard","has-post-thumbnail","hentry","category-bihiregija"],"yoast_head":"<!-- This site is optimized with the Yoast SEO plugin v27.4 - https:\/\/yoast.com\/product\/yoast-seo-wordpress\/ -->\n<title>\u010campara tra\u017ei suspenziju Zorana \u010cegara nakon objave snimke - RADIO LJUBU\u0160KI<\/title>\n<meta name=\"robots\" content=\"index, follow, max-snippet:-1, max-image-preview:large, max-video-preview:-1\" \/>\n<link rel=\"canonical\" href=\"https:\/\/radioljubuski.ba\/index.php\/2022\/01\/27\/campara-trazi-suspenziju-zorana-cegara-nakon-objave-snimke\/\" \/>\n<meta property=\"og:locale\" content=\"hr_HR\" \/>\n<meta property=\"og:type\" content=\"article\" \/>\n<meta property=\"og:title\" content=\"\u010campara tra\u017ei suspenziju Zorana \u010cegara nakon objave snimke - RADIO LJUBU\u0160KI\" \/>\n<meta property=\"og:description\" content=\"Federalni ministar unutarnjih poslova Aljo\u0161a \u010campara oglasio se priop\u0107enjem za javnost nakon objave snimke na kojem se vidi na\u010delnik Sektora uniformirane policije FUP-a Zoran \u010cegar kako primjenjuje fizi\u010dku silu prema mladi\u0107u koje ne pru\u017ea otpor. Federalno ministarstvo unutarnjih poslova (FMUP) najo\u0161trije osu\u0111uje svaki vid policijske brutalnosti. Zgro\u017eeni smo snimkom koji su ju\u010der objavili bosanskohercegova\u010dki mediji, [&hellip;]\" \/>\n<meta property=\"og:url\" content=\"https:\/\/radioljubuski.ba\/index.php\/2022\/01\/27\/campara-trazi-suspenziju-zorana-cegara-nakon-objave-snimke\/\" \/>\n<meta property=\"og:site_name\" content=\"RADIO LJUBU\u0160KI\" \/>\n<meta property=\"article:publisher\" content=\"https:\/\/www.facebook.com\/Radiio-Ljubuski-1490835324566332\" \/>\n<meta property=\"article:published_time\" content=\"2022-01-27T10:52:33+00:00\" \/>\n<meta property=\"article:modified_time\" content=\"2022-01-27T10:52:35+00:00\" \/>\n<meta property=\"og:image\" content=\"https:\/\/radioljubuski.ba\/wp-content\/uploads\/2022\/01\/zoran-cegar-1068x601-1.jpg\" \/>\n\t<meta property=\"og:image:width\" content=\"1068\" \/>\n\t<meta property=\"og:image:height\" content=\"601\" \/>\n\t<meta property=\"og:image:type\" content=\"image\/jpeg\" \/>\n<meta name=\"author\" content=\"Radio Ljubu\u0161ki\" \/>\n<meta name=\"twitter:card\" content=\"summary_large_image\" \/>\n<meta name=\"twitter:creator\" content=\"@radioljubuski\" \/>\n<meta name=\"twitter:site\" content=\"@radioljubuski\" \/>\n<meta name=\"twitter:label1\" content=\"Napisao\/la\" \/>\n\t<meta name=\"twitter:data1\" content=\"Radio Ljubu\u0161ki\" \/>\n\t<meta name=\"twitter:label2\" content=\"Procijenjeno vrijeme \u010ditanja\" \/>\n\t<meta name=\"twitter:data2\" content=\"2 minute\" \/>\n<script type=\"application\/ld+json\" class=\"yoast-schema-graph\">{\"@context\":\"https:\\\/\\\/schema.org\",\"@graph\":[{\"@type\":\"Article\",\"@id\":\"https:\\\/\\\/radioljubuski.ba\\\/index.php\\\/2022\\\/01\\\/27\\\/campara-trazi-suspenziju-zorana-cegara-nakon-objave-snimke\\\/#article\",\"isPartOf\":{\"@id\":\"https:\\\/\\\/radioljubuski.ba\\\/index.php\\\/2022\\\/01\\\/27\\\/campara-trazi-suspenziju-zorana-cegara-nakon-objave-snimke\\\/\"},\"author\":{\"name\":\"Radio Ljubu\u0161ki\",\"@id\":\"https:\\\/\\\/radioljubuski.ba\\\/#\\\/schema\\\/person\\\/19fc700381a780f69665d7956c469e3b\"},\"headline\":\"\u010campara tra\u017ei suspenziju Zorana \u010cegara nakon objave snimke\",\"datePublished\":\"2022-01-27T10:52:33+00:00\",\"dateModified\":\"2022-01-27T10:52:35+00:00\",\"mainEntityOfPage\":{\"@id\":\"https:\\\/\\\/radioljubuski.ba\\\/index.php\\\/2022\\\/01\\\/27\\\/campara-trazi-suspenziju-zorana-cegara-nakon-objave-snimke\\\/\"},\"wordCount\":323,\"publisher\":{\"@id\":\"https:\\\/\\\/radioljubuski.ba\\\/#organization\"},\"image\":{\"@id\":\"https:\\\/\\\/radioljubuski.ba\\\/index.php\\\/2022\\\/01\\\/27\\\/campara-trazi-suspenziju-zorana-cegara-nakon-objave-snimke\\\/#primaryimage\"},\"thumbnailUrl\":\"https:\\\/\\\/radioljubuski.ba\\\/wp-content\\\/uploads\\\/2022\\\/01\\\/zoran-cegar-1068x601-1.jpg\",\"articleSection\":[\"BIH i regija\"],\"inLanguage\":\"hr\"},{\"@type\":\"WebPage\",\"@id\":\"https:\\\/\\\/radioljubuski.ba\\\/index.php\\\/2022\\\/01\\\/27\\\/campara-trazi-suspenziju-zorana-cegara-nakon-objave-snimke\\\/\",\"url\":\"https:\\\/\\\/radioljubuski.ba\\\/index.php\\\/2022\\\/01\\\/27\\\/campara-trazi-suspenziju-zorana-cegara-nakon-objave-snimke\\\/\",\"name\":\"\u010campara tra\u017ei suspenziju Zorana \u010cegara nakon objave snimke - RADIO LJUBU\u0160KI\",\"isPartOf\":{\"@id\":\"https:\\\/\\\/radioljubuski.ba\\\/#website\"},\"primaryImageOfPage\":{\"@id\":\"https:\\\/\\\/radioljubuski.ba\\\/index.php\\\/2022\\\/01\\\/27\\\/campara-trazi-suspenziju-zorana-cegara-nakon-objave-snimke\\\/#primaryimage\"},\"image\":{\"@id\":\"https:\\\/\\\/radioljubuski.ba\\\/index.php\\\/2022\\\/01\\\/27\\\/campara-trazi-suspenziju-zorana-cegara-nakon-objave-snimke\\\/#primaryimage\"},\"thumbnailUrl\":\"https:\\\/\\\/radioljubuski.ba\\\/wp-content\\\/uploads\\\/2022\\\/01\\\/zoran-cegar-1068x601-1.jpg\",\"datePublished\":\"2022-01-27T10:52:33+00:00\",\"dateModified\":\"2022-01-27T10:52:35+00:00\",\"breadcrumb\":{\"@id\":\"https:\\\/\\\/radioljubuski.ba\\\/index.php\\\/2022\\\/01\\\/27\\\/campara-trazi-suspenziju-zorana-cegara-nakon-objave-snimke\\\/#breadcrumb\"},\"inLanguage\":\"hr\",\"potentialAction\":[{\"@type\":\"ReadAction\",\"target\":[\"https:\\\/\\\/radioljubuski.ba\\\/index.php\\\/2022\\\/01\\\/27\\\/campara-trazi-suspenziju-zorana-cegara-nakon-objave-snimke\\\/\"]}]},{\"@type\":\"ImageObject\",\"inLanguage\":\"hr\",\"@id\":\"https:\\\/\\\/radioljubuski.ba\\\/index.php\\\/2022\\\/01\\\/27\\\/campara-trazi-suspenziju-zorana-cegara-nakon-objave-snimke\\\/#primaryimage\",\"url\":\"https:\\\/\\\/radioljubuski.ba\\\/wp-content\\\/uploads\\\/2022\\\/01\\\/zoran-cegar-1068x601-1.jpg\",\"contentUrl\":\"https:\\\/\\\/radioljubuski.ba\\\/wp-content\\\/uploads\\\/2022\\\/01\\\/zoran-cegar-1068x601-1.jpg\",\"width\":1068,\"height\":601},{\"@type\":\"BreadcrumbList\",\"@id\":\"https:\\\/\\\/radioljubuski.ba\\\/index.php\\\/2022\\\/01\\\/27\\\/campara-trazi-suspenziju-zorana-cegara-nakon-objave-snimke\\\/#breadcrumb\",\"itemListElement\":[{\"@type\":\"ListItem\",\"position\":1,\"name\":\"Po\u010detna stranica\",\"item\":\"https:\\\/\\\/radioljubuski.ba\\\/\"},{\"@type\":\"ListItem\",\"position\":2,\"name\":\"\u010campara tra\u017ei suspenziju Zorana \u010cegara nakon objave snimke\"}]},{\"@type\":\"WebSite\",\"@id\":\"https:\\\/\\\/radioljubuski.ba\\\/#website\",\"url\":\"https:\\\/\\\/radioljubuski.ba\\\/\",\"name\":\"Radio Ljubu\u0161ki\",\"description\":\"Sun\u010dana frekvencija Hercegovine\",\"publisher\":{\"@id\":\"https:\\\/\\\/radioljubuski.ba\\\/#organization\"},\"potentialAction\":[{\"@type\":\"SearchAction\",\"target\":{\"@type\":\"EntryPoint\",\"urlTemplate\":\"https:\\\/\\\/radioljubuski.ba\\\/?s={search_term_string}\"},\"query-input\":{\"@type\":\"PropertyValueSpecification\",\"valueRequired\":true,\"valueName\":\"search_term_string\"}}],\"inLanguage\":\"hr\"},{\"@type\":\"Organization\",\"@id\":\"https:\\\/\\\/radioljubuski.ba\\\/#organization\",\"name\":\"Radio Ljubu\u0161ki\",\"url\":\"https:\\\/\\\/radioljubuski.ba\\\/\",\"logo\":{\"@type\":\"ImageObject\",\"inLanguage\":\"hr\",\"@id\":\"https:\\\/\\\/radioljubuski.ba\\\/#\\\/schema\\\/logo\\\/image\\\/\",\"url\":\"https:\\\/\\\/radioljubuski.ba\\\/wp-content\\\/uploads\\\/2021\\\/02\\\/cropped-Radio_Ljubuski_logo1.jpg\",\"contentUrl\":\"https:\\\/\\\/radioljubuski.ba\\\/wp-content\\\/uploads\\\/2021\\\/02\\\/cropped-Radio_Ljubuski_logo1.jpg\",\"width\":512,\"height\":512,\"caption\":\"Radio Ljubu\u0161ki\"},\"image\":{\"@id\":\"https:\\\/\\\/radioljubuski.ba\\\/#\\\/schema\\\/logo\\\/image\\\/\"},\"sameAs\":[\"https:\\\/\\\/www.facebook.com\\\/Radiio-Ljubuski-1490835324566332\",\"https:\\\/\\\/x.com\\\/radioljubuski\",\"https:\\\/\\\/hr.linkedin.com\\\/company\\\/radio-ljubuski\",\"https:\\\/\\\/www.youtube.com\\\/channel\\\/UCHYaeO_n0Db3tjNGudGpXyw\"]},{\"@type\":\"Person\",\"@id\":\"https:\\\/\\\/radioljubuski.ba\\\/#\\\/schema\\\/person\\\/19fc700381a780f69665d7956c469e3b\",\"name\":\"Radio Ljubu\u0161ki\"}]}<\/script>\n<!-- \/ Yoast SEO plugin. -->","yoast_head_json":{"title":"\u010campara tra\u017ei suspenziju Zorana \u010cegara nakon objave snimke - RADIO LJUBU\u0160KI","robots":{"index":"index","follow":"follow","max-snippet":"max-snippet:-1","max-image-preview":"max-image-preview:large","max-video-preview":"max-video-preview:-1"},"canonical":"https:\/\/radioljubuski.ba\/index.php\/2022\/01\/27\/campara-trazi-suspenziju-zorana-cegara-nakon-objave-snimke\/","og_locale":"hr_HR","og_type":"article","og_title":"\u010campara tra\u017ei suspenziju Zorana \u010cegara nakon objave snimke - RADIO LJUBU\u0160KI","og_description":"Federalni ministar unutarnjih poslova Aljo\u0161a \u010campara oglasio se priop\u0107enjem za javnost nakon objave snimke na kojem se vidi na\u010delnik Sektora uniformirane policije FUP-a Zoran \u010cegar kako primjenjuje fizi\u010dku silu prema mladi\u0107u koje ne pru\u017ea otpor. Federalno ministarstvo unutarnjih poslova (FMUP) najo\u0161trije osu\u0111uje svaki vid policijske brutalnosti. Zgro\u017eeni smo snimkom koji su ju\u010der objavili bosanskohercegova\u010dki mediji, [&hellip;]","og_url":"https:\/\/radioljubuski.ba\/index.php\/2022\/01\/27\/campara-trazi-suspenziju-zorana-cegara-nakon-objave-snimke\/","og_site_name":"RADIO LJUBU\u0160KI","article_publisher":"https:\/\/www.facebook.com\/Radiio-Ljubuski-1490835324566332","article_published_time":"2022-01-27T10:52:33+00:00","article_modified_time":"2022-01-27T10:52:35+00:00","og_image":[{"width":1068,"height":601,"url":"https:\/\/radioljubuski.ba\/wp-content\/uploads\/2022\/01\/zoran-cegar-1068x601-1.jpg","type":"image\/jpeg"}],"author":"Radio Ljubu\u0161ki","twitter_card":"summary_large_image","twitter_creator":"@radioljubuski","twitter_site":"@radioljubuski","twitter_misc":{"Napisao\/la":"Radio Ljubu\u0161ki","Procijenjeno vrijeme \u010ditanja":"2 minute"},"schema":{"@context":"https:\/\/schema.org","@graph":[{"@type":"Article","@id":"https:\/\/radioljubuski.ba\/index.php\/2022\/01\/27\/campara-trazi-suspenziju-zorana-cegara-nakon-objave-snimke\/#article","isPartOf":{"@id":"https:\/\/radioljubuski.ba\/index.php\/2022\/01\/27\/campara-trazi-suspenziju-zorana-cegara-nakon-objave-snimke\/"},"author":{"name":"Radio Ljubu\u0161ki","@id":"https:\/\/radioljubuski.ba\/#\/schema\/person\/19fc700381a780f69665d7956c469e3b"},"headline":"\u010campara tra\u017ei suspenziju Zorana \u010cegara nakon objave snimke","datePublished":"2022-01-27T10:52:33+00:00","dateModified":"2022-01-27T10:52:35+00:00","mainEntityOfPage":{"@id":"https:\/\/radioljubuski.ba\/index.php\/2022\/01\/27\/campara-trazi-suspenziju-zorana-cegara-nakon-objave-snimke\/"},"wordCount":323,"publisher":{"@id":"https:\/\/radioljubuski.ba\/#organization"},"image":{"@id":"https:\/\/radioljubuski.ba\/index.php\/2022\/01\/27\/campara-trazi-suspenziju-zorana-cegara-nakon-objave-snimke\/#primaryimage"},"thumbnailUrl":"https:\/\/radioljubuski.ba\/wp-content\/uploads\/2022\/01\/zoran-cegar-1068x601-1.jpg","articleSection":["BIH i regija"],"inLanguage":"hr"},{"@type":"WebPage","@id":"https:\/\/radioljubuski.ba\/index.php\/2022\/01\/27\/campara-trazi-suspenziju-zorana-cegara-nakon-objave-snimke\/","url":"https:\/\/radioljubuski.ba\/index.php\/2022\/01\/27\/campara-trazi-suspenziju-zorana-cegara-nakon-objave-snimke\/","name":"\u010campara tra\u017ei suspenziju Zorana \u010cegara nakon objave snimke - RADIO LJUBU\u0160KI","isPartOf":{"@id":"https:\/\/radioljubuski.ba\/#website"},"primaryImageOfPage":{"@id":"https:\/\/radioljubuski.ba\/index.php\/2022\/01\/27\/campara-trazi-suspenziju-zorana-cegara-nakon-objave-snimke\/#primaryimage"},"image":{"@id":"https:\/\/radioljubuski.ba\/index.php\/2022\/01\/27\/campara-trazi-suspenziju-zorana-cegara-nakon-objave-snimke\/#primaryimage"},"thumbnailUrl":"https:\/\/radioljubuski.ba\/wp-content\/uploads\/2022\/01\/zoran-cegar-1068x601-1.jpg","datePublished":"2022-01-27T10:52:33+00:00","dateModified":"2022-01-27T10:52:35+00:00","breadcrumb":{"@id":"https:\/\/radioljubuski.ba\/index.php\/2022\/01\/27\/campara-trazi-suspenziju-zorana-cegara-nakon-objave-snimke\/#breadcrumb"},"inLanguage":"hr","potentialAction":[{"@type":"ReadAction","target":["https:\/\/radioljubuski.ba\/index.php\/2022\/01\/27\/campara-trazi-suspenziju-zorana-cegara-nakon-objave-snimke\/"]}]},{"@type":"ImageObject","inLanguage":"hr","@id":"https:\/\/radioljubuski.ba\/index.php\/2022\/01\/27\/campara-trazi-suspenziju-zorana-cegara-nakon-objave-snimke\/#primaryimage","url":"https:\/\/radioljubuski.ba\/wp-content\/uploads\/2022\/01\/zoran-cegar-1068x601-1.jpg","contentUrl":"https:\/\/radioljubuski.ba\/wp-content\/uploads\/2022\/01\/zoran-cegar-1068x601-1.jpg","width":1068,"height":601},{"@type":"BreadcrumbList","@id":"https:\/\/radioljubuski.ba\/index.php\/2022\/01\/27\/campara-trazi-suspenziju-zorana-cegara-nakon-objave-snimke\/#breadcrumb","itemListElement":[{"@type":"ListItem","position":1,"name":"Po\u010detna stranica","item":"https:\/\/radioljubuski.ba\/"},{"@type":"ListItem","position":2,"name":"\u010campara tra\u017ei suspenziju Zorana \u010cegara nakon objave snimke"}]},{"@type":"WebSite","@id":"https:\/\/radioljubuski.ba\/#website","url":"https:\/\/radioljubuski.ba\/","name":"Radio Ljubu\u0161ki","description":"Sun\u010dana frekvencija Hercegovine","publisher":{"@id":"https:\/\/radioljubuski.ba\/#organization"},"potentialAction":[{"@type":"SearchAction","target":{"@type":"EntryPoint","urlTemplate":"https:\/\/radioljubuski.ba\/?s={search_term_string}"},"query-input":{"@type":"PropertyValueSpecification","valueRequired":true,"valueName":"search_term_string"}}],"inLanguage":"hr"},{"@type":"Organization","@id":"https:\/\/radioljubuski.ba\/#organization","name":"Radio Ljubu\u0161ki","url":"https:\/\/radioljubuski.ba\/","logo":{"@type":"ImageObject","inLanguage":"hr","@id":"https:\/\/radioljubuski.ba\/#\/schema\/logo\/image\/","url":"https:\/\/radioljubuski.ba\/wp-content\/uploads\/2021\/02\/cropped-Radio_Ljubuski_logo1.jpg","contentUrl":"https:\/\/radioljubuski.ba\/wp-content\/uploads\/2021\/02\/cropped-Radio_Ljubuski_logo1.jpg","width":512,"height":512,"caption":"Radio Ljubu\u0161ki"},"image":{"@id":"https:\/\/radioljubuski.ba\/#\/schema\/logo\/image\/"},"sameAs":["https:\/\/www.facebook.com\/Radiio-Ljubuski-1490835324566332","https:\/\/x.com\/radioljubuski","https:\/\/hr.linkedin.com\/company\/radio-ljubuski","https:\/\/www.youtube.com\/channel\/UCHYaeO_n0Db3tjNGudGpXyw"]},{"@type":"Person","@id":"https:\/\/radioljubuski.ba\/#\/schema\/person\/19fc700381a780f69665d7956c469e3b","name":"Radio Ljubu\u0161ki"}]}},"_links":{"self":[{"href":"https:\/\/radioljubuski.ba\/index.php\/wp-json\/wp\/v2\/posts\/109611","targetHints":{"allow":["GET"]}}],"collection":[{"href":"https:\/\/radioljubuski.ba\/index.php\/wp-json\/wp\/v2\/posts"}],"about":[{"href":"https:\/\/radioljubuski.ba\/index.php\/wp-json\/wp\/v2\/types\/post"}],"author":[{"embeddable":true,"href":"https:\/\/radioljubuski.ba\/index.php\/wp-json\/wp\/v2\/users\/2"}],"replies":[{"embeddable":true,"href":"https:\/\/radioljubuski.ba\/index.php\/wp-json\/wp\/v2\/comments?post=109611"}],"version-history":[{"count":1,"href":"https:\/\/radioljubuski.ba\/index.php\/wp-json\/wp\/v2\/posts\/109611\/revisions"}],"predecessor-version":[{"id":109615,"href":"https:\/\/radioljubuski.ba\/index.php\/wp-json\/wp\/v2\/posts\/109611\/revisions\/109615"}],"wp:featuredmedia":[{"embeddable":true,"href":"https:\/\/radioljubuski.ba\/index.php\/wp-json\/wp\/v2\/media\/109485"}],"wp:attachment":[{"href":"https:\/\/radioljubuski.ba\/index.php\/wp-json\/wp\/v2\/media?parent=109611"}],"wp:term":[{"taxonomy":"category","embeddable":true,"href":"https:\/\/radioljubuski.ba\/index.php\/wp-json\/wp\/v2\/categories?post=109611"},{"taxonomy":"post_tag","embeddable":true,"href":"https:\/\/radioljubuski.ba\/index.php\/wp-json\/wp\/v2\/tags?post=109611"}],"curies":[{"name":"wp","href":"https:\/\/api.w.org\/{rel}","templated":true}]}}