{"id":109616,"date":"2022-01-27T11:53:10","date_gmt":"2022-01-27T10:53:10","guid":{"rendered":"https:\/\/radioljubuski.ba\/?p=109616"},"modified":"2022-01-27T11:53:11","modified_gmt":"2022-01-27T10:53:11","slug":"dok-omikron-opada-engleska-se-vraca-na-plan-a-zivot-s-covidom","status":"publish","type":"post","link":"https:\/\/radioljubuski.ba\/index.php\/2022\/01\/27\/dok-omikron-opada-engleska-se-vraca-na-plan-a-zivot-s-covidom\/","title":{"rendered":"Dok omikron opada, Engleska se vra\u0107a na Plan A: \u017divot s covidom"},"content":{"rendered":"\n<p>Nakon neugodnog, ali prili\u010dno kratkog povratka mjerama borbe protiv koronavirusa potaknutim varijantom omikron, Engleska se vra\u0107a &#8220;Planu A&#8221; &#8211; u\u010denju kako \u017eivjeti sa zarazom koja \u0107e vjerojatno ostati.<\/p>\n\n\n\n<p>Vjeruje se da \u0107e booster doze, antivirusne pilule i lak\u0161e posljedice omikrona omogu\u0107iti vladi da se nosi s virusom koji se najvjerojatnije ne\u0107e mo\u0107i iskorijeniti. Druge zemlje koje tako\u0111er \u017eele omogu\u0107iti normalan rad tvrtkama i slobodu pojedincima pa\u017eljivo \u0107e pratiti kako \u0107e se epidemija razvijati u Engleskoj nakon ukidanja mjera.<\/p>\n\n\n\n<p>Pro\u0161li tjedan su ukinute preporuke o radu od ku\u0107e, a mjere poput no\u0161enja maski i covid-propusnica, tako\u0111er uvedene u Engleskoj pro\u0161li mjesec zbog omikrona, okon\u010dane su u \u010detvrtak, pa su se mjere vratile na razinu na kojoj su bile pro\u0161li srpanj.<\/p>\n\n\n\n<p>Britanska Agencija za zdravstvenu sigurnost priprema (UKHSA) sprema se ubudu\u0107e promijeniti fokus na podr\u0161ku ranjivim pojedincima umjesto da uvodi mjere na nacionalnoj razini, prema nacrtu politike.<\/p>\n\n\n\n<p>&#8220;Dok po\u010dinjemo \u017eivjeti s covidom, odgovor UKHSA-e na covid \u0107e se preusmjeriti s nacije na ciljan odgovor, fokusiran na za\u0161titu najranjivijih&#8221;, pi\u0161e u nacrtu. &#8220;Pobrinut \u0107emo se da na\u0161 budu\u0107i odgovor bude jo\u0161 vi\u0161e u\u010dinkovitiji, fleksibilniji i lak\u0161i za gra\u0111ane te da osigurava vrijednost za novac.&#8221;<\/p>\n\n\n\n<p>Britanski premijer Boris Johnson, u \u010dijem mandatu je od covida umrlo 150.000 ljudi, sedmi najve\u0107i broj u svijetu, u prosincu je bio primoran predstaviti &#8220;Plan B&#8221; mjera, zbog \u010dega je razbjesnio neke od vlastitih zastupnika. Sada ima sna\u017ean politi\u010dki imperativ da ih odbaci.<\/p>\n\n\n\n<p>Dok policija istra\u017euje okupljanja u njegovim prostorijama tijekom covid-lockdowna, u o\u010diglednom kr\u0161enju zakona koji je sam nametnuo, suo\u010dio se s najve\u0107om krizom svoje karijere, dok mnogi \u010dlanovi parlamenta iz njegove stranke smatraju da se \u017eivot \u0161to prije mora vratiti u pribli\u017enu normalu.<\/p>\n\n\n\n<p>Izvor:pogled.ba<\/p>\n","protected":false},"excerpt":{"rendered":"<p>Nakon neugodnog, ali prili\u010dno kratkog povratka mjerama borbe protiv koronavirusa potaknutim varijantom omikron, Engleska se vra\u0107a &#8220;Planu A&#8221; &#8211; u\u010denju kako \u017eivjeti sa zarazom koja \u0107e vjerojatno ostati. Vjeruje se da \u0107e booster doze, antivirusne pilule i lak\u0161e posljedice omikrona omogu\u0107iti vladi da se nosi s virusom koji se najvjerojatnije ne\u0107e mo\u0107i iskorijeniti. Druge zemlje [&hellip;]<\/p>\n","protected":false},"author":2,"featured_media":108380,"comment_status":"closed","ping_status":"closed","sticky":false,"template":"","format":"standard","meta":{"h5ap_radio_sources":[],"footnotes":""},"categories":[1],"tags":[],"class_list":["post-109616","post","type-post","status-publish","format-standard","has-post-thumbnail","hentry","category-bihiregija"],"yoast_head":"<!-- This site is optimized with the Yoast SEO plugin v27.4 - https:\/\/yoast.com\/product\/yoast-seo-wordpress\/ -->\n<title>Dok omikron opada, Engleska se vra\u0107a na Plan A: \u017divot s covidom - RADIO LJUBU\u0160KI<\/title>\n<meta name=\"robots\" content=\"index, follow, max-snippet:-1, max-image-preview:large, max-video-preview:-1\" \/>\n<link rel=\"canonical\" href=\"https:\/\/radioljubuski.ba\/index.php\/2022\/01\/27\/dok-omikron-opada-engleska-se-vraca-na-plan-a-zivot-s-covidom\/\" \/>\n<meta property=\"og:locale\" content=\"hr_HR\" \/>\n<meta property=\"og:type\" content=\"article\" \/>\n<meta property=\"og:title\" content=\"Dok omikron opada, Engleska se vra\u0107a na Plan A: \u017divot s covidom - RADIO LJUBU\u0160KI\" \/>\n<meta property=\"og:description\" content=\"Nakon neugodnog, ali prili\u010dno kratkog povratka mjerama borbe protiv koronavirusa potaknutim varijantom omikron, Engleska se vra\u0107a &#8220;Planu A&#8221; &#8211; u\u010denju kako \u017eivjeti sa zarazom koja \u0107e vjerojatno ostati. Vjeruje se da \u0107e booster doze, antivirusne pilule i lak\u0161e posljedice omikrona omogu\u0107iti vladi da se nosi s virusom koji se najvjerojatnije ne\u0107e mo\u0107i iskorijeniti. Druge zemlje [&hellip;]\" \/>\n<meta property=\"og:url\" content=\"https:\/\/radioljubuski.ba\/index.php\/2022\/01\/27\/dok-omikron-opada-engleska-se-vraca-na-plan-a-zivot-s-covidom\/\" \/>\n<meta property=\"og:site_name\" content=\"RADIO LJUBU\u0160KI\" \/>\n<meta property=\"article:publisher\" content=\"https:\/\/www.facebook.com\/Radiio-Ljubuski-1490835324566332\" \/>\n<meta property=\"article:published_time\" content=\"2022-01-27T10:53:10+00:00\" \/>\n<meta property=\"article:modified_time\" content=\"2022-01-27T10:53:11+00:00\" \/>\n<meta property=\"og:image\" content=\"https:\/\/radioljubuski.ba\/wp-content\/uploads\/2022\/01\/8-2022-01-19-14-38-45-britanija.jpg\" \/>\n\t<meta property=\"og:image:width\" content=\"1000\" \/>\n\t<meta property=\"og:image:height\" content=\"625\" \/>\n\t<meta property=\"og:image:type\" content=\"image\/jpeg\" \/>\n<meta name=\"author\" content=\"Radio Ljubu\u0161ki\" \/>\n<meta name=\"twitter:card\" content=\"summary_large_image\" \/>\n<meta name=\"twitter:creator\" content=\"@radioljubuski\" \/>\n<meta name=\"twitter:site\" content=\"@radioljubuski\" \/>\n<meta name=\"twitter:label1\" content=\"Napisao\/la\" \/>\n\t<meta name=\"twitter:data1\" content=\"Radio Ljubu\u0161ki\" \/>\n\t<meta name=\"twitter:label2\" content=\"Procijenjeno vrijeme \u010ditanja\" \/>\n\t<meta name=\"twitter:data2\" content=\"2 minute\" \/>\n<script type=\"application\/ld+json\" class=\"yoast-schema-graph\">{\"@context\":\"https:\\\/\\\/schema.org\",\"@graph\":[{\"@type\":\"Article\",\"@id\":\"https:\\\/\\\/radioljubuski.ba\\\/index.php\\\/2022\\\/01\\\/27\\\/dok-omikron-opada-engleska-se-vraca-na-plan-a-zivot-s-covidom\\\/#article\",\"isPartOf\":{\"@id\":\"https:\\\/\\\/radioljubuski.ba\\\/index.php\\\/2022\\\/01\\\/27\\\/dok-omikron-opada-engleska-se-vraca-na-plan-a-zivot-s-covidom\\\/\"},\"author\":{\"name\":\"Radio Ljubu\u0161ki\",\"@id\":\"https:\\\/\\\/radioljubuski.ba\\\/#\\\/schema\\\/person\\\/19fc700381a780f69665d7956c469e3b\"},\"headline\":\"Dok omikron opada, Engleska se vra\u0107a na Plan A: \u017divot s covidom\",\"datePublished\":\"2022-01-27T10:53:10+00:00\",\"dateModified\":\"2022-01-27T10:53:11+00:00\",\"mainEntityOfPage\":{\"@id\":\"https:\\\/\\\/radioljubuski.ba\\\/index.php\\\/2022\\\/01\\\/27\\\/dok-omikron-opada-engleska-se-vraca-na-plan-a-zivot-s-covidom\\\/\"},\"wordCount\":327,\"publisher\":{\"@id\":\"https:\\\/\\\/radioljubuski.ba\\\/#organization\"},\"image\":{\"@id\":\"https:\\\/\\\/radioljubuski.ba\\\/index.php\\\/2022\\\/01\\\/27\\\/dok-omikron-opada-engleska-se-vraca-na-plan-a-zivot-s-covidom\\\/#primaryimage\"},\"thumbnailUrl\":\"https:\\\/\\\/radioljubuski.ba\\\/wp-content\\\/uploads\\\/2022\\\/01\\\/8-2022-01-19-14-38-45-britanija.jpg\",\"articleSection\":[\"BIH i regija\"],\"inLanguage\":\"hr\"},{\"@type\":\"WebPage\",\"@id\":\"https:\\\/\\\/radioljubuski.ba\\\/index.php\\\/2022\\\/01\\\/27\\\/dok-omikron-opada-engleska-se-vraca-na-plan-a-zivot-s-covidom\\\/\",\"url\":\"https:\\\/\\\/radioljubuski.ba\\\/index.php\\\/2022\\\/01\\\/27\\\/dok-omikron-opada-engleska-se-vraca-na-plan-a-zivot-s-covidom\\\/\",\"name\":\"Dok omikron opada, Engleska se vra\u0107a na Plan A: \u017divot s covidom - RADIO LJUBU\u0160KI\",\"isPartOf\":{\"@id\":\"https:\\\/\\\/radioljubuski.ba\\\/#website\"},\"primaryImageOfPage\":{\"@id\":\"https:\\\/\\\/radioljubuski.ba\\\/index.php\\\/2022\\\/01\\\/27\\\/dok-omikron-opada-engleska-se-vraca-na-plan-a-zivot-s-covidom\\\/#primaryimage\"},\"image\":{\"@id\":\"https:\\\/\\\/radioljubuski.ba\\\/index.php\\\/2022\\\/01\\\/27\\\/dok-omikron-opada-engleska-se-vraca-na-plan-a-zivot-s-covidom\\\/#primaryimage\"},\"thumbnailUrl\":\"https:\\\/\\\/radioljubuski.ba\\\/wp-content\\\/uploads\\\/2022\\\/01\\\/8-2022-01-19-14-38-45-britanija.jpg\",\"datePublished\":\"2022-01-27T10:53:10+00:00\",\"dateModified\":\"2022-01-27T10:53:11+00:00\",\"breadcrumb\":{\"@id\":\"https:\\\/\\\/radioljubuski.ba\\\/index.php\\\/2022\\\/01\\\/27\\\/dok-omikron-opada-engleska-se-vraca-na-plan-a-zivot-s-covidom\\\/#breadcrumb\"},\"inLanguage\":\"hr\",\"potentialAction\":[{\"@type\":\"ReadAction\",\"target\":[\"https:\\\/\\\/radioljubuski.ba\\\/index.php\\\/2022\\\/01\\\/27\\\/dok-omikron-opada-engleska-se-vraca-na-plan-a-zivot-s-covidom\\\/\"]}]},{\"@type\":\"ImageObject\",\"inLanguage\":\"hr\",\"@id\":\"https:\\\/\\\/radioljubuski.ba\\\/index.php\\\/2022\\\/01\\\/27\\\/dok-omikron-opada-engleska-se-vraca-na-plan-a-zivot-s-covidom\\\/#primaryimage\",\"url\":\"https:\\\/\\\/radioljubuski.ba\\\/wp-content\\\/uploads\\\/2022\\\/01\\\/8-2022-01-19-14-38-45-britanija.jpg\",\"contentUrl\":\"https:\\\/\\\/radioljubuski.ba\\\/wp-content\\\/uploads\\\/2022\\\/01\\\/8-2022-01-19-14-38-45-britanija.jpg\",\"width\":1000,\"height\":625},{\"@type\":\"BreadcrumbList\",\"@id\":\"https:\\\/\\\/radioljubuski.ba\\\/index.php\\\/2022\\\/01\\\/27\\\/dok-omikron-opada-engleska-se-vraca-na-plan-a-zivot-s-covidom\\\/#breadcrumb\",\"itemListElement\":[{\"@type\":\"ListItem\",\"position\":1,\"name\":\"Po\u010detna stranica\",\"item\":\"https:\\\/\\\/radioljubuski.ba\\\/\"},{\"@type\":\"ListItem\",\"position\":2,\"name\":\"Dok omikron opada, Engleska se vra\u0107a na Plan A: \u017divot s covidom\"}]},{\"@type\":\"WebSite\",\"@id\":\"https:\\\/\\\/radioljubuski.ba\\\/#website\",\"url\":\"https:\\\/\\\/radioljubuski.ba\\\/\",\"name\":\"Radio Ljubu\u0161ki\",\"description\":\"Sun\u010dana frekvencija Hercegovine\",\"publisher\":{\"@id\":\"https:\\\/\\\/radioljubuski.ba\\\/#organization\"},\"potentialAction\":[{\"@type\":\"SearchAction\",\"target\":{\"@type\":\"EntryPoint\",\"urlTemplate\":\"https:\\\/\\\/radioljubuski.ba\\\/?s={search_term_string}\"},\"query-input\":{\"@type\":\"PropertyValueSpecification\",\"valueRequired\":true,\"valueName\":\"search_term_string\"}}],\"inLanguage\":\"hr\"},{\"@type\":\"Organization\",\"@id\":\"https:\\\/\\\/radioljubuski.ba\\\/#organization\",\"name\":\"Radio Ljubu\u0161ki\",\"url\":\"https:\\\/\\\/radioljubuski.ba\\\/\",\"logo\":{\"@type\":\"ImageObject\",\"inLanguage\":\"hr\",\"@id\":\"https:\\\/\\\/radioljubuski.ba\\\/#\\\/schema\\\/logo\\\/image\\\/\",\"url\":\"https:\\\/\\\/radioljubuski.ba\\\/wp-content\\\/uploads\\\/2021\\\/02\\\/cropped-Radio_Ljubuski_logo1.jpg\",\"contentUrl\":\"https:\\\/\\\/radioljubuski.ba\\\/wp-content\\\/uploads\\\/2021\\\/02\\\/cropped-Radio_Ljubuski_logo1.jpg\",\"width\":512,\"height\":512,\"caption\":\"Radio Ljubu\u0161ki\"},\"image\":{\"@id\":\"https:\\\/\\\/radioljubuski.ba\\\/#\\\/schema\\\/logo\\\/image\\\/\"},\"sameAs\":[\"https:\\\/\\\/www.facebook.com\\\/Radiio-Ljubuski-1490835324566332\",\"https:\\\/\\\/x.com\\\/radioljubuski\",\"https:\\\/\\\/hr.linkedin.com\\\/company\\\/radio-ljubuski\",\"https:\\\/\\\/www.youtube.com\\\/channel\\\/UCHYaeO_n0Db3tjNGudGpXyw\"]},{\"@type\":\"Person\",\"@id\":\"https:\\\/\\\/radioljubuski.ba\\\/#\\\/schema\\\/person\\\/19fc700381a780f69665d7956c469e3b\",\"name\":\"Radio Ljubu\u0161ki\"}]}<\/script>\n<!-- \/ Yoast SEO plugin. -->","yoast_head_json":{"title":"Dok omikron opada, Engleska se vra\u0107a na Plan A: \u017divot s covidom - RADIO LJUBU\u0160KI","robots":{"index":"index","follow":"follow","max-snippet":"max-snippet:-1","max-image-preview":"max-image-preview:large","max-video-preview":"max-video-preview:-1"},"canonical":"https:\/\/radioljubuski.ba\/index.php\/2022\/01\/27\/dok-omikron-opada-engleska-se-vraca-na-plan-a-zivot-s-covidom\/","og_locale":"hr_HR","og_type":"article","og_title":"Dok omikron opada, Engleska se vra\u0107a na Plan A: \u017divot s covidom - RADIO LJUBU\u0160KI","og_description":"Nakon neugodnog, ali prili\u010dno kratkog povratka mjerama borbe protiv koronavirusa potaknutim varijantom omikron, Engleska se vra\u0107a &#8220;Planu A&#8221; &#8211; u\u010denju kako \u017eivjeti sa zarazom koja \u0107e vjerojatno ostati. Vjeruje se da \u0107e booster doze, antivirusne pilule i lak\u0161e posljedice omikrona omogu\u0107iti vladi da se nosi s virusom koji se najvjerojatnije ne\u0107e mo\u0107i iskorijeniti. Druge zemlje [&hellip;]","og_url":"https:\/\/radioljubuski.ba\/index.php\/2022\/01\/27\/dok-omikron-opada-engleska-se-vraca-na-plan-a-zivot-s-covidom\/","og_site_name":"RADIO LJUBU\u0160KI","article_publisher":"https:\/\/www.facebook.com\/Radiio-Ljubuski-1490835324566332","article_published_time":"2022-01-27T10:53:10+00:00","article_modified_time":"2022-01-27T10:53:11+00:00","og_image":[{"width":1000,"height":625,"url":"https:\/\/radioljubuski.ba\/wp-content\/uploads\/2022\/01\/8-2022-01-19-14-38-45-britanija.jpg","type":"image\/jpeg"}],"author":"Radio Ljubu\u0161ki","twitter_card":"summary_large_image","twitter_creator":"@radioljubuski","twitter_site":"@radioljubuski","twitter_misc":{"Napisao\/la":"Radio Ljubu\u0161ki","Procijenjeno vrijeme \u010ditanja":"2 minute"},"schema":{"@context":"https:\/\/schema.org","@graph":[{"@type":"Article","@id":"https:\/\/radioljubuski.ba\/index.php\/2022\/01\/27\/dok-omikron-opada-engleska-se-vraca-na-plan-a-zivot-s-covidom\/#article","isPartOf":{"@id":"https:\/\/radioljubuski.ba\/index.php\/2022\/01\/27\/dok-omikron-opada-engleska-se-vraca-na-plan-a-zivot-s-covidom\/"},"author":{"name":"Radio Ljubu\u0161ki","@id":"https:\/\/radioljubuski.ba\/#\/schema\/person\/19fc700381a780f69665d7956c469e3b"},"headline":"Dok omikron opada, Engleska se vra\u0107a na Plan A: \u017divot s covidom","datePublished":"2022-01-27T10:53:10+00:00","dateModified":"2022-01-27T10:53:11+00:00","mainEntityOfPage":{"@id":"https:\/\/radioljubuski.ba\/index.php\/2022\/01\/27\/dok-omikron-opada-engleska-se-vraca-na-plan-a-zivot-s-covidom\/"},"wordCount":327,"publisher":{"@id":"https:\/\/radioljubuski.ba\/#organization"},"image":{"@id":"https:\/\/radioljubuski.ba\/index.php\/2022\/01\/27\/dok-omikron-opada-engleska-se-vraca-na-plan-a-zivot-s-covidom\/#primaryimage"},"thumbnailUrl":"https:\/\/radioljubuski.ba\/wp-content\/uploads\/2022\/01\/8-2022-01-19-14-38-45-britanija.jpg","articleSection":["BIH i regija"],"inLanguage":"hr"},{"@type":"WebPage","@id":"https:\/\/radioljubuski.ba\/index.php\/2022\/01\/27\/dok-omikron-opada-engleska-se-vraca-na-plan-a-zivot-s-covidom\/","url":"https:\/\/radioljubuski.ba\/index.php\/2022\/01\/27\/dok-omikron-opada-engleska-se-vraca-na-plan-a-zivot-s-covidom\/","name":"Dok omikron opada, Engleska se vra\u0107a na Plan A: \u017divot s covidom - RADIO LJUBU\u0160KI","isPartOf":{"@id":"https:\/\/radioljubuski.ba\/#website"},"primaryImageOfPage":{"@id":"https:\/\/radioljubuski.ba\/index.php\/2022\/01\/27\/dok-omikron-opada-engleska-se-vraca-na-plan-a-zivot-s-covidom\/#primaryimage"},"image":{"@id":"https:\/\/radioljubuski.ba\/index.php\/2022\/01\/27\/dok-omikron-opada-engleska-se-vraca-na-plan-a-zivot-s-covidom\/#primaryimage"},"thumbnailUrl":"https:\/\/radioljubuski.ba\/wp-content\/uploads\/2022\/01\/8-2022-01-19-14-38-45-britanija.jpg","datePublished":"2022-01-27T10:53:10+00:00","dateModified":"2022-01-27T10:53:11+00:00","breadcrumb":{"@id":"https:\/\/radioljubuski.ba\/index.php\/2022\/01\/27\/dok-omikron-opada-engleska-se-vraca-na-plan-a-zivot-s-covidom\/#breadcrumb"},"inLanguage":"hr","potentialAction":[{"@type":"ReadAction","target":["https:\/\/radioljubuski.ba\/index.php\/2022\/01\/27\/dok-omikron-opada-engleska-se-vraca-na-plan-a-zivot-s-covidom\/"]}]},{"@type":"ImageObject","inLanguage":"hr","@id":"https:\/\/radioljubuski.ba\/index.php\/2022\/01\/27\/dok-omikron-opada-engleska-se-vraca-na-plan-a-zivot-s-covidom\/#primaryimage","url":"https:\/\/radioljubuski.ba\/wp-content\/uploads\/2022\/01\/8-2022-01-19-14-38-45-britanija.jpg","contentUrl":"https:\/\/radioljubuski.ba\/wp-content\/uploads\/2022\/01\/8-2022-01-19-14-38-45-britanija.jpg","width":1000,"height":625},{"@type":"BreadcrumbList","@id":"https:\/\/radioljubuski.ba\/index.php\/2022\/01\/27\/dok-omikron-opada-engleska-se-vraca-na-plan-a-zivot-s-covidom\/#breadcrumb","itemListElement":[{"@type":"ListItem","position":1,"name":"Po\u010detna stranica","item":"https:\/\/radioljubuski.ba\/"},{"@type":"ListItem","position":2,"name":"Dok omikron opada, Engleska se vra\u0107a na Plan A: \u017divot s covidom"}]},{"@type":"WebSite","@id":"https:\/\/radioljubuski.ba\/#website","url":"https:\/\/radioljubuski.ba\/","name":"Radio Ljubu\u0161ki","description":"Sun\u010dana frekvencija Hercegovine","publisher":{"@id":"https:\/\/radioljubuski.ba\/#organization"},"potentialAction":[{"@type":"SearchAction","target":{"@type":"EntryPoint","urlTemplate":"https:\/\/radioljubuski.ba\/?s={search_term_string}"},"query-input":{"@type":"PropertyValueSpecification","valueRequired":true,"valueName":"search_term_string"}}],"inLanguage":"hr"},{"@type":"Organization","@id":"https:\/\/radioljubuski.ba\/#organization","name":"Radio Ljubu\u0161ki","url":"https:\/\/radioljubuski.ba\/","logo":{"@type":"ImageObject","inLanguage":"hr","@id":"https:\/\/radioljubuski.ba\/#\/schema\/logo\/image\/","url":"https:\/\/radioljubuski.ba\/wp-content\/uploads\/2021\/02\/cropped-Radio_Ljubuski_logo1.jpg","contentUrl":"https:\/\/radioljubuski.ba\/wp-content\/uploads\/2021\/02\/cropped-Radio_Ljubuski_logo1.jpg","width":512,"height":512,"caption":"Radio Ljubu\u0161ki"},"image":{"@id":"https:\/\/radioljubuski.ba\/#\/schema\/logo\/image\/"},"sameAs":["https:\/\/www.facebook.com\/Radiio-Ljubuski-1490835324566332","https:\/\/x.com\/radioljubuski","https:\/\/hr.linkedin.com\/company\/radio-ljubuski","https:\/\/www.youtube.com\/channel\/UCHYaeO_n0Db3tjNGudGpXyw"]},{"@type":"Person","@id":"https:\/\/radioljubuski.ba\/#\/schema\/person\/19fc700381a780f69665d7956c469e3b","name":"Radio Ljubu\u0161ki"}]}},"_links":{"self":[{"href":"https:\/\/radioljubuski.ba\/index.php\/wp-json\/wp\/v2\/posts\/109616","targetHints":{"allow":["GET"]}}],"collection":[{"href":"https:\/\/radioljubuski.ba\/index.php\/wp-json\/wp\/v2\/posts"}],"about":[{"href":"https:\/\/radioljubuski.ba\/index.php\/wp-json\/wp\/v2\/types\/post"}],"author":[{"embeddable":true,"href":"https:\/\/radioljubuski.ba\/index.php\/wp-json\/wp\/v2\/users\/2"}],"replies":[{"embeddable":true,"href":"https:\/\/radioljubuski.ba\/index.php\/wp-json\/wp\/v2\/comments?post=109616"}],"version-history":[{"count":1,"href":"https:\/\/radioljubuski.ba\/index.php\/wp-json\/wp\/v2\/posts\/109616\/revisions"}],"predecessor-version":[{"id":109617,"href":"https:\/\/radioljubuski.ba\/index.php\/wp-json\/wp\/v2\/posts\/109616\/revisions\/109617"}],"wp:featuredmedia":[{"embeddable":true,"href":"https:\/\/radioljubuski.ba\/index.php\/wp-json\/wp\/v2\/media\/108380"}],"wp:attachment":[{"href":"https:\/\/radioljubuski.ba\/index.php\/wp-json\/wp\/v2\/media?parent=109616"}],"wp:term":[{"taxonomy":"category","embeddable":true,"href":"https:\/\/radioljubuski.ba\/index.php\/wp-json\/wp\/v2\/categories?post=109616"},{"taxonomy":"post_tag","embeddable":true,"href":"https:\/\/radioljubuski.ba\/index.php\/wp-json\/wp\/v2\/tags?post=109616"}],"curies":[{"name":"wp","href":"https:\/\/api.w.org\/{rel}","templated":true}]}}