{"id":109797,"date":"2022-01-28T09:56:03","date_gmt":"2022-01-28T08:56:03","guid":{"rendered":"https:\/\/radioljubuski.ba\/?p=109797"},"modified":"2022-01-28T09:56:04","modified_gmt":"2022-01-28T08:56:04","slug":"na-putu-u-beograd-matej-upoznao-djevojku-iz-hercegovine-bili-su-u-kontaktu-dok-nije-nestao","status":"publish","type":"post","link":"https:\/\/radioljubuski.ba\/index.php\/2022\/01\/28\/na-putu-u-beograd-matej-upoznao-djevojku-iz-hercegovine-bili-su-u-kontaktu-dok-nije-nestao\/","title":{"rendered":"&#8216;Na putu u Beograd Matej upoznao djevojku iz Hercegovine, bili su u kontaktu dok nije nestao&#8217;"},"content":{"rendered":"\n<p>U srpskim medijima pojavila se informacija da je Matej Peri\u0161 na putu iz Splita prema Beogradu, dan prije nego je nestao, na jednoj benzinskoj postaji upoznao djevojku iz Hercegovine, s kojom je razmijenio brojeve telefona.<\/p>\n\n\n\n<p>Navodi se i da je ostao s njom u kontaktu dok nije nestao.<\/p>\n\n\n\n<p>&#8211; Matej i njegovi prijatelji iz Splita su krenuli za Beograd preko Zagreba. Autom su stigli u Zagreb gdje su u jednoj agenciji iznajmili kombi i krenuli prema Srbiji &#8211; ka\u017ee izvor Kurira i dodaje:<\/p>\n\n\n\n<p>&#8220;Navodno su stali na jednoj pumpi kako bi nato\u010dili gorivo i tamo su sreli neke djevojke iz Hercegovine. Matej je razgovarao s jednom od njih, pa su i razmijenili brojeve i nastavili se dopisivati cijeli taj dan. Me\u0111utim, komunikacija je prestala u ve\u010dernjim satima, kada je Peri\u0161 iza\u0161ao u grad i ostao bez interneta&#8221;, tvrdi izvor&nbsp;<a href=\"https:\/\/www.kurir.rs\/crna-hronika\/3859209\/matej-na-putu-za-beograd-upoznao-hercegovku\" target=\"_blank\" rel=\"noreferrer noopener\">Kurira<\/a>.<\/p>\n\n\n\n<p>Ka\u017ee kako se ne zna sadr\u017eaj njihove navodne komunikacije, jesu li se ne\u0161to dogovarali i sli\u010dno, no Kurir tvrdi da je djevojku jako uznemirio Matejev nestanak.<\/p>\n\n\n\n<p>&#8211; Kada je djevojka \u010dula \u0161to se dogodilo, da je Matej nestao i da ga tra\u017ei cijela regija, jako se uznemirila. Potresla ju je ta vijest iako su se tek bili upoznali &#8211; dodaje izvor.<\/p>\n\n\n\n<p>Kurir tvrdi kako je jedan prijatelj Mateja Peri\u0161a, koji je htio ostati anoniman, potvrdio da je Matej na putu za Beograd upoznao djevojku.<\/p>\n\n\n\n<p>&#8211; Njegovi prijatelji koji su se nakon nestanka vratili u Split pri\u010dali su o tome. Djevojka je navodno bila s prijateljicama u nekom malom automobilu &#8211; rekao je prijatelj nestalog Mateja.<\/p>\n\n\n\n<p><strong>Izvor: Grude.com<\/strong><\/p>\n","protected":false},"excerpt":{"rendered":"<p>U srpskim medijima pojavila se informacija da je Matej Peri\u0161 na putu iz Splita prema Beogradu, dan prije nego je nestao, na jednoj benzinskoj postaji upoznao djevojku iz Hercegovine, s kojom je razmijenio brojeve telefona. Navodi se i da je ostao s njom u kontaktu dok nije nestao. &#8211; Matej i njegovi prijatelji iz Splita [&hellip;]<\/p>\n","protected":false},"author":2,"featured_media":106240,"comment_status":"closed","ping_status":"closed","sticky":false,"template":"","format":"standard","meta":{"h5ap_radio_sources":[],"footnotes":""},"categories":[1],"tags":[],"class_list":["post-109797","post","type-post","status-publish","format-standard","has-post-thumbnail","hentry","category-bihiregija"],"yoast_head":"<!-- This site is optimized with the Yoast SEO plugin v27.5 - https:\/\/yoast.com\/product\/yoast-seo-wordpress\/ -->\n<title>&#039;Na putu u Beograd Matej upoznao djevojku iz Hercegovine, bili su u kontaktu dok nije nestao&#039; - RADIO LJUBU\u0160KI<\/title>\n<meta name=\"robots\" content=\"index, follow, max-snippet:-1, max-image-preview:large, max-video-preview:-1\" \/>\n<link rel=\"canonical\" href=\"https:\/\/radioljubuski.ba\/index.php\/2022\/01\/28\/na-putu-u-beograd-matej-upoznao-djevojku-iz-hercegovine-bili-su-u-kontaktu-dok-nije-nestao\/\" \/>\n<meta property=\"og:locale\" content=\"hr_HR\" \/>\n<meta property=\"og:type\" content=\"article\" \/>\n<meta property=\"og:title\" content=\"&#039;Na putu u Beograd Matej upoznao djevojku iz Hercegovine, bili su u kontaktu dok nije nestao&#039; - RADIO LJUBU\u0160KI\" \/>\n<meta property=\"og:description\" content=\"U srpskim medijima pojavila se informacija da je Matej Peri\u0161 na putu iz Splita prema Beogradu, dan prije nego je nestao, na jednoj benzinskoj postaji upoznao djevojku iz Hercegovine, s kojom je razmijenio brojeve telefona. Navodi se i da je ostao s njom u kontaktu dok nije nestao. &#8211; Matej i njegovi prijatelji iz Splita [&hellip;]\" \/>\n<meta property=\"og:url\" content=\"https:\/\/radioljubuski.ba\/index.php\/2022\/01\/28\/na-putu-u-beograd-matej-upoznao-djevojku-iz-hercegovine-bili-su-u-kontaktu-dok-nije-nestao\/\" \/>\n<meta property=\"og:site_name\" content=\"RADIO LJUBU\u0160KI\" \/>\n<meta property=\"article:publisher\" content=\"https:\/\/www.facebook.com\/Radiio-Ljubuski-1490835324566332\" \/>\n<meta property=\"article:published_time\" content=\"2022-01-28T08:56:03+00:00\" \/>\n<meta property=\"article:modified_time\" content=\"2022-01-28T08:56:04+00:00\" \/>\n<meta property=\"og:image\" content=\"https:\/\/radioljubuski.ba\/wp-content\/uploads\/2022\/01\/peris-gotik-696x464-1.jpg\" \/>\n\t<meta property=\"og:image:width\" content=\"696\" \/>\n\t<meta property=\"og:image:height\" content=\"464\" \/>\n\t<meta property=\"og:image:type\" content=\"image\/jpeg\" \/>\n<meta name=\"author\" content=\"Radio Ljubu\u0161ki\" \/>\n<meta name=\"twitter:card\" content=\"summary_large_image\" \/>\n<meta name=\"twitter:creator\" content=\"@radioljubuski\" \/>\n<meta name=\"twitter:site\" content=\"@radioljubuski\" \/>\n<meta name=\"twitter:label1\" content=\"Napisao\/la\" \/>\n\t<meta name=\"twitter:data1\" content=\"Radio Ljubu\u0161ki\" \/>\n\t<meta name=\"twitter:label2\" content=\"Procijenjeno vrijeme \u010ditanja\" \/>\n\t<meta name=\"twitter:data2\" content=\"2 minute\" \/>\n<script type=\"application\/ld+json\" class=\"yoast-schema-graph\">{\"@context\":\"https:\\\/\\\/schema.org\",\"@graph\":[{\"@type\":\"Article\",\"@id\":\"https:\\\/\\\/radioljubuski.ba\\\/index.php\\\/2022\\\/01\\\/28\\\/na-putu-u-beograd-matej-upoznao-djevojku-iz-hercegovine-bili-su-u-kontaktu-dok-nije-nestao\\\/#article\",\"isPartOf\":{\"@id\":\"https:\\\/\\\/radioljubuski.ba\\\/index.php\\\/2022\\\/01\\\/28\\\/na-putu-u-beograd-matej-upoznao-djevojku-iz-hercegovine-bili-su-u-kontaktu-dok-nije-nestao\\\/\"},\"author\":{\"name\":\"Radio Ljubu\u0161ki\",\"@id\":\"https:\\\/\\\/radioljubuski.ba\\\/#\\\/schema\\\/person\\\/19fc700381a780f69665d7956c469e3b\"},\"headline\":\"&#8216;Na putu u Beograd Matej upoznao djevojku iz Hercegovine, bili su u kontaktu dok nije nestao&#8217;\",\"datePublished\":\"2022-01-28T08:56:03+00:00\",\"dateModified\":\"2022-01-28T08:56:04+00:00\",\"mainEntityOfPage\":{\"@id\":\"https:\\\/\\\/radioljubuski.ba\\\/index.php\\\/2022\\\/01\\\/28\\\/na-putu-u-beograd-matej-upoznao-djevojku-iz-hercegovine-bili-su-u-kontaktu-dok-nije-nestao\\\/\"},\"wordCount\":287,\"publisher\":{\"@id\":\"https:\\\/\\\/radioljubuski.ba\\\/#organization\"},\"image\":{\"@id\":\"https:\\\/\\\/radioljubuski.ba\\\/index.php\\\/2022\\\/01\\\/28\\\/na-putu-u-beograd-matej-upoznao-djevojku-iz-hercegovine-bili-su-u-kontaktu-dok-nije-nestao\\\/#primaryimage\"},\"thumbnailUrl\":\"https:\\\/\\\/radioljubuski.ba\\\/wp-content\\\/uploads\\\/2022\\\/01\\\/peris-gotik-696x464-1.jpg\",\"articleSection\":[\"BIH i regija\"],\"inLanguage\":\"hr\"},{\"@type\":\"WebPage\",\"@id\":\"https:\\\/\\\/radioljubuski.ba\\\/index.php\\\/2022\\\/01\\\/28\\\/na-putu-u-beograd-matej-upoznao-djevojku-iz-hercegovine-bili-su-u-kontaktu-dok-nije-nestao\\\/\",\"url\":\"https:\\\/\\\/radioljubuski.ba\\\/index.php\\\/2022\\\/01\\\/28\\\/na-putu-u-beograd-matej-upoznao-djevojku-iz-hercegovine-bili-su-u-kontaktu-dok-nije-nestao\\\/\",\"name\":\"'Na putu u Beograd Matej upoznao djevojku iz Hercegovine, bili su u kontaktu dok nije nestao' - RADIO LJUBU\u0160KI\",\"isPartOf\":{\"@id\":\"https:\\\/\\\/radioljubuski.ba\\\/#website\"},\"primaryImageOfPage\":{\"@id\":\"https:\\\/\\\/radioljubuski.ba\\\/index.php\\\/2022\\\/01\\\/28\\\/na-putu-u-beograd-matej-upoznao-djevojku-iz-hercegovine-bili-su-u-kontaktu-dok-nije-nestao\\\/#primaryimage\"},\"image\":{\"@id\":\"https:\\\/\\\/radioljubuski.ba\\\/index.php\\\/2022\\\/01\\\/28\\\/na-putu-u-beograd-matej-upoznao-djevojku-iz-hercegovine-bili-su-u-kontaktu-dok-nije-nestao\\\/#primaryimage\"},\"thumbnailUrl\":\"https:\\\/\\\/radioljubuski.ba\\\/wp-content\\\/uploads\\\/2022\\\/01\\\/peris-gotik-696x464-1.jpg\",\"datePublished\":\"2022-01-28T08:56:03+00:00\",\"dateModified\":\"2022-01-28T08:56:04+00:00\",\"breadcrumb\":{\"@id\":\"https:\\\/\\\/radioljubuski.ba\\\/index.php\\\/2022\\\/01\\\/28\\\/na-putu-u-beograd-matej-upoznao-djevojku-iz-hercegovine-bili-su-u-kontaktu-dok-nije-nestao\\\/#breadcrumb\"},\"inLanguage\":\"hr\",\"potentialAction\":[{\"@type\":\"ReadAction\",\"target\":[\"https:\\\/\\\/radioljubuski.ba\\\/index.php\\\/2022\\\/01\\\/28\\\/na-putu-u-beograd-matej-upoznao-djevojku-iz-hercegovine-bili-su-u-kontaktu-dok-nije-nestao\\\/\"]}]},{\"@type\":\"ImageObject\",\"inLanguage\":\"hr\",\"@id\":\"https:\\\/\\\/radioljubuski.ba\\\/index.php\\\/2022\\\/01\\\/28\\\/na-putu-u-beograd-matej-upoznao-djevojku-iz-hercegovine-bili-su-u-kontaktu-dok-nije-nestao\\\/#primaryimage\",\"url\":\"https:\\\/\\\/radioljubuski.ba\\\/wp-content\\\/uploads\\\/2022\\\/01\\\/peris-gotik-696x464-1.jpg\",\"contentUrl\":\"https:\\\/\\\/radioljubuski.ba\\\/wp-content\\\/uploads\\\/2022\\\/01\\\/peris-gotik-696x464-1.jpg\",\"width\":696,\"height\":464},{\"@type\":\"BreadcrumbList\",\"@id\":\"https:\\\/\\\/radioljubuski.ba\\\/index.php\\\/2022\\\/01\\\/28\\\/na-putu-u-beograd-matej-upoznao-djevojku-iz-hercegovine-bili-su-u-kontaktu-dok-nije-nestao\\\/#breadcrumb\",\"itemListElement\":[{\"@type\":\"ListItem\",\"position\":1,\"name\":\"Po\u010detna stranica\",\"item\":\"https:\\\/\\\/radioljubuski.ba\\\/\"},{\"@type\":\"ListItem\",\"position\":2,\"name\":\"&#8216;Na putu u Beograd Matej upoznao djevojku iz Hercegovine, bili su u kontaktu dok nije nestao&#8217;\"}]},{\"@type\":\"WebSite\",\"@id\":\"https:\\\/\\\/radioljubuski.ba\\\/#website\",\"url\":\"https:\\\/\\\/radioljubuski.ba\\\/\",\"name\":\"Radio Ljubu\u0161ki\",\"description\":\"Sun\u010dana frekvencija Hercegovine\",\"publisher\":{\"@id\":\"https:\\\/\\\/radioljubuski.ba\\\/#organization\"},\"potentialAction\":[{\"@type\":\"SearchAction\",\"target\":{\"@type\":\"EntryPoint\",\"urlTemplate\":\"https:\\\/\\\/radioljubuski.ba\\\/?s={search_term_string}\"},\"query-input\":{\"@type\":\"PropertyValueSpecification\",\"valueRequired\":true,\"valueName\":\"search_term_string\"}}],\"inLanguage\":\"hr\"},{\"@type\":\"Organization\",\"@id\":\"https:\\\/\\\/radioljubuski.ba\\\/#organization\",\"name\":\"Radio Ljubu\u0161ki\",\"url\":\"https:\\\/\\\/radioljubuski.ba\\\/\",\"logo\":{\"@type\":\"ImageObject\",\"inLanguage\":\"hr\",\"@id\":\"https:\\\/\\\/radioljubuski.ba\\\/#\\\/schema\\\/logo\\\/image\\\/\",\"url\":\"https:\\\/\\\/radioljubuski.ba\\\/wp-content\\\/uploads\\\/2021\\\/02\\\/cropped-Radio_Ljubuski_logo1.jpg\",\"contentUrl\":\"https:\\\/\\\/radioljubuski.ba\\\/wp-content\\\/uploads\\\/2021\\\/02\\\/cropped-Radio_Ljubuski_logo1.jpg\",\"width\":512,\"height\":512,\"caption\":\"Radio Ljubu\u0161ki\"},\"image\":{\"@id\":\"https:\\\/\\\/radioljubuski.ba\\\/#\\\/schema\\\/logo\\\/image\\\/\"},\"sameAs\":[\"https:\\\/\\\/www.facebook.com\\\/Radiio-Ljubuski-1490835324566332\",\"https:\\\/\\\/x.com\\\/radioljubuski\",\"https:\\\/\\\/hr.linkedin.com\\\/company\\\/radio-ljubuski\",\"https:\\\/\\\/www.youtube.com\\\/channel\\\/UCHYaeO_n0Db3tjNGudGpXyw\"]},{\"@type\":\"Person\",\"@id\":\"https:\\\/\\\/radioljubuski.ba\\\/#\\\/schema\\\/person\\\/19fc700381a780f69665d7956c469e3b\",\"name\":\"Radio Ljubu\u0161ki\"}]}<\/script>\n<!-- \/ Yoast SEO plugin. -->","yoast_head_json":{"title":"'Na putu u Beograd Matej upoznao djevojku iz Hercegovine, bili su u kontaktu dok nije nestao' - RADIO LJUBU\u0160KI","robots":{"index":"index","follow":"follow","max-snippet":"max-snippet:-1","max-image-preview":"max-image-preview:large","max-video-preview":"max-video-preview:-1"},"canonical":"https:\/\/radioljubuski.ba\/index.php\/2022\/01\/28\/na-putu-u-beograd-matej-upoznao-djevojku-iz-hercegovine-bili-su-u-kontaktu-dok-nije-nestao\/","og_locale":"hr_HR","og_type":"article","og_title":"'Na putu u Beograd Matej upoznao djevojku iz Hercegovine, bili su u kontaktu dok nije nestao' - RADIO LJUBU\u0160KI","og_description":"U srpskim medijima pojavila se informacija da je Matej Peri\u0161 na putu iz Splita prema Beogradu, dan prije nego je nestao, na jednoj benzinskoj postaji upoznao djevojku iz Hercegovine, s kojom je razmijenio brojeve telefona. Navodi se i da je ostao s njom u kontaktu dok nije nestao. &#8211; Matej i njegovi prijatelji iz Splita [&hellip;]","og_url":"https:\/\/radioljubuski.ba\/index.php\/2022\/01\/28\/na-putu-u-beograd-matej-upoznao-djevojku-iz-hercegovine-bili-su-u-kontaktu-dok-nije-nestao\/","og_site_name":"RADIO LJUBU\u0160KI","article_publisher":"https:\/\/www.facebook.com\/Radiio-Ljubuski-1490835324566332","article_published_time":"2022-01-28T08:56:03+00:00","article_modified_time":"2022-01-28T08:56:04+00:00","og_image":[{"width":696,"height":464,"url":"https:\/\/radioljubuski.ba\/wp-content\/uploads\/2022\/01\/peris-gotik-696x464-1.jpg","type":"image\/jpeg"}],"author":"Radio Ljubu\u0161ki","twitter_card":"summary_large_image","twitter_creator":"@radioljubuski","twitter_site":"@radioljubuski","twitter_misc":{"Napisao\/la":"Radio Ljubu\u0161ki","Procijenjeno vrijeme \u010ditanja":"2 minute"},"schema":{"@context":"https:\/\/schema.org","@graph":[{"@type":"Article","@id":"https:\/\/radioljubuski.ba\/index.php\/2022\/01\/28\/na-putu-u-beograd-matej-upoznao-djevojku-iz-hercegovine-bili-su-u-kontaktu-dok-nije-nestao\/#article","isPartOf":{"@id":"https:\/\/radioljubuski.ba\/index.php\/2022\/01\/28\/na-putu-u-beograd-matej-upoznao-djevojku-iz-hercegovine-bili-su-u-kontaktu-dok-nije-nestao\/"},"author":{"name":"Radio Ljubu\u0161ki","@id":"https:\/\/radioljubuski.ba\/#\/schema\/person\/19fc700381a780f69665d7956c469e3b"},"headline":"&#8216;Na putu u Beograd Matej upoznao djevojku iz Hercegovine, bili su u kontaktu dok nije nestao&#8217;","datePublished":"2022-01-28T08:56:03+00:00","dateModified":"2022-01-28T08:56:04+00:00","mainEntityOfPage":{"@id":"https:\/\/radioljubuski.ba\/index.php\/2022\/01\/28\/na-putu-u-beograd-matej-upoznao-djevojku-iz-hercegovine-bili-su-u-kontaktu-dok-nije-nestao\/"},"wordCount":287,"publisher":{"@id":"https:\/\/radioljubuski.ba\/#organization"},"image":{"@id":"https:\/\/radioljubuski.ba\/index.php\/2022\/01\/28\/na-putu-u-beograd-matej-upoznao-djevojku-iz-hercegovine-bili-su-u-kontaktu-dok-nije-nestao\/#primaryimage"},"thumbnailUrl":"https:\/\/radioljubuski.ba\/wp-content\/uploads\/2022\/01\/peris-gotik-696x464-1.jpg","articleSection":["BIH i regija"],"inLanguage":"hr"},{"@type":"WebPage","@id":"https:\/\/radioljubuski.ba\/index.php\/2022\/01\/28\/na-putu-u-beograd-matej-upoznao-djevojku-iz-hercegovine-bili-su-u-kontaktu-dok-nije-nestao\/","url":"https:\/\/radioljubuski.ba\/index.php\/2022\/01\/28\/na-putu-u-beograd-matej-upoznao-djevojku-iz-hercegovine-bili-su-u-kontaktu-dok-nije-nestao\/","name":"'Na putu u Beograd Matej upoznao djevojku iz Hercegovine, bili su u kontaktu dok nije nestao' - RADIO LJUBU\u0160KI","isPartOf":{"@id":"https:\/\/radioljubuski.ba\/#website"},"primaryImageOfPage":{"@id":"https:\/\/radioljubuski.ba\/index.php\/2022\/01\/28\/na-putu-u-beograd-matej-upoznao-djevojku-iz-hercegovine-bili-su-u-kontaktu-dok-nije-nestao\/#primaryimage"},"image":{"@id":"https:\/\/radioljubuski.ba\/index.php\/2022\/01\/28\/na-putu-u-beograd-matej-upoznao-djevojku-iz-hercegovine-bili-su-u-kontaktu-dok-nije-nestao\/#primaryimage"},"thumbnailUrl":"https:\/\/radioljubuski.ba\/wp-content\/uploads\/2022\/01\/peris-gotik-696x464-1.jpg","datePublished":"2022-01-28T08:56:03+00:00","dateModified":"2022-01-28T08:56:04+00:00","breadcrumb":{"@id":"https:\/\/radioljubuski.ba\/index.php\/2022\/01\/28\/na-putu-u-beograd-matej-upoznao-djevojku-iz-hercegovine-bili-su-u-kontaktu-dok-nije-nestao\/#breadcrumb"},"inLanguage":"hr","potentialAction":[{"@type":"ReadAction","target":["https:\/\/radioljubuski.ba\/index.php\/2022\/01\/28\/na-putu-u-beograd-matej-upoznao-djevojku-iz-hercegovine-bili-su-u-kontaktu-dok-nije-nestao\/"]}]},{"@type":"ImageObject","inLanguage":"hr","@id":"https:\/\/radioljubuski.ba\/index.php\/2022\/01\/28\/na-putu-u-beograd-matej-upoznao-djevojku-iz-hercegovine-bili-su-u-kontaktu-dok-nije-nestao\/#primaryimage","url":"https:\/\/radioljubuski.ba\/wp-content\/uploads\/2022\/01\/peris-gotik-696x464-1.jpg","contentUrl":"https:\/\/radioljubuski.ba\/wp-content\/uploads\/2022\/01\/peris-gotik-696x464-1.jpg","width":696,"height":464},{"@type":"BreadcrumbList","@id":"https:\/\/radioljubuski.ba\/index.php\/2022\/01\/28\/na-putu-u-beograd-matej-upoznao-djevojku-iz-hercegovine-bili-su-u-kontaktu-dok-nije-nestao\/#breadcrumb","itemListElement":[{"@type":"ListItem","position":1,"name":"Po\u010detna stranica","item":"https:\/\/radioljubuski.ba\/"},{"@type":"ListItem","position":2,"name":"&#8216;Na putu u Beograd Matej upoznao djevojku iz Hercegovine, bili su u kontaktu dok nije nestao&#8217;"}]},{"@type":"WebSite","@id":"https:\/\/radioljubuski.ba\/#website","url":"https:\/\/radioljubuski.ba\/","name":"Radio Ljubu\u0161ki","description":"Sun\u010dana frekvencija Hercegovine","publisher":{"@id":"https:\/\/radioljubuski.ba\/#organization"},"potentialAction":[{"@type":"SearchAction","target":{"@type":"EntryPoint","urlTemplate":"https:\/\/radioljubuski.ba\/?s={search_term_string}"},"query-input":{"@type":"PropertyValueSpecification","valueRequired":true,"valueName":"search_term_string"}}],"inLanguage":"hr"},{"@type":"Organization","@id":"https:\/\/radioljubuski.ba\/#organization","name":"Radio Ljubu\u0161ki","url":"https:\/\/radioljubuski.ba\/","logo":{"@type":"ImageObject","inLanguage":"hr","@id":"https:\/\/radioljubuski.ba\/#\/schema\/logo\/image\/","url":"https:\/\/radioljubuski.ba\/wp-content\/uploads\/2021\/02\/cropped-Radio_Ljubuski_logo1.jpg","contentUrl":"https:\/\/radioljubuski.ba\/wp-content\/uploads\/2021\/02\/cropped-Radio_Ljubuski_logo1.jpg","width":512,"height":512,"caption":"Radio Ljubu\u0161ki"},"image":{"@id":"https:\/\/radioljubuski.ba\/#\/schema\/logo\/image\/"},"sameAs":["https:\/\/www.facebook.com\/Radiio-Ljubuski-1490835324566332","https:\/\/x.com\/radioljubuski","https:\/\/hr.linkedin.com\/company\/radio-ljubuski","https:\/\/www.youtube.com\/channel\/UCHYaeO_n0Db3tjNGudGpXyw"]},{"@type":"Person","@id":"https:\/\/radioljubuski.ba\/#\/schema\/person\/19fc700381a780f69665d7956c469e3b","name":"Radio Ljubu\u0161ki"}]}},"_links":{"self":[{"href":"https:\/\/radioljubuski.ba\/index.php\/wp-json\/wp\/v2\/posts\/109797","targetHints":{"allow":["GET"]}}],"collection":[{"href":"https:\/\/radioljubuski.ba\/index.php\/wp-json\/wp\/v2\/posts"}],"about":[{"href":"https:\/\/radioljubuski.ba\/index.php\/wp-json\/wp\/v2\/types\/post"}],"author":[{"embeddable":true,"href":"https:\/\/radioljubuski.ba\/index.php\/wp-json\/wp\/v2\/users\/2"}],"replies":[{"embeddable":true,"href":"https:\/\/radioljubuski.ba\/index.php\/wp-json\/wp\/v2\/comments?post=109797"}],"version-history":[{"count":1,"href":"https:\/\/radioljubuski.ba\/index.php\/wp-json\/wp\/v2\/posts\/109797\/revisions"}],"predecessor-version":[{"id":109798,"href":"https:\/\/radioljubuski.ba\/index.php\/wp-json\/wp\/v2\/posts\/109797\/revisions\/109798"}],"wp:featuredmedia":[{"embeddable":true,"href":"https:\/\/radioljubuski.ba\/index.php\/wp-json\/wp\/v2\/media\/106240"}],"wp:attachment":[{"href":"https:\/\/radioljubuski.ba\/index.php\/wp-json\/wp\/v2\/media?parent=109797"}],"wp:term":[{"taxonomy":"category","embeddable":true,"href":"https:\/\/radioljubuski.ba\/index.php\/wp-json\/wp\/v2\/categories?post=109797"},{"taxonomy":"post_tag","embeddable":true,"href":"https:\/\/radioljubuski.ba\/index.php\/wp-json\/wp\/v2\/tags?post=109797"}],"curies":[{"name":"wp","href":"https:\/\/api.w.org\/{rel}","templated":true}]}}