{"id":109903,"date":"2022-01-28T15:40:53","date_gmt":"2022-01-28T14:40:53","guid":{"rendered":"https:\/\/radioljubuski.ba\/?p=109903"},"modified":"2022-01-28T15:40:55","modified_gmt":"2022-01-28T14:40:55","slug":"u-bih-se-masovno-gase-tvornice-svi-smo-ostali-bez-posla-a-imamo-obitelji-sto-sad","status":"publish","type":"post","link":"https:\/\/radioljubuski.ba\/index.php\/2022\/01\/28\/u-bih-se-masovno-gase-tvornice-svi-smo-ostali-bez-posla-a-imamo-obitelji-sto-sad\/","title":{"rendered":"U BiH se masovno gase tvornice: \u201cSvi smo ostali bez posla, a imamo obitelji. \u0160to sad?\u201d"},"content":{"rendered":"\n<p>Ga\u0161enje dvije velike tvornice u samo nekoliko mjeseci morala bi biti jasna poruka politi\u010dkim akterima u Bosni i Hercegovini, da, umjesto trenutne retorike, usklade svoje aktivnosti za podr\u0161ku ekonomiji u zemlji, isti\u010de za RSE direktor Unije udru\u017eenja poslodavaca RS-a, Sa\u0161a A\u0107i\u0107.<\/p>\n\n\n\n<p>Hamed, koji \u017eivi u Srebrenici, na istoku Bosne i Hercegovine (BiH), neugodno je bio iznena\u0111en kada mu je prije nekoliko dana na poslu re\u010deno da ponovno mora na biro rada.<\/p>\n\n\n\n<p>Razlog je zatvaranje tvornice za preradu krompira Green Group Bosnia u tom gradi\u0107u, u kojoj je bio zaposlen.<\/p>\n\n\n\n<p>\u201cDo\u0161ao sam na posao i javljeno mi je da ostajemo na poslu jo\u0161 taj dan i da ne radimo vi\u0161e. Ostali su jo\u0161 neki radnici da rade jo\u0161 dva mjeseca kao \u010duvari. Vidjet \u0107u \u0161to \u0107u. Nemam drugog izbora dok ne na\u0111em drugi posao\u201d, ispri\u010dao je Hamed <a href=\"https:\/\/www.slobodnaevropa.org\/a\/bih-ekonomija-firme-investicije\/31672776.html?ltflags=mailer\" target=\"_blank\" rel=\"noreferrer noopener\">Radiju Slobodna Evropa (RSE).<\/a><\/p>\n\n\n\n<p>Osim njega, otkaze je dobila ve\u0107ina od 85 radnika zaposlenih u tvornici. Me\u0111u njima je Adi, koji tako\u0111er \u017eivi u Srebrenici. Za RSE isti\u010de da je zabrinut za sudbinu obitelji onih koji su dobili otkaze.<\/p>\n\n\n\n<p>\u201cNije dobro ovo \u0161to se dogodilo sa na\u0161om tvornicom, svi smo ostali bez posla. Svi smo obitelj maltene i \u0161to sad? Nije to 80 ljudi nego je to dvjesta i ne\u0161to \u010dlanova obitelji i kud, \u0161ta, kako?\u201d, pita Adi.<\/p>\n\n\n\n<p>U upravi Green Group Bosnia isti\u010du da se radi o privremenom zatvaranju tvornice.<\/p>\n\n\n\n<p>Nada Pavlovi\u0107, menad\u017eerica prodaje u tvornici, za RSE navodi da je investitor donio takvu odluku 21. sije\u010dnja, zbog naglog skoka cijena sirovina.<\/p>\n\n\n\n<p>\u201cCijene sirovina oti\u0161le su gore i do dva do tri puta su skuplje. Investitor je i pored toga nastavio da ula\u017ee, tako da smo uvoze\u0107i taj krumpir iz Njema\u010dke pove\u0107ali sve na\u0161e tro\u0161kove, a i svi drugi tro\u0161kovi potrebni za proizvodnju su poskupili\u201d, isti\u010de Pavlovi\u0107.<\/p>\n\n\n\n<p>Dodaje da je pomo\u0107 tra\u017eena i od nadle\u017enih institucija kako bi se smanjili tro\u0161kovi koji bi omogu\u0107ili nastavak proizvodnje, u koju je do sada, ka\u017ee Pavlovi\u0107, jedino ulagao investitor.<\/p>\n\n\n\n<p>\u201cObra\u0107ali smo se, u prvom redu, ministarstvima nadle\u017enim za odobrenje kvota, kako bi nam dali odobrenje kako bismo uvozili krumpir po nekim smanjenim cijenama. To bi nama omogu\u0107ilo dalju operaciju. Me\u0111utim, mi smo do sada tri puta bili odbijeni za te kvote, tako da su svi tro\u0161kovi i dalje bili visoki za nas\u201d, navela je Pavlovi\u0107.<\/p>\n\n\n\n<p>Problem je, navodi ona, u tome \u0161to se za preradu koristi industrijska sorta krumpira fontana koja se ne proizvodi u BiH.<\/p>\n\n\n\n<p>Tvornica je ulo\u017eila i u samostalnu proizvodnju, ali su klimatske nepogode uticale na propast uzgoja, te se pored toga morao pla\u0107ati i uvoz skupog krumpira iz Njema\u010dke.<\/p>\n\n\n\n<p>Od 2020. godine tvornica u Srebrenici u vlasni\u0161tvu je Green group Turkey, koja je o\u017eivjela tu tvornicu, nakon \u0161to je propala prethodna investicija u \u010dipsaru iz Azerbejd\u017eana.<\/p>\n\n\n\n<p>Tvornica je radila u dvije smjene i proizvodila 30 tona pomfrita dnevno.<\/p>\n\n\n\n<p>Samo mjesec dana ranije, zatvorena je i tvornica&nbsp; \u010dipsa Marbo u vlasni\u0161tvu kompanije PepsiCo u Lakta\u0161ima, pored Banja Luke, a 124 radnika su dobili otpremnine. Proizvodnja je preseljena u susjednu Srbiju.<\/p>\n\n\n\n<p>Iz uprave PepsiCo nisu odgovorili na upit RSE o razlozima zatvaranja tvornice.<\/p>\n\n\n\n<p>Ranije je re\u010deno kako se radi o novoj poslovnoj strategiji, te da \u0107e uga\u0161ena tvornica postati centralni distributivni centar za cijelo tr\u017ei\u0161te Bosne i Hercegovine.<\/p>\n\n\n\n<p>U Slu\u017ebenom glasniku Republike Srpske (RS), jednog od dva entiteta u BiH, objavljeno je i da je 16. prosinca&nbsp; entitetska Vlada dala suglasnost i na sporazuman prekid koncesije za kori\u0161tenje zemlji\u0161ta.<\/p>\n\n\n\n<p>Vlasnici tvornice Marbo vratili su RS-u 537 hektara zemlji\u0161ta u Op\u0161tini Gradi\u0161ka, na zapadu BiH, na kojem se trebala proizvoditi sirovina za fabriku.<\/p>\n\n\n\n<p>Ga\u0161enje dvije velike tvornice u samo nekoliko mjeseci morala bi biti jasna poruka politi\u010dkim akterima u Bosni i Hercegovini, da, umjesto trenutne retorike, usklade svoje aktivnosti za podr\u0161ku ekonomiji u zemlji, isti\u010de za RSE direktor Unije udru\u017eenja poslodavaca RS-a, Sa\u0161a A\u0107i\u0107.<\/p>\n\n\n\n<p>\u201cOvakav vid politi\u010dke kulture, retorike i svega onoga \u0161to karakterizira na\u0161 politi\u010dki ambijent je apsolutno nepovoljan. On uvjetuje i boravak kako stranog, tako i doma\u0107eg kapitala u Bosni i Hercegovini. Tako da, ukoliko bude radikalizacije, nastavka ovakvih politi\u010dkih odnosa, mo\u017eemo o\u010dekivati da bi zna\u010dajan broj gospodarstvenika koji djeluju u BiH po\u010deo razmi\u0161ljati da napusti ovaj prostor\u201d, ka\u017ee A\u0107i\u0107.<\/p>\n\n\n\n<p>A\u0107i\u0107 podsje\u0107a i da su poslodavci iz RS-a, te poslodavci iz drugog entiteta, Federacije Bosne i Hercegovine (FBiH), uputili zajedni\u010dki apel politi\u010dkim predstavnicima da poduzmu konkretne korake u pravcu stabilizacije politi\u010dke situacije.<\/p>\n\n\n\n<p>\u201cZna\u010dajan broj izvozno orijentiranih kompanija susre\u0107e se sa problemom potpunog otkazivanja postoje\u0107ih ili nemogu\u0107nosti dobijanja novih narud\u017ebi, a kao razlog strani partneri navode politi\u010dku nestabilnost u Bosni i Hercegovini\u201d, stoji u zajedni\u010dkom pismu poslodavaca dva entiteta od 21. sije\u010dnja.<\/p>\n\n\n\n<p>Poslodavci isti\u010du da tra\u017ee neometano funkcioniranje institucija izvr\u0161ne i zakonodavne vlasti, kako bi se omogu\u0107ilo dono\u0161enja odluka i zakona neophodnih za ja\u010danje stabilnosti i pobolj\u0161anje poslovnog ambijenta.<\/p>\n\n\n\n<p>Sa\u0161a A\u0107i\u0107 ka\u017ee, da za razliku od politi\u010dkih aktera, poslovne zajednice RS-a i FBiH imaju dobru suradnju.<\/p>\n\n\n\n<p>\u201cImamo kontinuiranu suradnju i komunikaciju sa kolegama iz FBiH. Na\u0161 apel ide u pravcu da se stabiliziraju politi\u010dke prilike u BiH i da se omogu\u0107i da kapital normalno funkcionira\u201d, poru\u010duje A\u0107i\u0107.<\/p>\n\n\n\n<p>Uvidom u sudske registre u BiH, u prva dvije tjedna ove godine propalo je 65 firmi u oba entiteta.<\/p>\n\n\n\n<p>Vi\u0161e od 10.000 ra\u010duna gospodarstvenika je blokirano tokom 2021. godine, prema podacima Centralne banke BiH od 4. sije\u010dnja..<\/p>\n\n\n\n<p>Tokom pro\u0161le godine je blokirano gotovo tri puta vi\u0161e nego 2020. godine.<\/p>\n\n\n\n<p>Izvor:RSE<\/p>\n","protected":false},"excerpt":{"rendered":"<p>Ga\u0161enje dvije velike tvornice u samo nekoliko mjeseci morala bi biti jasna poruka politi\u010dkim akterima u Bosni i Hercegovini, da, umjesto trenutne retorike, usklade svoje aktivnosti za podr\u0161ku ekonomiji u zemlji, isti\u010de za RSE direktor Unije udru\u017eenja poslodavaca RS-a, Sa\u0161a A\u0107i\u0107. Hamed, koji \u017eivi u Srebrenici, na istoku Bosne i Hercegovine (BiH), neugodno je bio [&hellip;]<\/p>\n","protected":false},"author":2,"featured_media":109904,"comment_status":"closed","ping_status":"closed","sticky":false,"template":"","format":"standard","meta":{"h5ap_radio_sources":[],"footnotes":""},"categories":[1],"tags":[],"class_list":["post-109903","post","type-post","status-publish","format-standard","has-post-thumbnail","hentry","category-bihiregija"],"yoast_head":"<!-- This site is optimized with the Yoast SEO plugin v27.5 - https:\/\/yoast.com\/product\/yoast-seo-wordpress\/ -->\n<title>U BiH se masovno gase tvornice: \u201cSvi smo ostali bez posla, a imamo obitelji. \u0160to sad?\u201d - RADIO LJUBU\u0160KI<\/title>\n<meta name=\"robots\" content=\"index, follow, max-snippet:-1, max-image-preview:large, max-video-preview:-1\" \/>\n<link rel=\"canonical\" href=\"https:\/\/radioljubuski.ba\/index.php\/2022\/01\/28\/u-bih-se-masovno-gase-tvornice-svi-smo-ostali-bez-posla-a-imamo-obitelji-sto-sad\/\" \/>\n<meta property=\"og:locale\" content=\"hr_HR\" \/>\n<meta property=\"og:type\" content=\"article\" \/>\n<meta property=\"og:title\" content=\"U BiH se masovno gase tvornice: \u201cSvi smo ostali bez posla, a imamo obitelji. \u0160to sad?\u201d - RADIO LJUBU\u0160KI\" \/>\n<meta property=\"og:description\" content=\"Ga\u0161enje dvije velike tvornice u samo nekoliko mjeseci morala bi biti jasna poruka politi\u010dkim akterima u Bosni i Hercegovini, da, umjesto trenutne retorike, usklade svoje aktivnosti za podr\u0161ku ekonomiji u zemlji, isti\u010de za RSE direktor Unije udru\u017eenja poslodavaca RS-a, Sa\u0161a A\u0107i\u0107. Hamed, koji \u017eivi u Srebrenici, na istoku Bosne i Hercegovine (BiH), neugodno je bio [&hellip;]\" \/>\n<meta property=\"og:url\" content=\"https:\/\/radioljubuski.ba\/index.php\/2022\/01\/28\/u-bih-se-masovno-gase-tvornice-svi-smo-ostali-bez-posla-a-imamo-obitelji-sto-sad\/\" \/>\n<meta property=\"og:site_name\" content=\"RADIO LJUBU\u0160KI\" \/>\n<meta property=\"article:publisher\" content=\"https:\/\/www.facebook.com\/Radiio-Ljubuski-1490835324566332\" \/>\n<meta property=\"article:published_time\" content=\"2022-01-28T14:40:53+00:00\" \/>\n<meta property=\"article:modified_time\" content=\"2022-01-28T14:40:55+00:00\" \/>\n<meta property=\"og:image\" content=\"https:\/\/radioljubuski.ba\/wp-content\/uploads\/2022\/01\/8-2022-01-28-10-47-43-zatvorena-firma.jpg\" \/>\n\t<meta property=\"og:image:width\" content=\"1000\" \/>\n\t<meta property=\"og:image:height\" content=\"625\" \/>\n\t<meta property=\"og:image:type\" content=\"image\/jpeg\" \/>\n<meta name=\"author\" content=\"Radio Ljubu\u0161ki\" \/>\n<meta name=\"twitter:card\" content=\"summary_large_image\" \/>\n<meta name=\"twitter:creator\" content=\"@radioljubuski\" \/>\n<meta name=\"twitter:site\" content=\"@radioljubuski\" \/>\n<meta name=\"twitter:label1\" content=\"Napisao\/la\" \/>\n\t<meta name=\"twitter:data1\" content=\"Radio Ljubu\u0161ki\" \/>\n\t<meta name=\"twitter:label2\" content=\"Procijenjeno vrijeme \u010ditanja\" \/>\n\t<meta name=\"twitter:data2\" content=\"4 minute\" \/>\n<script type=\"application\/ld+json\" class=\"yoast-schema-graph\">{\"@context\":\"https:\\\/\\\/schema.org\",\"@graph\":[{\"@type\":\"Article\",\"@id\":\"https:\\\/\\\/radioljubuski.ba\\\/index.php\\\/2022\\\/01\\\/28\\\/u-bih-se-masovno-gase-tvornice-svi-smo-ostali-bez-posla-a-imamo-obitelji-sto-sad\\\/#article\",\"isPartOf\":{\"@id\":\"https:\\\/\\\/radioljubuski.ba\\\/index.php\\\/2022\\\/01\\\/28\\\/u-bih-se-masovno-gase-tvornice-svi-smo-ostali-bez-posla-a-imamo-obitelji-sto-sad\\\/\"},\"author\":{\"name\":\"Radio Ljubu\u0161ki\",\"@id\":\"https:\\\/\\\/radioljubuski.ba\\\/#\\\/schema\\\/person\\\/19fc700381a780f69665d7956c469e3b\"},\"headline\":\"U BiH se masovno gase tvornice: \u201cSvi smo ostali bez posla, a imamo obitelji. \u0160to sad?\u201d\",\"datePublished\":\"2022-01-28T14:40:53+00:00\",\"dateModified\":\"2022-01-28T14:40:55+00:00\",\"mainEntityOfPage\":{\"@id\":\"https:\\\/\\\/radioljubuski.ba\\\/index.php\\\/2022\\\/01\\\/28\\\/u-bih-se-masovno-gase-tvornice-svi-smo-ostali-bez-posla-a-imamo-obitelji-sto-sad\\\/\"},\"wordCount\":999,\"publisher\":{\"@id\":\"https:\\\/\\\/radioljubuski.ba\\\/#organization\"},\"image\":{\"@id\":\"https:\\\/\\\/radioljubuski.ba\\\/index.php\\\/2022\\\/01\\\/28\\\/u-bih-se-masovno-gase-tvornice-svi-smo-ostali-bez-posla-a-imamo-obitelji-sto-sad\\\/#primaryimage\"},\"thumbnailUrl\":\"https:\\\/\\\/radioljubuski.ba\\\/wp-content\\\/uploads\\\/2022\\\/01\\\/8-2022-01-28-10-47-43-zatvorena-firma.jpg\",\"articleSection\":[\"BIH i regija\"],\"inLanguage\":\"hr\"},{\"@type\":\"WebPage\",\"@id\":\"https:\\\/\\\/radioljubuski.ba\\\/index.php\\\/2022\\\/01\\\/28\\\/u-bih-se-masovno-gase-tvornice-svi-smo-ostali-bez-posla-a-imamo-obitelji-sto-sad\\\/\",\"url\":\"https:\\\/\\\/radioljubuski.ba\\\/index.php\\\/2022\\\/01\\\/28\\\/u-bih-se-masovno-gase-tvornice-svi-smo-ostali-bez-posla-a-imamo-obitelji-sto-sad\\\/\",\"name\":\"U BiH se masovno gase tvornice: \u201cSvi smo ostali bez posla, a imamo obitelji. \u0160to sad?\u201d - RADIO LJUBU\u0160KI\",\"isPartOf\":{\"@id\":\"https:\\\/\\\/radioljubuski.ba\\\/#website\"},\"primaryImageOfPage\":{\"@id\":\"https:\\\/\\\/radioljubuski.ba\\\/index.php\\\/2022\\\/01\\\/28\\\/u-bih-se-masovno-gase-tvornice-svi-smo-ostali-bez-posla-a-imamo-obitelji-sto-sad\\\/#primaryimage\"},\"image\":{\"@id\":\"https:\\\/\\\/radioljubuski.ba\\\/index.php\\\/2022\\\/01\\\/28\\\/u-bih-se-masovno-gase-tvornice-svi-smo-ostali-bez-posla-a-imamo-obitelji-sto-sad\\\/#primaryimage\"},\"thumbnailUrl\":\"https:\\\/\\\/radioljubuski.ba\\\/wp-content\\\/uploads\\\/2022\\\/01\\\/8-2022-01-28-10-47-43-zatvorena-firma.jpg\",\"datePublished\":\"2022-01-28T14:40:53+00:00\",\"dateModified\":\"2022-01-28T14:40:55+00:00\",\"breadcrumb\":{\"@id\":\"https:\\\/\\\/radioljubuski.ba\\\/index.php\\\/2022\\\/01\\\/28\\\/u-bih-se-masovno-gase-tvornice-svi-smo-ostali-bez-posla-a-imamo-obitelji-sto-sad\\\/#breadcrumb\"},\"inLanguage\":\"hr\",\"potentialAction\":[{\"@type\":\"ReadAction\",\"target\":[\"https:\\\/\\\/radioljubuski.ba\\\/index.php\\\/2022\\\/01\\\/28\\\/u-bih-se-masovno-gase-tvornice-svi-smo-ostali-bez-posla-a-imamo-obitelji-sto-sad\\\/\"]}]},{\"@type\":\"ImageObject\",\"inLanguage\":\"hr\",\"@id\":\"https:\\\/\\\/radioljubuski.ba\\\/index.php\\\/2022\\\/01\\\/28\\\/u-bih-se-masovno-gase-tvornice-svi-smo-ostali-bez-posla-a-imamo-obitelji-sto-sad\\\/#primaryimage\",\"url\":\"https:\\\/\\\/radioljubuski.ba\\\/wp-content\\\/uploads\\\/2022\\\/01\\\/8-2022-01-28-10-47-43-zatvorena-firma.jpg\",\"contentUrl\":\"https:\\\/\\\/radioljubuski.ba\\\/wp-content\\\/uploads\\\/2022\\\/01\\\/8-2022-01-28-10-47-43-zatvorena-firma.jpg\",\"width\":1000,\"height\":625},{\"@type\":\"BreadcrumbList\",\"@id\":\"https:\\\/\\\/radioljubuski.ba\\\/index.php\\\/2022\\\/01\\\/28\\\/u-bih-se-masovno-gase-tvornice-svi-smo-ostali-bez-posla-a-imamo-obitelji-sto-sad\\\/#breadcrumb\",\"itemListElement\":[{\"@type\":\"ListItem\",\"position\":1,\"name\":\"Po\u010detna stranica\",\"item\":\"https:\\\/\\\/radioljubuski.ba\\\/\"},{\"@type\":\"ListItem\",\"position\":2,\"name\":\"U BiH se masovno gase tvornice: \u201cSvi smo ostali bez posla, a imamo obitelji. \u0160to sad?\u201d\"}]},{\"@type\":\"WebSite\",\"@id\":\"https:\\\/\\\/radioljubuski.ba\\\/#website\",\"url\":\"https:\\\/\\\/radioljubuski.ba\\\/\",\"name\":\"Radio Ljubu\u0161ki\",\"description\":\"Sun\u010dana frekvencija Hercegovine\",\"publisher\":{\"@id\":\"https:\\\/\\\/radioljubuski.ba\\\/#organization\"},\"potentialAction\":[{\"@type\":\"SearchAction\",\"target\":{\"@type\":\"EntryPoint\",\"urlTemplate\":\"https:\\\/\\\/radioljubuski.ba\\\/?s={search_term_string}\"},\"query-input\":{\"@type\":\"PropertyValueSpecification\",\"valueRequired\":true,\"valueName\":\"search_term_string\"}}],\"inLanguage\":\"hr\"},{\"@type\":\"Organization\",\"@id\":\"https:\\\/\\\/radioljubuski.ba\\\/#organization\",\"name\":\"Radio Ljubu\u0161ki\",\"url\":\"https:\\\/\\\/radioljubuski.ba\\\/\",\"logo\":{\"@type\":\"ImageObject\",\"inLanguage\":\"hr\",\"@id\":\"https:\\\/\\\/radioljubuski.ba\\\/#\\\/schema\\\/logo\\\/image\\\/\",\"url\":\"https:\\\/\\\/radioljubuski.ba\\\/wp-content\\\/uploads\\\/2021\\\/02\\\/cropped-Radio_Ljubuski_logo1.jpg\",\"contentUrl\":\"https:\\\/\\\/radioljubuski.ba\\\/wp-content\\\/uploads\\\/2021\\\/02\\\/cropped-Radio_Ljubuski_logo1.jpg\",\"width\":512,\"height\":512,\"caption\":\"Radio Ljubu\u0161ki\"},\"image\":{\"@id\":\"https:\\\/\\\/radioljubuski.ba\\\/#\\\/schema\\\/logo\\\/image\\\/\"},\"sameAs\":[\"https:\\\/\\\/www.facebook.com\\\/Radiio-Ljubuski-1490835324566332\",\"https:\\\/\\\/x.com\\\/radioljubuski\",\"https:\\\/\\\/hr.linkedin.com\\\/company\\\/radio-ljubuski\",\"https:\\\/\\\/www.youtube.com\\\/channel\\\/UCHYaeO_n0Db3tjNGudGpXyw\"]},{\"@type\":\"Person\",\"@id\":\"https:\\\/\\\/radioljubuski.ba\\\/#\\\/schema\\\/person\\\/19fc700381a780f69665d7956c469e3b\",\"name\":\"Radio Ljubu\u0161ki\"}]}<\/script>\n<!-- \/ Yoast SEO plugin. -->","yoast_head_json":{"title":"U BiH se masovno gase tvornice: \u201cSvi smo ostali bez posla, a imamo obitelji. \u0160to sad?\u201d - RADIO LJUBU\u0160KI","robots":{"index":"index","follow":"follow","max-snippet":"max-snippet:-1","max-image-preview":"max-image-preview:large","max-video-preview":"max-video-preview:-1"},"canonical":"https:\/\/radioljubuski.ba\/index.php\/2022\/01\/28\/u-bih-se-masovno-gase-tvornice-svi-smo-ostali-bez-posla-a-imamo-obitelji-sto-sad\/","og_locale":"hr_HR","og_type":"article","og_title":"U BiH se masovno gase tvornice: \u201cSvi smo ostali bez posla, a imamo obitelji. \u0160to sad?\u201d - RADIO LJUBU\u0160KI","og_description":"Ga\u0161enje dvije velike tvornice u samo nekoliko mjeseci morala bi biti jasna poruka politi\u010dkim akterima u Bosni i Hercegovini, da, umjesto trenutne retorike, usklade svoje aktivnosti za podr\u0161ku ekonomiji u zemlji, isti\u010de za RSE direktor Unije udru\u017eenja poslodavaca RS-a, Sa\u0161a A\u0107i\u0107. Hamed, koji \u017eivi u Srebrenici, na istoku Bosne i Hercegovine (BiH), neugodno je bio [&hellip;]","og_url":"https:\/\/radioljubuski.ba\/index.php\/2022\/01\/28\/u-bih-se-masovno-gase-tvornice-svi-smo-ostali-bez-posla-a-imamo-obitelji-sto-sad\/","og_site_name":"RADIO LJUBU\u0160KI","article_publisher":"https:\/\/www.facebook.com\/Radiio-Ljubuski-1490835324566332","article_published_time":"2022-01-28T14:40:53+00:00","article_modified_time":"2022-01-28T14:40:55+00:00","og_image":[{"width":1000,"height":625,"url":"https:\/\/radioljubuski.ba\/wp-content\/uploads\/2022\/01\/8-2022-01-28-10-47-43-zatvorena-firma.jpg","type":"image\/jpeg"}],"author":"Radio Ljubu\u0161ki","twitter_card":"summary_large_image","twitter_creator":"@radioljubuski","twitter_site":"@radioljubuski","twitter_misc":{"Napisao\/la":"Radio Ljubu\u0161ki","Procijenjeno vrijeme \u010ditanja":"4 minute"},"schema":{"@context":"https:\/\/schema.org","@graph":[{"@type":"Article","@id":"https:\/\/radioljubuski.ba\/index.php\/2022\/01\/28\/u-bih-se-masovno-gase-tvornice-svi-smo-ostali-bez-posla-a-imamo-obitelji-sto-sad\/#article","isPartOf":{"@id":"https:\/\/radioljubuski.ba\/index.php\/2022\/01\/28\/u-bih-se-masovno-gase-tvornice-svi-smo-ostali-bez-posla-a-imamo-obitelji-sto-sad\/"},"author":{"name":"Radio Ljubu\u0161ki","@id":"https:\/\/radioljubuski.ba\/#\/schema\/person\/19fc700381a780f69665d7956c469e3b"},"headline":"U BiH se masovno gase tvornice: \u201cSvi smo ostali bez posla, a imamo obitelji. \u0160to sad?\u201d","datePublished":"2022-01-28T14:40:53+00:00","dateModified":"2022-01-28T14:40:55+00:00","mainEntityOfPage":{"@id":"https:\/\/radioljubuski.ba\/index.php\/2022\/01\/28\/u-bih-se-masovno-gase-tvornice-svi-smo-ostali-bez-posla-a-imamo-obitelji-sto-sad\/"},"wordCount":999,"publisher":{"@id":"https:\/\/radioljubuski.ba\/#organization"},"image":{"@id":"https:\/\/radioljubuski.ba\/index.php\/2022\/01\/28\/u-bih-se-masovno-gase-tvornice-svi-smo-ostali-bez-posla-a-imamo-obitelji-sto-sad\/#primaryimage"},"thumbnailUrl":"https:\/\/radioljubuski.ba\/wp-content\/uploads\/2022\/01\/8-2022-01-28-10-47-43-zatvorena-firma.jpg","articleSection":["BIH i regija"],"inLanguage":"hr"},{"@type":"WebPage","@id":"https:\/\/radioljubuski.ba\/index.php\/2022\/01\/28\/u-bih-se-masovno-gase-tvornice-svi-smo-ostali-bez-posla-a-imamo-obitelji-sto-sad\/","url":"https:\/\/radioljubuski.ba\/index.php\/2022\/01\/28\/u-bih-se-masovno-gase-tvornice-svi-smo-ostali-bez-posla-a-imamo-obitelji-sto-sad\/","name":"U BiH se masovno gase tvornice: \u201cSvi smo ostali bez posla, a imamo obitelji. \u0160to sad?\u201d - RADIO LJUBU\u0160KI","isPartOf":{"@id":"https:\/\/radioljubuski.ba\/#website"},"primaryImageOfPage":{"@id":"https:\/\/radioljubuski.ba\/index.php\/2022\/01\/28\/u-bih-se-masovno-gase-tvornice-svi-smo-ostali-bez-posla-a-imamo-obitelji-sto-sad\/#primaryimage"},"image":{"@id":"https:\/\/radioljubuski.ba\/index.php\/2022\/01\/28\/u-bih-se-masovno-gase-tvornice-svi-smo-ostali-bez-posla-a-imamo-obitelji-sto-sad\/#primaryimage"},"thumbnailUrl":"https:\/\/radioljubuski.ba\/wp-content\/uploads\/2022\/01\/8-2022-01-28-10-47-43-zatvorena-firma.jpg","datePublished":"2022-01-28T14:40:53+00:00","dateModified":"2022-01-28T14:40:55+00:00","breadcrumb":{"@id":"https:\/\/radioljubuski.ba\/index.php\/2022\/01\/28\/u-bih-se-masovno-gase-tvornice-svi-smo-ostali-bez-posla-a-imamo-obitelji-sto-sad\/#breadcrumb"},"inLanguage":"hr","potentialAction":[{"@type":"ReadAction","target":["https:\/\/radioljubuski.ba\/index.php\/2022\/01\/28\/u-bih-se-masovno-gase-tvornice-svi-smo-ostali-bez-posla-a-imamo-obitelji-sto-sad\/"]}]},{"@type":"ImageObject","inLanguage":"hr","@id":"https:\/\/radioljubuski.ba\/index.php\/2022\/01\/28\/u-bih-se-masovno-gase-tvornice-svi-smo-ostali-bez-posla-a-imamo-obitelji-sto-sad\/#primaryimage","url":"https:\/\/radioljubuski.ba\/wp-content\/uploads\/2022\/01\/8-2022-01-28-10-47-43-zatvorena-firma.jpg","contentUrl":"https:\/\/radioljubuski.ba\/wp-content\/uploads\/2022\/01\/8-2022-01-28-10-47-43-zatvorena-firma.jpg","width":1000,"height":625},{"@type":"BreadcrumbList","@id":"https:\/\/radioljubuski.ba\/index.php\/2022\/01\/28\/u-bih-se-masovno-gase-tvornice-svi-smo-ostali-bez-posla-a-imamo-obitelji-sto-sad\/#breadcrumb","itemListElement":[{"@type":"ListItem","position":1,"name":"Po\u010detna stranica","item":"https:\/\/radioljubuski.ba\/"},{"@type":"ListItem","position":2,"name":"U BiH se masovno gase tvornice: \u201cSvi smo ostali bez posla, a imamo obitelji. \u0160to sad?\u201d"}]},{"@type":"WebSite","@id":"https:\/\/radioljubuski.ba\/#website","url":"https:\/\/radioljubuski.ba\/","name":"Radio Ljubu\u0161ki","description":"Sun\u010dana frekvencija Hercegovine","publisher":{"@id":"https:\/\/radioljubuski.ba\/#organization"},"potentialAction":[{"@type":"SearchAction","target":{"@type":"EntryPoint","urlTemplate":"https:\/\/radioljubuski.ba\/?s={search_term_string}"},"query-input":{"@type":"PropertyValueSpecification","valueRequired":true,"valueName":"search_term_string"}}],"inLanguage":"hr"},{"@type":"Organization","@id":"https:\/\/radioljubuski.ba\/#organization","name":"Radio Ljubu\u0161ki","url":"https:\/\/radioljubuski.ba\/","logo":{"@type":"ImageObject","inLanguage":"hr","@id":"https:\/\/radioljubuski.ba\/#\/schema\/logo\/image\/","url":"https:\/\/radioljubuski.ba\/wp-content\/uploads\/2021\/02\/cropped-Radio_Ljubuski_logo1.jpg","contentUrl":"https:\/\/radioljubuski.ba\/wp-content\/uploads\/2021\/02\/cropped-Radio_Ljubuski_logo1.jpg","width":512,"height":512,"caption":"Radio Ljubu\u0161ki"},"image":{"@id":"https:\/\/radioljubuski.ba\/#\/schema\/logo\/image\/"},"sameAs":["https:\/\/www.facebook.com\/Radiio-Ljubuski-1490835324566332","https:\/\/x.com\/radioljubuski","https:\/\/hr.linkedin.com\/company\/radio-ljubuski","https:\/\/www.youtube.com\/channel\/UCHYaeO_n0Db3tjNGudGpXyw"]},{"@type":"Person","@id":"https:\/\/radioljubuski.ba\/#\/schema\/person\/19fc700381a780f69665d7956c469e3b","name":"Radio Ljubu\u0161ki"}]}},"_links":{"self":[{"href":"https:\/\/radioljubuski.ba\/index.php\/wp-json\/wp\/v2\/posts\/109903","targetHints":{"allow":["GET"]}}],"collection":[{"href":"https:\/\/radioljubuski.ba\/index.php\/wp-json\/wp\/v2\/posts"}],"about":[{"href":"https:\/\/radioljubuski.ba\/index.php\/wp-json\/wp\/v2\/types\/post"}],"author":[{"embeddable":true,"href":"https:\/\/radioljubuski.ba\/index.php\/wp-json\/wp\/v2\/users\/2"}],"replies":[{"embeddable":true,"href":"https:\/\/radioljubuski.ba\/index.php\/wp-json\/wp\/v2\/comments?post=109903"}],"version-history":[{"count":1,"href":"https:\/\/radioljubuski.ba\/index.php\/wp-json\/wp\/v2\/posts\/109903\/revisions"}],"predecessor-version":[{"id":109905,"href":"https:\/\/radioljubuski.ba\/index.php\/wp-json\/wp\/v2\/posts\/109903\/revisions\/109905"}],"wp:featuredmedia":[{"embeddable":true,"href":"https:\/\/radioljubuski.ba\/index.php\/wp-json\/wp\/v2\/media\/109904"}],"wp:attachment":[{"href":"https:\/\/radioljubuski.ba\/index.php\/wp-json\/wp\/v2\/media?parent=109903"}],"wp:term":[{"taxonomy":"category","embeddable":true,"href":"https:\/\/radioljubuski.ba\/index.php\/wp-json\/wp\/v2\/categories?post=109903"},{"taxonomy":"post_tag","embeddable":true,"href":"https:\/\/radioljubuski.ba\/index.php\/wp-json\/wp\/v2\/tags?post=109903"}],"curies":[{"name":"wp","href":"https:\/\/api.w.org\/{rel}","templated":true}]}}