{"id":10996,"date":"2021-04-09T07:39:41","date_gmt":"2021-04-09T06:39:41","guid":{"rendered":"https:\/\/radioljubuski.ba\/?p=10996"},"modified":"2021-04-09T07:39:41","modified_gmt":"2021-04-09T06:39:41","slug":"sve-vise-zemalja-ogranicava-uporabu-astrazenece","status":"publish","type":"post","link":"https:\/\/radioljubuski.ba\/index.php\/2021\/04\/09\/sve-vise-zemalja-ogranicava-uporabu-astrazenece\/","title":{"rendered":"Sve vi\u0161e zemalja ograni\u010dava uporabu AstraZenece"},"content":{"rendered":"\n<p>Sve vi\u0161e svjetskih zemalja ograni\u010davaju primjenu cjepiva AstraZenece nakon \u0161to su regulatorna tijela uo\u010dila povezanost s rijetkim slu\u010dajevima zgru\u0161avanja krvi kod mla\u0111ih osoba. <\/p>\n\n\n\n<p>\u0160panjolska, Nizozemska i Portugal su u \u010detvrtak objavile da \u0107e ograni\u010diti primjenu cjepiva protiv covida-19 AstraZenece na starije od 60 godina.\u00a0 Odlu\u010dili su to nakon \u0161to su regulatorna tijela uo\u010dila povezanost tog cjepiva s rijetkim slu\u010dajevima zgru\u0161avanja krvi kod mla\u0111ih osoba. Madrid je priop\u0107io da nastavlja s kori\u0161tenjem cjepiva AstraZenece za osobe od 60 do 65 godina, a potom slijedi cijepljenje druge prioritetne skupine od 66 do 69 godina. &#8220;Ljudi mla\u0111i od 60 godina \u0107e primiti drugo cjepivo&#8221;, priop\u0107ila je vlada. <\/p>\n\n\n\n<p>No, prije nego je to cjepivo postalo upitno zbog slu\u010dajeva stvaranja krvnih ugru\u0161aka, u \u0160panjolskoj su prvu dozu tog cjepiva ve\u0107 primili ljudi u klju\u010dnim djelatnostima stari izme\u0111u 18 do preko 65 godina. Ministarstvo zdravstva tek \u0107e odlu\u010diti da li \u0107e njima dati i drugu dozu tog cjepiva, prenosi Hina.<\/p>\n\n\n\n<p>Nizozemska vlada \u0107e tako\u0111er ograni\u010diti cijepljenje AstraZenecom na starije od 60 godina, potvrdio je ministar zdravstva Hugo de Jonge.<\/p>\n\n\n\n<p> &#8220;Stariji od 60, ro\u0111eni 1960. ili ranije, mogu se sigurno nastaviti cijepiti AstraZenecom. Mla\u0111i od 60 \u0107e primiti drugo cjepivo&#8221;, rekao je ministar. <\/p>\n\n\n\n<p>Tako je Portugal danas privremeno suspendirao kori\u0161tenje AstraZenece za mla\u0111e od 60 godina. Koordinator radne skupine za cijepljenje Henrique Melo je rekao da \u0107e ta odluka vrlo malo utjecati na cjelokupni program cijepljenja. Europska agencija za lijekove (EMA) u srijedu je objavila da raspola\u017ee s izvje\u0161\u0107em o 169 slu\u010dajeva rijetkog poreme\u0107aja stvaranja ugru\u0161aka na 34 milijuna doza cjepiva AstraZenece, tj. jedan slu\u010daj na 100.000 cijepljenih koji su mla\u0111i od 60 godina. Ve\u0107ina tih slu\u010dajeva je zabilje\u017eena kod \u017eena mla\u0111ih od 60 i unutar dva tjedna od cijepljenja .<\/p>\n\n\n\n<p>Izvor:<a href=\"https:\/\/www.bljesak.info\/lifestyle\/zdravlje\/u-bih-22-prijave-reakcija-nakon-cijepljenja-protiv-bolesti-covid-19\/344095\" target=\"_blank\" rel=\"noreferrer noopener\"> Bljesak.info<\/a><\/p>\n","protected":false},"excerpt":{"rendered":"<p>Sve vi\u0161e svjetskih zemalja ograni\u010davaju primjenu cjepiva AstraZenece nakon \u0161to su regulatorna tijela uo\u010dila povezanost s rijetkim slu\u010dajevima zgru\u0161avanja krvi kod mla\u0111ih osoba. \u0160panjolska, Nizozemska i Portugal su u \u010detvrtak objavile da \u0107e ograni\u010diti primjenu cjepiva protiv covida-19 AstraZenece na starije od 60 godina.\u00a0 Odlu\u010dili su to nakon \u0161to su regulatorna tijela uo\u010dila povezanost tog [&hellip;]<\/p>\n","protected":false},"author":2,"featured_media":11014,"comment_status":"closed","ping_status":"closed","sticky":false,"template":"","format":"standard","meta":{"h5ap_radio_sources":[],"footnotes":""},"categories":[1],"tags":[],"class_list":["post-10996","post","type-post","status-publish","format-standard","has-post-thumbnail","hentry","category-bihiregija"],"yoast_head":"<!-- This site is optimized with the Yoast SEO plugin v27.5 - https:\/\/yoast.com\/product\/yoast-seo-wordpress\/ -->\n<title>Sve vi\u0161e zemalja ograni\u010dava uporabu AstraZenece - RADIO LJUBU\u0160KI<\/title>\n<meta name=\"robots\" content=\"index, follow, max-snippet:-1, max-image-preview:large, max-video-preview:-1\" \/>\n<link rel=\"canonical\" href=\"https:\/\/radioljubuski.ba\/index.php\/2021\/04\/09\/sve-vise-zemalja-ogranicava-uporabu-astrazenece\/\" \/>\n<meta property=\"og:locale\" content=\"hr_HR\" \/>\n<meta property=\"og:type\" content=\"article\" \/>\n<meta property=\"og:title\" content=\"Sve vi\u0161e zemalja ograni\u010dava uporabu AstraZenece - RADIO LJUBU\u0160KI\" \/>\n<meta property=\"og:description\" content=\"Sve vi\u0161e svjetskih zemalja ograni\u010davaju primjenu cjepiva AstraZenece nakon \u0161to su regulatorna tijela uo\u010dila povezanost s rijetkim slu\u010dajevima zgru\u0161avanja krvi kod mla\u0111ih osoba. \u0160panjolska, Nizozemska i Portugal su u \u010detvrtak objavile da \u0107e ograni\u010diti primjenu cjepiva protiv covida-19 AstraZenece na starije od 60 godina.\u00a0 Odlu\u010dili su to nakon \u0161to su regulatorna tijela uo\u010dila povezanost tog [&hellip;]\" \/>\n<meta property=\"og:url\" content=\"https:\/\/radioljubuski.ba\/index.php\/2021\/04\/09\/sve-vise-zemalja-ogranicava-uporabu-astrazenece\/\" \/>\n<meta property=\"og:site_name\" content=\"RADIO LJUBU\u0160KI\" \/>\n<meta property=\"article:publisher\" content=\"https:\/\/www.facebook.com\/Radiio-Ljubuski-1490835324566332\" \/>\n<meta property=\"article:published_time\" content=\"2021-04-09T06:39:41+00:00\" \/>\n<meta property=\"og:image\" content=\"https:\/\/radioljubuski.ba\/wp-content\/uploads\/2021\/04\/covid-1.jpg\" \/>\n\t<meta property=\"og:image:width\" content=\"800\" \/>\n\t<meta property=\"og:image:height\" content=\"550\" \/>\n\t<meta property=\"og:image:type\" content=\"image\/jpeg\" \/>\n<meta name=\"author\" content=\"Radio Ljubu\u0161ki\" \/>\n<meta name=\"twitter:card\" content=\"summary_large_image\" \/>\n<meta name=\"twitter:creator\" content=\"@radioljubuski\" \/>\n<meta name=\"twitter:site\" content=\"@radioljubuski\" \/>\n<meta name=\"twitter:label1\" content=\"Napisao\/la\" \/>\n\t<meta name=\"twitter:data1\" content=\"Radio Ljubu\u0161ki\" \/>\n\t<meta name=\"twitter:label2\" content=\"Procijenjeno vrijeme \u010ditanja\" \/>\n\t<meta name=\"twitter:data2\" content=\"2 minute\" \/>\n<script type=\"application\/ld+json\" class=\"yoast-schema-graph\">{\"@context\":\"https:\\\/\\\/schema.org\",\"@graph\":[{\"@type\":\"Article\",\"@id\":\"https:\\\/\\\/radioljubuski.ba\\\/index.php\\\/2021\\\/04\\\/09\\\/sve-vise-zemalja-ogranicava-uporabu-astrazenece\\\/#article\",\"isPartOf\":{\"@id\":\"https:\\\/\\\/radioljubuski.ba\\\/index.php\\\/2021\\\/04\\\/09\\\/sve-vise-zemalja-ogranicava-uporabu-astrazenece\\\/\"},\"author\":{\"name\":\"Radio Ljubu\u0161ki\",\"@id\":\"https:\\\/\\\/radioljubuski.ba\\\/#\\\/schema\\\/person\\\/19fc700381a780f69665d7956c469e3b\"},\"headline\":\"Sve vi\u0161e zemalja ograni\u010dava uporabu AstraZenece\",\"datePublished\":\"2021-04-09T06:39:41+00:00\",\"mainEntityOfPage\":{\"@id\":\"https:\\\/\\\/radioljubuski.ba\\\/index.php\\\/2021\\\/04\\\/09\\\/sve-vise-zemalja-ogranicava-uporabu-astrazenece\\\/\"},\"wordCount\":314,\"publisher\":{\"@id\":\"https:\\\/\\\/radioljubuski.ba\\\/#organization\"},\"image\":{\"@id\":\"https:\\\/\\\/radioljubuski.ba\\\/index.php\\\/2021\\\/04\\\/09\\\/sve-vise-zemalja-ogranicava-uporabu-astrazenece\\\/#primaryimage\"},\"thumbnailUrl\":\"https:\\\/\\\/radioljubuski.ba\\\/wp-content\\\/uploads\\\/2021\\\/04\\\/covid-1.jpg\",\"articleSection\":[\"BIH i regija\"],\"inLanguage\":\"hr\"},{\"@type\":\"WebPage\",\"@id\":\"https:\\\/\\\/radioljubuski.ba\\\/index.php\\\/2021\\\/04\\\/09\\\/sve-vise-zemalja-ogranicava-uporabu-astrazenece\\\/\",\"url\":\"https:\\\/\\\/radioljubuski.ba\\\/index.php\\\/2021\\\/04\\\/09\\\/sve-vise-zemalja-ogranicava-uporabu-astrazenece\\\/\",\"name\":\"Sve vi\u0161e zemalja ograni\u010dava uporabu AstraZenece - RADIO LJUBU\u0160KI\",\"isPartOf\":{\"@id\":\"https:\\\/\\\/radioljubuski.ba\\\/#website\"},\"primaryImageOfPage\":{\"@id\":\"https:\\\/\\\/radioljubuski.ba\\\/index.php\\\/2021\\\/04\\\/09\\\/sve-vise-zemalja-ogranicava-uporabu-astrazenece\\\/#primaryimage\"},\"image\":{\"@id\":\"https:\\\/\\\/radioljubuski.ba\\\/index.php\\\/2021\\\/04\\\/09\\\/sve-vise-zemalja-ogranicava-uporabu-astrazenece\\\/#primaryimage\"},\"thumbnailUrl\":\"https:\\\/\\\/radioljubuski.ba\\\/wp-content\\\/uploads\\\/2021\\\/04\\\/covid-1.jpg\",\"datePublished\":\"2021-04-09T06:39:41+00:00\",\"breadcrumb\":{\"@id\":\"https:\\\/\\\/radioljubuski.ba\\\/index.php\\\/2021\\\/04\\\/09\\\/sve-vise-zemalja-ogranicava-uporabu-astrazenece\\\/#breadcrumb\"},\"inLanguage\":\"hr\",\"potentialAction\":[{\"@type\":\"ReadAction\",\"target\":[\"https:\\\/\\\/radioljubuski.ba\\\/index.php\\\/2021\\\/04\\\/09\\\/sve-vise-zemalja-ogranicava-uporabu-astrazenece\\\/\"]}]},{\"@type\":\"ImageObject\",\"inLanguage\":\"hr\",\"@id\":\"https:\\\/\\\/radioljubuski.ba\\\/index.php\\\/2021\\\/04\\\/09\\\/sve-vise-zemalja-ogranicava-uporabu-astrazenece\\\/#primaryimage\",\"url\":\"https:\\\/\\\/radioljubuski.ba\\\/wp-content\\\/uploads\\\/2021\\\/04\\\/covid-1.jpg\",\"contentUrl\":\"https:\\\/\\\/radioljubuski.ba\\\/wp-content\\\/uploads\\\/2021\\\/04\\\/covid-1.jpg\",\"width\":800,\"height\":550},{\"@type\":\"BreadcrumbList\",\"@id\":\"https:\\\/\\\/radioljubuski.ba\\\/index.php\\\/2021\\\/04\\\/09\\\/sve-vise-zemalja-ogranicava-uporabu-astrazenece\\\/#breadcrumb\",\"itemListElement\":[{\"@type\":\"ListItem\",\"position\":1,\"name\":\"Po\u010detna stranica\",\"item\":\"https:\\\/\\\/radioljubuski.ba\\\/\"},{\"@type\":\"ListItem\",\"position\":2,\"name\":\"Sve vi\u0161e zemalja ograni\u010dava uporabu AstraZenece\"}]},{\"@type\":\"WebSite\",\"@id\":\"https:\\\/\\\/radioljubuski.ba\\\/#website\",\"url\":\"https:\\\/\\\/radioljubuski.ba\\\/\",\"name\":\"Radio Ljubu\u0161ki\",\"description\":\"Sun\u010dana frekvencija Hercegovine\",\"publisher\":{\"@id\":\"https:\\\/\\\/radioljubuski.ba\\\/#organization\"},\"potentialAction\":[{\"@type\":\"SearchAction\",\"target\":{\"@type\":\"EntryPoint\",\"urlTemplate\":\"https:\\\/\\\/radioljubuski.ba\\\/?s={search_term_string}\"},\"query-input\":{\"@type\":\"PropertyValueSpecification\",\"valueRequired\":true,\"valueName\":\"search_term_string\"}}],\"inLanguage\":\"hr\"},{\"@type\":\"Organization\",\"@id\":\"https:\\\/\\\/radioljubuski.ba\\\/#organization\",\"name\":\"Radio Ljubu\u0161ki\",\"url\":\"https:\\\/\\\/radioljubuski.ba\\\/\",\"logo\":{\"@type\":\"ImageObject\",\"inLanguage\":\"hr\",\"@id\":\"https:\\\/\\\/radioljubuski.ba\\\/#\\\/schema\\\/logo\\\/image\\\/\",\"url\":\"https:\\\/\\\/radioljubuski.ba\\\/wp-content\\\/uploads\\\/2021\\\/02\\\/cropped-Radio_Ljubuski_logo1.jpg\",\"contentUrl\":\"https:\\\/\\\/radioljubuski.ba\\\/wp-content\\\/uploads\\\/2021\\\/02\\\/cropped-Radio_Ljubuski_logo1.jpg\",\"width\":512,\"height\":512,\"caption\":\"Radio Ljubu\u0161ki\"},\"image\":{\"@id\":\"https:\\\/\\\/radioljubuski.ba\\\/#\\\/schema\\\/logo\\\/image\\\/\"},\"sameAs\":[\"https:\\\/\\\/www.facebook.com\\\/Radiio-Ljubuski-1490835324566332\",\"https:\\\/\\\/x.com\\\/radioljubuski\",\"https:\\\/\\\/hr.linkedin.com\\\/company\\\/radio-ljubuski\",\"https:\\\/\\\/www.youtube.com\\\/channel\\\/UCHYaeO_n0Db3tjNGudGpXyw\"]},{\"@type\":\"Person\",\"@id\":\"https:\\\/\\\/radioljubuski.ba\\\/#\\\/schema\\\/person\\\/19fc700381a780f69665d7956c469e3b\",\"name\":\"Radio Ljubu\u0161ki\"}]}<\/script>\n<!-- \/ Yoast SEO plugin. -->","yoast_head_json":{"title":"Sve vi\u0161e zemalja ograni\u010dava uporabu AstraZenece - RADIO LJUBU\u0160KI","robots":{"index":"index","follow":"follow","max-snippet":"max-snippet:-1","max-image-preview":"max-image-preview:large","max-video-preview":"max-video-preview:-1"},"canonical":"https:\/\/radioljubuski.ba\/index.php\/2021\/04\/09\/sve-vise-zemalja-ogranicava-uporabu-astrazenece\/","og_locale":"hr_HR","og_type":"article","og_title":"Sve vi\u0161e zemalja ograni\u010dava uporabu AstraZenece - RADIO LJUBU\u0160KI","og_description":"Sve vi\u0161e svjetskih zemalja ograni\u010davaju primjenu cjepiva AstraZenece nakon \u0161to su regulatorna tijela uo\u010dila povezanost s rijetkim slu\u010dajevima zgru\u0161avanja krvi kod mla\u0111ih osoba. \u0160panjolska, Nizozemska i Portugal su u \u010detvrtak objavile da \u0107e ograni\u010diti primjenu cjepiva protiv covida-19 AstraZenece na starije od 60 godina.\u00a0 Odlu\u010dili su to nakon \u0161to su regulatorna tijela uo\u010dila povezanost tog [&hellip;]","og_url":"https:\/\/radioljubuski.ba\/index.php\/2021\/04\/09\/sve-vise-zemalja-ogranicava-uporabu-astrazenece\/","og_site_name":"RADIO LJUBU\u0160KI","article_publisher":"https:\/\/www.facebook.com\/Radiio-Ljubuski-1490835324566332","article_published_time":"2021-04-09T06:39:41+00:00","og_image":[{"width":800,"height":550,"url":"https:\/\/radioljubuski.ba\/wp-content\/uploads\/2021\/04\/covid-1.jpg","type":"image\/jpeg"}],"author":"Radio Ljubu\u0161ki","twitter_card":"summary_large_image","twitter_creator":"@radioljubuski","twitter_site":"@radioljubuski","twitter_misc":{"Napisao\/la":"Radio Ljubu\u0161ki","Procijenjeno vrijeme \u010ditanja":"2 minute"},"schema":{"@context":"https:\/\/schema.org","@graph":[{"@type":"Article","@id":"https:\/\/radioljubuski.ba\/index.php\/2021\/04\/09\/sve-vise-zemalja-ogranicava-uporabu-astrazenece\/#article","isPartOf":{"@id":"https:\/\/radioljubuski.ba\/index.php\/2021\/04\/09\/sve-vise-zemalja-ogranicava-uporabu-astrazenece\/"},"author":{"name":"Radio Ljubu\u0161ki","@id":"https:\/\/radioljubuski.ba\/#\/schema\/person\/19fc700381a780f69665d7956c469e3b"},"headline":"Sve vi\u0161e zemalja ograni\u010dava uporabu AstraZenece","datePublished":"2021-04-09T06:39:41+00:00","mainEntityOfPage":{"@id":"https:\/\/radioljubuski.ba\/index.php\/2021\/04\/09\/sve-vise-zemalja-ogranicava-uporabu-astrazenece\/"},"wordCount":314,"publisher":{"@id":"https:\/\/radioljubuski.ba\/#organization"},"image":{"@id":"https:\/\/radioljubuski.ba\/index.php\/2021\/04\/09\/sve-vise-zemalja-ogranicava-uporabu-astrazenece\/#primaryimage"},"thumbnailUrl":"https:\/\/radioljubuski.ba\/wp-content\/uploads\/2021\/04\/covid-1.jpg","articleSection":["BIH i regija"],"inLanguage":"hr"},{"@type":"WebPage","@id":"https:\/\/radioljubuski.ba\/index.php\/2021\/04\/09\/sve-vise-zemalja-ogranicava-uporabu-astrazenece\/","url":"https:\/\/radioljubuski.ba\/index.php\/2021\/04\/09\/sve-vise-zemalja-ogranicava-uporabu-astrazenece\/","name":"Sve vi\u0161e zemalja ograni\u010dava uporabu AstraZenece - RADIO LJUBU\u0160KI","isPartOf":{"@id":"https:\/\/radioljubuski.ba\/#website"},"primaryImageOfPage":{"@id":"https:\/\/radioljubuski.ba\/index.php\/2021\/04\/09\/sve-vise-zemalja-ogranicava-uporabu-astrazenece\/#primaryimage"},"image":{"@id":"https:\/\/radioljubuski.ba\/index.php\/2021\/04\/09\/sve-vise-zemalja-ogranicava-uporabu-astrazenece\/#primaryimage"},"thumbnailUrl":"https:\/\/radioljubuski.ba\/wp-content\/uploads\/2021\/04\/covid-1.jpg","datePublished":"2021-04-09T06:39:41+00:00","breadcrumb":{"@id":"https:\/\/radioljubuski.ba\/index.php\/2021\/04\/09\/sve-vise-zemalja-ogranicava-uporabu-astrazenece\/#breadcrumb"},"inLanguage":"hr","potentialAction":[{"@type":"ReadAction","target":["https:\/\/radioljubuski.ba\/index.php\/2021\/04\/09\/sve-vise-zemalja-ogranicava-uporabu-astrazenece\/"]}]},{"@type":"ImageObject","inLanguage":"hr","@id":"https:\/\/radioljubuski.ba\/index.php\/2021\/04\/09\/sve-vise-zemalja-ogranicava-uporabu-astrazenece\/#primaryimage","url":"https:\/\/radioljubuski.ba\/wp-content\/uploads\/2021\/04\/covid-1.jpg","contentUrl":"https:\/\/radioljubuski.ba\/wp-content\/uploads\/2021\/04\/covid-1.jpg","width":800,"height":550},{"@type":"BreadcrumbList","@id":"https:\/\/radioljubuski.ba\/index.php\/2021\/04\/09\/sve-vise-zemalja-ogranicava-uporabu-astrazenece\/#breadcrumb","itemListElement":[{"@type":"ListItem","position":1,"name":"Po\u010detna stranica","item":"https:\/\/radioljubuski.ba\/"},{"@type":"ListItem","position":2,"name":"Sve vi\u0161e zemalja ograni\u010dava uporabu AstraZenece"}]},{"@type":"WebSite","@id":"https:\/\/radioljubuski.ba\/#website","url":"https:\/\/radioljubuski.ba\/","name":"Radio Ljubu\u0161ki","description":"Sun\u010dana frekvencija Hercegovine","publisher":{"@id":"https:\/\/radioljubuski.ba\/#organization"},"potentialAction":[{"@type":"SearchAction","target":{"@type":"EntryPoint","urlTemplate":"https:\/\/radioljubuski.ba\/?s={search_term_string}"},"query-input":{"@type":"PropertyValueSpecification","valueRequired":true,"valueName":"search_term_string"}}],"inLanguage":"hr"},{"@type":"Organization","@id":"https:\/\/radioljubuski.ba\/#organization","name":"Radio Ljubu\u0161ki","url":"https:\/\/radioljubuski.ba\/","logo":{"@type":"ImageObject","inLanguage":"hr","@id":"https:\/\/radioljubuski.ba\/#\/schema\/logo\/image\/","url":"https:\/\/radioljubuski.ba\/wp-content\/uploads\/2021\/02\/cropped-Radio_Ljubuski_logo1.jpg","contentUrl":"https:\/\/radioljubuski.ba\/wp-content\/uploads\/2021\/02\/cropped-Radio_Ljubuski_logo1.jpg","width":512,"height":512,"caption":"Radio Ljubu\u0161ki"},"image":{"@id":"https:\/\/radioljubuski.ba\/#\/schema\/logo\/image\/"},"sameAs":["https:\/\/www.facebook.com\/Radiio-Ljubuski-1490835324566332","https:\/\/x.com\/radioljubuski","https:\/\/hr.linkedin.com\/company\/radio-ljubuski","https:\/\/www.youtube.com\/channel\/UCHYaeO_n0Db3tjNGudGpXyw"]},{"@type":"Person","@id":"https:\/\/radioljubuski.ba\/#\/schema\/person\/19fc700381a780f69665d7956c469e3b","name":"Radio Ljubu\u0161ki"}]}},"_links":{"self":[{"href":"https:\/\/radioljubuski.ba\/index.php\/wp-json\/wp\/v2\/posts\/10996","targetHints":{"allow":["GET"]}}],"collection":[{"href":"https:\/\/radioljubuski.ba\/index.php\/wp-json\/wp\/v2\/posts"}],"about":[{"href":"https:\/\/radioljubuski.ba\/index.php\/wp-json\/wp\/v2\/types\/post"}],"author":[{"embeddable":true,"href":"https:\/\/radioljubuski.ba\/index.php\/wp-json\/wp\/v2\/users\/2"}],"replies":[{"embeddable":true,"href":"https:\/\/radioljubuski.ba\/index.php\/wp-json\/wp\/v2\/comments?post=10996"}],"version-history":[{"count":1,"href":"https:\/\/radioljubuski.ba\/index.php\/wp-json\/wp\/v2\/posts\/10996\/revisions"}],"predecessor-version":[{"id":11015,"href":"https:\/\/radioljubuski.ba\/index.php\/wp-json\/wp\/v2\/posts\/10996\/revisions\/11015"}],"wp:featuredmedia":[{"embeddable":true,"href":"https:\/\/radioljubuski.ba\/index.php\/wp-json\/wp\/v2\/media\/11014"}],"wp:attachment":[{"href":"https:\/\/radioljubuski.ba\/index.php\/wp-json\/wp\/v2\/media?parent=10996"}],"wp:term":[{"taxonomy":"category","embeddable":true,"href":"https:\/\/radioljubuski.ba\/index.php\/wp-json\/wp\/v2\/categories?post=10996"},{"taxonomy":"post_tag","embeddable":true,"href":"https:\/\/radioljubuski.ba\/index.php\/wp-json\/wp\/v2\/tags?post=10996"}],"curies":[{"name":"wp","href":"https:\/\/api.w.org\/{rel}","templated":true}]}}