{"id":11001,"date":"2021-04-09T07:34:35","date_gmt":"2021-04-09T06:34:35","guid":{"rendered":"https:\/\/radioljubuski.ba\/?p=11001"},"modified":"2021-04-09T07:34:36","modified_gmt":"2021-04-09T06:34:36","slug":"u-bih-22-prijave-reakcija-nakon-cijepljenja-protiv-bolesti-covid-19","status":"publish","type":"post","link":"https:\/\/radioljubuski.ba\/index.php\/2021\/04\/09\/u-bih-22-prijave-reakcija-nakon-cijepljenja-protiv-bolesti-covid-19\/","title":{"rendered":"U BiH 22 prijave reakcija nakon cijepljenja protiv bolesti COVID-19"},"content":{"rendered":"\n<p>Sektor za farmakovigilansu Agencije za lijekove i medicinska sredstva BiH (ALMBiH) zaprimio je dosad 22 prijave ne\u017eeljenih reakcija, poslije cijepljenja\u00a0protiv COVID -19 primljene u BiH, a kvalificirane su kao \u201cnon serious\u201d (nije ozbiljno). <br><br>Kako je kazao za Fenu direktor ALMBiH Aleksandar Zolak, prijavljeni simptomi su uobi\u010dajene reakcije na cjepivo, a to su povi\u0161ena tjelesna temperatura, groznica, osip, bol na mjestu administracije, glavobolja, umor, proljev prolongirani, sa oporavkom bez posljedica. <br><br>&#8220;Ukupno 18 prijava ne\u017eeljenih reakcija bilo je na cjepivo, zaprimljenu po osnovu Sporazuma o donaciji izme\u0111u Vlade Republike Srbije i Vije\u0107a ministara Bosne i Hercegovine, od 2. o\u017eujka ove godine. Za cjepivo iz Covax programa opskrbe, proizvo\u0111a\u010da BioNTech Manufacturing GmbH, zaprimljene su \u010detiri prijave. Jedna je zaprimljena prijava, sa oporavkom u tijeku&#8221;, kazao je. <br><br>Direktor Zolak dodaje da su zaprimljene i dvije prijave ne\u017eeljenog djelovanja, dr\u017eavljana BiH koji su cijepljeni u Srbiji, na cjepivo Covishield, Serum institute Indija. <br><br>&#8220;Svaka prijava ne\u017eeljenog djelovanja na cjepivo postaje dio va\u017enih informacija za procjenu sigurnosti cjepiva&#8221;, kazao je Zolak. <br><br>Dodaje da pacijenti koji su cijepljeni i imaju ne\u017eeljene reakcije poslije cijepljenja, trebaju to prijaviti zdravstvenom radniku (lije\u010dniku, apotekaru).<br><br>Podsje\u0107a da je lije\u010denje bolesti COVID-19 simptomatsko, ne kauzalno. To zna\u010di da nema lijeka koji lije\u010di bolest, postoje lijekovi kojima se ubla\u017eavaju simptomi bolesti. <br><br>&#8220;Lijek koji se koristi protiv bolesti je cjepivo, kao profilaksa odnosno preventiva bolesti. Cjepivom se stvara pasivni imunitet, kojim se osigurava da ljudski organizam ne razvije bolest nakon kontakta sa virusom&#8221;, naglasio je. <br><br>ALMBiH na svojoj web stranici nagla\u0161ava da mjesta, na kojima se vr\u0161i cijepljenje, moraju biti opremljena anti-\u0161ok terapijom. Na dan cijepljenja, pacijenta mora pregledati ljekar, obavezni su op\u0161ti pregled i mjerenje tjelesne temperature. Ako tjelesna temperatura prelazi 37\u00b0C cijepljenje se ne vr\u0161i. <br><br>U uvjetima pandemije rad u ALMBiH je organiziran na na\u010din da se smanji broj prisutnih u prostorijama agencije, a da procesi teku neometano. U Kontrolnom laboratoriju rad je organiziran u smjenama, a u ostalim sektorima, gdje je bilo mogu\u0107nosti za takvo organiziranje i \u017eelje uposlenih, rad je organiziran od ku\u0107e. <br><br>ALMBiH se, ka\u017ee Zolak, godinama suo\u010dava s nedostatkom stru\u010dnog kadra. Za vrijeme pandemije svi zaposleni ula\u017eu dodatan trud i napor da se procesi odvijaju neometano, bez obzira na vanredne okolnosti. <br><br>&#8220;Na\u0161 zadatak je o\u010duvanje javnog zdravlja kroz osiguravanje kvalitetnih, efikasnih i sigurnih lijekova i medicinskih sredstava. Planovi su vezani za izazove s kojima se suo\u010davamo, a to je nedostatak stru\u010dnog kadra. Dok ne dobijemo podr\u0161ku vlasti i ne rije\u0161imo problem u vezi nedostatka stru\u010dnog kadra, ne mo\u017eemo praviti planove&#8221;, kazao je direktor Zolak. <br><br><a href=\"http:\/\/www.almbih.gov.ba\/\">Agencija za lijekove i medicinska sredstva BiH<\/a> je ujedno i Nacionalni centar za pra\u0107enje ne\u017eeljenijih efekata lijekova u Bosni i Hercegovini. <br><br>Punopravna je \u010dlanica WHO-UMC mre\u017ee nacionalnih centara za pra\u0107enje ne\u017eeljenih efekata u svijetu, te jedina ima pristup WHO-UMC bazama za globalno prijavljivanje i pra\u0107enje ne\u017eeljenih efekata iz Bosne i Hercegovine. <br><br><a href=\"https:\/\/www.bljesak.info\/lifestyle\/zdravlje\/U-BiH-22-prijave-reakcija-nakon-cijepljenja-protiv-bolesti-COVID-19\/344095\">IZVOR: bljesak.info<\/a><\/p>\n","protected":false},"excerpt":{"rendered":"<p>Sektor za farmakovigilansu Agencije za lijekove i medicinska sredstva BiH (ALMBiH) zaprimio je dosad 22 prijave ne\u017eeljenih reakcija, poslije cijepljenja\u00a0protiv COVID -19 primljene u BiH, a kvalificirane su kao \u201cnon serious\u201d (nije ozbiljno). Kako je kazao za Fenu direktor ALMBiH Aleksandar Zolak, prijavljeni simptomi su uobi\u010dajene reakcije na cjepivo, a to su povi\u0161ena tjelesna temperatura, [&hellip;]<\/p>\n","protected":false},"author":2,"featured_media":11005,"comment_status":"closed","ping_status":"closed","sticky":false,"template":"","format":"standard","meta":{"h5ap_radio_sources":[],"footnotes":""},"categories":[1],"tags":[],"class_list":["post-11001","post","type-post","status-publish","format-standard","has-post-thumbnail","hentry","category-bihiregija"],"yoast_head":"<!-- This site is optimized with the Yoast SEO plugin v27.5 - https:\/\/yoast.com\/product\/yoast-seo-wordpress\/ -->\n<title>U BiH 22 prijave reakcija nakon cijepljenja protiv bolesti COVID-19 - RADIO LJUBU\u0160KI<\/title>\n<meta name=\"robots\" content=\"index, follow, max-snippet:-1, max-image-preview:large, max-video-preview:-1\" \/>\n<link rel=\"canonical\" href=\"https:\/\/radioljubuski.ba\/index.php\/2021\/04\/09\/u-bih-22-prijave-reakcija-nakon-cijepljenja-protiv-bolesti-covid-19\/\" \/>\n<meta property=\"og:locale\" content=\"hr_HR\" \/>\n<meta property=\"og:type\" content=\"article\" \/>\n<meta property=\"og:title\" content=\"U BiH 22 prijave reakcija nakon cijepljenja protiv bolesti COVID-19 - RADIO LJUBU\u0160KI\" \/>\n<meta property=\"og:description\" content=\"Sektor za farmakovigilansu Agencije za lijekove i medicinska sredstva BiH (ALMBiH) zaprimio je dosad 22 prijave ne\u017eeljenih reakcija, poslije cijepljenja\u00a0protiv COVID -19 primljene u BiH, a kvalificirane su kao \u201cnon serious\u201d (nije ozbiljno). Kako je kazao za Fenu direktor ALMBiH Aleksandar Zolak, prijavljeni simptomi su uobi\u010dajene reakcije na cjepivo, a to su povi\u0161ena tjelesna temperatura, [&hellip;]\" \/>\n<meta property=\"og:url\" content=\"https:\/\/radioljubuski.ba\/index.php\/2021\/04\/09\/u-bih-22-prijave-reakcija-nakon-cijepljenja-protiv-bolesti-covid-19\/\" \/>\n<meta property=\"og:site_name\" content=\"RADIO LJUBU\u0160KI\" \/>\n<meta property=\"article:publisher\" content=\"https:\/\/www.facebook.com\/Radiio-Ljubuski-1490835324566332\" \/>\n<meta property=\"article:published_time\" content=\"2021-04-09T06:34:35+00:00\" \/>\n<meta property=\"article:modified_time\" content=\"2021-04-09T06:34:36+00:00\" \/>\n<meta property=\"og:image\" content=\"https:\/\/radioljubuski.ba\/wp-content\/uploads\/2021\/04\/cjepljenje_bljesak.jpg\" \/>\n\t<meta property=\"og:image:width\" content=\"800\" \/>\n\t<meta property=\"og:image:height\" content=\"550\" \/>\n\t<meta property=\"og:image:type\" content=\"image\/jpeg\" \/>\n<meta name=\"author\" content=\"Radio Ljubu\u0161ki\" \/>\n<meta name=\"twitter:card\" content=\"summary_large_image\" \/>\n<meta name=\"twitter:creator\" content=\"@radioljubuski\" \/>\n<meta name=\"twitter:site\" content=\"@radioljubuski\" \/>\n<meta name=\"twitter:label1\" content=\"Napisao\/la\" \/>\n\t<meta name=\"twitter:data1\" content=\"Radio Ljubu\u0161ki\" \/>\n\t<meta name=\"twitter:label2\" content=\"Procijenjeno vrijeme \u010ditanja\" \/>\n\t<meta name=\"twitter:data2\" content=\"3 minute\" \/>\n<script type=\"application\/ld+json\" class=\"yoast-schema-graph\">{\"@context\":\"https:\\\/\\\/schema.org\",\"@graph\":[{\"@type\":\"Article\",\"@id\":\"https:\\\/\\\/radioljubuski.ba\\\/index.php\\\/2021\\\/04\\\/09\\\/u-bih-22-prijave-reakcija-nakon-cijepljenja-protiv-bolesti-covid-19\\\/#article\",\"isPartOf\":{\"@id\":\"https:\\\/\\\/radioljubuski.ba\\\/index.php\\\/2021\\\/04\\\/09\\\/u-bih-22-prijave-reakcija-nakon-cijepljenja-protiv-bolesti-covid-19\\\/\"},\"author\":{\"name\":\"Radio Ljubu\u0161ki\",\"@id\":\"https:\\\/\\\/radioljubuski.ba\\\/#\\\/schema\\\/person\\\/19fc700381a780f69665d7956c469e3b\"},\"headline\":\"U BiH 22 prijave reakcija nakon cijepljenja protiv bolesti COVID-19\",\"datePublished\":\"2021-04-09T06:34:35+00:00\",\"dateModified\":\"2021-04-09T06:34:36+00:00\",\"mainEntityOfPage\":{\"@id\":\"https:\\\/\\\/radioljubuski.ba\\\/index.php\\\/2021\\\/04\\\/09\\\/u-bih-22-prijave-reakcija-nakon-cijepljenja-protiv-bolesti-covid-19\\\/\"},\"wordCount\":522,\"publisher\":{\"@id\":\"https:\\\/\\\/radioljubuski.ba\\\/#organization\"},\"image\":{\"@id\":\"https:\\\/\\\/radioljubuski.ba\\\/index.php\\\/2021\\\/04\\\/09\\\/u-bih-22-prijave-reakcija-nakon-cijepljenja-protiv-bolesti-covid-19\\\/#primaryimage\"},\"thumbnailUrl\":\"https:\\\/\\\/radioljubuski.ba\\\/wp-content\\\/uploads\\\/2021\\\/04\\\/cjepljenje_bljesak.jpg\",\"articleSection\":[\"BIH i regija\"],\"inLanguage\":\"hr\"},{\"@type\":\"WebPage\",\"@id\":\"https:\\\/\\\/radioljubuski.ba\\\/index.php\\\/2021\\\/04\\\/09\\\/u-bih-22-prijave-reakcija-nakon-cijepljenja-protiv-bolesti-covid-19\\\/\",\"url\":\"https:\\\/\\\/radioljubuski.ba\\\/index.php\\\/2021\\\/04\\\/09\\\/u-bih-22-prijave-reakcija-nakon-cijepljenja-protiv-bolesti-covid-19\\\/\",\"name\":\"U BiH 22 prijave reakcija nakon cijepljenja protiv bolesti COVID-19 - RADIO LJUBU\u0160KI\",\"isPartOf\":{\"@id\":\"https:\\\/\\\/radioljubuski.ba\\\/#website\"},\"primaryImageOfPage\":{\"@id\":\"https:\\\/\\\/radioljubuski.ba\\\/index.php\\\/2021\\\/04\\\/09\\\/u-bih-22-prijave-reakcija-nakon-cijepljenja-protiv-bolesti-covid-19\\\/#primaryimage\"},\"image\":{\"@id\":\"https:\\\/\\\/radioljubuski.ba\\\/index.php\\\/2021\\\/04\\\/09\\\/u-bih-22-prijave-reakcija-nakon-cijepljenja-protiv-bolesti-covid-19\\\/#primaryimage\"},\"thumbnailUrl\":\"https:\\\/\\\/radioljubuski.ba\\\/wp-content\\\/uploads\\\/2021\\\/04\\\/cjepljenje_bljesak.jpg\",\"datePublished\":\"2021-04-09T06:34:35+00:00\",\"dateModified\":\"2021-04-09T06:34:36+00:00\",\"breadcrumb\":{\"@id\":\"https:\\\/\\\/radioljubuski.ba\\\/index.php\\\/2021\\\/04\\\/09\\\/u-bih-22-prijave-reakcija-nakon-cijepljenja-protiv-bolesti-covid-19\\\/#breadcrumb\"},\"inLanguage\":\"hr\",\"potentialAction\":[{\"@type\":\"ReadAction\",\"target\":[\"https:\\\/\\\/radioljubuski.ba\\\/index.php\\\/2021\\\/04\\\/09\\\/u-bih-22-prijave-reakcija-nakon-cijepljenja-protiv-bolesti-covid-19\\\/\"]}]},{\"@type\":\"ImageObject\",\"inLanguage\":\"hr\",\"@id\":\"https:\\\/\\\/radioljubuski.ba\\\/index.php\\\/2021\\\/04\\\/09\\\/u-bih-22-prijave-reakcija-nakon-cijepljenja-protiv-bolesti-covid-19\\\/#primaryimage\",\"url\":\"https:\\\/\\\/radioljubuski.ba\\\/wp-content\\\/uploads\\\/2021\\\/04\\\/cjepljenje_bljesak.jpg\",\"contentUrl\":\"https:\\\/\\\/radioljubuski.ba\\\/wp-content\\\/uploads\\\/2021\\\/04\\\/cjepljenje_bljesak.jpg\",\"width\":800,\"height\":550},{\"@type\":\"BreadcrumbList\",\"@id\":\"https:\\\/\\\/radioljubuski.ba\\\/index.php\\\/2021\\\/04\\\/09\\\/u-bih-22-prijave-reakcija-nakon-cijepljenja-protiv-bolesti-covid-19\\\/#breadcrumb\",\"itemListElement\":[{\"@type\":\"ListItem\",\"position\":1,\"name\":\"Po\u010detna stranica\",\"item\":\"https:\\\/\\\/radioljubuski.ba\\\/\"},{\"@type\":\"ListItem\",\"position\":2,\"name\":\"U BiH 22 prijave reakcija nakon cijepljenja protiv bolesti COVID-19\"}]},{\"@type\":\"WebSite\",\"@id\":\"https:\\\/\\\/radioljubuski.ba\\\/#website\",\"url\":\"https:\\\/\\\/radioljubuski.ba\\\/\",\"name\":\"Radio Ljubu\u0161ki\",\"description\":\"Sun\u010dana frekvencija Hercegovine\",\"publisher\":{\"@id\":\"https:\\\/\\\/radioljubuski.ba\\\/#organization\"},\"potentialAction\":[{\"@type\":\"SearchAction\",\"target\":{\"@type\":\"EntryPoint\",\"urlTemplate\":\"https:\\\/\\\/radioljubuski.ba\\\/?s={search_term_string}\"},\"query-input\":{\"@type\":\"PropertyValueSpecification\",\"valueRequired\":true,\"valueName\":\"search_term_string\"}}],\"inLanguage\":\"hr\"},{\"@type\":\"Organization\",\"@id\":\"https:\\\/\\\/radioljubuski.ba\\\/#organization\",\"name\":\"Radio Ljubu\u0161ki\",\"url\":\"https:\\\/\\\/radioljubuski.ba\\\/\",\"logo\":{\"@type\":\"ImageObject\",\"inLanguage\":\"hr\",\"@id\":\"https:\\\/\\\/radioljubuski.ba\\\/#\\\/schema\\\/logo\\\/image\\\/\",\"url\":\"https:\\\/\\\/radioljubuski.ba\\\/wp-content\\\/uploads\\\/2021\\\/02\\\/cropped-Radio_Ljubuski_logo1.jpg\",\"contentUrl\":\"https:\\\/\\\/radioljubuski.ba\\\/wp-content\\\/uploads\\\/2021\\\/02\\\/cropped-Radio_Ljubuski_logo1.jpg\",\"width\":512,\"height\":512,\"caption\":\"Radio Ljubu\u0161ki\"},\"image\":{\"@id\":\"https:\\\/\\\/radioljubuski.ba\\\/#\\\/schema\\\/logo\\\/image\\\/\"},\"sameAs\":[\"https:\\\/\\\/www.facebook.com\\\/Radiio-Ljubuski-1490835324566332\",\"https:\\\/\\\/x.com\\\/radioljubuski\",\"https:\\\/\\\/hr.linkedin.com\\\/company\\\/radio-ljubuski\",\"https:\\\/\\\/www.youtube.com\\\/channel\\\/UCHYaeO_n0Db3tjNGudGpXyw\"]},{\"@type\":\"Person\",\"@id\":\"https:\\\/\\\/radioljubuski.ba\\\/#\\\/schema\\\/person\\\/19fc700381a780f69665d7956c469e3b\",\"name\":\"Radio Ljubu\u0161ki\"}]}<\/script>\n<!-- \/ Yoast SEO plugin. -->","yoast_head_json":{"title":"U BiH 22 prijave reakcija nakon cijepljenja protiv bolesti COVID-19 - RADIO LJUBU\u0160KI","robots":{"index":"index","follow":"follow","max-snippet":"max-snippet:-1","max-image-preview":"max-image-preview:large","max-video-preview":"max-video-preview:-1"},"canonical":"https:\/\/radioljubuski.ba\/index.php\/2021\/04\/09\/u-bih-22-prijave-reakcija-nakon-cijepljenja-protiv-bolesti-covid-19\/","og_locale":"hr_HR","og_type":"article","og_title":"U BiH 22 prijave reakcija nakon cijepljenja protiv bolesti COVID-19 - RADIO LJUBU\u0160KI","og_description":"Sektor za farmakovigilansu Agencije za lijekove i medicinska sredstva BiH (ALMBiH) zaprimio je dosad 22 prijave ne\u017eeljenih reakcija, poslije cijepljenja\u00a0protiv COVID -19 primljene u BiH, a kvalificirane su kao \u201cnon serious\u201d (nije ozbiljno). Kako je kazao za Fenu direktor ALMBiH Aleksandar Zolak, prijavljeni simptomi su uobi\u010dajene reakcije na cjepivo, a to su povi\u0161ena tjelesna temperatura, [&hellip;]","og_url":"https:\/\/radioljubuski.ba\/index.php\/2021\/04\/09\/u-bih-22-prijave-reakcija-nakon-cijepljenja-protiv-bolesti-covid-19\/","og_site_name":"RADIO LJUBU\u0160KI","article_publisher":"https:\/\/www.facebook.com\/Radiio-Ljubuski-1490835324566332","article_published_time":"2021-04-09T06:34:35+00:00","article_modified_time":"2021-04-09T06:34:36+00:00","og_image":[{"width":800,"height":550,"url":"https:\/\/radioljubuski.ba\/wp-content\/uploads\/2021\/04\/cjepljenje_bljesak.jpg","type":"image\/jpeg"}],"author":"Radio Ljubu\u0161ki","twitter_card":"summary_large_image","twitter_creator":"@radioljubuski","twitter_site":"@radioljubuski","twitter_misc":{"Napisao\/la":"Radio Ljubu\u0161ki","Procijenjeno vrijeme \u010ditanja":"3 minute"},"schema":{"@context":"https:\/\/schema.org","@graph":[{"@type":"Article","@id":"https:\/\/radioljubuski.ba\/index.php\/2021\/04\/09\/u-bih-22-prijave-reakcija-nakon-cijepljenja-protiv-bolesti-covid-19\/#article","isPartOf":{"@id":"https:\/\/radioljubuski.ba\/index.php\/2021\/04\/09\/u-bih-22-prijave-reakcija-nakon-cijepljenja-protiv-bolesti-covid-19\/"},"author":{"name":"Radio Ljubu\u0161ki","@id":"https:\/\/radioljubuski.ba\/#\/schema\/person\/19fc700381a780f69665d7956c469e3b"},"headline":"U BiH 22 prijave reakcija nakon cijepljenja protiv bolesti COVID-19","datePublished":"2021-04-09T06:34:35+00:00","dateModified":"2021-04-09T06:34:36+00:00","mainEntityOfPage":{"@id":"https:\/\/radioljubuski.ba\/index.php\/2021\/04\/09\/u-bih-22-prijave-reakcija-nakon-cijepljenja-protiv-bolesti-covid-19\/"},"wordCount":522,"publisher":{"@id":"https:\/\/radioljubuski.ba\/#organization"},"image":{"@id":"https:\/\/radioljubuski.ba\/index.php\/2021\/04\/09\/u-bih-22-prijave-reakcija-nakon-cijepljenja-protiv-bolesti-covid-19\/#primaryimage"},"thumbnailUrl":"https:\/\/radioljubuski.ba\/wp-content\/uploads\/2021\/04\/cjepljenje_bljesak.jpg","articleSection":["BIH i regija"],"inLanguage":"hr"},{"@type":"WebPage","@id":"https:\/\/radioljubuski.ba\/index.php\/2021\/04\/09\/u-bih-22-prijave-reakcija-nakon-cijepljenja-protiv-bolesti-covid-19\/","url":"https:\/\/radioljubuski.ba\/index.php\/2021\/04\/09\/u-bih-22-prijave-reakcija-nakon-cijepljenja-protiv-bolesti-covid-19\/","name":"U BiH 22 prijave reakcija nakon cijepljenja protiv bolesti COVID-19 - RADIO LJUBU\u0160KI","isPartOf":{"@id":"https:\/\/radioljubuski.ba\/#website"},"primaryImageOfPage":{"@id":"https:\/\/radioljubuski.ba\/index.php\/2021\/04\/09\/u-bih-22-prijave-reakcija-nakon-cijepljenja-protiv-bolesti-covid-19\/#primaryimage"},"image":{"@id":"https:\/\/radioljubuski.ba\/index.php\/2021\/04\/09\/u-bih-22-prijave-reakcija-nakon-cijepljenja-protiv-bolesti-covid-19\/#primaryimage"},"thumbnailUrl":"https:\/\/radioljubuski.ba\/wp-content\/uploads\/2021\/04\/cjepljenje_bljesak.jpg","datePublished":"2021-04-09T06:34:35+00:00","dateModified":"2021-04-09T06:34:36+00:00","breadcrumb":{"@id":"https:\/\/radioljubuski.ba\/index.php\/2021\/04\/09\/u-bih-22-prijave-reakcija-nakon-cijepljenja-protiv-bolesti-covid-19\/#breadcrumb"},"inLanguage":"hr","potentialAction":[{"@type":"ReadAction","target":["https:\/\/radioljubuski.ba\/index.php\/2021\/04\/09\/u-bih-22-prijave-reakcija-nakon-cijepljenja-protiv-bolesti-covid-19\/"]}]},{"@type":"ImageObject","inLanguage":"hr","@id":"https:\/\/radioljubuski.ba\/index.php\/2021\/04\/09\/u-bih-22-prijave-reakcija-nakon-cijepljenja-protiv-bolesti-covid-19\/#primaryimage","url":"https:\/\/radioljubuski.ba\/wp-content\/uploads\/2021\/04\/cjepljenje_bljesak.jpg","contentUrl":"https:\/\/radioljubuski.ba\/wp-content\/uploads\/2021\/04\/cjepljenje_bljesak.jpg","width":800,"height":550},{"@type":"BreadcrumbList","@id":"https:\/\/radioljubuski.ba\/index.php\/2021\/04\/09\/u-bih-22-prijave-reakcija-nakon-cijepljenja-protiv-bolesti-covid-19\/#breadcrumb","itemListElement":[{"@type":"ListItem","position":1,"name":"Po\u010detna stranica","item":"https:\/\/radioljubuski.ba\/"},{"@type":"ListItem","position":2,"name":"U BiH 22 prijave reakcija nakon cijepljenja protiv bolesti COVID-19"}]},{"@type":"WebSite","@id":"https:\/\/radioljubuski.ba\/#website","url":"https:\/\/radioljubuski.ba\/","name":"Radio Ljubu\u0161ki","description":"Sun\u010dana frekvencija Hercegovine","publisher":{"@id":"https:\/\/radioljubuski.ba\/#organization"},"potentialAction":[{"@type":"SearchAction","target":{"@type":"EntryPoint","urlTemplate":"https:\/\/radioljubuski.ba\/?s={search_term_string}"},"query-input":{"@type":"PropertyValueSpecification","valueRequired":true,"valueName":"search_term_string"}}],"inLanguage":"hr"},{"@type":"Organization","@id":"https:\/\/radioljubuski.ba\/#organization","name":"Radio Ljubu\u0161ki","url":"https:\/\/radioljubuski.ba\/","logo":{"@type":"ImageObject","inLanguage":"hr","@id":"https:\/\/radioljubuski.ba\/#\/schema\/logo\/image\/","url":"https:\/\/radioljubuski.ba\/wp-content\/uploads\/2021\/02\/cropped-Radio_Ljubuski_logo1.jpg","contentUrl":"https:\/\/radioljubuski.ba\/wp-content\/uploads\/2021\/02\/cropped-Radio_Ljubuski_logo1.jpg","width":512,"height":512,"caption":"Radio Ljubu\u0161ki"},"image":{"@id":"https:\/\/radioljubuski.ba\/#\/schema\/logo\/image\/"},"sameAs":["https:\/\/www.facebook.com\/Radiio-Ljubuski-1490835324566332","https:\/\/x.com\/radioljubuski","https:\/\/hr.linkedin.com\/company\/radio-ljubuski","https:\/\/www.youtube.com\/channel\/UCHYaeO_n0Db3tjNGudGpXyw"]},{"@type":"Person","@id":"https:\/\/radioljubuski.ba\/#\/schema\/person\/19fc700381a780f69665d7956c469e3b","name":"Radio Ljubu\u0161ki"}]}},"_links":{"self":[{"href":"https:\/\/radioljubuski.ba\/index.php\/wp-json\/wp\/v2\/posts\/11001","targetHints":{"allow":["GET"]}}],"collection":[{"href":"https:\/\/radioljubuski.ba\/index.php\/wp-json\/wp\/v2\/posts"}],"about":[{"href":"https:\/\/radioljubuski.ba\/index.php\/wp-json\/wp\/v2\/types\/post"}],"author":[{"embeddable":true,"href":"https:\/\/radioljubuski.ba\/index.php\/wp-json\/wp\/v2\/users\/2"}],"replies":[{"embeddable":true,"href":"https:\/\/radioljubuski.ba\/index.php\/wp-json\/wp\/v2\/comments?post=11001"}],"version-history":[{"count":1,"href":"https:\/\/radioljubuski.ba\/index.php\/wp-json\/wp\/v2\/posts\/11001\/revisions"}],"predecessor-version":[{"id":11006,"href":"https:\/\/radioljubuski.ba\/index.php\/wp-json\/wp\/v2\/posts\/11001\/revisions\/11006"}],"wp:featuredmedia":[{"embeddable":true,"href":"https:\/\/radioljubuski.ba\/index.php\/wp-json\/wp\/v2\/media\/11005"}],"wp:attachment":[{"href":"https:\/\/radioljubuski.ba\/index.php\/wp-json\/wp\/v2\/media?parent=11001"}],"wp:term":[{"taxonomy":"category","embeddable":true,"href":"https:\/\/radioljubuski.ba\/index.php\/wp-json\/wp\/v2\/categories?post=11001"},{"taxonomy":"post_tag","embeddable":true,"href":"https:\/\/radioljubuski.ba\/index.php\/wp-json\/wp\/v2\/tags?post=11001"}],"curies":[{"name":"wp","href":"https:\/\/api.w.org\/{rel}","templated":true}]}}