{"id":11021,"date":"2021-04-09T07:53:33","date_gmt":"2021-04-09T06:53:33","guid":{"rendered":"https:\/\/radioljubuski.ba\/?p=11021"},"modified":"2021-04-09T07:53:34","modified_gmt":"2021-04-09T06:53:34","slug":"hadzikadic-ustav-bih-se-mora-mijenjati-ali-to-moraju-uciniti-gradani-na-referendumu","status":"publish","type":"post","link":"https:\/\/radioljubuski.ba\/index.php\/2021\/04\/09\/hadzikadic-ustav-bih-se-mora-mijenjati-ali-to-moraju-uciniti-gradani-na-referendumu\/","title":{"rendered":"Had\u017eikadi\u0107: Ustav BiH se mora mijenjati, ali to moraju u\u010diniti gra\u0111ani na referendumu"},"content":{"rendered":"\n<p>Predsjednik Platforme za progres Mirsad Had\u017eikadi\u0107 kazao je ju\u010der da Bosni i Hercegovini novi ustav s redefiniranim ure\u0111enjem, osnovama i principima, uskla\u0111en s me\u0111unarodnim konvencijama i sporazumima.<\/p>\n\n\n\n<p>Kako je rekao, primjera naru\u0161avanja Ustava Bosne i Hercegovine ima mnogo, a nepo\u0161tivanje odluka Ustavnog suda BiH o dr\u017eavnoj imovini, kr\u0161enje obaveze slije\u0111enja me\u0111unarodnih ugovora i sudskih odluka i neprovo\u0111enje odluka Ustavnog suda BiH samo su neki od primjera kojim se vr\u0161e napadi na Bosnu i Hercegovinu.<\/p>\n\n\n\n<p>&#8220;Ustav je vi\u0161e od simbola jednog demokratskog sistema &#8211; to je temelj na\u0161eg pravnog dru\u0161tva i demokracije, izraz zajedni\u010dkih stavova i vrijednosti, koji su osnova za svako ure\u0111eno dru\u0161tvo. Kada znamo temeljne osnove, ulogu i gra\u0111u Ustava, te zakone koji svoju inspiraciju i legalitet crpe iz Ustava, a s druge strane imamo u\u010destalo kr\u0161enje i nepo\u0161tivanje i zakona i Ustava, postavlja se pitanje: Za\u0161to? Jedini odgovor mo\u017ee biti da su to primjeri neprijateljskog djelovanja prema dr\u017eavi Bosni i Hercegovini i njenim gra\u0111anima&#8221;, kazao je Had\u017eikadi\u0107.<\/p>\n\n\n\n<p>Cijenu takvog pona\u0161anja, ka\u017ee Had\u017eikadi\u0107, pla\u0107aju gra\u0111ani, jer zbog ovoga nema respiratora, vakcina, uhi\u0107enih za po\u010dinjena ubojstva, ali kako ka\u017ee, ima mr\u017enje, korupcije, negiranja genocida.<\/p>\n\n\n\n<p>&#8220;Taj proces promjene mora biti rezultat \u0161irokog politi\u010dkog sporazuma i naravno legitimiran referendumom gra\u0111ana Bosne i Hercegovine. Tako\u0111er, treba nam i preuzimanje odgovornosti za neprovo\u0111enje zakona, odluka i obaveza koje proisti\u010du iz ne\u010dijeg opisa posla. Stanje u kojem se nalazimo danas kao dr\u017eava i dru\u0161tvo jednostavno odra\u017eava \u010dinjenicu da smo dozvolili bahatim vlastodr\u0161cima da pretvore dr\u017eavu u svoj bankomat, svoju firmu, svoj posjed. Zakon va\u017ei za sve nas, ali ne i za njih. Oni su nedodirljivi. Dokad?&#8221;, pita se Had\u017eikadi\u0107.<\/p>\n\n\n\n<p><a href=\"https:\/\/www.klix.ba\/vijesti\/bih\/hadzikadic-ustav-bih-se-mora-mijenjati-ali-to-moraju-uciniti-gradjani-na-referendumu\/210409004\">Izvor: Klix.ba<\/a><\/p>\n","protected":false},"excerpt":{"rendered":"<p>Predsjednik Platforme za progres Mirsad Had\u017eikadi\u0107 kazao je ju\u010der da Bosni i Hercegovini novi ustav s redefiniranim ure\u0111enjem, osnovama i principima, uskla\u0111en s me\u0111unarodnim konvencijama i sporazumima. Kako je rekao, primjera naru\u0161avanja Ustava Bosne i Hercegovine ima mnogo, a nepo\u0161tivanje odluka Ustavnog suda BiH o dr\u017eavnoj imovini, kr\u0161enje obaveze slije\u0111enja me\u0111unarodnih ugovora i sudskih odluka [&hellip;]<\/p>\n","protected":false},"author":2,"featured_media":11024,"comment_status":"closed","ping_status":"closed","sticky":false,"template":"","format":"standard","meta":{"h5ap_radio_sources":[],"footnotes":""},"categories":[1],"tags":[],"class_list":["post-11021","post","type-post","status-publish","format-standard","has-post-thumbnail","hentry","category-bihiregija"],"yoast_head":"<!-- This site is optimized with the Yoast SEO plugin v27.5 - https:\/\/yoast.com\/product\/yoast-seo-wordpress\/ -->\n<title>Had\u017eikadi\u0107: Ustav BiH se mora mijenjati, ali to moraju u\u010diniti gra\u0111ani na referendumu - RADIO LJUBU\u0160KI<\/title>\n<meta name=\"robots\" content=\"index, follow, max-snippet:-1, max-image-preview:large, max-video-preview:-1\" \/>\n<link rel=\"canonical\" href=\"https:\/\/radioljubuski.ba\/index.php\/2021\/04\/09\/hadzikadic-ustav-bih-se-mora-mijenjati-ali-to-moraju-uciniti-gradani-na-referendumu\/\" \/>\n<meta property=\"og:locale\" content=\"hr_HR\" \/>\n<meta property=\"og:type\" content=\"article\" \/>\n<meta property=\"og:title\" content=\"Had\u017eikadi\u0107: Ustav BiH se mora mijenjati, ali to moraju u\u010diniti gra\u0111ani na referendumu - RADIO LJUBU\u0160KI\" \/>\n<meta property=\"og:description\" content=\"Predsjednik Platforme za progres Mirsad Had\u017eikadi\u0107 kazao je ju\u010der da Bosni i Hercegovini novi ustav s redefiniranim ure\u0111enjem, osnovama i principima, uskla\u0111en s me\u0111unarodnim konvencijama i sporazumima. Kako je rekao, primjera naru\u0161avanja Ustava Bosne i Hercegovine ima mnogo, a nepo\u0161tivanje odluka Ustavnog suda BiH o dr\u017eavnoj imovini, kr\u0161enje obaveze slije\u0111enja me\u0111unarodnih ugovora i sudskih odluka [&hellip;]\" \/>\n<meta property=\"og:url\" content=\"https:\/\/radioljubuski.ba\/index.php\/2021\/04\/09\/hadzikadic-ustav-bih-se-mora-mijenjati-ali-to-moraju-uciniti-gradani-na-referendumu\/\" \/>\n<meta property=\"og:site_name\" content=\"RADIO LJUBU\u0160KI\" \/>\n<meta property=\"article:publisher\" content=\"https:\/\/www.facebook.com\/Radiio-Ljubuski-1490835324566332\" \/>\n<meta property=\"article:published_time\" content=\"2021-04-09T06:53:33+00:00\" \/>\n<meta property=\"article:modified_time\" content=\"2021-04-09T06:53:34+00:00\" \/>\n<meta property=\"og:image\" content=\"https:\/\/radioljubuski.ba\/wp-content\/uploads\/2021\/04\/b_210409004.jpg\" \/>\n\t<meta property=\"og:image:width\" content=\"800\" \/>\n\t<meta property=\"og:image:height\" content=\"533\" \/>\n\t<meta property=\"og:image:type\" content=\"image\/jpeg\" \/>\n<meta name=\"author\" content=\"Radio Ljubu\u0161ki\" \/>\n<meta name=\"twitter:card\" content=\"summary_large_image\" \/>\n<meta name=\"twitter:creator\" content=\"@radioljubuski\" \/>\n<meta name=\"twitter:site\" content=\"@radioljubuski\" \/>\n<meta name=\"twitter:label1\" content=\"Napisao\/la\" \/>\n\t<meta name=\"twitter:data1\" content=\"Radio Ljubu\u0161ki\" \/>\n\t<meta name=\"twitter:label2\" content=\"Procijenjeno vrijeme \u010ditanja\" \/>\n\t<meta name=\"twitter:data2\" content=\"2 minute\" \/>\n<script type=\"application\/ld+json\" class=\"yoast-schema-graph\">{\"@context\":\"https:\\\/\\\/schema.org\",\"@graph\":[{\"@type\":\"Article\",\"@id\":\"https:\\\/\\\/radioljubuski.ba\\\/index.php\\\/2021\\\/04\\\/09\\\/hadzikadic-ustav-bih-se-mora-mijenjati-ali-to-moraju-uciniti-gradani-na-referendumu\\\/#article\",\"isPartOf\":{\"@id\":\"https:\\\/\\\/radioljubuski.ba\\\/index.php\\\/2021\\\/04\\\/09\\\/hadzikadic-ustav-bih-se-mora-mijenjati-ali-to-moraju-uciniti-gradani-na-referendumu\\\/\"},\"author\":{\"name\":\"Radio Ljubu\u0161ki\",\"@id\":\"https:\\\/\\\/radioljubuski.ba\\\/#\\\/schema\\\/person\\\/19fc700381a780f69665d7956c469e3b\"},\"headline\":\"Had\u017eikadi\u0107: Ustav BiH se mora mijenjati, ali to moraju u\u010diniti gra\u0111ani na referendumu\",\"datePublished\":\"2021-04-09T06:53:33+00:00\",\"dateModified\":\"2021-04-09T06:53:34+00:00\",\"mainEntityOfPage\":{\"@id\":\"https:\\\/\\\/radioljubuski.ba\\\/index.php\\\/2021\\\/04\\\/09\\\/hadzikadic-ustav-bih-se-mora-mijenjati-ali-to-moraju-uciniti-gradani-na-referendumu\\\/\"},\"wordCount\":333,\"publisher\":{\"@id\":\"https:\\\/\\\/radioljubuski.ba\\\/#organization\"},\"image\":{\"@id\":\"https:\\\/\\\/radioljubuski.ba\\\/index.php\\\/2021\\\/04\\\/09\\\/hadzikadic-ustav-bih-se-mora-mijenjati-ali-to-moraju-uciniti-gradani-na-referendumu\\\/#primaryimage\"},\"thumbnailUrl\":\"https:\\\/\\\/radioljubuski.ba\\\/wp-content\\\/uploads\\\/2021\\\/04\\\/b_210409004.jpg\",\"articleSection\":[\"BIH i regija\"],\"inLanguage\":\"hr\"},{\"@type\":\"WebPage\",\"@id\":\"https:\\\/\\\/radioljubuski.ba\\\/index.php\\\/2021\\\/04\\\/09\\\/hadzikadic-ustav-bih-se-mora-mijenjati-ali-to-moraju-uciniti-gradani-na-referendumu\\\/\",\"url\":\"https:\\\/\\\/radioljubuski.ba\\\/index.php\\\/2021\\\/04\\\/09\\\/hadzikadic-ustav-bih-se-mora-mijenjati-ali-to-moraju-uciniti-gradani-na-referendumu\\\/\",\"name\":\"Had\u017eikadi\u0107: Ustav BiH se mora mijenjati, ali to moraju u\u010diniti gra\u0111ani na referendumu - RADIO LJUBU\u0160KI\",\"isPartOf\":{\"@id\":\"https:\\\/\\\/radioljubuski.ba\\\/#website\"},\"primaryImageOfPage\":{\"@id\":\"https:\\\/\\\/radioljubuski.ba\\\/index.php\\\/2021\\\/04\\\/09\\\/hadzikadic-ustav-bih-se-mora-mijenjati-ali-to-moraju-uciniti-gradani-na-referendumu\\\/#primaryimage\"},\"image\":{\"@id\":\"https:\\\/\\\/radioljubuski.ba\\\/index.php\\\/2021\\\/04\\\/09\\\/hadzikadic-ustav-bih-se-mora-mijenjati-ali-to-moraju-uciniti-gradani-na-referendumu\\\/#primaryimage\"},\"thumbnailUrl\":\"https:\\\/\\\/radioljubuski.ba\\\/wp-content\\\/uploads\\\/2021\\\/04\\\/b_210409004.jpg\",\"datePublished\":\"2021-04-09T06:53:33+00:00\",\"dateModified\":\"2021-04-09T06:53:34+00:00\",\"breadcrumb\":{\"@id\":\"https:\\\/\\\/radioljubuski.ba\\\/index.php\\\/2021\\\/04\\\/09\\\/hadzikadic-ustav-bih-se-mora-mijenjati-ali-to-moraju-uciniti-gradani-na-referendumu\\\/#breadcrumb\"},\"inLanguage\":\"hr\",\"potentialAction\":[{\"@type\":\"ReadAction\",\"target\":[\"https:\\\/\\\/radioljubuski.ba\\\/index.php\\\/2021\\\/04\\\/09\\\/hadzikadic-ustav-bih-se-mora-mijenjati-ali-to-moraju-uciniti-gradani-na-referendumu\\\/\"]}]},{\"@type\":\"ImageObject\",\"inLanguage\":\"hr\",\"@id\":\"https:\\\/\\\/radioljubuski.ba\\\/index.php\\\/2021\\\/04\\\/09\\\/hadzikadic-ustav-bih-se-mora-mijenjati-ali-to-moraju-uciniti-gradani-na-referendumu\\\/#primaryimage\",\"url\":\"https:\\\/\\\/radioljubuski.ba\\\/wp-content\\\/uploads\\\/2021\\\/04\\\/b_210409004.jpg\",\"contentUrl\":\"https:\\\/\\\/radioljubuski.ba\\\/wp-content\\\/uploads\\\/2021\\\/04\\\/b_210409004.jpg\",\"width\":800,\"height\":533},{\"@type\":\"BreadcrumbList\",\"@id\":\"https:\\\/\\\/radioljubuski.ba\\\/index.php\\\/2021\\\/04\\\/09\\\/hadzikadic-ustav-bih-se-mora-mijenjati-ali-to-moraju-uciniti-gradani-na-referendumu\\\/#breadcrumb\",\"itemListElement\":[{\"@type\":\"ListItem\",\"position\":1,\"name\":\"Po\u010detna stranica\",\"item\":\"https:\\\/\\\/radioljubuski.ba\\\/\"},{\"@type\":\"ListItem\",\"position\":2,\"name\":\"Had\u017eikadi\u0107: Ustav BiH se mora mijenjati, ali to moraju u\u010diniti gra\u0111ani na referendumu\"}]},{\"@type\":\"WebSite\",\"@id\":\"https:\\\/\\\/radioljubuski.ba\\\/#website\",\"url\":\"https:\\\/\\\/radioljubuski.ba\\\/\",\"name\":\"Radio Ljubu\u0161ki\",\"description\":\"Sun\u010dana frekvencija Hercegovine\",\"publisher\":{\"@id\":\"https:\\\/\\\/radioljubuski.ba\\\/#organization\"},\"potentialAction\":[{\"@type\":\"SearchAction\",\"target\":{\"@type\":\"EntryPoint\",\"urlTemplate\":\"https:\\\/\\\/radioljubuski.ba\\\/?s={search_term_string}\"},\"query-input\":{\"@type\":\"PropertyValueSpecification\",\"valueRequired\":true,\"valueName\":\"search_term_string\"}}],\"inLanguage\":\"hr\"},{\"@type\":\"Organization\",\"@id\":\"https:\\\/\\\/radioljubuski.ba\\\/#organization\",\"name\":\"Radio Ljubu\u0161ki\",\"url\":\"https:\\\/\\\/radioljubuski.ba\\\/\",\"logo\":{\"@type\":\"ImageObject\",\"inLanguage\":\"hr\",\"@id\":\"https:\\\/\\\/radioljubuski.ba\\\/#\\\/schema\\\/logo\\\/image\\\/\",\"url\":\"https:\\\/\\\/radioljubuski.ba\\\/wp-content\\\/uploads\\\/2021\\\/02\\\/cropped-Radio_Ljubuski_logo1.jpg\",\"contentUrl\":\"https:\\\/\\\/radioljubuski.ba\\\/wp-content\\\/uploads\\\/2021\\\/02\\\/cropped-Radio_Ljubuski_logo1.jpg\",\"width\":512,\"height\":512,\"caption\":\"Radio Ljubu\u0161ki\"},\"image\":{\"@id\":\"https:\\\/\\\/radioljubuski.ba\\\/#\\\/schema\\\/logo\\\/image\\\/\"},\"sameAs\":[\"https:\\\/\\\/www.facebook.com\\\/Radiio-Ljubuski-1490835324566332\",\"https:\\\/\\\/x.com\\\/radioljubuski\",\"https:\\\/\\\/hr.linkedin.com\\\/company\\\/radio-ljubuski\",\"https:\\\/\\\/www.youtube.com\\\/channel\\\/UCHYaeO_n0Db3tjNGudGpXyw\"]},{\"@type\":\"Person\",\"@id\":\"https:\\\/\\\/radioljubuski.ba\\\/#\\\/schema\\\/person\\\/19fc700381a780f69665d7956c469e3b\",\"name\":\"Radio Ljubu\u0161ki\"}]}<\/script>\n<!-- \/ Yoast SEO plugin. -->","yoast_head_json":{"title":"Had\u017eikadi\u0107: Ustav BiH se mora mijenjati, ali to moraju u\u010diniti gra\u0111ani na referendumu - RADIO LJUBU\u0160KI","robots":{"index":"index","follow":"follow","max-snippet":"max-snippet:-1","max-image-preview":"max-image-preview:large","max-video-preview":"max-video-preview:-1"},"canonical":"https:\/\/radioljubuski.ba\/index.php\/2021\/04\/09\/hadzikadic-ustav-bih-se-mora-mijenjati-ali-to-moraju-uciniti-gradani-na-referendumu\/","og_locale":"hr_HR","og_type":"article","og_title":"Had\u017eikadi\u0107: Ustav BiH se mora mijenjati, ali to moraju u\u010diniti gra\u0111ani na referendumu - RADIO LJUBU\u0160KI","og_description":"Predsjednik Platforme za progres Mirsad Had\u017eikadi\u0107 kazao je ju\u010der da Bosni i Hercegovini novi ustav s redefiniranim ure\u0111enjem, osnovama i principima, uskla\u0111en s me\u0111unarodnim konvencijama i sporazumima. Kako je rekao, primjera naru\u0161avanja Ustava Bosne i Hercegovine ima mnogo, a nepo\u0161tivanje odluka Ustavnog suda BiH o dr\u017eavnoj imovini, kr\u0161enje obaveze slije\u0111enja me\u0111unarodnih ugovora i sudskih odluka [&hellip;]","og_url":"https:\/\/radioljubuski.ba\/index.php\/2021\/04\/09\/hadzikadic-ustav-bih-se-mora-mijenjati-ali-to-moraju-uciniti-gradani-na-referendumu\/","og_site_name":"RADIO LJUBU\u0160KI","article_publisher":"https:\/\/www.facebook.com\/Radiio-Ljubuski-1490835324566332","article_published_time":"2021-04-09T06:53:33+00:00","article_modified_time":"2021-04-09T06:53:34+00:00","og_image":[{"width":800,"height":533,"url":"https:\/\/radioljubuski.ba\/wp-content\/uploads\/2021\/04\/b_210409004.jpg","type":"image\/jpeg"}],"author":"Radio Ljubu\u0161ki","twitter_card":"summary_large_image","twitter_creator":"@radioljubuski","twitter_site":"@radioljubuski","twitter_misc":{"Napisao\/la":"Radio Ljubu\u0161ki","Procijenjeno vrijeme \u010ditanja":"2 minute"},"schema":{"@context":"https:\/\/schema.org","@graph":[{"@type":"Article","@id":"https:\/\/radioljubuski.ba\/index.php\/2021\/04\/09\/hadzikadic-ustav-bih-se-mora-mijenjati-ali-to-moraju-uciniti-gradani-na-referendumu\/#article","isPartOf":{"@id":"https:\/\/radioljubuski.ba\/index.php\/2021\/04\/09\/hadzikadic-ustav-bih-se-mora-mijenjati-ali-to-moraju-uciniti-gradani-na-referendumu\/"},"author":{"name":"Radio Ljubu\u0161ki","@id":"https:\/\/radioljubuski.ba\/#\/schema\/person\/19fc700381a780f69665d7956c469e3b"},"headline":"Had\u017eikadi\u0107: Ustav BiH se mora mijenjati, ali to moraju u\u010diniti gra\u0111ani na referendumu","datePublished":"2021-04-09T06:53:33+00:00","dateModified":"2021-04-09T06:53:34+00:00","mainEntityOfPage":{"@id":"https:\/\/radioljubuski.ba\/index.php\/2021\/04\/09\/hadzikadic-ustav-bih-se-mora-mijenjati-ali-to-moraju-uciniti-gradani-na-referendumu\/"},"wordCount":333,"publisher":{"@id":"https:\/\/radioljubuski.ba\/#organization"},"image":{"@id":"https:\/\/radioljubuski.ba\/index.php\/2021\/04\/09\/hadzikadic-ustav-bih-se-mora-mijenjati-ali-to-moraju-uciniti-gradani-na-referendumu\/#primaryimage"},"thumbnailUrl":"https:\/\/radioljubuski.ba\/wp-content\/uploads\/2021\/04\/b_210409004.jpg","articleSection":["BIH i regija"],"inLanguage":"hr"},{"@type":"WebPage","@id":"https:\/\/radioljubuski.ba\/index.php\/2021\/04\/09\/hadzikadic-ustav-bih-se-mora-mijenjati-ali-to-moraju-uciniti-gradani-na-referendumu\/","url":"https:\/\/radioljubuski.ba\/index.php\/2021\/04\/09\/hadzikadic-ustav-bih-se-mora-mijenjati-ali-to-moraju-uciniti-gradani-na-referendumu\/","name":"Had\u017eikadi\u0107: Ustav BiH se mora mijenjati, ali to moraju u\u010diniti gra\u0111ani na referendumu - RADIO LJUBU\u0160KI","isPartOf":{"@id":"https:\/\/radioljubuski.ba\/#website"},"primaryImageOfPage":{"@id":"https:\/\/radioljubuski.ba\/index.php\/2021\/04\/09\/hadzikadic-ustav-bih-se-mora-mijenjati-ali-to-moraju-uciniti-gradani-na-referendumu\/#primaryimage"},"image":{"@id":"https:\/\/radioljubuski.ba\/index.php\/2021\/04\/09\/hadzikadic-ustav-bih-se-mora-mijenjati-ali-to-moraju-uciniti-gradani-na-referendumu\/#primaryimage"},"thumbnailUrl":"https:\/\/radioljubuski.ba\/wp-content\/uploads\/2021\/04\/b_210409004.jpg","datePublished":"2021-04-09T06:53:33+00:00","dateModified":"2021-04-09T06:53:34+00:00","breadcrumb":{"@id":"https:\/\/radioljubuski.ba\/index.php\/2021\/04\/09\/hadzikadic-ustav-bih-se-mora-mijenjati-ali-to-moraju-uciniti-gradani-na-referendumu\/#breadcrumb"},"inLanguage":"hr","potentialAction":[{"@type":"ReadAction","target":["https:\/\/radioljubuski.ba\/index.php\/2021\/04\/09\/hadzikadic-ustav-bih-se-mora-mijenjati-ali-to-moraju-uciniti-gradani-na-referendumu\/"]}]},{"@type":"ImageObject","inLanguage":"hr","@id":"https:\/\/radioljubuski.ba\/index.php\/2021\/04\/09\/hadzikadic-ustav-bih-se-mora-mijenjati-ali-to-moraju-uciniti-gradani-na-referendumu\/#primaryimage","url":"https:\/\/radioljubuski.ba\/wp-content\/uploads\/2021\/04\/b_210409004.jpg","contentUrl":"https:\/\/radioljubuski.ba\/wp-content\/uploads\/2021\/04\/b_210409004.jpg","width":800,"height":533},{"@type":"BreadcrumbList","@id":"https:\/\/radioljubuski.ba\/index.php\/2021\/04\/09\/hadzikadic-ustav-bih-se-mora-mijenjati-ali-to-moraju-uciniti-gradani-na-referendumu\/#breadcrumb","itemListElement":[{"@type":"ListItem","position":1,"name":"Po\u010detna stranica","item":"https:\/\/radioljubuski.ba\/"},{"@type":"ListItem","position":2,"name":"Had\u017eikadi\u0107: Ustav BiH se mora mijenjati, ali to moraju u\u010diniti gra\u0111ani na referendumu"}]},{"@type":"WebSite","@id":"https:\/\/radioljubuski.ba\/#website","url":"https:\/\/radioljubuski.ba\/","name":"Radio Ljubu\u0161ki","description":"Sun\u010dana frekvencija Hercegovine","publisher":{"@id":"https:\/\/radioljubuski.ba\/#organization"},"potentialAction":[{"@type":"SearchAction","target":{"@type":"EntryPoint","urlTemplate":"https:\/\/radioljubuski.ba\/?s={search_term_string}"},"query-input":{"@type":"PropertyValueSpecification","valueRequired":true,"valueName":"search_term_string"}}],"inLanguage":"hr"},{"@type":"Organization","@id":"https:\/\/radioljubuski.ba\/#organization","name":"Radio Ljubu\u0161ki","url":"https:\/\/radioljubuski.ba\/","logo":{"@type":"ImageObject","inLanguage":"hr","@id":"https:\/\/radioljubuski.ba\/#\/schema\/logo\/image\/","url":"https:\/\/radioljubuski.ba\/wp-content\/uploads\/2021\/02\/cropped-Radio_Ljubuski_logo1.jpg","contentUrl":"https:\/\/radioljubuski.ba\/wp-content\/uploads\/2021\/02\/cropped-Radio_Ljubuski_logo1.jpg","width":512,"height":512,"caption":"Radio Ljubu\u0161ki"},"image":{"@id":"https:\/\/radioljubuski.ba\/#\/schema\/logo\/image\/"},"sameAs":["https:\/\/www.facebook.com\/Radiio-Ljubuski-1490835324566332","https:\/\/x.com\/radioljubuski","https:\/\/hr.linkedin.com\/company\/radio-ljubuski","https:\/\/www.youtube.com\/channel\/UCHYaeO_n0Db3tjNGudGpXyw"]},{"@type":"Person","@id":"https:\/\/radioljubuski.ba\/#\/schema\/person\/19fc700381a780f69665d7956c469e3b","name":"Radio Ljubu\u0161ki"}]}},"_links":{"self":[{"href":"https:\/\/radioljubuski.ba\/index.php\/wp-json\/wp\/v2\/posts\/11021","targetHints":{"allow":["GET"]}}],"collection":[{"href":"https:\/\/radioljubuski.ba\/index.php\/wp-json\/wp\/v2\/posts"}],"about":[{"href":"https:\/\/radioljubuski.ba\/index.php\/wp-json\/wp\/v2\/types\/post"}],"author":[{"embeddable":true,"href":"https:\/\/radioljubuski.ba\/index.php\/wp-json\/wp\/v2\/users\/2"}],"replies":[{"embeddable":true,"href":"https:\/\/radioljubuski.ba\/index.php\/wp-json\/wp\/v2\/comments?post=11021"}],"version-history":[{"count":1,"href":"https:\/\/radioljubuski.ba\/index.php\/wp-json\/wp\/v2\/posts\/11021\/revisions"}],"predecessor-version":[{"id":11025,"href":"https:\/\/radioljubuski.ba\/index.php\/wp-json\/wp\/v2\/posts\/11021\/revisions\/11025"}],"wp:featuredmedia":[{"embeddable":true,"href":"https:\/\/radioljubuski.ba\/index.php\/wp-json\/wp\/v2\/media\/11024"}],"wp:attachment":[{"href":"https:\/\/radioljubuski.ba\/index.php\/wp-json\/wp\/v2\/media?parent=11021"}],"wp:term":[{"taxonomy":"category","embeddable":true,"href":"https:\/\/radioljubuski.ba\/index.php\/wp-json\/wp\/v2\/categories?post=11021"},{"taxonomy":"post_tag","embeddable":true,"href":"https:\/\/radioljubuski.ba\/index.php\/wp-json\/wp\/v2\/tags?post=11021"}],"curies":[{"name":"wp","href":"https:\/\/api.w.org\/{rel}","templated":true}]}}