{"id":110285,"date":"2022-01-30T23:45:16","date_gmt":"2022-01-30T22:45:16","guid":{"rendered":"https:\/\/radioljubuski.ba\/?p=110285"},"modified":"2022-01-30T23:45:17","modified_gmt":"2022-01-30T22:45:17","slug":"tko-je-novi-vrhbosanski-nadbiskup-mons-tomo-vuksic","status":"publish","type":"post","link":"https:\/\/radioljubuski.ba\/index.php\/2022\/01\/30\/tko-je-novi-vrhbosanski-nadbiskup-mons-tomo-vuksic\/","title":{"rendered":"Tko je novi vrhbosanski nadbiskup mons. Tomo Vuk\u0161i\u0107?"},"content":{"rendered":"\n<p><strong>Odlukom pape Franje vodstvo Vrhbosanske nadbiskupije od subote, 29. sije\u010dnja povjereno je nadbiskupu mons. Tomi Vuk\u0161i\u0107u. Time je postao sedmi nadbiskup metropolita od redovite uspostave crkvene hijerarhije 1881.<\/strong><\/p>\n\n\n\n<p>Mons. Vuk\u0161i\u0107 ro\u0111en je 9. sije\u010dnja 1954. u Studencima, op\u0107ina Ljubu\u0161ki, u Mostarsko-Duvanjskoj biskupiji. Nakon studija filozofije i teologije zare\u0111en je za sve\u0107enika 29. lipnja 1980. te je bio \u017eupni vikar u katedrali u Mostaru (1980.-1982.). U Rimu je na Papinskom orijentalnom institutu postigao magisterij na odjelu teologija-patrologija (1984.) i potom magisterij iz kanonskoga prava na Papinskom sveu\u010dili\u0161tu Urbaniana (1986.). Nakon toga je kroz dvije godine obna\u0161ao slu\u017ebu tajnika biskupije u Mostaru. Vrativ\u0161i se u Rim postigao je doktorat na Papinskom orijentalnom institutu (1991.).<\/p>\n\n\n\n<p>Trideset godina je bio profesor na Bogoslovnom fakultetu u Sarajevu (1991.-2021.), a predavao je i u Mostaru, Zagrebu i Dubrovniku. Bio je ravnatelj Teolo\u0161kog instituta u Mostaru (1991.-1994.), vicerektor Bogoslovije u Sarajevu (1993.-1998.), ravnatelj Katoli\u010dke tiskovne agencije (1998.-2005.), sudski vikar biskupije Mostar-Duvno (1993.-2009.) i od 2009. generalni vikar iste biskupije. Autor je brojnih publikacija iz teologije, kanonskoga prava, povijesti Crkve i suvremenih pitanja.<\/p>\n\n\n\n<p>Papa Benedikt XVI. je 1. velja\u010de 2011. ustanovio Vojni ordinarijat za Bosnu i Hercegovinu i mons. Tomu Vuk\u0161i\u0107a imenovao prvim vojnim ordinarijem. Za biskupa je zare\u0111en 2. travnja 2011. Od 2012. je \u010dlan Papinskoga vije\u0107a za me\u0111ureligijski dijalog. Papa Franjo ga je 22. sije\u010dnja 2020. imenovao nadbiskupom koadjutorom Vrhbosanske nadbiskupije, a 24. sije\u010dnja 2020. imenovan je apostolskim upraviteljem Vojnog ordinarijata.<\/p>\n\n\n\n<p>U Biskupskoj konferenciji BiH je od 2015. njezin dopredsjednik te predsjednik Komisije za nauk vjere i Vije\u0107a za medije i \u010dlan Stalnoga vije\u0107a. Predsjednik je i zajedni\u010dkoga Vije\u0107a za inozemnu pastvu Biskupske konferencije BiH i Hrvatske biskupske konferencije.<\/p>\n\n\n\n<p>Na mjestu vrhbosanskog nadbiskupa metropolita naslijedio je kardinala Vinka Pulji\u0107a \u010dime je postao sedmi nadbiskup od obnove redovite crkvene hijerarhije u BiH. Prije njega to su bili: Josip Stadler (1882.-1918.), Ivan \u0160ari\u0107 (1922.-1960.), Marko Alaupovi\u0107 (u odsutnosti nadbiskupa \u0160ari\u0107a upravljao nadbiskupijom kao generalni provikar i generalni vikar od 1945. do 1960., a nadbiskup bio od 1960. do 1970.), Smiljan Franjo \u010cekada (1970.-1976.), Marko Jozinovi\u0107 (1977.-1990.) i Vinko Pulji\u0107 (1991.-2022.).<\/p>\n\n\n\n<p>\/HMS\/<\/p>\n","protected":false},"excerpt":{"rendered":"<p>Odlukom pape Franje vodstvo Vrhbosanske nadbiskupije od subote, 29. sije\u010dnja povjereno je nadbiskupu mons. Tomi Vuk\u0161i\u0107u. Time je postao sedmi nadbiskup metropolita od redovite uspostave crkvene hijerarhije 1881. Mons. Vuk\u0161i\u0107 ro\u0111en je 9. sije\u010dnja 1954. u Studencima, op\u0107ina Ljubu\u0161ki, u Mostarsko-Duvanjskoj biskupiji. Nakon studija filozofije i teologije zare\u0111en je za sve\u0107enika 29. lipnja 1980. te [&hellip;]<\/p>\n","protected":false},"author":2,"featured_media":110286,"comment_status":"closed","ping_status":"closed","sticky":false,"template":"","format":"standard","meta":{"h5ap_radio_sources":[],"footnotes":""},"categories":[1],"tags":[],"class_list":["post-110285","post","type-post","status-publish","format-standard","has-post-thumbnail","hentry","category-bihiregija"],"yoast_head":"<!-- This site is optimized with the Yoast SEO plugin v27.4 - https:\/\/yoast.com\/product\/yoast-seo-wordpress\/ -->\n<title>Tko je novi vrhbosanski nadbiskup mons. Tomo Vuk\u0161i\u0107? - RADIO LJUBU\u0160KI<\/title>\n<meta name=\"robots\" content=\"index, follow, max-snippet:-1, max-image-preview:large, max-video-preview:-1\" \/>\n<link rel=\"canonical\" href=\"https:\/\/radioljubuski.ba\/index.php\/2022\/01\/30\/tko-je-novi-vrhbosanski-nadbiskup-mons-tomo-vuksic\/\" \/>\n<meta property=\"og:locale\" content=\"hr_HR\" \/>\n<meta property=\"og:type\" content=\"article\" \/>\n<meta property=\"og:title\" content=\"Tko je novi vrhbosanski nadbiskup mons. Tomo Vuk\u0161i\u0107? - RADIO LJUBU\u0160KI\" \/>\n<meta property=\"og:description\" content=\"Odlukom pape Franje vodstvo Vrhbosanske nadbiskupije od subote, 29. sije\u010dnja povjereno je nadbiskupu mons. Tomi Vuk\u0161i\u0107u. Time je postao sedmi nadbiskup metropolita od redovite uspostave crkvene hijerarhije 1881. Mons. Vuk\u0161i\u0107 ro\u0111en je 9. sije\u010dnja 1954. u Studencima, op\u0107ina Ljubu\u0161ki, u Mostarsko-Duvanjskoj biskupiji. Nakon studija filozofije i teologije zare\u0111en je za sve\u0107enika 29. lipnja 1980. te [&hellip;]\" \/>\n<meta property=\"og:url\" content=\"https:\/\/radioljubuski.ba\/index.php\/2022\/01\/30\/tko-je-novi-vrhbosanski-nadbiskup-mons-tomo-vuksic\/\" \/>\n<meta property=\"og:site_name\" content=\"RADIO LJUBU\u0160KI\" \/>\n<meta property=\"article:publisher\" content=\"https:\/\/www.facebook.com\/Radiio-Ljubuski-1490835324566332\" \/>\n<meta property=\"article:published_time\" content=\"2022-01-30T22:45:16+00:00\" \/>\n<meta property=\"article:modified_time\" content=\"2022-01-30T22:45:17+00:00\" \/>\n<meta property=\"og:image\" content=\"https:\/\/radioljubuski.ba\/wp-content\/uploads\/2022\/01\/Vojni-biskup-Tomo-Vuksic.jpg\" \/>\n\t<meta property=\"og:image:width\" content=\"847\" \/>\n\t<meta property=\"og:image:height\" content=\"530\" \/>\n\t<meta property=\"og:image:type\" content=\"image\/jpeg\" \/>\n<meta name=\"author\" content=\"Radio Ljubu\u0161ki\" \/>\n<meta name=\"twitter:card\" content=\"summary_large_image\" \/>\n<meta name=\"twitter:creator\" content=\"@radioljubuski\" \/>\n<meta name=\"twitter:site\" content=\"@radioljubuski\" \/>\n<meta name=\"twitter:label1\" content=\"Napisao\/la\" \/>\n\t<meta name=\"twitter:data1\" content=\"Radio Ljubu\u0161ki\" \/>\n\t<meta name=\"twitter:label2\" content=\"Procijenjeno vrijeme \u010ditanja\" \/>\n\t<meta name=\"twitter:data2\" content=\"2 minute\" \/>\n<script type=\"application\/ld+json\" class=\"yoast-schema-graph\">{\"@context\":\"https:\\\/\\\/schema.org\",\"@graph\":[{\"@type\":\"Article\",\"@id\":\"https:\\\/\\\/radioljubuski.ba\\\/index.php\\\/2022\\\/01\\\/30\\\/tko-je-novi-vrhbosanski-nadbiskup-mons-tomo-vuksic\\\/#article\",\"isPartOf\":{\"@id\":\"https:\\\/\\\/radioljubuski.ba\\\/index.php\\\/2022\\\/01\\\/30\\\/tko-je-novi-vrhbosanski-nadbiskup-mons-tomo-vuksic\\\/\"},\"author\":{\"name\":\"Radio Ljubu\u0161ki\",\"@id\":\"https:\\\/\\\/radioljubuski.ba\\\/#\\\/schema\\\/person\\\/19fc700381a780f69665d7956c469e3b\"},\"headline\":\"Tko je novi vrhbosanski nadbiskup mons. Tomo Vuk\u0161i\u0107?\",\"datePublished\":\"2022-01-30T22:45:16+00:00\",\"dateModified\":\"2022-01-30T22:45:17+00:00\",\"mainEntityOfPage\":{\"@id\":\"https:\\\/\\\/radioljubuski.ba\\\/index.php\\\/2022\\\/01\\\/30\\\/tko-je-novi-vrhbosanski-nadbiskup-mons-tomo-vuksic\\\/\"},\"wordCount\":359,\"publisher\":{\"@id\":\"https:\\\/\\\/radioljubuski.ba\\\/#organization\"},\"image\":{\"@id\":\"https:\\\/\\\/radioljubuski.ba\\\/index.php\\\/2022\\\/01\\\/30\\\/tko-je-novi-vrhbosanski-nadbiskup-mons-tomo-vuksic\\\/#primaryimage\"},\"thumbnailUrl\":\"https:\\\/\\\/radioljubuski.ba\\\/wp-content\\\/uploads\\\/2022\\\/01\\\/Vojni-biskup-Tomo-Vuksic.jpg\",\"articleSection\":[\"BIH i regija\"],\"inLanguage\":\"hr\"},{\"@type\":\"WebPage\",\"@id\":\"https:\\\/\\\/radioljubuski.ba\\\/index.php\\\/2022\\\/01\\\/30\\\/tko-je-novi-vrhbosanski-nadbiskup-mons-tomo-vuksic\\\/\",\"url\":\"https:\\\/\\\/radioljubuski.ba\\\/index.php\\\/2022\\\/01\\\/30\\\/tko-je-novi-vrhbosanski-nadbiskup-mons-tomo-vuksic\\\/\",\"name\":\"Tko je novi vrhbosanski nadbiskup mons. Tomo Vuk\u0161i\u0107? - RADIO LJUBU\u0160KI\",\"isPartOf\":{\"@id\":\"https:\\\/\\\/radioljubuski.ba\\\/#website\"},\"primaryImageOfPage\":{\"@id\":\"https:\\\/\\\/radioljubuski.ba\\\/index.php\\\/2022\\\/01\\\/30\\\/tko-je-novi-vrhbosanski-nadbiskup-mons-tomo-vuksic\\\/#primaryimage\"},\"image\":{\"@id\":\"https:\\\/\\\/radioljubuski.ba\\\/index.php\\\/2022\\\/01\\\/30\\\/tko-je-novi-vrhbosanski-nadbiskup-mons-tomo-vuksic\\\/#primaryimage\"},\"thumbnailUrl\":\"https:\\\/\\\/radioljubuski.ba\\\/wp-content\\\/uploads\\\/2022\\\/01\\\/Vojni-biskup-Tomo-Vuksic.jpg\",\"datePublished\":\"2022-01-30T22:45:16+00:00\",\"dateModified\":\"2022-01-30T22:45:17+00:00\",\"breadcrumb\":{\"@id\":\"https:\\\/\\\/radioljubuski.ba\\\/index.php\\\/2022\\\/01\\\/30\\\/tko-je-novi-vrhbosanski-nadbiskup-mons-tomo-vuksic\\\/#breadcrumb\"},\"inLanguage\":\"hr\",\"potentialAction\":[{\"@type\":\"ReadAction\",\"target\":[\"https:\\\/\\\/radioljubuski.ba\\\/index.php\\\/2022\\\/01\\\/30\\\/tko-je-novi-vrhbosanski-nadbiskup-mons-tomo-vuksic\\\/\"]}]},{\"@type\":\"ImageObject\",\"inLanguage\":\"hr\",\"@id\":\"https:\\\/\\\/radioljubuski.ba\\\/index.php\\\/2022\\\/01\\\/30\\\/tko-je-novi-vrhbosanski-nadbiskup-mons-tomo-vuksic\\\/#primaryimage\",\"url\":\"https:\\\/\\\/radioljubuski.ba\\\/wp-content\\\/uploads\\\/2022\\\/01\\\/Vojni-biskup-Tomo-Vuksic.jpg\",\"contentUrl\":\"https:\\\/\\\/radioljubuski.ba\\\/wp-content\\\/uploads\\\/2022\\\/01\\\/Vojni-biskup-Tomo-Vuksic.jpg\",\"width\":847,\"height\":530},{\"@type\":\"BreadcrumbList\",\"@id\":\"https:\\\/\\\/radioljubuski.ba\\\/index.php\\\/2022\\\/01\\\/30\\\/tko-je-novi-vrhbosanski-nadbiskup-mons-tomo-vuksic\\\/#breadcrumb\",\"itemListElement\":[{\"@type\":\"ListItem\",\"position\":1,\"name\":\"Po\u010detna stranica\",\"item\":\"https:\\\/\\\/radioljubuski.ba\\\/\"},{\"@type\":\"ListItem\",\"position\":2,\"name\":\"Tko je novi vrhbosanski nadbiskup mons. Tomo Vuk\u0161i\u0107?\"}]},{\"@type\":\"WebSite\",\"@id\":\"https:\\\/\\\/radioljubuski.ba\\\/#website\",\"url\":\"https:\\\/\\\/radioljubuski.ba\\\/\",\"name\":\"Radio Ljubu\u0161ki\",\"description\":\"Sun\u010dana frekvencija Hercegovine\",\"publisher\":{\"@id\":\"https:\\\/\\\/radioljubuski.ba\\\/#organization\"},\"potentialAction\":[{\"@type\":\"SearchAction\",\"target\":{\"@type\":\"EntryPoint\",\"urlTemplate\":\"https:\\\/\\\/radioljubuski.ba\\\/?s={search_term_string}\"},\"query-input\":{\"@type\":\"PropertyValueSpecification\",\"valueRequired\":true,\"valueName\":\"search_term_string\"}}],\"inLanguage\":\"hr\"},{\"@type\":\"Organization\",\"@id\":\"https:\\\/\\\/radioljubuski.ba\\\/#organization\",\"name\":\"Radio Ljubu\u0161ki\",\"url\":\"https:\\\/\\\/radioljubuski.ba\\\/\",\"logo\":{\"@type\":\"ImageObject\",\"inLanguage\":\"hr\",\"@id\":\"https:\\\/\\\/radioljubuski.ba\\\/#\\\/schema\\\/logo\\\/image\\\/\",\"url\":\"https:\\\/\\\/radioljubuski.ba\\\/wp-content\\\/uploads\\\/2021\\\/02\\\/cropped-Radio_Ljubuski_logo1.jpg\",\"contentUrl\":\"https:\\\/\\\/radioljubuski.ba\\\/wp-content\\\/uploads\\\/2021\\\/02\\\/cropped-Radio_Ljubuski_logo1.jpg\",\"width\":512,\"height\":512,\"caption\":\"Radio Ljubu\u0161ki\"},\"image\":{\"@id\":\"https:\\\/\\\/radioljubuski.ba\\\/#\\\/schema\\\/logo\\\/image\\\/\"},\"sameAs\":[\"https:\\\/\\\/www.facebook.com\\\/Radiio-Ljubuski-1490835324566332\",\"https:\\\/\\\/x.com\\\/radioljubuski\",\"https:\\\/\\\/hr.linkedin.com\\\/company\\\/radio-ljubuski\",\"https:\\\/\\\/www.youtube.com\\\/channel\\\/UCHYaeO_n0Db3tjNGudGpXyw\"]},{\"@type\":\"Person\",\"@id\":\"https:\\\/\\\/radioljubuski.ba\\\/#\\\/schema\\\/person\\\/19fc700381a780f69665d7956c469e3b\",\"name\":\"Radio Ljubu\u0161ki\"}]}<\/script>\n<!-- \/ Yoast SEO plugin. -->","yoast_head_json":{"title":"Tko je novi vrhbosanski nadbiskup mons. Tomo Vuk\u0161i\u0107? - RADIO LJUBU\u0160KI","robots":{"index":"index","follow":"follow","max-snippet":"max-snippet:-1","max-image-preview":"max-image-preview:large","max-video-preview":"max-video-preview:-1"},"canonical":"https:\/\/radioljubuski.ba\/index.php\/2022\/01\/30\/tko-je-novi-vrhbosanski-nadbiskup-mons-tomo-vuksic\/","og_locale":"hr_HR","og_type":"article","og_title":"Tko je novi vrhbosanski nadbiskup mons. Tomo Vuk\u0161i\u0107? - RADIO LJUBU\u0160KI","og_description":"Odlukom pape Franje vodstvo Vrhbosanske nadbiskupije od subote, 29. sije\u010dnja povjereno je nadbiskupu mons. Tomi Vuk\u0161i\u0107u. Time je postao sedmi nadbiskup metropolita od redovite uspostave crkvene hijerarhije 1881. Mons. Vuk\u0161i\u0107 ro\u0111en je 9. sije\u010dnja 1954. u Studencima, op\u0107ina Ljubu\u0161ki, u Mostarsko-Duvanjskoj biskupiji. Nakon studija filozofije i teologije zare\u0111en je za sve\u0107enika 29. lipnja 1980. te [&hellip;]","og_url":"https:\/\/radioljubuski.ba\/index.php\/2022\/01\/30\/tko-je-novi-vrhbosanski-nadbiskup-mons-tomo-vuksic\/","og_site_name":"RADIO LJUBU\u0160KI","article_publisher":"https:\/\/www.facebook.com\/Radiio-Ljubuski-1490835324566332","article_published_time":"2022-01-30T22:45:16+00:00","article_modified_time":"2022-01-30T22:45:17+00:00","og_image":[{"width":847,"height":530,"url":"https:\/\/radioljubuski.ba\/wp-content\/uploads\/2022\/01\/Vojni-biskup-Tomo-Vuksic.jpg","type":"image\/jpeg"}],"author":"Radio Ljubu\u0161ki","twitter_card":"summary_large_image","twitter_creator":"@radioljubuski","twitter_site":"@radioljubuski","twitter_misc":{"Napisao\/la":"Radio Ljubu\u0161ki","Procijenjeno vrijeme \u010ditanja":"2 minute"},"schema":{"@context":"https:\/\/schema.org","@graph":[{"@type":"Article","@id":"https:\/\/radioljubuski.ba\/index.php\/2022\/01\/30\/tko-je-novi-vrhbosanski-nadbiskup-mons-tomo-vuksic\/#article","isPartOf":{"@id":"https:\/\/radioljubuski.ba\/index.php\/2022\/01\/30\/tko-je-novi-vrhbosanski-nadbiskup-mons-tomo-vuksic\/"},"author":{"name":"Radio Ljubu\u0161ki","@id":"https:\/\/radioljubuski.ba\/#\/schema\/person\/19fc700381a780f69665d7956c469e3b"},"headline":"Tko je novi vrhbosanski nadbiskup mons. Tomo Vuk\u0161i\u0107?","datePublished":"2022-01-30T22:45:16+00:00","dateModified":"2022-01-30T22:45:17+00:00","mainEntityOfPage":{"@id":"https:\/\/radioljubuski.ba\/index.php\/2022\/01\/30\/tko-je-novi-vrhbosanski-nadbiskup-mons-tomo-vuksic\/"},"wordCount":359,"publisher":{"@id":"https:\/\/radioljubuski.ba\/#organization"},"image":{"@id":"https:\/\/radioljubuski.ba\/index.php\/2022\/01\/30\/tko-je-novi-vrhbosanski-nadbiskup-mons-tomo-vuksic\/#primaryimage"},"thumbnailUrl":"https:\/\/radioljubuski.ba\/wp-content\/uploads\/2022\/01\/Vojni-biskup-Tomo-Vuksic.jpg","articleSection":["BIH i regija"],"inLanguage":"hr"},{"@type":"WebPage","@id":"https:\/\/radioljubuski.ba\/index.php\/2022\/01\/30\/tko-je-novi-vrhbosanski-nadbiskup-mons-tomo-vuksic\/","url":"https:\/\/radioljubuski.ba\/index.php\/2022\/01\/30\/tko-je-novi-vrhbosanski-nadbiskup-mons-tomo-vuksic\/","name":"Tko je novi vrhbosanski nadbiskup mons. Tomo Vuk\u0161i\u0107? - RADIO LJUBU\u0160KI","isPartOf":{"@id":"https:\/\/radioljubuski.ba\/#website"},"primaryImageOfPage":{"@id":"https:\/\/radioljubuski.ba\/index.php\/2022\/01\/30\/tko-je-novi-vrhbosanski-nadbiskup-mons-tomo-vuksic\/#primaryimage"},"image":{"@id":"https:\/\/radioljubuski.ba\/index.php\/2022\/01\/30\/tko-je-novi-vrhbosanski-nadbiskup-mons-tomo-vuksic\/#primaryimage"},"thumbnailUrl":"https:\/\/radioljubuski.ba\/wp-content\/uploads\/2022\/01\/Vojni-biskup-Tomo-Vuksic.jpg","datePublished":"2022-01-30T22:45:16+00:00","dateModified":"2022-01-30T22:45:17+00:00","breadcrumb":{"@id":"https:\/\/radioljubuski.ba\/index.php\/2022\/01\/30\/tko-je-novi-vrhbosanski-nadbiskup-mons-tomo-vuksic\/#breadcrumb"},"inLanguage":"hr","potentialAction":[{"@type":"ReadAction","target":["https:\/\/radioljubuski.ba\/index.php\/2022\/01\/30\/tko-je-novi-vrhbosanski-nadbiskup-mons-tomo-vuksic\/"]}]},{"@type":"ImageObject","inLanguage":"hr","@id":"https:\/\/radioljubuski.ba\/index.php\/2022\/01\/30\/tko-je-novi-vrhbosanski-nadbiskup-mons-tomo-vuksic\/#primaryimage","url":"https:\/\/radioljubuski.ba\/wp-content\/uploads\/2022\/01\/Vojni-biskup-Tomo-Vuksic.jpg","contentUrl":"https:\/\/radioljubuski.ba\/wp-content\/uploads\/2022\/01\/Vojni-biskup-Tomo-Vuksic.jpg","width":847,"height":530},{"@type":"BreadcrumbList","@id":"https:\/\/radioljubuski.ba\/index.php\/2022\/01\/30\/tko-je-novi-vrhbosanski-nadbiskup-mons-tomo-vuksic\/#breadcrumb","itemListElement":[{"@type":"ListItem","position":1,"name":"Po\u010detna stranica","item":"https:\/\/radioljubuski.ba\/"},{"@type":"ListItem","position":2,"name":"Tko je novi vrhbosanski nadbiskup mons. Tomo Vuk\u0161i\u0107?"}]},{"@type":"WebSite","@id":"https:\/\/radioljubuski.ba\/#website","url":"https:\/\/radioljubuski.ba\/","name":"Radio Ljubu\u0161ki","description":"Sun\u010dana frekvencija Hercegovine","publisher":{"@id":"https:\/\/radioljubuski.ba\/#organization"},"potentialAction":[{"@type":"SearchAction","target":{"@type":"EntryPoint","urlTemplate":"https:\/\/radioljubuski.ba\/?s={search_term_string}"},"query-input":{"@type":"PropertyValueSpecification","valueRequired":true,"valueName":"search_term_string"}}],"inLanguage":"hr"},{"@type":"Organization","@id":"https:\/\/radioljubuski.ba\/#organization","name":"Radio Ljubu\u0161ki","url":"https:\/\/radioljubuski.ba\/","logo":{"@type":"ImageObject","inLanguage":"hr","@id":"https:\/\/radioljubuski.ba\/#\/schema\/logo\/image\/","url":"https:\/\/radioljubuski.ba\/wp-content\/uploads\/2021\/02\/cropped-Radio_Ljubuski_logo1.jpg","contentUrl":"https:\/\/radioljubuski.ba\/wp-content\/uploads\/2021\/02\/cropped-Radio_Ljubuski_logo1.jpg","width":512,"height":512,"caption":"Radio Ljubu\u0161ki"},"image":{"@id":"https:\/\/radioljubuski.ba\/#\/schema\/logo\/image\/"},"sameAs":["https:\/\/www.facebook.com\/Radiio-Ljubuski-1490835324566332","https:\/\/x.com\/radioljubuski","https:\/\/hr.linkedin.com\/company\/radio-ljubuski","https:\/\/www.youtube.com\/channel\/UCHYaeO_n0Db3tjNGudGpXyw"]},{"@type":"Person","@id":"https:\/\/radioljubuski.ba\/#\/schema\/person\/19fc700381a780f69665d7956c469e3b","name":"Radio Ljubu\u0161ki"}]}},"_links":{"self":[{"href":"https:\/\/radioljubuski.ba\/index.php\/wp-json\/wp\/v2\/posts\/110285","targetHints":{"allow":["GET"]}}],"collection":[{"href":"https:\/\/radioljubuski.ba\/index.php\/wp-json\/wp\/v2\/posts"}],"about":[{"href":"https:\/\/radioljubuski.ba\/index.php\/wp-json\/wp\/v2\/types\/post"}],"author":[{"embeddable":true,"href":"https:\/\/radioljubuski.ba\/index.php\/wp-json\/wp\/v2\/users\/2"}],"replies":[{"embeddable":true,"href":"https:\/\/radioljubuski.ba\/index.php\/wp-json\/wp\/v2\/comments?post=110285"}],"version-history":[{"count":1,"href":"https:\/\/radioljubuski.ba\/index.php\/wp-json\/wp\/v2\/posts\/110285\/revisions"}],"predecessor-version":[{"id":110287,"href":"https:\/\/radioljubuski.ba\/index.php\/wp-json\/wp\/v2\/posts\/110285\/revisions\/110287"}],"wp:featuredmedia":[{"embeddable":true,"href":"https:\/\/radioljubuski.ba\/index.php\/wp-json\/wp\/v2\/media\/110286"}],"wp:attachment":[{"href":"https:\/\/radioljubuski.ba\/index.php\/wp-json\/wp\/v2\/media?parent=110285"}],"wp:term":[{"taxonomy":"category","embeddable":true,"href":"https:\/\/radioljubuski.ba\/index.php\/wp-json\/wp\/v2\/categories?post=110285"},{"taxonomy":"post_tag","embeddable":true,"href":"https:\/\/radioljubuski.ba\/index.php\/wp-json\/wp\/v2\/tags?post=110285"}],"curies":[{"name":"wp","href":"https:\/\/api.w.org\/{rel}","templated":true}]}}