{"id":110290,"date":"2022-01-30T23:47:25","date_gmt":"2022-01-30T22:47:25","guid":{"rendered":"https:\/\/radioljubuski.ba\/?p=110290"},"modified":"2022-01-30T23:47:27","modified_gmt":"2022-01-30T22:47:27","slug":"oprostajni-govor-kardinala-puljica","status":"publish","type":"post","link":"https:\/\/radioljubuski.ba\/index.php\/2022\/01\/30\/oprostajni-govor-kardinala-puljica\/","title":{"rendered":"Opro\u0161tajni govor kardinala Pulji\u0107a"},"content":{"rendered":"\n<p><strong>Po saznanju da je papa Franjo u subotu, 29. sije\u010dnja prihvatio odreknu\u0107e od upravljanja Vrhbosanskom nadbiskupijom kardinal Vinko Pulji\u0107 izrekao je svoj opro\u0161tajni govor u prostorijama Nadbiskupske rezidencije u Sarajevu, objavila je&nbsp;<a href=\"https:\/\/www.nedjelja.ba\/hr\/vijesti\/bih\/oprostajni-govor-kardinala-puljica\/23947\" target=\"_blank\" rel=\"noreferrer noopener\">Nedjelja.ba<\/a>. Isti donosimo u cijelosti:<\/strong><\/p>\n\n\n\n<p>Sveti papa Ivan Pavao II. me imenovao nadbiskupom vrhbosanskim \u2013 sarajevskim 19. studenog 1990. Javno su obznanili imenovanje 7. prosinca 1990. godine. Isti me sveti Papa posvetio u bazilici Sv. Petra 6. sije\u010dnja 1991. godine. Preuzeo sam vodstvo ove mjesne Crkve 19. sije\u010dnja 1991. godine. Kada sam navr\u0161io 75. godina prema ZKP poslao sam Sv. Ocu Franji pismo u kojem stavljam na raspolaganje svoj mandat. Tada je do\u0161la samo poruka da ostajem do daljnjega. Sada je papa Franjo donio odluku da me stavlja u mirovinu. Prihva\u0107aju\u0107i tu odluku, \u017eelim ovdje izraziti svoju zahvalnost.<\/p>\n\n\n\n<p>Prvo dragom Bogu koji me pozvao u ovaj svijet i posvetio za svetu slu\u017ebu. Zahvaljujem svetom papi Ivanu Pavlu II. koji je imao u mene povjerenje te me posvetio i uklju\u010dio u Apostolski zbor na\u0161ih dana. Na tom putu poslanja kao nadbiskup brojni su ljudi koji su mi pomogli ostvariti ovo poslanje.<\/p>\n\n\n\n<p>U prvom redu brojnim moliteljima koji su me molitvom i \u017ertvom pratili. Neka ih Bog nagradi jer bez toga ne bih mogao izvr\u0161iti svoje poslanje.<\/p>\n\n\n\n<p>Zahvaljujem svim sve\u0107enicima, redovnicima i redovnicama, kao i brojnim laicima koji su velikodu\u0161no sura\u0111ivali iz ljubavi prema ovoj mjesnoj Crkvi te su mi tako olak\u0161ali moju slu\u017ebu. Neka svima bude Gospodin nagrada u sada\u0161njem i vje\u010dnom \u017eivotu. I od mene im iskrena zahvala i po\u0161tovanje. Nema potrebe nabrajati njihova imena, ali ih nosim u svom srcu.<\/p>\n\n\n\n<p>Svima koji su iz bilo kojeg razloga bili suzdr\u017eani u suradnji ili ju mo\u017eda optere\u0107ivali, iskreno pra\u0161tam, jer su me tako odgajali u poniznosti, skromnosti i strpljivosti, a njima \u017eelim obilje Bo\u017ejeg Duha da otkriju i izvr\u0161e \u0161to je volja Bo\u017eja. One koji nose optere\u0107enja ili rane iz bilo kojeg razloga zbog moje osobe, iskreno molim opro\u0161tenje i molim da nas Isus Krist odgaja u ljubavi.<\/p>\n\n\n\n<p>Nadbiskupu koadjutoru, koji danas preuzima vodstvo ove mjesne Crkve, \u017eelim obilje milosti i snage Duha Svetoga i dobre iskrene suradnje svih u ovoj mjesnoj Crkvi, da ljubav prema ovoj Crkvi pomogne zalije\u010diti tolike rane i utvrditi nadu u svakom \u010dovjeku.<\/p>\n\n\n\n<p>Sve strukture, koje vode pojedine resore, neka pripreme zapisnik za primopredaju koju \u0107emo, prema dogovoru, potpisivati u Ordinarijatu (10. o\u017eujka ove godine s po\u010detkom u 10 h) u odre\u0111eni dan prije sve\u010danosti liturgijskog predstavljanja novoga dijecezanskog biskupa ove mjesne Crkve.<\/p>\n\n\n\n<p>Sve\u010danost liturgijskoga predstavljanja novoga nadbiskupa, na koju \u0107e biti pozvani i drugi biskupi, prezbiterij, redovnici, redovnice i vjernici laici, \u0161to zbog pandemije nismo mogli u\u010diniti kad je on preuzeo slu\u017ebu nadbiskupa koadjutora, predvi\u0111ena je za 12. o\u017eujka u katedrali slavljem sv. mise u 10:30.<\/p>\n\n\n\n<p>U misnom kanonu od sada neka se redovito spominje mjesni ordinarij nadbiskup Tomo Vuk\u0161i\u0107, a mene se sjetite privatno u svojim molitvama.<\/p>\n\n\n\n<p>Prema crkvenim zakonima, Papinim prihva\u0107anjem odreknu\u0107a od slu\u017ebe bilo kojega dijecezanskoga biskupa, prestaju i njegove slu\u017ebe u Biskupskoj konferenciji. Tako prestaju i moje u na\u0161oj Konferenciji. Stoga u ovom \u010dasu \u017eelim iskreno zahvaliti ostaloj bra\u0107i biskupima na plodnoj suradnji, a kako predvi\u0111aju crkveni propisi, do izbora novoga predsjednika Biskupske konferencije njezinim radom \u0107e ravnati potpredsjednik Konferencije.<\/p>\n\n\n\n<p>U dogovoru s novim nadbiskupom, sve dok se prostor za moj smje\u0161taj ne dovr\u0161i, ostajem u rezidenciji, ali u privatnim prostorijama u kojima sam i do sada boravio, dok je redovni ured na raspolaganju novom nadbiskupu.<\/p>\n\n\n\n<p>Bog vas blagoslovio i hvala na svemu!<\/p>\n\n\n\n<p>Vinko kardinal Pulji\u0107,<\/p>\n\n\n\n<p>nadbiskup u miru.<\/p>\n\n\n\n<p>\/HMS\/<\/p>\n","protected":false},"excerpt":{"rendered":"<p>Po saznanju da je papa Franjo u subotu, 29. sije\u010dnja prihvatio odreknu\u0107e od upravljanja Vrhbosanskom nadbiskupijom kardinal Vinko Pulji\u0107 izrekao je svoj opro\u0161tajni govor u prostorijama Nadbiskupske rezidencije u Sarajevu, objavila je&nbsp;Nedjelja.ba. Isti donosimo u cijelosti: Sveti papa Ivan Pavao II. me imenovao nadbiskupom vrhbosanskim \u2013 sarajevskim 19. studenog 1990. Javno su obznanili imenovanje 7. [&hellip;]<\/p>\n","protected":false},"author":2,"featured_media":110291,"comment_status":"closed","ping_status":"closed","sticky":false,"template":"","format":"standard","meta":{"h5ap_radio_sources":[],"footnotes":""},"categories":[1],"tags":[],"class_list":["post-110290","post","type-post","status-publish","format-standard","has-post-thumbnail","hentry","category-bihiregija"],"yoast_head":"<!-- This site is optimized with the Yoast SEO plugin v27.4 - https:\/\/yoast.com\/product\/yoast-seo-wordpress\/ -->\n<title>Opro\u0161tajni govor kardinala Pulji\u0107a - RADIO LJUBU\u0160KI<\/title>\n<meta name=\"robots\" content=\"index, follow, max-snippet:-1, max-image-preview:large, max-video-preview:-1\" \/>\n<link rel=\"canonical\" href=\"https:\/\/radioljubuski.ba\/index.php\/2022\/01\/30\/oprostajni-govor-kardinala-puljica\/\" \/>\n<meta property=\"og:locale\" content=\"hr_HR\" \/>\n<meta property=\"og:type\" content=\"article\" \/>\n<meta property=\"og:title\" content=\"Opro\u0161tajni govor kardinala Pulji\u0107a - RADIO LJUBU\u0160KI\" \/>\n<meta property=\"og:description\" content=\"Po saznanju da je papa Franjo u subotu, 29. sije\u010dnja prihvatio odreknu\u0107e od upravljanja Vrhbosanskom nadbiskupijom kardinal Vinko Pulji\u0107 izrekao je svoj opro\u0161tajni govor u prostorijama Nadbiskupske rezidencije u Sarajevu, objavila je&nbsp;Nedjelja.ba. Isti donosimo u cijelosti: Sveti papa Ivan Pavao II. me imenovao nadbiskupom vrhbosanskim \u2013 sarajevskim 19. studenog 1990. Javno su obznanili imenovanje 7. [&hellip;]\" \/>\n<meta property=\"og:url\" content=\"https:\/\/radioljubuski.ba\/index.php\/2022\/01\/30\/oprostajni-govor-kardinala-puljica\/\" \/>\n<meta property=\"og:site_name\" content=\"RADIO LJUBU\u0160KI\" \/>\n<meta property=\"article:publisher\" content=\"https:\/\/www.facebook.com\/Radiio-Ljubuski-1490835324566332\" \/>\n<meta property=\"article:published_time\" content=\"2022-01-30T22:47:25+00:00\" \/>\n<meta property=\"article:modified_time\" content=\"2022-01-30T22:47:27+00:00\" \/>\n<meta property=\"og:image\" content=\"https:\/\/radioljubuski.ba\/wp-content\/uploads\/2022\/01\/kardinal_puljic.jpg\" \/>\n\t<meta property=\"og:image:width\" content=\"1024\" \/>\n\t<meta property=\"og:image:height\" content=\"720\" \/>\n\t<meta property=\"og:image:type\" content=\"image\/jpeg\" \/>\n<meta name=\"author\" content=\"Radio Ljubu\u0161ki\" \/>\n<meta name=\"twitter:card\" content=\"summary_large_image\" \/>\n<meta name=\"twitter:creator\" content=\"@radioljubuski\" \/>\n<meta name=\"twitter:site\" content=\"@radioljubuski\" \/>\n<meta name=\"twitter:label1\" content=\"Napisao\/la\" \/>\n\t<meta name=\"twitter:data1\" content=\"Radio Ljubu\u0161ki\" \/>\n\t<meta name=\"twitter:label2\" content=\"Procijenjeno vrijeme \u010ditanja\" \/>\n\t<meta name=\"twitter:data2\" content=\"3 minute\" \/>\n<script type=\"application\/ld+json\" class=\"yoast-schema-graph\">{\"@context\":\"https:\\\/\\\/schema.org\",\"@graph\":[{\"@type\":\"Article\",\"@id\":\"https:\\\/\\\/radioljubuski.ba\\\/index.php\\\/2022\\\/01\\\/30\\\/oprostajni-govor-kardinala-puljica\\\/#article\",\"isPartOf\":{\"@id\":\"https:\\\/\\\/radioljubuski.ba\\\/index.php\\\/2022\\\/01\\\/30\\\/oprostajni-govor-kardinala-puljica\\\/\"},\"author\":{\"name\":\"Radio Ljubu\u0161ki\",\"@id\":\"https:\\\/\\\/radioljubuski.ba\\\/#\\\/schema\\\/person\\\/19fc700381a780f69665d7956c469e3b\"},\"headline\":\"Opro\u0161tajni govor kardinala Pulji\u0107a\",\"datePublished\":\"2022-01-30T22:47:25+00:00\",\"dateModified\":\"2022-01-30T22:47:27+00:00\",\"mainEntityOfPage\":{\"@id\":\"https:\\\/\\\/radioljubuski.ba\\\/index.php\\\/2022\\\/01\\\/30\\\/oprostajni-govor-kardinala-puljica\\\/\"},\"wordCount\":624,\"publisher\":{\"@id\":\"https:\\\/\\\/radioljubuski.ba\\\/#organization\"},\"image\":{\"@id\":\"https:\\\/\\\/radioljubuski.ba\\\/index.php\\\/2022\\\/01\\\/30\\\/oprostajni-govor-kardinala-puljica\\\/#primaryimage\"},\"thumbnailUrl\":\"https:\\\/\\\/radioljubuski.ba\\\/wp-content\\\/uploads\\\/2022\\\/01\\\/kardinal_puljic.jpg\",\"articleSection\":[\"BIH i regija\"],\"inLanguage\":\"hr\"},{\"@type\":\"WebPage\",\"@id\":\"https:\\\/\\\/radioljubuski.ba\\\/index.php\\\/2022\\\/01\\\/30\\\/oprostajni-govor-kardinala-puljica\\\/\",\"url\":\"https:\\\/\\\/radioljubuski.ba\\\/index.php\\\/2022\\\/01\\\/30\\\/oprostajni-govor-kardinala-puljica\\\/\",\"name\":\"Opro\u0161tajni govor kardinala Pulji\u0107a - RADIO LJUBU\u0160KI\",\"isPartOf\":{\"@id\":\"https:\\\/\\\/radioljubuski.ba\\\/#website\"},\"primaryImageOfPage\":{\"@id\":\"https:\\\/\\\/radioljubuski.ba\\\/index.php\\\/2022\\\/01\\\/30\\\/oprostajni-govor-kardinala-puljica\\\/#primaryimage\"},\"image\":{\"@id\":\"https:\\\/\\\/radioljubuski.ba\\\/index.php\\\/2022\\\/01\\\/30\\\/oprostajni-govor-kardinala-puljica\\\/#primaryimage\"},\"thumbnailUrl\":\"https:\\\/\\\/radioljubuski.ba\\\/wp-content\\\/uploads\\\/2022\\\/01\\\/kardinal_puljic.jpg\",\"datePublished\":\"2022-01-30T22:47:25+00:00\",\"dateModified\":\"2022-01-30T22:47:27+00:00\",\"breadcrumb\":{\"@id\":\"https:\\\/\\\/radioljubuski.ba\\\/index.php\\\/2022\\\/01\\\/30\\\/oprostajni-govor-kardinala-puljica\\\/#breadcrumb\"},\"inLanguage\":\"hr\",\"potentialAction\":[{\"@type\":\"ReadAction\",\"target\":[\"https:\\\/\\\/radioljubuski.ba\\\/index.php\\\/2022\\\/01\\\/30\\\/oprostajni-govor-kardinala-puljica\\\/\"]}]},{\"@type\":\"ImageObject\",\"inLanguage\":\"hr\",\"@id\":\"https:\\\/\\\/radioljubuski.ba\\\/index.php\\\/2022\\\/01\\\/30\\\/oprostajni-govor-kardinala-puljica\\\/#primaryimage\",\"url\":\"https:\\\/\\\/radioljubuski.ba\\\/wp-content\\\/uploads\\\/2022\\\/01\\\/kardinal_puljic.jpg\",\"contentUrl\":\"https:\\\/\\\/radioljubuski.ba\\\/wp-content\\\/uploads\\\/2022\\\/01\\\/kardinal_puljic.jpg\",\"width\":1024,\"height\":720},{\"@type\":\"BreadcrumbList\",\"@id\":\"https:\\\/\\\/radioljubuski.ba\\\/index.php\\\/2022\\\/01\\\/30\\\/oprostajni-govor-kardinala-puljica\\\/#breadcrumb\",\"itemListElement\":[{\"@type\":\"ListItem\",\"position\":1,\"name\":\"Po\u010detna stranica\",\"item\":\"https:\\\/\\\/radioljubuski.ba\\\/\"},{\"@type\":\"ListItem\",\"position\":2,\"name\":\"Opro\u0161tajni govor kardinala Pulji\u0107a\"}]},{\"@type\":\"WebSite\",\"@id\":\"https:\\\/\\\/radioljubuski.ba\\\/#website\",\"url\":\"https:\\\/\\\/radioljubuski.ba\\\/\",\"name\":\"Radio Ljubu\u0161ki\",\"description\":\"Sun\u010dana frekvencija Hercegovine\",\"publisher\":{\"@id\":\"https:\\\/\\\/radioljubuski.ba\\\/#organization\"},\"potentialAction\":[{\"@type\":\"SearchAction\",\"target\":{\"@type\":\"EntryPoint\",\"urlTemplate\":\"https:\\\/\\\/radioljubuski.ba\\\/?s={search_term_string}\"},\"query-input\":{\"@type\":\"PropertyValueSpecification\",\"valueRequired\":true,\"valueName\":\"search_term_string\"}}],\"inLanguage\":\"hr\"},{\"@type\":\"Organization\",\"@id\":\"https:\\\/\\\/radioljubuski.ba\\\/#organization\",\"name\":\"Radio Ljubu\u0161ki\",\"url\":\"https:\\\/\\\/radioljubuski.ba\\\/\",\"logo\":{\"@type\":\"ImageObject\",\"inLanguage\":\"hr\",\"@id\":\"https:\\\/\\\/radioljubuski.ba\\\/#\\\/schema\\\/logo\\\/image\\\/\",\"url\":\"https:\\\/\\\/radioljubuski.ba\\\/wp-content\\\/uploads\\\/2021\\\/02\\\/cropped-Radio_Ljubuski_logo1.jpg\",\"contentUrl\":\"https:\\\/\\\/radioljubuski.ba\\\/wp-content\\\/uploads\\\/2021\\\/02\\\/cropped-Radio_Ljubuski_logo1.jpg\",\"width\":512,\"height\":512,\"caption\":\"Radio Ljubu\u0161ki\"},\"image\":{\"@id\":\"https:\\\/\\\/radioljubuski.ba\\\/#\\\/schema\\\/logo\\\/image\\\/\"},\"sameAs\":[\"https:\\\/\\\/www.facebook.com\\\/Radiio-Ljubuski-1490835324566332\",\"https:\\\/\\\/x.com\\\/radioljubuski\",\"https:\\\/\\\/hr.linkedin.com\\\/company\\\/radio-ljubuski\",\"https:\\\/\\\/www.youtube.com\\\/channel\\\/UCHYaeO_n0Db3tjNGudGpXyw\"]},{\"@type\":\"Person\",\"@id\":\"https:\\\/\\\/radioljubuski.ba\\\/#\\\/schema\\\/person\\\/19fc700381a780f69665d7956c469e3b\",\"name\":\"Radio Ljubu\u0161ki\"}]}<\/script>\n<!-- \/ Yoast SEO plugin. -->","yoast_head_json":{"title":"Opro\u0161tajni govor kardinala Pulji\u0107a - RADIO LJUBU\u0160KI","robots":{"index":"index","follow":"follow","max-snippet":"max-snippet:-1","max-image-preview":"max-image-preview:large","max-video-preview":"max-video-preview:-1"},"canonical":"https:\/\/radioljubuski.ba\/index.php\/2022\/01\/30\/oprostajni-govor-kardinala-puljica\/","og_locale":"hr_HR","og_type":"article","og_title":"Opro\u0161tajni govor kardinala Pulji\u0107a - RADIO LJUBU\u0160KI","og_description":"Po saznanju da je papa Franjo u subotu, 29. sije\u010dnja prihvatio odreknu\u0107e od upravljanja Vrhbosanskom nadbiskupijom kardinal Vinko Pulji\u0107 izrekao je svoj opro\u0161tajni govor u prostorijama Nadbiskupske rezidencije u Sarajevu, objavila je&nbsp;Nedjelja.ba. Isti donosimo u cijelosti: Sveti papa Ivan Pavao II. me imenovao nadbiskupom vrhbosanskim \u2013 sarajevskim 19. studenog 1990. Javno su obznanili imenovanje 7. [&hellip;]","og_url":"https:\/\/radioljubuski.ba\/index.php\/2022\/01\/30\/oprostajni-govor-kardinala-puljica\/","og_site_name":"RADIO LJUBU\u0160KI","article_publisher":"https:\/\/www.facebook.com\/Radiio-Ljubuski-1490835324566332","article_published_time":"2022-01-30T22:47:25+00:00","article_modified_time":"2022-01-30T22:47:27+00:00","og_image":[{"width":1024,"height":720,"url":"https:\/\/radioljubuski.ba\/wp-content\/uploads\/2022\/01\/kardinal_puljic.jpg","type":"image\/jpeg"}],"author":"Radio Ljubu\u0161ki","twitter_card":"summary_large_image","twitter_creator":"@radioljubuski","twitter_site":"@radioljubuski","twitter_misc":{"Napisao\/la":"Radio Ljubu\u0161ki","Procijenjeno vrijeme \u010ditanja":"3 minute"},"schema":{"@context":"https:\/\/schema.org","@graph":[{"@type":"Article","@id":"https:\/\/radioljubuski.ba\/index.php\/2022\/01\/30\/oprostajni-govor-kardinala-puljica\/#article","isPartOf":{"@id":"https:\/\/radioljubuski.ba\/index.php\/2022\/01\/30\/oprostajni-govor-kardinala-puljica\/"},"author":{"name":"Radio Ljubu\u0161ki","@id":"https:\/\/radioljubuski.ba\/#\/schema\/person\/19fc700381a780f69665d7956c469e3b"},"headline":"Opro\u0161tajni govor kardinala Pulji\u0107a","datePublished":"2022-01-30T22:47:25+00:00","dateModified":"2022-01-30T22:47:27+00:00","mainEntityOfPage":{"@id":"https:\/\/radioljubuski.ba\/index.php\/2022\/01\/30\/oprostajni-govor-kardinala-puljica\/"},"wordCount":624,"publisher":{"@id":"https:\/\/radioljubuski.ba\/#organization"},"image":{"@id":"https:\/\/radioljubuski.ba\/index.php\/2022\/01\/30\/oprostajni-govor-kardinala-puljica\/#primaryimage"},"thumbnailUrl":"https:\/\/radioljubuski.ba\/wp-content\/uploads\/2022\/01\/kardinal_puljic.jpg","articleSection":["BIH i regija"],"inLanguage":"hr"},{"@type":"WebPage","@id":"https:\/\/radioljubuski.ba\/index.php\/2022\/01\/30\/oprostajni-govor-kardinala-puljica\/","url":"https:\/\/radioljubuski.ba\/index.php\/2022\/01\/30\/oprostajni-govor-kardinala-puljica\/","name":"Opro\u0161tajni govor kardinala Pulji\u0107a - RADIO LJUBU\u0160KI","isPartOf":{"@id":"https:\/\/radioljubuski.ba\/#website"},"primaryImageOfPage":{"@id":"https:\/\/radioljubuski.ba\/index.php\/2022\/01\/30\/oprostajni-govor-kardinala-puljica\/#primaryimage"},"image":{"@id":"https:\/\/radioljubuski.ba\/index.php\/2022\/01\/30\/oprostajni-govor-kardinala-puljica\/#primaryimage"},"thumbnailUrl":"https:\/\/radioljubuski.ba\/wp-content\/uploads\/2022\/01\/kardinal_puljic.jpg","datePublished":"2022-01-30T22:47:25+00:00","dateModified":"2022-01-30T22:47:27+00:00","breadcrumb":{"@id":"https:\/\/radioljubuski.ba\/index.php\/2022\/01\/30\/oprostajni-govor-kardinala-puljica\/#breadcrumb"},"inLanguage":"hr","potentialAction":[{"@type":"ReadAction","target":["https:\/\/radioljubuski.ba\/index.php\/2022\/01\/30\/oprostajni-govor-kardinala-puljica\/"]}]},{"@type":"ImageObject","inLanguage":"hr","@id":"https:\/\/radioljubuski.ba\/index.php\/2022\/01\/30\/oprostajni-govor-kardinala-puljica\/#primaryimage","url":"https:\/\/radioljubuski.ba\/wp-content\/uploads\/2022\/01\/kardinal_puljic.jpg","contentUrl":"https:\/\/radioljubuski.ba\/wp-content\/uploads\/2022\/01\/kardinal_puljic.jpg","width":1024,"height":720},{"@type":"BreadcrumbList","@id":"https:\/\/radioljubuski.ba\/index.php\/2022\/01\/30\/oprostajni-govor-kardinala-puljica\/#breadcrumb","itemListElement":[{"@type":"ListItem","position":1,"name":"Po\u010detna stranica","item":"https:\/\/radioljubuski.ba\/"},{"@type":"ListItem","position":2,"name":"Opro\u0161tajni govor kardinala Pulji\u0107a"}]},{"@type":"WebSite","@id":"https:\/\/radioljubuski.ba\/#website","url":"https:\/\/radioljubuski.ba\/","name":"Radio Ljubu\u0161ki","description":"Sun\u010dana frekvencija Hercegovine","publisher":{"@id":"https:\/\/radioljubuski.ba\/#organization"},"potentialAction":[{"@type":"SearchAction","target":{"@type":"EntryPoint","urlTemplate":"https:\/\/radioljubuski.ba\/?s={search_term_string}"},"query-input":{"@type":"PropertyValueSpecification","valueRequired":true,"valueName":"search_term_string"}}],"inLanguage":"hr"},{"@type":"Organization","@id":"https:\/\/radioljubuski.ba\/#organization","name":"Radio Ljubu\u0161ki","url":"https:\/\/radioljubuski.ba\/","logo":{"@type":"ImageObject","inLanguage":"hr","@id":"https:\/\/radioljubuski.ba\/#\/schema\/logo\/image\/","url":"https:\/\/radioljubuski.ba\/wp-content\/uploads\/2021\/02\/cropped-Radio_Ljubuski_logo1.jpg","contentUrl":"https:\/\/radioljubuski.ba\/wp-content\/uploads\/2021\/02\/cropped-Radio_Ljubuski_logo1.jpg","width":512,"height":512,"caption":"Radio Ljubu\u0161ki"},"image":{"@id":"https:\/\/radioljubuski.ba\/#\/schema\/logo\/image\/"},"sameAs":["https:\/\/www.facebook.com\/Radiio-Ljubuski-1490835324566332","https:\/\/x.com\/radioljubuski","https:\/\/hr.linkedin.com\/company\/radio-ljubuski","https:\/\/www.youtube.com\/channel\/UCHYaeO_n0Db3tjNGudGpXyw"]},{"@type":"Person","@id":"https:\/\/radioljubuski.ba\/#\/schema\/person\/19fc700381a780f69665d7956c469e3b","name":"Radio Ljubu\u0161ki"}]}},"_links":{"self":[{"href":"https:\/\/radioljubuski.ba\/index.php\/wp-json\/wp\/v2\/posts\/110290","targetHints":{"allow":["GET"]}}],"collection":[{"href":"https:\/\/radioljubuski.ba\/index.php\/wp-json\/wp\/v2\/posts"}],"about":[{"href":"https:\/\/radioljubuski.ba\/index.php\/wp-json\/wp\/v2\/types\/post"}],"author":[{"embeddable":true,"href":"https:\/\/radioljubuski.ba\/index.php\/wp-json\/wp\/v2\/users\/2"}],"replies":[{"embeddable":true,"href":"https:\/\/radioljubuski.ba\/index.php\/wp-json\/wp\/v2\/comments?post=110290"}],"version-history":[{"count":1,"href":"https:\/\/radioljubuski.ba\/index.php\/wp-json\/wp\/v2\/posts\/110290\/revisions"}],"predecessor-version":[{"id":110292,"href":"https:\/\/radioljubuski.ba\/index.php\/wp-json\/wp\/v2\/posts\/110290\/revisions\/110292"}],"wp:featuredmedia":[{"embeddable":true,"href":"https:\/\/radioljubuski.ba\/index.php\/wp-json\/wp\/v2\/media\/110291"}],"wp:attachment":[{"href":"https:\/\/radioljubuski.ba\/index.php\/wp-json\/wp\/v2\/media?parent=110290"}],"wp:term":[{"taxonomy":"category","embeddable":true,"href":"https:\/\/radioljubuski.ba\/index.php\/wp-json\/wp\/v2\/categories?post=110290"},{"taxonomy":"post_tag","embeddable":true,"href":"https:\/\/radioljubuski.ba\/index.php\/wp-json\/wp\/v2\/tags?post=110290"}],"curies":[{"name":"wp","href":"https:\/\/api.w.org\/{rel}","templated":true}]}}