{"id":110293,"date":"2022-01-30T23:48:35","date_gmt":"2022-01-30T22:48:35","guid":{"rendered":"https:\/\/radioljubuski.ba\/?p=110293"},"modified":"2022-01-30T23:48:36","modified_gmt":"2022-01-30T22:48:36","slug":"mons-vuksic-za-sirenje-sloge-i-prijateljstva-suradnje-i-dijaloga-medu-svim-ljudima-i-narodima","status":"publish","type":"post","link":"https:\/\/radioljubuski.ba\/index.php\/2022\/01\/30\/mons-vuksic-za-sirenje-sloge-i-prijateljstva-suradnje-i-dijaloga-medu-svim-ljudima-i-narodima\/","title":{"rendered":"Mons. Vuk\u0161i\u0107: Za \u0161irenje sloge i prijateljstva, suradnje i dijaloga me\u0111u svim ljudima i narodima"},"content":{"rendered":"\n<p><strong>Odlukom pape Franje od 29. sije\u010dnja nakon umirovljenja kardinala Vinka Pulji\u0107a upravljenje Vrhbosanskom nadbiskupijom preuzeo je dosada\u0161nji nadbiskup koadjutor mons. Tomo Vuk\u0161i\u0107. On je na, kako prenosi&nbsp;<a href=\"https:\/\/www.nedjelja.ba\/hr\/vijesti\/bih\/nastupni-govor-novog-vrhbosanskog-nadbiskupa\/23948\" target=\"_blank\" rel=\"noreferrer noopener\">Nedjelja.ba<\/a>, sve\u010danosti progla\u0161enja u prostorijama Nadbiskupske rezidencije u Sarajevu izrekao prigodni nastupni i pozdravni govor kojega donosimo u cijelosti:<\/strong><\/p>\n\n\n\n<p>Zahvalan sam papi Franji koji me 22. sije\u010dnja 2020. imenovao nadbiskupom koadjutorom Vrhbosanske nadbiskupije i tada odlu\u010dio da tu slu\u017ebu, u suradnji s nadbiskupom kardinalom Vinkom Pulji\u0107em, vr\u0161im dok on ne odlu\u010di druk\u010dije. A dvije godine nakon toga, danas je cijeloj nadbiskupijskoj zajednici Isusovih vjernika priop\u0107eno da je isti papa donio tada najavljenu odluku koja stupa na snagu s dana\u0161njim danom.<\/p>\n\n\n\n<p>Bogu hvala! I neka sve, pa tako i ova nova slu\u017eba, bude na ve\u0107u slavu Bo\u017eju, za obnovu svega u Kristu u na\u0161oj nadbiskupiji, za \u0161irenje kraljevstva Bo\u017ejega na zemlji te sloge i prijateljstva, suradnje i dijaloga me\u0111u svim ljudima i narodima. To je moja dana\u0161nja molitva i najiskrenija \u017eelja.<\/p>\n\n\n\n<p>Hvala nadbiskupu i kardinalu Vinku za primjer hrabroga i vjernoga biskupa u slu\u017eenju Crkvi Bo\u017ejoj u Vrhbosanskoj biskupiji. Hvala mu \u0161to me je zaredio za biskupa, za svesrdnu pomo\u0107 tijekom cijeloga mog slu\u017eenja vjernicima Vojnog ordinarijata i za otvorenost kroz protekle dvije godine zajedni\u010dkoga dogovaranja i rada.<\/p>\n\n\n\n<p>Hvala prezbiteriju i vjernicima Vrhbosanske nadbiskupije, dijecezanskom i redovni\u010dkom, koji su me otvorenih ruku i prijateljski primali i bili otvoreni za suradnju. Hvala vam za predano slu\u017eenje narodu Bo\u017ejemu i obe\u0107avam da \u0107u u\u010diniti sve, \u0161to mi bude mogu\u0107e, da se sve lijepo nastavi. Danas vas sve jo\u0161 jednom pozdravljam i zazivam Bo\u017eji blagoslov na sve va\u0161e plemenite nakane i djela.<\/p>\n\n\n\n<p>S po\u0161tovanjem i zahvalno\u0161\u0107u pozdravljam sve obitelji u nadbiskupiji jer su one, kao dijelovi \u017eive Crkve, privilegirano mjesto blagoslova gdje Bog stvoritelj nastavlja svoje djelo.<\/p>\n\n\n\n<p>S posebnim osje\u0107ajem blizine izri\u010dem pozdrav i blagoslov bolesnicima i svima koji trpe zbog bolesti ili gubitka dragih osoba te lije\u010dnicima i drugom medicinskom osoblju koji su hrabri svjedoci da ima dobrote na zemlji.<\/p>\n\n\n\n<p>Izra\u017eavam i obe\u0107avam blizinu i solidarnost siromasima, gladnima, besku\u0107nicima, onima iz javnih kuhinja, nezaposlenima i svima koji nemaju sigurne izvore sredstava za dostojan \u017eivot.<\/p>\n\n\n\n<p>Radujem se budu\u0107oj suradnji u du\u0161obri\u017eni\u0161tvu sa svim redovnicima i redovnicama, vjerou\u010diteljima i zauzetim vjernicima laicima. Sve va\u0161e karizme i svaka va\u0161a slu\u017eba su bogatstvo Crkve koje \u0107e u meni uvijek imati prijatelja. Svima vama, me\u0111u kojima su najbrojniji bra\u0107a franjevci, zahvalan sam za va\u0161e karizme, slu\u017eenje i svjedo\u010denje koje neka i ubudu\u0107e bude s blagoslovom.<\/p>\n\n\n\n<p>Blagoslov tako\u0111er bogoslovima, sjemeni\u0161tarcima, novacima i novakinjama, te njihovim odgojiteljima i profesorima, koji su vrlo va\u017ean dio Crkve i na svoj na\u010din nazna\u010duju njezinu budu\u0107nost.<\/p>\n\n\n\n<p>Pozdravljam bra\u0107u i sestre druk\u010dijih vjerskih uvjerenja s kojima \u017eelim iskreno sudjelovati u ekumenizmu i me\u0111ureligijskom dijalogu. Prije svega jer je takvo djelovanje dio katoli\u010dkog identiteta i poslanja, ali tako\u0111er zato \u0161to to smatram i moralnom obvezom u ovom slo\u017eenom dru\u0161tvu. I \u017eelim da u njemu svi budemo znakovi nade.<\/p>\n\n\n\n<p>Zada\u0107a je katoli\u010dkoga biskupa davati doprinos i za uspostavu sloge u dru\u0161tvu u kojemu ga je Providnost Bo\u017eja poslala slu\u017eiti. Naravno, ljubomorno paze\u0107i da se po\u0161tuju i \u010duvaju dostojanstvo svakoga \u010dovjeka i naroda te pojedina\u010dna ljudska prava i kolektivna prava svakoga naroda i manjinskih grupa. Katoli\u010dka Crkva zna da je to mogu\u0107e ostvariti samo ako se donesu i dosljedno primjenjuju odgovaraju\u0107i pravedni zakoni. U tom smislu \u017eelim biti podr\u0161ka svakom takvu nastojanju, a sve suprotno tomu ne mo\u017ee imati blagoslov Crkve.<\/p>\n\n\n\n<p>Znam da cijela Vrhbosanska nadbiskupija s pravom \u017eeli znati u kojemu \u0107e smjeru i\u0107i ono \u0161to je do sada u\u010dinjeno u radu njezine prve sinode i kako \u0107e se glede toga postaviti novi nadbiskup jer crkvena pravila u ovakvim situacijama predvi\u0111aju vi\u0161e mogu\u0107nosti. U odgovoru na to pitanje \u017eelim kazati: Tomo nastavlja tamo gdje je Vinko stao. To jest, nastavlja se sinodalni hod i proces ja\u010danja zajedni\u010dke odgovornosti za Crkvu Bo\u017eju i op\u0107e dobro. Idemo naprijed zajedno kako bismo, na osnovama onoga \u0161to je do sada ura\u0111eno, prona\u0161li najbolja rje\u0161enja za du\u0161obri\u017eni\u0161tvo u ovoj Nadbiskupiji te, kad sazrije vrijeme i kad to Providnost dopusti, kako bismo donijeli kona\u010dan dokument koji se u crkvenom \u017eivotu naziva: obvezuju\u0107e izjave i odluke. Radujem se unaprijed svakom doprinosu u tom pravcu.<\/p>\n\n\n\n<p>Objavljujem tako\u0111er da dosada\u0161nji generalni vikar i sudski vikar nastavljaju svoje slu\u017ebe sve dok, kao \u0161to je obi\u010daj u Crkvi, prilike i razlozi te pastoralne potrebe eventualno ne budu savjetovali druk\u010dija rje\u0161enja.<\/p>\n\n\n\n<p>U ovoj sve\u010danoj prigodi pozdravljam tako\u0111er sve vjernike Vojnog ordinarijata i bra\u0107u sve\u0107enike koji su njihovi du\u0161obri\u017enici. Svima vama zahvaljujem za dugogodi\u0161nju suradnju i osim blagoslova, koji vam upu\u0107ujem, obavje\u0161tavam vas tako\u0111er da se nastavlja moje slu\u017eenje va\u0161im duhovnim potrebama. \u010cinit \u0107u to s velikom rado\u0161\u0107u sve dok nasljednik apostola Petra ne odlu\u010di druk\u010dije.<\/p>\n\n\n\n<p>I na kraju, kako bismo uvijek mogli biti jasni propovjednici i autenti\u010dni svjedoci kr\u0161\u0107anske nade za ljude, koje susre\u0107emo na svojim \u017eivotnim putovima, neka milost Gospodina Isusa Krista, ljubav Boga Oca i zajedni\u0161tvo Duha Svetoga budu sa svima vama. Bog vas blagoslovio!, zavr\u0161io je svoj pozdravni govor novi nadbiskup Vrhbosanski mons. Tomo Vuk\u0161i\u0107.<\/p>\n\n\n\n<p>\/HMS\/<\/p>\n","protected":false},"excerpt":{"rendered":"<p>Odlukom pape Franje od 29. sije\u010dnja nakon umirovljenja kardinala Vinka Pulji\u0107a upravljenje Vrhbosanskom nadbiskupijom preuzeo je dosada\u0161nji nadbiskup koadjutor mons. Tomo Vuk\u0161i\u0107. On je na, kako prenosi&nbsp;Nedjelja.ba, sve\u010danosti progla\u0161enja u prostorijama Nadbiskupske rezidencije u Sarajevu izrekao prigodni nastupni i pozdravni govor kojega donosimo u cijelosti: Zahvalan sam papi Franji koji me 22. sije\u010dnja 2020. imenovao [&hellip;]<\/p>\n","protected":false},"author":2,"featured_media":110294,"comment_status":"closed","ping_status":"closed","sticky":false,"template":"","format":"standard","meta":{"h5ap_radio_sources":[],"footnotes":""},"categories":[1],"tags":[],"class_list":["post-110293","post","type-post","status-publish","format-standard","has-post-thumbnail","hentry","category-bihiregija"],"yoast_head":"<!-- This site is optimized with the Yoast SEO plugin v27.4 - https:\/\/yoast.com\/product\/yoast-seo-wordpress\/ -->\n<title>Mons. Vuk\u0161i\u0107: Za \u0161irenje sloge i prijateljstva, suradnje i dijaloga me\u0111u svim ljudima i narodima - RADIO LJUBU\u0160KI<\/title>\n<meta name=\"robots\" content=\"index, follow, max-snippet:-1, max-image-preview:large, max-video-preview:-1\" \/>\n<link rel=\"canonical\" href=\"https:\/\/radioljubuski.ba\/index.php\/2022\/01\/30\/mons-vuksic-za-sirenje-sloge-i-prijateljstva-suradnje-i-dijaloga-medu-svim-ljudima-i-narodima\/\" \/>\n<meta property=\"og:locale\" content=\"hr_HR\" \/>\n<meta property=\"og:type\" content=\"article\" \/>\n<meta property=\"og:title\" content=\"Mons. Vuk\u0161i\u0107: Za \u0161irenje sloge i prijateljstva, suradnje i dijaloga me\u0111u svim ljudima i narodima - RADIO LJUBU\u0160KI\" \/>\n<meta property=\"og:description\" content=\"Odlukom pape Franje od 29. sije\u010dnja nakon umirovljenja kardinala Vinka Pulji\u0107a upravljenje Vrhbosanskom nadbiskupijom preuzeo je dosada\u0161nji nadbiskup koadjutor mons. Tomo Vuk\u0161i\u0107. On je na, kako prenosi&nbsp;Nedjelja.ba, sve\u010danosti progla\u0161enja u prostorijama Nadbiskupske rezidencije u Sarajevu izrekao prigodni nastupni i pozdravni govor kojega donosimo u cijelosti: Zahvalan sam papi Franji koji me 22. sije\u010dnja 2020. imenovao [&hellip;]\" \/>\n<meta property=\"og:url\" content=\"https:\/\/radioljubuski.ba\/index.php\/2022\/01\/30\/mons-vuksic-za-sirenje-sloge-i-prijateljstva-suradnje-i-dijaloga-medu-svim-ljudima-i-narodima\/\" \/>\n<meta property=\"og:site_name\" content=\"RADIO LJUBU\u0160KI\" \/>\n<meta property=\"article:publisher\" content=\"https:\/\/www.facebook.com\/Radiio-Ljubuski-1490835324566332\" \/>\n<meta property=\"article:published_time\" content=\"2022-01-30T22:48:35+00:00\" \/>\n<meta property=\"article:modified_time\" content=\"2022-01-30T22:48:36+00:00\" \/>\n<meta property=\"og:image\" content=\"https:\/\/radioljubuski.ba\/wp-content\/uploads\/2022\/01\/vuksic-1.jpg\" \/>\n\t<meta property=\"og:image:width\" content=\"1024\" \/>\n\t<meta property=\"og:image:height\" content=\"720\" \/>\n\t<meta property=\"og:image:type\" content=\"image\/jpeg\" \/>\n<meta name=\"author\" content=\"Radio Ljubu\u0161ki\" \/>\n<meta name=\"twitter:card\" content=\"summary_large_image\" \/>\n<meta name=\"twitter:creator\" content=\"@radioljubuski\" \/>\n<meta name=\"twitter:site\" content=\"@radioljubuski\" \/>\n<meta name=\"twitter:label1\" content=\"Napisao\/la\" \/>\n\t<meta name=\"twitter:data1\" content=\"Radio Ljubu\u0161ki\" \/>\n\t<meta name=\"twitter:label2\" content=\"Procijenjeno vrijeme \u010ditanja\" \/>\n\t<meta name=\"twitter:data2\" content=\"4 minute\" \/>\n<script type=\"application\/ld+json\" class=\"yoast-schema-graph\">{\"@context\":\"https:\\\/\\\/schema.org\",\"@graph\":[{\"@type\":\"Article\",\"@id\":\"https:\\\/\\\/radioljubuski.ba\\\/index.php\\\/2022\\\/01\\\/30\\\/mons-vuksic-za-sirenje-sloge-i-prijateljstva-suradnje-i-dijaloga-medu-svim-ljudima-i-narodima\\\/#article\",\"isPartOf\":{\"@id\":\"https:\\\/\\\/radioljubuski.ba\\\/index.php\\\/2022\\\/01\\\/30\\\/mons-vuksic-za-sirenje-sloge-i-prijateljstva-suradnje-i-dijaloga-medu-svim-ljudima-i-narodima\\\/\"},\"author\":{\"name\":\"Radio Ljubu\u0161ki\",\"@id\":\"https:\\\/\\\/radioljubuski.ba\\\/#\\\/schema\\\/person\\\/19fc700381a780f69665d7956c469e3b\"},\"headline\":\"Mons. Vuk\u0161i\u0107: Za \u0161irenje sloge i prijateljstva, suradnje i dijaloga me\u0111u svim ljudima i narodima\",\"datePublished\":\"2022-01-30T22:48:35+00:00\",\"dateModified\":\"2022-01-30T22:48:36+00:00\",\"mainEntityOfPage\":{\"@id\":\"https:\\\/\\\/radioljubuski.ba\\\/index.php\\\/2022\\\/01\\\/30\\\/mons-vuksic-za-sirenje-sloge-i-prijateljstva-suradnje-i-dijaloga-medu-svim-ljudima-i-narodima\\\/\"},\"wordCount\":969,\"publisher\":{\"@id\":\"https:\\\/\\\/radioljubuski.ba\\\/#organization\"},\"image\":{\"@id\":\"https:\\\/\\\/radioljubuski.ba\\\/index.php\\\/2022\\\/01\\\/30\\\/mons-vuksic-za-sirenje-sloge-i-prijateljstva-suradnje-i-dijaloga-medu-svim-ljudima-i-narodima\\\/#primaryimage\"},\"thumbnailUrl\":\"https:\\\/\\\/radioljubuski.ba\\\/wp-content\\\/uploads\\\/2022\\\/01\\\/vuksic-1.jpg\",\"articleSection\":[\"BIH i regija\"],\"inLanguage\":\"hr\"},{\"@type\":\"WebPage\",\"@id\":\"https:\\\/\\\/radioljubuski.ba\\\/index.php\\\/2022\\\/01\\\/30\\\/mons-vuksic-za-sirenje-sloge-i-prijateljstva-suradnje-i-dijaloga-medu-svim-ljudima-i-narodima\\\/\",\"url\":\"https:\\\/\\\/radioljubuski.ba\\\/index.php\\\/2022\\\/01\\\/30\\\/mons-vuksic-za-sirenje-sloge-i-prijateljstva-suradnje-i-dijaloga-medu-svim-ljudima-i-narodima\\\/\",\"name\":\"Mons. Vuk\u0161i\u0107: Za \u0161irenje sloge i prijateljstva, suradnje i dijaloga me\u0111u svim ljudima i narodima - RADIO LJUBU\u0160KI\",\"isPartOf\":{\"@id\":\"https:\\\/\\\/radioljubuski.ba\\\/#website\"},\"primaryImageOfPage\":{\"@id\":\"https:\\\/\\\/radioljubuski.ba\\\/index.php\\\/2022\\\/01\\\/30\\\/mons-vuksic-za-sirenje-sloge-i-prijateljstva-suradnje-i-dijaloga-medu-svim-ljudima-i-narodima\\\/#primaryimage\"},\"image\":{\"@id\":\"https:\\\/\\\/radioljubuski.ba\\\/index.php\\\/2022\\\/01\\\/30\\\/mons-vuksic-za-sirenje-sloge-i-prijateljstva-suradnje-i-dijaloga-medu-svim-ljudima-i-narodima\\\/#primaryimage\"},\"thumbnailUrl\":\"https:\\\/\\\/radioljubuski.ba\\\/wp-content\\\/uploads\\\/2022\\\/01\\\/vuksic-1.jpg\",\"datePublished\":\"2022-01-30T22:48:35+00:00\",\"dateModified\":\"2022-01-30T22:48:36+00:00\",\"breadcrumb\":{\"@id\":\"https:\\\/\\\/radioljubuski.ba\\\/index.php\\\/2022\\\/01\\\/30\\\/mons-vuksic-za-sirenje-sloge-i-prijateljstva-suradnje-i-dijaloga-medu-svim-ljudima-i-narodima\\\/#breadcrumb\"},\"inLanguage\":\"hr\",\"potentialAction\":[{\"@type\":\"ReadAction\",\"target\":[\"https:\\\/\\\/radioljubuski.ba\\\/index.php\\\/2022\\\/01\\\/30\\\/mons-vuksic-za-sirenje-sloge-i-prijateljstva-suradnje-i-dijaloga-medu-svim-ljudima-i-narodima\\\/\"]}]},{\"@type\":\"ImageObject\",\"inLanguage\":\"hr\",\"@id\":\"https:\\\/\\\/radioljubuski.ba\\\/index.php\\\/2022\\\/01\\\/30\\\/mons-vuksic-za-sirenje-sloge-i-prijateljstva-suradnje-i-dijaloga-medu-svim-ljudima-i-narodima\\\/#primaryimage\",\"url\":\"https:\\\/\\\/radioljubuski.ba\\\/wp-content\\\/uploads\\\/2022\\\/01\\\/vuksic-1.jpg\",\"contentUrl\":\"https:\\\/\\\/radioljubuski.ba\\\/wp-content\\\/uploads\\\/2022\\\/01\\\/vuksic-1.jpg\",\"width\":1024,\"height\":720},{\"@type\":\"BreadcrumbList\",\"@id\":\"https:\\\/\\\/radioljubuski.ba\\\/index.php\\\/2022\\\/01\\\/30\\\/mons-vuksic-za-sirenje-sloge-i-prijateljstva-suradnje-i-dijaloga-medu-svim-ljudima-i-narodima\\\/#breadcrumb\",\"itemListElement\":[{\"@type\":\"ListItem\",\"position\":1,\"name\":\"Po\u010detna stranica\",\"item\":\"https:\\\/\\\/radioljubuski.ba\\\/\"},{\"@type\":\"ListItem\",\"position\":2,\"name\":\"Mons. Vuk\u0161i\u0107: Za \u0161irenje sloge i prijateljstva, suradnje i dijaloga me\u0111u svim ljudima i narodima\"}]},{\"@type\":\"WebSite\",\"@id\":\"https:\\\/\\\/radioljubuski.ba\\\/#website\",\"url\":\"https:\\\/\\\/radioljubuski.ba\\\/\",\"name\":\"Radio Ljubu\u0161ki\",\"description\":\"Sun\u010dana frekvencija Hercegovine\",\"publisher\":{\"@id\":\"https:\\\/\\\/radioljubuski.ba\\\/#organization\"},\"potentialAction\":[{\"@type\":\"SearchAction\",\"target\":{\"@type\":\"EntryPoint\",\"urlTemplate\":\"https:\\\/\\\/radioljubuski.ba\\\/?s={search_term_string}\"},\"query-input\":{\"@type\":\"PropertyValueSpecification\",\"valueRequired\":true,\"valueName\":\"search_term_string\"}}],\"inLanguage\":\"hr\"},{\"@type\":\"Organization\",\"@id\":\"https:\\\/\\\/radioljubuski.ba\\\/#organization\",\"name\":\"Radio Ljubu\u0161ki\",\"url\":\"https:\\\/\\\/radioljubuski.ba\\\/\",\"logo\":{\"@type\":\"ImageObject\",\"inLanguage\":\"hr\",\"@id\":\"https:\\\/\\\/radioljubuski.ba\\\/#\\\/schema\\\/logo\\\/image\\\/\",\"url\":\"https:\\\/\\\/radioljubuski.ba\\\/wp-content\\\/uploads\\\/2021\\\/02\\\/cropped-Radio_Ljubuski_logo1.jpg\",\"contentUrl\":\"https:\\\/\\\/radioljubuski.ba\\\/wp-content\\\/uploads\\\/2021\\\/02\\\/cropped-Radio_Ljubuski_logo1.jpg\",\"width\":512,\"height\":512,\"caption\":\"Radio Ljubu\u0161ki\"},\"image\":{\"@id\":\"https:\\\/\\\/radioljubuski.ba\\\/#\\\/schema\\\/logo\\\/image\\\/\"},\"sameAs\":[\"https:\\\/\\\/www.facebook.com\\\/Radiio-Ljubuski-1490835324566332\",\"https:\\\/\\\/x.com\\\/radioljubuski\",\"https:\\\/\\\/hr.linkedin.com\\\/company\\\/radio-ljubuski\",\"https:\\\/\\\/www.youtube.com\\\/channel\\\/UCHYaeO_n0Db3tjNGudGpXyw\"]},{\"@type\":\"Person\",\"@id\":\"https:\\\/\\\/radioljubuski.ba\\\/#\\\/schema\\\/person\\\/19fc700381a780f69665d7956c469e3b\",\"name\":\"Radio Ljubu\u0161ki\"}]}<\/script>\n<!-- \/ Yoast SEO plugin. -->","yoast_head_json":{"title":"Mons. Vuk\u0161i\u0107: Za \u0161irenje sloge i prijateljstva, suradnje i dijaloga me\u0111u svim ljudima i narodima - RADIO LJUBU\u0160KI","robots":{"index":"index","follow":"follow","max-snippet":"max-snippet:-1","max-image-preview":"max-image-preview:large","max-video-preview":"max-video-preview:-1"},"canonical":"https:\/\/radioljubuski.ba\/index.php\/2022\/01\/30\/mons-vuksic-za-sirenje-sloge-i-prijateljstva-suradnje-i-dijaloga-medu-svim-ljudima-i-narodima\/","og_locale":"hr_HR","og_type":"article","og_title":"Mons. Vuk\u0161i\u0107: Za \u0161irenje sloge i prijateljstva, suradnje i dijaloga me\u0111u svim ljudima i narodima - RADIO LJUBU\u0160KI","og_description":"Odlukom pape Franje od 29. sije\u010dnja nakon umirovljenja kardinala Vinka Pulji\u0107a upravljenje Vrhbosanskom nadbiskupijom preuzeo je dosada\u0161nji nadbiskup koadjutor mons. Tomo Vuk\u0161i\u0107. On je na, kako prenosi&nbsp;Nedjelja.ba, sve\u010danosti progla\u0161enja u prostorijama Nadbiskupske rezidencije u Sarajevu izrekao prigodni nastupni i pozdravni govor kojega donosimo u cijelosti: Zahvalan sam papi Franji koji me 22. sije\u010dnja 2020. imenovao [&hellip;]","og_url":"https:\/\/radioljubuski.ba\/index.php\/2022\/01\/30\/mons-vuksic-za-sirenje-sloge-i-prijateljstva-suradnje-i-dijaloga-medu-svim-ljudima-i-narodima\/","og_site_name":"RADIO LJUBU\u0160KI","article_publisher":"https:\/\/www.facebook.com\/Radiio-Ljubuski-1490835324566332","article_published_time":"2022-01-30T22:48:35+00:00","article_modified_time":"2022-01-30T22:48:36+00:00","og_image":[{"width":1024,"height":720,"url":"https:\/\/radioljubuski.ba\/wp-content\/uploads\/2022\/01\/vuksic-1.jpg","type":"image\/jpeg"}],"author":"Radio Ljubu\u0161ki","twitter_card":"summary_large_image","twitter_creator":"@radioljubuski","twitter_site":"@radioljubuski","twitter_misc":{"Napisao\/la":"Radio Ljubu\u0161ki","Procijenjeno vrijeme \u010ditanja":"4 minute"},"schema":{"@context":"https:\/\/schema.org","@graph":[{"@type":"Article","@id":"https:\/\/radioljubuski.ba\/index.php\/2022\/01\/30\/mons-vuksic-za-sirenje-sloge-i-prijateljstva-suradnje-i-dijaloga-medu-svim-ljudima-i-narodima\/#article","isPartOf":{"@id":"https:\/\/radioljubuski.ba\/index.php\/2022\/01\/30\/mons-vuksic-za-sirenje-sloge-i-prijateljstva-suradnje-i-dijaloga-medu-svim-ljudima-i-narodima\/"},"author":{"name":"Radio Ljubu\u0161ki","@id":"https:\/\/radioljubuski.ba\/#\/schema\/person\/19fc700381a780f69665d7956c469e3b"},"headline":"Mons. Vuk\u0161i\u0107: Za \u0161irenje sloge i prijateljstva, suradnje i dijaloga me\u0111u svim ljudima i narodima","datePublished":"2022-01-30T22:48:35+00:00","dateModified":"2022-01-30T22:48:36+00:00","mainEntityOfPage":{"@id":"https:\/\/radioljubuski.ba\/index.php\/2022\/01\/30\/mons-vuksic-za-sirenje-sloge-i-prijateljstva-suradnje-i-dijaloga-medu-svim-ljudima-i-narodima\/"},"wordCount":969,"publisher":{"@id":"https:\/\/radioljubuski.ba\/#organization"},"image":{"@id":"https:\/\/radioljubuski.ba\/index.php\/2022\/01\/30\/mons-vuksic-za-sirenje-sloge-i-prijateljstva-suradnje-i-dijaloga-medu-svim-ljudima-i-narodima\/#primaryimage"},"thumbnailUrl":"https:\/\/radioljubuski.ba\/wp-content\/uploads\/2022\/01\/vuksic-1.jpg","articleSection":["BIH i regija"],"inLanguage":"hr"},{"@type":"WebPage","@id":"https:\/\/radioljubuski.ba\/index.php\/2022\/01\/30\/mons-vuksic-za-sirenje-sloge-i-prijateljstva-suradnje-i-dijaloga-medu-svim-ljudima-i-narodima\/","url":"https:\/\/radioljubuski.ba\/index.php\/2022\/01\/30\/mons-vuksic-za-sirenje-sloge-i-prijateljstva-suradnje-i-dijaloga-medu-svim-ljudima-i-narodima\/","name":"Mons. Vuk\u0161i\u0107: Za \u0161irenje sloge i prijateljstva, suradnje i dijaloga me\u0111u svim ljudima i narodima - RADIO LJUBU\u0160KI","isPartOf":{"@id":"https:\/\/radioljubuski.ba\/#website"},"primaryImageOfPage":{"@id":"https:\/\/radioljubuski.ba\/index.php\/2022\/01\/30\/mons-vuksic-za-sirenje-sloge-i-prijateljstva-suradnje-i-dijaloga-medu-svim-ljudima-i-narodima\/#primaryimage"},"image":{"@id":"https:\/\/radioljubuski.ba\/index.php\/2022\/01\/30\/mons-vuksic-za-sirenje-sloge-i-prijateljstva-suradnje-i-dijaloga-medu-svim-ljudima-i-narodima\/#primaryimage"},"thumbnailUrl":"https:\/\/radioljubuski.ba\/wp-content\/uploads\/2022\/01\/vuksic-1.jpg","datePublished":"2022-01-30T22:48:35+00:00","dateModified":"2022-01-30T22:48:36+00:00","breadcrumb":{"@id":"https:\/\/radioljubuski.ba\/index.php\/2022\/01\/30\/mons-vuksic-za-sirenje-sloge-i-prijateljstva-suradnje-i-dijaloga-medu-svim-ljudima-i-narodima\/#breadcrumb"},"inLanguage":"hr","potentialAction":[{"@type":"ReadAction","target":["https:\/\/radioljubuski.ba\/index.php\/2022\/01\/30\/mons-vuksic-za-sirenje-sloge-i-prijateljstva-suradnje-i-dijaloga-medu-svim-ljudima-i-narodima\/"]}]},{"@type":"ImageObject","inLanguage":"hr","@id":"https:\/\/radioljubuski.ba\/index.php\/2022\/01\/30\/mons-vuksic-za-sirenje-sloge-i-prijateljstva-suradnje-i-dijaloga-medu-svim-ljudima-i-narodima\/#primaryimage","url":"https:\/\/radioljubuski.ba\/wp-content\/uploads\/2022\/01\/vuksic-1.jpg","contentUrl":"https:\/\/radioljubuski.ba\/wp-content\/uploads\/2022\/01\/vuksic-1.jpg","width":1024,"height":720},{"@type":"BreadcrumbList","@id":"https:\/\/radioljubuski.ba\/index.php\/2022\/01\/30\/mons-vuksic-za-sirenje-sloge-i-prijateljstva-suradnje-i-dijaloga-medu-svim-ljudima-i-narodima\/#breadcrumb","itemListElement":[{"@type":"ListItem","position":1,"name":"Po\u010detna stranica","item":"https:\/\/radioljubuski.ba\/"},{"@type":"ListItem","position":2,"name":"Mons. Vuk\u0161i\u0107: Za \u0161irenje sloge i prijateljstva, suradnje i dijaloga me\u0111u svim ljudima i narodima"}]},{"@type":"WebSite","@id":"https:\/\/radioljubuski.ba\/#website","url":"https:\/\/radioljubuski.ba\/","name":"Radio Ljubu\u0161ki","description":"Sun\u010dana frekvencija Hercegovine","publisher":{"@id":"https:\/\/radioljubuski.ba\/#organization"},"potentialAction":[{"@type":"SearchAction","target":{"@type":"EntryPoint","urlTemplate":"https:\/\/radioljubuski.ba\/?s={search_term_string}"},"query-input":{"@type":"PropertyValueSpecification","valueRequired":true,"valueName":"search_term_string"}}],"inLanguage":"hr"},{"@type":"Organization","@id":"https:\/\/radioljubuski.ba\/#organization","name":"Radio Ljubu\u0161ki","url":"https:\/\/radioljubuski.ba\/","logo":{"@type":"ImageObject","inLanguage":"hr","@id":"https:\/\/radioljubuski.ba\/#\/schema\/logo\/image\/","url":"https:\/\/radioljubuski.ba\/wp-content\/uploads\/2021\/02\/cropped-Radio_Ljubuski_logo1.jpg","contentUrl":"https:\/\/radioljubuski.ba\/wp-content\/uploads\/2021\/02\/cropped-Radio_Ljubuski_logo1.jpg","width":512,"height":512,"caption":"Radio Ljubu\u0161ki"},"image":{"@id":"https:\/\/radioljubuski.ba\/#\/schema\/logo\/image\/"},"sameAs":["https:\/\/www.facebook.com\/Radiio-Ljubuski-1490835324566332","https:\/\/x.com\/radioljubuski","https:\/\/hr.linkedin.com\/company\/radio-ljubuski","https:\/\/www.youtube.com\/channel\/UCHYaeO_n0Db3tjNGudGpXyw"]},{"@type":"Person","@id":"https:\/\/radioljubuski.ba\/#\/schema\/person\/19fc700381a780f69665d7956c469e3b","name":"Radio Ljubu\u0161ki"}]}},"_links":{"self":[{"href":"https:\/\/radioljubuski.ba\/index.php\/wp-json\/wp\/v2\/posts\/110293","targetHints":{"allow":["GET"]}}],"collection":[{"href":"https:\/\/radioljubuski.ba\/index.php\/wp-json\/wp\/v2\/posts"}],"about":[{"href":"https:\/\/radioljubuski.ba\/index.php\/wp-json\/wp\/v2\/types\/post"}],"author":[{"embeddable":true,"href":"https:\/\/radioljubuski.ba\/index.php\/wp-json\/wp\/v2\/users\/2"}],"replies":[{"embeddable":true,"href":"https:\/\/radioljubuski.ba\/index.php\/wp-json\/wp\/v2\/comments?post=110293"}],"version-history":[{"count":1,"href":"https:\/\/radioljubuski.ba\/index.php\/wp-json\/wp\/v2\/posts\/110293\/revisions"}],"predecessor-version":[{"id":110295,"href":"https:\/\/radioljubuski.ba\/index.php\/wp-json\/wp\/v2\/posts\/110293\/revisions\/110295"}],"wp:featuredmedia":[{"embeddable":true,"href":"https:\/\/radioljubuski.ba\/index.php\/wp-json\/wp\/v2\/media\/110294"}],"wp:attachment":[{"href":"https:\/\/radioljubuski.ba\/index.php\/wp-json\/wp\/v2\/media?parent=110293"}],"wp:term":[{"taxonomy":"category","embeddable":true,"href":"https:\/\/radioljubuski.ba\/index.php\/wp-json\/wp\/v2\/categories?post=110293"},{"taxonomy":"post_tag","embeddable":true,"href":"https:\/\/radioljubuski.ba\/index.php\/wp-json\/wp\/v2\/tags?post=110293"}],"curies":[{"name":"wp","href":"https:\/\/api.w.org\/{rel}","templated":true}]}}