{"id":110296,"date":"2022-01-30T23:49:58","date_gmt":"2022-01-30T22:49:58","guid":{"rendered":"https:\/\/radioljubuski.ba\/?p=110296"},"modified":"2022-01-30T23:49:59","modified_gmt":"2022-01-30T22:49:59","slug":"covic-uputio-cestitku-vrhbosanskom-nadbiskupu-mons-tomi-vuksicu","status":"publish","type":"post","link":"https:\/\/radioljubuski.ba\/index.php\/2022\/01\/30\/covic-uputio-cestitku-vrhbosanskom-nadbiskupu-mons-tomi-vuksicu\/","title":{"rendered":"\u010covi\u0107 uputio \u010destitku vrhbosanskom nadbiskupu mons. Tomi Vuk\u0161i\u0107u"},"content":{"rendered":"\n<p><strong>Predsjednik HDZ BiH i HNS BiH dr. Dragan \u010covi\u0107 uputio je novom vrhbosanskom nadbiskupu mons. Tomi Vuk\u0161i\u0107u \u010destitku u kojoj, kako prenosi Hrvatski Medijski Servis, navodi da je s velikom rado\u0161\u0107u primio vijest da mu je Sveti Otac papa Franjo povjerio novu, odgovornu slu\u017ebu predvo\u0111enja Vrhbosanske Nadbiskupije.<\/strong><\/p>\n\n\n\n<p>-Dozvolite mi tim povodom, u ime hrvatskog naroda Bosne i Hercegovine i u svoje osobno ime uputiti iskrene \u010destitke. Duboko sam uvjeren kako \u0107ete i ovu uzvi\u0161enu du\u017enost obavljati \u010dasno, pouzdanjem u Njegovu pomo\u0107 i milost te da \u0107e Va\u0161e dosada\u0161nje vjerno slu\u017eenja Kristu, njegovoj Crkvi i na\u0161emu narodu biti dodatni poticaj za Va\u0161 daljnji rad na promicanju razumijevanja, tolerancije i ja\u010danja pozitivnih me\u0111uljudskih vrijednosti. \u017delim Vam da ustrajno, svojom duhovno\u0161\u0107u i vjerni\u010dkom hrabro\u0161\u0107u, \u0161to ste ih i do sada u svojim slu\u017ebama iskazivali, nastavite crkveno poslanje koje Vam je povjereno kako bi Evan\u0111elje moglo rasti u ovome svijetu i u na\u0161oj domovini Bosni i Hercegovini.<br>Neka Vas Bo\u017eja milost i snaga i dalje prati i nadahnjuje, a Va\u0161e otvoreno sve\u0107eni\u010dko srce bude prolaz do Bo\u017ejeg srca svakog vjernika, stoji u \u010destitki predsjednika HDZ BiH nadbiskupu Vuk\u0161i\u0107u.<\/p>\n\n\n\n<p>\/HMS\/<\/p>\n","protected":false},"excerpt":{"rendered":"<p>Predsjednik HDZ BiH i HNS BiH dr. Dragan \u010covi\u0107 uputio je novom vrhbosanskom nadbiskupu mons. Tomi Vuk\u0161i\u0107u \u010destitku u kojoj, kako prenosi Hrvatski Medijski Servis, navodi da je s velikom rado\u0161\u0107u primio vijest da mu je Sveti Otac papa Franjo povjerio novu, odgovornu slu\u017ebu predvo\u0111enja Vrhbosanske Nadbiskupije. -Dozvolite mi tim povodom, u ime hrvatskog naroda [&hellip;]<\/p>\n","protected":false},"author":2,"featured_media":110297,"comment_status":"closed","ping_status":"closed","sticky":false,"template":"","format":"standard","meta":{"h5ap_radio_sources":[],"footnotes":""},"categories":[1],"tags":[],"class_list":["post-110296","post","type-post","status-publish","format-standard","has-post-thumbnail","hentry","category-bihiregija"],"yoast_head":"<!-- This site is optimized with the Yoast SEO plugin v27.4 - https:\/\/yoast.com\/product\/yoast-seo-wordpress\/ -->\n<title>\u010covi\u0107 uputio \u010destitku vrhbosanskom nadbiskupu mons. Tomi Vuk\u0161i\u0107u - RADIO LJUBU\u0160KI<\/title>\n<meta name=\"robots\" content=\"index, follow, max-snippet:-1, max-image-preview:large, max-video-preview:-1\" \/>\n<link rel=\"canonical\" href=\"https:\/\/radioljubuski.ba\/index.php\/2022\/01\/30\/covic-uputio-cestitku-vrhbosanskom-nadbiskupu-mons-tomi-vuksicu\/\" \/>\n<meta property=\"og:locale\" content=\"hr_HR\" \/>\n<meta property=\"og:type\" content=\"article\" \/>\n<meta property=\"og:title\" content=\"\u010covi\u0107 uputio \u010destitku vrhbosanskom nadbiskupu mons. Tomi Vuk\u0161i\u0107u - RADIO LJUBU\u0160KI\" \/>\n<meta property=\"og:description\" content=\"Predsjednik HDZ BiH i HNS BiH dr. Dragan \u010covi\u0107 uputio je novom vrhbosanskom nadbiskupu mons. Tomi Vuk\u0161i\u0107u \u010destitku u kojoj, kako prenosi Hrvatski Medijski Servis, navodi da je s velikom rado\u0161\u0107u primio vijest da mu je Sveti Otac papa Franjo povjerio novu, odgovornu slu\u017ebu predvo\u0111enja Vrhbosanske Nadbiskupije. -Dozvolite mi tim povodom, u ime hrvatskog naroda [&hellip;]\" \/>\n<meta property=\"og:url\" content=\"https:\/\/radioljubuski.ba\/index.php\/2022\/01\/30\/covic-uputio-cestitku-vrhbosanskom-nadbiskupu-mons-tomi-vuksicu\/\" \/>\n<meta property=\"og:site_name\" content=\"RADIO LJUBU\u0160KI\" \/>\n<meta property=\"article:publisher\" content=\"https:\/\/www.facebook.com\/Radiio-Ljubuski-1490835324566332\" \/>\n<meta property=\"article:published_time\" content=\"2022-01-30T22:49:58+00:00\" \/>\n<meta property=\"article:modified_time\" content=\"2022-01-30T22:49:59+00:00\" \/>\n<meta property=\"og:image\" content=\"https:\/\/radioljubuski.ba\/wp-content\/uploads\/2022\/01\/covic-cropix-1068x712-1.jpg\" \/>\n\t<meta property=\"og:image:width\" content=\"1068\" \/>\n\t<meta property=\"og:image:height\" content=\"712\" \/>\n\t<meta property=\"og:image:type\" content=\"image\/jpeg\" \/>\n<meta name=\"author\" content=\"Radio Ljubu\u0161ki\" \/>\n<meta name=\"twitter:card\" content=\"summary_large_image\" \/>\n<meta name=\"twitter:creator\" content=\"@radioljubuski\" \/>\n<meta name=\"twitter:site\" content=\"@radioljubuski\" \/>\n<meta name=\"twitter:label1\" content=\"Napisao\/la\" \/>\n\t<meta name=\"twitter:data1\" content=\"Radio Ljubu\u0161ki\" \/>\n\t<meta name=\"twitter:label2\" content=\"Procijenjeno vrijeme \u010ditanja\" \/>\n\t<meta name=\"twitter:data2\" content=\"1 minuta\" \/>\n<script type=\"application\/ld+json\" class=\"yoast-schema-graph\">{\"@context\":\"https:\\\/\\\/schema.org\",\"@graph\":[{\"@type\":\"Article\",\"@id\":\"https:\\\/\\\/radioljubuski.ba\\\/index.php\\\/2022\\\/01\\\/30\\\/covic-uputio-cestitku-vrhbosanskom-nadbiskupu-mons-tomi-vuksicu\\\/#article\",\"isPartOf\":{\"@id\":\"https:\\\/\\\/radioljubuski.ba\\\/index.php\\\/2022\\\/01\\\/30\\\/covic-uputio-cestitku-vrhbosanskom-nadbiskupu-mons-tomi-vuksicu\\\/\"},\"author\":{\"name\":\"Radio Ljubu\u0161ki\",\"@id\":\"https:\\\/\\\/radioljubuski.ba\\\/#\\\/schema\\\/person\\\/19fc700381a780f69665d7956c469e3b\"},\"headline\":\"\u010covi\u0107 uputio \u010destitku vrhbosanskom nadbiskupu mons. Tomi Vuk\u0161i\u0107u\",\"datePublished\":\"2022-01-30T22:49:58+00:00\",\"dateModified\":\"2022-01-30T22:49:59+00:00\",\"mainEntityOfPage\":{\"@id\":\"https:\\\/\\\/radioljubuski.ba\\\/index.php\\\/2022\\\/01\\\/30\\\/covic-uputio-cestitku-vrhbosanskom-nadbiskupu-mons-tomi-vuksicu\\\/\"},\"wordCount\":221,\"publisher\":{\"@id\":\"https:\\\/\\\/radioljubuski.ba\\\/#organization\"},\"image\":{\"@id\":\"https:\\\/\\\/radioljubuski.ba\\\/index.php\\\/2022\\\/01\\\/30\\\/covic-uputio-cestitku-vrhbosanskom-nadbiskupu-mons-tomi-vuksicu\\\/#primaryimage\"},\"thumbnailUrl\":\"https:\\\/\\\/radioljubuski.ba\\\/wp-content\\\/uploads\\\/2022\\\/01\\\/covic-cropix-1068x712-1.jpg\",\"articleSection\":[\"BIH i regija\"],\"inLanguage\":\"hr\"},{\"@type\":\"WebPage\",\"@id\":\"https:\\\/\\\/radioljubuski.ba\\\/index.php\\\/2022\\\/01\\\/30\\\/covic-uputio-cestitku-vrhbosanskom-nadbiskupu-mons-tomi-vuksicu\\\/\",\"url\":\"https:\\\/\\\/radioljubuski.ba\\\/index.php\\\/2022\\\/01\\\/30\\\/covic-uputio-cestitku-vrhbosanskom-nadbiskupu-mons-tomi-vuksicu\\\/\",\"name\":\"\u010covi\u0107 uputio \u010destitku vrhbosanskom nadbiskupu mons. Tomi Vuk\u0161i\u0107u - RADIO LJUBU\u0160KI\",\"isPartOf\":{\"@id\":\"https:\\\/\\\/radioljubuski.ba\\\/#website\"},\"primaryImageOfPage\":{\"@id\":\"https:\\\/\\\/radioljubuski.ba\\\/index.php\\\/2022\\\/01\\\/30\\\/covic-uputio-cestitku-vrhbosanskom-nadbiskupu-mons-tomi-vuksicu\\\/#primaryimage\"},\"image\":{\"@id\":\"https:\\\/\\\/radioljubuski.ba\\\/index.php\\\/2022\\\/01\\\/30\\\/covic-uputio-cestitku-vrhbosanskom-nadbiskupu-mons-tomi-vuksicu\\\/#primaryimage\"},\"thumbnailUrl\":\"https:\\\/\\\/radioljubuski.ba\\\/wp-content\\\/uploads\\\/2022\\\/01\\\/covic-cropix-1068x712-1.jpg\",\"datePublished\":\"2022-01-30T22:49:58+00:00\",\"dateModified\":\"2022-01-30T22:49:59+00:00\",\"breadcrumb\":{\"@id\":\"https:\\\/\\\/radioljubuski.ba\\\/index.php\\\/2022\\\/01\\\/30\\\/covic-uputio-cestitku-vrhbosanskom-nadbiskupu-mons-tomi-vuksicu\\\/#breadcrumb\"},\"inLanguage\":\"hr\",\"potentialAction\":[{\"@type\":\"ReadAction\",\"target\":[\"https:\\\/\\\/radioljubuski.ba\\\/index.php\\\/2022\\\/01\\\/30\\\/covic-uputio-cestitku-vrhbosanskom-nadbiskupu-mons-tomi-vuksicu\\\/\"]}]},{\"@type\":\"ImageObject\",\"inLanguage\":\"hr\",\"@id\":\"https:\\\/\\\/radioljubuski.ba\\\/index.php\\\/2022\\\/01\\\/30\\\/covic-uputio-cestitku-vrhbosanskom-nadbiskupu-mons-tomi-vuksicu\\\/#primaryimage\",\"url\":\"https:\\\/\\\/radioljubuski.ba\\\/wp-content\\\/uploads\\\/2022\\\/01\\\/covic-cropix-1068x712-1.jpg\",\"contentUrl\":\"https:\\\/\\\/radioljubuski.ba\\\/wp-content\\\/uploads\\\/2022\\\/01\\\/covic-cropix-1068x712-1.jpg\",\"width\":1068,\"height\":712},{\"@type\":\"BreadcrumbList\",\"@id\":\"https:\\\/\\\/radioljubuski.ba\\\/index.php\\\/2022\\\/01\\\/30\\\/covic-uputio-cestitku-vrhbosanskom-nadbiskupu-mons-tomi-vuksicu\\\/#breadcrumb\",\"itemListElement\":[{\"@type\":\"ListItem\",\"position\":1,\"name\":\"Po\u010detna stranica\",\"item\":\"https:\\\/\\\/radioljubuski.ba\\\/\"},{\"@type\":\"ListItem\",\"position\":2,\"name\":\"\u010covi\u0107 uputio \u010destitku vrhbosanskom nadbiskupu mons. Tomi Vuk\u0161i\u0107u\"}]},{\"@type\":\"WebSite\",\"@id\":\"https:\\\/\\\/radioljubuski.ba\\\/#website\",\"url\":\"https:\\\/\\\/radioljubuski.ba\\\/\",\"name\":\"Radio Ljubu\u0161ki\",\"description\":\"Sun\u010dana frekvencija Hercegovine\",\"publisher\":{\"@id\":\"https:\\\/\\\/radioljubuski.ba\\\/#organization\"},\"potentialAction\":[{\"@type\":\"SearchAction\",\"target\":{\"@type\":\"EntryPoint\",\"urlTemplate\":\"https:\\\/\\\/radioljubuski.ba\\\/?s={search_term_string}\"},\"query-input\":{\"@type\":\"PropertyValueSpecification\",\"valueRequired\":true,\"valueName\":\"search_term_string\"}}],\"inLanguage\":\"hr\"},{\"@type\":\"Organization\",\"@id\":\"https:\\\/\\\/radioljubuski.ba\\\/#organization\",\"name\":\"Radio Ljubu\u0161ki\",\"url\":\"https:\\\/\\\/radioljubuski.ba\\\/\",\"logo\":{\"@type\":\"ImageObject\",\"inLanguage\":\"hr\",\"@id\":\"https:\\\/\\\/radioljubuski.ba\\\/#\\\/schema\\\/logo\\\/image\\\/\",\"url\":\"https:\\\/\\\/radioljubuski.ba\\\/wp-content\\\/uploads\\\/2021\\\/02\\\/cropped-Radio_Ljubuski_logo1.jpg\",\"contentUrl\":\"https:\\\/\\\/radioljubuski.ba\\\/wp-content\\\/uploads\\\/2021\\\/02\\\/cropped-Radio_Ljubuski_logo1.jpg\",\"width\":512,\"height\":512,\"caption\":\"Radio Ljubu\u0161ki\"},\"image\":{\"@id\":\"https:\\\/\\\/radioljubuski.ba\\\/#\\\/schema\\\/logo\\\/image\\\/\"},\"sameAs\":[\"https:\\\/\\\/www.facebook.com\\\/Radiio-Ljubuski-1490835324566332\",\"https:\\\/\\\/x.com\\\/radioljubuski\",\"https:\\\/\\\/hr.linkedin.com\\\/company\\\/radio-ljubuski\",\"https:\\\/\\\/www.youtube.com\\\/channel\\\/UCHYaeO_n0Db3tjNGudGpXyw\"]},{\"@type\":\"Person\",\"@id\":\"https:\\\/\\\/radioljubuski.ba\\\/#\\\/schema\\\/person\\\/19fc700381a780f69665d7956c469e3b\",\"name\":\"Radio Ljubu\u0161ki\"}]}<\/script>\n<!-- \/ Yoast SEO plugin. -->","yoast_head_json":{"title":"\u010covi\u0107 uputio \u010destitku vrhbosanskom nadbiskupu mons. Tomi Vuk\u0161i\u0107u - RADIO LJUBU\u0160KI","robots":{"index":"index","follow":"follow","max-snippet":"max-snippet:-1","max-image-preview":"max-image-preview:large","max-video-preview":"max-video-preview:-1"},"canonical":"https:\/\/radioljubuski.ba\/index.php\/2022\/01\/30\/covic-uputio-cestitku-vrhbosanskom-nadbiskupu-mons-tomi-vuksicu\/","og_locale":"hr_HR","og_type":"article","og_title":"\u010covi\u0107 uputio \u010destitku vrhbosanskom nadbiskupu mons. Tomi Vuk\u0161i\u0107u - RADIO LJUBU\u0160KI","og_description":"Predsjednik HDZ BiH i HNS BiH dr. Dragan \u010covi\u0107 uputio je novom vrhbosanskom nadbiskupu mons. Tomi Vuk\u0161i\u0107u \u010destitku u kojoj, kako prenosi Hrvatski Medijski Servis, navodi da je s velikom rado\u0161\u0107u primio vijest da mu je Sveti Otac papa Franjo povjerio novu, odgovornu slu\u017ebu predvo\u0111enja Vrhbosanske Nadbiskupije. -Dozvolite mi tim povodom, u ime hrvatskog naroda [&hellip;]","og_url":"https:\/\/radioljubuski.ba\/index.php\/2022\/01\/30\/covic-uputio-cestitku-vrhbosanskom-nadbiskupu-mons-tomi-vuksicu\/","og_site_name":"RADIO LJUBU\u0160KI","article_publisher":"https:\/\/www.facebook.com\/Radiio-Ljubuski-1490835324566332","article_published_time":"2022-01-30T22:49:58+00:00","article_modified_time":"2022-01-30T22:49:59+00:00","og_image":[{"width":1068,"height":712,"url":"https:\/\/radioljubuski.ba\/wp-content\/uploads\/2022\/01\/covic-cropix-1068x712-1.jpg","type":"image\/jpeg"}],"author":"Radio Ljubu\u0161ki","twitter_card":"summary_large_image","twitter_creator":"@radioljubuski","twitter_site":"@radioljubuski","twitter_misc":{"Napisao\/la":"Radio Ljubu\u0161ki","Procijenjeno vrijeme \u010ditanja":"1 minuta"},"schema":{"@context":"https:\/\/schema.org","@graph":[{"@type":"Article","@id":"https:\/\/radioljubuski.ba\/index.php\/2022\/01\/30\/covic-uputio-cestitku-vrhbosanskom-nadbiskupu-mons-tomi-vuksicu\/#article","isPartOf":{"@id":"https:\/\/radioljubuski.ba\/index.php\/2022\/01\/30\/covic-uputio-cestitku-vrhbosanskom-nadbiskupu-mons-tomi-vuksicu\/"},"author":{"name":"Radio Ljubu\u0161ki","@id":"https:\/\/radioljubuski.ba\/#\/schema\/person\/19fc700381a780f69665d7956c469e3b"},"headline":"\u010covi\u0107 uputio \u010destitku vrhbosanskom nadbiskupu mons. Tomi Vuk\u0161i\u0107u","datePublished":"2022-01-30T22:49:58+00:00","dateModified":"2022-01-30T22:49:59+00:00","mainEntityOfPage":{"@id":"https:\/\/radioljubuski.ba\/index.php\/2022\/01\/30\/covic-uputio-cestitku-vrhbosanskom-nadbiskupu-mons-tomi-vuksicu\/"},"wordCount":221,"publisher":{"@id":"https:\/\/radioljubuski.ba\/#organization"},"image":{"@id":"https:\/\/radioljubuski.ba\/index.php\/2022\/01\/30\/covic-uputio-cestitku-vrhbosanskom-nadbiskupu-mons-tomi-vuksicu\/#primaryimage"},"thumbnailUrl":"https:\/\/radioljubuski.ba\/wp-content\/uploads\/2022\/01\/covic-cropix-1068x712-1.jpg","articleSection":["BIH i regija"],"inLanguage":"hr"},{"@type":"WebPage","@id":"https:\/\/radioljubuski.ba\/index.php\/2022\/01\/30\/covic-uputio-cestitku-vrhbosanskom-nadbiskupu-mons-tomi-vuksicu\/","url":"https:\/\/radioljubuski.ba\/index.php\/2022\/01\/30\/covic-uputio-cestitku-vrhbosanskom-nadbiskupu-mons-tomi-vuksicu\/","name":"\u010covi\u0107 uputio \u010destitku vrhbosanskom nadbiskupu mons. Tomi Vuk\u0161i\u0107u - RADIO LJUBU\u0160KI","isPartOf":{"@id":"https:\/\/radioljubuski.ba\/#website"},"primaryImageOfPage":{"@id":"https:\/\/radioljubuski.ba\/index.php\/2022\/01\/30\/covic-uputio-cestitku-vrhbosanskom-nadbiskupu-mons-tomi-vuksicu\/#primaryimage"},"image":{"@id":"https:\/\/radioljubuski.ba\/index.php\/2022\/01\/30\/covic-uputio-cestitku-vrhbosanskom-nadbiskupu-mons-tomi-vuksicu\/#primaryimage"},"thumbnailUrl":"https:\/\/radioljubuski.ba\/wp-content\/uploads\/2022\/01\/covic-cropix-1068x712-1.jpg","datePublished":"2022-01-30T22:49:58+00:00","dateModified":"2022-01-30T22:49:59+00:00","breadcrumb":{"@id":"https:\/\/radioljubuski.ba\/index.php\/2022\/01\/30\/covic-uputio-cestitku-vrhbosanskom-nadbiskupu-mons-tomi-vuksicu\/#breadcrumb"},"inLanguage":"hr","potentialAction":[{"@type":"ReadAction","target":["https:\/\/radioljubuski.ba\/index.php\/2022\/01\/30\/covic-uputio-cestitku-vrhbosanskom-nadbiskupu-mons-tomi-vuksicu\/"]}]},{"@type":"ImageObject","inLanguage":"hr","@id":"https:\/\/radioljubuski.ba\/index.php\/2022\/01\/30\/covic-uputio-cestitku-vrhbosanskom-nadbiskupu-mons-tomi-vuksicu\/#primaryimage","url":"https:\/\/radioljubuski.ba\/wp-content\/uploads\/2022\/01\/covic-cropix-1068x712-1.jpg","contentUrl":"https:\/\/radioljubuski.ba\/wp-content\/uploads\/2022\/01\/covic-cropix-1068x712-1.jpg","width":1068,"height":712},{"@type":"BreadcrumbList","@id":"https:\/\/radioljubuski.ba\/index.php\/2022\/01\/30\/covic-uputio-cestitku-vrhbosanskom-nadbiskupu-mons-tomi-vuksicu\/#breadcrumb","itemListElement":[{"@type":"ListItem","position":1,"name":"Po\u010detna stranica","item":"https:\/\/radioljubuski.ba\/"},{"@type":"ListItem","position":2,"name":"\u010covi\u0107 uputio \u010destitku vrhbosanskom nadbiskupu mons. Tomi Vuk\u0161i\u0107u"}]},{"@type":"WebSite","@id":"https:\/\/radioljubuski.ba\/#website","url":"https:\/\/radioljubuski.ba\/","name":"Radio Ljubu\u0161ki","description":"Sun\u010dana frekvencija Hercegovine","publisher":{"@id":"https:\/\/radioljubuski.ba\/#organization"},"potentialAction":[{"@type":"SearchAction","target":{"@type":"EntryPoint","urlTemplate":"https:\/\/radioljubuski.ba\/?s={search_term_string}"},"query-input":{"@type":"PropertyValueSpecification","valueRequired":true,"valueName":"search_term_string"}}],"inLanguage":"hr"},{"@type":"Organization","@id":"https:\/\/radioljubuski.ba\/#organization","name":"Radio Ljubu\u0161ki","url":"https:\/\/radioljubuski.ba\/","logo":{"@type":"ImageObject","inLanguage":"hr","@id":"https:\/\/radioljubuski.ba\/#\/schema\/logo\/image\/","url":"https:\/\/radioljubuski.ba\/wp-content\/uploads\/2021\/02\/cropped-Radio_Ljubuski_logo1.jpg","contentUrl":"https:\/\/radioljubuski.ba\/wp-content\/uploads\/2021\/02\/cropped-Radio_Ljubuski_logo1.jpg","width":512,"height":512,"caption":"Radio Ljubu\u0161ki"},"image":{"@id":"https:\/\/radioljubuski.ba\/#\/schema\/logo\/image\/"},"sameAs":["https:\/\/www.facebook.com\/Radiio-Ljubuski-1490835324566332","https:\/\/x.com\/radioljubuski","https:\/\/hr.linkedin.com\/company\/radio-ljubuski","https:\/\/www.youtube.com\/channel\/UCHYaeO_n0Db3tjNGudGpXyw"]},{"@type":"Person","@id":"https:\/\/radioljubuski.ba\/#\/schema\/person\/19fc700381a780f69665d7956c469e3b","name":"Radio Ljubu\u0161ki"}]}},"_links":{"self":[{"href":"https:\/\/radioljubuski.ba\/index.php\/wp-json\/wp\/v2\/posts\/110296","targetHints":{"allow":["GET"]}}],"collection":[{"href":"https:\/\/radioljubuski.ba\/index.php\/wp-json\/wp\/v2\/posts"}],"about":[{"href":"https:\/\/radioljubuski.ba\/index.php\/wp-json\/wp\/v2\/types\/post"}],"author":[{"embeddable":true,"href":"https:\/\/radioljubuski.ba\/index.php\/wp-json\/wp\/v2\/users\/2"}],"replies":[{"embeddable":true,"href":"https:\/\/radioljubuski.ba\/index.php\/wp-json\/wp\/v2\/comments?post=110296"}],"version-history":[{"count":1,"href":"https:\/\/radioljubuski.ba\/index.php\/wp-json\/wp\/v2\/posts\/110296\/revisions"}],"predecessor-version":[{"id":110298,"href":"https:\/\/radioljubuski.ba\/index.php\/wp-json\/wp\/v2\/posts\/110296\/revisions\/110298"}],"wp:featuredmedia":[{"embeddable":true,"href":"https:\/\/radioljubuski.ba\/index.php\/wp-json\/wp\/v2\/media\/110297"}],"wp:attachment":[{"href":"https:\/\/radioljubuski.ba\/index.php\/wp-json\/wp\/v2\/media?parent=110296"}],"wp:term":[{"taxonomy":"category","embeddable":true,"href":"https:\/\/radioljubuski.ba\/index.php\/wp-json\/wp\/v2\/categories?post=110296"},{"taxonomy":"post_tag","embeddable":true,"href":"https:\/\/radioljubuski.ba\/index.php\/wp-json\/wp\/v2\/tags?post=110296"}],"curies":[{"name":"wp","href":"https:\/\/api.w.org\/{rel}","templated":true}]}}