{"id":110311,"date":"2022-01-30T23:57:15","date_gmt":"2022-01-30T22:57:15","guid":{"rendered":"https:\/\/radioljubuski.ba\/?p=110311"},"modified":"2022-01-30T23:57:16","modified_gmt":"2022-01-30T22:57:16","slug":"palmer-pronaci-model-koji-ce-hrvatima-omoguciti-istu-zastupljenost","status":"publish","type":"post","link":"https:\/\/radioljubuski.ba\/index.php\/2022\/01\/30\/palmer-pronaci-model-koji-ce-hrvatima-omoguciti-istu-zastupljenost\/","title":{"rendered":"Palmer: Prona\u0107i model koji \u0107e Hrvatima omogu\u0107iti istu zastupljenost"},"content":{"rendered":"\n<p><strong>Danas je zadnji dan pregovora oko reforme Izbornog zakona. Specijalni ameri\u010dki izaslanik Matthew Palmer kazao je novinarima da \u0107e se nastaviti pregovarati, ali da doma\u0107i politi\u010dki lideri moraju prona\u0107i formulu za implementaciju presude Sejdi\u0107 Finci te je nu\u017eno prona\u0107i odgovaraju\u0107i model kako bi Hrvati bili odgovaraju\u0107e zastupljeni u institucijama, javlja Hrvatski Medijski Servis.<\/strong><\/p>\n\n\n\n<p>Palmer se zahvalio politi\u010dkim liderima i akterima koji su razgovarali o te\u0161kim politi\u010dkim pitanjima jer je, kako ka\u017ee, bilo i onih glasova da se uop\u0107e ne bi trebalo razgovarati.<\/p>\n\n\n\n<p>\u201eSama \u010dinjenica da su razgovarali govorio tome koliko su posve\u0107eni\u201c, rekao je Palmer.<\/p>\n\n\n\n<p>\u201eNismo do\u0161li do kraja procesa\u201c, rekao je Palmer i dodao da ova pitanja ne\u0107e nestati sa scene.<\/p>\n\n\n\n<p>Ka\u017ee da se mora raditi na odgovornosti i integritetu izbornog procesa.<\/p>\n\n\n\n<p>-Potrebno je prona\u0107i odgovaraju\u0107i izborni model koji \u0107e Hrvatima jam\u010diti istu zastupljenost u institucijama\u201c, rekao je Palmer.<\/p>\n\n\n\n<p>Ameri\u010dki izaslanik je rekao da je sada sve na doma\u0107im liderima i da \u0107e se razgovori nastaviti.<\/p>\n\n\n\n<p>\/HMS\/<\/p>\n","protected":false},"excerpt":{"rendered":"<p>Danas je zadnji dan pregovora oko reforme Izbornog zakona. Specijalni ameri\u010dki izaslanik Matthew Palmer kazao je novinarima da \u0107e se nastaviti pregovarati, ali da doma\u0107i politi\u010dki lideri moraju prona\u0107i formulu za implementaciju presude Sejdi\u0107 Finci te je nu\u017eno prona\u0107i odgovaraju\u0107i model kako bi Hrvati bili odgovaraju\u0107e zastupljeni u institucijama, javlja Hrvatski Medijski Servis. Palmer se [&hellip;]<\/p>\n","protected":false},"author":2,"featured_media":110312,"comment_status":"closed","ping_status":"closed","sticky":false,"template":"","format":"standard","meta":{"h5ap_radio_sources":[],"footnotes":""},"categories":[1],"tags":[],"class_list":["post-110311","post","type-post","status-publish","format-standard","has-post-thumbnail","hentry","category-bihiregija"],"yoast_head":"<!-- This site is optimized with the Yoast SEO plugin v27.4 - https:\/\/yoast.com\/product\/yoast-seo-wordpress\/ -->\n<title>Palmer: Prona\u0107i model koji \u0107e Hrvatima omogu\u0107iti istu zastupljenost - RADIO LJUBU\u0160KI<\/title>\n<meta name=\"robots\" content=\"index, follow, max-snippet:-1, max-image-preview:large, max-video-preview:-1\" \/>\n<link rel=\"canonical\" href=\"https:\/\/radioljubuski.ba\/index.php\/2022\/01\/30\/palmer-pronaci-model-koji-ce-hrvatima-omoguciti-istu-zastupljenost\/\" \/>\n<meta property=\"og:locale\" content=\"hr_HR\" \/>\n<meta property=\"og:type\" content=\"article\" \/>\n<meta property=\"og:title\" content=\"Palmer: Prona\u0107i model koji \u0107e Hrvatima omogu\u0107iti istu zastupljenost - RADIO LJUBU\u0160KI\" \/>\n<meta property=\"og:description\" content=\"Danas je zadnji dan pregovora oko reforme Izbornog zakona. Specijalni ameri\u010dki izaslanik Matthew Palmer kazao je novinarima da \u0107e se nastaviti pregovarati, ali da doma\u0107i politi\u010dki lideri moraju prona\u0107i formulu za implementaciju presude Sejdi\u0107 Finci te je nu\u017eno prona\u0107i odgovaraju\u0107i model kako bi Hrvati bili odgovaraju\u0107e zastupljeni u institucijama, javlja Hrvatski Medijski Servis. Palmer se [&hellip;]\" \/>\n<meta property=\"og:url\" content=\"https:\/\/radioljubuski.ba\/index.php\/2022\/01\/30\/palmer-pronaci-model-koji-ce-hrvatima-omoguciti-istu-zastupljenost\/\" \/>\n<meta property=\"og:site_name\" content=\"RADIO LJUBU\u0160KI\" \/>\n<meta property=\"article:publisher\" content=\"https:\/\/www.facebook.com\/Radiio-Ljubuski-1490835324566332\" \/>\n<meta property=\"article:published_time\" content=\"2022-01-30T22:57:15+00:00\" \/>\n<meta property=\"article:modified_time\" content=\"2022-01-30T22:57:16+00:00\" \/>\n<meta property=\"og:image\" content=\"https:\/\/radioljubuski.ba\/wp-content\/uploads\/2022\/01\/palmer-1068x712-1.jpg\" \/>\n\t<meta property=\"og:image:width\" content=\"1068\" \/>\n\t<meta property=\"og:image:height\" content=\"712\" \/>\n\t<meta property=\"og:image:type\" content=\"image\/jpeg\" \/>\n<meta name=\"author\" content=\"Radio Ljubu\u0161ki\" \/>\n<meta name=\"twitter:card\" content=\"summary_large_image\" \/>\n<meta name=\"twitter:creator\" content=\"@radioljubuski\" \/>\n<meta name=\"twitter:site\" content=\"@radioljubuski\" \/>\n<meta name=\"twitter:label1\" content=\"Napisao\/la\" \/>\n\t<meta name=\"twitter:data1\" content=\"Radio Ljubu\u0161ki\" \/>\n\t<meta name=\"twitter:label2\" content=\"Procijenjeno vrijeme \u010ditanja\" \/>\n\t<meta name=\"twitter:data2\" content=\"1 minuta\" \/>\n<script type=\"application\/ld+json\" class=\"yoast-schema-graph\">{\"@context\":\"https:\\\/\\\/schema.org\",\"@graph\":[{\"@type\":\"Article\",\"@id\":\"https:\\\/\\\/radioljubuski.ba\\\/index.php\\\/2022\\\/01\\\/30\\\/palmer-pronaci-model-koji-ce-hrvatima-omoguciti-istu-zastupljenost\\\/#article\",\"isPartOf\":{\"@id\":\"https:\\\/\\\/radioljubuski.ba\\\/index.php\\\/2022\\\/01\\\/30\\\/palmer-pronaci-model-koji-ce-hrvatima-omoguciti-istu-zastupljenost\\\/\"},\"author\":{\"name\":\"Radio Ljubu\u0161ki\",\"@id\":\"https:\\\/\\\/radioljubuski.ba\\\/#\\\/schema\\\/person\\\/19fc700381a780f69665d7956c469e3b\"},\"headline\":\"Palmer: Prona\u0107i model koji \u0107e Hrvatima omogu\u0107iti istu zastupljenost\",\"datePublished\":\"2022-01-30T22:57:15+00:00\",\"dateModified\":\"2022-01-30T22:57:16+00:00\",\"mainEntityOfPage\":{\"@id\":\"https:\\\/\\\/radioljubuski.ba\\\/index.php\\\/2022\\\/01\\\/30\\\/palmer-pronaci-model-koji-ce-hrvatima-omoguciti-istu-zastupljenost\\\/\"},\"wordCount\":191,\"publisher\":{\"@id\":\"https:\\\/\\\/radioljubuski.ba\\\/#organization\"},\"image\":{\"@id\":\"https:\\\/\\\/radioljubuski.ba\\\/index.php\\\/2022\\\/01\\\/30\\\/palmer-pronaci-model-koji-ce-hrvatima-omoguciti-istu-zastupljenost\\\/#primaryimage\"},\"thumbnailUrl\":\"https:\\\/\\\/radioljubuski.ba\\\/wp-content\\\/uploads\\\/2022\\\/01\\\/palmer-1068x712-1.jpg\",\"articleSection\":[\"BIH i regija\"],\"inLanguage\":\"hr\"},{\"@type\":\"WebPage\",\"@id\":\"https:\\\/\\\/radioljubuski.ba\\\/index.php\\\/2022\\\/01\\\/30\\\/palmer-pronaci-model-koji-ce-hrvatima-omoguciti-istu-zastupljenost\\\/\",\"url\":\"https:\\\/\\\/radioljubuski.ba\\\/index.php\\\/2022\\\/01\\\/30\\\/palmer-pronaci-model-koji-ce-hrvatima-omoguciti-istu-zastupljenost\\\/\",\"name\":\"Palmer: Prona\u0107i model koji \u0107e Hrvatima omogu\u0107iti istu zastupljenost - RADIO LJUBU\u0160KI\",\"isPartOf\":{\"@id\":\"https:\\\/\\\/radioljubuski.ba\\\/#website\"},\"primaryImageOfPage\":{\"@id\":\"https:\\\/\\\/radioljubuski.ba\\\/index.php\\\/2022\\\/01\\\/30\\\/palmer-pronaci-model-koji-ce-hrvatima-omoguciti-istu-zastupljenost\\\/#primaryimage\"},\"image\":{\"@id\":\"https:\\\/\\\/radioljubuski.ba\\\/index.php\\\/2022\\\/01\\\/30\\\/palmer-pronaci-model-koji-ce-hrvatima-omoguciti-istu-zastupljenost\\\/#primaryimage\"},\"thumbnailUrl\":\"https:\\\/\\\/radioljubuski.ba\\\/wp-content\\\/uploads\\\/2022\\\/01\\\/palmer-1068x712-1.jpg\",\"datePublished\":\"2022-01-30T22:57:15+00:00\",\"dateModified\":\"2022-01-30T22:57:16+00:00\",\"breadcrumb\":{\"@id\":\"https:\\\/\\\/radioljubuski.ba\\\/index.php\\\/2022\\\/01\\\/30\\\/palmer-pronaci-model-koji-ce-hrvatima-omoguciti-istu-zastupljenost\\\/#breadcrumb\"},\"inLanguage\":\"hr\",\"potentialAction\":[{\"@type\":\"ReadAction\",\"target\":[\"https:\\\/\\\/radioljubuski.ba\\\/index.php\\\/2022\\\/01\\\/30\\\/palmer-pronaci-model-koji-ce-hrvatima-omoguciti-istu-zastupljenost\\\/\"]}]},{\"@type\":\"ImageObject\",\"inLanguage\":\"hr\",\"@id\":\"https:\\\/\\\/radioljubuski.ba\\\/index.php\\\/2022\\\/01\\\/30\\\/palmer-pronaci-model-koji-ce-hrvatima-omoguciti-istu-zastupljenost\\\/#primaryimage\",\"url\":\"https:\\\/\\\/radioljubuski.ba\\\/wp-content\\\/uploads\\\/2022\\\/01\\\/palmer-1068x712-1.jpg\",\"contentUrl\":\"https:\\\/\\\/radioljubuski.ba\\\/wp-content\\\/uploads\\\/2022\\\/01\\\/palmer-1068x712-1.jpg\",\"width\":1068,\"height\":712},{\"@type\":\"BreadcrumbList\",\"@id\":\"https:\\\/\\\/radioljubuski.ba\\\/index.php\\\/2022\\\/01\\\/30\\\/palmer-pronaci-model-koji-ce-hrvatima-omoguciti-istu-zastupljenost\\\/#breadcrumb\",\"itemListElement\":[{\"@type\":\"ListItem\",\"position\":1,\"name\":\"Po\u010detna stranica\",\"item\":\"https:\\\/\\\/radioljubuski.ba\\\/\"},{\"@type\":\"ListItem\",\"position\":2,\"name\":\"Palmer: Prona\u0107i model koji \u0107e Hrvatima omogu\u0107iti istu zastupljenost\"}]},{\"@type\":\"WebSite\",\"@id\":\"https:\\\/\\\/radioljubuski.ba\\\/#website\",\"url\":\"https:\\\/\\\/radioljubuski.ba\\\/\",\"name\":\"Radio Ljubu\u0161ki\",\"description\":\"Sun\u010dana frekvencija Hercegovine\",\"publisher\":{\"@id\":\"https:\\\/\\\/radioljubuski.ba\\\/#organization\"},\"potentialAction\":[{\"@type\":\"SearchAction\",\"target\":{\"@type\":\"EntryPoint\",\"urlTemplate\":\"https:\\\/\\\/radioljubuski.ba\\\/?s={search_term_string}\"},\"query-input\":{\"@type\":\"PropertyValueSpecification\",\"valueRequired\":true,\"valueName\":\"search_term_string\"}}],\"inLanguage\":\"hr\"},{\"@type\":\"Organization\",\"@id\":\"https:\\\/\\\/radioljubuski.ba\\\/#organization\",\"name\":\"Radio Ljubu\u0161ki\",\"url\":\"https:\\\/\\\/radioljubuski.ba\\\/\",\"logo\":{\"@type\":\"ImageObject\",\"inLanguage\":\"hr\",\"@id\":\"https:\\\/\\\/radioljubuski.ba\\\/#\\\/schema\\\/logo\\\/image\\\/\",\"url\":\"https:\\\/\\\/radioljubuski.ba\\\/wp-content\\\/uploads\\\/2021\\\/02\\\/cropped-Radio_Ljubuski_logo1.jpg\",\"contentUrl\":\"https:\\\/\\\/radioljubuski.ba\\\/wp-content\\\/uploads\\\/2021\\\/02\\\/cropped-Radio_Ljubuski_logo1.jpg\",\"width\":512,\"height\":512,\"caption\":\"Radio Ljubu\u0161ki\"},\"image\":{\"@id\":\"https:\\\/\\\/radioljubuski.ba\\\/#\\\/schema\\\/logo\\\/image\\\/\"},\"sameAs\":[\"https:\\\/\\\/www.facebook.com\\\/Radiio-Ljubuski-1490835324566332\",\"https:\\\/\\\/x.com\\\/radioljubuski\",\"https:\\\/\\\/hr.linkedin.com\\\/company\\\/radio-ljubuski\",\"https:\\\/\\\/www.youtube.com\\\/channel\\\/UCHYaeO_n0Db3tjNGudGpXyw\"]},{\"@type\":\"Person\",\"@id\":\"https:\\\/\\\/radioljubuski.ba\\\/#\\\/schema\\\/person\\\/19fc700381a780f69665d7956c469e3b\",\"name\":\"Radio Ljubu\u0161ki\"}]}<\/script>\n<!-- \/ Yoast SEO plugin. -->","yoast_head_json":{"title":"Palmer: Prona\u0107i model koji \u0107e Hrvatima omogu\u0107iti istu zastupljenost - RADIO LJUBU\u0160KI","robots":{"index":"index","follow":"follow","max-snippet":"max-snippet:-1","max-image-preview":"max-image-preview:large","max-video-preview":"max-video-preview:-1"},"canonical":"https:\/\/radioljubuski.ba\/index.php\/2022\/01\/30\/palmer-pronaci-model-koji-ce-hrvatima-omoguciti-istu-zastupljenost\/","og_locale":"hr_HR","og_type":"article","og_title":"Palmer: Prona\u0107i model koji \u0107e Hrvatima omogu\u0107iti istu zastupljenost - RADIO LJUBU\u0160KI","og_description":"Danas je zadnji dan pregovora oko reforme Izbornog zakona. Specijalni ameri\u010dki izaslanik Matthew Palmer kazao je novinarima da \u0107e se nastaviti pregovarati, ali da doma\u0107i politi\u010dki lideri moraju prona\u0107i formulu za implementaciju presude Sejdi\u0107 Finci te je nu\u017eno prona\u0107i odgovaraju\u0107i model kako bi Hrvati bili odgovaraju\u0107e zastupljeni u institucijama, javlja Hrvatski Medijski Servis. Palmer se [&hellip;]","og_url":"https:\/\/radioljubuski.ba\/index.php\/2022\/01\/30\/palmer-pronaci-model-koji-ce-hrvatima-omoguciti-istu-zastupljenost\/","og_site_name":"RADIO LJUBU\u0160KI","article_publisher":"https:\/\/www.facebook.com\/Radiio-Ljubuski-1490835324566332","article_published_time":"2022-01-30T22:57:15+00:00","article_modified_time":"2022-01-30T22:57:16+00:00","og_image":[{"width":1068,"height":712,"url":"https:\/\/radioljubuski.ba\/wp-content\/uploads\/2022\/01\/palmer-1068x712-1.jpg","type":"image\/jpeg"}],"author":"Radio Ljubu\u0161ki","twitter_card":"summary_large_image","twitter_creator":"@radioljubuski","twitter_site":"@radioljubuski","twitter_misc":{"Napisao\/la":"Radio Ljubu\u0161ki","Procijenjeno vrijeme \u010ditanja":"1 minuta"},"schema":{"@context":"https:\/\/schema.org","@graph":[{"@type":"Article","@id":"https:\/\/radioljubuski.ba\/index.php\/2022\/01\/30\/palmer-pronaci-model-koji-ce-hrvatima-omoguciti-istu-zastupljenost\/#article","isPartOf":{"@id":"https:\/\/radioljubuski.ba\/index.php\/2022\/01\/30\/palmer-pronaci-model-koji-ce-hrvatima-omoguciti-istu-zastupljenost\/"},"author":{"name":"Radio Ljubu\u0161ki","@id":"https:\/\/radioljubuski.ba\/#\/schema\/person\/19fc700381a780f69665d7956c469e3b"},"headline":"Palmer: Prona\u0107i model koji \u0107e Hrvatima omogu\u0107iti istu zastupljenost","datePublished":"2022-01-30T22:57:15+00:00","dateModified":"2022-01-30T22:57:16+00:00","mainEntityOfPage":{"@id":"https:\/\/radioljubuski.ba\/index.php\/2022\/01\/30\/palmer-pronaci-model-koji-ce-hrvatima-omoguciti-istu-zastupljenost\/"},"wordCount":191,"publisher":{"@id":"https:\/\/radioljubuski.ba\/#organization"},"image":{"@id":"https:\/\/radioljubuski.ba\/index.php\/2022\/01\/30\/palmer-pronaci-model-koji-ce-hrvatima-omoguciti-istu-zastupljenost\/#primaryimage"},"thumbnailUrl":"https:\/\/radioljubuski.ba\/wp-content\/uploads\/2022\/01\/palmer-1068x712-1.jpg","articleSection":["BIH i regija"],"inLanguage":"hr"},{"@type":"WebPage","@id":"https:\/\/radioljubuski.ba\/index.php\/2022\/01\/30\/palmer-pronaci-model-koji-ce-hrvatima-omoguciti-istu-zastupljenost\/","url":"https:\/\/radioljubuski.ba\/index.php\/2022\/01\/30\/palmer-pronaci-model-koji-ce-hrvatima-omoguciti-istu-zastupljenost\/","name":"Palmer: Prona\u0107i model koji \u0107e Hrvatima omogu\u0107iti istu zastupljenost - RADIO LJUBU\u0160KI","isPartOf":{"@id":"https:\/\/radioljubuski.ba\/#website"},"primaryImageOfPage":{"@id":"https:\/\/radioljubuski.ba\/index.php\/2022\/01\/30\/palmer-pronaci-model-koji-ce-hrvatima-omoguciti-istu-zastupljenost\/#primaryimage"},"image":{"@id":"https:\/\/radioljubuski.ba\/index.php\/2022\/01\/30\/palmer-pronaci-model-koji-ce-hrvatima-omoguciti-istu-zastupljenost\/#primaryimage"},"thumbnailUrl":"https:\/\/radioljubuski.ba\/wp-content\/uploads\/2022\/01\/palmer-1068x712-1.jpg","datePublished":"2022-01-30T22:57:15+00:00","dateModified":"2022-01-30T22:57:16+00:00","breadcrumb":{"@id":"https:\/\/radioljubuski.ba\/index.php\/2022\/01\/30\/palmer-pronaci-model-koji-ce-hrvatima-omoguciti-istu-zastupljenost\/#breadcrumb"},"inLanguage":"hr","potentialAction":[{"@type":"ReadAction","target":["https:\/\/radioljubuski.ba\/index.php\/2022\/01\/30\/palmer-pronaci-model-koji-ce-hrvatima-omoguciti-istu-zastupljenost\/"]}]},{"@type":"ImageObject","inLanguage":"hr","@id":"https:\/\/radioljubuski.ba\/index.php\/2022\/01\/30\/palmer-pronaci-model-koji-ce-hrvatima-omoguciti-istu-zastupljenost\/#primaryimage","url":"https:\/\/radioljubuski.ba\/wp-content\/uploads\/2022\/01\/palmer-1068x712-1.jpg","contentUrl":"https:\/\/radioljubuski.ba\/wp-content\/uploads\/2022\/01\/palmer-1068x712-1.jpg","width":1068,"height":712},{"@type":"BreadcrumbList","@id":"https:\/\/radioljubuski.ba\/index.php\/2022\/01\/30\/palmer-pronaci-model-koji-ce-hrvatima-omoguciti-istu-zastupljenost\/#breadcrumb","itemListElement":[{"@type":"ListItem","position":1,"name":"Po\u010detna stranica","item":"https:\/\/radioljubuski.ba\/"},{"@type":"ListItem","position":2,"name":"Palmer: Prona\u0107i model koji \u0107e Hrvatima omogu\u0107iti istu zastupljenost"}]},{"@type":"WebSite","@id":"https:\/\/radioljubuski.ba\/#website","url":"https:\/\/radioljubuski.ba\/","name":"Radio Ljubu\u0161ki","description":"Sun\u010dana frekvencija Hercegovine","publisher":{"@id":"https:\/\/radioljubuski.ba\/#organization"},"potentialAction":[{"@type":"SearchAction","target":{"@type":"EntryPoint","urlTemplate":"https:\/\/radioljubuski.ba\/?s={search_term_string}"},"query-input":{"@type":"PropertyValueSpecification","valueRequired":true,"valueName":"search_term_string"}}],"inLanguage":"hr"},{"@type":"Organization","@id":"https:\/\/radioljubuski.ba\/#organization","name":"Radio Ljubu\u0161ki","url":"https:\/\/radioljubuski.ba\/","logo":{"@type":"ImageObject","inLanguage":"hr","@id":"https:\/\/radioljubuski.ba\/#\/schema\/logo\/image\/","url":"https:\/\/radioljubuski.ba\/wp-content\/uploads\/2021\/02\/cropped-Radio_Ljubuski_logo1.jpg","contentUrl":"https:\/\/radioljubuski.ba\/wp-content\/uploads\/2021\/02\/cropped-Radio_Ljubuski_logo1.jpg","width":512,"height":512,"caption":"Radio Ljubu\u0161ki"},"image":{"@id":"https:\/\/radioljubuski.ba\/#\/schema\/logo\/image\/"},"sameAs":["https:\/\/www.facebook.com\/Radiio-Ljubuski-1490835324566332","https:\/\/x.com\/radioljubuski","https:\/\/hr.linkedin.com\/company\/radio-ljubuski","https:\/\/www.youtube.com\/channel\/UCHYaeO_n0Db3tjNGudGpXyw"]},{"@type":"Person","@id":"https:\/\/radioljubuski.ba\/#\/schema\/person\/19fc700381a780f69665d7956c469e3b","name":"Radio Ljubu\u0161ki"}]}},"_links":{"self":[{"href":"https:\/\/radioljubuski.ba\/index.php\/wp-json\/wp\/v2\/posts\/110311","targetHints":{"allow":["GET"]}}],"collection":[{"href":"https:\/\/radioljubuski.ba\/index.php\/wp-json\/wp\/v2\/posts"}],"about":[{"href":"https:\/\/radioljubuski.ba\/index.php\/wp-json\/wp\/v2\/types\/post"}],"author":[{"embeddable":true,"href":"https:\/\/radioljubuski.ba\/index.php\/wp-json\/wp\/v2\/users\/2"}],"replies":[{"embeddable":true,"href":"https:\/\/radioljubuski.ba\/index.php\/wp-json\/wp\/v2\/comments?post=110311"}],"version-history":[{"count":1,"href":"https:\/\/radioljubuski.ba\/index.php\/wp-json\/wp\/v2\/posts\/110311\/revisions"}],"predecessor-version":[{"id":110313,"href":"https:\/\/radioljubuski.ba\/index.php\/wp-json\/wp\/v2\/posts\/110311\/revisions\/110313"}],"wp:featuredmedia":[{"embeddable":true,"href":"https:\/\/radioljubuski.ba\/index.php\/wp-json\/wp\/v2\/media\/110312"}],"wp:attachment":[{"href":"https:\/\/radioljubuski.ba\/index.php\/wp-json\/wp\/v2\/media?parent=110311"}],"wp:term":[{"taxonomy":"category","embeddable":true,"href":"https:\/\/radioljubuski.ba\/index.php\/wp-json\/wp\/v2\/categories?post=110311"},{"taxonomy":"post_tag","embeddable":true,"href":"https:\/\/radioljubuski.ba\/index.php\/wp-json\/wp\/v2\/tags?post=110311"}],"curies":[{"name":"wp","href":"https:\/\/api.w.org\/{rel}","templated":true}]}}