{"id":11042,"date":"2021-04-09T08:43:43","date_gmt":"2021-04-09T07:43:43","guid":{"rendered":"https:\/\/radioljubuski.ba\/?p=11042"},"modified":"2021-04-21T07:23:47","modified_gmt":"2021-04-21T06:23:47","slug":"mmf-od-drugih-obicno-trazimo-smanjenje-penzija-i-plata-a-od-bih-da-se-vise-zaduzujete-i-trosite","status":"publish","type":"post","link":"https:\/\/radioljubuski.ba\/index.php\/2021\/04\/09\/mmf-od-drugih-obicno-trazimo-smanjenje-penzija-i-plata-a-od-bih-da-se-vise-zaduzujete-i-trosite\/","title":{"rendered":"MMF: Od drugih obi\u010dno tra\u017eimo smanjenje mirovina i pla\u0107a, a od BiH da se vi\u0161e zadu\u017eujete i tro\u0161ite"},"content":{"rendered":"\n<p>Me\u0111unarodni monetarni fond (MMF) svakako \u017eeli da budu\u0107i aran\u017eman pomogne vlastima u borbi protiv pandemije, kazao je Andrew Jewell, rezidentni predstavnik ove finansijske institucije u na\u0161oj zemlji.<\/p>\n\n\n\n<p>&#8220;\u017delim jasno i glasno re\u0107i da mi od njih ne tra\u017eimo da \u0161tede, mi \u017eelimo da oni tro\u0161e vi\u0161e. Obi\u010dno kada do\u0111emo u neku zemlju, mi tra\u017eimo stezanje kai\u0161a, da smanje penzije, potro\u0161nju, plate, itd. To uop\u0161te ne tra\u017eimo od vas. Mi \u017eelimo da podr\u017eite preduze\u0107a i doma\u0107instva&#8221;, izjavio je on u intervjuu za Nezavisne novine.<\/p>\n\n\n\n<p>\u017delimo da tro\u0161ite i \u017eelimo da vam pozajmimo novac po izuzetno niskim kamatnim stopama i veoma povoljnim uslovima, dodao je on, ali istovremeno, \u017eelimo pripremiti bh. ekonomiju na svijet poslije covida.<\/p>\n\n\n\n<p>&#8220;Nadamo se svjetlu na kraju tunela i \u017eelimo da vidimo reforme koje \u0107e pomo\u0107i ekonomski uklju\u010divi rast od kojeg \u0107e koristi imati \u0161iri slojevi stanovni\u0161tva&#8221;, izjavio je on.<\/p>\n\n\n\n<p>Ove godine ne\u0107e biti novog instrumenta za brzo finansiranje poput onog pro\u0161le godine, najavio je Jewell. Me\u0111utim, mi s vlastima razgovaramo o jednoj vrsti tradicionalnijeg programa. To zna\u010di da bi on trajao nekoliko godina, a uklju\u010dene bi bile reforme.<\/p>\n\n\n\n<p>&#8220;Pro\u0161le godine nismo postavljali nikakve uslove. Ali to je u svakom slu\u010daju rijedak izuzetak u odnosu na to kako mi funkcioni\u0161emo. Mi obi\u010dno tra\u017eimo od zemlje da implementira reforme u zamjenu za veoma povoljne kredite koje dajemo. Druga razlika je da smo pro\u0161le godine kroz instrumente brzog finansiranja sav novac pru\u017eili odmah, a u tradicionalnom programu novac isporu\u010dujemo kroz tran\u0161e sve dok zemlja implementira reforme o kojima smo se dogovorili. Mnogo mjeseci smo pregovarali, ali s vlastima BiH nismo uspjeli posti\u0107i dogovor o novom programu, tako da smo suspendovali pregovore u decembru. \u017delim jasno da ka\u017eem da smo spremni nastaviti pregovore u svakom trenutku&#8221;, izjavio je on.<\/p>\n\n\n\n<p>Pregovori o novom aran\u017emanu na\u0161e zemlje s MMF-om su suspendovani, ali iz ove institucije nagla\u0161avaju spremnost da se oni nastave u svakom trenutku.<\/p>\n\n\n\n<p><a href=\"https:\/\/www.klix.ba\/biznis\/mmf-od-drugih-obicno-trazimo-smanjenje-penzija-i-plata-a-od-bih-da-se-vise-zaduzujete-i-trosite\/210409017\">Izvor: Klix.ba<\/a><\/p>\n","protected":false},"excerpt":{"rendered":"<p>Me\u0111unarodni monetarni fond (MMF) svakako \u017eeli da budu\u0107i aran\u017eman pomogne vlastima u borbi protiv pandemije, kazao je Andrew Jewell, rezidentni predstavnik ove finansijske institucije u na\u0161oj zemlji. &#8220;\u017delim jasno i glasno re\u0107i da mi od njih ne tra\u017eimo da \u0161tede, mi \u017eelimo da oni tro\u0161e vi\u0161e. Obi\u010dno kada do\u0111emo u neku zemlju, mi tra\u017eimo stezanje [&hellip;]<\/p>\n","protected":false},"author":2,"featured_media":11046,"comment_status":"closed","ping_status":"closed","sticky":false,"template":"","format":"standard","meta":{"h5ap_radio_sources":[],"footnotes":""},"categories":[1],"tags":[],"class_list":["post-11042","post","type-post","status-publish","format-standard","has-post-thumbnail","hentry","category-bihiregija"],"yoast_head":"<!-- This site is optimized with the Yoast SEO plugin v27.5 - https:\/\/yoast.com\/product\/yoast-seo-wordpress\/ -->\n<title>MMF: Od drugih obi\u010dno tra\u017eimo smanjenje mirovina i pla\u0107a, a od BiH da se vi\u0161e zadu\u017eujete i tro\u0161ite - RADIO LJUBU\u0160KI<\/title>\n<meta name=\"robots\" content=\"index, follow, max-snippet:-1, max-image-preview:large, max-video-preview:-1\" \/>\n<link rel=\"canonical\" href=\"https:\/\/radioljubuski.ba\/index.php\/2021\/04\/09\/mmf-od-drugih-obicno-trazimo-smanjenje-penzija-i-plata-a-od-bih-da-se-vise-zaduzujete-i-trosite\/\" \/>\n<meta property=\"og:locale\" content=\"hr_HR\" \/>\n<meta property=\"og:type\" content=\"article\" \/>\n<meta property=\"og:title\" content=\"MMF: Od drugih obi\u010dno tra\u017eimo smanjenje mirovina i pla\u0107a, a od BiH da se vi\u0161e zadu\u017eujete i tro\u0161ite - RADIO LJUBU\u0160KI\" \/>\n<meta property=\"og:description\" content=\"Me\u0111unarodni monetarni fond (MMF) svakako \u017eeli da budu\u0107i aran\u017eman pomogne vlastima u borbi protiv pandemije, kazao je Andrew Jewell, rezidentni predstavnik ove finansijske institucije u na\u0161oj zemlji. &#8220;\u017delim jasno i glasno re\u0107i da mi od njih ne tra\u017eimo da \u0161tede, mi \u017eelimo da oni tro\u0161e vi\u0161e. Obi\u010dno kada do\u0111emo u neku zemlju, mi tra\u017eimo stezanje [&hellip;]\" \/>\n<meta property=\"og:url\" content=\"https:\/\/radioljubuski.ba\/index.php\/2021\/04\/09\/mmf-od-drugih-obicno-trazimo-smanjenje-penzija-i-plata-a-od-bih-da-se-vise-zaduzujete-i-trosite\/\" \/>\n<meta property=\"og:site_name\" content=\"RADIO LJUBU\u0160KI\" \/>\n<meta property=\"article:publisher\" content=\"https:\/\/www.facebook.com\/Radiio-Ljubuski-1490835324566332\" \/>\n<meta property=\"article:published_time\" content=\"2021-04-09T07:43:43+00:00\" \/>\n<meta property=\"article:modified_time\" content=\"2021-04-21T06:23:47+00:00\" \/>\n<meta property=\"og:image\" content=\"https:\/\/radioljubuski.ba\/wp-content\/uploads\/2021\/04\/mmf.png\" \/>\n\t<meta property=\"og:image:width\" content=\"632\" \/>\n\t<meta property=\"og:image:height\" content=\"431\" \/>\n\t<meta property=\"og:image:type\" content=\"image\/png\" \/>\n<meta name=\"author\" content=\"Radio Ljubu\u0161ki\" \/>\n<meta name=\"twitter:card\" content=\"summary_large_image\" \/>\n<meta name=\"twitter:creator\" content=\"@radioljubuski\" \/>\n<meta name=\"twitter:site\" content=\"@radioljubuski\" \/>\n<meta name=\"twitter:label1\" content=\"Napisao\/la\" \/>\n\t<meta name=\"twitter:data1\" content=\"Radio Ljubu\u0161ki\" \/>\n\t<meta name=\"twitter:label2\" content=\"Procijenjeno vrijeme \u010ditanja\" \/>\n\t<meta name=\"twitter:data2\" content=\"2 minute\" \/>\n<script type=\"application\/ld+json\" class=\"yoast-schema-graph\">{\"@context\":\"https:\\\/\\\/schema.org\",\"@graph\":[{\"@type\":\"Article\",\"@id\":\"https:\\\/\\\/radioljubuski.ba\\\/index.php\\\/2021\\\/04\\\/09\\\/mmf-od-drugih-obicno-trazimo-smanjenje-penzija-i-plata-a-od-bih-da-se-vise-zaduzujete-i-trosite\\\/#article\",\"isPartOf\":{\"@id\":\"https:\\\/\\\/radioljubuski.ba\\\/index.php\\\/2021\\\/04\\\/09\\\/mmf-od-drugih-obicno-trazimo-smanjenje-penzija-i-plata-a-od-bih-da-se-vise-zaduzujete-i-trosite\\\/\"},\"author\":{\"name\":\"Radio Ljubu\u0161ki\",\"@id\":\"https:\\\/\\\/radioljubuski.ba\\\/#\\\/schema\\\/person\\\/19fc700381a780f69665d7956c469e3b\"},\"headline\":\"MMF: Od drugih obi\u010dno tra\u017eimo smanjenje mirovina i pla\u0107a, a od BiH da se vi\u0161e zadu\u017eujete i tro\u0161ite\",\"datePublished\":\"2021-04-09T07:43:43+00:00\",\"dateModified\":\"2021-04-21T06:23:47+00:00\",\"mainEntityOfPage\":{\"@id\":\"https:\\\/\\\/radioljubuski.ba\\\/index.php\\\/2021\\\/04\\\/09\\\/mmf-od-drugih-obicno-trazimo-smanjenje-penzija-i-plata-a-od-bih-da-se-vise-zaduzujete-i-trosite\\\/\"},\"wordCount\":379,\"publisher\":{\"@id\":\"https:\\\/\\\/radioljubuski.ba\\\/#organization\"},\"image\":{\"@id\":\"https:\\\/\\\/radioljubuski.ba\\\/index.php\\\/2021\\\/04\\\/09\\\/mmf-od-drugih-obicno-trazimo-smanjenje-penzija-i-plata-a-od-bih-da-se-vise-zaduzujete-i-trosite\\\/#primaryimage\"},\"thumbnailUrl\":\"https:\\\/\\\/radioljubuski.ba\\\/wp-content\\\/uploads\\\/2021\\\/04\\\/mmf.png\",\"articleSection\":[\"BIH i regija\"],\"inLanguage\":\"hr\"},{\"@type\":\"WebPage\",\"@id\":\"https:\\\/\\\/radioljubuski.ba\\\/index.php\\\/2021\\\/04\\\/09\\\/mmf-od-drugih-obicno-trazimo-smanjenje-penzija-i-plata-a-od-bih-da-se-vise-zaduzujete-i-trosite\\\/\",\"url\":\"https:\\\/\\\/radioljubuski.ba\\\/index.php\\\/2021\\\/04\\\/09\\\/mmf-od-drugih-obicno-trazimo-smanjenje-penzija-i-plata-a-od-bih-da-se-vise-zaduzujete-i-trosite\\\/\",\"name\":\"MMF: Od drugih obi\u010dno tra\u017eimo smanjenje mirovina i pla\u0107a, a od BiH da se vi\u0161e zadu\u017eujete i tro\u0161ite - RADIO LJUBU\u0160KI\",\"isPartOf\":{\"@id\":\"https:\\\/\\\/radioljubuski.ba\\\/#website\"},\"primaryImageOfPage\":{\"@id\":\"https:\\\/\\\/radioljubuski.ba\\\/index.php\\\/2021\\\/04\\\/09\\\/mmf-od-drugih-obicno-trazimo-smanjenje-penzija-i-plata-a-od-bih-da-se-vise-zaduzujete-i-trosite\\\/#primaryimage\"},\"image\":{\"@id\":\"https:\\\/\\\/radioljubuski.ba\\\/index.php\\\/2021\\\/04\\\/09\\\/mmf-od-drugih-obicno-trazimo-smanjenje-penzija-i-plata-a-od-bih-da-se-vise-zaduzujete-i-trosite\\\/#primaryimage\"},\"thumbnailUrl\":\"https:\\\/\\\/radioljubuski.ba\\\/wp-content\\\/uploads\\\/2021\\\/04\\\/mmf.png\",\"datePublished\":\"2021-04-09T07:43:43+00:00\",\"dateModified\":\"2021-04-21T06:23:47+00:00\",\"breadcrumb\":{\"@id\":\"https:\\\/\\\/radioljubuski.ba\\\/index.php\\\/2021\\\/04\\\/09\\\/mmf-od-drugih-obicno-trazimo-smanjenje-penzija-i-plata-a-od-bih-da-se-vise-zaduzujete-i-trosite\\\/#breadcrumb\"},\"inLanguage\":\"hr\",\"potentialAction\":[{\"@type\":\"ReadAction\",\"target\":[\"https:\\\/\\\/radioljubuski.ba\\\/index.php\\\/2021\\\/04\\\/09\\\/mmf-od-drugih-obicno-trazimo-smanjenje-penzija-i-plata-a-od-bih-da-se-vise-zaduzujete-i-trosite\\\/\"]}]},{\"@type\":\"ImageObject\",\"inLanguage\":\"hr\",\"@id\":\"https:\\\/\\\/radioljubuski.ba\\\/index.php\\\/2021\\\/04\\\/09\\\/mmf-od-drugih-obicno-trazimo-smanjenje-penzija-i-plata-a-od-bih-da-se-vise-zaduzujete-i-trosite\\\/#primaryimage\",\"url\":\"https:\\\/\\\/radioljubuski.ba\\\/wp-content\\\/uploads\\\/2021\\\/04\\\/mmf.png\",\"contentUrl\":\"https:\\\/\\\/radioljubuski.ba\\\/wp-content\\\/uploads\\\/2021\\\/04\\\/mmf.png\",\"width\":632,\"height\":431},{\"@type\":\"BreadcrumbList\",\"@id\":\"https:\\\/\\\/radioljubuski.ba\\\/index.php\\\/2021\\\/04\\\/09\\\/mmf-od-drugih-obicno-trazimo-smanjenje-penzija-i-plata-a-od-bih-da-se-vise-zaduzujete-i-trosite\\\/#breadcrumb\",\"itemListElement\":[{\"@type\":\"ListItem\",\"position\":1,\"name\":\"Po\u010detna stranica\",\"item\":\"https:\\\/\\\/radioljubuski.ba\\\/\"},{\"@type\":\"ListItem\",\"position\":2,\"name\":\"MMF: Od drugih obi\u010dno tra\u017eimo smanjenje mirovina i pla\u0107a, a od BiH da se vi\u0161e zadu\u017eujete i tro\u0161ite\"}]},{\"@type\":\"WebSite\",\"@id\":\"https:\\\/\\\/radioljubuski.ba\\\/#website\",\"url\":\"https:\\\/\\\/radioljubuski.ba\\\/\",\"name\":\"Radio Ljubu\u0161ki\",\"description\":\"Sun\u010dana frekvencija Hercegovine\",\"publisher\":{\"@id\":\"https:\\\/\\\/radioljubuski.ba\\\/#organization\"},\"potentialAction\":[{\"@type\":\"SearchAction\",\"target\":{\"@type\":\"EntryPoint\",\"urlTemplate\":\"https:\\\/\\\/radioljubuski.ba\\\/?s={search_term_string}\"},\"query-input\":{\"@type\":\"PropertyValueSpecification\",\"valueRequired\":true,\"valueName\":\"search_term_string\"}}],\"inLanguage\":\"hr\"},{\"@type\":\"Organization\",\"@id\":\"https:\\\/\\\/radioljubuski.ba\\\/#organization\",\"name\":\"Radio Ljubu\u0161ki\",\"url\":\"https:\\\/\\\/radioljubuski.ba\\\/\",\"logo\":{\"@type\":\"ImageObject\",\"inLanguage\":\"hr\",\"@id\":\"https:\\\/\\\/radioljubuski.ba\\\/#\\\/schema\\\/logo\\\/image\\\/\",\"url\":\"https:\\\/\\\/radioljubuski.ba\\\/wp-content\\\/uploads\\\/2021\\\/02\\\/cropped-Radio_Ljubuski_logo1.jpg\",\"contentUrl\":\"https:\\\/\\\/radioljubuski.ba\\\/wp-content\\\/uploads\\\/2021\\\/02\\\/cropped-Radio_Ljubuski_logo1.jpg\",\"width\":512,\"height\":512,\"caption\":\"Radio Ljubu\u0161ki\"},\"image\":{\"@id\":\"https:\\\/\\\/radioljubuski.ba\\\/#\\\/schema\\\/logo\\\/image\\\/\"},\"sameAs\":[\"https:\\\/\\\/www.facebook.com\\\/Radiio-Ljubuski-1490835324566332\",\"https:\\\/\\\/x.com\\\/radioljubuski\",\"https:\\\/\\\/hr.linkedin.com\\\/company\\\/radio-ljubuski\",\"https:\\\/\\\/www.youtube.com\\\/channel\\\/UCHYaeO_n0Db3tjNGudGpXyw\"]},{\"@type\":\"Person\",\"@id\":\"https:\\\/\\\/radioljubuski.ba\\\/#\\\/schema\\\/person\\\/19fc700381a780f69665d7956c469e3b\",\"name\":\"Radio Ljubu\u0161ki\"}]}<\/script>\n<!-- \/ Yoast SEO plugin. -->","yoast_head_json":{"title":"MMF: Od drugih obi\u010dno tra\u017eimo smanjenje mirovina i pla\u0107a, a od BiH da se vi\u0161e zadu\u017eujete i tro\u0161ite - RADIO LJUBU\u0160KI","robots":{"index":"index","follow":"follow","max-snippet":"max-snippet:-1","max-image-preview":"max-image-preview:large","max-video-preview":"max-video-preview:-1"},"canonical":"https:\/\/radioljubuski.ba\/index.php\/2021\/04\/09\/mmf-od-drugih-obicno-trazimo-smanjenje-penzija-i-plata-a-od-bih-da-se-vise-zaduzujete-i-trosite\/","og_locale":"hr_HR","og_type":"article","og_title":"MMF: Od drugih obi\u010dno tra\u017eimo smanjenje mirovina i pla\u0107a, a od BiH da se vi\u0161e zadu\u017eujete i tro\u0161ite - RADIO LJUBU\u0160KI","og_description":"Me\u0111unarodni monetarni fond (MMF) svakako \u017eeli da budu\u0107i aran\u017eman pomogne vlastima u borbi protiv pandemije, kazao je Andrew Jewell, rezidentni predstavnik ove finansijske institucije u na\u0161oj zemlji. &#8220;\u017delim jasno i glasno re\u0107i da mi od njih ne tra\u017eimo da \u0161tede, mi \u017eelimo da oni tro\u0161e vi\u0161e. Obi\u010dno kada do\u0111emo u neku zemlju, mi tra\u017eimo stezanje [&hellip;]","og_url":"https:\/\/radioljubuski.ba\/index.php\/2021\/04\/09\/mmf-od-drugih-obicno-trazimo-smanjenje-penzija-i-plata-a-od-bih-da-se-vise-zaduzujete-i-trosite\/","og_site_name":"RADIO LJUBU\u0160KI","article_publisher":"https:\/\/www.facebook.com\/Radiio-Ljubuski-1490835324566332","article_published_time":"2021-04-09T07:43:43+00:00","article_modified_time":"2021-04-21T06:23:47+00:00","og_image":[{"width":632,"height":431,"url":"https:\/\/radioljubuski.ba\/wp-content\/uploads\/2021\/04\/mmf.png","type":"image\/png"}],"author":"Radio Ljubu\u0161ki","twitter_card":"summary_large_image","twitter_creator":"@radioljubuski","twitter_site":"@radioljubuski","twitter_misc":{"Napisao\/la":"Radio Ljubu\u0161ki","Procijenjeno vrijeme \u010ditanja":"2 minute"},"schema":{"@context":"https:\/\/schema.org","@graph":[{"@type":"Article","@id":"https:\/\/radioljubuski.ba\/index.php\/2021\/04\/09\/mmf-od-drugih-obicno-trazimo-smanjenje-penzija-i-plata-a-od-bih-da-se-vise-zaduzujete-i-trosite\/#article","isPartOf":{"@id":"https:\/\/radioljubuski.ba\/index.php\/2021\/04\/09\/mmf-od-drugih-obicno-trazimo-smanjenje-penzija-i-plata-a-od-bih-da-se-vise-zaduzujete-i-trosite\/"},"author":{"name":"Radio Ljubu\u0161ki","@id":"https:\/\/radioljubuski.ba\/#\/schema\/person\/19fc700381a780f69665d7956c469e3b"},"headline":"MMF: Od drugih obi\u010dno tra\u017eimo smanjenje mirovina i pla\u0107a, a od BiH da se vi\u0161e zadu\u017eujete i tro\u0161ite","datePublished":"2021-04-09T07:43:43+00:00","dateModified":"2021-04-21T06:23:47+00:00","mainEntityOfPage":{"@id":"https:\/\/radioljubuski.ba\/index.php\/2021\/04\/09\/mmf-od-drugih-obicno-trazimo-smanjenje-penzija-i-plata-a-od-bih-da-se-vise-zaduzujete-i-trosite\/"},"wordCount":379,"publisher":{"@id":"https:\/\/radioljubuski.ba\/#organization"},"image":{"@id":"https:\/\/radioljubuski.ba\/index.php\/2021\/04\/09\/mmf-od-drugih-obicno-trazimo-smanjenje-penzija-i-plata-a-od-bih-da-se-vise-zaduzujete-i-trosite\/#primaryimage"},"thumbnailUrl":"https:\/\/radioljubuski.ba\/wp-content\/uploads\/2021\/04\/mmf.png","articleSection":["BIH i regija"],"inLanguage":"hr"},{"@type":"WebPage","@id":"https:\/\/radioljubuski.ba\/index.php\/2021\/04\/09\/mmf-od-drugih-obicno-trazimo-smanjenje-penzija-i-plata-a-od-bih-da-se-vise-zaduzujete-i-trosite\/","url":"https:\/\/radioljubuski.ba\/index.php\/2021\/04\/09\/mmf-od-drugih-obicno-trazimo-smanjenje-penzija-i-plata-a-od-bih-da-se-vise-zaduzujete-i-trosite\/","name":"MMF: Od drugih obi\u010dno tra\u017eimo smanjenje mirovina i pla\u0107a, a od BiH da se vi\u0161e zadu\u017eujete i tro\u0161ite - RADIO LJUBU\u0160KI","isPartOf":{"@id":"https:\/\/radioljubuski.ba\/#website"},"primaryImageOfPage":{"@id":"https:\/\/radioljubuski.ba\/index.php\/2021\/04\/09\/mmf-od-drugih-obicno-trazimo-smanjenje-penzija-i-plata-a-od-bih-da-se-vise-zaduzujete-i-trosite\/#primaryimage"},"image":{"@id":"https:\/\/radioljubuski.ba\/index.php\/2021\/04\/09\/mmf-od-drugih-obicno-trazimo-smanjenje-penzija-i-plata-a-od-bih-da-se-vise-zaduzujete-i-trosite\/#primaryimage"},"thumbnailUrl":"https:\/\/radioljubuski.ba\/wp-content\/uploads\/2021\/04\/mmf.png","datePublished":"2021-04-09T07:43:43+00:00","dateModified":"2021-04-21T06:23:47+00:00","breadcrumb":{"@id":"https:\/\/radioljubuski.ba\/index.php\/2021\/04\/09\/mmf-od-drugih-obicno-trazimo-smanjenje-penzija-i-plata-a-od-bih-da-se-vise-zaduzujete-i-trosite\/#breadcrumb"},"inLanguage":"hr","potentialAction":[{"@type":"ReadAction","target":["https:\/\/radioljubuski.ba\/index.php\/2021\/04\/09\/mmf-od-drugih-obicno-trazimo-smanjenje-penzija-i-plata-a-od-bih-da-se-vise-zaduzujete-i-trosite\/"]}]},{"@type":"ImageObject","inLanguage":"hr","@id":"https:\/\/radioljubuski.ba\/index.php\/2021\/04\/09\/mmf-od-drugih-obicno-trazimo-smanjenje-penzija-i-plata-a-od-bih-da-se-vise-zaduzujete-i-trosite\/#primaryimage","url":"https:\/\/radioljubuski.ba\/wp-content\/uploads\/2021\/04\/mmf.png","contentUrl":"https:\/\/radioljubuski.ba\/wp-content\/uploads\/2021\/04\/mmf.png","width":632,"height":431},{"@type":"BreadcrumbList","@id":"https:\/\/radioljubuski.ba\/index.php\/2021\/04\/09\/mmf-od-drugih-obicno-trazimo-smanjenje-penzija-i-plata-a-od-bih-da-se-vise-zaduzujete-i-trosite\/#breadcrumb","itemListElement":[{"@type":"ListItem","position":1,"name":"Po\u010detna stranica","item":"https:\/\/radioljubuski.ba\/"},{"@type":"ListItem","position":2,"name":"MMF: Od drugih obi\u010dno tra\u017eimo smanjenje mirovina i pla\u0107a, a od BiH da se vi\u0161e zadu\u017eujete i tro\u0161ite"}]},{"@type":"WebSite","@id":"https:\/\/radioljubuski.ba\/#website","url":"https:\/\/radioljubuski.ba\/","name":"Radio Ljubu\u0161ki","description":"Sun\u010dana frekvencija Hercegovine","publisher":{"@id":"https:\/\/radioljubuski.ba\/#organization"},"potentialAction":[{"@type":"SearchAction","target":{"@type":"EntryPoint","urlTemplate":"https:\/\/radioljubuski.ba\/?s={search_term_string}"},"query-input":{"@type":"PropertyValueSpecification","valueRequired":true,"valueName":"search_term_string"}}],"inLanguage":"hr"},{"@type":"Organization","@id":"https:\/\/radioljubuski.ba\/#organization","name":"Radio Ljubu\u0161ki","url":"https:\/\/radioljubuski.ba\/","logo":{"@type":"ImageObject","inLanguage":"hr","@id":"https:\/\/radioljubuski.ba\/#\/schema\/logo\/image\/","url":"https:\/\/radioljubuski.ba\/wp-content\/uploads\/2021\/02\/cropped-Radio_Ljubuski_logo1.jpg","contentUrl":"https:\/\/radioljubuski.ba\/wp-content\/uploads\/2021\/02\/cropped-Radio_Ljubuski_logo1.jpg","width":512,"height":512,"caption":"Radio Ljubu\u0161ki"},"image":{"@id":"https:\/\/radioljubuski.ba\/#\/schema\/logo\/image\/"},"sameAs":["https:\/\/www.facebook.com\/Radiio-Ljubuski-1490835324566332","https:\/\/x.com\/radioljubuski","https:\/\/hr.linkedin.com\/company\/radio-ljubuski","https:\/\/www.youtube.com\/channel\/UCHYaeO_n0Db3tjNGudGpXyw"]},{"@type":"Person","@id":"https:\/\/radioljubuski.ba\/#\/schema\/person\/19fc700381a780f69665d7956c469e3b","name":"Radio Ljubu\u0161ki"}]}},"_links":{"self":[{"href":"https:\/\/radioljubuski.ba\/index.php\/wp-json\/wp\/v2\/posts\/11042","targetHints":{"allow":["GET"]}}],"collection":[{"href":"https:\/\/radioljubuski.ba\/index.php\/wp-json\/wp\/v2\/posts"}],"about":[{"href":"https:\/\/radioljubuski.ba\/index.php\/wp-json\/wp\/v2\/types\/post"}],"author":[{"embeddable":true,"href":"https:\/\/radioljubuski.ba\/index.php\/wp-json\/wp\/v2\/users\/2"}],"replies":[{"embeddable":true,"href":"https:\/\/radioljubuski.ba\/index.php\/wp-json\/wp\/v2\/comments?post=11042"}],"version-history":[{"count":2,"href":"https:\/\/radioljubuski.ba\/index.php\/wp-json\/wp\/v2\/posts\/11042\/revisions"}],"predecessor-version":[{"id":11056,"href":"https:\/\/radioljubuski.ba\/index.php\/wp-json\/wp\/v2\/posts\/11042\/revisions\/11056"}],"wp:featuredmedia":[{"embeddable":true,"href":"https:\/\/radioljubuski.ba\/index.php\/wp-json\/wp\/v2\/media\/11046"}],"wp:attachment":[{"href":"https:\/\/radioljubuski.ba\/index.php\/wp-json\/wp\/v2\/media?parent=11042"}],"wp:term":[{"taxonomy":"category","embeddable":true,"href":"https:\/\/radioljubuski.ba\/index.php\/wp-json\/wp\/v2\/categories?post=11042"},{"taxonomy":"post_tag","embeddable":true,"href":"https:\/\/radioljubuski.ba\/index.php\/wp-json\/wp\/v2\/tags?post=11042"}],"curies":[{"name":"wp","href":"https:\/\/api.w.org\/{rel}","templated":true}]}}