{"id":110475,"date":"2022-01-31T11:48:18","date_gmt":"2022-01-31T10:48:18","guid":{"rendered":"https:\/\/radioljubuski.ba\/?p=110475"},"modified":"2022-01-31T11:48:19","modified_gmt":"2022-01-31T10:48:19","slug":"hrvatska-primio-darove-od-obitelji-iz-australije-sokirali-ga-racuni","status":"publish","type":"post","link":"https:\/\/radioljubuski.ba\/index.php\/2022\/01\/31\/hrvatska-primio-darove-od-obitelji-iz-australije-sokirali-ga-racuni\/","title":{"rendered":"Hrvatska: Primio darove od obitelji iz Australije, \u0161okirali ga ra\u010duni"},"content":{"rendered":"\n<p>Uo\u010di bo\u017ei\u0107nih i novogodi\u0161njih blagdana jedna je po\u0161iljka s nekoliko igra\u010daka i poklona poslana iz australskog Melbournea, druga pak iz Sydneya. Ti paketi putovali su tri tjedna i tijekom blagdana stigli u Vara\u017edin. Darovi za unuku su gospodina Nenada obradovali, no \u0161okirali su ga ra\u010duni koje je morao platiti.<\/p>\n\n\n\n<p>&#8211; Prvi paket bio je kuvertirana po\u0161iljka, a drugi je paket bio u kutiji. U prvom se paketu nalazila dje\u010dja stvar, a u drugom \u010detiri stvari. I kad je po\u0161tar donio, za prvi smo paket morali platiti 259 kuna, na ra\u010dunu je pisalo kontrolni carinski pregled. A drugi paket, u kojem su bila \u010detiri artikla i koji je bio u kutiji, i koji je bio te\u017ei nekih 700 grama od prvog, platili smo 103 kune, \u0161to smatram da je nerealno, ka\u017ee Prica.<\/p>\n\n\n\n<p>Ukupno su tro\u0161kovi kontrolnog carinskog pregleda iznosili vi\u0161e od 360 kuna za dva paketa \u010diju su po\u0161tarinu platili po\u0161iljatelji u Australiji. Nenad Prica odlazi u vara\u017edinsku poslovnicu Hrvatske po\u0161te vidjeti u \u010demu je problem.<\/p>\n\n\n\n<p>&#8211; Po\u0161to sam smatrao da to nije realna cijena i nije u redu, po\u0161to je u Australiji bilo sve pla\u0107eno od carine, putnih tro\u0161kova, da i mi toliko platimo, oti\u0161ao sam u Po\u0161tu, tamo me primila ljubazna voditeljica i uz njezinu pomo\u0107 poslali smo prigovor na carinu, ka\u017ee Prica.<\/p>\n\n\n\n<p>Iz Carinske uprave odgovaraju da su tretirali navedene po\u0161iljke kao poklon, ali problem je u njihovoj navedenoj vrijednosti.<\/p>\n\n\n\n<p>&#8211; Jedan paket je imao napisanu vrijednost 200 australskih dolara, a drugi paket je imao vrijednost 70 australskih dolara i zbog toga je cifra takva. Smatram da to nije u redu, \u010demu toliki pregled ako je u Australiji sve carinjeno i pla\u0107eno, ka\u017ee Prica.<\/p>\n\n\n\n<p>Sve po\u0161iljke koje nisu stekle status robe Europske unije podlije\u017eu naplati uvoznih davanja, neovisno o na\u010dinu stjecanja. Jedino se mo\u017ee primijeniti oslobo\u0111enje od pla\u0107anja uvoznih davanja kada fizi\u010dka osoba iz tre\u0107e zemlje \u0161alje poklon fizi\u010dkoj osobi u Hrvatskoj u vrijednosti do 45 eura koja nije komercijalne naravi &#8211; pi\u0161u iz Carinske uprave. No dodaju &#8211; te po\u0161iljke moraju biti deklarirane carinskoj slu\u017ebi takozvanom H7 deklaracijom. Na poklon koji vrijedi vi\u0161e od 45 eura pla\u0107a se PDV, zaklju\u010duju. Iz Hrvatske po\u0161te su nam tako\u0111er pojasnili na \u0161to gra\u0111ani moraju voditi ra\u010duna.<\/p>\n\n\n\n<p>&#8211; Kada se radi o po\u0161iljkama koje \u0161alju fizi\u010dke osobe, po\u0161iljke do 45 eura ne podlije\u017eu pla\u0107anju PDV-a. Hrvatska po\u0161ta mora ih provjeriti, mora izraditi carinsku deklaraciju ovisno o vrijednosti paketa i onda se napla\u0107uje ona naknada od 18,50 kuna za vrijednost do 150 eura, odnosno 37 kuna do vrijednosti 1000 eura, ka\u017ee Kre\u0161imir Domjan\u010di\u0107, glasnogovornik Hrvatske po\u0161te.<\/p>\n\n\n\n<p>Pa je u slu\u010daju gospodina Price u obzir uzeta vrijednost paketa od 70, odnosno 200 dolara koja je prema australskim standardima simboli\u010dna, ali kod nas se posebno vrednuje.<\/p>\n\n\n\n<p>&#8211; Dobio sam i od \u0161efice po\u0161te gdje se mogu dalje \u017ealiti, ali toliko sam razo\u010daran&#8230; Ja ne\u0107u za taj novac propasti, ali neka javnost zna za moj primjer i neka budu upozoreni u slu\u010daju takvih stvari, ka\u017ee Prica.<\/p>\n\n\n\n<p>Izvor:hrt.hr<\/p>\n","protected":false},"excerpt":{"rendered":"<p>Uo\u010di bo\u017ei\u0107nih i novogodi\u0161njih blagdana jedna je po\u0161iljka s nekoliko igra\u010daka i poklona poslana iz australskog Melbournea, druga pak iz Sydneya. Ti paketi putovali su tri tjedna i tijekom blagdana stigli u Vara\u017edin. Darovi za unuku su gospodina Nenada obradovali, no \u0161okirali su ga ra\u010duni koje je morao platiti. &#8211; Prvi paket bio je kuvertirana [&hellip;]<\/p>\n","protected":false},"author":2,"featured_media":110476,"comment_status":"closed","ping_status":"closed","sticky":false,"template":"","format":"standard","meta":{"h5ap_radio_sources":[],"footnotes":""},"categories":[1],"tags":[],"class_list":["post-110475","post","type-post","status-publish","format-standard","has-post-thumbnail","hentry","category-bihiregija"],"yoast_head":"<!-- This site is optimized with the Yoast SEO plugin v27.4 - https:\/\/yoast.com\/product\/yoast-seo-wordpress\/ -->\n<title>Hrvatska: Primio darove od obitelji iz Australije, \u0161okirali ga ra\u010duni - RADIO LJUBU\u0160KI<\/title>\n<meta name=\"robots\" content=\"index, follow, max-snippet:-1, max-image-preview:large, max-video-preview:-1\" \/>\n<link rel=\"canonical\" href=\"https:\/\/radioljubuski.ba\/index.php\/2022\/01\/31\/hrvatska-primio-darove-od-obitelji-iz-australije-sokirali-ga-racuni\/\" \/>\n<meta property=\"og:locale\" content=\"hr_HR\" \/>\n<meta property=\"og:type\" content=\"article\" \/>\n<meta property=\"og:title\" content=\"Hrvatska: Primio darove od obitelji iz Australije, \u0161okirali ga ra\u010duni - RADIO LJUBU\u0160KI\" \/>\n<meta property=\"og:description\" content=\"Uo\u010di bo\u017ei\u0107nih i novogodi\u0161njih blagdana jedna je po\u0161iljka s nekoliko igra\u010daka i poklona poslana iz australskog Melbournea, druga pak iz Sydneya. Ti paketi putovali su tri tjedna i tijekom blagdana stigli u Vara\u017edin. Darovi za unuku su gospodina Nenada obradovali, no \u0161okirali su ga ra\u010duni koje je morao platiti. &#8211; Prvi paket bio je kuvertirana [&hellip;]\" \/>\n<meta property=\"og:url\" content=\"https:\/\/radioljubuski.ba\/index.php\/2022\/01\/31\/hrvatska-primio-darove-od-obitelji-iz-australije-sokirali-ga-racuni\/\" \/>\n<meta property=\"og:site_name\" content=\"RADIO LJUBU\u0160KI\" \/>\n<meta property=\"article:publisher\" content=\"https:\/\/www.facebook.com\/Radiio-Ljubuski-1490835324566332\" \/>\n<meta property=\"article:published_time\" content=\"2022-01-31T10:48:18+00:00\" \/>\n<meta property=\"article:modified_time\" content=\"2022-01-31T10:48:19+00:00\" \/>\n<meta property=\"og:image\" content=\"https:\/\/radioljubuski.ba\/wp-content\/uploads\/2022\/01\/2-2022-01-29-16-44-11-poklon.jpg\" \/>\n\t<meta property=\"og:image:width\" content=\"1000\" \/>\n\t<meta property=\"og:image:height\" content=\"625\" \/>\n\t<meta property=\"og:image:type\" content=\"image\/jpeg\" \/>\n<meta name=\"author\" content=\"Radio Ljubu\u0161ki\" \/>\n<meta name=\"twitter:card\" content=\"summary_large_image\" \/>\n<meta name=\"twitter:creator\" content=\"@radioljubuski\" \/>\n<meta name=\"twitter:site\" content=\"@radioljubuski\" \/>\n<meta name=\"twitter:label1\" content=\"Napisao\/la\" \/>\n\t<meta name=\"twitter:data1\" content=\"Radio Ljubu\u0161ki\" \/>\n\t<meta name=\"twitter:label2\" content=\"Procijenjeno vrijeme \u010ditanja\" \/>\n\t<meta name=\"twitter:data2\" content=\"3 minute\" \/>\n<script type=\"application\/ld+json\" class=\"yoast-schema-graph\">{\"@context\":\"https:\\\/\\\/schema.org\",\"@graph\":[{\"@type\":\"Article\",\"@id\":\"https:\\\/\\\/radioljubuski.ba\\\/index.php\\\/2022\\\/01\\\/31\\\/hrvatska-primio-darove-od-obitelji-iz-australije-sokirali-ga-racuni\\\/#article\",\"isPartOf\":{\"@id\":\"https:\\\/\\\/radioljubuski.ba\\\/index.php\\\/2022\\\/01\\\/31\\\/hrvatska-primio-darove-od-obitelji-iz-australije-sokirali-ga-racuni\\\/\"},\"author\":{\"name\":\"Radio Ljubu\u0161ki\",\"@id\":\"https:\\\/\\\/radioljubuski.ba\\\/#\\\/schema\\\/person\\\/19fc700381a780f69665d7956c469e3b\"},\"headline\":\"Hrvatska: Primio darove od obitelji iz Australije, \u0161okirali ga ra\u010duni\",\"datePublished\":\"2022-01-31T10:48:18+00:00\",\"dateModified\":\"2022-01-31T10:48:19+00:00\",\"mainEntityOfPage\":{\"@id\":\"https:\\\/\\\/radioljubuski.ba\\\/index.php\\\/2022\\\/01\\\/31\\\/hrvatska-primio-darove-od-obitelji-iz-australije-sokirali-ga-racuni\\\/\"},\"wordCount\":557,\"publisher\":{\"@id\":\"https:\\\/\\\/radioljubuski.ba\\\/#organization\"},\"image\":{\"@id\":\"https:\\\/\\\/radioljubuski.ba\\\/index.php\\\/2022\\\/01\\\/31\\\/hrvatska-primio-darove-od-obitelji-iz-australije-sokirali-ga-racuni\\\/#primaryimage\"},\"thumbnailUrl\":\"https:\\\/\\\/radioljubuski.ba\\\/wp-content\\\/uploads\\\/2022\\\/01\\\/2-2022-01-29-16-44-11-poklon.jpg\",\"articleSection\":[\"BIH i regija\"],\"inLanguage\":\"hr\"},{\"@type\":\"WebPage\",\"@id\":\"https:\\\/\\\/radioljubuski.ba\\\/index.php\\\/2022\\\/01\\\/31\\\/hrvatska-primio-darove-od-obitelji-iz-australije-sokirali-ga-racuni\\\/\",\"url\":\"https:\\\/\\\/radioljubuski.ba\\\/index.php\\\/2022\\\/01\\\/31\\\/hrvatska-primio-darove-od-obitelji-iz-australije-sokirali-ga-racuni\\\/\",\"name\":\"Hrvatska: Primio darove od obitelji iz Australije, \u0161okirali ga ra\u010duni - RADIO LJUBU\u0160KI\",\"isPartOf\":{\"@id\":\"https:\\\/\\\/radioljubuski.ba\\\/#website\"},\"primaryImageOfPage\":{\"@id\":\"https:\\\/\\\/radioljubuski.ba\\\/index.php\\\/2022\\\/01\\\/31\\\/hrvatska-primio-darove-od-obitelji-iz-australije-sokirali-ga-racuni\\\/#primaryimage\"},\"image\":{\"@id\":\"https:\\\/\\\/radioljubuski.ba\\\/index.php\\\/2022\\\/01\\\/31\\\/hrvatska-primio-darove-od-obitelji-iz-australije-sokirali-ga-racuni\\\/#primaryimage\"},\"thumbnailUrl\":\"https:\\\/\\\/radioljubuski.ba\\\/wp-content\\\/uploads\\\/2022\\\/01\\\/2-2022-01-29-16-44-11-poklon.jpg\",\"datePublished\":\"2022-01-31T10:48:18+00:00\",\"dateModified\":\"2022-01-31T10:48:19+00:00\",\"breadcrumb\":{\"@id\":\"https:\\\/\\\/radioljubuski.ba\\\/index.php\\\/2022\\\/01\\\/31\\\/hrvatska-primio-darove-od-obitelji-iz-australije-sokirali-ga-racuni\\\/#breadcrumb\"},\"inLanguage\":\"hr\",\"potentialAction\":[{\"@type\":\"ReadAction\",\"target\":[\"https:\\\/\\\/radioljubuski.ba\\\/index.php\\\/2022\\\/01\\\/31\\\/hrvatska-primio-darove-od-obitelji-iz-australije-sokirali-ga-racuni\\\/\"]}]},{\"@type\":\"ImageObject\",\"inLanguage\":\"hr\",\"@id\":\"https:\\\/\\\/radioljubuski.ba\\\/index.php\\\/2022\\\/01\\\/31\\\/hrvatska-primio-darove-od-obitelji-iz-australije-sokirali-ga-racuni\\\/#primaryimage\",\"url\":\"https:\\\/\\\/radioljubuski.ba\\\/wp-content\\\/uploads\\\/2022\\\/01\\\/2-2022-01-29-16-44-11-poklon.jpg\",\"contentUrl\":\"https:\\\/\\\/radioljubuski.ba\\\/wp-content\\\/uploads\\\/2022\\\/01\\\/2-2022-01-29-16-44-11-poklon.jpg\",\"width\":1000,\"height\":625},{\"@type\":\"BreadcrumbList\",\"@id\":\"https:\\\/\\\/radioljubuski.ba\\\/index.php\\\/2022\\\/01\\\/31\\\/hrvatska-primio-darove-od-obitelji-iz-australije-sokirali-ga-racuni\\\/#breadcrumb\",\"itemListElement\":[{\"@type\":\"ListItem\",\"position\":1,\"name\":\"Po\u010detna stranica\",\"item\":\"https:\\\/\\\/radioljubuski.ba\\\/\"},{\"@type\":\"ListItem\",\"position\":2,\"name\":\"Hrvatska: Primio darove od obitelji iz Australije, \u0161okirali ga ra\u010duni\"}]},{\"@type\":\"WebSite\",\"@id\":\"https:\\\/\\\/radioljubuski.ba\\\/#website\",\"url\":\"https:\\\/\\\/radioljubuski.ba\\\/\",\"name\":\"Radio Ljubu\u0161ki\",\"description\":\"Sun\u010dana frekvencija Hercegovine\",\"publisher\":{\"@id\":\"https:\\\/\\\/radioljubuski.ba\\\/#organization\"},\"potentialAction\":[{\"@type\":\"SearchAction\",\"target\":{\"@type\":\"EntryPoint\",\"urlTemplate\":\"https:\\\/\\\/radioljubuski.ba\\\/?s={search_term_string}\"},\"query-input\":{\"@type\":\"PropertyValueSpecification\",\"valueRequired\":true,\"valueName\":\"search_term_string\"}}],\"inLanguage\":\"hr\"},{\"@type\":\"Organization\",\"@id\":\"https:\\\/\\\/radioljubuski.ba\\\/#organization\",\"name\":\"Radio Ljubu\u0161ki\",\"url\":\"https:\\\/\\\/radioljubuski.ba\\\/\",\"logo\":{\"@type\":\"ImageObject\",\"inLanguage\":\"hr\",\"@id\":\"https:\\\/\\\/radioljubuski.ba\\\/#\\\/schema\\\/logo\\\/image\\\/\",\"url\":\"https:\\\/\\\/radioljubuski.ba\\\/wp-content\\\/uploads\\\/2021\\\/02\\\/cropped-Radio_Ljubuski_logo1.jpg\",\"contentUrl\":\"https:\\\/\\\/radioljubuski.ba\\\/wp-content\\\/uploads\\\/2021\\\/02\\\/cropped-Radio_Ljubuski_logo1.jpg\",\"width\":512,\"height\":512,\"caption\":\"Radio Ljubu\u0161ki\"},\"image\":{\"@id\":\"https:\\\/\\\/radioljubuski.ba\\\/#\\\/schema\\\/logo\\\/image\\\/\"},\"sameAs\":[\"https:\\\/\\\/www.facebook.com\\\/Radiio-Ljubuski-1490835324566332\",\"https:\\\/\\\/x.com\\\/radioljubuski\",\"https:\\\/\\\/hr.linkedin.com\\\/company\\\/radio-ljubuski\",\"https:\\\/\\\/www.youtube.com\\\/channel\\\/UCHYaeO_n0Db3tjNGudGpXyw\"]},{\"@type\":\"Person\",\"@id\":\"https:\\\/\\\/radioljubuski.ba\\\/#\\\/schema\\\/person\\\/19fc700381a780f69665d7956c469e3b\",\"name\":\"Radio Ljubu\u0161ki\"}]}<\/script>\n<!-- \/ Yoast SEO plugin. -->","yoast_head_json":{"title":"Hrvatska: Primio darove od obitelji iz Australije, \u0161okirali ga ra\u010duni - RADIO LJUBU\u0160KI","robots":{"index":"index","follow":"follow","max-snippet":"max-snippet:-1","max-image-preview":"max-image-preview:large","max-video-preview":"max-video-preview:-1"},"canonical":"https:\/\/radioljubuski.ba\/index.php\/2022\/01\/31\/hrvatska-primio-darove-od-obitelji-iz-australije-sokirali-ga-racuni\/","og_locale":"hr_HR","og_type":"article","og_title":"Hrvatska: Primio darove od obitelji iz Australije, \u0161okirali ga ra\u010duni - RADIO LJUBU\u0160KI","og_description":"Uo\u010di bo\u017ei\u0107nih i novogodi\u0161njih blagdana jedna je po\u0161iljka s nekoliko igra\u010daka i poklona poslana iz australskog Melbournea, druga pak iz Sydneya. Ti paketi putovali su tri tjedna i tijekom blagdana stigli u Vara\u017edin. Darovi za unuku su gospodina Nenada obradovali, no \u0161okirali su ga ra\u010duni koje je morao platiti. &#8211; Prvi paket bio je kuvertirana [&hellip;]","og_url":"https:\/\/radioljubuski.ba\/index.php\/2022\/01\/31\/hrvatska-primio-darove-od-obitelji-iz-australije-sokirali-ga-racuni\/","og_site_name":"RADIO LJUBU\u0160KI","article_publisher":"https:\/\/www.facebook.com\/Radiio-Ljubuski-1490835324566332","article_published_time":"2022-01-31T10:48:18+00:00","article_modified_time":"2022-01-31T10:48:19+00:00","og_image":[{"width":1000,"height":625,"url":"https:\/\/radioljubuski.ba\/wp-content\/uploads\/2022\/01\/2-2022-01-29-16-44-11-poklon.jpg","type":"image\/jpeg"}],"author":"Radio Ljubu\u0161ki","twitter_card":"summary_large_image","twitter_creator":"@radioljubuski","twitter_site":"@radioljubuski","twitter_misc":{"Napisao\/la":"Radio Ljubu\u0161ki","Procijenjeno vrijeme \u010ditanja":"3 minute"},"schema":{"@context":"https:\/\/schema.org","@graph":[{"@type":"Article","@id":"https:\/\/radioljubuski.ba\/index.php\/2022\/01\/31\/hrvatska-primio-darove-od-obitelji-iz-australije-sokirali-ga-racuni\/#article","isPartOf":{"@id":"https:\/\/radioljubuski.ba\/index.php\/2022\/01\/31\/hrvatska-primio-darove-od-obitelji-iz-australije-sokirali-ga-racuni\/"},"author":{"name":"Radio Ljubu\u0161ki","@id":"https:\/\/radioljubuski.ba\/#\/schema\/person\/19fc700381a780f69665d7956c469e3b"},"headline":"Hrvatska: Primio darove od obitelji iz Australije, \u0161okirali ga ra\u010duni","datePublished":"2022-01-31T10:48:18+00:00","dateModified":"2022-01-31T10:48:19+00:00","mainEntityOfPage":{"@id":"https:\/\/radioljubuski.ba\/index.php\/2022\/01\/31\/hrvatska-primio-darove-od-obitelji-iz-australije-sokirali-ga-racuni\/"},"wordCount":557,"publisher":{"@id":"https:\/\/radioljubuski.ba\/#organization"},"image":{"@id":"https:\/\/radioljubuski.ba\/index.php\/2022\/01\/31\/hrvatska-primio-darove-od-obitelji-iz-australije-sokirali-ga-racuni\/#primaryimage"},"thumbnailUrl":"https:\/\/radioljubuski.ba\/wp-content\/uploads\/2022\/01\/2-2022-01-29-16-44-11-poklon.jpg","articleSection":["BIH i regija"],"inLanguage":"hr"},{"@type":"WebPage","@id":"https:\/\/radioljubuski.ba\/index.php\/2022\/01\/31\/hrvatska-primio-darove-od-obitelji-iz-australije-sokirali-ga-racuni\/","url":"https:\/\/radioljubuski.ba\/index.php\/2022\/01\/31\/hrvatska-primio-darove-od-obitelji-iz-australije-sokirali-ga-racuni\/","name":"Hrvatska: Primio darove od obitelji iz Australije, \u0161okirali ga ra\u010duni - RADIO LJUBU\u0160KI","isPartOf":{"@id":"https:\/\/radioljubuski.ba\/#website"},"primaryImageOfPage":{"@id":"https:\/\/radioljubuski.ba\/index.php\/2022\/01\/31\/hrvatska-primio-darove-od-obitelji-iz-australije-sokirali-ga-racuni\/#primaryimage"},"image":{"@id":"https:\/\/radioljubuski.ba\/index.php\/2022\/01\/31\/hrvatska-primio-darove-od-obitelji-iz-australije-sokirali-ga-racuni\/#primaryimage"},"thumbnailUrl":"https:\/\/radioljubuski.ba\/wp-content\/uploads\/2022\/01\/2-2022-01-29-16-44-11-poklon.jpg","datePublished":"2022-01-31T10:48:18+00:00","dateModified":"2022-01-31T10:48:19+00:00","breadcrumb":{"@id":"https:\/\/radioljubuski.ba\/index.php\/2022\/01\/31\/hrvatska-primio-darove-od-obitelji-iz-australije-sokirali-ga-racuni\/#breadcrumb"},"inLanguage":"hr","potentialAction":[{"@type":"ReadAction","target":["https:\/\/radioljubuski.ba\/index.php\/2022\/01\/31\/hrvatska-primio-darove-od-obitelji-iz-australije-sokirali-ga-racuni\/"]}]},{"@type":"ImageObject","inLanguage":"hr","@id":"https:\/\/radioljubuski.ba\/index.php\/2022\/01\/31\/hrvatska-primio-darove-od-obitelji-iz-australije-sokirali-ga-racuni\/#primaryimage","url":"https:\/\/radioljubuski.ba\/wp-content\/uploads\/2022\/01\/2-2022-01-29-16-44-11-poklon.jpg","contentUrl":"https:\/\/radioljubuski.ba\/wp-content\/uploads\/2022\/01\/2-2022-01-29-16-44-11-poklon.jpg","width":1000,"height":625},{"@type":"BreadcrumbList","@id":"https:\/\/radioljubuski.ba\/index.php\/2022\/01\/31\/hrvatska-primio-darove-od-obitelji-iz-australije-sokirali-ga-racuni\/#breadcrumb","itemListElement":[{"@type":"ListItem","position":1,"name":"Po\u010detna stranica","item":"https:\/\/radioljubuski.ba\/"},{"@type":"ListItem","position":2,"name":"Hrvatska: Primio darove od obitelji iz Australije, \u0161okirali ga ra\u010duni"}]},{"@type":"WebSite","@id":"https:\/\/radioljubuski.ba\/#website","url":"https:\/\/radioljubuski.ba\/","name":"Radio Ljubu\u0161ki","description":"Sun\u010dana frekvencija Hercegovine","publisher":{"@id":"https:\/\/radioljubuski.ba\/#organization"},"potentialAction":[{"@type":"SearchAction","target":{"@type":"EntryPoint","urlTemplate":"https:\/\/radioljubuski.ba\/?s={search_term_string}"},"query-input":{"@type":"PropertyValueSpecification","valueRequired":true,"valueName":"search_term_string"}}],"inLanguage":"hr"},{"@type":"Organization","@id":"https:\/\/radioljubuski.ba\/#organization","name":"Radio Ljubu\u0161ki","url":"https:\/\/radioljubuski.ba\/","logo":{"@type":"ImageObject","inLanguage":"hr","@id":"https:\/\/radioljubuski.ba\/#\/schema\/logo\/image\/","url":"https:\/\/radioljubuski.ba\/wp-content\/uploads\/2021\/02\/cropped-Radio_Ljubuski_logo1.jpg","contentUrl":"https:\/\/radioljubuski.ba\/wp-content\/uploads\/2021\/02\/cropped-Radio_Ljubuski_logo1.jpg","width":512,"height":512,"caption":"Radio Ljubu\u0161ki"},"image":{"@id":"https:\/\/radioljubuski.ba\/#\/schema\/logo\/image\/"},"sameAs":["https:\/\/www.facebook.com\/Radiio-Ljubuski-1490835324566332","https:\/\/x.com\/radioljubuski","https:\/\/hr.linkedin.com\/company\/radio-ljubuski","https:\/\/www.youtube.com\/channel\/UCHYaeO_n0Db3tjNGudGpXyw"]},{"@type":"Person","@id":"https:\/\/radioljubuski.ba\/#\/schema\/person\/19fc700381a780f69665d7956c469e3b","name":"Radio Ljubu\u0161ki"}]}},"_links":{"self":[{"href":"https:\/\/radioljubuski.ba\/index.php\/wp-json\/wp\/v2\/posts\/110475","targetHints":{"allow":["GET"]}}],"collection":[{"href":"https:\/\/radioljubuski.ba\/index.php\/wp-json\/wp\/v2\/posts"}],"about":[{"href":"https:\/\/radioljubuski.ba\/index.php\/wp-json\/wp\/v2\/types\/post"}],"author":[{"embeddable":true,"href":"https:\/\/radioljubuski.ba\/index.php\/wp-json\/wp\/v2\/users\/2"}],"replies":[{"embeddable":true,"href":"https:\/\/radioljubuski.ba\/index.php\/wp-json\/wp\/v2\/comments?post=110475"}],"version-history":[{"count":1,"href":"https:\/\/radioljubuski.ba\/index.php\/wp-json\/wp\/v2\/posts\/110475\/revisions"}],"predecessor-version":[{"id":110477,"href":"https:\/\/radioljubuski.ba\/index.php\/wp-json\/wp\/v2\/posts\/110475\/revisions\/110477"}],"wp:featuredmedia":[{"embeddable":true,"href":"https:\/\/radioljubuski.ba\/index.php\/wp-json\/wp\/v2\/media\/110476"}],"wp:attachment":[{"href":"https:\/\/radioljubuski.ba\/index.php\/wp-json\/wp\/v2\/media?parent=110475"}],"wp:term":[{"taxonomy":"category","embeddable":true,"href":"https:\/\/radioljubuski.ba\/index.php\/wp-json\/wp\/v2\/categories?post=110475"},{"taxonomy":"post_tag","embeddable":true,"href":"https:\/\/radioljubuski.ba\/index.php\/wp-json\/wp\/v2\/tags?post=110475"}],"curies":[{"name":"wp","href":"https:\/\/api.w.org\/{rel}","templated":true}]}}