{"id":110586,"date":"2022-01-31T13:53:11","date_gmt":"2022-01-31T12:53:11","guid":{"rendered":"https:\/\/radioljubuski.ba\/?p=110586"},"modified":"2022-01-31T13:53:12","modified_gmt":"2022-01-31T12:53:12","slug":"u-hrvatskoj-otkrivena-podvarijanta-omikrona-ba-2","status":"publish","type":"post","link":"https:\/\/radioljubuski.ba\/index.php\/2022\/01\/31\/u-hrvatskoj-otkrivena-podvarijanta-omikrona-ba-2\/","title":{"rendered":"U Hrvatskoj otkrivena podvarijanta omikrona BA.2"},"content":{"rendered":"\n<p>Nakon \u0161to su u Sloveniji u \u010detvrtak potvr\u0111ena dva slu\u010daja nove podvarijante omikron virusa, nazvane BA.2, iz HZJZ-a sti\u017ee potvrda da je podvarijanta otkrivena i u Hrvatskoj.<\/p>\n\n\n\n<p>Kako je potvrdila zamjenica ravnatelja HZJZ-a Ivana Pavi\u0107-\u0160imetin za <a href=\"https:\/\/hr.n1info.com\/vijesti\/potvrdeno-za-n1-u-hrvatskoj-otkrivena-podvarijanta-omikrona-ba-2\/\" target=\"_blank\" rel=\"noreferrer noopener\">N1<\/a>, u Hrvatskoj imamo jedan potvr\u0111eni slu\u010daj zaraze varijantom BA.2.<\/p>\n\n\n\n<p>Spomenuta podvarijanta prije toga ve\u0107 je zabilje\u017eena u Danskoj i njene karakteristike jo\u0161 nisu istra\u017eene i jasne, no po nekim podacima jo\u0161 je zaraznija od prija\u0161njih sojeva, ali ne izaziva ja\u010de simptome, prenijeli su slovenski mediji.<\/p>\n\n\n\n<p>Podvrstom BA.2 u Velikoj Britaniji se u prvih deset dana sije\u010dnja zarazilo najmanje 400 ljudi. Postojanje nove podvrste ve\u0107 je dokazano u vi\u0161e od 40 zemalja. Popis PANGO navodi da je 79 posto dosad dokazanih infekcija ovim sojem potvr\u0111eno u Danskoj. Nakon toga slijede Velika Britanija (6%), Indija (5%), \u0160vedska (2%) i Singapur (2%).<\/p>\n\n\n\n<p>Brzo \u0161irenje ove podvrste ukazuje na to da bi ona mogla biti jo\u0161 zaraznija nego prva varijanta soja omikron BA.1. Britanska zdravstvena ustanova UK Health Security Agency (UKHSA) svrstala je BA.2 me\u0111u \u201csojeve koji se promatraju\u201d.<\/p>\n\n\n\n<p>\u201cU naravi je virusa da se razmno\u017eavaju i pritom mutiraju\u201d, rekla je Meera Chand, direktorica u britanskoj zdravstvenoj agenciji. \u201cZato se mo\u017ee o\u010dekivati da \u0107e biti jo\u0161 sojeva dok traje pandemija.\u201d<\/p>\n\n\n\n<p>Izvor:N1<\/p>\n","protected":false},"excerpt":{"rendered":"<p>Nakon \u0161to su u Sloveniji u \u010detvrtak potvr\u0111ena dva slu\u010daja nove podvarijante omikron virusa, nazvane BA.2, iz HZJZ-a sti\u017ee potvrda da je podvarijanta otkrivena i u Hrvatskoj. Kako je potvrdila zamjenica ravnatelja HZJZ-a Ivana Pavi\u0107-\u0160imetin za N1, u Hrvatskoj imamo jedan potvr\u0111eni slu\u010daj zaraze varijantom BA.2. Spomenuta podvarijanta prije toga ve\u0107 je zabilje\u017eena u Danskoj [&hellip;]<\/p>\n","protected":false},"author":2,"featured_media":110587,"comment_status":"closed","ping_status":"closed","sticky":false,"template":"","format":"standard","meta":{"h5ap_radio_sources":[],"footnotes":""},"categories":[1],"tags":[],"class_list":["post-110586","post","type-post","status-publish","format-standard","has-post-thumbnail","hentry","category-bihiregija"],"yoast_head":"<!-- This site is optimized with the Yoast SEO plugin v27.4 - https:\/\/yoast.com\/product\/yoast-seo-wordpress\/ -->\n<title>U Hrvatskoj otkrivena podvarijanta omikrona BA.2 - RADIO LJUBU\u0160KI<\/title>\n<meta name=\"robots\" content=\"index, follow, max-snippet:-1, max-image-preview:large, max-video-preview:-1\" \/>\n<link rel=\"canonical\" href=\"https:\/\/radioljubuski.ba\/index.php\/2022\/01\/31\/u-hrvatskoj-otkrivena-podvarijanta-omikrona-ba-2\/\" \/>\n<meta property=\"og:locale\" content=\"hr_HR\" \/>\n<meta property=\"og:type\" content=\"article\" \/>\n<meta property=\"og:title\" content=\"U Hrvatskoj otkrivena podvarijanta omikrona BA.2 - RADIO LJUBU\u0160KI\" \/>\n<meta property=\"og:description\" content=\"Nakon \u0161to su u Sloveniji u \u010detvrtak potvr\u0111ena dva slu\u010daja nove podvarijante omikron virusa, nazvane BA.2, iz HZJZ-a sti\u017ee potvrda da je podvarijanta otkrivena i u Hrvatskoj. Kako je potvrdila zamjenica ravnatelja HZJZ-a Ivana Pavi\u0107-\u0160imetin za N1, u Hrvatskoj imamo jedan potvr\u0111eni slu\u010daj zaraze varijantom BA.2. Spomenuta podvarijanta prije toga ve\u0107 je zabilje\u017eena u Danskoj [&hellip;]\" \/>\n<meta property=\"og:url\" content=\"https:\/\/radioljubuski.ba\/index.php\/2022\/01\/31\/u-hrvatskoj-otkrivena-podvarijanta-omikrona-ba-2\/\" \/>\n<meta property=\"og:site_name\" content=\"RADIO LJUBU\u0160KI\" \/>\n<meta property=\"article:publisher\" content=\"https:\/\/www.facebook.com\/Radiio-Ljubuski-1490835324566332\" \/>\n<meta property=\"article:published_time\" content=\"2022-01-31T12:53:11+00:00\" \/>\n<meta property=\"article:modified_time\" content=\"2022-01-31T12:53:12+00:00\" \/>\n<meta property=\"og:image\" content=\"https:\/\/radioljubuski.ba\/wp-content\/uploads\/2022\/01\/8-2022-01-04-16-47-18-test-korona-1.jpg\" \/>\n\t<meta property=\"og:image:width\" content=\"1000\" \/>\n\t<meta property=\"og:image:height\" content=\"625\" \/>\n\t<meta property=\"og:image:type\" content=\"image\/jpeg\" \/>\n<meta name=\"author\" content=\"Radio Ljubu\u0161ki\" \/>\n<meta name=\"twitter:card\" content=\"summary_large_image\" \/>\n<meta name=\"twitter:creator\" content=\"@radioljubuski\" \/>\n<meta name=\"twitter:site\" content=\"@radioljubuski\" \/>\n<meta name=\"twitter:label1\" content=\"Napisao\/la\" \/>\n\t<meta name=\"twitter:data1\" content=\"Radio Ljubu\u0161ki\" \/>\n\t<meta name=\"twitter:label2\" content=\"Procijenjeno vrijeme \u010ditanja\" \/>\n\t<meta name=\"twitter:data2\" content=\"1 minuta\" \/>\n<script type=\"application\/ld+json\" class=\"yoast-schema-graph\">{\"@context\":\"https:\\\/\\\/schema.org\",\"@graph\":[{\"@type\":\"Article\",\"@id\":\"https:\\\/\\\/radioljubuski.ba\\\/index.php\\\/2022\\\/01\\\/31\\\/u-hrvatskoj-otkrivena-podvarijanta-omikrona-ba-2\\\/#article\",\"isPartOf\":{\"@id\":\"https:\\\/\\\/radioljubuski.ba\\\/index.php\\\/2022\\\/01\\\/31\\\/u-hrvatskoj-otkrivena-podvarijanta-omikrona-ba-2\\\/\"},\"author\":{\"name\":\"Radio Ljubu\u0161ki\",\"@id\":\"https:\\\/\\\/radioljubuski.ba\\\/#\\\/schema\\\/person\\\/19fc700381a780f69665d7956c469e3b\"},\"headline\":\"U Hrvatskoj otkrivena podvarijanta omikrona BA.2\",\"datePublished\":\"2022-01-31T12:53:11+00:00\",\"dateModified\":\"2022-01-31T12:53:12+00:00\",\"mainEntityOfPage\":{\"@id\":\"https:\\\/\\\/radioljubuski.ba\\\/index.php\\\/2022\\\/01\\\/31\\\/u-hrvatskoj-otkrivena-podvarijanta-omikrona-ba-2\\\/\"},\"wordCount\":222,\"publisher\":{\"@id\":\"https:\\\/\\\/radioljubuski.ba\\\/#organization\"},\"image\":{\"@id\":\"https:\\\/\\\/radioljubuski.ba\\\/index.php\\\/2022\\\/01\\\/31\\\/u-hrvatskoj-otkrivena-podvarijanta-omikrona-ba-2\\\/#primaryimage\"},\"thumbnailUrl\":\"https:\\\/\\\/radioljubuski.ba\\\/wp-content\\\/uploads\\\/2022\\\/01\\\/8-2022-01-04-16-47-18-test-korona-1.jpg\",\"articleSection\":[\"BIH i regija\"],\"inLanguage\":\"hr\"},{\"@type\":\"WebPage\",\"@id\":\"https:\\\/\\\/radioljubuski.ba\\\/index.php\\\/2022\\\/01\\\/31\\\/u-hrvatskoj-otkrivena-podvarijanta-omikrona-ba-2\\\/\",\"url\":\"https:\\\/\\\/radioljubuski.ba\\\/index.php\\\/2022\\\/01\\\/31\\\/u-hrvatskoj-otkrivena-podvarijanta-omikrona-ba-2\\\/\",\"name\":\"U Hrvatskoj otkrivena podvarijanta omikrona BA.2 - RADIO LJUBU\u0160KI\",\"isPartOf\":{\"@id\":\"https:\\\/\\\/radioljubuski.ba\\\/#website\"},\"primaryImageOfPage\":{\"@id\":\"https:\\\/\\\/radioljubuski.ba\\\/index.php\\\/2022\\\/01\\\/31\\\/u-hrvatskoj-otkrivena-podvarijanta-omikrona-ba-2\\\/#primaryimage\"},\"image\":{\"@id\":\"https:\\\/\\\/radioljubuski.ba\\\/index.php\\\/2022\\\/01\\\/31\\\/u-hrvatskoj-otkrivena-podvarijanta-omikrona-ba-2\\\/#primaryimage\"},\"thumbnailUrl\":\"https:\\\/\\\/radioljubuski.ba\\\/wp-content\\\/uploads\\\/2022\\\/01\\\/8-2022-01-04-16-47-18-test-korona-1.jpg\",\"datePublished\":\"2022-01-31T12:53:11+00:00\",\"dateModified\":\"2022-01-31T12:53:12+00:00\",\"breadcrumb\":{\"@id\":\"https:\\\/\\\/radioljubuski.ba\\\/index.php\\\/2022\\\/01\\\/31\\\/u-hrvatskoj-otkrivena-podvarijanta-omikrona-ba-2\\\/#breadcrumb\"},\"inLanguage\":\"hr\",\"potentialAction\":[{\"@type\":\"ReadAction\",\"target\":[\"https:\\\/\\\/radioljubuski.ba\\\/index.php\\\/2022\\\/01\\\/31\\\/u-hrvatskoj-otkrivena-podvarijanta-omikrona-ba-2\\\/\"]}]},{\"@type\":\"ImageObject\",\"inLanguage\":\"hr\",\"@id\":\"https:\\\/\\\/radioljubuski.ba\\\/index.php\\\/2022\\\/01\\\/31\\\/u-hrvatskoj-otkrivena-podvarijanta-omikrona-ba-2\\\/#primaryimage\",\"url\":\"https:\\\/\\\/radioljubuski.ba\\\/wp-content\\\/uploads\\\/2022\\\/01\\\/8-2022-01-04-16-47-18-test-korona-1.jpg\",\"contentUrl\":\"https:\\\/\\\/radioljubuski.ba\\\/wp-content\\\/uploads\\\/2022\\\/01\\\/8-2022-01-04-16-47-18-test-korona-1.jpg\",\"width\":1000,\"height\":625},{\"@type\":\"BreadcrumbList\",\"@id\":\"https:\\\/\\\/radioljubuski.ba\\\/index.php\\\/2022\\\/01\\\/31\\\/u-hrvatskoj-otkrivena-podvarijanta-omikrona-ba-2\\\/#breadcrumb\",\"itemListElement\":[{\"@type\":\"ListItem\",\"position\":1,\"name\":\"Po\u010detna stranica\",\"item\":\"https:\\\/\\\/radioljubuski.ba\\\/\"},{\"@type\":\"ListItem\",\"position\":2,\"name\":\"U Hrvatskoj otkrivena podvarijanta omikrona BA.2\"}]},{\"@type\":\"WebSite\",\"@id\":\"https:\\\/\\\/radioljubuski.ba\\\/#website\",\"url\":\"https:\\\/\\\/radioljubuski.ba\\\/\",\"name\":\"Radio Ljubu\u0161ki\",\"description\":\"Sun\u010dana frekvencija Hercegovine\",\"publisher\":{\"@id\":\"https:\\\/\\\/radioljubuski.ba\\\/#organization\"},\"potentialAction\":[{\"@type\":\"SearchAction\",\"target\":{\"@type\":\"EntryPoint\",\"urlTemplate\":\"https:\\\/\\\/radioljubuski.ba\\\/?s={search_term_string}\"},\"query-input\":{\"@type\":\"PropertyValueSpecification\",\"valueRequired\":true,\"valueName\":\"search_term_string\"}}],\"inLanguage\":\"hr\"},{\"@type\":\"Organization\",\"@id\":\"https:\\\/\\\/radioljubuski.ba\\\/#organization\",\"name\":\"Radio Ljubu\u0161ki\",\"url\":\"https:\\\/\\\/radioljubuski.ba\\\/\",\"logo\":{\"@type\":\"ImageObject\",\"inLanguage\":\"hr\",\"@id\":\"https:\\\/\\\/radioljubuski.ba\\\/#\\\/schema\\\/logo\\\/image\\\/\",\"url\":\"https:\\\/\\\/radioljubuski.ba\\\/wp-content\\\/uploads\\\/2021\\\/02\\\/cropped-Radio_Ljubuski_logo1.jpg\",\"contentUrl\":\"https:\\\/\\\/radioljubuski.ba\\\/wp-content\\\/uploads\\\/2021\\\/02\\\/cropped-Radio_Ljubuski_logo1.jpg\",\"width\":512,\"height\":512,\"caption\":\"Radio Ljubu\u0161ki\"},\"image\":{\"@id\":\"https:\\\/\\\/radioljubuski.ba\\\/#\\\/schema\\\/logo\\\/image\\\/\"},\"sameAs\":[\"https:\\\/\\\/www.facebook.com\\\/Radiio-Ljubuski-1490835324566332\",\"https:\\\/\\\/x.com\\\/radioljubuski\",\"https:\\\/\\\/hr.linkedin.com\\\/company\\\/radio-ljubuski\",\"https:\\\/\\\/www.youtube.com\\\/channel\\\/UCHYaeO_n0Db3tjNGudGpXyw\"]},{\"@type\":\"Person\",\"@id\":\"https:\\\/\\\/radioljubuski.ba\\\/#\\\/schema\\\/person\\\/19fc700381a780f69665d7956c469e3b\",\"name\":\"Radio Ljubu\u0161ki\"}]}<\/script>\n<!-- \/ Yoast SEO plugin. -->","yoast_head_json":{"title":"U Hrvatskoj otkrivena podvarijanta omikrona BA.2 - RADIO LJUBU\u0160KI","robots":{"index":"index","follow":"follow","max-snippet":"max-snippet:-1","max-image-preview":"max-image-preview:large","max-video-preview":"max-video-preview:-1"},"canonical":"https:\/\/radioljubuski.ba\/index.php\/2022\/01\/31\/u-hrvatskoj-otkrivena-podvarijanta-omikrona-ba-2\/","og_locale":"hr_HR","og_type":"article","og_title":"U Hrvatskoj otkrivena podvarijanta omikrona BA.2 - RADIO LJUBU\u0160KI","og_description":"Nakon \u0161to su u Sloveniji u \u010detvrtak potvr\u0111ena dva slu\u010daja nove podvarijante omikron virusa, nazvane BA.2, iz HZJZ-a sti\u017ee potvrda da je podvarijanta otkrivena i u Hrvatskoj. Kako je potvrdila zamjenica ravnatelja HZJZ-a Ivana Pavi\u0107-\u0160imetin za N1, u Hrvatskoj imamo jedan potvr\u0111eni slu\u010daj zaraze varijantom BA.2. Spomenuta podvarijanta prije toga ve\u0107 je zabilje\u017eena u Danskoj [&hellip;]","og_url":"https:\/\/radioljubuski.ba\/index.php\/2022\/01\/31\/u-hrvatskoj-otkrivena-podvarijanta-omikrona-ba-2\/","og_site_name":"RADIO LJUBU\u0160KI","article_publisher":"https:\/\/www.facebook.com\/Radiio-Ljubuski-1490835324566332","article_published_time":"2022-01-31T12:53:11+00:00","article_modified_time":"2022-01-31T12:53:12+00:00","og_image":[{"width":1000,"height":625,"url":"https:\/\/radioljubuski.ba\/wp-content\/uploads\/2022\/01\/8-2022-01-04-16-47-18-test-korona-1.jpg","type":"image\/jpeg"}],"author":"Radio Ljubu\u0161ki","twitter_card":"summary_large_image","twitter_creator":"@radioljubuski","twitter_site":"@radioljubuski","twitter_misc":{"Napisao\/la":"Radio Ljubu\u0161ki","Procijenjeno vrijeme \u010ditanja":"1 minuta"},"schema":{"@context":"https:\/\/schema.org","@graph":[{"@type":"Article","@id":"https:\/\/radioljubuski.ba\/index.php\/2022\/01\/31\/u-hrvatskoj-otkrivena-podvarijanta-omikrona-ba-2\/#article","isPartOf":{"@id":"https:\/\/radioljubuski.ba\/index.php\/2022\/01\/31\/u-hrvatskoj-otkrivena-podvarijanta-omikrona-ba-2\/"},"author":{"name":"Radio Ljubu\u0161ki","@id":"https:\/\/radioljubuski.ba\/#\/schema\/person\/19fc700381a780f69665d7956c469e3b"},"headline":"U Hrvatskoj otkrivena podvarijanta omikrona BA.2","datePublished":"2022-01-31T12:53:11+00:00","dateModified":"2022-01-31T12:53:12+00:00","mainEntityOfPage":{"@id":"https:\/\/radioljubuski.ba\/index.php\/2022\/01\/31\/u-hrvatskoj-otkrivena-podvarijanta-omikrona-ba-2\/"},"wordCount":222,"publisher":{"@id":"https:\/\/radioljubuski.ba\/#organization"},"image":{"@id":"https:\/\/radioljubuski.ba\/index.php\/2022\/01\/31\/u-hrvatskoj-otkrivena-podvarijanta-omikrona-ba-2\/#primaryimage"},"thumbnailUrl":"https:\/\/radioljubuski.ba\/wp-content\/uploads\/2022\/01\/8-2022-01-04-16-47-18-test-korona-1.jpg","articleSection":["BIH i regija"],"inLanguage":"hr"},{"@type":"WebPage","@id":"https:\/\/radioljubuski.ba\/index.php\/2022\/01\/31\/u-hrvatskoj-otkrivena-podvarijanta-omikrona-ba-2\/","url":"https:\/\/radioljubuski.ba\/index.php\/2022\/01\/31\/u-hrvatskoj-otkrivena-podvarijanta-omikrona-ba-2\/","name":"U Hrvatskoj otkrivena podvarijanta omikrona BA.2 - RADIO LJUBU\u0160KI","isPartOf":{"@id":"https:\/\/radioljubuski.ba\/#website"},"primaryImageOfPage":{"@id":"https:\/\/radioljubuski.ba\/index.php\/2022\/01\/31\/u-hrvatskoj-otkrivena-podvarijanta-omikrona-ba-2\/#primaryimage"},"image":{"@id":"https:\/\/radioljubuski.ba\/index.php\/2022\/01\/31\/u-hrvatskoj-otkrivena-podvarijanta-omikrona-ba-2\/#primaryimage"},"thumbnailUrl":"https:\/\/radioljubuski.ba\/wp-content\/uploads\/2022\/01\/8-2022-01-04-16-47-18-test-korona-1.jpg","datePublished":"2022-01-31T12:53:11+00:00","dateModified":"2022-01-31T12:53:12+00:00","breadcrumb":{"@id":"https:\/\/radioljubuski.ba\/index.php\/2022\/01\/31\/u-hrvatskoj-otkrivena-podvarijanta-omikrona-ba-2\/#breadcrumb"},"inLanguage":"hr","potentialAction":[{"@type":"ReadAction","target":["https:\/\/radioljubuski.ba\/index.php\/2022\/01\/31\/u-hrvatskoj-otkrivena-podvarijanta-omikrona-ba-2\/"]}]},{"@type":"ImageObject","inLanguage":"hr","@id":"https:\/\/radioljubuski.ba\/index.php\/2022\/01\/31\/u-hrvatskoj-otkrivena-podvarijanta-omikrona-ba-2\/#primaryimage","url":"https:\/\/radioljubuski.ba\/wp-content\/uploads\/2022\/01\/8-2022-01-04-16-47-18-test-korona-1.jpg","contentUrl":"https:\/\/radioljubuski.ba\/wp-content\/uploads\/2022\/01\/8-2022-01-04-16-47-18-test-korona-1.jpg","width":1000,"height":625},{"@type":"BreadcrumbList","@id":"https:\/\/radioljubuski.ba\/index.php\/2022\/01\/31\/u-hrvatskoj-otkrivena-podvarijanta-omikrona-ba-2\/#breadcrumb","itemListElement":[{"@type":"ListItem","position":1,"name":"Po\u010detna stranica","item":"https:\/\/radioljubuski.ba\/"},{"@type":"ListItem","position":2,"name":"U Hrvatskoj otkrivena podvarijanta omikrona BA.2"}]},{"@type":"WebSite","@id":"https:\/\/radioljubuski.ba\/#website","url":"https:\/\/radioljubuski.ba\/","name":"Radio Ljubu\u0161ki","description":"Sun\u010dana frekvencija Hercegovine","publisher":{"@id":"https:\/\/radioljubuski.ba\/#organization"},"potentialAction":[{"@type":"SearchAction","target":{"@type":"EntryPoint","urlTemplate":"https:\/\/radioljubuski.ba\/?s={search_term_string}"},"query-input":{"@type":"PropertyValueSpecification","valueRequired":true,"valueName":"search_term_string"}}],"inLanguage":"hr"},{"@type":"Organization","@id":"https:\/\/radioljubuski.ba\/#organization","name":"Radio Ljubu\u0161ki","url":"https:\/\/radioljubuski.ba\/","logo":{"@type":"ImageObject","inLanguage":"hr","@id":"https:\/\/radioljubuski.ba\/#\/schema\/logo\/image\/","url":"https:\/\/radioljubuski.ba\/wp-content\/uploads\/2021\/02\/cropped-Radio_Ljubuski_logo1.jpg","contentUrl":"https:\/\/radioljubuski.ba\/wp-content\/uploads\/2021\/02\/cropped-Radio_Ljubuski_logo1.jpg","width":512,"height":512,"caption":"Radio Ljubu\u0161ki"},"image":{"@id":"https:\/\/radioljubuski.ba\/#\/schema\/logo\/image\/"},"sameAs":["https:\/\/www.facebook.com\/Radiio-Ljubuski-1490835324566332","https:\/\/x.com\/radioljubuski","https:\/\/hr.linkedin.com\/company\/radio-ljubuski","https:\/\/www.youtube.com\/channel\/UCHYaeO_n0Db3tjNGudGpXyw"]},{"@type":"Person","@id":"https:\/\/radioljubuski.ba\/#\/schema\/person\/19fc700381a780f69665d7956c469e3b","name":"Radio Ljubu\u0161ki"}]}},"_links":{"self":[{"href":"https:\/\/radioljubuski.ba\/index.php\/wp-json\/wp\/v2\/posts\/110586","targetHints":{"allow":["GET"]}}],"collection":[{"href":"https:\/\/radioljubuski.ba\/index.php\/wp-json\/wp\/v2\/posts"}],"about":[{"href":"https:\/\/radioljubuski.ba\/index.php\/wp-json\/wp\/v2\/types\/post"}],"author":[{"embeddable":true,"href":"https:\/\/radioljubuski.ba\/index.php\/wp-json\/wp\/v2\/users\/2"}],"replies":[{"embeddable":true,"href":"https:\/\/radioljubuski.ba\/index.php\/wp-json\/wp\/v2\/comments?post=110586"}],"version-history":[{"count":1,"href":"https:\/\/radioljubuski.ba\/index.php\/wp-json\/wp\/v2\/posts\/110586\/revisions"}],"predecessor-version":[{"id":110588,"href":"https:\/\/radioljubuski.ba\/index.php\/wp-json\/wp\/v2\/posts\/110586\/revisions\/110588"}],"wp:featuredmedia":[{"embeddable":true,"href":"https:\/\/radioljubuski.ba\/index.php\/wp-json\/wp\/v2\/media\/110587"}],"wp:attachment":[{"href":"https:\/\/radioljubuski.ba\/index.php\/wp-json\/wp\/v2\/media?parent=110586"}],"wp:term":[{"taxonomy":"category","embeddable":true,"href":"https:\/\/radioljubuski.ba\/index.php\/wp-json\/wp\/v2\/categories?post=110586"},{"taxonomy":"post_tag","embeddable":true,"href":"https:\/\/radioljubuski.ba\/index.php\/wp-json\/wp\/v2\/tags?post=110586"}],"curies":[{"name":"wp","href":"https:\/\/api.w.org\/{rel}","templated":true}]}}