{"id":110665,"date":"2022-01-31T23:43:28","date_gmt":"2022-01-31T22:43:28","guid":{"rendered":"https:\/\/radioljubuski.ba\/?p=110665"},"modified":"2022-01-31T23:43:29","modified_gmt":"2022-01-31T22:43:29","slug":"rodilje-u-tuzlanskoj-zupaniji-dobivat-ce-po-1-000-km-mjesecno","status":"publish","type":"post","link":"https:\/\/radioljubuski.ba\/index.php\/2022\/01\/31\/rodilje-u-tuzlanskoj-zupaniji-dobivat-ce-po-1-000-km-mjesecno\/","title":{"rendered":"Rodilje u Tuzlanskoj \u017eupaniji dobivat \u0107e po 1.000 KM mjese\u010dno"},"content":{"rendered":"\n<p>Skup\u0161tina Tuzlanske \u017eupanije danas je jednoglasno usvojila Inicijativu kojom su majke porodilje sa podru\u010dja ove \u017eupanije, izjedna\u010dene sa onima u \u017dupaniji Sarajevu, javlja&nbsp;<a href=\"https:\/\/federalna.ba\/skupstina-tk-jednoglasno-podrzala-inicijativu-da-se-porodiljama-isplacuje-po-1000-km-9qw0r\" target=\"_blank\" rel=\"noreferrer noopener\">Federalna TV.<\/a><\/p>\n\n\n\n<p>Tako \u0107e majke porodilje ostvariti pravo nov\u010danu naknadu u iznosu od 1000 maraka godinu dana.<\/p>\n\n\n\n<p>Tuzlanka Mirha Skaki\u0107 majka je osmomjese\u010dne bebe. Kada bi, ka\u017ee, kao porodilja dobijala naknadu od 1.000 maraka, to bi joj u mnogome olak\u0161alo svakodnevnicu. Izdataka je, ka\u017ee, mnogo, posebno imaju\u0107i u vidu da su cijene svakim danom sve ve\u0107e i ve\u0107e.<\/p>\n\n\n\n<p>\u201eBilo to u vidu bonova, poklon paketa ili direktne financijske pomo\u0107i majci i njenoj obitelji to bi ozna\u010davalo ulaganje u zdravije djetinjstvo i zdraviji socijalni pristup majci i obitelji kao stubu jednog dru\u0161tva\u201c, ka\u017ee Mirha Skaki\u0107.<\/p>\n\n\n\n<p>Bilo kakvo sistemsko ulaganje u ja\u010danje integriteta jedne majke ozna\u010dava odgovor na socijalno goru\u0107a pitanja dru\u0161tva u kojem \u017eivimo, dodaje Mirha. Inicijativa kojom \u0107e majke porodilje imati pravo na iznos od tisu\u0107u maraka 12 mjeseci ranije je za\u017eivjela u Sarajevskoj, a danas i u Tuzlanskoj \u017eupaniji.<\/p>\n\n\n\n<p>\u201eNa\u0161e majke porodilje nisu manje vrijedne od bilo koje majke porodilje na podru\u010dju Bosne i Hercegovine. S tim u vezi mi smo dali inicijativu da na\u0161e majke porodilje i koje su u radnom odnosu i koje nisu imaju istovjetnu naknadu kao u \u017dupaniji Sarajevo, odnosno 1000 maraka\u201c, smatra Mahir Me\u0161ali\u0107, predsjednik DF-a u Skup\u0161tini \u017dS.<\/p>\n\n\n\n<p>Me\u0111utim, i dalje je otvoreno pitanje kada \u0107e Zakon o podr\u0161ci obiteljima s djecom FBiH koji podrazumijeva iste odredbe biti usvojen i za\u017eivjeti u ostalim \u017eupanijama. Za sada je mrtvo slovo na papiru.<\/p>\n\n\n\n<p>Izvor:federalna.ba<\/p>\n","protected":false},"excerpt":{"rendered":"<p>Skup\u0161tina Tuzlanske \u017eupanije danas je jednoglasno usvojila Inicijativu kojom su majke porodilje sa podru\u010dja ove \u017eupanije, izjedna\u010dene sa onima u \u017dupaniji Sarajevu, javlja&nbsp;Federalna TV. Tako \u0107e majke porodilje ostvariti pravo nov\u010danu naknadu u iznosu od 1000 maraka godinu dana. Tuzlanka Mirha Skaki\u0107 majka je osmomjese\u010dne bebe. Kada bi, ka\u017ee, kao porodilja dobijala naknadu od 1.000 [&hellip;]<\/p>\n","protected":false},"author":2,"featured_media":14791,"comment_status":"closed","ping_status":"closed","sticky":false,"template":"","format":"standard","meta":{"h5ap_radio_sources":[],"footnotes":""},"categories":[1],"tags":[],"class_list":["post-110665","post","type-post","status-publish","format-standard","has-post-thumbnail","hentry","category-bihiregija"],"yoast_head":"<!-- This site is optimized with the Yoast SEO plugin v27.4 - https:\/\/yoast.com\/product\/yoast-seo-wordpress\/ -->\n<title>Rodilje u Tuzlanskoj \u017eupaniji dobivat \u0107e po 1.000 KM mjese\u010dno - RADIO LJUBU\u0160KI<\/title>\n<meta name=\"robots\" content=\"index, follow, max-snippet:-1, max-image-preview:large, max-video-preview:-1\" \/>\n<link rel=\"canonical\" href=\"https:\/\/radioljubuski.ba\/index.php\/2022\/01\/31\/rodilje-u-tuzlanskoj-zupaniji-dobivat-ce-po-1-000-km-mjesecno\/\" \/>\n<meta property=\"og:locale\" content=\"hr_HR\" \/>\n<meta property=\"og:type\" content=\"article\" \/>\n<meta property=\"og:title\" content=\"Rodilje u Tuzlanskoj \u017eupaniji dobivat \u0107e po 1.000 KM mjese\u010dno - RADIO LJUBU\u0160KI\" \/>\n<meta property=\"og:description\" content=\"Skup\u0161tina Tuzlanske \u017eupanije danas je jednoglasno usvojila Inicijativu kojom su majke porodilje sa podru\u010dja ove \u017eupanije, izjedna\u010dene sa onima u \u017dupaniji Sarajevu, javlja&nbsp;Federalna TV. Tako \u0107e majke porodilje ostvariti pravo nov\u010danu naknadu u iznosu od 1000 maraka godinu dana. Tuzlanka Mirha Skaki\u0107 majka je osmomjese\u010dne bebe. Kada bi, ka\u017ee, kao porodilja dobijala naknadu od 1.000 [&hellip;]\" \/>\n<meta property=\"og:url\" content=\"https:\/\/radioljubuski.ba\/index.php\/2022\/01\/31\/rodilje-u-tuzlanskoj-zupaniji-dobivat-ce-po-1-000-km-mjesecno\/\" \/>\n<meta property=\"og:site_name\" content=\"RADIO LJUBU\u0160KI\" \/>\n<meta property=\"article:publisher\" content=\"https:\/\/www.facebook.com\/Radiio-Ljubuski-1490835324566332\" \/>\n<meta property=\"article:published_time\" content=\"2022-01-31T22:43:28+00:00\" \/>\n<meta property=\"article:modified_time\" content=\"2022-01-31T22:43:29+00:00\" \/>\n<meta property=\"og:image\" content=\"https:\/\/radioljubuski.ba\/wp-content\/uploads\/2021\/04\/MJCNuXsS_bebe.jpg\" \/>\n\t<meta property=\"og:image:width\" content=\"1000\" \/>\n\t<meta property=\"og:image:height\" content=\"625\" \/>\n\t<meta property=\"og:image:type\" content=\"image\/jpeg\" \/>\n<meta name=\"author\" content=\"Radio Ljubu\u0161ki\" \/>\n<meta name=\"twitter:card\" content=\"summary_large_image\" \/>\n<meta name=\"twitter:creator\" content=\"@radioljubuski\" \/>\n<meta name=\"twitter:site\" content=\"@radioljubuski\" \/>\n<meta name=\"twitter:label1\" content=\"Napisao\/la\" \/>\n\t<meta name=\"twitter:data1\" content=\"Radio Ljubu\u0161ki\" \/>\n\t<meta name=\"twitter:label2\" content=\"Procijenjeno vrijeme \u010ditanja\" \/>\n\t<meta name=\"twitter:data2\" content=\"2 minute\" \/>\n<script type=\"application\/ld+json\" class=\"yoast-schema-graph\">{\"@context\":\"https:\\\/\\\/schema.org\",\"@graph\":[{\"@type\":\"Article\",\"@id\":\"https:\\\/\\\/radioljubuski.ba\\\/index.php\\\/2022\\\/01\\\/31\\\/rodilje-u-tuzlanskoj-zupaniji-dobivat-ce-po-1-000-km-mjesecno\\\/#article\",\"isPartOf\":{\"@id\":\"https:\\\/\\\/radioljubuski.ba\\\/index.php\\\/2022\\\/01\\\/31\\\/rodilje-u-tuzlanskoj-zupaniji-dobivat-ce-po-1-000-km-mjesecno\\\/\"},\"author\":{\"name\":\"Radio Ljubu\u0161ki\",\"@id\":\"https:\\\/\\\/radioljubuski.ba\\\/#\\\/schema\\\/person\\\/19fc700381a780f69665d7956c469e3b\"},\"headline\":\"Rodilje u Tuzlanskoj \u017eupaniji dobivat \u0107e po 1.000 KM mjese\u010dno\",\"datePublished\":\"2022-01-31T22:43:28+00:00\",\"dateModified\":\"2022-01-31T22:43:29+00:00\",\"mainEntityOfPage\":{\"@id\":\"https:\\\/\\\/radioljubuski.ba\\\/index.php\\\/2022\\\/01\\\/31\\\/rodilje-u-tuzlanskoj-zupaniji-dobivat-ce-po-1-000-km-mjesecno\\\/\"},\"wordCount\":290,\"publisher\":{\"@id\":\"https:\\\/\\\/radioljubuski.ba\\\/#organization\"},\"image\":{\"@id\":\"https:\\\/\\\/radioljubuski.ba\\\/index.php\\\/2022\\\/01\\\/31\\\/rodilje-u-tuzlanskoj-zupaniji-dobivat-ce-po-1-000-km-mjesecno\\\/#primaryimage\"},\"thumbnailUrl\":\"https:\\\/\\\/radioljubuski.ba\\\/wp-content\\\/uploads\\\/2021\\\/04\\\/MJCNuXsS_bebe.jpg\",\"articleSection\":[\"BIH i regija\"],\"inLanguage\":\"hr\"},{\"@type\":\"WebPage\",\"@id\":\"https:\\\/\\\/radioljubuski.ba\\\/index.php\\\/2022\\\/01\\\/31\\\/rodilje-u-tuzlanskoj-zupaniji-dobivat-ce-po-1-000-km-mjesecno\\\/\",\"url\":\"https:\\\/\\\/radioljubuski.ba\\\/index.php\\\/2022\\\/01\\\/31\\\/rodilje-u-tuzlanskoj-zupaniji-dobivat-ce-po-1-000-km-mjesecno\\\/\",\"name\":\"Rodilje u Tuzlanskoj \u017eupaniji dobivat \u0107e po 1.000 KM mjese\u010dno - RADIO LJUBU\u0160KI\",\"isPartOf\":{\"@id\":\"https:\\\/\\\/radioljubuski.ba\\\/#website\"},\"primaryImageOfPage\":{\"@id\":\"https:\\\/\\\/radioljubuski.ba\\\/index.php\\\/2022\\\/01\\\/31\\\/rodilje-u-tuzlanskoj-zupaniji-dobivat-ce-po-1-000-km-mjesecno\\\/#primaryimage\"},\"image\":{\"@id\":\"https:\\\/\\\/radioljubuski.ba\\\/index.php\\\/2022\\\/01\\\/31\\\/rodilje-u-tuzlanskoj-zupaniji-dobivat-ce-po-1-000-km-mjesecno\\\/#primaryimage\"},\"thumbnailUrl\":\"https:\\\/\\\/radioljubuski.ba\\\/wp-content\\\/uploads\\\/2021\\\/04\\\/MJCNuXsS_bebe.jpg\",\"datePublished\":\"2022-01-31T22:43:28+00:00\",\"dateModified\":\"2022-01-31T22:43:29+00:00\",\"breadcrumb\":{\"@id\":\"https:\\\/\\\/radioljubuski.ba\\\/index.php\\\/2022\\\/01\\\/31\\\/rodilje-u-tuzlanskoj-zupaniji-dobivat-ce-po-1-000-km-mjesecno\\\/#breadcrumb\"},\"inLanguage\":\"hr\",\"potentialAction\":[{\"@type\":\"ReadAction\",\"target\":[\"https:\\\/\\\/radioljubuski.ba\\\/index.php\\\/2022\\\/01\\\/31\\\/rodilje-u-tuzlanskoj-zupaniji-dobivat-ce-po-1-000-km-mjesecno\\\/\"]}]},{\"@type\":\"ImageObject\",\"inLanguage\":\"hr\",\"@id\":\"https:\\\/\\\/radioljubuski.ba\\\/index.php\\\/2022\\\/01\\\/31\\\/rodilje-u-tuzlanskoj-zupaniji-dobivat-ce-po-1-000-km-mjesecno\\\/#primaryimage\",\"url\":\"https:\\\/\\\/radioljubuski.ba\\\/wp-content\\\/uploads\\\/2021\\\/04\\\/MJCNuXsS_bebe.jpg\",\"contentUrl\":\"https:\\\/\\\/radioljubuski.ba\\\/wp-content\\\/uploads\\\/2021\\\/04\\\/MJCNuXsS_bebe.jpg\",\"width\":1000,\"height\":625},{\"@type\":\"BreadcrumbList\",\"@id\":\"https:\\\/\\\/radioljubuski.ba\\\/index.php\\\/2022\\\/01\\\/31\\\/rodilje-u-tuzlanskoj-zupaniji-dobivat-ce-po-1-000-km-mjesecno\\\/#breadcrumb\",\"itemListElement\":[{\"@type\":\"ListItem\",\"position\":1,\"name\":\"Po\u010detna stranica\",\"item\":\"https:\\\/\\\/radioljubuski.ba\\\/\"},{\"@type\":\"ListItem\",\"position\":2,\"name\":\"Rodilje u Tuzlanskoj \u017eupaniji dobivat \u0107e po 1.000 KM mjese\u010dno\"}]},{\"@type\":\"WebSite\",\"@id\":\"https:\\\/\\\/radioljubuski.ba\\\/#website\",\"url\":\"https:\\\/\\\/radioljubuski.ba\\\/\",\"name\":\"Radio Ljubu\u0161ki\",\"description\":\"Sun\u010dana frekvencija Hercegovine\",\"publisher\":{\"@id\":\"https:\\\/\\\/radioljubuski.ba\\\/#organization\"},\"potentialAction\":[{\"@type\":\"SearchAction\",\"target\":{\"@type\":\"EntryPoint\",\"urlTemplate\":\"https:\\\/\\\/radioljubuski.ba\\\/?s={search_term_string}\"},\"query-input\":{\"@type\":\"PropertyValueSpecification\",\"valueRequired\":true,\"valueName\":\"search_term_string\"}}],\"inLanguage\":\"hr\"},{\"@type\":\"Organization\",\"@id\":\"https:\\\/\\\/radioljubuski.ba\\\/#organization\",\"name\":\"Radio Ljubu\u0161ki\",\"url\":\"https:\\\/\\\/radioljubuski.ba\\\/\",\"logo\":{\"@type\":\"ImageObject\",\"inLanguage\":\"hr\",\"@id\":\"https:\\\/\\\/radioljubuski.ba\\\/#\\\/schema\\\/logo\\\/image\\\/\",\"url\":\"https:\\\/\\\/radioljubuski.ba\\\/wp-content\\\/uploads\\\/2021\\\/02\\\/cropped-Radio_Ljubuski_logo1.jpg\",\"contentUrl\":\"https:\\\/\\\/radioljubuski.ba\\\/wp-content\\\/uploads\\\/2021\\\/02\\\/cropped-Radio_Ljubuski_logo1.jpg\",\"width\":512,\"height\":512,\"caption\":\"Radio Ljubu\u0161ki\"},\"image\":{\"@id\":\"https:\\\/\\\/radioljubuski.ba\\\/#\\\/schema\\\/logo\\\/image\\\/\"},\"sameAs\":[\"https:\\\/\\\/www.facebook.com\\\/Radiio-Ljubuski-1490835324566332\",\"https:\\\/\\\/x.com\\\/radioljubuski\",\"https:\\\/\\\/hr.linkedin.com\\\/company\\\/radio-ljubuski\",\"https:\\\/\\\/www.youtube.com\\\/channel\\\/UCHYaeO_n0Db3tjNGudGpXyw\"]},{\"@type\":\"Person\",\"@id\":\"https:\\\/\\\/radioljubuski.ba\\\/#\\\/schema\\\/person\\\/19fc700381a780f69665d7956c469e3b\",\"name\":\"Radio Ljubu\u0161ki\"}]}<\/script>\n<!-- \/ Yoast SEO plugin. -->","yoast_head_json":{"title":"Rodilje u Tuzlanskoj \u017eupaniji dobivat \u0107e po 1.000 KM mjese\u010dno - RADIO LJUBU\u0160KI","robots":{"index":"index","follow":"follow","max-snippet":"max-snippet:-1","max-image-preview":"max-image-preview:large","max-video-preview":"max-video-preview:-1"},"canonical":"https:\/\/radioljubuski.ba\/index.php\/2022\/01\/31\/rodilje-u-tuzlanskoj-zupaniji-dobivat-ce-po-1-000-km-mjesecno\/","og_locale":"hr_HR","og_type":"article","og_title":"Rodilje u Tuzlanskoj \u017eupaniji dobivat \u0107e po 1.000 KM mjese\u010dno - RADIO LJUBU\u0160KI","og_description":"Skup\u0161tina Tuzlanske \u017eupanije danas je jednoglasno usvojila Inicijativu kojom su majke porodilje sa podru\u010dja ove \u017eupanije, izjedna\u010dene sa onima u \u017dupaniji Sarajevu, javlja&nbsp;Federalna TV. Tako \u0107e majke porodilje ostvariti pravo nov\u010danu naknadu u iznosu od 1000 maraka godinu dana. Tuzlanka Mirha Skaki\u0107 majka je osmomjese\u010dne bebe. Kada bi, ka\u017ee, kao porodilja dobijala naknadu od 1.000 [&hellip;]","og_url":"https:\/\/radioljubuski.ba\/index.php\/2022\/01\/31\/rodilje-u-tuzlanskoj-zupaniji-dobivat-ce-po-1-000-km-mjesecno\/","og_site_name":"RADIO LJUBU\u0160KI","article_publisher":"https:\/\/www.facebook.com\/Radiio-Ljubuski-1490835324566332","article_published_time":"2022-01-31T22:43:28+00:00","article_modified_time":"2022-01-31T22:43:29+00:00","og_image":[{"width":1000,"height":625,"url":"https:\/\/radioljubuski.ba\/wp-content\/uploads\/2021\/04\/MJCNuXsS_bebe.jpg","type":"image\/jpeg"}],"author":"Radio Ljubu\u0161ki","twitter_card":"summary_large_image","twitter_creator":"@radioljubuski","twitter_site":"@radioljubuski","twitter_misc":{"Napisao\/la":"Radio Ljubu\u0161ki","Procijenjeno vrijeme \u010ditanja":"2 minute"},"schema":{"@context":"https:\/\/schema.org","@graph":[{"@type":"Article","@id":"https:\/\/radioljubuski.ba\/index.php\/2022\/01\/31\/rodilje-u-tuzlanskoj-zupaniji-dobivat-ce-po-1-000-km-mjesecno\/#article","isPartOf":{"@id":"https:\/\/radioljubuski.ba\/index.php\/2022\/01\/31\/rodilje-u-tuzlanskoj-zupaniji-dobivat-ce-po-1-000-km-mjesecno\/"},"author":{"name":"Radio Ljubu\u0161ki","@id":"https:\/\/radioljubuski.ba\/#\/schema\/person\/19fc700381a780f69665d7956c469e3b"},"headline":"Rodilje u Tuzlanskoj \u017eupaniji dobivat \u0107e po 1.000 KM mjese\u010dno","datePublished":"2022-01-31T22:43:28+00:00","dateModified":"2022-01-31T22:43:29+00:00","mainEntityOfPage":{"@id":"https:\/\/radioljubuski.ba\/index.php\/2022\/01\/31\/rodilje-u-tuzlanskoj-zupaniji-dobivat-ce-po-1-000-km-mjesecno\/"},"wordCount":290,"publisher":{"@id":"https:\/\/radioljubuski.ba\/#organization"},"image":{"@id":"https:\/\/radioljubuski.ba\/index.php\/2022\/01\/31\/rodilje-u-tuzlanskoj-zupaniji-dobivat-ce-po-1-000-km-mjesecno\/#primaryimage"},"thumbnailUrl":"https:\/\/radioljubuski.ba\/wp-content\/uploads\/2021\/04\/MJCNuXsS_bebe.jpg","articleSection":["BIH i regija"],"inLanguage":"hr"},{"@type":"WebPage","@id":"https:\/\/radioljubuski.ba\/index.php\/2022\/01\/31\/rodilje-u-tuzlanskoj-zupaniji-dobivat-ce-po-1-000-km-mjesecno\/","url":"https:\/\/radioljubuski.ba\/index.php\/2022\/01\/31\/rodilje-u-tuzlanskoj-zupaniji-dobivat-ce-po-1-000-km-mjesecno\/","name":"Rodilje u Tuzlanskoj \u017eupaniji dobivat \u0107e po 1.000 KM mjese\u010dno - RADIO LJUBU\u0160KI","isPartOf":{"@id":"https:\/\/radioljubuski.ba\/#website"},"primaryImageOfPage":{"@id":"https:\/\/radioljubuski.ba\/index.php\/2022\/01\/31\/rodilje-u-tuzlanskoj-zupaniji-dobivat-ce-po-1-000-km-mjesecno\/#primaryimage"},"image":{"@id":"https:\/\/radioljubuski.ba\/index.php\/2022\/01\/31\/rodilje-u-tuzlanskoj-zupaniji-dobivat-ce-po-1-000-km-mjesecno\/#primaryimage"},"thumbnailUrl":"https:\/\/radioljubuski.ba\/wp-content\/uploads\/2021\/04\/MJCNuXsS_bebe.jpg","datePublished":"2022-01-31T22:43:28+00:00","dateModified":"2022-01-31T22:43:29+00:00","breadcrumb":{"@id":"https:\/\/radioljubuski.ba\/index.php\/2022\/01\/31\/rodilje-u-tuzlanskoj-zupaniji-dobivat-ce-po-1-000-km-mjesecno\/#breadcrumb"},"inLanguage":"hr","potentialAction":[{"@type":"ReadAction","target":["https:\/\/radioljubuski.ba\/index.php\/2022\/01\/31\/rodilje-u-tuzlanskoj-zupaniji-dobivat-ce-po-1-000-km-mjesecno\/"]}]},{"@type":"ImageObject","inLanguage":"hr","@id":"https:\/\/radioljubuski.ba\/index.php\/2022\/01\/31\/rodilje-u-tuzlanskoj-zupaniji-dobivat-ce-po-1-000-km-mjesecno\/#primaryimage","url":"https:\/\/radioljubuski.ba\/wp-content\/uploads\/2021\/04\/MJCNuXsS_bebe.jpg","contentUrl":"https:\/\/radioljubuski.ba\/wp-content\/uploads\/2021\/04\/MJCNuXsS_bebe.jpg","width":1000,"height":625},{"@type":"BreadcrumbList","@id":"https:\/\/radioljubuski.ba\/index.php\/2022\/01\/31\/rodilje-u-tuzlanskoj-zupaniji-dobivat-ce-po-1-000-km-mjesecno\/#breadcrumb","itemListElement":[{"@type":"ListItem","position":1,"name":"Po\u010detna stranica","item":"https:\/\/radioljubuski.ba\/"},{"@type":"ListItem","position":2,"name":"Rodilje u Tuzlanskoj \u017eupaniji dobivat \u0107e po 1.000 KM mjese\u010dno"}]},{"@type":"WebSite","@id":"https:\/\/radioljubuski.ba\/#website","url":"https:\/\/radioljubuski.ba\/","name":"Radio Ljubu\u0161ki","description":"Sun\u010dana frekvencija Hercegovine","publisher":{"@id":"https:\/\/radioljubuski.ba\/#organization"},"potentialAction":[{"@type":"SearchAction","target":{"@type":"EntryPoint","urlTemplate":"https:\/\/radioljubuski.ba\/?s={search_term_string}"},"query-input":{"@type":"PropertyValueSpecification","valueRequired":true,"valueName":"search_term_string"}}],"inLanguage":"hr"},{"@type":"Organization","@id":"https:\/\/radioljubuski.ba\/#organization","name":"Radio Ljubu\u0161ki","url":"https:\/\/radioljubuski.ba\/","logo":{"@type":"ImageObject","inLanguage":"hr","@id":"https:\/\/radioljubuski.ba\/#\/schema\/logo\/image\/","url":"https:\/\/radioljubuski.ba\/wp-content\/uploads\/2021\/02\/cropped-Radio_Ljubuski_logo1.jpg","contentUrl":"https:\/\/radioljubuski.ba\/wp-content\/uploads\/2021\/02\/cropped-Radio_Ljubuski_logo1.jpg","width":512,"height":512,"caption":"Radio Ljubu\u0161ki"},"image":{"@id":"https:\/\/radioljubuski.ba\/#\/schema\/logo\/image\/"},"sameAs":["https:\/\/www.facebook.com\/Radiio-Ljubuski-1490835324566332","https:\/\/x.com\/radioljubuski","https:\/\/hr.linkedin.com\/company\/radio-ljubuski","https:\/\/www.youtube.com\/channel\/UCHYaeO_n0Db3tjNGudGpXyw"]},{"@type":"Person","@id":"https:\/\/radioljubuski.ba\/#\/schema\/person\/19fc700381a780f69665d7956c469e3b","name":"Radio Ljubu\u0161ki"}]}},"_links":{"self":[{"href":"https:\/\/radioljubuski.ba\/index.php\/wp-json\/wp\/v2\/posts\/110665","targetHints":{"allow":["GET"]}}],"collection":[{"href":"https:\/\/radioljubuski.ba\/index.php\/wp-json\/wp\/v2\/posts"}],"about":[{"href":"https:\/\/radioljubuski.ba\/index.php\/wp-json\/wp\/v2\/types\/post"}],"author":[{"embeddable":true,"href":"https:\/\/radioljubuski.ba\/index.php\/wp-json\/wp\/v2\/users\/2"}],"replies":[{"embeddable":true,"href":"https:\/\/radioljubuski.ba\/index.php\/wp-json\/wp\/v2\/comments?post=110665"}],"version-history":[{"count":1,"href":"https:\/\/radioljubuski.ba\/index.php\/wp-json\/wp\/v2\/posts\/110665\/revisions"}],"predecessor-version":[{"id":110666,"href":"https:\/\/radioljubuski.ba\/index.php\/wp-json\/wp\/v2\/posts\/110665\/revisions\/110666"}],"wp:featuredmedia":[{"embeddable":true,"href":"https:\/\/radioljubuski.ba\/index.php\/wp-json\/wp\/v2\/media\/14791"}],"wp:attachment":[{"href":"https:\/\/radioljubuski.ba\/index.php\/wp-json\/wp\/v2\/media?parent=110665"}],"wp:term":[{"taxonomy":"category","embeddable":true,"href":"https:\/\/radioljubuski.ba\/index.php\/wp-json\/wp\/v2\/categories?post=110665"},{"taxonomy":"post_tag","embeddable":true,"href":"https:\/\/radioljubuski.ba\/index.php\/wp-json\/wp\/v2\/tags?post=110665"}],"curies":[{"name":"wp","href":"https:\/\/api.w.org\/{rel}","templated":true}]}}