{"id":110767,"date":"2022-02-01T09:02:04","date_gmt":"2022-02-01T08:02:04","guid":{"rendered":"https:\/\/radioljubuski.ba\/?p=110767"},"modified":"2022-02-01T09:02:05","modified_gmt":"2022-02-01T08:02:05","slug":"konakovic-na-hrt-u-pokazao-da-ne-razumije-hrvatski-prijedlog-izborne-reforme-cavara-mu-pojasnio","status":"publish","type":"post","link":"https:\/\/radioljubuski.ba\/index.php\/2022\/02\/01\/konakovic-na-hrt-u-pokazao-da-ne-razumije-hrvatski-prijedlog-izborne-reforme-cavara-mu-pojasnio\/","title":{"rendered":"Konakovi\u0107 na HRT-u pokazao da ne razumije hrvatski prijedlog izborne reforme, \u010cavara mu pojasnio"},"content":{"rendered":"\n<p>Predstavnici hrvatskih i bo\u0161nja\u010dkih stranaka u Bosni i Hercegovini na pregovorima u Neumu nisu se uspjeli dogovoriti. Pregovore su inicirali predstavnici me\u0111unarodne zajednice radi postizanja dogovora o izmjenama izbornog zakona. Trebali bi se nastaviti ovaj tjedan u Sarajevu, a preostalo je malo vremena jer bi se izbori trebali odr\u017eati u listopadu. O tome se ve\u010deras razgovaralo u HTV-ovoj emisiji Otvoreno&#8230;<\/p>\n\n\n\n<p>Elmedin Konakovi\u0107, predsjednik politi\u010dkog pokreta Narod i pravda, rekao je da pregovori nisu propali, ali da u Neumu nisu uspjeli. Me\u0111utim, dodao je da su do\u0161li do nekih na\u010dela oko kojih se svi sla\u017eu.<\/p>\n\n\n\n<p>-U ta tri dana nismo do\u0161li do kona\u010dnog rje\u0161enja, ali se oko velikog broja na\u010dela sla\u017eemo. Mene to djelomi\u010dno ohrabruje, me\u0111utim, za taj zavr\u0161ni iskorak morat \u0107emo napraviti jedan ozbiljan i hrabar korak naprijed, poru\u010dio je.<\/p>\n\n\n\n<p>Odnosi pogotovo izme\u0111u SDA i HDZ-a dodatno ote\u017eavaju stvar, ali smo nekako svjesni da \u0107e biti mnogo te\u017ee ako se ne dogovorimo, dodao je Konakovi\u0107.<\/p>\n\n\n\n<p>Predsjednik Federacije BiH Marinko \u010cavara rekao je da postoji puno dezinformacija oko ovih pregovora i oko toga \u0161to treba u\u010diniti po pitanju izmjene zakona i odre\u0111enih ograni\u010denih promjena ustava BiH i Federacije.<\/p>\n\n\n\n<p>-U BiH treba prvenstveno provesti odluku ustavnog suda BiH o legitimnom predstavljanju i zastupanju svih konstitutivnih naroda, a onda isto tako provesti sve presude suda iz Strasbourga, rekao je \u010cavara.<\/p>\n\n\n\n<p>Rekao je i kako sva rje\u0161enja koja su nudili u zadnjih \u0161est mjeseci nisu bila prihvatljiva SDA i njihovim satelitima, koji, kako je rekao, zagovaraju unitarnu BiH.<\/p>\n\n\n\n<p>Izv. prof. dr. Vlade Simovi\u0107 s Fakulteta politi\u010dkih znanosti Sveu\u010dili\u0161ta u Banja Luci rekao je da bi se vi\u0161e usmjerio na aspekt izmjene izbornog zakona o kojem se, kako je ustvrdio, malo pri\u010da &#8211; pitanje izborne formule, pitanje izbornog praga, pitanje kompenzacijskih mandata koji su &#8220;ozbiljan predmet ismijavanja demokracije u BiH&#8221;&#8230; Tim izmjenama moglo bi se stvoriti stabilan parlament i skup\u0161tine, dodao je.<\/p>\n\n\n\n<p>Tako\u0111er je rekao da je skepti\u010dan oko toga da \u0107e hrvatska i bo\u0161nja\u010dka politi\u010dka elita unutar Federacije posti\u0107i bilo kakvo rje\u0161enje.<\/p>\n\n\n\n<p>-Ne mislim da je Neum bio nekakav svijetao iskorak prema tome &#8211; naprotiv, mislim da je to samo dodatno zacementiralo jedan ve\u0107 prili\u010dno radikaliziran sukob zbog kojeg nismo u mogu\u0107nosti izmijeniti one dijelove izbornog zakona koje bi bilo itekako bitno promijeniti da bi se do\u0161lo do stabilnih i funkcionalnih vlada, poru\u010dio je Simovi\u0107.<\/p>\n\n\n\n<p>Domagoj Kne\u017eevi\u0107, savjetnik ministra vanjskih poslova RH za BiH, rekao je da je Republika Hrvatska od samog po\u010detka podr\u017eavala ovu vrstu pregovora kako bi se rije\u0161ila promjena izbornog zakona kako bi dobili temelj za odredbe koje su bile zajam\u010dene hrvatskom narodu kroz Washingtonski i Daytonsko-pari\u0161ki sporazum i sve kasnije dogovore postizane uo\u010di formiranja BiH onako kako ona izgleda danas.<\/p>\n\n\n\n<p>-Najve\u0107i dobitak tih pregovora u Neumu je mi\u0161ljenje Venecijanske komisije koja je izravno potvrdila da jedan od modela koje su ponudili eksperti Hrvatskog narodnog sabora u sebi akceptira implementaciju i slu\u010daja Ljubi\u0107 ustavnog suda BiH i slu\u010daja Sejdi\u0107-Finci koji je donio Europski sud za ljudska prava, rekao je Kne\u017eevi\u0107.<\/p>\n\n\n\n<p>Dodao je da nije vidio da su sarajevski mediji jednom rije\u010dju spomenuli to mi\u0161ljenje Venecijanske komisije.<\/p>\n\n\n\n<p>-Gospodin Bakir Izetbegovi\u0107 prije deset je dana govorio kako \u0107e oni prihvatiti svako rje\u0161enje koje \u0107e prihvatiti Venecijanska komisija. Me\u0111utim, prema nekim na\u0161im informacijama, nakon \u0161to je izneseno to mi\u0161ljenje Venecijanske komisije, gospodin Izetbegovi\u0107 je napustio pregovore i, izgleda, zaboravio na tu svoju izjavu koju je dao prije samo deset dana, rekao je Kne\u017eevi\u0107.<\/p>\n\n\n\n<p>Konakovi\u0107 je pak rekao kako nije to\u010dno da je Izetbegovi\u0107 napustio pregovore.<\/p>\n\n\n\n<p>-Vladate poluinformacijama ili dezinformacijama i to nam ne poma\u017ee, rekao je Konakovi\u0107.<\/p>\n\n\n\n<p>Konakovi\u0107 je rekao i da je u modelu HDZ-a bio jedan problem s kojim se nije slo\u017eila Venecijanska komisija, &#8220;koja ka\u017ee da vrijednost glasa Hrvata iz Sarajeva i Hrvata iz Livna nije ista, da je disproporcija puta 20, 30, da ti elektori kako su oni predlagali nisu proporcionalno ure\u0111eni&#8230;&#8221;<\/p>\n\n\n\n<p>\u010cavara je uzvratio da je model Hrvatskog narodnog sabora jasan.<\/p>\n\n\n\n<p>-On nudi srazmjernost broju elektorskih glasova koliko ima tih pripadnika tih stanovnika na podru\u010dju te \u017eupanije. Prema tome, potpuno je izjedna\u010dena vrijednost glasa da se zna koliko pripadnika tog naroda u toj \u017eupaniji daje jednog elektora, a ne kako imamo sad, da pet Hrvata u Gora\u017edu bira jednog izaslanika u Dom naroda, kao i 50.000 Hrvata u Posavini. Prema tome, apsolutno neto\u010dno, rekao je \u010cavara.<\/p>\n\n\n\n<p><strong>Izvor: Pogled.ba<\/strong><\/p>\n","protected":false},"excerpt":{"rendered":"<p>Predstavnici hrvatskih i bo\u0161nja\u010dkih stranaka u Bosni i Hercegovini na pregovorima u Neumu nisu se uspjeli dogovoriti. Pregovore su inicirali predstavnici me\u0111unarodne zajednice radi postizanja dogovora o izmjenama izbornog zakona. Trebali bi se nastaviti ovaj tjedan u Sarajevu, a preostalo je malo vremena jer bi se izbori trebali odr\u017eati u listopadu. O tome se ve\u010deras [&hellip;]<\/p>\n","protected":false},"author":2,"featured_media":110768,"comment_status":"closed","ping_status":"closed","sticky":false,"template":"","format":"standard","meta":{"h5ap_radio_sources":[],"footnotes":""},"categories":[1],"tags":[],"class_list":["post-110767","post","type-post","status-publish","format-standard","has-post-thumbnail","hentry","category-bihiregija"],"yoast_head":"<!-- This site is optimized with the Yoast SEO plugin v27.4 - https:\/\/yoast.com\/product\/yoast-seo-wordpress\/ -->\n<title>Konakovi\u0107 na HRT-u pokazao da ne razumije hrvatski prijedlog izborne reforme, \u010cavara mu pojasnio - RADIO LJUBU\u0160KI<\/title>\n<meta name=\"robots\" content=\"index, follow, max-snippet:-1, max-image-preview:large, max-video-preview:-1\" \/>\n<link rel=\"canonical\" href=\"https:\/\/radioljubuski.ba\/index.php\/2022\/02\/01\/konakovic-na-hrt-u-pokazao-da-ne-razumije-hrvatski-prijedlog-izborne-reforme-cavara-mu-pojasnio\/\" \/>\n<meta property=\"og:locale\" content=\"hr_HR\" \/>\n<meta property=\"og:type\" content=\"article\" \/>\n<meta property=\"og:title\" content=\"Konakovi\u0107 na HRT-u pokazao da ne razumije hrvatski prijedlog izborne reforme, \u010cavara mu pojasnio - RADIO LJUBU\u0160KI\" \/>\n<meta property=\"og:description\" content=\"Predstavnici hrvatskih i bo\u0161nja\u010dkih stranaka u Bosni i Hercegovini na pregovorima u Neumu nisu se uspjeli dogovoriti. Pregovore su inicirali predstavnici me\u0111unarodne zajednice radi postizanja dogovora o izmjenama izbornog zakona. Trebali bi se nastaviti ovaj tjedan u Sarajevu, a preostalo je malo vremena jer bi se izbori trebali odr\u017eati u listopadu. O tome se ve\u010deras [&hellip;]\" \/>\n<meta property=\"og:url\" content=\"https:\/\/radioljubuski.ba\/index.php\/2022\/02\/01\/konakovic-na-hrt-u-pokazao-da-ne-razumije-hrvatski-prijedlog-izborne-reforme-cavara-mu-pojasnio\/\" \/>\n<meta property=\"og:site_name\" content=\"RADIO LJUBU\u0160KI\" \/>\n<meta property=\"article:publisher\" content=\"https:\/\/www.facebook.com\/Radiio-Ljubuski-1490835324566332\" \/>\n<meta property=\"article:published_time\" content=\"2022-02-01T08:02:04+00:00\" \/>\n<meta property=\"article:modified_time\" content=\"2022-02-01T08:02:05+00:00\" \/>\n<meta property=\"og:image\" content=\"https:\/\/radioljubuski.ba\/wp-content\/uploads\/2022\/02\/konakovic.jpg\" \/>\n\t<meta property=\"og:image:width\" content=\"1000\" \/>\n\t<meta property=\"og:image:height\" content=\"625\" \/>\n\t<meta property=\"og:image:type\" content=\"image\/jpeg\" \/>\n<meta name=\"author\" content=\"Radio Ljubu\u0161ki\" \/>\n<meta name=\"twitter:card\" content=\"summary_large_image\" \/>\n<meta name=\"twitter:creator\" content=\"@radioljubuski\" \/>\n<meta name=\"twitter:site\" content=\"@radioljubuski\" \/>\n<meta name=\"twitter:label1\" content=\"Napisao\/la\" \/>\n\t<meta name=\"twitter:data1\" content=\"Radio Ljubu\u0161ki\" \/>\n\t<meta name=\"twitter:label2\" content=\"Procijenjeno vrijeme \u010ditanja\" \/>\n\t<meta name=\"twitter:data2\" content=\"4 minute\" \/>\n<script type=\"application\/ld+json\" class=\"yoast-schema-graph\">{\"@context\":\"https:\\\/\\\/schema.org\",\"@graph\":[{\"@type\":\"Article\",\"@id\":\"https:\\\/\\\/radioljubuski.ba\\\/index.php\\\/2022\\\/02\\\/01\\\/konakovic-na-hrt-u-pokazao-da-ne-razumije-hrvatski-prijedlog-izborne-reforme-cavara-mu-pojasnio\\\/#article\",\"isPartOf\":{\"@id\":\"https:\\\/\\\/radioljubuski.ba\\\/index.php\\\/2022\\\/02\\\/01\\\/konakovic-na-hrt-u-pokazao-da-ne-razumije-hrvatski-prijedlog-izborne-reforme-cavara-mu-pojasnio\\\/\"},\"author\":{\"name\":\"Radio Ljubu\u0161ki\",\"@id\":\"https:\\\/\\\/radioljubuski.ba\\\/#\\\/schema\\\/person\\\/19fc700381a780f69665d7956c469e3b\"},\"headline\":\"Konakovi\u0107 na HRT-u pokazao da ne razumije hrvatski prijedlog izborne reforme, \u010cavara mu pojasnio\",\"datePublished\":\"2022-02-01T08:02:04+00:00\",\"dateModified\":\"2022-02-01T08:02:05+00:00\",\"mainEntityOfPage\":{\"@id\":\"https:\\\/\\\/radioljubuski.ba\\\/index.php\\\/2022\\\/02\\\/01\\\/konakovic-na-hrt-u-pokazao-da-ne-razumije-hrvatski-prijedlog-izborne-reforme-cavara-mu-pojasnio\\\/\"},\"wordCount\":793,\"publisher\":{\"@id\":\"https:\\\/\\\/radioljubuski.ba\\\/#organization\"},\"image\":{\"@id\":\"https:\\\/\\\/radioljubuski.ba\\\/index.php\\\/2022\\\/02\\\/01\\\/konakovic-na-hrt-u-pokazao-da-ne-razumije-hrvatski-prijedlog-izborne-reforme-cavara-mu-pojasnio\\\/#primaryimage\"},\"thumbnailUrl\":\"https:\\\/\\\/radioljubuski.ba\\\/wp-content\\\/uploads\\\/2022\\\/02\\\/konakovic.jpg\",\"articleSection\":[\"BIH i regija\"],\"inLanguage\":\"hr\"},{\"@type\":\"WebPage\",\"@id\":\"https:\\\/\\\/radioljubuski.ba\\\/index.php\\\/2022\\\/02\\\/01\\\/konakovic-na-hrt-u-pokazao-da-ne-razumije-hrvatski-prijedlog-izborne-reforme-cavara-mu-pojasnio\\\/\",\"url\":\"https:\\\/\\\/radioljubuski.ba\\\/index.php\\\/2022\\\/02\\\/01\\\/konakovic-na-hrt-u-pokazao-da-ne-razumije-hrvatski-prijedlog-izborne-reforme-cavara-mu-pojasnio\\\/\",\"name\":\"Konakovi\u0107 na HRT-u pokazao da ne razumije hrvatski prijedlog izborne reforme, \u010cavara mu pojasnio - RADIO LJUBU\u0160KI\",\"isPartOf\":{\"@id\":\"https:\\\/\\\/radioljubuski.ba\\\/#website\"},\"primaryImageOfPage\":{\"@id\":\"https:\\\/\\\/radioljubuski.ba\\\/index.php\\\/2022\\\/02\\\/01\\\/konakovic-na-hrt-u-pokazao-da-ne-razumije-hrvatski-prijedlog-izborne-reforme-cavara-mu-pojasnio\\\/#primaryimage\"},\"image\":{\"@id\":\"https:\\\/\\\/radioljubuski.ba\\\/index.php\\\/2022\\\/02\\\/01\\\/konakovic-na-hrt-u-pokazao-da-ne-razumije-hrvatski-prijedlog-izborne-reforme-cavara-mu-pojasnio\\\/#primaryimage\"},\"thumbnailUrl\":\"https:\\\/\\\/radioljubuski.ba\\\/wp-content\\\/uploads\\\/2022\\\/02\\\/konakovic.jpg\",\"datePublished\":\"2022-02-01T08:02:04+00:00\",\"dateModified\":\"2022-02-01T08:02:05+00:00\",\"breadcrumb\":{\"@id\":\"https:\\\/\\\/radioljubuski.ba\\\/index.php\\\/2022\\\/02\\\/01\\\/konakovic-na-hrt-u-pokazao-da-ne-razumije-hrvatski-prijedlog-izborne-reforme-cavara-mu-pojasnio\\\/#breadcrumb\"},\"inLanguage\":\"hr\",\"potentialAction\":[{\"@type\":\"ReadAction\",\"target\":[\"https:\\\/\\\/radioljubuski.ba\\\/index.php\\\/2022\\\/02\\\/01\\\/konakovic-na-hrt-u-pokazao-da-ne-razumije-hrvatski-prijedlog-izborne-reforme-cavara-mu-pojasnio\\\/\"]}]},{\"@type\":\"ImageObject\",\"inLanguage\":\"hr\",\"@id\":\"https:\\\/\\\/radioljubuski.ba\\\/index.php\\\/2022\\\/02\\\/01\\\/konakovic-na-hrt-u-pokazao-da-ne-razumije-hrvatski-prijedlog-izborne-reforme-cavara-mu-pojasnio\\\/#primaryimage\",\"url\":\"https:\\\/\\\/radioljubuski.ba\\\/wp-content\\\/uploads\\\/2022\\\/02\\\/konakovic.jpg\",\"contentUrl\":\"https:\\\/\\\/radioljubuski.ba\\\/wp-content\\\/uploads\\\/2022\\\/02\\\/konakovic.jpg\",\"width\":1000,\"height\":625},{\"@type\":\"BreadcrumbList\",\"@id\":\"https:\\\/\\\/radioljubuski.ba\\\/index.php\\\/2022\\\/02\\\/01\\\/konakovic-na-hrt-u-pokazao-da-ne-razumije-hrvatski-prijedlog-izborne-reforme-cavara-mu-pojasnio\\\/#breadcrumb\",\"itemListElement\":[{\"@type\":\"ListItem\",\"position\":1,\"name\":\"Po\u010detna stranica\",\"item\":\"https:\\\/\\\/radioljubuski.ba\\\/\"},{\"@type\":\"ListItem\",\"position\":2,\"name\":\"Konakovi\u0107 na HRT-u pokazao da ne razumije hrvatski prijedlog izborne reforme, \u010cavara mu pojasnio\"}]},{\"@type\":\"WebSite\",\"@id\":\"https:\\\/\\\/radioljubuski.ba\\\/#website\",\"url\":\"https:\\\/\\\/radioljubuski.ba\\\/\",\"name\":\"Radio Ljubu\u0161ki\",\"description\":\"Sun\u010dana frekvencija Hercegovine\",\"publisher\":{\"@id\":\"https:\\\/\\\/radioljubuski.ba\\\/#organization\"},\"potentialAction\":[{\"@type\":\"SearchAction\",\"target\":{\"@type\":\"EntryPoint\",\"urlTemplate\":\"https:\\\/\\\/radioljubuski.ba\\\/?s={search_term_string}\"},\"query-input\":{\"@type\":\"PropertyValueSpecification\",\"valueRequired\":true,\"valueName\":\"search_term_string\"}}],\"inLanguage\":\"hr\"},{\"@type\":\"Organization\",\"@id\":\"https:\\\/\\\/radioljubuski.ba\\\/#organization\",\"name\":\"Radio Ljubu\u0161ki\",\"url\":\"https:\\\/\\\/radioljubuski.ba\\\/\",\"logo\":{\"@type\":\"ImageObject\",\"inLanguage\":\"hr\",\"@id\":\"https:\\\/\\\/radioljubuski.ba\\\/#\\\/schema\\\/logo\\\/image\\\/\",\"url\":\"https:\\\/\\\/radioljubuski.ba\\\/wp-content\\\/uploads\\\/2021\\\/02\\\/cropped-Radio_Ljubuski_logo1.jpg\",\"contentUrl\":\"https:\\\/\\\/radioljubuski.ba\\\/wp-content\\\/uploads\\\/2021\\\/02\\\/cropped-Radio_Ljubuski_logo1.jpg\",\"width\":512,\"height\":512,\"caption\":\"Radio Ljubu\u0161ki\"},\"image\":{\"@id\":\"https:\\\/\\\/radioljubuski.ba\\\/#\\\/schema\\\/logo\\\/image\\\/\"},\"sameAs\":[\"https:\\\/\\\/www.facebook.com\\\/Radiio-Ljubuski-1490835324566332\",\"https:\\\/\\\/x.com\\\/radioljubuski\",\"https:\\\/\\\/hr.linkedin.com\\\/company\\\/radio-ljubuski\",\"https:\\\/\\\/www.youtube.com\\\/channel\\\/UCHYaeO_n0Db3tjNGudGpXyw\"]},{\"@type\":\"Person\",\"@id\":\"https:\\\/\\\/radioljubuski.ba\\\/#\\\/schema\\\/person\\\/19fc700381a780f69665d7956c469e3b\",\"name\":\"Radio Ljubu\u0161ki\"}]}<\/script>\n<!-- \/ Yoast SEO plugin. -->","yoast_head_json":{"title":"Konakovi\u0107 na HRT-u pokazao da ne razumije hrvatski prijedlog izborne reforme, \u010cavara mu pojasnio - RADIO LJUBU\u0160KI","robots":{"index":"index","follow":"follow","max-snippet":"max-snippet:-1","max-image-preview":"max-image-preview:large","max-video-preview":"max-video-preview:-1"},"canonical":"https:\/\/radioljubuski.ba\/index.php\/2022\/02\/01\/konakovic-na-hrt-u-pokazao-da-ne-razumije-hrvatski-prijedlog-izborne-reforme-cavara-mu-pojasnio\/","og_locale":"hr_HR","og_type":"article","og_title":"Konakovi\u0107 na HRT-u pokazao da ne razumije hrvatski prijedlog izborne reforme, \u010cavara mu pojasnio - RADIO LJUBU\u0160KI","og_description":"Predstavnici hrvatskih i bo\u0161nja\u010dkih stranaka u Bosni i Hercegovini na pregovorima u Neumu nisu se uspjeli dogovoriti. Pregovore su inicirali predstavnici me\u0111unarodne zajednice radi postizanja dogovora o izmjenama izbornog zakona. Trebali bi se nastaviti ovaj tjedan u Sarajevu, a preostalo je malo vremena jer bi se izbori trebali odr\u017eati u listopadu. O tome se ve\u010deras [&hellip;]","og_url":"https:\/\/radioljubuski.ba\/index.php\/2022\/02\/01\/konakovic-na-hrt-u-pokazao-da-ne-razumije-hrvatski-prijedlog-izborne-reforme-cavara-mu-pojasnio\/","og_site_name":"RADIO LJUBU\u0160KI","article_publisher":"https:\/\/www.facebook.com\/Radiio-Ljubuski-1490835324566332","article_published_time":"2022-02-01T08:02:04+00:00","article_modified_time":"2022-02-01T08:02:05+00:00","og_image":[{"width":1000,"height":625,"url":"https:\/\/radioljubuski.ba\/wp-content\/uploads\/2022\/02\/konakovic.jpg","type":"image\/jpeg"}],"author":"Radio Ljubu\u0161ki","twitter_card":"summary_large_image","twitter_creator":"@radioljubuski","twitter_site":"@radioljubuski","twitter_misc":{"Napisao\/la":"Radio Ljubu\u0161ki","Procijenjeno vrijeme \u010ditanja":"4 minute"},"schema":{"@context":"https:\/\/schema.org","@graph":[{"@type":"Article","@id":"https:\/\/radioljubuski.ba\/index.php\/2022\/02\/01\/konakovic-na-hrt-u-pokazao-da-ne-razumije-hrvatski-prijedlog-izborne-reforme-cavara-mu-pojasnio\/#article","isPartOf":{"@id":"https:\/\/radioljubuski.ba\/index.php\/2022\/02\/01\/konakovic-na-hrt-u-pokazao-da-ne-razumije-hrvatski-prijedlog-izborne-reforme-cavara-mu-pojasnio\/"},"author":{"name":"Radio Ljubu\u0161ki","@id":"https:\/\/radioljubuski.ba\/#\/schema\/person\/19fc700381a780f69665d7956c469e3b"},"headline":"Konakovi\u0107 na HRT-u pokazao da ne razumije hrvatski prijedlog izborne reforme, \u010cavara mu pojasnio","datePublished":"2022-02-01T08:02:04+00:00","dateModified":"2022-02-01T08:02:05+00:00","mainEntityOfPage":{"@id":"https:\/\/radioljubuski.ba\/index.php\/2022\/02\/01\/konakovic-na-hrt-u-pokazao-da-ne-razumije-hrvatski-prijedlog-izborne-reforme-cavara-mu-pojasnio\/"},"wordCount":793,"publisher":{"@id":"https:\/\/radioljubuski.ba\/#organization"},"image":{"@id":"https:\/\/radioljubuski.ba\/index.php\/2022\/02\/01\/konakovic-na-hrt-u-pokazao-da-ne-razumije-hrvatski-prijedlog-izborne-reforme-cavara-mu-pojasnio\/#primaryimage"},"thumbnailUrl":"https:\/\/radioljubuski.ba\/wp-content\/uploads\/2022\/02\/konakovic.jpg","articleSection":["BIH i regija"],"inLanguage":"hr"},{"@type":"WebPage","@id":"https:\/\/radioljubuski.ba\/index.php\/2022\/02\/01\/konakovic-na-hrt-u-pokazao-da-ne-razumije-hrvatski-prijedlog-izborne-reforme-cavara-mu-pojasnio\/","url":"https:\/\/radioljubuski.ba\/index.php\/2022\/02\/01\/konakovic-na-hrt-u-pokazao-da-ne-razumije-hrvatski-prijedlog-izborne-reforme-cavara-mu-pojasnio\/","name":"Konakovi\u0107 na HRT-u pokazao da ne razumije hrvatski prijedlog izborne reforme, \u010cavara mu pojasnio - RADIO LJUBU\u0160KI","isPartOf":{"@id":"https:\/\/radioljubuski.ba\/#website"},"primaryImageOfPage":{"@id":"https:\/\/radioljubuski.ba\/index.php\/2022\/02\/01\/konakovic-na-hrt-u-pokazao-da-ne-razumije-hrvatski-prijedlog-izborne-reforme-cavara-mu-pojasnio\/#primaryimage"},"image":{"@id":"https:\/\/radioljubuski.ba\/index.php\/2022\/02\/01\/konakovic-na-hrt-u-pokazao-da-ne-razumije-hrvatski-prijedlog-izborne-reforme-cavara-mu-pojasnio\/#primaryimage"},"thumbnailUrl":"https:\/\/radioljubuski.ba\/wp-content\/uploads\/2022\/02\/konakovic.jpg","datePublished":"2022-02-01T08:02:04+00:00","dateModified":"2022-02-01T08:02:05+00:00","breadcrumb":{"@id":"https:\/\/radioljubuski.ba\/index.php\/2022\/02\/01\/konakovic-na-hrt-u-pokazao-da-ne-razumije-hrvatski-prijedlog-izborne-reforme-cavara-mu-pojasnio\/#breadcrumb"},"inLanguage":"hr","potentialAction":[{"@type":"ReadAction","target":["https:\/\/radioljubuski.ba\/index.php\/2022\/02\/01\/konakovic-na-hrt-u-pokazao-da-ne-razumije-hrvatski-prijedlog-izborne-reforme-cavara-mu-pojasnio\/"]}]},{"@type":"ImageObject","inLanguage":"hr","@id":"https:\/\/radioljubuski.ba\/index.php\/2022\/02\/01\/konakovic-na-hrt-u-pokazao-da-ne-razumije-hrvatski-prijedlog-izborne-reforme-cavara-mu-pojasnio\/#primaryimage","url":"https:\/\/radioljubuski.ba\/wp-content\/uploads\/2022\/02\/konakovic.jpg","contentUrl":"https:\/\/radioljubuski.ba\/wp-content\/uploads\/2022\/02\/konakovic.jpg","width":1000,"height":625},{"@type":"BreadcrumbList","@id":"https:\/\/radioljubuski.ba\/index.php\/2022\/02\/01\/konakovic-na-hrt-u-pokazao-da-ne-razumije-hrvatski-prijedlog-izborne-reforme-cavara-mu-pojasnio\/#breadcrumb","itemListElement":[{"@type":"ListItem","position":1,"name":"Po\u010detna stranica","item":"https:\/\/radioljubuski.ba\/"},{"@type":"ListItem","position":2,"name":"Konakovi\u0107 na HRT-u pokazao da ne razumije hrvatski prijedlog izborne reforme, \u010cavara mu pojasnio"}]},{"@type":"WebSite","@id":"https:\/\/radioljubuski.ba\/#website","url":"https:\/\/radioljubuski.ba\/","name":"Radio Ljubu\u0161ki","description":"Sun\u010dana frekvencija Hercegovine","publisher":{"@id":"https:\/\/radioljubuski.ba\/#organization"},"potentialAction":[{"@type":"SearchAction","target":{"@type":"EntryPoint","urlTemplate":"https:\/\/radioljubuski.ba\/?s={search_term_string}"},"query-input":{"@type":"PropertyValueSpecification","valueRequired":true,"valueName":"search_term_string"}}],"inLanguage":"hr"},{"@type":"Organization","@id":"https:\/\/radioljubuski.ba\/#organization","name":"Radio Ljubu\u0161ki","url":"https:\/\/radioljubuski.ba\/","logo":{"@type":"ImageObject","inLanguage":"hr","@id":"https:\/\/radioljubuski.ba\/#\/schema\/logo\/image\/","url":"https:\/\/radioljubuski.ba\/wp-content\/uploads\/2021\/02\/cropped-Radio_Ljubuski_logo1.jpg","contentUrl":"https:\/\/radioljubuski.ba\/wp-content\/uploads\/2021\/02\/cropped-Radio_Ljubuski_logo1.jpg","width":512,"height":512,"caption":"Radio Ljubu\u0161ki"},"image":{"@id":"https:\/\/radioljubuski.ba\/#\/schema\/logo\/image\/"},"sameAs":["https:\/\/www.facebook.com\/Radiio-Ljubuski-1490835324566332","https:\/\/x.com\/radioljubuski","https:\/\/hr.linkedin.com\/company\/radio-ljubuski","https:\/\/www.youtube.com\/channel\/UCHYaeO_n0Db3tjNGudGpXyw"]},{"@type":"Person","@id":"https:\/\/radioljubuski.ba\/#\/schema\/person\/19fc700381a780f69665d7956c469e3b","name":"Radio Ljubu\u0161ki"}]}},"_links":{"self":[{"href":"https:\/\/radioljubuski.ba\/index.php\/wp-json\/wp\/v2\/posts\/110767","targetHints":{"allow":["GET"]}}],"collection":[{"href":"https:\/\/radioljubuski.ba\/index.php\/wp-json\/wp\/v2\/posts"}],"about":[{"href":"https:\/\/radioljubuski.ba\/index.php\/wp-json\/wp\/v2\/types\/post"}],"author":[{"embeddable":true,"href":"https:\/\/radioljubuski.ba\/index.php\/wp-json\/wp\/v2\/users\/2"}],"replies":[{"embeddable":true,"href":"https:\/\/radioljubuski.ba\/index.php\/wp-json\/wp\/v2\/comments?post=110767"}],"version-history":[{"count":1,"href":"https:\/\/radioljubuski.ba\/index.php\/wp-json\/wp\/v2\/posts\/110767\/revisions"}],"predecessor-version":[{"id":110769,"href":"https:\/\/radioljubuski.ba\/index.php\/wp-json\/wp\/v2\/posts\/110767\/revisions\/110769"}],"wp:featuredmedia":[{"embeddable":true,"href":"https:\/\/radioljubuski.ba\/index.php\/wp-json\/wp\/v2\/media\/110768"}],"wp:attachment":[{"href":"https:\/\/radioljubuski.ba\/index.php\/wp-json\/wp\/v2\/media?parent=110767"}],"wp:term":[{"taxonomy":"category","embeddable":true,"href":"https:\/\/radioljubuski.ba\/index.php\/wp-json\/wp\/v2\/categories?post=110767"},{"taxonomy":"post_tag","embeddable":true,"href":"https:\/\/radioljubuski.ba\/index.php\/wp-json\/wp\/v2\/tags?post=110767"}],"curies":[{"name":"wp","href":"https:\/\/api.w.org\/{rel}","templated":true}]}}