{"id":110999,"date":"2022-02-01T13:52:29","date_gmt":"2022-02-01T12:52:29","guid":{"rendered":"https:\/\/radioljubuski.ba\/?p=110999"},"modified":"2022-02-01T13:52:29","modified_gmt":"2022-02-01T12:52:29","slug":"mats-wilander-mislio-sam-da-je-nadal-gotov-nakon-poraza-od-dokovica-ovo-je-nevjerojatno","status":"publish","type":"post","link":"https:\/\/radioljubuski.ba\/index.php\/2022\/02\/01\/mats-wilander-mislio-sam-da-je-nadal-gotov-nakon-poraza-od-dokovica-ovo-je-nevjerojatno\/","title":{"rendered":"Mats Wilander: &#8220;Mislio sam da je Nadal gotov nakon poraza od \u0110okovi\u0107a. Ovo je nevjerojatno&#8221;"},"content":{"rendered":"\n<p>Legendarni biv\u0161i \u0161vedski tenisa\u010d <strong>Mats Wilander<\/strong> priznao je kako je mislio da <strong>Rafael Nadal <\/strong>vi\u0161e ne\u0107e osvojiti nijednu Grand Slam titulu nakon poraza od <strong>Novaka \u0110okovi\u0107a <\/strong>na Roland Garrosu 2021. godine.<\/p>\n\n\n\n<p>Srpski je tenisa\u010d tada slavio sa 3:6, 6:3, 7:6 (4), 6:2 u polufinalu, a kasnije je stigao i do titule slavljem protiv Grka<strong> Stefanosa Tsitsipasa<\/strong> u finalu.<br><br>Nadal je sada do\u0161ao do 21. Grand Slama u karijeri svladav\u0161i u finalu Australian Opena <strong>Daniila Medvedeva <\/strong>u pet setova, dok \u0110okovi\u0107 i<strong> Roger Federer<\/strong> imaju po 20.<br><br>&#8211; Moram priznati da sam mislio da je izgubio u trci za najboljeg svih vremena kada ga je Novak pobijedio u polufinalu Roland Garrosa. Pomislio sam da je to &#8211; to i da se vi\u0161e ne\u0107e mo\u0107i natjecati s njima. Mislim sam da \u0107e mo\u017eda uzeti jo\u0161 jedan Roland Garros, a mo\u017eda ni to. A sad smo ovdje, ovo je nevjerojatno, rekao je Wilander, danas stru\u010dni komentator na Eurosportu.<br><br>&#8211; Federerov doprinos tenisu je o\u010digledan i zauvijek \u0107e ga se pamtiti, \u010dak i da vi\u0161e ne osvoji nijednu titulu. No, mislim da \u0107e Rafa, poslije ovoga, osvojiti ve\u0107i trag. Za njega ni\u0161ta nije nemogu\u0107e, zaklju\u010dio je Wilander.<\/p>\n\n\n\n<p>izvor:hrt.hr<\/p>\n","protected":false},"excerpt":{"rendered":"<p>Legendarni biv\u0161i \u0161vedski tenisa\u010d Mats Wilander priznao je kako je mislio da Rafael Nadal vi\u0161e ne\u0107e osvojiti nijednu Grand Slam titulu nakon poraza od Novaka \u0110okovi\u0107a na Roland Garrosu 2021. godine. Srpski je tenisa\u010d tada slavio sa 3:6, 6:3, 7:6 (4), 6:2 u polufinalu, a kasnije je stigao i do titule slavljem protiv Grka Stefanosa [&hellip;]<\/p>\n","protected":false},"author":2,"featured_media":108650,"comment_status":"closed","ping_status":"closed","sticky":false,"template":"","format":"standard","meta":{"h5ap_radio_sources":[],"footnotes":""},"categories":[7],"tags":[],"class_list":["post-110999","post","type-post","status-publish","format-standard","has-post-thumbnail","hentry","category-sport"],"yoast_head":"<!-- This site is optimized with the Yoast SEO plugin v27.4 - https:\/\/yoast.com\/product\/yoast-seo-wordpress\/ -->\n<title>Mats Wilander: &quot;Mislio sam da je Nadal gotov nakon poraza od \u0110okovi\u0107a. Ovo je nevjerojatno&quot; - RADIO LJUBU\u0160KI<\/title>\n<meta name=\"robots\" content=\"index, follow, max-snippet:-1, max-image-preview:large, max-video-preview:-1\" \/>\n<link rel=\"canonical\" href=\"https:\/\/radioljubuski.ba\/index.php\/2022\/02\/01\/mats-wilander-mislio-sam-da-je-nadal-gotov-nakon-poraza-od-dokovica-ovo-je-nevjerojatno\/\" \/>\n<meta property=\"og:locale\" content=\"hr_HR\" \/>\n<meta property=\"og:type\" content=\"article\" \/>\n<meta property=\"og:title\" content=\"Mats Wilander: &quot;Mislio sam da je Nadal gotov nakon poraza od \u0110okovi\u0107a. Ovo je nevjerojatno&quot; - RADIO LJUBU\u0160KI\" \/>\n<meta property=\"og:description\" content=\"Legendarni biv\u0161i \u0161vedski tenisa\u010d Mats Wilander priznao je kako je mislio da Rafael Nadal vi\u0161e ne\u0107e osvojiti nijednu Grand Slam titulu nakon poraza od Novaka \u0110okovi\u0107a na Roland Garrosu 2021. godine. Srpski je tenisa\u010d tada slavio sa 3:6, 6:3, 7:6 (4), 6:2 u polufinalu, a kasnije je stigao i do titule slavljem protiv Grka Stefanosa [&hellip;]\" \/>\n<meta property=\"og:url\" content=\"https:\/\/radioljubuski.ba\/index.php\/2022\/02\/01\/mats-wilander-mislio-sam-da-je-nadal-gotov-nakon-poraza-od-dokovica-ovo-je-nevjerojatno\/\" \/>\n<meta property=\"og:site_name\" content=\"RADIO LJUBU\u0160KI\" \/>\n<meta property=\"article:publisher\" content=\"https:\/\/www.facebook.com\/Radiio-Ljubuski-1490835324566332\" \/>\n<meta property=\"article:published_time\" content=\"2022-02-01T12:52:29+00:00\" \/>\n<meta property=\"og:image\" content=\"https:\/\/radioljubuski.ba\/wp-content\/uploads\/2022\/01\/nadalao.jpg\" \/>\n\t<meta property=\"og:image:width\" content=\"1920\" \/>\n\t<meta property=\"og:image:height\" content=\"1280\" \/>\n\t<meta property=\"og:image:type\" content=\"image\/jpeg\" \/>\n<meta name=\"author\" content=\"Radio Ljubu\u0161ki\" \/>\n<meta name=\"twitter:card\" content=\"summary_large_image\" \/>\n<meta name=\"twitter:creator\" content=\"@radioljubuski\" \/>\n<meta name=\"twitter:site\" content=\"@radioljubuski\" \/>\n<meta name=\"twitter:label1\" content=\"Napisao\/la\" \/>\n\t<meta name=\"twitter:data1\" content=\"Radio Ljubu\u0161ki\" \/>\n\t<meta name=\"twitter:label2\" content=\"Procijenjeno vrijeme \u010ditanja\" \/>\n\t<meta name=\"twitter:data2\" content=\"1 minuta\" \/>\n<script type=\"application\/ld+json\" class=\"yoast-schema-graph\">{\"@context\":\"https:\\\/\\\/schema.org\",\"@graph\":[{\"@type\":\"Article\",\"@id\":\"https:\\\/\\\/radioljubuski.ba\\\/index.php\\\/2022\\\/02\\\/01\\\/mats-wilander-mislio-sam-da-je-nadal-gotov-nakon-poraza-od-dokovica-ovo-je-nevjerojatno\\\/#article\",\"isPartOf\":{\"@id\":\"https:\\\/\\\/radioljubuski.ba\\\/index.php\\\/2022\\\/02\\\/01\\\/mats-wilander-mislio-sam-da-je-nadal-gotov-nakon-poraza-od-dokovica-ovo-je-nevjerojatno\\\/\"},\"author\":{\"name\":\"Radio Ljubu\u0161ki\",\"@id\":\"https:\\\/\\\/radioljubuski.ba\\\/#\\\/schema\\\/person\\\/19fc700381a780f69665d7956c469e3b\"},\"headline\":\"Mats Wilander: &#8220;Mislio sam da je Nadal gotov nakon poraza od \u0110okovi\u0107a. Ovo je nevjerojatno&#8221;\",\"datePublished\":\"2022-02-01T12:52:29+00:00\",\"mainEntityOfPage\":{\"@id\":\"https:\\\/\\\/radioljubuski.ba\\\/index.php\\\/2022\\\/02\\\/01\\\/mats-wilander-mislio-sam-da-je-nadal-gotov-nakon-poraza-od-dokovica-ovo-je-nevjerojatno\\\/\"},\"wordCount\":222,\"publisher\":{\"@id\":\"https:\\\/\\\/radioljubuski.ba\\\/#organization\"},\"image\":{\"@id\":\"https:\\\/\\\/radioljubuski.ba\\\/index.php\\\/2022\\\/02\\\/01\\\/mats-wilander-mislio-sam-da-je-nadal-gotov-nakon-poraza-od-dokovica-ovo-je-nevjerojatno\\\/#primaryimage\"},\"thumbnailUrl\":\"https:\\\/\\\/radioljubuski.ba\\\/wp-content\\\/uploads\\\/2022\\\/01\\\/nadalao.jpg\",\"articleSection\":[\"\u0160port\"],\"inLanguage\":\"hr\"},{\"@type\":\"WebPage\",\"@id\":\"https:\\\/\\\/radioljubuski.ba\\\/index.php\\\/2022\\\/02\\\/01\\\/mats-wilander-mislio-sam-da-je-nadal-gotov-nakon-poraza-od-dokovica-ovo-je-nevjerojatno\\\/\",\"url\":\"https:\\\/\\\/radioljubuski.ba\\\/index.php\\\/2022\\\/02\\\/01\\\/mats-wilander-mislio-sam-da-je-nadal-gotov-nakon-poraza-od-dokovica-ovo-je-nevjerojatno\\\/\",\"name\":\"Mats Wilander: \\\"Mislio sam da je Nadal gotov nakon poraza od \u0110okovi\u0107a. Ovo je nevjerojatno\\\" - RADIO LJUBU\u0160KI\",\"isPartOf\":{\"@id\":\"https:\\\/\\\/radioljubuski.ba\\\/#website\"},\"primaryImageOfPage\":{\"@id\":\"https:\\\/\\\/radioljubuski.ba\\\/index.php\\\/2022\\\/02\\\/01\\\/mats-wilander-mislio-sam-da-je-nadal-gotov-nakon-poraza-od-dokovica-ovo-je-nevjerojatno\\\/#primaryimage\"},\"image\":{\"@id\":\"https:\\\/\\\/radioljubuski.ba\\\/index.php\\\/2022\\\/02\\\/01\\\/mats-wilander-mislio-sam-da-je-nadal-gotov-nakon-poraza-od-dokovica-ovo-je-nevjerojatno\\\/#primaryimage\"},\"thumbnailUrl\":\"https:\\\/\\\/radioljubuski.ba\\\/wp-content\\\/uploads\\\/2022\\\/01\\\/nadalao.jpg\",\"datePublished\":\"2022-02-01T12:52:29+00:00\",\"breadcrumb\":{\"@id\":\"https:\\\/\\\/radioljubuski.ba\\\/index.php\\\/2022\\\/02\\\/01\\\/mats-wilander-mislio-sam-da-je-nadal-gotov-nakon-poraza-od-dokovica-ovo-je-nevjerojatno\\\/#breadcrumb\"},\"inLanguage\":\"hr\",\"potentialAction\":[{\"@type\":\"ReadAction\",\"target\":[\"https:\\\/\\\/radioljubuski.ba\\\/index.php\\\/2022\\\/02\\\/01\\\/mats-wilander-mislio-sam-da-je-nadal-gotov-nakon-poraza-od-dokovica-ovo-je-nevjerojatno\\\/\"]}]},{\"@type\":\"ImageObject\",\"inLanguage\":\"hr\",\"@id\":\"https:\\\/\\\/radioljubuski.ba\\\/index.php\\\/2022\\\/02\\\/01\\\/mats-wilander-mislio-sam-da-je-nadal-gotov-nakon-poraza-od-dokovica-ovo-je-nevjerojatno\\\/#primaryimage\",\"url\":\"https:\\\/\\\/radioljubuski.ba\\\/wp-content\\\/uploads\\\/2022\\\/01\\\/nadalao.jpg\",\"contentUrl\":\"https:\\\/\\\/radioljubuski.ba\\\/wp-content\\\/uploads\\\/2022\\\/01\\\/nadalao.jpg\",\"width\":1920,\"height\":1280},{\"@type\":\"BreadcrumbList\",\"@id\":\"https:\\\/\\\/radioljubuski.ba\\\/index.php\\\/2022\\\/02\\\/01\\\/mats-wilander-mislio-sam-da-je-nadal-gotov-nakon-poraza-od-dokovica-ovo-je-nevjerojatno\\\/#breadcrumb\",\"itemListElement\":[{\"@type\":\"ListItem\",\"position\":1,\"name\":\"Po\u010detna stranica\",\"item\":\"https:\\\/\\\/radioljubuski.ba\\\/\"},{\"@type\":\"ListItem\",\"position\":2,\"name\":\"Mats Wilander: &#8220;Mislio sam da je Nadal gotov nakon poraza od \u0110okovi\u0107a. Ovo je nevjerojatno&#8221;\"}]},{\"@type\":\"WebSite\",\"@id\":\"https:\\\/\\\/radioljubuski.ba\\\/#website\",\"url\":\"https:\\\/\\\/radioljubuski.ba\\\/\",\"name\":\"Radio Ljubu\u0161ki\",\"description\":\"Sun\u010dana frekvencija Hercegovine\",\"publisher\":{\"@id\":\"https:\\\/\\\/radioljubuski.ba\\\/#organization\"},\"potentialAction\":[{\"@type\":\"SearchAction\",\"target\":{\"@type\":\"EntryPoint\",\"urlTemplate\":\"https:\\\/\\\/radioljubuski.ba\\\/?s={search_term_string}\"},\"query-input\":{\"@type\":\"PropertyValueSpecification\",\"valueRequired\":true,\"valueName\":\"search_term_string\"}}],\"inLanguage\":\"hr\"},{\"@type\":\"Organization\",\"@id\":\"https:\\\/\\\/radioljubuski.ba\\\/#organization\",\"name\":\"Radio Ljubu\u0161ki\",\"url\":\"https:\\\/\\\/radioljubuski.ba\\\/\",\"logo\":{\"@type\":\"ImageObject\",\"inLanguage\":\"hr\",\"@id\":\"https:\\\/\\\/radioljubuski.ba\\\/#\\\/schema\\\/logo\\\/image\\\/\",\"url\":\"https:\\\/\\\/radioljubuski.ba\\\/wp-content\\\/uploads\\\/2021\\\/02\\\/cropped-Radio_Ljubuski_logo1.jpg\",\"contentUrl\":\"https:\\\/\\\/radioljubuski.ba\\\/wp-content\\\/uploads\\\/2021\\\/02\\\/cropped-Radio_Ljubuski_logo1.jpg\",\"width\":512,\"height\":512,\"caption\":\"Radio Ljubu\u0161ki\"},\"image\":{\"@id\":\"https:\\\/\\\/radioljubuski.ba\\\/#\\\/schema\\\/logo\\\/image\\\/\"},\"sameAs\":[\"https:\\\/\\\/www.facebook.com\\\/Radiio-Ljubuski-1490835324566332\",\"https:\\\/\\\/x.com\\\/radioljubuski\",\"https:\\\/\\\/hr.linkedin.com\\\/company\\\/radio-ljubuski\",\"https:\\\/\\\/www.youtube.com\\\/channel\\\/UCHYaeO_n0Db3tjNGudGpXyw\"]},{\"@type\":\"Person\",\"@id\":\"https:\\\/\\\/radioljubuski.ba\\\/#\\\/schema\\\/person\\\/19fc700381a780f69665d7956c469e3b\",\"name\":\"Radio Ljubu\u0161ki\"}]}<\/script>\n<!-- \/ Yoast SEO plugin. -->","yoast_head_json":{"title":"Mats Wilander: \"Mislio sam da je Nadal gotov nakon poraza od \u0110okovi\u0107a. Ovo je nevjerojatno\" - RADIO LJUBU\u0160KI","robots":{"index":"index","follow":"follow","max-snippet":"max-snippet:-1","max-image-preview":"max-image-preview:large","max-video-preview":"max-video-preview:-1"},"canonical":"https:\/\/radioljubuski.ba\/index.php\/2022\/02\/01\/mats-wilander-mislio-sam-da-je-nadal-gotov-nakon-poraza-od-dokovica-ovo-je-nevjerojatno\/","og_locale":"hr_HR","og_type":"article","og_title":"Mats Wilander: \"Mislio sam da je Nadal gotov nakon poraza od \u0110okovi\u0107a. Ovo je nevjerojatno\" - RADIO LJUBU\u0160KI","og_description":"Legendarni biv\u0161i \u0161vedski tenisa\u010d Mats Wilander priznao je kako je mislio da Rafael Nadal vi\u0161e ne\u0107e osvojiti nijednu Grand Slam titulu nakon poraza od Novaka \u0110okovi\u0107a na Roland Garrosu 2021. godine. Srpski je tenisa\u010d tada slavio sa 3:6, 6:3, 7:6 (4), 6:2 u polufinalu, a kasnije je stigao i do titule slavljem protiv Grka Stefanosa [&hellip;]","og_url":"https:\/\/radioljubuski.ba\/index.php\/2022\/02\/01\/mats-wilander-mislio-sam-da-je-nadal-gotov-nakon-poraza-od-dokovica-ovo-je-nevjerojatno\/","og_site_name":"RADIO LJUBU\u0160KI","article_publisher":"https:\/\/www.facebook.com\/Radiio-Ljubuski-1490835324566332","article_published_time":"2022-02-01T12:52:29+00:00","og_image":[{"width":1920,"height":1280,"url":"https:\/\/radioljubuski.ba\/wp-content\/uploads\/2022\/01\/nadalao.jpg","type":"image\/jpeg"}],"author":"Radio Ljubu\u0161ki","twitter_card":"summary_large_image","twitter_creator":"@radioljubuski","twitter_site":"@radioljubuski","twitter_misc":{"Napisao\/la":"Radio Ljubu\u0161ki","Procijenjeno vrijeme \u010ditanja":"1 minuta"},"schema":{"@context":"https:\/\/schema.org","@graph":[{"@type":"Article","@id":"https:\/\/radioljubuski.ba\/index.php\/2022\/02\/01\/mats-wilander-mislio-sam-da-je-nadal-gotov-nakon-poraza-od-dokovica-ovo-je-nevjerojatno\/#article","isPartOf":{"@id":"https:\/\/radioljubuski.ba\/index.php\/2022\/02\/01\/mats-wilander-mislio-sam-da-je-nadal-gotov-nakon-poraza-od-dokovica-ovo-je-nevjerojatno\/"},"author":{"name":"Radio Ljubu\u0161ki","@id":"https:\/\/radioljubuski.ba\/#\/schema\/person\/19fc700381a780f69665d7956c469e3b"},"headline":"Mats Wilander: &#8220;Mislio sam da je Nadal gotov nakon poraza od \u0110okovi\u0107a. Ovo je nevjerojatno&#8221;","datePublished":"2022-02-01T12:52:29+00:00","mainEntityOfPage":{"@id":"https:\/\/radioljubuski.ba\/index.php\/2022\/02\/01\/mats-wilander-mislio-sam-da-je-nadal-gotov-nakon-poraza-od-dokovica-ovo-je-nevjerojatno\/"},"wordCount":222,"publisher":{"@id":"https:\/\/radioljubuski.ba\/#organization"},"image":{"@id":"https:\/\/radioljubuski.ba\/index.php\/2022\/02\/01\/mats-wilander-mislio-sam-da-je-nadal-gotov-nakon-poraza-od-dokovica-ovo-je-nevjerojatno\/#primaryimage"},"thumbnailUrl":"https:\/\/radioljubuski.ba\/wp-content\/uploads\/2022\/01\/nadalao.jpg","articleSection":["\u0160port"],"inLanguage":"hr"},{"@type":"WebPage","@id":"https:\/\/radioljubuski.ba\/index.php\/2022\/02\/01\/mats-wilander-mislio-sam-da-je-nadal-gotov-nakon-poraza-od-dokovica-ovo-je-nevjerojatno\/","url":"https:\/\/radioljubuski.ba\/index.php\/2022\/02\/01\/mats-wilander-mislio-sam-da-je-nadal-gotov-nakon-poraza-od-dokovica-ovo-je-nevjerojatno\/","name":"Mats Wilander: \"Mislio sam da je Nadal gotov nakon poraza od \u0110okovi\u0107a. Ovo je nevjerojatno\" - RADIO LJUBU\u0160KI","isPartOf":{"@id":"https:\/\/radioljubuski.ba\/#website"},"primaryImageOfPage":{"@id":"https:\/\/radioljubuski.ba\/index.php\/2022\/02\/01\/mats-wilander-mislio-sam-da-je-nadal-gotov-nakon-poraza-od-dokovica-ovo-je-nevjerojatno\/#primaryimage"},"image":{"@id":"https:\/\/radioljubuski.ba\/index.php\/2022\/02\/01\/mats-wilander-mislio-sam-da-je-nadal-gotov-nakon-poraza-od-dokovica-ovo-je-nevjerojatno\/#primaryimage"},"thumbnailUrl":"https:\/\/radioljubuski.ba\/wp-content\/uploads\/2022\/01\/nadalao.jpg","datePublished":"2022-02-01T12:52:29+00:00","breadcrumb":{"@id":"https:\/\/radioljubuski.ba\/index.php\/2022\/02\/01\/mats-wilander-mislio-sam-da-je-nadal-gotov-nakon-poraza-od-dokovica-ovo-je-nevjerojatno\/#breadcrumb"},"inLanguage":"hr","potentialAction":[{"@type":"ReadAction","target":["https:\/\/radioljubuski.ba\/index.php\/2022\/02\/01\/mats-wilander-mislio-sam-da-je-nadal-gotov-nakon-poraza-od-dokovica-ovo-je-nevjerojatno\/"]}]},{"@type":"ImageObject","inLanguage":"hr","@id":"https:\/\/radioljubuski.ba\/index.php\/2022\/02\/01\/mats-wilander-mislio-sam-da-je-nadal-gotov-nakon-poraza-od-dokovica-ovo-je-nevjerojatno\/#primaryimage","url":"https:\/\/radioljubuski.ba\/wp-content\/uploads\/2022\/01\/nadalao.jpg","contentUrl":"https:\/\/radioljubuski.ba\/wp-content\/uploads\/2022\/01\/nadalao.jpg","width":1920,"height":1280},{"@type":"BreadcrumbList","@id":"https:\/\/radioljubuski.ba\/index.php\/2022\/02\/01\/mats-wilander-mislio-sam-da-je-nadal-gotov-nakon-poraza-od-dokovica-ovo-je-nevjerojatno\/#breadcrumb","itemListElement":[{"@type":"ListItem","position":1,"name":"Po\u010detna stranica","item":"https:\/\/radioljubuski.ba\/"},{"@type":"ListItem","position":2,"name":"Mats Wilander: &#8220;Mislio sam da je Nadal gotov nakon poraza od \u0110okovi\u0107a. Ovo je nevjerojatno&#8221;"}]},{"@type":"WebSite","@id":"https:\/\/radioljubuski.ba\/#website","url":"https:\/\/radioljubuski.ba\/","name":"Radio Ljubu\u0161ki","description":"Sun\u010dana frekvencija Hercegovine","publisher":{"@id":"https:\/\/radioljubuski.ba\/#organization"},"potentialAction":[{"@type":"SearchAction","target":{"@type":"EntryPoint","urlTemplate":"https:\/\/radioljubuski.ba\/?s={search_term_string}"},"query-input":{"@type":"PropertyValueSpecification","valueRequired":true,"valueName":"search_term_string"}}],"inLanguage":"hr"},{"@type":"Organization","@id":"https:\/\/radioljubuski.ba\/#organization","name":"Radio Ljubu\u0161ki","url":"https:\/\/radioljubuski.ba\/","logo":{"@type":"ImageObject","inLanguage":"hr","@id":"https:\/\/radioljubuski.ba\/#\/schema\/logo\/image\/","url":"https:\/\/radioljubuski.ba\/wp-content\/uploads\/2021\/02\/cropped-Radio_Ljubuski_logo1.jpg","contentUrl":"https:\/\/radioljubuski.ba\/wp-content\/uploads\/2021\/02\/cropped-Radio_Ljubuski_logo1.jpg","width":512,"height":512,"caption":"Radio Ljubu\u0161ki"},"image":{"@id":"https:\/\/radioljubuski.ba\/#\/schema\/logo\/image\/"},"sameAs":["https:\/\/www.facebook.com\/Radiio-Ljubuski-1490835324566332","https:\/\/x.com\/radioljubuski","https:\/\/hr.linkedin.com\/company\/radio-ljubuski","https:\/\/www.youtube.com\/channel\/UCHYaeO_n0Db3tjNGudGpXyw"]},{"@type":"Person","@id":"https:\/\/radioljubuski.ba\/#\/schema\/person\/19fc700381a780f69665d7956c469e3b","name":"Radio Ljubu\u0161ki"}]}},"_links":{"self":[{"href":"https:\/\/radioljubuski.ba\/index.php\/wp-json\/wp\/v2\/posts\/110999","targetHints":{"allow":["GET"]}}],"collection":[{"href":"https:\/\/radioljubuski.ba\/index.php\/wp-json\/wp\/v2\/posts"}],"about":[{"href":"https:\/\/radioljubuski.ba\/index.php\/wp-json\/wp\/v2\/types\/post"}],"author":[{"embeddable":true,"href":"https:\/\/radioljubuski.ba\/index.php\/wp-json\/wp\/v2\/users\/2"}],"replies":[{"embeddable":true,"href":"https:\/\/radioljubuski.ba\/index.php\/wp-json\/wp\/v2\/comments?post=110999"}],"version-history":[{"count":1,"href":"https:\/\/radioljubuski.ba\/index.php\/wp-json\/wp\/v2\/posts\/110999\/revisions"}],"predecessor-version":[{"id":111000,"href":"https:\/\/radioljubuski.ba\/index.php\/wp-json\/wp\/v2\/posts\/110999\/revisions\/111000"}],"wp:featuredmedia":[{"embeddable":true,"href":"https:\/\/radioljubuski.ba\/index.php\/wp-json\/wp\/v2\/media\/108650"}],"wp:attachment":[{"href":"https:\/\/radioljubuski.ba\/index.php\/wp-json\/wp\/v2\/media?parent=110999"}],"wp:term":[{"taxonomy":"category","embeddable":true,"href":"https:\/\/radioljubuski.ba\/index.php\/wp-json\/wp\/v2\/categories?post=110999"},{"taxonomy":"post_tag","embeddable":true,"href":"https:\/\/radioljubuski.ba\/index.php\/wp-json\/wp\/v2\/tags?post=110999"}],"curies":[{"name":"wp","href":"https:\/\/api.w.org\/{rel}","templated":true}]}}