{"id":111168,"date":"2022-02-02T11:50:57","date_gmt":"2022-02-02T10:50:57","guid":{"rendered":"https:\/\/radioljubuski.ba\/?p=111168"},"modified":"2022-02-02T11:50:58","modified_gmt":"2022-02-02T10:50:58","slug":"covid-u-sijecnju-2022-pobio-vise-amerikanaca-nego-gripa-u-tri-godine","status":"publish","type":"post","link":"https:\/\/radioljubuski.ba\/index.php\/2022\/02\/02\/covid-u-sijecnju-2022-pobio-vise-amerikanaca-nego-gripa-u-tri-godine\/","title":{"rendered":"COVID u sije\u010dnju 2022. pobio vi\u0161e Amerikanaca nego gripa u tri godine"},"content":{"rendered":"\n<p>Samo tijekom prvoga mjeseca 2022. COVID je ubio vi\u0161e Amerikanaca nego gripa u tri godine, podaci su CDC-ja (Centri za kontrolu i prevenciju bolesti).<\/p>\n\n\n\n<p>Od 1. do 30. sije\u010dnja ove godine od posljedica COVID-a umrlo je oko 55.000 Amerikanaca, \u010dime je sedmodnevni prosjek smrtnosti dosegnuo najvi\u0161u to\u010dku od pro\u0161le zime, to\u010dnije prije nego \u0161to su cjepiva bila \u0161iroko dostupna, podaci su CDC-ja.<\/p>\n\n\n\n<p>Od 2019. do 22. sije\u010dnja ove godine, gripa je odnijela preko 24.000 \u017eivota, pokazuju podaci CDC-ja.<\/p>\n\n\n\n<p>Od 2019. do 2020., od gripe je umrlo 20.000 ljudi. Nakon toga je tijekom 2020.-2021. uslijedio nagli pad, a jednako je bilo i tijekom 2021. do danas, \u0161to je sveukupno iznosilo pribli\u017eno 4000 smrtnih slu\u010dajeva.<\/p>\n\n\n\n<p>Broj umrlih od gripe za razdoblje od 2020. do 2021. nije dostupan na internetskoj stranici CDC-ja, no organizacija je u \u010dasopisu Journal of the American Medical Association objavila da se radi o 748 osoba.<\/p>\n\n\n\n<p>Premda koronavirus ponekad uspore\u0111uju s gripom, naj\u010de\u0161\u0107e u nastojanju da se umanji ozbiljnost ove bolesti, podaci neumoljivo dokazuju da je COVID smrtonosniji.<\/p>\n\n\n\n<p>Nedavno objavljene brojke CDC-ja potvr\u0111uju tu \u010dinjenicu, ali i ukazuju na to da s novom ili kako je nazivaju &#8220;bla\u017eom&#8221; varijantom koronavirusa, omikronom, COVID i dalje predstavlja ve\u0107u prijetnju javnome zdravlju od gripe.<\/p>\n\n\n\n<p>Iako se omikron smatra bla\u017eim od delte na individualnoj razini, jer je manje vjerojatno da \u0107e ubiti ili primorati na hospitalizaciju one koji se njime zaraze, osobito ako su cijepljeni, svoje djelovanje nadokna\u0111uje br\u017eim i \u0161irim prijenosom. A \u0161to je vi\u0161e zara\u017eenih, ve\u0107i su i izgledi da virus ubije vi\u0161e ljudi.<\/p>\n\n\n\n<p>&#8211; Omikron \u0107e nas dovesti do vi\u0161e od milijun smrtnih slu\u010dajeva, rekao je Andrew Noymer, profesor javnog zdravstva na kalifornijskom sveu\u010dili\u0161tu Irvine.<\/p>\n\n\n\n<p>&#8211; Bit \u0107e puno preispitivanja i u kona\u010dnici puno rasprava o tomu \u0161to smo mogli u\u010diniti druga\u010dije i koliko se smrtnih slu\u010dajeva moglo sprije\u010diti.<\/p>\n\n\n\n<p>Broj smrtnih slu\u010dajeva je porastao otkad se vrlo zarazna varijanta omikrona pro\u0161irila nacijom, nametnuv\u0161i se kao dominantna za samo nekoliko tjedana.<\/p>\n\n\n\n<p>\u010cini se da je zaraza omikronom dosegnula vrhunac nakon \u0161to je proku\u017eila odre\u0111eni sloj populacije, nakon \u010dega obi\u010dno slijedi nagli pad, izvje\u0161\u0107uje McClatchy News.<\/p>\n\n\n\n<p>Stru\u010dnjaci ukazuju na to da bi omikron mogao biti &#8220;prekretnica&#8221; u pandemiji, odnosno pomak prema ne\u010demu \u010dime je lak\u0161e upravljati.<\/p>\n\n\n\n<p>U SAD-u i u zemljama diljem svijeta, poput primjerice Japana, neki \u010delnici se nadaju da bi omikron mogao biti varijanta koronavirusa koja \u0107e se lije\u010diti poput gripe, pi\u0161u mediji.<\/p>\n\n\n\n<p>A ako postane poput gripe, mo\u017eda je vrijeme da se vratimo u \u017eivot kakav smo poznavali prije pandemije koronavirusa. Ili \u0107e nam to biti signal da se ograni\u010denja mogu ubla\u017eiti.<\/p>\n\n\n\n<p>No stru\u010dnjaci upozoravaju da je prerano proglasiti pobjedu nad COVID-om.<\/p>\n\n\n\n<p>Novi se slu\u010dajevi zaraze u Sjedinjenim Dr\u017eavama smanjuju &#8220;gotovo jednako brzo kako su se pojavili&#8221;, no broj smrtnih ishoda i dalje je vrlo visok, upozorila je direktorica CDC-ja Rochelle Walensky u intervjuu Katie Couric, istaknuv\u0161i i da u slu\u010daju omikrona &#8220;bla\u017ee ne zna\u010di blago&#8221;.<\/p>\n\n\n\n<p>Istodobno je malo vjerojatno da \u0107e omikron zauvijek ostati dominantna varijanta COVID-a, rekla je za BBC Maria Van Kerkhove, epidemiologinja Svjetske zdravstvene organizacije.<\/p>\n\n\n\n<p>&#8211; Ovaj se virus jo\u0161 uvijek razvija, jo\u0161 uvijek se mijenja&#8230;. i ne\u0107e sve zavr\u0161iti ovim najnovijim valom koji je obilje\u017eio omikron niti \u0107e to biti posljednja varijanta o kojoj, na\u017ealost, raspravljamo, rekla je Van Kerkhove.<\/p>\n\n\n\n<p>Izvor:pogled.ba<\/p>\n","protected":false},"excerpt":{"rendered":"<p>Samo tijekom prvoga mjeseca 2022. COVID je ubio vi\u0161e Amerikanaca nego gripa u tri godine, podaci su CDC-ja (Centri za kontrolu i prevenciju bolesti). Od 1. do 30. sije\u010dnja ove godine od posljedica COVID-a umrlo je oko 55.000 Amerikanaca, \u010dime je sedmodnevni prosjek smrtnosti dosegnuo najvi\u0161u to\u010dku od pro\u0161le zime, to\u010dnije prije nego \u0161to su [&hellip;]<\/p>\n","protected":false},"author":2,"featured_media":107451,"comment_status":"closed","ping_status":"closed","sticky":false,"template":"","format":"standard","meta":{"h5ap_radio_sources":[],"footnotes":""},"categories":[1],"tags":[],"class_list":["post-111168","post","type-post","status-publish","format-standard","has-post-thumbnail","hentry","category-bihiregija"],"yoast_head":"<!-- This site is optimized with the Yoast SEO plugin v27.5 - https:\/\/yoast.com\/product\/yoast-seo-wordpress\/ -->\n<title>COVID u sije\u010dnju 2022. pobio vi\u0161e Amerikanaca nego gripa u tri godine - RADIO LJUBU\u0160KI<\/title>\n<meta name=\"robots\" content=\"index, follow, max-snippet:-1, max-image-preview:large, max-video-preview:-1\" \/>\n<link rel=\"canonical\" href=\"https:\/\/radioljubuski.ba\/index.php\/2022\/02\/02\/covid-u-sijecnju-2022-pobio-vise-amerikanaca-nego-gripa-u-tri-godine\/\" \/>\n<meta property=\"og:locale\" content=\"hr_HR\" \/>\n<meta property=\"og:type\" content=\"article\" \/>\n<meta property=\"og:title\" content=\"COVID u sije\u010dnju 2022. pobio vi\u0161e Amerikanaca nego gripa u tri godine - RADIO LJUBU\u0160KI\" \/>\n<meta property=\"og:description\" content=\"Samo tijekom prvoga mjeseca 2022. COVID je ubio vi\u0161e Amerikanaca nego gripa u tri godine, podaci su CDC-ja (Centri za kontrolu i prevenciju bolesti). Od 1. do 30. sije\u010dnja ove godine od posljedica COVID-a umrlo je oko 55.000 Amerikanaca, \u010dime je sedmodnevni prosjek smrtnosti dosegnuo najvi\u0161u to\u010dku od pro\u0161le zime, to\u010dnije prije nego \u0161to su [&hellip;]\" \/>\n<meta property=\"og:url\" content=\"https:\/\/radioljubuski.ba\/index.php\/2022\/02\/02\/covid-u-sijecnju-2022-pobio-vise-amerikanaca-nego-gripa-u-tri-godine\/\" \/>\n<meta property=\"og:site_name\" content=\"RADIO LJUBU\u0160KI\" \/>\n<meta property=\"article:publisher\" content=\"https:\/\/www.facebook.com\/Radiio-Ljubuski-1490835324566332\" \/>\n<meta property=\"article:published_time\" content=\"2022-02-02T10:50:57+00:00\" \/>\n<meta property=\"article:modified_time\" content=\"2022-02-02T10:50:58+00:00\" \/>\n<meta property=\"og:image\" content=\"https:\/\/radioljubuski.ba\/wp-content\/uploads\/2022\/01\/2-2022-01-15-09-23-29-korona.jpg\" \/>\n\t<meta property=\"og:image:width\" content=\"1000\" \/>\n\t<meta property=\"og:image:height\" content=\"625\" \/>\n\t<meta property=\"og:image:type\" content=\"image\/jpeg\" \/>\n<meta name=\"author\" content=\"Radio Ljubu\u0161ki\" \/>\n<meta name=\"twitter:card\" content=\"summary_large_image\" \/>\n<meta name=\"twitter:creator\" content=\"@radioljubuski\" \/>\n<meta name=\"twitter:site\" content=\"@radioljubuski\" \/>\n<meta name=\"twitter:label1\" content=\"Napisao\/la\" \/>\n\t<meta name=\"twitter:data1\" content=\"Radio Ljubu\u0161ki\" \/>\n\t<meta name=\"twitter:label2\" content=\"Procijenjeno vrijeme \u010ditanja\" \/>\n\t<meta name=\"twitter:data2\" content=\"3 minute\" \/>\n<script type=\"application\/ld+json\" class=\"yoast-schema-graph\">{\"@context\":\"https:\\\/\\\/schema.org\",\"@graph\":[{\"@type\":\"Article\",\"@id\":\"https:\\\/\\\/radioljubuski.ba\\\/index.php\\\/2022\\\/02\\\/02\\\/covid-u-sijecnju-2022-pobio-vise-amerikanaca-nego-gripa-u-tri-godine\\\/#article\",\"isPartOf\":{\"@id\":\"https:\\\/\\\/radioljubuski.ba\\\/index.php\\\/2022\\\/02\\\/02\\\/covid-u-sijecnju-2022-pobio-vise-amerikanaca-nego-gripa-u-tri-godine\\\/\"},\"author\":{\"name\":\"Radio Ljubu\u0161ki\",\"@id\":\"https:\\\/\\\/radioljubuski.ba\\\/#\\\/schema\\\/person\\\/19fc700381a780f69665d7956c469e3b\"},\"headline\":\"COVID u sije\u010dnju 2022. pobio vi\u0161e Amerikanaca nego gripa u tri godine\",\"datePublished\":\"2022-02-02T10:50:57+00:00\",\"dateModified\":\"2022-02-02T10:50:58+00:00\",\"mainEntityOfPage\":{\"@id\":\"https:\\\/\\\/radioljubuski.ba\\\/index.php\\\/2022\\\/02\\\/02\\\/covid-u-sijecnju-2022-pobio-vise-amerikanaca-nego-gripa-u-tri-godine\\\/\"},\"wordCount\":594,\"publisher\":{\"@id\":\"https:\\\/\\\/radioljubuski.ba\\\/#organization\"},\"image\":{\"@id\":\"https:\\\/\\\/radioljubuski.ba\\\/index.php\\\/2022\\\/02\\\/02\\\/covid-u-sijecnju-2022-pobio-vise-amerikanaca-nego-gripa-u-tri-godine\\\/#primaryimage\"},\"thumbnailUrl\":\"https:\\\/\\\/radioljubuski.ba\\\/wp-content\\\/uploads\\\/2022\\\/01\\\/2-2022-01-15-09-23-29-korona.jpg\",\"articleSection\":[\"BIH i regija\"],\"inLanguage\":\"hr\"},{\"@type\":\"WebPage\",\"@id\":\"https:\\\/\\\/radioljubuski.ba\\\/index.php\\\/2022\\\/02\\\/02\\\/covid-u-sijecnju-2022-pobio-vise-amerikanaca-nego-gripa-u-tri-godine\\\/\",\"url\":\"https:\\\/\\\/radioljubuski.ba\\\/index.php\\\/2022\\\/02\\\/02\\\/covid-u-sijecnju-2022-pobio-vise-amerikanaca-nego-gripa-u-tri-godine\\\/\",\"name\":\"COVID u sije\u010dnju 2022. pobio vi\u0161e Amerikanaca nego gripa u tri godine - RADIO LJUBU\u0160KI\",\"isPartOf\":{\"@id\":\"https:\\\/\\\/radioljubuski.ba\\\/#website\"},\"primaryImageOfPage\":{\"@id\":\"https:\\\/\\\/radioljubuski.ba\\\/index.php\\\/2022\\\/02\\\/02\\\/covid-u-sijecnju-2022-pobio-vise-amerikanaca-nego-gripa-u-tri-godine\\\/#primaryimage\"},\"image\":{\"@id\":\"https:\\\/\\\/radioljubuski.ba\\\/index.php\\\/2022\\\/02\\\/02\\\/covid-u-sijecnju-2022-pobio-vise-amerikanaca-nego-gripa-u-tri-godine\\\/#primaryimage\"},\"thumbnailUrl\":\"https:\\\/\\\/radioljubuski.ba\\\/wp-content\\\/uploads\\\/2022\\\/01\\\/2-2022-01-15-09-23-29-korona.jpg\",\"datePublished\":\"2022-02-02T10:50:57+00:00\",\"dateModified\":\"2022-02-02T10:50:58+00:00\",\"breadcrumb\":{\"@id\":\"https:\\\/\\\/radioljubuski.ba\\\/index.php\\\/2022\\\/02\\\/02\\\/covid-u-sijecnju-2022-pobio-vise-amerikanaca-nego-gripa-u-tri-godine\\\/#breadcrumb\"},\"inLanguage\":\"hr\",\"potentialAction\":[{\"@type\":\"ReadAction\",\"target\":[\"https:\\\/\\\/radioljubuski.ba\\\/index.php\\\/2022\\\/02\\\/02\\\/covid-u-sijecnju-2022-pobio-vise-amerikanaca-nego-gripa-u-tri-godine\\\/\"]}]},{\"@type\":\"ImageObject\",\"inLanguage\":\"hr\",\"@id\":\"https:\\\/\\\/radioljubuski.ba\\\/index.php\\\/2022\\\/02\\\/02\\\/covid-u-sijecnju-2022-pobio-vise-amerikanaca-nego-gripa-u-tri-godine\\\/#primaryimage\",\"url\":\"https:\\\/\\\/radioljubuski.ba\\\/wp-content\\\/uploads\\\/2022\\\/01\\\/2-2022-01-15-09-23-29-korona.jpg\",\"contentUrl\":\"https:\\\/\\\/radioljubuski.ba\\\/wp-content\\\/uploads\\\/2022\\\/01\\\/2-2022-01-15-09-23-29-korona.jpg\",\"width\":1000,\"height\":625},{\"@type\":\"BreadcrumbList\",\"@id\":\"https:\\\/\\\/radioljubuski.ba\\\/index.php\\\/2022\\\/02\\\/02\\\/covid-u-sijecnju-2022-pobio-vise-amerikanaca-nego-gripa-u-tri-godine\\\/#breadcrumb\",\"itemListElement\":[{\"@type\":\"ListItem\",\"position\":1,\"name\":\"Po\u010detna stranica\",\"item\":\"https:\\\/\\\/radioljubuski.ba\\\/\"},{\"@type\":\"ListItem\",\"position\":2,\"name\":\"COVID u sije\u010dnju 2022. pobio vi\u0161e Amerikanaca nego gripa u tri godine\"}]},{\"@type\":\"WebSite\",\"@id\":\"https:\\\/\\\/radioljubuski.ba\\\/#website\",\"url\":\"https:\\\/\\\/radioljubuski.ba\\\/\",\"name\":\"Radio Ljubu\u0161ki\",\"description\":\"Sun\u010dana frekvencija Hercegovine\",\"publisher\":{\"@id\":\"https:\\\/\\\/radioljubuski.ba\\\/#organization\"},\"potentialAction\":[{\"@type\":\"SearchAction\",\"target\":{\"@type\":\"EntryPoint\",\"urlTemplate\":\"https:\\\/\\\/radioljubuski.ba\\\/?s={search_term_string}\"},\"query-input\":{\"@type\":\"PropertyValueSpecification\",\"valueRequired\":true,\"valueName\":\"search_term_string\"}}],\"inLanguage\":\"hr\"},{\"@type\":\"Organization\",\"@id\":\"https:\\\/\\\/radioljubuski.ba\\\/#organization\",\"name\":\"Radio Ljubu\u0161ki\",\"url\":\"https:\\\/\\\/radioljubuski.ba\\\/\",\"logo\":{\"@type\":\"ImageObject\",\"inLanguage\":\"hr\",\"@id\":\"https:\\\/\\\/radioljubuski.ba\\\/#\\\/schema\\\/logo\\\/image\\\/\",\"url\":\"https:\\\/\\\/radioljubuski.ba\\\/wp-content\\\/uploads\\\/2021\\\/02\\\/cropped-Radio_Ljubuski_logo1.jpg\",\"contentUrl\":\"https:\\\/\\\/radioljubuski.ba\\\/wp-content\\\/uploads\\\/2021\\\/02\\\/cropped-Radio_Ljubuski_logo1.jpg\",\"width\":512,\"height\":512,\"caption\":\"Radio Ljubu\u0161ki\"},\"image\":{\"@id\":\"https:\\\/\\\/radioljubuski.ba\\\/#\\\/schema\\\/logo\\\/image\\\/\"},\"sameAs\":[\"https:\\\/\\\/www.facebook.com\\\/Radiio-Ljubuski-1490835324566332\",\"https:\\\/\\\/x.com\\\/radioljubuski\",\"https:\\\/\\\/hr.linkedin.com\\\/company\\\/radio-ljubuski\",\"https:\\\/\\\/www.youtube.com\\\/channel\\\/UCHYaeO_n0Db3tjNGudGpXyw\"]},{\"@type\":\"Person\",\"@id\":\"https:\\\/\\\/radioljubuski.ba\\\/#\\\/schema\\\/person\\\/19fc700381a780f69665d7956c469e3b\",\"name\":\"Radio Ljubu\u0161ki\"}]}<\/script>\n<!-- \/ Yoast SEO plugin. -->","yoast_head_json":{"title":"COVID u sije\u010dnju 2022. pobio vi\u0161e Amerikanaca nego gripa u tri godine - RADIO LJUBU\u0160KI","robots":{"index":"index","follow":"follow","max-snippet":"max-snippet:-1","max-image-preview":"max-image-preview:large","max-video-preview":"max-video-preview:-1"},"canonical":"https:\/\/radioljubuski.ba\/index.php\/2022\/02\/02\/covid-u-sijecnju-2022-pobio-vise-amerikanaca-nego-gripa-u-tri-godine\/","og_locale":"hr_HR","og_type":"article","og_title":"COVID u sije\u010dnju 2022. pobio vi\u0161e Amerikanaca nego gripa u tri godine - RADIO LJUBU\u0160KI","og_description":"Samo tijekom prvoga mjeseca 2022. COVID je ubio vi\u0161e Amerikanaca nego gripa u tri godine, podaci su CDC-ja (Centri za kontrolu i prevenciju bolesti). Od 1. do 30. sije\u010dnja ove godine od posljedica COVID-a umrlo je oko 55.000 Amerikanaca, \u010dime je sedmodnevni prosjek smrtnosti dosegnuo najvi\u0161u to\u010dku od pro\u0161le zime, to\u010dnije prije nego \u0161to su [&hellip;]","og_url":"https:\/\/radioljubuski.ba\/index.php\/2022\/02\/02\/covid-u-sijecnju-2022-pobio-vise-amerikanaca-nego-gripa-u-tri-godine\/","og_site_name":"RADIO LJUBU\u0160KI","article_publisher":"https:\/\/www.facebook.com\/Radiio-Ljubuski-1490835324566332","article_published_time":"2022-02-02T10:50:57+00:00","article_modified_time":"2022-02-02T10:50:58+00:00","og_image":[{"width":1000,"height":625,"url":"https:\/\/radioljubuski.ba\/wp-content\/uploads\/2022\/01\/2-2022-01-15-09-23-29-korona.jpg","type":"image\/jpeg"}],"author":"Radio Ljubu\u0161ki","twitter_card":"summary_large_image","twitter_creator":"@radioljubuski","twitter_site":"@radioljubuski","twitter_misc":{"Napisao\/la":"Radio Ljubu\u0161ki","Procijenjeno vrijeme \u010ditanja":"3 minute"},"schema":{"@context":"https:\/\/schema.org","@graph":[{"@type":"Article","@id":"https:\/\/radioljubuski.ba\/index.php\/2022\/02\/02\/covid-u-sijecnju-2022-pobio-vise-amerikanaca-nego-gripa-u-tri-godine\/#article","isPartOf":{"@id":"https:\/\/radioljubuski.ba\/index.php\/2022\/02\/02\/covid-u-sijecnju-2022-pobio-vise-amerikanaca-nego-gripa-u-tri-godine\/"},"author":{"name":"Radio Ljubu\u0161ki","@id":"https:\/\/radioljubuski.ba\/#\/schema\/person\/19fc700381a780f69665d7956c469e3b"},"headline":"COVID u sije\u010dnju 2022. pobio vi\u0161e Amerikanaca nego gripa u tri godine","datePublished":"2022-02-02T10:50:57+00:00","dateModified":"2022-02-02T10:50:58+00:00","mainEntityOfPage":{"@id":"https:\/\/radioljubuski.ba\/index.php\/2022\/02\/02\/covid-u-sijecnju-2022-pobio-vise-amerikanaca-nego-gripa-u-tri-godine\/"},"wordCount":594,"publisher":{"@id":"https:\/\/radioljubuski.ba\/#organization"},"image":{"@id":"https:\/\/radioljubuski.ba\/index.php\/2022\/02\/02\/covid-u-sijecnju-2022-pobio-vise-amerikanaca-nego-gripa-u-tri-godine\/#primaryimage"},"thumbnailUrl":"https:\/\/radioljubuski.ba\/wp-content\/uploads\/2022\/01\/2-2022-01-15-09-23-29-korona.jpg","articleSection":["BIH i regija"],"inLanguage":"hr"},{"@type":"WebPage","@id":"https:\/\/radioljubuski.ba\/index.php\/2022\/02\/02\/covid-u-sijecnju-2022-pobio-vise-amerikanaca-nego-gripa-u-tri-godine\/","url":"https:\/\/radioljubuski.ba\/index.php\/2022\/02\/02\/covid-u-sijecnju-2022-pobio-vise-amerikanaca-nego-gripa-u-tri-godine\/","name":"COVID u sije\u010dnju 2022. pobio vi\u0161e Amerikanaca nego gripa u tri godine - RADIO LJUBU\u0160KI","isPartOf":{"@id":"https:\/\/radioljubuski.ba\/#website"},"primaryImageOfPage":{"@id":"https:\/\/radioljubuski.ba\/index.php\/2022\/02\/02\/covid-u-sijecnju-2022-pobio-vise-amerikanaca-nego-gripa-u-tri-godine\/#primaryimage"},"image":{"@id":"https:\/\/radioljubuski.ba\/index.php\/2022\/02\/02\/covid-u-sijecnju-2022-pobio-vise-amerikanaca-nego-gripa-u-tri-godine\/#primaryimage"},"thumbnailUrl":"https:\/\/radioljubuski.ba\/wp-content\/uploads\/2022\/01\/2-2022-01-15-09-23-29-korona.jpg","datePublished":"2022-02-02T10:50:57+00:00","dateModified":"2022-02-02T10:50:58+00:00","breadcrumb":{"@id":"https:\/\/radioljubuski.ba\/index.php\/2022\/02\/02\/covid-u-sijecnju-2022-pobio-vise-amerikanaca-nego-gripa-u-tri-godine\/#breadcrumb"},"inLanguage":"hr","potentialAction":[{"@type":"ReadAction","target":["https:\/\/radioljubuski.ba\/index.php\/2022\/02\/02\/covid-u-sijecnju-2022-pobio-vise-amerikanaca-nego-gripa-u-tri-godine\/"]}]},{"@type":"ImageObject","inLanguage":"hr","@id":"https:\/\/radioljubuski.ba\/index.php\/2022\/02\/02\/covid-u-sijecnju-2022-pobio-vise-amerikanaca-nego-gripa-u-tri-godine\/#primaryimage","url":"https:\/\/radioljubuski.ba\/wp-content\/uploads\/2022\/01\/2-2022-01-15-09-23-29-korona.jpg","contentUrl":"https:\/\/radioljubuski.ba\/wp-content\/uploads\/2022\/01\/2-2022-01-15-09-23-29-korona.jpg","width":1000,"height":625},{"@type":"BreadcrumbList","@id":"https:\/\/radioljubuski.ba\/index.php\/2022\/02\/02\/covid-u-sijecnju-2022-pobio-vise-amerikanaca-nego-gripa-u-tri-godine\/#breadcrumb","itemListElement":[{"@type":"ListItem","position":1,"name":"Po\u010detna stranica","item":"https:\/\/radioljubuski.ba\/"},{"@type":"ListItem","position":2,"name":"COVID u sije\u010dnju 2022. pobio vi\u0161e Amerikanaca nego gripa u tri godine"}]},{"@type":"WebSite","@id":"https:\/\/radioljubuski.ba\/#website","url":"https:\/\/radioljubuski.ba\/","name":"Radio Ljubu\u0161ki","description":"Sun\u010dana frekvencija Hercegovine","publisher":{"@id":"https:\/\/radioljubuski.ba\/#organization"},"potentialAction":[{"@type":"SearchAction","target":{"@type":"EntryPoint","urlTemplate":"https:\/\/radioljubuski.ba\/?s={search_term_string}"},"query-input":{"@type":"PropertyValueSpecification","valueRequired":true,"valueName":"search_term_string"}}],"inLanguage":"hr"},{"@type":"Organization","@id":"https:\/\/radioljubuski.ba\/#organization","name":"Radio Ljubu\u0161ki","url":"https:\/\/radioljubuski.ba\/","logo":{"@type":"ImageObject","inLanguage":"hr","@id":"https:\/\/radioljubuski.ba\/#\/schema\/logo\/image\/","url":"https:\/\/radioljubuski.ba\/wp-content\/uploads\/2021\/02\/cropped-Radio_Ljubuski_logo1.jpg","contentUrl":"https:\/\/radioljubuski.ba\/wp-content\/uploads\/2021\/02\/cropped-Radio_Ljubuski_logo1.jpg","width":512,"height":512,"caption":"Radio Ljubu\u0161ki"},"image":{"@id":"https:\/\/radioljubuski.ba\/#\/schema\/logo\/image\/"},"sameAs":["https:\/\/www.facebook.com\/Radiio-Ljubuski-1490835324566332","https:\/\/x.com\/radioljubuski","https:\/\/hr.linkedin.com\/company\/radio-ljubuski","https:\/\/www.youtube.com\/channel\/UCHYaeO_n0Db3tjNGudGpXyw"]},{"@type":"Person","@id":"https:\/\/radioljubuski.ba\/#\/schema\/person\/19fc700381a780f69665d7956c469e3b","name":"Radio Ljubu\u0161ki"}]}},"_links":{"self":[{"href":"https:\/\/radioljubuski.ba\/index.php\/wp-json\/wp\/v2\/posts\/111168","targetHints":{"allow":["GET"]}}],"collection":[{"href":"https:\/\/radioljubuski.ba\/index.php\/wp-json\/wp\/v2\/posts"}],"about":[{"href":"https:\/\/radioljubuski.ba\/index.php\/wp-json\/wp\/v2\/types\/post"}],"author":[{"embeddable":true,"href":"https:\/\/radioljubuski.ba\/index.php\/wp-json\/wp\/v2\/users\/2"}],"replies":[{"embeddable":true,"href":"https:\/\/radioljubuski.ba\/index.php\/wp-json\/wp\/v2\/comments?post=111168"}],"version-history":[{"count":1,"href":"https:\/\/radioljubuski.ba\/index.php\/wp-json\/wp\/v2\/posts\/111168\/revisions"}],"predecessor-version":[{"id":111169,"href":"https:\/\/radioljubuski.ba\/index.php\/wp-json\/wp\/v2\/posts\/111168\/revisions\/111169"}],"wp:featuredmedia":[{"embeddable":true,"href":"https:\/\/radioljubuski.ba\/index.php\/wp-json\/wp\/v2\/media\/107451"}],"wp:attachment":[{"href":"https:\/\/radioljubuski.ba\/index.php\/wp-json\/wp\/v2\/media?parent=111168"}],"wp:term":[{"taxonomy":"category","embeddable":true,"href":"https:\/\/radioljubuski.ba\/index.php\/wp-json\/wp\/v2\/categories?post=111168"},{"taxonomy":"post_tag","embeddable":true,"href":"https:\/\/radioljubuski.ba\/index.php\/wp-json\/wp\/v2\/tags?post=111168"}],"curies":[{"name":"wp","href":"https:\/\/api.w.org\/{rel}","templated":true}]}}